{"id":33987,"date":"2020-12-23T11:04:13","date_gmt":"2020-12-23T10:04:13","guid":{"rendered":"https:\/\/www.esplac.cat\/?p=33987"},"modified":"2020-12-28T09:54:34","modified_gmt":"2020-12-28T08:54:34","slug":"repensem-participacio-projectes-esplac","status":"publish","type":"post","link":"https:\/\/www.esplac.cat\/es\/repensem-participacio-projectes-esplac\/","title":{"rendered":"Repensem la participaci\u00f3 en els projectes d&#8217;Esplac"},"content":{"rendered":"<h6><strong>El Grup de Treball de Pla de Participaci\u00f3 ha creat un dossier amb les dades i conclusions de l&#8217;an\u00e0lisi, realitzada durant el curs 2019-20, sobre la participaci\u00f3 a Esplac.<\/strong><\/h6>\n<p>El Grup de Treball del projecte Pla de Participaci\u00f3 d&#8217;Esplac va realitzar un seguit d&#8217;accions el curs passat per tant d&#8217;analitzar la participaci\u00f3 per part de les monitores i monitors als projectes d&#8217;Esplac.<\/p>\n<p>En base a una extensa an\u00e0lisi amb enquestes, din\u00e0miques i focus grup, el Grup de Treball ha extret les seg\u00fcents conclusions per aplicar-les aquest nou curs 2020\/21:<\/p>\n<ul>\n<li><strong><span class=\"JsGRdQ\">No perdre \u201ccapital hum\u00e0\u201d<\/span><\/strong><span class=\"JsGRdQ\">: oferir l\u2019oportunitat a les monitores que ja no estan en actiu a l\u2019esplai a seguir militant a Esplac i tirar endavant projectes i\/o accions motivadores.<\/span><\/li>\n<li><strong><span class=\"JsGRdQ\">Refor\u00e7ar l\u2019EGS<\/span><\/strong><span class=\"JsGRdQ\">: la seva figura \u00e9s molt important, cal es compleixi l&#8217;itinerari formatiu i que estigui ben definit el seu rol. D\u2019aquesta manera les dirigents esdevenen referents s\u00f2lides que practiquen i fomenten la participaci\u00f3 a Esplac.<\/span><\/li>\n<li><strong><span class=\"JsGRdQ\">Delegar per poder decidir<\/span><\/strong><span class=\"JsGRdQ\">: assumir que no es pot participar en tots els processos i donar legitimitat a les comissions, grups o espais per tirar endavant projectes o decisions concretes.<\/span><\/li>\n<li><span class=\"JsGRdQ\"><strong>Acompanyament<\/strong> a les monitores que venen a les reunions de sector<\/span><\/li>\n<li><strong><span class=\"JsGRdQ\">Comunicaci\u00f3 entre projectes a nivell de la ST<\/span><\/strong><span class=\"JsGRdQ\">: compartir m\u00e9s la informaci\u00f3 de qu\u00e8 estem fent, per detectar coses que es repeteixen<\/span><\/li>\n<li><strong><span class=\"JsGRdQ\">Planificar millor la <\/span><span class=\"JsGRdQ\">visi\u00f3 global<\/span><\/strong><span class=\"JsGRdQ\"><strong> de les accions<\/strong>: con\u00e8ixer el que s\u2019est\u00e0 fent d&#8217;altres sectors o grups de treball permet sumar esfor\u00e7os i detectar possibles oportunitats.<\/span><\/li>\n<li><span class=\"JsGRdQ\"><strong>Facilitar l&#8217;execuci\u00f3 d&#8217;<\/strong><\/span><strong><span class=\"JsGRdQ\">accions o tasques concretes<\/span><\/strong><span class=\"JsGRdQ\"><strong>,<\/strong> realitzables en un per\u00edode relativament curt que permeti veure que all\u00f2 que s&#8217;est\u00e0 fent t\u00e9 un resultat; ex. preparaci\u00f3 d&#8217;unes jornades o un recurs. No passa res si les monitores no s&#8217;impliquen en tot el proc\u00e9s de creaci\u00f3 del projecte. Comptar amb \u00ab<\/span><span class=\"JsGRdQ\">col\u00b7laboracions puntuals<\/span><span class=\"JsGRdQ\">\u00ab.<\/span><\/li>\n<li><strong><span class=\"JsGRdQ\">Explorar la <\/span><span class=\"JsGRdQ\">virtualitat <\/span><\/strong><span class=\"JsGRdQ\">com a oportunitat per tal de superar les dist\u00e0ncies f\u00edsiques i facilitar la conciliaci\u00f3 d&#8217;horaris.<\/span><\/li>\n<\/ul>\n<p>En base a aquests resultats, el Grup de Treball t\u00e9 com a objectiu aquest curs redactar el pla de participaci\u00f3, no \u00fanicament plasmant els resultats de l&#8217;an\u00e0lisi sin\u00f3 tamb\u00e9 <strong>repensant la participaci\u00f3 en els projectes de l&#8217;associaci\u00f3 perqu\u00e8 tothom hi tingui veu.<\/strong> I, a m\u00e9s a m\u00e9s, fer recursos sobre el relleu d&#8217;Esplac a noves monis i dirigents.<\/p>\n<p>Per acabar, pots veure el dossier que cont\u00e9 l&#8217;an\u00e0lisi amb gr\u00e0fiques i les conclusions al seg\u00fcent bot\u00f3:<\/p>\n<div class=\"fusion-button-wrapper\"><a class=\"fusion-button button-flat fusion-button-default-size button-default fusion-button-default button-1 fusion-button-default-span fusion-button-default-type\" target=\"_self\" href=\"https:\/\/www.esplac.cat\/wp-content\/uploads\/2020\/12\/Analisi-Pla-de-Participacio.pdf\"><span class=\"fusion-button-text\">Dossier \u00abAn\u00e0lisi de la participaci\u00f3 a Esplais Catalans\u00bb<\/span><\/a><\/div>\n<p>&nbsp;<\/p>\n<p>Si voleu saber m\u00e9s sobre el projecte o participar-hi, no dubteu en <strong>escriure un correu a <a href=\"mailto:maresme@esplac.cat\" target=\"_blank\" rel=\"noopener noreferrer\">maresme@esplac.cat<\/a>.<\/strong><\/p>\n<p>&nbsp;<\/p>\n","protected":false},"excerpt":{"rendered":"<p>El Grup de Treball de Pla de Participaci\u00f3 ha creat [&hellip;]<\/p>\n","protected":false},"author":3,"featured_media":33993,"comment_status":"closed","ping_status":"closed","sticky":false,"template":"","format":"standard","meta":{"om_disable_all_campaigns":false,"_monsterinsights_skip_tracking":false,"_monsterinsights_sitenote_active":false,"_monsterinsights_sitenote_note":"","_monsterinsights_sitenote_category":0,"_uf_show_specific_survey":0,"_uf_disable_surveys":false,"footnotes":""},"categories":[1328],"tags":[],"class_list":["post-33987","post","type-post","status-publish","format-standard","has-post-thumbnail","hentry","category-participacio"],"yoast_head":"<!-- This site is optimized with the Yoast SEO plugin v27.4 - https:\/\/yoast.com\/product\/yoast-seo-wordpress\/ -->\n<title>Repensem la participaci\u00f3 en els projectes d&#039;Esplac - Esplac<\/title>\n<meta name=\"description\" content=\"El Grup de Treball de Pla de Participaci\u00f3 ha creat un dossier amb dades i conclusions sobre la participaci\u00f3 als projectes d&#039;Esplac.\" \/>\n<meta name=\"robots\" content=\"index, follow, max-snippet:-1, max-image-preview:large, max-video-preview:-1\" \/>\n<link rel=\"canonical\" href=\"https:\/\/www.esplac.cat\/en\/repensem-participacio-projectes-esplac\/\" \/>\n<meta property=\"og:locale\" content=\"es_ES\" \/>\n<meta property=\"og:type\" content=\"article\" \/>\n<meta property=\"og:title\" content=\"Repensem la participaci\u00f3 en els projectes d&#039;Esplac - Esplac\" \/>\n<meta property=\"og:description\" content=\"El Grup de Treball de Pla de Participaci\u00f3 ha creat un dossier amb dades i conclusions sobre la participaci\u00f3 als projectes d&#039;Esplac.\" \/>\n<meta property=\"og:url\" content=\"https:\/\/www.esplac.cat\/en\/repensem-participacio-projectes-esplac\/\" \/>\n<meta property=\"og:site_name\" content=\"Esplac\" \/>\n<meta property=\"article:published_time\" content=\"2020-12-23T10:04:13+00:00\" \/>\n<meta property=\"article:modified_time\" content=\"2020-12-28T08:54:34+00:00\" \/>\n<meta property=\"og:image\" content=\"https:\/\/www.esplac.cat\/wp-content\/uploads\/2020\/12\/portadaplaparticipacio.jpg\" \/>\n\t<meta property=\"og:image:width\" content=\"1694\" \/>\n\t<meta property=\"og:image:height\" content=\"700\" \/>\n\t<meta property=\"og:image:type\" content=\"image\/jpeg\" \/>\n<meta name=\"author\" content=\"Comunicaci\u00f3 Esplac\" \/>\n<meta name=\"twitter:card\" content=\"summary_large_image\" \/>\n<meta name=\"twitter:label1\" content=\"Escrito por\" \/>\n\t<meta name=\"twitter:data1\" content=\"Comunicaci\u00f3 Esplac\" \/>\n\t<meta name=\"twitter:label2\" content=\"Tiempo de lectura\" \/>\n\t<meta name=\"twitter:data2\" content=\"3 minutos\" \/>\n<script type=\"application\/ld+json\" class=\"yoast-schema-graph\">{\"@context\":\"https:\\\/\\\/schema.org\",\"@graph\":[{\"@type\":\"Article\",\"@id\":\"https:\\\/\\\/www.esplac.cat\\\/en\\\/repensem-participacio-projectes-esplac\\\/#article\",\"isPartOf\":{\"@id\":\"https:\\\/\\\/www.esplac.cat\\\/en\\\/repensem-participacio-projectes-esplac\\\/\"},\"author\":{\"name\":\"Comunicaci\u00f3 Esplac\",\"@id\":\"https:\\\/\\\/www.esplac.cat\\\/#\\\/schema\\\/person\\\/908383cf240be18b68f8855d0583faca\"},\"headline\":\"Repensem la participaci\u00f3 en els projectes d&#8217;Esplac\",\"datePublished\":\"2020-12-23T10:04:13+00:00\",\"dateModified\":\"2020-12-28T08:54:34+00:00\",\"mainEntityOfPage\":{\"@id\":\"https:\\\/\\\/www.esplac.cat\\\/en\\\/repensem-participacio-projectes-esplac\\\/\"},\"wordCount\":553,\"publisher\":{\"@id\":\"https:\\\/\\\/www.esplac.cat\\\/#organization\"},\"image\":{\"@id\":\"https:\\\/\\\/www.esplac.cat\\\/en\\\/repensem-participacio-projectes-esplac\\\/#primaryimage\"},\"thumbnailUrl\":\"https:\\\/\\\/www.esplac.cat\\\/wp-content\\\/uploads\\\/2020\\\/12\\\/portadaplaparticipacio.jpg\",\"articleSection\":[\"Participaci\u00f3\"],\"inLanguage\":\"es\"},{\"@type\":\"WebPage\",\"@id\":\"https:\\\/\\\/www.esplac.cat\\\/en\\\/repensem-participacio-projectes-esplac\\\/\",\"url\":\"https:\\\/\\\/www.esplac.cat\\\/en\\\/repensem-participacio-projectes-esplac\\\/\",\"name\":\"Repensem la participaci\u00f3 en els projectes d'Esplac - Esplac\",\"isPartOf\":{\"@id\":\"https:\\\/\\\/www.esplac.cat\\\/#website\"},\"primaryImageOfPage\":{\"@id\":\"https:\\\/\\\/www.esplac.cat\\\/en\\\/repensem-participacio-projectes-esplac\\\/#primaryimage\"},\"image\":{\"@id\":\"https:\\\/\\\/www.esplac.cat\\\/en\\\/repensem-participacio-projectes-esplac\\\/#primaryimage\"},\"thumbnailUrl\":\"https:\\\/\\\/www.esplac.cat\\\/wp-content\\\/uploads\\\/2020\\\/12\\\/portadaplaparticipacio.jpg\",\"datePublished\":\"2020-12-23T10:04:13+00:00\",\"dateModified\":\"2020-12-28T08:54:34+00:00\",\"description\":\"El Grup de Treball de Pla de Participaci\u00f3 ha creat un dossier amb dades i conclusions sobre la participaci\u00f3 als projectes d'Esplac.\",\"breadcrumb\":{\"@id\":\"https:\\\/\\\/www.esplac.cat\\\/en\\\/repensem-participacio-projectes-esplac\\\/#breadcrumb\"},\"inLanguage\":\"es\",\"potentialAction\":[{\"@type\":\"ReadAction\",\"target\":[\"https:\\\/\\\/www.esplac.cat\\\/en\\\/repensem-participacio-projectes-esplac\\\/\"]}]},{\"@type\":\"ImageObject\",\"inLanguage\":\"es\",\"@id\":\"https:\\\/\\\/www.esplac.cat\\\/en\\\/repensem-participacio-projectes-esplac\\\/#primaryimage\",\"url\":\"https:\\\/\\\/www.esplac.cat\\\/wp-content\\\/uploads\\\/2020\\\/12\\\/portadaplaparticipacio.jpg\",\"contentUrl\":\"https:\\\/\\\/www.esplac.cat\\\/wp-content\\\/uploads\\\/2020\\\/12\\\/portadaplaparticipacio.jpg\",\"width\":1694,\"height\":700,\"caption\":\"participaci\u00f3 projectes\"},{\"@type\":\"BreadcrumbList\",\"@id\":\"https:\\\/\\\/www.esplac.cat\\\/en\\\/repensem-participacio-projectes-esplac\\\/#breadcrumb\",\"itemListElement\":[{\"@type\":\"ListItem\",\"position\":1,\"name\":\"Inici\",\"item\":\"https:\\\/\\\/www.esplac.cat\\\/es\\\/\"},{\"@type\":\"ListItem\",\"position\":2,\"name\":\"Repensem la participaci\u00f3 en els projectes d&#8217;Esplac\"}]},{\"@type\":\"WebSite\",\"@id\":\"https:\\\/\\\/www.esplac.cat\\\/#website\",\"url\":\"https:\\\/\\\/www.esplac.cat\\\/\",\"name\":\"Esplac\",\"description\":\"Esplais Catalans\",\"publisher\":{\"@id\":\"https:\\\/\\\/www.esplac.cat\\\/#organization\"},\"potentialAction\":[{\"@type\":\"SearchAction\",\"target\":{\"@type\":\"EntryPoint\",\"urlTemplate\":\"https:\\\/\\\/www.esplac.cat\\\/?s={search_term_string}\"},\"query-input\":{\"@type\":\"PropertyValueSpecification\",\"valueRequired\":true,\"valueName\":\"search_term_string\"}}],\"inLanguage\":\"es\"},{\"@type\":\"Organization\",\"@id\":\"https:\\\/\\\/www.esplac.cat\\\/#organization\",\"name\":\"Esplac\",\"url\":\"https:\\\/\\\/www.esplac.cat\\\/\",\"logo\":{\"@type\":\"ImageObject\",\"inLanguage\":\"es\",\"@id\":\"https:\\\/\\\/www.esplac.cat\\\/#\\\/schema\\\/logo\\\/image\\\/\",\"url\":\"https:\\\/\\\/www.esplac.cat\\\/wp-content\\\/uploads\\\/2019\\\/08\\\/logox2.png\",\"contentUrl\":\"https:\\\/\\\/www.esplac.cat\\\/wp-content\\\/uploads\\\/2019\\\/08\\\/logox2.png\",\"width\":600,\"height\":295,\"caption\":\"Esplac\"},\"image\":{\"@id\":\"https:\\\/\\\/www.esplac.cat\\\/#\\\/schema\\\/logo\\\/image\\\/\"}},{\"@type\":\"Person\",\"@id\":\"https:\\\/\\\/www.esplac.cat\\\/#\\\/schema\\\/person\\\/908383cf240be18b68f8855d0583faca\",\"name\":\"Comunicaci\u00f3 Esplac\",\"image\":{\"@type\":\"ImageObject\",\"inLanguage\":\"es\",\"@id\":\"https:\\\/\\\/secure.gravatar.com\\\/avatar\\\/7a4cf8feb412a76ea4a740ca02d95b06b2907b5a6c648c2dd0a1082a093c3141?s=96&d=mm&r=g\",\"url\":\"https:\\\/\\\/secure.gravatar.com\\\/avatar\\\/7a4cf8feb412a76ea4a740ca02d95b06b2907b5a6c648c2dd0a1082a093c3141?s=96&d=mm&r=g\",\"contentUrl\":\"https:\\\/\\\/secure.gravatar.com\\\/avatar\\\/7a4cf8feb412a76ea4a740ca02d95b06b2907b5a6c648c2dd0a1082a093c3141?s=96&d=mm&r=g\",\"caption\":\"Comunicaci\u00f3 Esplac\"}}]}<\/script>\n<!-- \/ Yoast SEO plugin. -->","yoast_head_json":{"title":"Repensem la participaci\u00f3 en els projectes d'Esplac - Esplac","description":"El Grup de Treball de Pla de Participaci\u00f3 ha creat un dossier amb dades i conclusions sobre la participaci\u00f3 als projectes d'Esplac.","robots":{"index":"index","follow":"follow","max-snippet":"max-snippet:-1","max-image-preview":"max-image-preview:large","max-video-preview":"max-video-preview:-1"},"canonical":"https:\/\/www.esplac.cat\/en\/repensem-participacio-projectes-esplac\/","og_locale":"es_ES","og_type":"article","og_title":"Repensem la participaci\u00f3 en els projectes d'Esplac - Esplac","og_description":"El Grup de Treball de Pla de Participaci\u00f3 ha creat un dossier amb dades i conclusions sobre la participaci\u00f3 als projectes d'Esplac.","og_url":"https:\/\/www.esplac.cat\/en\/repensem-participacio-projectes-esplac\/","og_site_name":"Esplac","article_published_time":"2020-12-23T10:04:13+00:00","article_modified_time":"2020-12-28T08:54:34+00:00","og_image":[{"width":1694,"height":700,"url":"https:\/\/www.esplac.cat\/wp-content\/uploads\/2020\/12\/portadaplaparticipacio.jpg","type":"image\/jpeg"}],"author":"Comunicaci\u00f3 Esplac","twitter_card":"summary_large_image","twitter_misc":{"Escrito por":"Comunicaci\u00f3 Esplac","Tiempo de lectura":"3 minutos"},"schema":{"@context":"https:\/\/schema.org","@graph":[{"@type":"Article","@id":"https:\/\/www.esplac.cat\/en\/repensem-participacio-projectes-esplac\/#article","isPartOf":{"@id":"https:\/\/www.esplac.cat\/en\/repensem-participacio-projectes-esplac\/"},"author":{"name":"Comunicaci\u00f3 Esplac","@id":"https:\/\/www.esplac.cat\/#\/schema\/person\/908383cf240be18b68f8855d0583faca"},"headline":"Repensem la participaci\u00f3 en els projectes d&#8217;Esplac","datePublished":"2020-12-23T10:04:13+00:00","dateModified":"2020-12-28T08:54:34+00:00","mainEntityOfPage":{"@id":"https:\/\/www.esplac.cat\/en\/repensem-participacio-projectes-esplac\/"},"wordCount":553,"publisher":{"@id":"https:\/\/www.esplac.cat\/#organization"},"image":{"@id":"https:\/\/www.esplac.cat\/en\/repensem-participacio-projectes-esplac\/#primaryimage"},"thumbnailUrl":"https:\/\/www.esplac.cat\/wp-content\/uploads\/2020\/12\/portadaplaparticipacio.jpg","articleSection":["Participaci\u00f3"],"inLanguage":"es"},{"@type":"WebPage","@id":"https:\/\/www.esplac.cat\/en\/repensem-participacio-projectes-esplac\/","url":"https:\/\/www.esplac.cat\/en\/repensem-participacio-projectes-esplac\/","name":"Repensem la participaci\u00f3 en els projectes d'Esplac - Esplac","isPartOf":{"@id":"https:\/\/www.esplac.cat\/#website"},"primaryImageOfPage":{"@id":"https:\/\/www.esplac.cat\/en\/repensem-participacio-projectes-esplac\/#primaryimage"},"image":{"@id":"https:\/\/www.esplac.cat\/en\/repensem-participacio-projectes-esplac\/#primaryimage"},"thumbnailUrl":"https:\/\/www.esplac.cat\/wp-content\/uploads\/2020\/12\/portadaplaparticipacio.jpg","datePublished":"2020-12-23T10:04:13+00:00","dateModified":"2020-12-28T08:54:34+00:00","description":"El Grup de Treball de Pla de Participaci\u00f3 ha creat un dossier amb dades i conclusions sobre la participaci\u00f3 als projectes d'Esplac.","breadcrumb":{"@id":"https:\/\/www.esplac.cat\/en\/repensem-participacio-projectes-esplac\/#breadcrumb"},"inLanguage":"es","potentialAction":[{"@type":"ReadAction","target":["https:\/\/www.esplac.cat\/en\/repensem-participacio-projectes-esplac\/"]}]},{"@type":"ImageObject","inLanguage":"es","@id":"https:\/\/www.esplac.cat\/en\/repensem-participacio-projectes-esplac\/#primaryimage","url":"https:\/\/www.esplac.cat\/wp-content\/uploads\/2020\/12\/portadaplaparticipacio.jpg","contentUrl":"https:\/\/www.esplac.cat\/wp-content\/uploads\/2020\/12\/portadaplaparticipacio.jpg","width":1694,"height":700,"caption":"participaci\u00f3 projectes"},{"@type":"BreadcrumbList","@id":"https:\/\/www.esplac.cat\/en\/repensem-participacio-projectes-esplac\/#breadcrumb","itemListElement":[{"@type":"ListItem","position":1,"name":"Inici","item":"https:\/\/www.esplac.cat\/es\/"},{"@type":"ListItem","position":2,"name":"Repensem la participaci\u00f3 en els projectes d&#8217;Esplac"}]},{"@type":"WebSite","@id":"https:\/\/www.esplac.cat\/#website","url":"https:\/\/www.esplac.cat\/","name":"Esplac","description":"Esplais Catalans","publisher":{"@id":"https:\/\/www.esplac.cat\/#organization"},"potentialAction":[{"@type":"SearchAction","target":{"@type":"EntryPoint","urlTemplate":"https:\/\/www.esplac.cat\/?s={search_term_string}"},"query-input":{"@type":"PropertyValueSpecification","valueRequired":true,"valueName":"search_term_string"}}],"inLanguage":"es"},{"@type":"Organization","@id":"https:\/\/www.esplac.cat\/#organization","name":"Esplac","url":"https:\/\/www.esplac.cat\/","logo":{"@type":"ImageObject","inLanguage":"es","@id":"https:\/\/www.esplac.cat\/#\/schema\/logo\/image\/","url":"https:\/\/www.esplac.cat\/wp-content\/uploads\/2019\/08\/logox2.png","contentUrl":"https:\/\/www.esplac.cat\/wp-content\/uploads\/2019\/08\/logox2.png","width":600,"height":295,"caption":"Esplac"},"image":{"@id":"https:\/\/www.esplac.cat\/#\/schema\/logo\/image\/"}},{"@type":"Person","@id":"https:\/\/www.esplac.cat\/#\/schema\/person\/908383cf240be18b68f8855d0583faca","name":"Comunicaci\u00f3 Esplac","image":{"@type":"ImageObject","inLanguage":"es","@id":"https:\/\/secure.gravatar.com\/avatar\/7a4cf8feb412a76ea4a740ca02d95b06b2907b5a6c648c2dd0a1082a093c3141?s=96&d=mm&r=g","url":"https:\/\/secure.gravatar.com\/avatar\/7a4cf8feb412a76ea4a740ca02d95b06b2907b5a6c648c2dd0a1082a093c3141?s=96&d=mm&r=g","contentUrl":"https:\/\/secure.gravatar.com\/avatar\/7a4cf8feb412a76ea4a740ca02d95b06b2907b5a6c648c2dd0a1082a093c3141?s=96&d=mm&r=g","caption":"Comunicaci\u00f3 Esplac"}}]}},"_links":{"self":[{"href":"https:\/\/www.esplac.cat\/es\/wp-json\/wp\/v2\/posts\/33987","targetHints":{"allow":["GET"]}}],"collection":[{"href":"https:\/\/www.esplac.cat\/es\/wp-json\/wp\/v2\/posts"}],"about":[{"href":"https:\/\/www.esplac.cat\/es\/wp-json\/wp\/v2\/types\/post"}],"author":[{"embeddable":true,"href":"https:\/\/www.esplac.cat\/es\/wp-json\/wp\/v2\/users\/3"}],"replies":[{"embeddable":true,"href":"https:\/\/www.esplac.cat\/es\/wp-json\/wp\/v2\/comments?post=33987"}],"version-history":[{"count":0,"href":"https:\/\/www.esplac.cat\/es\/wp-json\/wp\/v2\/posts\/33987\/revisions"}],"wp:featuredmedia":[{"embeddable":true,"href":"https:\/\/www.esplac.cat\/es\/wp-json\/wp\/v2\/media\/33993"}],"wp:attachment":[{"href":"https:\/\/www.esplac.cat\/es\/wp-json\/wp\/v2\/media?parent=33987"}],"wp:term":[{"taxonomy":"category","embeddable":true,"href":"https:\/\/www.esplac.cat\/es\/wp-json\/wp\/v2\/categories?post=33987"},{"taxonomy":"post_tag","embeddable":true,"href":"https:\/\/www.esplac.cat\/es\/wp-json\/wp\/v2\/tags?post=33987"}],"curies":[{"name":"wp","href":"https:\/\/api.w.org\/{rel}","templated":true}]}}