{"id":34759,"date":"2021-02-05T10:31:33","date_gmt":"2021-02-05T09:31:33","guid":{"rendered":"https:\/\/www.esplac.cat\/?p=34759"},"modified":"2021-02-08T09:26:38","modified_gmt":"2021-02-08T08:26:38","slug":"segona-reunio-reduint-petjada","status":"publish","type":"post","link":"https:\/\/www.esplac.cat\/es\/segona-reunio-reduint-petjada\/","title":{"rendered":"Segona reuni\u00f3 de la comissi\u00f3 Reduint Petjada: ens planifiquem i definim sostenibilitat!"},"content":{"rendered":"<h6><span style=\"font-weight: 400;\">El dimecres 3 de febrer hem dut a terme la <\/span><b>segona reuni\u00f3 de la Comissi\u00f3 Reduint Petjada<\/b><span style=\"font-weight: 400;\">, on hi hem participat 8 persones que estem molt motivades redefinint la comissi\u00f3 i establint un grup de treball per aquest curs.\u00a0<\/span><\/h6>\n<p>&nbsp;<\/p>\n<p><span style=\"font-weight: 400;\">En aquesta reuni\u00f3 de la Comissi\u00f3 Reduint Petjada, hem estat definint qu\u00e8 \u00e9s per a nosaltres la sostenibilitat a trav\u00e9s del Jamboard:<\/span><\/p>\n<p><img decoding=\"async\" class=\"aligncenter wp-image-34760\" src=\"https:\/\/www.esplac.cat\/wp-content\/uploads\/2021\/02\/RP-3.2.21-2.png\" alt=\"Reuni\u00f3 RP 3.2.21\" width=\"477\" height=\"263\" srcset=\"https:\/\/www.esplac.cat\/wp-content\/uploads\/2021\/02\/RP-3.2.21-2-200x110.png 200w, https:\/\/www.esplac.cat\/wp-content\/uploads\/2021\/02\/RP-3.2.21-2-300x165.png 300w, https:\/\/www.esplac.cat\/wp-content\/uploads\/2021\/02\/RP-3.2.21-2-400x221.png 400w, https:\/\/www.esplac.cat\/wp-content\/uploads\/2021\/02\/RP-3.2.21-2-600x331.png 600w, https:\/\/www.esplac.cat\/wp-content\/uploads\/2021\/02\/RP-3.2.21-2-768x424.png 768w, https:\/\/www.esplac.cat\/wp-content\/uploads\/2021\/02\/RP-3.2.21-2-800x441.png 800w, https:\/\/www.esplac.cat\/wp-content\/uploads\/2021\/02\/RP-3.2.21-2-1024x565.png 1024w, https:\/\/www.esplac.cat\/wp-content\/uploads\/2021\/02\/RP-3.2.21-2-1200x662.png 1200w, https:\/\/www.esplac.cat\/wp-content\/uploads\/2021\/02\/RP-3.2.21-2.png 1340w\" sizes=\"(max-width: 477px) 100vw, 477px\" \/> <img decoding=\"async\" class=\"aligncenter wp-image-34763\" src=\"https:\/\/www.esplac.cat\/wp-content\/uploads\/2021\/02\/RP-3.2.21-3.png\" alt=\"Reuni\u00f3 RP 3.2.21\" width=\"434\" height=\"197\" srcset=\"https:\/\/www.esplac.cat\/wp-content\/uploads\/2021\/02\/RP-3.2.21-3-200x91.png 200w, https:\/\/www.esplac.cat\/wp-content\/uploads\/2021\/02\/RP-3.2.21-3-300x136.png 300w, https:\/\/www.esplac.cat\/wp-content\/uploads\/2021\/02\/RP-3.2.21-3-400x181.png 400w, https:\/\/www.esplac.cat\/wp-content\/uploads\/2021\/02\/RP-3.2.21-3-600x272.png 600w, https:\/\/www.esplac.cat\/wp-content\/uploads\/2021\/02\/RP-3.2.21-3-768x348.png 768w, https:\/\/www.esplac.cat\/wp-content\/uploads\/2021\/02\/RP-3.2.21-3-800x363.png 800w, https:\/\/www.esplac.cat\/wp-content\/uploads\/2021\/02\/RP-3.2.21-3-1024x464.png 1024w, https:\/\/www.esplac.cat\/wp-content\/uploads\/2021\/02\/RP-3.2.21-3-1200x544.png 1200w, https:\/\/www.esplac.cat\/wp-content\/uploads\/2021\/02\/RP-3.2.21-3.png 1328w\" sizes=\"(max-width: 434px) 100vw, 434px\" \/><\/p>\n<p><span style=\"font-weight: 400;\">Tamb\u00e9 hem estat <\/span><b>revisant i comentant les respostes que els esplais heu deixat en el Kahoot que vam fer les reunions de sector de gener <\/b><span style=\"font-weight: 400;\">i marcant les preguntes que us farem a l\u2019enquesta individual que us farem arribar la setmana vinent.\u00a0<\/span><\/p>\n<p>Com vam explicar en la<span style=\"color: #f69d0b;\"> <a style=\"color: #f69d0b;\" href=\"https:\/\/www.esplac.cat\/podem-consumir-aliments-ecologics-proximitat-esplai\/\"><strong>not\u00edcia anterior<\/strong><\/a><\/span> aquest curs 2020\/21 estem duent a terme un proc\u00e9s de redefinici\u00f3 de la Comissi\u00f3 Reduint Petjada, amb la intenci\u00f3 que <strong>les monitores sigueu les protagonistes<\/strong> i decidiu quins temes voleu debatre i desenvolupar, i d&#8217;aquesta manera crear un grup de treball fort, comprom\u00e8s i consolidat.<\/p>\n<p><span style=\"font-weight: 400;\">A m\u00e9s, esteu totes convidades a participar a la propera reuni\u00f3, que farem de forma telem\u00e0tica una tarda de la primera setmana de mar\u00e7. Afegiu les vostres disponibilitats al <\/span><a href=\"https:\/\/doodle.com\/poll\/t6vpstyfb5f74wsy?utm_source=poll&amp;utm_medium=link\"><b><span style=\"color: #f69d0b;\">doodle<\/span> <\/b><\/a><span style=\"font-weight: 400;\">i entre totes:\u00a0<strong>reduim petjada!\u00a0<\/strong><\/span><\/p>\n","protected":false},"excerpt":{"rendered":"<p>El dimecres 3 de febrer hem dut a terme la [&hellip;]<\/p>\n","protected":false},"author":3,"featured_media":34766,"comment_status":"closed","ping_status":"closed","sticky":false,"template":"","format":"standard","meta":{"om_disable_all_campaigns":false,"_monsterinsights_skip_tracking":false,"_monsterinsights_sitenote_active":false,"_monsterinsights_sitenote_note":"","_monsterinsights_sitenote_category":0,"_uf_show_specific_survey":0,"_uf_disable_surveys":false,"footnotes":""},"categories":[1161],"tags":[],"class_list":["post-34759","post","type-post","status-publish","format-standard","has-post-thumbnail","hentry","category-comissio-reduint-petjada"],"yoast_head":"<!-- This site is optimized with the Yoast SEO plugin v27.4 - https:\/\/yoast.com\/product\/yoast-seo-wordpress\/ -->\n<title>Segona reuni\u00f3 de la comissi\u00f3 Reduint Petjada: definim sostenibilitat!<\/title>\n<meta name=\"description\" content=\"La comissi\u00f3 reduint petjada va fer el passat 3 de febrer la segona reuni\u00f3 del curs on es van planificar per encarar l&#039;any amb energia!\" \/>\n<meta name=\"robots\" content=\"index, follow, max-snippet:-1, max-image-preview:large, max-video-preview:-1\" \/>\n<link rel=\"canonical\" href=\"https:\/\/www.esplac.cat\/en\/segona-reunio-reduint-petjada\/\" \/>\n<meta property=\"og:locale\" content=\"es_ES\" \/>\n<meta property=\"og:type\" content=\"article\" \/>\n<meta property=\"og:title\" content=\"Segona reuni\u00f3 de la comissi\u00f3 Reduint Petjada: definim sostenibilitat!\" \/>\n<meta property=\"og:description\" content=\"La comissi\u00f3 reduint petjada va fer el passat 3 de febrer la segona reuni\u00f3 del curs on es van planificar per encarar l&#039;any amb energia!\" \/>\n<meta property=\"og:url\" content=\"https:\/\/www.esplac.cat\/en\/segona-reunio-reduint-petjada\/\" \/>\n<meta property=\"og:site_name\" content=\"Esplac\" \/>\n<meta property=\"article:published_time\" content=\"2021-02-05T09:31:33+00:00\" \/>\n<meta property=\"article:modified_time\" content=\"2021-02-08T08:26:38+00:00\" \/>\n<meta property=\"og:image\" content=\"https:\/\/www.esplac.cat\/wp-content\/uploads\/2021\/02\/Segona-reunio-reduint-petjda-3.2.21-2.jpg\" \/>\n\t<meta property=\"og:image:width\" content=\"1920\" \/>\n\t<meta property=\"og:image:height\" content=\"1080\" \/>\n\t<meta property=\"og:image:type\" content=\"image\/jpeg\" \/>\n<meta name=\"author\" content=\"Comunicaci\u00f3 Esplac\" \/>\n<meta name=\"twitter:card\" content=\"summary_large_image\" \/>\n<meta name=\"twitter:label1\" content=\"Escrito por\" \/>\n\t<meta name=\"twitter:data1\" content=\"Comunicaci\u00f3 Esplac\" \/>\n\t<meta name=\"twitter:label2\" content=\"Tiempo de lectura\" \/>\n\t<meta name=\"twitter:data2\" content=\"1 minuto\" \/>\n<script type=\"application\/ld+json\" class=\"yoast-schema-graph\">{\"@context\":\"https:\\\/\\\/schema.org\",\"@graph\":[{\"@type\":\"Article\",\"@id\":\"https:\\\/\\\/www.esplac.cat\\\/en\\\/segona-reunio-reduint-petjada\\\/#article\",\"isPartOf\":{\"@id\":\"https:\\\/\\\/www.esplac.cat\\\/en\\\/segona-reunio-reduint-petjada\\\/\"},\"author\":{\"name\":\"Comunicaci\u00f3 Esplac\",\"@id\":\"https:\\\/\\\/www.esplac.cat\\\/#\\\/schema\\\/person\\\/908383cf240be18b68f8855d0583faca\"},\"headline\":\"Segona reuni\u00f3 de la comissi\u00f3 Reduint Petjada: ens planifiquem i definim sostenibilitat!\",\"datePublished\":\"2021-02-05T09:31:33+00:00\",\"dateModified\":\"2021-02-08T08:26:38+00:00\",\"mainEntityOfPage\":{\"@id\":\"https:\\\/\\\/www.esplac.cat\\\/en\\\/segona-reunio-reduint-petjada\\\/\"},\"wordCount\":208,\"publisher\":{\"@id\":\"https:\\\/\\\/www.esplac.cat\\\/#organization\"},\"image\":{\"@id\":\"https:\\\/\\\/www.esplac.cat\\\/en\\\/segona-reunio-reduint-petjada\\\/#primaryimage\"},\"thumbnailUrl\":\"https:\\\/\\\/www.esplac.cat\\\/wp-content\\\/uploads\\\/2021\\\/02\\\/Segona-reunio-reduint-petjda-3.2.21-2.jpg\",\"articleSection\":[\"Comissi\u00f3 Reduint Petjada\"],\"inLanguage\":\"es\"},{\"@type\":\"WebPage\",\"@id\":\"https:\\\/\\\/www.esplac.cat\\\/en\\\/segona-reunio-reduint-petjada\\\/\",\"url\":\"https:\\\/\\\/www.esplac.cat\\\/en\\\/segona-reunio-reduint-petjada\\\/\",\"name\":\"Segona reuni\u00f3 de la comissi\u00f3 Reduint Petjada: definim sostenibilitat!\",\"isPartOf\":{\"@id\":\"https:\\\/\\\/www.esplac.cat\\\/#website\"},\"primaryImageOfPage\":{\"@id\":\"https:\\\/\\\/www.esplac.cat\\\/en\\\/segona-reunio-reduint-petjada\\\/#primaryimage\"},\"image\":{\"@id\":\"https:\\\/\\\/www.esplac.cat\\\/en\\\/segona-reunio-reduint-petjada\\\/#primaryimage\"},\"thumbnailUrl\":\"https:\\\/\\\/www.esplac.cat\\\/wp-content\\\/uploads\\\/2021\\\/02\\\/Segona-reunio-reduint-petjda-3.2.21-2.jpg\",\"datePublished\":\"2021-02-05T09:31:33+00:00\",\"dateModified\":\"2021-02-08T08:26:38+00:00\",\"description\":\"La comissi\u00f3 reduint petjada va fer el passat 3 de febrer la segona reuni\u00f3 del curs on es van planificar per encarar l'any amb energia!\",\"breadcrumb\":{\"@id\":\"https:\\\/\\\/www.esplac.cat\\\/en\\\/segona-reunio-reduint-petjada\\\/#breadcrumb\"},\"inLanguage\":\"es\",\"potentialAction\":[{\"@type\":\"ReadAction\",\"target\":[\"https:\\\/\\\/www.esplac.cat\\\/en\\\/segona-reunio-reduint-petjada\\\/\"]}]},{\"@type\":\"ImageObject\",\"inLanguage\":\"es\",\"@id\":\"https:\\\/\\\/www.esplac.cat\\\/en\\\/segona-reunio-reduint-petjada\\\/#primaryimage\",\"url\":\"https:\\\/\\\/www.esplac.cat\\\/wp-content\\\/uploads\\\/2021\\\/02\\\/Segona-reunio-reduint-petjda-3.2.21-2.jpg\",\"contentUrl\":\"https:\\\/\\\/www.esplac.cat\\\/wp-content\\\/uploads\\\/2021\\\/02\\\/Segona-reunio-reduint-petjda-3.2.21-2.jpg\",\"width\":1920,\"height\":1080,\"caption\":\"reduint petjada\"},{\"@type\":\"BreadcrumbList\",\"@id\":\"https:\\\/\\\/www.esplac.cat\\\/en\\\/segona-reunio-reduint-petjada\\\/#breadcrumb\",\"itemListElement\":[{\"@type\":\"ListItem\",\"position\":1,\"name\":\"Inici\",\"item\":\"https:\\\/\\\/www.esplac.cat\\\/es\\\/\"},{\"@type\":\"ListItem\",\"position\":2,\"name\":\"Segona reuni\u00f3 de la comissi\u00f3 Reduint Petjada: ens planifiquem i definim sostenibilitat!\"}]},{\"@type\":\"WebSite\",\"@id\":\"https:\\\/\\\/www.esplac.cat\\\/#website\",\"url\":\"https:\\\/\\\/www.esplac.cat\\\/\",\"name\":\"Esplac\",\"description\":\"Esplais Catalans\",\"publisher\":{\"@id\":\"https:\\\/\\\/www.esplac.cat\\\/#organization\"},\"potentialAction\":[{\"@type\":\"SearchAction\",\"target\":{\"@type\":\"EntryPoint\",\"urlTemplate\":\"https:\\\/\\\/www.esplac.cat\\\/?s={search_term_string}\"},\"query-input\":{\"@type\":\"PropertyValueSpecification\",\"valueRequired\":true,\"valueName\":\"search_term_string\"}}],\"inLanguage\":\"es\"},{\"@type\":\"Organization\",\"@id\":\"https:\\\/\\\/www.esplac.cat\\\/#organization\",\"name\":\"Esplac\",\"url\":\"https:\\\/\\\/www.esplac.cat\\\/\",\"logo\":{\"@type\":\"ImageObject\",\"inLanguage\":\"es\",\"@id\":\"https:\\\/\\\/www.esplac.cat\\\/#\\\/schema\\\/logo\\\/image\\\/\",\"url\":\"https:\\\/\\\/www.esplac.cat\\\/wp-content\\\/uploads\\\/2019\\\/08\\\/logox2.png\",\"contentUrl\":\"https:\\\/\\\/www.esplac.cat\\\/wp-content\\\/uploads\\\/2019\\\/08\\\/logox2.png\",\"width\":600,\"height\":295,\"caption\":\"Esplac\"},\"image\":{\"@id\":\"https:\\\/\\\/www.esplac.cat\\\/#\\\/schema\\\/logo\\\/image\\\/\"}},{\"@type\":\"Person\",\"@id\":\"https:\\\/\\\/www.esplac.cat\\\/#\\\/schema\\\/person\\\/908383cf240be18b68f8855d0583faca\",\"name\":\"Comunicaci\u00f3 Esplac\",\"image\":{\"@type\":\"ImageObject\",\"inLanguage\":\"es\",\"@id\":\"https:\\\/\\\/secure.gravatar.com\\\/avatar\\\/7a4cf8feb412a76ea4a740ca02d95b06b2907b5a6c648c2dd0a1082a093c3141?s=96&d=mm&r=g\",\"url\":\"https:\\\/\\\/secure.gravatar.com\\\/avatar\\\/7a4cf8feb412a76ea4a740ca02d95b06b2907b5a6c648c2dd0a1082a093c3141?s=96&d=mm&r=g\",\"contentUrl\":\"https:\\\/\\\/secure.gravatar.com\\\/avatar\\\/7a4cf8feb412a76ea4a740ca02d95b06b2907b5a6c648c2dd0a1082a093c3141?s=96&d=mm&r=g\",\"caption\":\"Comunicaci\u00f3 Esplac\"}}]}<\/script>\n<!-- \/ Yoast SEO plugin. -->","yoast_head_json":{"title":"Segona reuni\u00f3 de la comissi\u00f3 Reduint Petjada: definim sostenibilitat!","description":"La comissi\u00f3 reduint petjada va fer el passat 3 de febrer la segona reuni\u00f3 del curs on es van planificar per encarar l'any amb energia!","robots":{"index":"index","follow":"follow","max-snippet":"max-snippet:-1","max-image-preview":"max-image-preview:large","max-video-preview":"max-video-preview:-1"},"canonical":"https:\/\/www.esplac.cat\/en\/segona-reunio-reduint-petjada\/","og_locale":"es_ES","og_type":"article","og_title":"Segona reuni\u00f3 de la comissi\u00f3 Reduint Petjada: definim sostenibilitat!","og_description":"La comissi\u00f3 reduint petjada va fer el passat 3 de febrer la segona reuni\u00f3 del curs on es van planificar per encarar l'any amb energia!","og_url":"https:\/\/www.esplac.cat\/en\/segona-reunio-reduint-petjada\/","og_site_name":"Esplac","article_published_time":"2021-02-05T09:31:33+00:00","article_modified_time":"2021-02-08T08:26:38+00:00","og_image":[{"width":1920,"height":1080,"url":"https:\/\/www.esplac.cat\/wp-content\/uploads\/2021\/02\/Segona-reunio-reduint-petjda-3.2.21-2.jpg","type":"image\/jpeg"}],"author":"Comunicaci\u00f3 Esplac","twitter_card":"summary_large_image","twitter_misc":{"Escrito por":"Comunicaci\u00f3 Esplac","Tiempo de lectura":"1 minuto"},"schema":{"@context":"https:\/\/schema.org","@graph":[{"@type":"Article","@id":"https:\/\/www.esplac.cat\/en\/segona-reunio-reduint-petjada\/#article","isPartOf":{"@id":"https:\/\/www.esplac.cat\/en\/segona-reunio-reduint-petjada\/"},"author":{"name":"Comunicaci\u00f3 Esplac","@id":"https:\/\/www.esplac.cat\/#\/schema\/person\/908383cf240be18b68f8855d0583faca"},"headline":"Segona reuni\u00f3 de la comissi\u00f3 Reduint Petjada: ens planifiquem i definim sostenibilitat!","datePublished":"2021-02-05T09:31:33+00:00","dateModified":"2021-02-08T08:26:38+00:00","mainEntityOfPage":{"@id":"https:\/\/www.esplac.cat\/en\/segona-reunio-reduint-petjada\/"},"wordCount":208,"publisher":{"@id":"https:\/\/www.esplac.cat\/#organization"},"image":{"@id":"https:\/\/www.esplac.cat\/en\/segona-reunio-reduint-petjada\/#primaryimage"},"thumbnailUrl":"https:\/\/www.esplac.cat\/wp-content\/uploads\/2021\/02\/Segona-reunio-reduint-petjda-3.2.21-2.jpg","articleSection":["Comissi\u00f3 Reduint Petjada"],"inLanguage":"es"},{"@type":"WebPage","@id":"https:\/\/www.esplac.cat\/en\/segona-reunio-reduint-petjada\/","url":"https:\/\/www.esplac.cat\/en\/segona-reunio-reduint-petjada\/","name":"Segona reuni\u00f3 de la comissi\u00f3 Reduint Petjada: definim sostenibilitat!","isPartOf":{"@id":"https:\/\/www.esplac.cat\/#website"},"primaryImageOfPage":{"@id":"https:\/\/www.esplac.cat\/en\/segona-reunio-reduint-petjada\/#primaryimage"},"image":{"@id":"https:\/\/www.esplac.cat\/en\/segona-reunio-reduint-petjada\/#primaryimage"},"thumbnailUrl":"https:\/\/www.esplac.cat\/wp-content\/uploads\/2021\/02\/Segona-reunio-reduint-petjda-3.2.21-2.jpg","datePublished":"2021-02-05T09:31:33+00:00","dateModified":"2021-02-08T08:26:38+00:00","description":"La comissi\u00f3 reduint petjada va fer el passat 3 de febrer la segona reuni\u00f3 del curs on es van planificar per encarar l'any amb energia!","breadcrumb":{"@id":"https:\/\/www.esplac.cat\/en\/segona-reunio-reduint-petjada\/#breadcrumb"},"inLanguage":"es","potentialAction":[{"@type":"ReadAction","target":["https:\/\/www.esplac.cat\/en\/segona-reunio-reduint-petjada\/"]}]},{"@type":"ImageObject","inLanguage":"es","@id":"https:\/\/www.esplac.cat\/en\/segona-reunio-reduint-petjada\/#primaryimage","url":"https:\/\/www.esplac.cat\/wp-content\/uploads\/2021\/02\/Segona-reunio-reduint-petjda-3.2.21-2.jpg","contentUrl":"https:\/\/www.esplac.cat\/wp-content\/uploads\/2021\/02\/Segona-reunio-reduint-petjda-3.2.21-2.jpg","width":1920,"height":1080,"caption":"reduint petjada"},{"@type":"BreadcrumbList","@id":"https:\/\/www.esplac.cat\/en\/segona-reunio-reduint-petjada\/#breadcrumb","itemListElement":[{"@type":"ListItem","position":1,"name":"Inici","item":"https:\/\/www.esplac.cat\/es\/"},{"@type":"ListItem","position":2,"name":"Segona reuni\u00f3 de la comissi\u00f3 Reduint Petjada: ens planifiquem i definim sostenibilitat!"}]},{"@type":"WebSite","@id":"https:\/\/www.esplac.cat\/#website","url":"https:\/\/www.esplac.cat\/","name":"Esplac","description":"Esplais Catalans","publisher":{"@id":"https:\/\/www.esplac.cat\/#organization"},"potentialAction":[{"@type":"SearchAction","target":{"@type":"EntryPoint","urlTemplate":"https:\/\/www.esplac.cat\/?s={search_term_string}"},"query-input":{"@type":"PropertyValueSpecification","valueRequired":true,"valueName":"search_term_string"}}],"inLanguage":"es"},{"@type":"Organization","@id":"https:\/\/www.esplac.cat\/#organization","name":"Esplac","url":"https:\/\/www.esplac.cat\/","logo":{"@type":"ImageObject","inLanguage":"es","@id":"https:\/\/www.esplac.cat\/#\/schema\/logo\/image\/","url":"https:\/\/www.esplac.cat\/wp-content\/uploads\/2019\/08\/logox2.png","contentUrl":"https:\/\/www.esplac.cat\/wp-content\/uploads\/2019\/08\/logox2.png","width":600,"height":295,"caption":"Esplac"},"image":{"@id":"https:\/\/www.esplac.cat\/#\/schema\/logo\/image\/"}},{"@type":"Person","@id":"https:\/\/www.esplac.cat\/#\/schema\/person\/908383cf240be18b68f8855d0583faca","name":"Comunicaci\u00f3 Esplac","image":{"@type":"ImageObject","inLanguage":"es","@id":"https:\/\/secure.gravatar.com\/avatar\/7a4cf8feb412a76ea4a740ca02d95b06b2907b5a6c648c2dd0a1082a093c3141?s=96&d=mm&r=g","url":"https:\/\/secure.gravatar.com\/avatar\/7a4cf8feb412a76ea4a740ca02d95b06b2907b5a6c648c2dd0a1082a093c3141?s=96&d=mm&r=g","contentUrl":"https:\/\/secure.gravatar.com\/avatar\/7a4cf8feb412a76ea4a740ca02d95b06b2907b5a6c648c2dd0a1082a093c3141?s=96&d=mm&r=g","caption":"Comunicaci\u00f3 Esplac"}}]}},"_links":{"self":[{"href":"https:\/\/www.esplac.cat\/es\/wp-json\/wp\/v2\/posts\/34759","targetHints":{"allow":["GET"]}}],"collection":[{"href":"https:\/\/www.esplac.cat\/es\/wp-json\/wp\/v2\/posts"}],"about":[{"href":"https:\/\/www.esplac.cat\/es\/wp-json\/wp\/v2\/types\/post"}],"author":[{"embeddable":true,"href":"https:\/\/www.esplac.cat\/es\/wp-json\/wp\/v2\/users\/3"}],"replies":[{"embeddable":true,"href":"https:\/\/www.esplac.cat\/es\/wp-json\/wp\/v2\/comments?post=34759"}],"version-history":[{"count":0,"href":"https:\/\/www.esplac.cat\/es\/wp-json\/wp\/v2\/posts\/34759\/revisions"}],"wp:featuredmedia":[{"embeddable":true,"href":"https:\/\/www.esplac.cat\/es\/wp-json\/wp\/v2\/media\/34766"}],"wp:attachment":[{"href":"https:\/\/www.esplac.cat\/es\/wp-json\/wp\/v2\/media?parent=34759"}],"wp:term":[{"taxonomy":"category","embeddable":true,"href":"https:\/\/www.esplac.cat\/es\/wp-json\/wp\/v2\/categories?post=34759"},{"taxonomy":"post_tag","embeddable":true,"href":"https:\/\/www.esplac.cat\/es\/wp-json\/wp\/v2\/tags?post=34759"}],"curies":[{"name":"wp","href":"https:\/\/api.w.org\/{rel}","templated":true}]}}