{"id":34796,"date":"2021-02-09T12:38:34","date_gmt":"2021-02-09T11:38:34","guid":{"rendered":"https:\/\/www.esplac.cat\/?p=34796"},"modified":"2021-02-09T12:39:45","modified_gmt":"2021-02-09T11:39:45","slug":"convocatoria-participants-formacio-socialist-education","status":"publish","type":"post","link":"https:\/\/www.esplac.cat\/es\/convocatoria-participants-formacio-socialist-education\/","title":{"rendered":"Convocat\u00f2ria de participants per a la formaci\u00f3 \u201cSocialist Education &#8211; Training for trainers\u201d"},"content":{"rendered":"<h6><strong>T\u2019agradaria participar en un seminari sobre Educaci\u00f3 Socialista amb una perspectiva interseccional i internacional? Arriba \u00abSocialist Education -Training for trainers\u00bb!<\/strong><\/h6>\n<p><span style=\"font-weight: 400;\">L\u2019educaci\u00f3 \u00e9s un dret hum\u00e0 b\u00e0sic i un dels objectius i principis de la <span style=\"color: #ff9900;\"><a style=\"color: #ff9900;\" href=\"http:\/\/ifm-sei.org\" target=\"_blank\" rel=\"noopener noreferrer\">IFM-SEI<\/a><\/span>, entitat de la qual <a href=\"http:\/\/www.esplac.cat\">Esplac <\/a>forma part. A trav\u00e9s de l\u2019educaci\u00f3 no formal creem espais on infants i joves desenvolupem el pensament cr\u00edtic, experimentem l&#8217;aprenentatge, reflexionem sobre les nostres opinions, impressions i valors per tal de desafiar les desigualtats del m\u00f3n. \u00c9s l\u2019eina m\u00e9s poderosa per tal d\u2019aconseguir la transformaci\u00f3 social.<\/span><\/p>\n<p><span style=\"font-weight: 400;\">Des de la IFM-SEI s\u2019organitza un seminari formatiu sobre l\u2019educaci\u00f3 socialista: \u00abSocialist Education -Training for trainers\u00bb. A<\/span><span style=\"font-weight: 400;\">quest tipus d\u2019educaci\u00f3 no pret\u00e9n adoctrinar a infants i joves per a votar determinats partits pol\u00edtics, sin\u00f3 que <strong>promou una teoria i pr\u00e0ctica educativa<\/strong> per tal de fomentar l\u2019<strong>an\u00e0lisi cr\u00edtica de les estructures de poder<\/strong> existents en tots els nivells de la societat, a favor del <strong>canvi socia<\/strong>l i el desenvolupament de l\u2019<strong>esperit cr\u00edtic<\/strong>.<\/span><\/p>\n<p><span style=\"font-weight: 400;\">Els objectius d\u2019aquesta formaci\u00f3 s\u00f3n:<\/span><\/p>\n<ul>\n<li><span style=\"font-weight: 400;\">Proporcionar metodologia i eines d\u2019educaci\u00f3 no formals<\/span><\/li>\n<li style=\"font-weight: 400;\" aria-level=\"1\"><span style=\"font-weight: 400;\">Comprendre els principis i valors de l\u2019educaci\u00f3 no formal<\/span><\/li>\n<li style=\"font-weight: 400;\" aria-level=\"1\"><span style=\"font-weight: 400;\">Crear un espai per a que els participants apliquin els coneixements a nivell local<\/span><\/li>\n<li style=\"font-weight: 400;\" aria-level=\"1\"><span style=\"font-weight: 400;\">Crear una xarxa de joves educadores dins la xarxa de la IFM-SEI<\/span><\/li>\n<li style=\"font-weight: 400;\" aria-level=\"1\"><span style=\"font-weight: 400;\">Fomentar el pensament innovador i cr\u00edtic<\/span><\/li>\n<\/ul>\n<h6><b>Quan?<\/b><\/h6>\n<p><span style=\"font-weight: 400;\">Del <strong>22 al 26 de mar\u00e7<\/strong>. 4 hores al dia.\u00a0<\/span><\/p>\n<p><span style=\"font-weight: 400;\">L\u2019horari definitiu es decidir\u00e0 en funci\u00f3 de la disponibilitat de les participants; per tant, si t\u2019interessa, avisa de quan t\u2019aniria millor!<\/span><\/p>\n<h6><b>Qu\u00e8 cal per participar?<\/b><\/h6>\n<ul>\n<li style=\"font-weight: 400;\" aria-level=\"1\"><span style=\"font-weight: 400;\">Tenir entre 16 i 30 anys<\/span><\/li>\n<li style=\"font-weight: 400;\" aria-level=\"1\"><span style=\"font-weight: 400;\">Formar part d\u2019Esplac i tenir una participaci\u00f3 activa al projecte<\/span><\/li>\n<li style=\"font-weight: 400;\" aria-level=\"1\"><span style=\"font-weight: 400;\">Motivaci\u00f3 per l\u2019educaci\u00f3 socialista i no formal<\/span><\/li>\n<li style=\"font-weight: 400;\" aria-level=\"1\"><span style=\"font-weight: 400;\">Persones amb ganes de participar en projectes internacionals<\/span><\/li>\n<\/ul>\n<h6><b>Idioma de treball<\/b><\/h6>\n<p><span style=\"font-weight: 400;\">Est\u00e0 previst oferir el seminari en castell\u00e0, angl\u00e8s i franc\u00e8s. Si no s\u2019arriba a un m\u00ednim de participants per idioma, es far\u00e0 amb l\u2019idioma principal i es proporcionar\u00e0 traducci\u00f3.<\/span><\/p>\n<h6><b>Com inscriure\u2019s?<\/b><\/h6>\n<p><span style=\"font-weight: 400;\">A trav\u00e9s d\u2019<\/span><strong><span style=\"color: #ff9900;\"><a style=\"color: #ff9900;\" href=\"https:\/\/docs.google.com\/forms\/d\/e\/1FAIpQLScjIqf-O2Q9rVu-eVmszz-L-Qz30n_X7QC-PYHemL5Ha2dYgg\/viewform\" target=\"_blank\" rel=\"noopener noreferrer\">aquest formulari<\/a><\/span><\/strong><span style=\"font-weight: 400;\"> fins al 25 de febrer<\/span><\/p>\n<p><b>Si vols m\u00e9s informaci\u00f3 o tens dubtes, <\/b><span style=\"font-weight: 400;\">escriu a<strong> internacional@esplac.cat<\/strong><\/span><\/p>\n","protected":false},"excerpt":{"rendered":"<p>T\u2019agradaria participar en un seminari sobre Educaci\u00f3 Socialista amb una [&hellip;]<\/p>\n","protected":false},"author":3,"featured_media":34797,"comment_status":"closed","ping_status":"closed","sticky":false,"template":"","format":"standard","meta":{"om_disable_all_campaigns":false,"_monsterinsights_skip_tracking":false,"_monsterinsights_sitenote_active":false,"_monsterinsights_sitenote_note":"","_monsterinsights_sitenote_category":0,"_uf_show_specific_survey":0,"_uf_disable_surveys":false,"footnotes":""},"categories":[1112],"tags":[],"class_list":["post-34796","post","type-post","status-publish","format-standard","has-post-thumbnail","hentry","category-esplac-al-mon"],"yoast_head":"<!-- This site is optimized with the Yoast SEO plugin v27.5 - https:\/\/yoast.com\/product\/yoast-seo-wordpress\/ -->\n<title>Convocat\u00f2ria &quot;Socialist Education: Trainging for trainers&quot; - Esplac<\/title>\n<meta name=\"description\" content=\"T\u2019agradaria participar en un seminari sobre Educaci\u00f3 Socialista amb una perspectiva interseccional i internacional? Arriba la &quot;Socialist Education: Trainging for trainers&quot;\" \/>\n<meta name=\"robots\" content=\"index, follow, max-snippet:-1, max-image-preview:large, max-video-preview:-1\" \/>\n<link rel=\"canonical\" href=\"https:\/\/www.esplac.cat\/es\/convocatoria-participants-formacio-socialist-education\/\" \/>\n<meta property=\"og:locale\" content=\"es_ES\" \/>\n<meta property=\"og:type\" content=\"article\" \/>\n<meta property=\"og:title\" content=\"Convocat\u00f2ria &quot;Socialist Education: Trainging for trainers&quot; - Esplac\" \/>\n<meta property=\"og:description\" content=\"T\u2019agradaria participar en un seminari sobre Educaci\u00f3 Socialista amb una perspectiva interseccional i internacional? Arriba la &quot;Socialist Education: Trainging for trainers&quot;\" \/>\n<meta property=\"og:url\" content=\"https:\/\/www.esplac.cat\/es\/convocatoria-participants-formacio-socialist-education\/\" \/>\n<meta property=\"og:site_name\" content=\"Esplac\" \/>\n<meta property=\"article:published_time\" content=\"2021-02-09T11:38:34+00:00\" \/>\n<meta property=\"article:modified_time\" content=\"2021-02-09T11:39:45+00:00\" \/>\n<meta property=\"og:image\" content=\"https:\/\/www.esplac.cat\/wp-content\/uploads\/2021\/02\/socialist-education.jpg\" \/>\n\t<meta property=\"og:image:width\" content=\"1694\" \/>\n\t<meta property=\"og:image:height\" content=\"700\" \/>\n\t<meta property=\"og:image:type\" content=\"image\/jpeg\" \/>\n<meta name=\"author\" content=\"Comunicaci\u00f3 Esplac\" \/>\n<meta name=\"twitter:card\" content=\"summary_large_image\" \/>\n<meta name=\"twitter:label1\" content=\"Escrito por\" \/>\n\t<meta name=\"twitter:data1\" content=\"Comunicaci\u00f3 Esplac\" \/>\n\t<meta name=\"twitter:label2\" content=\"Tiempo de lectura\" \/>\n\t<meta name=\"twitter:data2\" content=\"2 minutos\" \/>\n<script type=\"application\/ld+json\" class=\"yoast-schema-graph\">{\"@context\":\"https:\\\/\\\/schema.org\",\"@graph\":[{\"@type\":\"Article\",\"@id\":\"https:\\\/\\\/www.esplac.cat\\\/es\\\/convocatoria-participants-formacio-socialist-education\\\/#article\",\"isPartOf\":{\"@id\":\"https:\\\/\\\/www.esplac.cat\\\/es\\\/convocatoria-participants-formacio-socialist-education\\\/\"},\"author\":{\"name\":\"Comunicaci\u00f3 Esplac\",\"@id\":\"https:\\\/\\\/www.esplac.cat\\\/#\\\/schema\\\/person\\\/908383cf240be18b68f8855d0583faca\"},\"headline\":\"Convocat\u00f2ria de participants per a la formaci\u00f3 \u201cSocialist Education &#8211; Training for trainers\u201d\",\"datePublished\":\"2021-02-09T11:38:34+00:00\",\"dateModified\":\"2021-02-09T11:39:45+00:00\",\"mainEntityOfPage\":{\"@id\":\"https:\\\/\\\/www.esplac.cat\\\/es\\\/convocatoria-participants-formacio-socialist-education\\\/\"},\"wordCount\":381,\"publisher\":{\"@id\":\"https:\\\/\\\/www.esplac.cat\\\/#organization\"},\"image\":{\"@id\":\"https:\\\/\\\/www.esplac.cat\\\/es\\\/convocatoria-participants-formacio-socialist-education\\\/#primaryimage\"},\"thumbnailUrl\":\"https:\\\/\\\/www.esplac.cat\\\/wp-content\\\/uploads\\\/2021\\\/02\\\/socialist-education.jpg\",\"articleSection\":[\"Esplac al m\u00f3n\"],\"inLanguage\":\"es\"},{\"@type\":\"WebPage\",\"@id\":\"https:\\\/\\\/www.esplac.cat\\\/es\\\/convocatoria-participants-formacio-socialist-education\\\/\",\"url\":\"https:\\\/\\\/www.esplac.cat\\\/es\\\/convocatoria-participants-formacio-socialist-education\\\/\",\"name\":\"Convocat\u00f2ria \\\"Socialist Education: Trainging for trainers\\\" - Esplac\",\"isPartOf\":{\"@id\":\"https:\\\/\\\/www.esplac.cat\\\/#website\"},\"primaryImageOfPage\":{\"@id\":\"https:\\\/\\\/www.esplac.cat\\\/es\\\/convocatoria-participants-formacio-socialist-education\\\/#primaryimage\"},\"image\":{\"@id\":\"https:\\\/\\\/www.esplac.cat\\\/es\\\/convocatoria-participants-formacio-socialist-education\\\/#primaryimage\"},\"thumbnailUrl\":\"https:\\\/\\\/www.esplac.cat\\\/wp-content\\\/uploads\\\/2021\\\/02\\\/socialist-education.jpg\",\"datePublished\":\"2021-02-09T11:38:34+00:00\",\"dateModified\":\"2021-02-09T11:39:45+00:00\",\"description\":\"T\u2019agradaria participar en un seminari sobre Educaci\u00f3 Socialista amb una perspectiva interseccional i internacional? Arriba la \\\"Socialist Education: Trainging for trainers\\\"\",\"breadcrumb\":{\"@id\":\"https:\\\/\\\/www.esplac.cat\\\/es\\\/convocatoria-participants-formacio-socialist-education\\\/#breadcrumb\"},\"inLanguage\":\"es\",\"potentialAction\":[{\"@type\":\"ReadAction\",\"target\":[\"https:\\\/\\\/www.esplac.cat\\\/es\\\/convocatoria-participants-formacio-socialist-education\\\/\"]}]},{\"@type\":\"ImageObject\",\"inLanguage\":\"es\",\"@id\":\"https:\\\/\\\/www.esplac.cat\\\/es\\\/convocatoria-participants-formacio-socialist-education\\\/#primaryimage\",\"url\":\"https:\\\/\\\/www.esplac.cat\\\/wp-content\\\/uploads\\\/2021\\\/02\\\/socialist-education.jpg\",\"contentUrl\":\"https:\\\/\\\/www.esplac.cat\\\/wp-content\\\/uploads\\\/2021\\\/02\\\/socialist-education.jpg\",\"width\":1694,\"height\":700,\"caption\":\"socialist education\"},{\"@type\":\"BreadcrumbList\",\"@id\":\"https:\\\/\\\/www.esplac.cat\\\/es\\\/convocatoria-participants-formacio-socialist-education\\\/#breadcrumb\",\"itemListElement\":[{\"@type\":\"ListItem\",\"position\":1,\"name\":\"Inici\",\"item\":\"https:\\\/\\\/www.esplac.cat\\\/es\\\/\"},{\"@type\":\"ListItem\",\"position\":2,\"name\":\"Convocat\u00f2ria de participants per a la formaci\u00f3 \u201cSocialist Education &#8211; Training for trainers\u201d\"}]},{\"@type\":\"WebSite\",\"@id\":\"https:\\\/\\\/www.esplac.cat\\\/#website\",\"url\":\"https:\\\/\\\/www.esplac.cat\\\/\",\"name\":\"Esplac\",\"description\":\"Esplais Catalans\",\"publisher\":{\"@id\":\"https:\\\/\\\/www.esplac.cat\\\/#organization\"},\"potentialAction\":[{\"@type\":\"SearchAction\",\"target\":{\"@type\":\"EntryPoint\",\"urlTemplate\":\"https:\\\/\\\/www.esplac.cat\\\/?s={search_term_string}\"},\"query-input\":{\"@type\":\"PropertyValueSpecification\",\"valueRequired\":true,\"valueName\":\"search_term_string\"}}],\"inLanguage\":\"es\"},{\"@type\":\"Organization\",\"@id\":\"https:\\\/\\\/www.esplac.cat\\\/#organization\",\"name\":\"Esplac\",\"url\":\"https:\\\/\\\/www.esplac.cat\\\/\",\"logo\":{\"@type\":\"ImageObject\",\"inLanguage\":\"es\",\"@id\":\"https:\\\/\\\/www.esplac.cat\\\/#\\\/schema\\\/logo\\\/image\\\/\",\"url\":\"https:\\\/\\\/www.esplac.cat\\\/wp-content\\\/uploads\\\/2019\\\/08\\\/logox2.png\",\"contentUrl\":\"https:\\\/\\\/www.esplac.cat\\\/wp-content\\\/uploads\\\/2019\\\/08\\\/logox2.png\",\"width\":600,\"height\":295,\"caption\":\"Esplac\"},\"image\":{\"@id\":\"https:\\\/\\\/www.esplac.cat\\\/#\\\/schema\\\/logo\\\/image\\\/\"}},{\"@type\":\"Person\",\"@id\":\"https:\\\/\\\/www.esplac.cat\\\/#\\\/schema\\\/person\\\/908383cf240be18b68f8855d0583faca\",\"name\":\"Comunicaci\u00f3 Esplac\",\"image\":{\"@type\":\"ImageObject\",\"inLanguage\":\"es\",\"@id\":\"https:\\\/\\\/secure.gravatar.com\\\/avatar\\\/7a4cf8feb412a76ea4a740ca02d95b06b2907b5a6c648c2dd0a1082a093c3141?s=96&d=mm&r=g\",\"url\":\"https:\\\/\\\/secure.gravatar.com\\\/avatar\\\/7a4cf8feb412a76ea4a740ca02d95b06b2907b5a6c648c2dd0a1082a093c3141?s=96&d=mm&r=g\",\"contentUrl\":\"https:\\\/\\\/secure.gravatar.com\\\/avatar\\\/7a4cf8feb412a76ea4a740ca02d95b06b2907b5a6c648c2dd0a1082a093c3141?s=96&d=mm&r=g\",\"caption\":\"Comunicaci\u00f3 Esplac\"}}]}<\/script>\n<!-- \/ Yoast SEO plugin. -->","yoast_head_json":{"title":"Convocat\u00f2ria \"Socialist Education: Trainging for trainers\" - Esplac","description":"T\u2019agradaria participar en un seminari sobre Educaci\u00f3 Socialista amb una perspectiva interseccional i internacional? Arriba la \"Socialist Education: Trainging for trainers\"","robots":{"index":"index","follow":"follow","max-snippet":"max-snippet:-1","max-image-preview":"max-image-preview:large","max-video-preview":"max-video-preview:-1"},"canonical":"https:\/\/www.esplac.cat\/es\/convocatoria-participants-formacio-socialist-education\/","og_locale":"es_ES","og_type":"article","og_title":"Convocat\u00f2ria \"Socialist Education: Trainging for trainers\" - Esplac","og_description":"T\u2019agradaria participar en un seminari sobre Educaci\u00f3 Socialista amb una perspectiva interseccional i internacional? Arriba la \"Socialist Education: Trainging for trainers\"","og_url":"https:\/\/www.esplac.cat\/es\/convocatoria-participants-formacio-socialist-education\/","og_site_name":"Esplac","article_published_time":"2021-02-09T11:38:34+00:00","article_modified_time":"2021-02-09T11:39:45+00:00","og_image":[{"width":1694,"height":700,"url":"https:\/\/www.esplac.cat\/wp-content\/uploads\/2021\/02\/socialist-education.jpg","type":"image\/jpeg"}],"author":"Comunicaci\u00f3 Esplac","twitter_card":"summary_large_image","twitter_misc":{"Escrito por":"Comunicaci\u00f3 Esplac","Tiempo de lectura":"2 minutos"},"schema":{"@context":"https:\/\/schema.org","@graph":[{"@type":"Article","@id":"https:\/\/www.esplac.cat\/es\/convocatoria-participants-formacio-socialist-education\/#article","isPartOf":{"@id":"https:\/\/www.esplac.cat\/es\/convocatoria-participants-formacio-socialist-education\/"},"author":{"name":"Comunicaci\u00f3 Esplac","@id":"https:\/\/www.esplac.cat\/#\/schema\/person\/908383cf240be18b68f8855d0583faca"},"headline":"Convocat\u00f2ria de participants per a la formaci\u00f3 \u201cSocialist Education &#8211; Training for trainers\u201d","datePublished":"2021-02-09T11:38:34+00:00","dateModified":"2021-02-09T11:39:45+00:00","mainEntityOfPage":{"@id":"https:\/\/www.esplac.cat\/es\/convocatoria-participants-formacio-socialist-education\/"},"wordCount":381,"publisher":{"@id":"https:\/\/www.esplac.cat\/#organization"},"image":{"@id":"https:\/\/www.esplac.cat\/es\/convocatoria-participants-formacio-socialist-education\/#primaryimage"},"thumbnailUrl":"https:\/\/www.esplac.cat\/wp-content\/uploads\/2021\/02\/socialist-education.jpg","articleSection":["Esplac al m\u00f3n"],"inLanguage":"es"},{"@type":"WebPage","@id":"https:\/\/www.esplac.cat\/es\/convocatoria-participants-formacio-socialist-education\/","url":"https:\/\/www.esplac.cat\/es\/convocatoria-participants-formacio-socialist-education\/","name":"Convocat\u00f2ria \"Socialist Education: Trainging for trainers\" - Esplac","isPartOf":{"@id":"https:\/\/www.esplac.cat\/#website"},"primaryImageOfPage":{"@id":"https:\/\/www.esplac.cat\/es\/convocatoria-participants-formacio-socialist-education\/#primaryimage"},"image":{"@id":"https:\/\/www.esplac.cat\/es\/convocatoria-participants-formacio-socialist-education\/#primaryimage"},"thumbnailUrl":"https:\/\/www.esplac.cat\/wp-content\/uploads\/2021\/02\/socialist-education.jpg","datePublished":"2021-02-09T11:38:34+00:00","dateModified":"2021-02-09T11:39:45+00:00","description":"T\u2019agradaria participar en un seminari sobre Educaci\u00f3 Socialista amb una perspectiva interseccional i internacional? Arriba la \"Socialist Education: Trainging for trainers\"","breadcrumb":{"@id":"https:\/\/www.esplac.cat\/es\/convocatoria-participants-formacio-socialist-education\/#breadcrumb"},"inLanguage":"es","potentialAction":[{"@type":"ReadAction","target":["https:\/\/www.esplac.cat\/es\/convocatoria-participants-formacio-socialist-education\/"]}]},{"@type":"ImageObject","inLanguage":"es","@id":"https:\/\/www.esplac.cat\/es\/convocatoria-participants-formacio-socialist-education\/#primaryimage","url":"https:\/\/www.esplac.cat\/wp-content\/uploads\/2021\/02\/socialist-education.jpg","contentUrl":"https:\/\/www.esplac.cat\/wp-content\/uploads\/2021\/02\/socialist-education.jpg","width":1694,"height":700,"caption":"socialist education"},{"@type":"BreadcrumbList","@id":"https:\/\/www.esplac.cat\/es\/convocatoria-participants-formacio-socialist-education\/#breadcrumb","itemListElement":[{"@type":"ListItem","position":1,"name":"Inici","item":"https:\/\/www.esplac.cat\/es\/"},{"@type":"ListItem","position":2,"name":"Convocat\u00f2ria de participants per a la formaci\u00f3 \u201cSocialist Education &#8211; Training for trainers\u201d"}]},{"@type":"WebSite","@id":"https:\/\/www.esplac.cat\/#website","url":"https:\/\/www.esplac.cat\/","name":"Esplac","description":"Esplais Catalans","publisher":{"@id":"https:\/\/www.esplac.cat\/#organization"},"potentialAction":[{"@type":"SearchAction","target":{"@type":"EntryPoint","urlTemplate":"https:\/\/www.esplac.cat\/?s={search_term_string}"},"query-input":{"@type":"PropertyValueSpecification","valueRequired":true,"valueName":"search_term_string"}}],"inLanguage":"es"},{"@type":"Organization","@id":"https:\/\/www.esplac.cat\/#organization","name":"Esplac","url":"https:\/\/www.esplac.cat\/","logo":{"@type":"ImageObject","inLanguage":"es","@id":"https:\/\/www.esplac.cat\/#\/schema\/logo\/image\/","url":"https:\/\/www.esplac.cat\/wp-content\/uploads\/2019\/08\/logox2.png","contentUrl":"https:\/\/www.esplac.cat\/wp-content\/uploads\/2019\/08\/logox2.png","width":600,"height":295,"caption":"Esplac"},"image":{"@id":"https:\/\/www.esplac.cat\/#\/schema\/logo\/image\/"}},{"@type":"Person","@id":"https:\/\/www.esplac.cat\/#\/schema\/person\/908383cf240be18b68f8855d0583faca","name":"Comunicaci\u00f3 Esplac","image":{"@type":"ImageObject","inLanguage":"es","@id":"https:\/\/secure.gravatar.com\/avatar\/7a4cf8feb412a76ea4a740ca02d95b06b2907b5a6c648c2dd0a1082a093c3141?s=96&d=mm&r=g","url":"https:\/\/secure.gravatar.com\/avatar\/7a4cf8feb412a76ea4a740ca02d95b06b2907b5a6c648c2dd0a1082a093c3141?s=96&d=mm&r=g","contentUrl":"https:\/\/secure.gravatar.com\/avatar\/7a4cf8feb412a76ea4a740ca02d95b06b2907b5a6c648c2dd0a1082a093c3141?s=96&d=mm&r=g","caption":"Comunicaci\u00f3 Esplac"}}]}},"_links":{"self":[{"href":"https:\/\/www.esplac.cat\/es\/wp-json\/wp\/v2\/posts\/34796","targetHints":{"allow":["GET"]}}],"collection":[{"href":"https:\/\/www.esplac.cat\/es\/wp-json\/wp\/v2\/posts"}],"about":[{"href":"https:\/\/www.esplac.cat\/es\/wp-json\/wp\/v2\/types\/post"}],"author":[{"embeddable":true,"href":"https:\/\/www.esplac.cat\/es\/wp-json\/wp\/v2\/users\/3"}],"replies":[{"embeddable":true,"href":"https:\/\/www.esplac.cat\/es\/wp-json\/wp\/v2\/comments?post=34796"}],"version-history":[{"count":0,"href":"https:\/\/www.esplac.cat\/es\/wp-json\/wp\/v2\/posts\/34796\/revisions"}],"wp:featuredmedia":[{"embeddable":true,"href":"https:\/\/www.esplac.cat\/es\/wp-json\/wp\/v2\/media\/34797"}],"wp:attachment":[{"href":"https:\/\/www.esplac.cat\/es\/wp-json\/wp\/v2\/media?parent=34796"}],"wp:term":[{"taxonomy":"category","embeddable":true,"href":"https:\/\/www.esplac.cat\/es\/wp-json\/wp\/v2\/categories?post=34796"},{"taxonomy":"post_tag","embeddable":true,"href":"https:\/\/www.esplac.cat\/es\/wp-json\/wp\/v2\/tags?post=34796"}],"curies":[{"name":"wp","href":"https:\/\/api.w.org\/{rel}","templated":true}]}}