{"id":34944,"date":"2021-02-22T13:04:44","date_gmt":"2021-02-22T12:04:44","guid":{"rendered":"https:\/\/www.esplac.cat\/?p=34944"},"modified":"2021-02-22T13:25:29","modified_gmt":"2021-02-22T12:25:29","slug":"esplais-esplac-reivindicat-segurs-imprescindibles","status":"publish","type":"post","link":"https:\/\/www.esplac.cat\/es\/esplais-esplac-reivindicat-segurs-imprescindibles\/","title":{"rendered":"Els esplais d&#8217;Esplac hem reivindicat que som segurs i imprescindibles!"},"content":{"rendered":"<h6><b>El darrer dissabte 20 de febrer es van realizar m\u00e9s de 10 concentracions organitzades pels esplais d&#8217;Esplac per reivindicar que l&#8217;esplai \u00e9s segur i imprescindible. Demanem que se&#8217;ns tingui en compte com un agent educatiu necessari per als infants i joves!<\/b><\/h6>\n<div>\n<div>Aquest passat dissabte, els esplais d&#8217;Esplac van sortir al carrer amb<b>\u00a0m\u00e9s de 10 concentracions<\/b>\u00a0arreu del territori per reivindicar que els\u00a0<b>esplais s\u00f3n segurs i essencials<\/b>. Les manifestacions es van fer sota el lema <b>#Imprescindibles<\/b> i la m\u00e9s nombrosa va ser la de Pla\u00e7a Sant Jaume, que va aplegar al voltant de 200 persones. A banda de la capital, tamb\u00e9 es van convocar concentracions a les localitats de <strong>El Vendrell, Tona, Folgueroles, Badalona, Terrassa, Sant Cugat i Vilafranca del Pened\u00e8s.<\/strong><\/div>\n<\/div>\n<h6><b>Els esplais, educaci\u00f3 de primera<\/b><\/h6>\n<p>Durant les manifestacions es va reivindicar que es <b>prioritz\u00e9s l&#8217;esplai a l&#8217;hora de fer mesures sanit\u00e0ries<\/b> i que es garant\u00eds que la tasca dels esplais es podr\u00e0 fer durant el que queda de curs escolar. Tamb\u00e9 es va manifestar la disconformitat amb les noves mesures que permeten reobrir el lleure educatiu fins als 12 anys en grups de 6 infants, per\u00f2 que exclouen als adolescents i joves.<\/p>\n<p>Es va reivindicar que l&#8217;educaci\u00f3 en el lleure juga un paper molt important en l\u2019<b>acompanyament emocional dels infants i joves<\/b>. Els esplais d&#8217;Esplac treballem per garantir un espai on es puguin exercir els drets dels infants. S&#8217;educa en base uns <b>valors i una socialitzaci\u00f3 <\/b>que ara, i sempre, s\u00f3n necess\u00e0ries per garantir la salut mental dels infants i joves.<\/p>\n<h6><b>Som imprescindibles!<\/b><\/h6>\n<p><span style=\"color: #000000;\">Les concentracions es van desenvolupar amb normalitat i garantint totes les mesures sanit\u00e0ries necess\u00e0ries sota el lema <b>#Imprescindibles<\/b>. Monitores, fam\u00edlies, infants i joves van reivindicar amb cartells, pancartes i dibuixos la import\u00e0ncia dels esplais.<\/span><\/p>\n<p>A les manifestacions es va llegir el\u00a0<a href=\"https:\/\/www.esplac.cat\/manifest-esplais-segurs-essencials\/\" target=\"_blank\" rel=\"noopener noreferrer\"><span style=\"color: #ff9900;\"><b>manifest<\/b><\/span><\/a>\u00a0d&#8217;Esplais Catalans, es van desenvolupar\u00a0<b>activitats a l&#8217;aire lliure amb els infants i joves i es van confeccionar pancartes, cartells i dibuixos amb guix al terra<\/b>\u00a0que reivindicaven la tornada dels esplais de forma segura. A les concentracions d&#8217;algunes ciutats, tamb\u00e9 s&#8217;hi van afegir altres entitats de l&#8217;associacionisme educatiu.<\/p>\n<p>La\u00a0<b>campanya ha estat molt seguida pels mitjans de comunicaci\u00f3 i segueix molt present a les xarxes socials<\/b> amb missatges i fotografies que mostren el suport a la tornada total dels esplais i la necessitat de garantir l&#8217;educaci\u00f3 en el lleure com un factor primordial pels infants i joves.<\/p>\n<p>Seguim demanant el reconeixement de la nostra tasca educativa.\u00a0<b>Ara m\u00e9s que mai reivindiquem que els esplais som imprescindibles!<\/b><\/p>\n\n\t\t<style type=\"text\/css\">\n\t\t\t#gallery-1 {\n\t\t\t\tmargin: auto;\n\t\t\t}\n\t\t\t#gallery-1 .gallery-item {\n\t\t\t\tfloat: left;\n\t\t\t\tmargin-top: 10px;\n\t\t\t\ttext-align: center;\n\t\t\t\twidth: 25%;\n\t\t\t}\n\t\t\t#gallery-1 img {\n\t\t\t\tborder: 2px solid #cfcfcf;\n\t\t\t}\n\t\t\t#gallery-1 .gallery-caption {\n\t\t\t\tmargin-left: 0;\n\t\t\t}\n\t\t\t\/* see gallery_shortcode() in wp-includes\/media.php *\/\n\t\t<\/style>\n\t\t<div id='gallery-1' class='gallery galleryid-34944 gallery-columns-4 gallery-size-medium'><dl class='gallery-item'>\n\t\t\t<dt class='gallery-icon landscape'>\n\t\t\t\t<a data-rel=\"iLightbox[postimages]\" data-title=\"photo_2021-02-22_09-29-30\" data-caption=\"Pla\u00e7a Sant Jaume (BCN)\" href='https:\/\/www.esplac.cat\/wp-content\/uploads\/2021\/02\/photo_2021-02-22_09-29-30.jpg'><img decoding=\"async\" width=\"300\" height=\"200\" src=\"https:\/\/www.esplac.cat\/wp-content\/uploads\/2021\/02\/photo_2021-02-22_09-29-30-300x200.jpg\" class=\"attachment-medium size-medium\" alt=\"\" aria-describedby=\"gallery-1-34976\" srcset=\"https:\/\/www.esplac.cat\/wp-content\/uploads\/2021\/02\/photo_2021-02-22_09-29-30-200x134.jpg 200w, https:\/\/www.esplac.cat\/wp-content\/uploads\/2021\/02\/photo_2021-02-22_09-29-30-300x200.jpg 300w, https:\/\/www.esplac.cat\/wp-content\/uploads\/2021\/02\/photo_2021-02-22_09-29-30-400x267.jpg 400w, https:\/\/www.esplac.cat\/wp-content\/uploads\/2021\/02\/photo_2021-02-22_09-29-30-600x401.jpg 600w, https:\/\/www.esplac.cat\/wp-content\/uploads\/2021\/02\/photo_2021-02-22_09-29-30-768x513.jpg 768w, https:\/\/www.esplac.cat\/wp-content\/uploads\/2021\/02\/photo_2021-02-22_09-29-30-800x534.jpg 800w, https:\/\/www.esplac.cat\/wp-content\/uploads\/2021\/02\/photo_2021-02-22_09-29-30-1024x684.jpg 1024w, https:\/\/www.esplac.cat\/wp-content\/uploads\/2021\/02\/photo_2021-02-22_09-29-30-1200x802.jpg 1200w, https:\/\/www.esplac.cat\/wp-content\/uploads\/2021\/02\/photo_2021-02-22_09-29-30.jpg 1280w\" sizes=\"(max-width: 300px) 100vw, 300px\" \/><\/a>\n\t\t\t<\/dt>\n\t\t\t\t<dd class='wp-caption-text gallery-caption' id='gallery-1-34976'>\n\t\t\t\tPla\u00e7a Sant Jaume (BCN)\n\t\t\t\t<\/dd><\/dl><dl class='gallery-item'>\n\t\t\t<dt class='gallery-icon landscape'>\n\t\t\t\t<a data-rel=\"iLightbox[postimages]\" data-title=\"photo_2021-02-22_09-30-15\" data-caption=\"Pla\u00e7a Sant Jaume (BCN)\" href='https:\/\/www.esplac.cat\/wp-content\/uploads\/2021\/02\/photo_2021-02-22_09-30-15.jpg'><img decoding=\"async\" width=\"300\" height=\"200\" src=\"https:\/\/www.esplac.cat\/wp-content\/uploads\/2021\/02\/photo_2021-02-22_09-30-15-300x200.jpg\" class=\"attachment-medium size-medium\" alt=\"\" aria-describedby=\"gallery-1-34960\" srcset=\"https:\/\/www.esplac.cat\/wp-content\/uploads\/2021\/02\/photo_2021-02-22_09-30-15-200x134.jpg 200w, https:\/\/www.esplac.cat\/wp-content\/uploads\/2021\/02\/photo_2021-02-22_09-30-15-300x200.jpg 300w, https:\/\/www.esplac.cat\/wp-content\/uploads\/2021\/02\/photo_2021-02-22_09-30-15-400x267.jpg 400w, https:\/\/www.esplac.cat\/wp-content\/uploads\/2021\/02\/photo_2021-02-22_09-30-15-600x401.jpg 600w, https:\/\/www.esplac.cat\/wp-content\/uploads\/2021\/02\/photo_2021-02-22_09-30-15-768x513.jpg 768w, https:\/\/www.esplac.cat\/wp-content\/uploads\/2021\/02\/photo_2021-02-22_09-30-15-800x534.jpg 800w, https:\/\/www.esplac.cat\/wp-content\/uploads\/2021\/02\/photo_2021-02-22_09-30-15-1024x684.jpg 1024w, https:\/\/www.esplac.cat\/wp-content\/uploads\/2021\/02\/photo_2021-02-22_09-30-15-1200x802.jpg 1200w, https:\/\/www.esplac.cat\/wp-content\/uploads\/2021\/02\/photo_2021-02-22_09-30-15.jpg 1280w\" sizes=\"(max-width: 300px) 100vw, 300px\" \/><\/a>\n\t\t\t<\/dt>\n\t\t\t\t<dd class='wp-caption-text gallery-caption' id='gallery-1-34960'>\n\t\t\t\tPla\u00e7a Sant Jaume (BCN)\n\t\t\t\t<\/dd><\/dl><dl class='gallery-item'>\n\t\t\t<dt class='gallery-icon landscape'>\n\t\t\t\t<a data-rel=\"iLightbox[postimages]\" data-title=\"photo_2021-02-22_09-29-57\" data-caption=\"Pla\u00e7a Sant Jaume (BCN)\" href='https:\/\/www.esplac.cat\/wp-content\/uploads\/2021\/02\/photo_2021-02-22_09-29-57.jpg'><img decoding=\"async\" width=\"300\" height=\"200\" src=\"https:\/\/www.esplac.cat\/wp-content\/uploads\/2021\/02\/photo_2021-02-22_09-29-57-300x200.jpg\" class=\"attachment-medium size-medium\" alt=\"\" aria-describedby=\"gallery-1-34973\" srcset=\"https:\/\/www.esplac.cat\/wp-content\/uploads\/2021\/02\/photo_2021-02-22_09-29-57-200x134.jpg 200w, https:\/\/www.esplac.cat\/wp-content\/uploads\/2021\/02\/photo_2021-02-22_09-29-57-300x200.jpg 300w, https:\/\/www.esplac.cat\/wp-content\/uploads\/2021\/02\/photo_2021-02-22_09-29-57-400x267.jpg 400w, https:\/\/www.esplac.cat\/wp-content\/uploads\/2021\/02\/photo_2021-02-22_09-29-57-600x401.jpg 600w, https:\/\/www.esplac.cat\/wp-content\/uploads\/2021\/02\/photo_2021-02-22_09-29-57-768x513.jpg 768w, https:\/\/www.esplac.cat\/wp-content\/uploads\/2021\/02\/photo_2021-02-22_09-29-57-800x534.jpg 800w, https:\/\/www.esplac.cat\/wp-content\/uploads\/2021\/02\/photo_2021-02-22_09-29-57-1024x684.jpg 1024w, https:\/\/www.esplac.cat\/wp-content\/uploads\/2021\/02\/photo_2021-02-22_09-29-57-1200x802.jpg 1200w, https:\/\/www.esplac.cat\/wp-content\/uploads\/2021\/02\/photo_2021-02-22_09-29-57.jpg 1280w\" sizes=\"(max-width: 300px) 100vw, 300px\" \/><\/a>\n\t\t\t<\/dt>\n\t\t\t\t<dd class='wp-caption-text gallery-caption' id='gallery-1-34973'>\n\t\t\t\tPla\u00e7a Sant Jaume (BCN)\n\t\t\t\t<\/dd><\/dl><dl class='gallery-item'>\n\t\t\t<dt class='gallery-icon landscape'>\n\t\t\t\t<a data-rel=\"iLightbox[postimages]\" data-title=\"photo_2021-02-22_09-28-32\" data-caption=\"Vila de Gr\u00e0cia\" href='https:\/\/www.esplac.cat\/wp-content\/uploads\/2021\/02\/photo_2021-02-22_09-28-32.jpg'><img decoding=\"async\" width=\"300\" height=\"200\" src=\"https:\/\/www.esplac.cat\/wp-content\/uploads\/2021\/02\/photo_2021-02-22_09-28-32-300x200.jpg\" class=\"attachment-medium size-medium\" alt=\"\" aria-describedby=\"gallery-1-34954\" srcset=\"https:\/\/www.esplac.cat\/wp-content\/uploads\/2021\/02\/photo_2021-02-22_09-28-32-200x134.jpg 200w, https:\/\/www.esplac.cat\/wp-content\/uploads\/2021\/02\/photo_2021-02-22_09-28-32-300x200.jpg 300w, https:\/\/www.esplac.cat\/wp-content\/uploads\/2021\/02\/photo_2021-02-22_09-28-32-400x267.jpg 400w, https:\/\/www.esplac.cat\/wp-content\/uploads\/2021\/02\/photo_2021-02-22_09-28-32-600x401.jpg 600w, https:\/\/www.esplac.cat\/wp-content\/uploads\/2021\/02\/photo_2021-02-22_09-28-32-768x513.jpg 768w, https:\/\/www.esplac.cat\/wp-content\/uploads\/2021\/02\/photo_2021-02-22_09-28-32-800x534.jpg 800w, https:\/\/www.esplac.cat\/wp-content\/uploads\/2021\/02\/photo_2021-02-22_09-28-32-1024x684.jpg 1024w, https:\/\/www.esplac.cat\/wp-content\/uploads\/2021\/02\/photo_2021-02-22_09-28-32-1200x802.jpg 1200w, https:\/\/www.esplac.cat\/wp-content\/uploads\/2021\/02\/photo_2021-02-22_09-28-32.jpg 1280w\" sizes=\"(max-width: 300px) 100vw, 300px\" \/><\/a>\n\t\t\t<\/dt>\n\t\t\t\t<dd class='wp-caption-text gallery-caption' id='gallery-1-34954'>\n\t\t\t\tVila de Gr\u00e0cia\n\t\t\t\t<\/dd><\/dl><br style=\"clear: both\" \/><dl class='gallery-item'>\n\t\t\t<dt class='gallery-icon landscape'>\n\t\t\t\t<a data-rel=\"iLightbox[postimages]\" data-title=\"photo_2021-02-22_09-28-57\" data-caption=\"Vila de Gr\u00e0cia\" href='https:\/\/www.esplac.cat\/wp-content\/uploads\/2021\/02\/photo_2021-02-22_09-28-57.jpg'><img decoding=\"async\" width=\"300\" height=\"200\" src=\"https:\/\/www.esplac.cat\/wp-content\/uploads\/2021\/02\/photo_2021-02-22_09-28-57-300x200.jpg\" class=\"attachment-medium size-medium\" alt=\"\" aria-describedby=\"gallery-1-34957\" srcset=\"https:\/\/www.esplac.cat\/wp-content\/uploads\/2021\/02\/photo_2021-02-22_09-28-57-200x134.jpg 200w, https:\/\/www.esplac.cat\/wp-content\/uploads\/2021\/02\/photo_2021-02-22_09-28-57-300x200.jpg 300w, https:\/\/www.esplac.cat\/wp-content\/uploads\/2021\/02\/photo_2021-02-22_09-28-57-400x267.jpg 400w, https:\/\/www.esplac.cat\/wp-content\/uploads\/2021\/02\/photo_2021-02-22_09-28-57-600x401.jpg 600w, https:\/\/www.esplac.cat\/wp-content\/uploads\/2021\/02\/photo_2021-02-22_09-28-57-768x513.jpg 768w, https:\/\/www.esplac.cat\/wp-content\/uploads\/2021\/02\/photo_2021-02-22_09-28-57-800x534.jpg 800w, https:\/\/www.esplac.cat\/wp-content\/uploads\/2021\/02\/photo_2021-02-22_09-28-57-1024x684.jpg 1024w, https:\/\/www.esplac.cat\/wp-content\/uploads\/2021\/02\/photo_2021-02-22_09-28-57-1200x802.jpg 1200w, https:\/\/www.esplac.cat\/wp-content\/uploads\/2021\/02\/photo_2021-02-22_09-28-57.jpg 1280w\" sizes=\"(max-width: 300px) 100vw, 300px\" \/><\/a>\n\t\t\t<\/dt>\n\t\t\t\t<dd class='wp-caption-text gallery-caption' id='gallery-1-34957'>\n\t\t\t\tVila de Gr\u00e0cia\n\t\t\t\t<\/dd><\/dl><dl class='gallery-item'>\n\t\t\t<dt class='gallery-icon landscape'>\n\t\t\t\t<a data-rel=\"iLightbox[postimages]\" data-title=\"photo_2021-02-22_09-29-10\" data-caption=\"Vila de Gr\u00e0cia (BCN)\" href='https:\/\/www.esplac.cat\/wp-content\/uploads\/2021\/02\/photo_2021-02-22_09-29-10.jpg'><img decoding=\"async\" width=\"300\" height=\"225\" src=\"https:\/\/www.esplac.cat\/wp-content\/uploads\/2021\/02\/photo_2021-02-22_09-29-10-300x225.jpg\" class=\"attachment-medium size-medium\" alt=\"\" aria-describedby=\"gallery-1-34963\" srcset=\"https:\/\/www.esplac.cat\/wp-content\/uploads\/2021\/02\/photo_2021-02-22_09-29-10-200x150.jpg 200w, https:\/\/www.esplac.cat\/wp-content\/uploads\/2021\/02\/photo_2021-02-22_09-29-10-300x225.jpg 300w, https:\/\/www.esplac.cat\/wp-content\/uploads\/2021\/02\/photo_2021-02-22_09-29-10-400x300.jpg 400w, https:\/\/www.esplac.cat\/wp-content\/uploads\/2021\/02\/photo_2021-02-22_09-29-10-600x450.jpg 600w, https:\/\/www.esplac.cat\/wp-content\/uploads\/2021\/02\/photo_2021-02-22_09-29-10-768x576.jpg 768w, https:\/\/www.esplac.cat\/wp-content\/uploads\/2021\/02\/photo_2021-02-22_09-29-10-800x600.jpg 800w, https:\/\/www.esplac.cat\/wp-content\/uploads\/2021\/02\/photo_2021-02-22_09-29-10-1024x768.jpg 1024w, https:\/\/www.esplac.cat\/wp-content\/uploads\/2021\/02\/photo_2021-02-22_09-29-10-1200x900.jpg 1200w, https:\/\/www.esplac.cat\/wp-content\/uploads\/2021\/02\/photo_2021-02-22_09-29-10.jpg 1280w\" sizes=\"(max-width: 300px) 100vw, 300px\" \/><\/a>\n\t\t\t<\/dt>\n\t\t\t\t<dd class='wp-caption-text gallery-caption' id='gallery-1-34963'>\n\t\t\t\tVila de Gr\u00e0cia (BCN)\n\t\t\t\t<\/dd><\/dl><dl class='gallery-item'>\n\t\t\t<dt class='gallery-icon landscape'>\n\t\t\t\t<a data-rel=\"iLightbox[postimages]\" data-title=\"photo_2021-02-22_09-29-20\" data-caption=\"Vila de Gr\u00e0cia (BCN)\" href='https:\/\/www.esplac.cat\/wp-content\/uploads\/2021\/02\/photo_2021-02-22_09-29-20.jpg'><img decoding=\"async\" width=\"300\" height=\"200\" src=\"https:\/\/www.esplac.cat\/wp-content\/uploads\/2021\/02\/photo_2021-02-22_09-29-20-300x200.jpg\" class=\"attachment-medium size-medium\" alt=\"\" aria-describedby=\"gallery-1-34966\" srcset=\"https:\/\/www.esplac.cat\/wp-content\/uploads\/2021\/02\/photo_2021-02-22_09-29-20-200x133.jpg 200w, https:\/\/www.esplac.cat\/wp-content\/uploads\/2021\/02\/photo_2021-02-22_09-29-20-300x200.jpg 300w, https:\/\/www.esplac.cat\/wp-content\/uploads\/2021\/02\/photo_2021-02-22_09-29-20-400x267.jpg 400w, https:\/\/www.esplac.cat\/wp-content\/uploads\/2021\/02\/photo_2021-02-22_09-29-20-600x400.jpg 600w, https:\/\/www.esplac.cat\/wp-content\/uploads\/2021\/02\/photo_2021-02-22_09-29-20-768x512.jpg 768w, https:\/\/www.esplac.cat\/wp-content\/uploads\/2021\/02\/photo_2021-02-22_09-29-20-800x534.jpg 800w, https:\/\/www.esplac.cat\/wp-content\/uploads\/2021\/02\/photo_2021-02-22_09-29-20-1024x683.jpg 1024w, https:\/\/www.esplac.cat\/wp-content\/uploads\/2021\/02\/photo_2021-02-22_09-29-20-1200x801.jpg 1200w, https:\/\/www.esplac.cat\/wp-content\/uploads\/2021\/02\/photo_2021-02-22_09-29-20.jpg 1280w\" sizes=\"(max-width: 300px) 100vw, 300px\" \/><\/a>\n\t\t\t<\/dt>\n\t\t\t\t<dd class='wp-caption-text gallery-caption' id='gallery-1-34966'>\n\t\t\t\tVila de Gr\u00e0cia (BCN)\n\t\t\t\t<\/dd><\/dl><dl class='gallery-item'>\n\t\t\t<dt class='gallery-icon landscape'>\n\t\t\t\t<a data-rel=\"iLightbox[postimages]\" data-title=\"photo_2021-02-22_09-28-43\" data-caption=\"Vila de Gr\u00e0cia (BCN)\" href='https:\/\/www.esplac.cat\/wp-content\/uploads\/2021\/02\/photo_2021-02-22_09-28-43.jpg'><img decoding=\"async\" width=\"300\" height=\"200\" src=\"https:\/\/www.esplac.cat\/wp-content\/uploads\/2021\/02\/photo_2021-02-22_09-28-43-300x200.jpg\" class=\"attachment-medium size-medium\" alt=\"\" aria-describedby=\"gallery-1-34999\" srcset=\"https:\/\/www.esplac.cat\/wp-content\/uploads\/2021\/02\/photo_2021-02-22_09-28-43-200x134.jpg 200w, https:\/\/www.esplac.cat\/wp-content\/uploads\/2021\/02\/photo_2021-02-22_09-28-43-300x200.jpg 300w, https:\/\/www.esplac.cat\/wp-content\/uploads\/2021\/02\/photo_2021-02-22_09-28-43-400x267.jpg 400w, https:\/\/www.esplac.cat\/wp-content\/uploads\/2021\/02\/photo_2021-02-22_09-28-43-600x401.jpg 600w, https:\/\/www.esplac.cat\/wp-content\/uploads\/2021\/02\/photo_2021-02-22_09-28-43-768x513.jpg 768w, https:\/\/www.esplac.cat\/wp-content\/uploads\/2021\/02\/photo_2021-02-22_09-28-43-800x534.jpg 800w, https:\/\/www.esplac.cat\/wp-content\/uploads\/2021\/02\/photo_2021-02-22_09-28-43-1024x684.jpg 1024w, https:\/\/www.esplac.cat\/wp-content\/uploads\/2021\/02\/photo_2021-02-22_09-28-43-1200x802.jpg 1200w, https:\/\/www.esplac.cat\/wp-content\/uploads\/2021\/02\/photo_2021-02-22_09-28-43.jpg 1280w\" sizes=\"(max-width: 300px) 100vw, 300px\" \/><\/a>\n\t\t\t<\/dt>\n\t\t\t\t<dd class='wp-caption-text gallery-caption' id='gallery-1-34999'>\n\t\t\t\tVila de Gr\u00e0cia (BCN)\n\t\t\t\t<\/dd><\/dl><br style=\"clear: both\" \/><dl class='gallery-item'>\n\t\t\t<dt class='gallery-icon landscape'>\n\t\t\t\t<a data-rel=\"iLightbox[postimages]\" data-title=\"photo_2021-02-22_09-28-45\" data-caption=\"Vila de Gr\u00e0cia (BCN)\" href='https:\/\/www.esplac.cat\/wp-content\/uploads\/2021\/02\/photo_2021-02-22_09-28-45.jpg'><img decoding=\"async\" width=\"300\" height=\"200\" src=\"https:\/\/www.esplac.cat\/wp-content\/uploads\/2021\/02\/photo_2021-02-22_09-28-45-300x200.jpg\" class=\"attachment-medium size-medium\" alt=\"\" aria-describedby=\"gallery-1-34996\" srcset=\"https:\/\/www.esplac.cat\/wp-content\/uploads\/2021\/02\/photo_2021-02-22_09-28-45-200x133.jpg 200w, https:\/\/www.esplac.cat\/wp-content\/uploads\/2021\/02\/photo_2021-02-22_09-28-45-300x200.jpg 300w, https:\/\/www.esplac.cat\/wp-content\/uploads\/2021\/02\/photo_2021-02-22_09-28-45-400x267.jpg 400w, https:\/\/www.esplac.cat\/wp-content\/uploads\/2021\/02\/photo_2021-02-22_09-28-45-600x400.jpg 600w, https:\/\/www.esplac.cat\/wp-content\/uploads\/2021\/02\/photo_2021-02-22_09-28-45-768x512.jpg 768w, https:\/\/www.esplac.cat\/wp-content\/uploads\/2021\/02\/photo_2021-02-22_09-28-45-800x534.jpg 800w, https:\/\/www.esplac.cat\/wp-content\/uploads\/2021\/02\/photo_2021-02-22_09-28-45-1024x683.jpg 1024w, https:\/\/www.esplac.cat\/wp-content\/uploads\/2021\/02\/photo_2021-02-22_09-28-45-1200x801.jpg 1200w, https:\/\/www.esplac.cat\/wp-content\/uploads\/2021\/02\/photo_2021-02-22_09-28-45.jpg 1280w\" sizes=\"(max-width: 300px) 100vw, 300px\" \/><\/a>\n\t\t\t<\/dt>\n\t\t\t\t<dd class='wp-caption-text gallery-caption' id='gallery-1-34996'>\n\t\t\t\tVila de Gr\u00e0cia (BCN)\n\t\t\t\t<\/dd><\/dl><dl class='gallery-item'>\n\t\t\t<dt class='gallery-icon landscape'>\n\t\t\t\t<a data-rel=\"iLightbox[postimages]\" data-title=\"WhatsApp Image 2021-02-22 at 09.12.49\" data-caption=\"Vilafranca del Pened\u00e8s\" href='https:\/\/www.esplac.cat\/wp-content\/uploads\/2021\/02\/WhatsApp-Image-2021-02-22-at-09.12.49.jpeg'><img decoding=\"async\" width=\"300\" height=\"225\" src=\"https:\/\/www.esplac.cat\/wp-content\/uploads\/2021\/02\/WhatsApp-Image-2021-02-22-at-09.12.49-300x225.jpeg\" class=\"attachment-medium size-medium\" alt=\"\" aria-describedby=\"gallery-1-34969\" srcset=\"https:\/\/www.esplac.cat\/wp-content\/uploads\/2021\/02\/WhatsApp-Image-2021-02-22-at-09.12.49-200x150.jpeg 200w, https:\/\/www.esplac.cat\/wp-content\/uploads\/2021\/02\/WhatsApp-Image-2021-02-22-at-09.12.49-300x225.jpeg 300w, https:\/\/www.esplac.cat\/wp-content\/uploads\/2021\/02\/WhatsApp-Image-2021-02-22-at-09.12.49-400x300.jpeg 400w, https:\/\/www.esplac.cat\/wp-content\/uploads\/2021\/02\/WhatsApp-Image-2021-02-22-at-09.12.49-600x450.jpeg 600w, https:\/\/www.esplac.cat\/wp-content\/uploads\/2021\/02\/WhatsApp-Image-2021-02-22-at-09.12.49-768x576.jpeg 768w, https:\/\/www.esplac.cat\/wp-content\/uploads\/2021\/02\/WhatsApp-Image-2021-02-22-at-09.12.49-800x600.jpeg 800w, https:\/\/www.esplac.cat\/wp-content\/uploads\/2021\/02\/WhatsApp-Image-2021-02-22-at-09.12.49-1024x768.jpeg 1024w, https:\/\/www.esplac.cat\/wp-content\/uploads\/2021\/02\/WhatsApp-Image-2021-02-22-at-09.12.49-1200x900.jpeg 1200w, https:\/\/www.esplac.cat\/wp-content\/uploads\/2021\/02\/WhatsApp-Image-2021-02-22-at-09.12.49-1536x1152.jpeg 1536w, https:\/\/www.esplac.cat\/wp-content\/uploads\/2021\/02\/WhatsApp-Image-2021-02-22-at-09.12.49.jpeg 1600w\" sizes=\"(max-width: 300px) 100vw, 300px\" \/><\/a>\n\t\t\t<\/dt>\n\t\t\t\t<dd class='wp-caption-text gallery-caption' id='gallery-1-34969'>\n\t\t\t\tVilafranca del Pened\u00e8s\n\t\t\t\t<\/dd><\/dl><dl class='gallery-item'>\n\t\t\t<dt class='gallery-icon landscape'>\n\t\t\t\t<a data-rel=\"iLightbox[postimages]\" data-title=\"santcugat\" data-caption=\"Sant Cugat\" href='https:\/\/www.esplac.cat\/wp-content\/uploads\/2021\/02\/santcugat.jpg'><img decoding=\"async\" width=\"300\" height=\"169\" src=\"https:\/\/www.esplac.cat\/wp-content\/uploads\/2021\/02\/santcugat-300x169.jpg\" class=\"attachment-medium size-medium\" alt=\"\" aria-describedby=\"gallery-1-34985\" srcset=\"https:\/\/www.esplac.cat\/wp-content\/uploads\/2021\/02\/santcugat-200x112.jpg 200w, https:\/\/www.esplac.cat\/wp-content\/uploads\/2021\/02\/santcugat-300x169.jpg 300w, https:\/\/www.esplac.cat\/wp-content\/uploads\/2021\/02\/santcugat-400x225.jpg 400w, https:\/\/www.esplac.cat\/wp-content\/uploads\/2021\/02\/santcugat-600x337.jpg 600w, https:\/\/www.esplac.cat\/wp-content\/uploads\/2021\/02\/santcugat-768x432.jpg 768w, https:\/\/www.esplac.cat\/wp-content\/uploads\/2021\/02\/santcugat-800x450.jpg 800w, https:\/\/www.esplac.cat\/wp-content\/uploads\/2021\/02\/santcugat-1024x576.jpg 1024w, https:\/\/www.esplac.cat\/wp-content\/uploads\/2021\/02\/santcugat-1200x675.jpg 1200w, https:\/\/www.esplac.cat\/wp-content\/uploads\/2021\/02\/santcugat.jpg 1250w\" sizes=\"(max-width: 300px) 100vw, 300px\" \/><\/a>\n\t\t\t<\/dt>\n\t\t\t\t<dd class='wp-caption-text gallery-caption' id='gallery-1-34985'>\n\t\t\t\tSant Cugat\n\t\t\t\t<\/dd><\/dl><dl class='gallery-item'>\n\t\t\t<dt class='gallery-icon landscape'>\n\t\t\t\t<a data-rel=\"iLightbox[postimages]\" data-title=\"Captura de Pantalla 2021-02-22 a les 12.57.32\" data-caption=\"Terrassa\" href='https:\/\/www.esplac.cat\/wp-content\/uploads\/2021\/02\/Captura-de-Pantalla-2021-02-22-a-les-12.57.32.jpg'><img decoding=\"async\" width=\"300\" height=\"230\" src=\"https:\/\/www.esplac.cat\/wp-content\/uploads\/2021\/02\/Captura-de-Pantalla-2021-02-22-a-les-12.57.32-300x230.jpg\" class=\"attachment-medium size-medium\" alt=\"\" aria-describedby=\"gallery-1-34979\" srcset=\"https:\/\/www.esplac.cat\/wp-content\/uploads\/2021\/02\/Captura-de-Pantalla-2021-02-22-a-les-12.57.32-200x153.jpg 200w, https:\/\/www.esplac.cat\/wp-content\/uploads\/2021\/02\/Captura-de-Pantalla-2021-02-22-a-les-12.57.32-300x230.jpg 300w, https:\/\/www.esplac.cat\/wp-content\/uploads\/2021\/02\/Captura-de-Pantalla-2021-02-22-a-les-12.57.32-400x307.jpg 400w, https:\/\/www.esplac.cat\/wp-content\/uploads\/2021\/02\/Captura-de-Pantalla-2021-02-22-a-les-12.57.32-600x460.jpg 600w, https:\/\/www.esplac.cat\/wp-content\/uploads\/2021\/02\/Captura-de-Pantalla-2021-02-22-a-les-12.57.32-768x589.jpg 768w, https:\/\/www.esplac.cat\/wp-content\/uploads\/2021\/02\/Captura-de-Pantalla-2021-02-22-a-les-12.57.32-800x614.jpg 800w, https:\/\/www.esplac.cat\/wp-content\/uploads\/2021\/02\/Captura-de-Pantalla-2021-02-22-a-les-12.57.32.jpg 923w\" sizes=\"(max-width: 300px) 100vw, 300px\" \/><\/a>\n\t\t\t<\/dt>\n\t\t\t\t<dd class='wp-caption-text gallery-caption' id='gallery-1-34979'>\n\t\t\t\tTerrassa\n\t\t\t\t<\/dd><\/dl><br style=\"clear: both\" \/><dl class='gallery-item'>\n\t\t\t<dt class='gallery-icon landscape'>\n\t\t\t\t<a data-rel=\"iLightbox[postimages]\" data-title=\"Captura de Pantalla 2021-02-22 a les 12.56.41\" data-caption=\"Terrassa\" href='https:\/\/www.esplac.cat\/wp-content\/uploads\/2021\/02\/Captura-de-Pantalla-2021-02-22-a-les-12.56.41.jpg'><img decoding=\"async\" width=\"300\" height=\"234\" src=\"https:\/\/www.esplac.cat\/wp-content\/uploads\/2021\/02\/Captura-de-Pantalla-2021-02-22-a-les-12.56.41-300x234.jpg\" class=\"attachment-medium size-medium\" alt=\"\" aria-describedby=\"gallery-1-34982\" srcset=\"https:\/\/www.esplac.cat\/wp-content\/uploads\/2021\/02\/Captura-de-Pantalla-2021-02-22-a-les-12.56.41-200x156.jpg 200w, https:\/\/www.esplac.cat\/wp-content\/uploads\/2021\/02\/Captura-de-Pantalla-2021-02-22-a-les-12.56.41-300x234.jpg 300w, https:\/\/www.esplac.cat\/wp-content\/uploads\/2021\/02\/Captura-de-Pantalla-2021-02-22-a-les-12.56.41-400x312.jpg 400w, https:\/\/www.esplac.cat\/wp-content\/uploads\/2021\/02\/Captura-de-Pantalla-2021-02-22-a-les-12.56.41-600x469.jpg 600w, https:\/\/www.esplac.cat\/wp-content\/uploads\/2021\/02\/Captura-de-Pantalla-2021-02-22-a-les-12.56.41-768x600.jpg 768w, https:\/\/www.esplac.cat\/wp-content\/uploads\/2021\/02\/Captura-de-Pantalla-2021-02-22-a-les-12.56.41-800x625.jpg 800w, https:\/\/www.esplac.cat\/wp-content\/uploads\/2021\/02\/Captura-de-Pantalla-2021-02-22-a-les-12.56.41.jpg 923w\" sizes=\"(max-width: 300px) 100vw, 300px\" \/><\/a>\n\t\t\t<\/dt>\n\t\t\t\t<dd class='wp-caption-text gallery-caption' id='gallery-1-34982'>\n\t\t\t\tTerrassa\n\t\t\t\t<\/dd><\/dl><dl class='gallery-item'>\n\t\t\t<dt class='gallery-icon landscape'>\n\t\t\t\t<a data-rel=\"iLightbox[postimages]\" data-title=\"32ae7ca2-1a9c-4e71-9060-73921e71e4de\" data-caption=\"Tona\" href='https:\/\/www.esplac.cat\/wp-content\/uploads\/2021\/02\/32ae7ca2-1a9c-4e71-9060-73921e71e4de.jpeg'><img decoding=\"async\" width=\"300\" height=\"225\" src=\"https:\/\/www.esplac.cat\/wp-content\/uploads\/2021\/02\/32ae7ca2-1a9c-4e71-9060-73921e71e4de-300x225.jpeg\" class=\"attachment-medium size-medium\" alt=\"\" aria-describedby=\"gallery-1-35003\" srcset=\"https:\/\/www.esplac.cat\/wp-content\/uploads\/2021\/02\/32ae7ca2-1a9c-4e71-9060-73921e71e4de-200x150.jpeg 200w, https:\/\/www.esplac.cat\/wp-content\/uploads\/2021\/02\/32ae7ca2-1a9c-4e71-9060-73921e71e4de-300x225.jpeg 300w, https:\/\/www.esplac.cat\/wp-content\/uploads\/2021\/02\/32ae7ca2-1a9c-4e71-9060-73921e71e4de-400x300.jpeg 400w, https:\/\/www.esplac.cat\/wp-content\/uploads\/2021\/02\/32ae7ca2-1a9c-4e71-9060-73921e71e4de-600x450.jpeg 600w, https:\/\/www.esplac.cat\/wp-content\/uploads\/2021\/02\/32ae7ca2-1a9c-4e71-9060-73921e71e4de-768x576.jpeg 768w, https:\/\/www.esplac.cat\/wp-content\/uploads\/2021\/02\/32ae7ca2-1a9c-4e71-9060-73921e71e4de-800x600.jpeg 800w, https:\/\/www.esplac.cat\/wp-content\/uploads\/2021\/02\/32ae7ca2-1a9c-4e71-9060-73921e71e4de.jpeg 1024w\" sizes=\"(max-width: 300px) 100vw, 300px\" \/><\/a>\n\t\t\t<\/dt>\n\t\t\t\t<dd class='wp-caption-text gallery-caption' id='gallery-1-35003'>\n\t\t\t\tTona\n\t\t\t\t<\/dd><\/dl>\n\t\t\t<br style='clear: both' \/>\n\t\t<\/div>\n\n<p><em>Autoria de les fotografies de la pl Sant Jaume i la Vila de Gr\u00e0cia: Joanna Chichelnitzky @chichfotografia<\/em><\/p>\n","protected":false},"excerpt":{"rendered":"<p>El darrer dissabte 20 de febrer es van realizar m\u00e9s [&hellip;]<\/p>\n","protected":false},"author":3,"featured_media":34946,"comment_status":"closed","ping_status":"closed","sticky":false,"template":"","format":"standard","meta":{"om_disable_all_campaigns":false,"_monsterinsights_skip_tracking":false,"_monsterinsights_sitenote_active":false,"_monsterinsights_sitenote_note":"","_monsterinsights_sitenote_category":0,"_uf_show_specific_survey":0,"_uf_disable_surveys":false,"footnotes":""},"categories":[1117],"tags":[],"class_list":["post-34944","post","type-post","status-publish","format-standard","has-post-thumbnail","hentry","category-activitats-esplais"],"yoast_head":"<!-- This site is optimized with the Yoast SEO plugin v27.5 - https:\/\/yoast.com\/product\/yoast-seo-wordpress\/ -->\n<title>Els esplais d&#039;Esplac hem reivindicat que som segurs i imprescindibles!<\/title>\n<meta name=\"description\" content=\"M\u00e9s de 10 concentracions organitzades pels esplais d&#039;Esplac per reivindicar que els esplais s\u00f3n segurs i imprescindibles,\" \/>\n<meta name=\"robots\" content=\"index, follow, max-snippet:-1, max-image-preview:large, max-video-preview:-1\" \/>\n<link rel=\"canonical\" href=\"https:\/\/www.esplac.cat\/esplais-esplac-reivindicat-segurs-imprescindibles\/\" \/>\n<meta property=\"og:locale\" content=\"es_ES\" \/>\n<meta property=\"og:type\" content=\"article\" \/>\n<meta property=\"og:title\" content=\"Els esplais d&#039;Esplac hem reivindicat que som segurs i imprescindibles!\" \/>\n<meta property=\"og:description\" content=\"M\u00e9s de 10 concentracions organitzades pels esplais d&#039;Esplac per reivindicar que els esplais s\u00f3n segurs i imprescindibles,\" \/>\n<meta property=\"og:url\" content=\"https:\/\/www.esplac.cat\/esplais-esplac-reivindicat-segurs-imprescindibles\/\" \/>\n<meta property=\"og:site_name\" content=\"Esplac\" \/>\n<meta property=\"article:published_time\" content=\"2021-02-22T12:04:44+00:00\" \/>\n<meta property=\"article:modified_time\" content=\"2021-02-22T12:25:29+00:00\" \/>\n<meta property=\"og:image\" content=\"https:\/\/www.esplac.cat\/wp-content\/uploads\/2021\/02\/impresc.jpg\" \/>\n\t<meta property=\"og:image:width\" content=\"1697\" \/>\n\t<meta property=\"og:image:height\" content=\"700\" \/>\n\t<meta property=\"og:image:type\" content=\"image\/jpeg\" \/>\n<meta name=\"author\" content=\"Comunicaci\u00f3 Esplac\" \/>\n<meta name=\"twitter:card\" content=\"summary_large_image\" \/>\n<meta name=\"twitter:label1\" content=\"Escrito por\" \/>\n\t<meta name=\"twitter:data1\" content=\"Comunicaci\u00f3 Esplac\" \/>\n\t<meta name=\"twitter:label2\" content=\"Tiempo de lectura\" \/>\n\t<meta name=\"twitter:data2\" content=\"2 minutos\" \/>\n<script type=\"application\/ld+json\" class=\"yoast-schema-graph\">{\"@context\":\"https:\\\/\\\/schema.org\",\"@graph\":[{\"@type\":\"Article\",\"@id\":\"https:\\\/\\\/www.esplac.cat\\\/esplais-esplac-reivindicat-segurs-imprescindibles\\\/#article\",\"isPartOf\":{\"@id\":\"https:\\\/\\\/www.esplac.cat\\\/esplais-esplac-reivindicat-segurs-imprescindibles\\\/\"},\"author\":{\"name\":\"Comunicaci\u00f3 Esplac\",\"@id\":\"https:\\\/\\\/www.esplac.cat\\\/#\\\/schema\\\/person\\\/908383cf240be18b68f8855d0583faca\"},\"headline\":\"Els esplais d&#8217;Esplac hem reivindicat que som segurs i imprescindibles!\",\"datePublished\":\"2021-02-22T12:04:44+00:00\",\"dateModified\":\"2021-02-22T12:25:29+00:00\",\"mainEntityOfPage\":{\"@id\":\"https:\\\/\\\/www.esplac.cat\\\/esplais-esplac-reivindicat-segurs-imprescindibles\\\/\"},\"wordCount\":476,\"publisher\":{\"@id\":\"https:\\\/\\\/www.esplac.cat\\\/#organization\"},\"image\":{\"@id\":\"https:\\\/\\\/www.esplac.cat\\\/esplais-esplac-reivindicat-segurs-imprescindibles\\\/#primaryimage\"},\"thumbnailUrl\":\"https:\\\/\\\/www.esplac.cat\\\/wp-content\\\/uploads\\\/2021\\\/02\\\/impresc.jpg\",\"articleSection\":[\"Activitats esplais\"],\"inLanguage\":\"es\"},{\"@type\":\"WebPage\",\"@id\":\"https:\\\/\\\/www.esplac.cat\\\/esplais-esplac-reivindicat-segurs-imprescindibles\\\/\",\"url\":\"https:\\\/\\\/www.esplac.cat\\\/esplais-esplac-reivindicat-segurs-imprescindibles\\\/\",\"name\":\"Els esplais d'Esplac hem reivindicat que som segurs i imprescindibles!\",\"isPartOf\":{\"@id\":\"https:\\\/\\\/www.esplac.cat\\\/#website\"},\"primaryImageOfPage\":{\"@id\":\"https:\\\/\\\/www.esplac.cat\\\/esplais-esplac-reivindicat-segurs-imprescindibles\\\/#primaryimage\"},\"image\":{\"@id\":\"https:\\\/\\\/www.esplac.cat\\\/esplais-esplac-reivindicat-segurs-imprescindibles\\\/#primaryimage\"},\"thumbnailUrl\":\"https:\\\/\\\/www.esplac.cat\\\/wp-content\\\/uploads\\\/2021\\\/02\\\/impresc.jpg\",\"datePublished\":\"2021-02-22T12:04:44+00:00\",\"dateModified\":\"2021-02-22T12:25:29+00:00\",\"description\":\"M\u00e9s de 10 concentracions organitzades pels esplais d'Esplac per reivindicar que els esplais s\u00f3n segurs i imprescindibles,\",\"breadcrumb\":{\"@id\":\"https:\\\/\\\/www.esplac.cat\\\/esplais-esplac-reivindicat-segurs-imprescindibles\\\/#breadcrumb\"},\"inLanguage\":\"es\",\"potentialAction\":[{\"@type\":\"ReadAction\",\"target\":[\"https:\\\/\\\/www.esplac.cat\\\/esplais-esplac-reivindicat-segurs-imprescindibles\\\/\"]}]},{\"@type\":\"ImageObject\",\"inLanguage\":\"es\",\"@id\":\"https:\\\/\\\/www.esplac.cat\\\/esplais-esplac-reivindicat-segurs-imprescindibles\\\/#primaryimage\",\"url\":\"https:\\\/\\\/www.esplac.cat\\\/wp-content\\\/uploads\\\/2021\\\/02\\\/impresc.jpg\",\"contentUrl\":\"https:\\\/\\\/www.esplac.cat\\\/wp-content\\\/uploads\\\/2021\\\/02\\\/impresc.jpg\",\"width\":1697,\"height\":700,\"caption\":\"esplais imprescindibles\"},{\"@type\":\"BreadcrumbList\",\"@id\":\"https:\\\/\\\/www.esplac.cat\\\/esplais-esplac-reivindicat-segurs-imprescindibles\\\/#breadcrumb\",\"itemListElement\":[{\"@type\":\"ListItem\",\"position\":1,\"name\":\"Inici\",\"item\":\"https:\\\/\\\/www.esplac.cat\\\/es\\\/\"},{\"@type\":\"ListItem\",\"position\":2,\"name\":\"Els esplais d&#8217;Esplac hem reivindicat que som segurs i imprescindibles!\"}]},{\"@type\":\"WebSite\",\"@id\":\"https:\\\/\\\/www.esplac.cat\\\/#website\",\"url\":\"https:\\\/\\\/www.esplac.cat\\\/\",\"name\":\"Esplac\",\"description\":\"Esplais Catalans\",\"publisher\":{\"@id\":\"https:\\\/\\\/www.esplac.cat\\\/#organization\"},\"potentialAction\":[{\"@type\":\"SearchAction\",\"target\":{\"@type\":\"EntryPoint\",\"urlTemplate\":\"https:\\\/\\\/www.esplac.cat\\\/?s={search_term_string}\"},\"query-input\":{\"@type\":\"PropertyValueSpecification\",\"valueRequired\":true,\"valueName\":\"search_term_string\"}}],\"inLanguage\":\"es\"},{\"@type\":\"Organization\",\"@id\":\"https:\\\/\\\/www.esplac.cat\\\/#organization\",\"name\":\"Esplac\",\"url\":\"https:\\\/\\\/www.esplac.cat\\\/\",\"logo\":{\"@type\":\"ImageObject\",\"inLanguage\":\"es\",\"@id\":\"https:\\\/\\\/www.esplac.cat\\\/#\\\/schema\\\/logo\\\/image\\\/\",\"url\":\"https:\\\/\\\/www.esplac.cat\\\/wp-content\\\/uploads\\\/2019\\\/08\\\/logox2.png\",\"contentUrl\":\"https:\\\/\\\/www.esplac.cat\\\/wp-content\\\/uploads\\\/2019\\\/08\\\/logox2.png\",\"width\":600,\"height\":295,\"caption\":\"Esplac\"},\"image\":{\"@id\":\"https:\\\/\\\/www.esplac.cat\\\/#\\\/schema\\\/logo\\\/image\\\/\"}},{\"@type\":\"Person\",\"@id\":\"https:\\\/\\\/www.esplac.cat\\\/#\\\/schema\\\/person\\\/908383cf240be18b68f8855d0583faca\",\"name\":\"Comunicaci\u00f3 Esplac\",\"image\":{\"@type\":\"ImageObject\",\"inLanguage\":\"es\",\"@id\":\"https:\\\/\\\/secure.gravatar.com\\\/avatar\\\/7a4cf8feb412a76ea4a740ca02d95b06b2907b5a6c648c2dd0a1082a093c3141?s=96&d=mm&r=g\",\"url\":\"https:\\\/\\\/secure.gravatar.com\\\/avatar\\\/7a4cf8feb412a76ea4a740ca02d95b06b2907b5a6c648c2dd0a1082a093c3141?s=96&d=mm&r=g\",\"contentUrl\":\"https:\\\/\\\/secure.gravatar.com\\\/avatar\\\/7a4cf8feb412a76ea4a740ca02d95b06b2907b5a6c648c2dd0a1082a093c3141?s=96&d=mm&r=g\",\"caption\":\"Comunicaci\u00f3 Esplac\"}}]}<\/script>\n<!-- \/ Yoast SEO plugin. -->","yoast_head_json":{"title":"Els esplais d'Esplac hem reivindicat que som segurs i imprescindibles!","description":"M\u00e9s de 10 concentracions organitzades pels esplais d'Esplac per reivindicar que els esplais s\u00f3n segurs i imprescindibles,","robots":{"index":"index","follow":"follow","max-snippet":"max-snippet:-1","max-image-preview":"max-image-preview:large","max-video-preview":"max-video-preview:-1"},"canonical":"https:\/\/www.esplac.cat\/esplais-esplac-reivindicat-segurs-imprescindibles\/","og_locale":"es_ES","og_type":"article","og_title":"Els esplais d'Esplac hem reivindicat que som segurs i imprescindibles!","og_description":"M\u00e9s de 10 concentracions organitzades pels esplais d'Esplac per reivindicar que els esplais s\u00f3n segurs i imprescindibles,","og_url":"https:\/\/www.esplac.cat\/esplais-esplac-reivindicat-segurs-imprescindibles\/","og_site_name":"Esplac","article_published_time":"2021-02-22T12:04:44+00:00","article_modified_time":"2021-02-22T12:25:29+00:00","og_image":[{"width":1697,"height":700,"url":"https:\/\/www.esplac.cat\/wp-content\/uploads\/2021\/02\/impresc.jpg","type":"image\/jpeg"}],"author":"Comunicaci\u00f3 Esplac","twitter_card":"summary_large_image","twitter_misc":{"Escrito por":"Comunicaci\u00f3 Esplac","Tiempo de lectura":"2 minutos"},"schema":{"@context":"https:\/\/schema.org","@graph":[{"@type":"Article","@id":"https:\/\/www.esplac.cat\/esplais-esplac-reivindicat-segurs-imprescindibles\/#article","isPartOf":{"@id":"https:\/\/www.esplac.cat\/esplais-esplac-reivindicat-segurs-imprescindibles\/"},"author":{"name":"Comunicaci\u00f3 Esplac","@id":"https:\/\/www.esplac.cat\/#\/schema\/person\/908383cf240be18b68f8855d0583faca"},"headline":"Els esplais d&#8217;Esplac hem reivindicat que som segurs i imprescindibles!","datePublished":"2021-02-22T12:04:44+00:00","dateModified":"2021-02-22T12:25:29+00:00","mainEntityOfPage":{"@id":"https:\/\/www.esplac.cat\/esplais-esplac-reivindicat-segurs-imprescindibles\/"},"wordCount":476,"publisher":{"@id":"https:\/\/www.esplac.cat\/#organization"},"image":{"@id":"https:\/\/www.esplac.cat\/esplais-esplac-reivindicat-segurs-imprescindibles\/#primaryimage"},"thumbnailUrl":"https:\/\/www.esplac.cat\/wp-content\/uploads\/2021\/02\/impresc.jpg","articleSection":["Activitats esplais"],"inLanguage":"es"},{"@type":"WebPage","@id":"https:\/\/www.esplac.cat\/esplais-esplac-reivindicat-segurs-imprescindibles\/","url":"https:\/\/www.esplac.cat\/esplais-esplac-reivindicat-segurs-imprescindibles\/","name":"Els esplais d'Esplac hem reivindicat que som segurs i imprescindibles!","isPartOf":{"@id":"https:\/\/www.esplac.cat\/#website"},"primaryImageOfPage":{"@id":"https:\/\/www.esplac.cat\/esplais-esplac-reivindicat-segurs-imprescindibles\/#primaryimage"},"image":{"@id":"https:\/\/www.esplac.cat\/esplais-esplac-reivindicat-segurs-imprescindibles\/#primaryimage"},"thumbnailUrl":"https:\/\/www.esplac.cat\/wp-content\/uploads\/2021\/02\/impresc.jpg","datePublished":"2021-02-22T12:04:44+00:00","dateModified":"2021-02-22T12:25:29+00:00","description":"M\u00e9s de 10 concentracions organitzades pels esplais d'Esplac per reivindicar que els esplais s\u00f3n segurs i imprescindibles,","breadcrumb":{"@id":"https:\/\/www.esplac.cat\/esplais-esplac-reivindicat-segurs-imprescindibles\/#breadcrumb"},"inLanguage":"es","potentialAction":[{"@type":"ReadAction","target":["https:\/\/www.esplac.cat\/esplais-esplac-reivindicat-segurs-imprescindibles\/"]}]},{"@type":"ImageObject","inLanguage":"es","@id":"https:\/\/www.esplac.cat\/esplais-esplac-reivindicat-segurs-imprescindibles\/#primaryimage","url":"https:\/\/www.esplac.cat\/wp-content\/uploads\/2021\/02\/impresc.jpg","contentUrl":"https:\/\/www.esplac.cat\/wp-content\/uploads\/2021\/02\/impresc.jpg","width":1697,"height":700,"caption":"esplais imprescindibles"},{"@type":"BreadcrumbList","@id":"https:\/\/www.esplac.cat\/esplais-esplac-reivindicat-segurs-imprescindibles\/#breadcrumb","itemListElement":[{"@type":"ListItem","position":1,"name":"Inici","item":"https:\/\/www.esplac.cat\/es\/"},{"@type":"ListItem","position":2,"name":"Els esplais d&#8217;Esplac hem reivindicat que som segurs i imprescindibles!"}]},{"@type":"WebSite","@id":"https:\/\/www.esplac.cat\/#website","url":"https:\/\/www.esplac.cat\/","name":"Esplac","description":"Esplais Catalans","publisher":{"@id":"https:\/\/www.esplac.cat\/#organization"},"potentialAction":[{"@type":"SearchAction","target":{"@type":"EntryPoint","urlTemplate":"https:\/\/www.esplac.cat\/?s={search_term_string}"},"query-input":{"@type":"PropertyValueSpecification","valueRequired":true,"valueName":"search_term_string"}}],"inLanguage":"es"},{"@type":"Organization","@id":"https:\/\/www.esplac.cat\/#organization","name":"Esplac","url":"https:\/\/www.esplac.cat\/","logo":{"@type":"ImageObject","inLanguage":"es","@id":"https:\/\/www.esplac.cat\/#\/schema\/logo\/image\/","url":"https:\/\/www.esplac.cat\/wp-content\/uploads\/2019\/08\/logox2.png","contentUrl":"https:\/\/www.esplac.cat\/wp-content\/uploads\/2019\/08\/logox2.png","width":600,"height":295,"caption":"Esplac"},"image":{"@id":"https:\/\/www.esplac.cat\/#\/schema\/logo\/image\/"}},{"@type":"Person","@id":"https:\/\/www.esplac.cat\/#\/schema\/person\/908383cf240be18b68f8855d0583faca","name":"Comunicaci\u00f3 Esplac","image":{"@type":"ImageObject","inLanguage":"es","@id":"https:\/\/secure.gravatar.com\/avatar\/7a4cf8feb412a76ea4a740ca02d95b06b2907b5a6c648c2dd0a1082a093c3141?s=96&d=mm&r=g","url":"https:\/\/secure.gravatar.com\/avatar\/7a4cf8feb412a76ea4a740ca02d95b06b2907b5a6c648c2dd0a1082a093c3141?s=96&d=mm&r=g","contentUrl":"https:\/\/secure.gravatar.com\/avatar\/7a4cf8feb412a76ea4a740ca02d95b06b2907b5a6c648c2dd0a1082a093c3141?s=96&d=mm&r=g","caption":"Comunicaci\u00f3 Esplac"}}]}},"_links":{"self":[{"href":"https:\/\/www.esplac.cat\/es\/wp-json\/wp\/v2\/posts\/34944","targetHints":{"allow":["GET"]}}],"collection":[{"href":"https:\/\/www.esplac.cat\/es\/wp-json\/wp\/v2\/posts"}],"about":[{"href":"https:\/\/www.esplac.cat\/es\/wp-json\/wp\/v2\/types\/post"}],"author":[{"embeddable":true,"href":"https:\/\/www.esplac.cat\/es\/wp-json\/wp\/v2\/users\/3"}],"replies":[{"embeddable":true,"href":"https:\/\/www.esplac.cat\/es\/wp-json\/wp\/v2\/comments?post=34944"}],"version-history":[{"count":0,"href":"https:\/\/www.esplac.cat\/es\/wp-json\/wp\/v2\/posts\/34944\/revisions"}],"wp:featuredmedia":[{"embeddable":true,"href":"https:\/\/www.esplac.cat\/es\/wp-json\/wp\/v2\/media\/34946"}],"wp:attachment":[{"href":"https:\/\/www.esplac.cat\/es\/wp-json\/wp\/v2\/media?parent=34944"}],"wp:term":[{"taxonomy":"category","embeddable":true,"href":"https:\/\/www.esplac.cat\/es\/wp-json\/wp\/v2\/categories?post=34944"},{"taxonomy":"post_tag","embeddable":true,"href":"https:\/\/www.esplac.cat\/es\/wp-json\/wp\/v2\/tags?post=34944"}],"curies":[{"name":"wp","href":"https:\/\/api.w.org\/{rel}","templated":true}]}}