{"id":35113,"date":"2021-03-05T09:24:36","date_gmt":"2021-03-05T08:24:36","guid":{"rendered":"https:\/\/www.esplac.cat\/?p=35113"},"modified":"2021-03-05T09:24:36","modified_gmt":"2021-03-05T08:24:36","slug":"valors-debat-escola-esplac-2021","status":"publish","type":"post","link":"https:\/\/www.esplac.cat\/es\/valors-debat-escola-esplac-2021\/","title":{"rendered":"Els valors a debat: Escola d&#8217;Esplac 2021"},"content":{"rendered":"<div class=\"fusion-fullwidth fullwidth-box fusion-builder-row-1 nonhundred-percent-fullwidth non-hundred-percent-height-scrolling\" style=\"--awb-border-radius-top-left:0px;--awb-border-radius-top-right:0px;--awb-border-radius-bottom-right:0px;--awb-border-radius-bottom-left:0px;--awb-flex-wrap:wrap;\" ><div class=\"fusion-builder-row fusion-row\"><div class=\"fusion-layout-column fusion_builder_column fusion-builder-column-0 fusion_builder_column_1_1 1_1 fusion-one-full fusion-column-first fusion-column-last\" style=\"--awb-bg-size:cover;--awb-margin-bottom:0px;\"><div class=\"fusion-column-wrapper fusion-flex-column-wrapper-legacy\"><div class=\"fusion-text fusion-text-1\"><h6><b><span lang=\"CA\">Monitores, monitors d&#8217;esplai i persones vinculades al m\u00f3n del lleure educatiu han participat en la setena edici\u00f3 de l\u2019Escola d\u2019Esplac, que s\u2019ha realitzat per primer cop en l\u00ednia.<\/span><\/b><\/h6>\n<p style=\"font-weight: 400;\">Aquest cap de setmana s\u2019ha realitzat la\u00a0<strong>setena edici\u00f3 de l\u2019<span style=\"color: #ff9900;\"><a style=\"color: #ff9900;\" href=\"https:\/\/www.esplac.cat\/formacions\/escola-desplac\/\" target=\"_blank\" rel=\"noopener noreferrer\">Escola d\u2019Esplac<\/a><\/span><\/strong>, sota el lema\u00a0<strong>\u201cI tu, en quins valors eduques?\u201d<\/strong>. Monitores i persones vinculades al m\u00f3n del lleure educatiu han participat en pon\u00e8ncies i debats en l\u00ednia durant cap de setmana formatiu, organitzat per Esplais Catalans. L\u2019Escola d\u2019Esplac d\u2019enguany ha tancat el cicle de les dues darreres edicions que han basat els seus continguts formatius en mat\u00e8ria de <strong>Pol\u00edtica i Educaci\u00f3<\/strong>.<\/p>\n<p style=\"font-weight: 400;\">Les persones participants d\u2019aquesta edici\u00f3 han pogut compartir opinions i extreure les seves pr\u00f2pies conclusions sobre\u00a0<strong>els<\/strong>\u00a0<strong>valors<\/strong>: quins s\u00f3n els valors del nostre esplai o dels nostres projectes educatius i quina \u00e9s la metodologia que s&#8217;ha de seguir per treballar i integrar aquests valors.<\/p>\n<h6 style=\"font-weight: 400;\"><strong>Els valors en el punt de mira\u00a0<\/strong><\/h6>\n<p style=\"font-weight: 400;\">Aquest cap de setmana en l\u00ednia ha comptat amb diverses persones expertes en els \u00e0mbits de l&#8217;educaci\u00f3.\u00a0<strong>Francesca Nogales<\/strong>\u00a0va ser l\u2019encarregada de donar el tret de sortida a la jornada, en qu\u00e8 va destacar\u00a0que\u00a0<em>\u201cNo podem educar en una altra cosa que no siguin els valors.<\/em> En la nostra educaci\u00f3 (el model del lleure educatiu) hi ha l&#8217;objectiu de transformaci\u00f3, va impl\u00edcit\u00bb.\u00a0<strong>M\u00eda Farr\u00e9<\/strong>\u00a0i\u00a0<strong>Meritxell Carles, <\/strong>d\u2019<span style=\"color: #ff9900;\"><a style=\"color: #ff9900;\" href=\"https:\/\/www.escoltes.org\/\" target=\"_blank\" rel=\"noopener noreferrer\">Escoltes Catalans<\/a><\/span>\u00a0van reivindicar que <em>\u00abcaus i esplais no estem adoctrinant, estem educant, apostant per l&#8217;esperit cr\u00edtic, per educar persones amb una visi\u00f3 cr\u00edtica de la societat i del que els envolta\u00bb<\/em>. El mat\u00ed va finalitzar amb\u00a0la pon\u00e8ncia del periodista del Grup Barnils,\u00a0<strong>Enric Rod\u00f3n,<\/strong>\u00a0amb el que\u00a0es van extreure conclusions com\u00a0ser conscients que el mercat\u00a0t\u00e9 la possibilitat de mercantilitzar les nostres idees i els nostres valors i que des de l\u2019esplai hem de ser rigorosos i coherents per fer veure-ho als infants i joves.<\/p>\n<p style=\"font-weight: 400;\">Durant la jornada de diumenge\u00a0<strong>Clara Dom\u00e8nech<\/strong> va encarregar-se de la pon\u00e8ncia \u00abEducaci\u00f3 en valors\u00bb i va definir que <em>\u00ab<\/em><em>\u00c9s important definir i consensuar a trav\u00e9s de l\u2019ideari els valors compartits (&#8230;<\/em>) Per fer-ho, cal tenir un sistema organitzatiu democr\u00e0tic, amb mecanismes de debat, discussi\u00f3 col\u00b7lectiva amb el m\u00e0xim d\u2019agents interns i externs<em>\u00ab.<\/em>\u00a0<strong>Maria Coll i Joan Soler<\/strong>\u00a0van incidir en l\u2019evoluci\u00f3 dels valors amb perspectiva hist\u00f2rica i\u00a0<strong>Mohamed Ait abou Moujane\u00a0<\/strong><strong>i<\/strong>\u00a0<strong>Mar\u00eda Cort\u00e9s i Manuela Fern\u00e1ndez<\/strong><strong>\u00a0<\/strong>de l&#8217;Associaci\u00f3 Gitana de Dones <span style=\"color: #ff9900;\"><a style=\"color: #ff9900;\" href=\"https:\/\/dromkotar.org\/ca\/inici\/\" target=\"_blank\" rel=\"noopener noreferrer\">Drom Kotar Mestipen<\/a><\/span> van destacar que\u00a0<em>\u201cl\u2019educaci\u00f3 ens obre les portes a la igualtat (&#8230;) de totes i per a totes, basada en un di\u00e0leg igualitari on totes les veus s\u00f3n escoltades i valorades de la mateixa manera, que respecta i reconeix les difer\u00e8ncies\u00bb.<\/em><\/p>\n<p><span style=\"font-weight: 400;\">A m\u00e9s, tamb\u00e9 van formar part en les taules rodones de dissabte a la tarda experts\u00a0com\u00a0<strong>M\u00aa Jes\u00fas Comellas i Carb\u00f3<\/strong>,\u00a0<strong>Aixa Dulcey<\/strong>,\u00a0<strong>J\u00falia Ramos<\/strong>,\u00a0<strong>Mirta Lojo Su\u00e1rez<\/strong>,\u00a0<strong>Rosa Guitart,<\/strong>\u00a0<strong>Juli Palou<\/strong>,\u00a0<strong>Cristina Fern\u00e1ndez<\/strong>,\u00a0<strong>Gustavo Gonzalez<\/strong>,\u00a0<strong>Escola Arc\u00e0dia i<\/strong>\u00a0<strong>Celia Premat Katz.<\/strong><\/span><\/p>\n<h6 style=\"font-weight: 400;\"><strong>Una Escola d&#8217;Esplac adaptada per\u00f2 plena de debat<\/strong><\/h6>\n<p style=\"font-weight: 400;\">L&#8217;Equip de Coordinaci\u00f3 d&#8217;Esplac ha valorat l\u2019edici\u00f3 d\u2019enguany: \u00abha estat una edici\u00f3 amb menys participaci\u00f3 perqu\u00e8 era en format en l\u00ednia i ha coincidit amb el primer dia de represa de les activitats dels esplais, tot i aix\u00f2 hem pogut fer l&#8217;edici\u00f3 tal i com la ten\u00edem preparada i no ha dificultat poder originar debats i repensar en quins valors eduquem\u00bb.<\/p>\n<h6 style=\"font-weight: 400;\"><strong>L&#8217;Escola d&#8217;Esplac 2021 en v\u00eddeos<\/strong><\/h6>\n<p>Podeu veure tots els v\u00eddeos de l&#8217;Escola d&#8217;Esplac 2021 <span style=\"color: #f69d0b;\"><strong><a style=\"color: #f69d0b;\" href=\"https:\/\/www.youtube.com\/playlist?list=PLA_E8rFAz2-PtVpl-n9psq4kLkZjOQM0G\" target=\"_blank\" rel=\"noopener noreferrer\">aqu\u00ed<\/a><\/strong><\/span><\/p>\n<p>&nbsp;<\/p>\n<\/div><div class=\"fusion-video fusion-youtube fusion-aligncenter\" style=\"--awb-max-width:600px;--awb-max-height:360px;--awb-width:100%;\"><div class=\"video-shortcode\"><div class=\"fluid-width-video-wrapper\" style=\"padding-top:60%;\" ><iframe class=\"fusion-hidden\" data-privacy-type=\"youtube\" src=\"\" title=\"YouTube video player 1\" data-privacy-src=\"https:\/\/www.youtube.com\/embed\/OHfMx0cehKk?wmode=transparent&autoplay=0\" width=\"600\" height=\"360\" allowfullscreen allow=\"autoplay; fullscreen\"><\/iframe><div class=\"fusion-privacy-placeholder\" style=\"width:600px; height:360px;\" data-privacy-type=\"youtube\"><div class=\"fusion-privacy-placeholder-content\"><div class=\"fusion-privacy-label\">For privacy reasons YouTube needs your permission to be loaded. For more details, please see our <a class=\"privacy-policy-link\" href=\"https:\/\/www.esplac.cat\/avis-legal\/\" rel=\"privacy-policy\">Av\u00eds Legal<\/a>.<\/div><a href=\"\" data-privacy-type=\"youtube\" class=\"fusion-button button-default fusion-button-default-size button fusion-privacy-consent\">I Accept<\/a><\/div><\/div><\/div><\/div><\/div><div class=\"fusion-content-boxes content-boxes columns row fusion-columns-1 fusion-columns-total-0 fusion-content-boxes-1 content-boxes-icon-with-title content-left\" style=\"--awb-hover-accent-color:#65bc7b;--awb-circle-hover-accent-color:#65bc7b;--awb-item-margin-bottom:40px;\" data-animationOffset=\"top-into-view\"><div class=\"fusion-clearfix\"><\/div><\/div><div class=\"fusion-video fusion-youtube fusion-aligncenter\" style=\"--awb-max-width:600px;--awb-max-height:360px;--awb-width:100%;\"><div class=\"video-shortcode\"><div class=\"fluid-width-video-wrapper\" style=\"padding-top:60%;\" ><iframe class=\"fusion-hidden\" data-privacy-type=\"youtube\" src=\"\" title=\"YouTube video player 2\" data-privacy-src=\"https:\/\/www.youtube.com\/embed\/vfpAh0ICZwQ?wmode=transparent&autoplay=0\" width=\"600\" height=\"360\" allowfullscreen allow=\"autoplay; fullscreen\"><\/iframe><div class=\"fusion-privacy-placeholder\" style=\"width:600px; height:360px;\" data-privacy-type=\"youtube\"><div class=\"fusion-privacy-placeholder-content\"><div class=\"fusion-privacy-label\">For privacy reasons YouTube needs your permission to be loaded. For more details, please see our <a class=\"privacy-policy-link\" href=\"https:\/\/www.esplac.cat\/avis-legal\/\" rel=\"privacy-policy\">Av\u00eds Legal<\/a>.<\/div><a href=\"\" data-privacy-type=\"youtube\" class=\"fusion-button button-default fusion-button-default-size button fusion-privacy-consent\">I Accept<\/a><\/div><\/div><\/div><\/div><\/div><div class=\"fusion-content-boxes content-boxes columns row fusion-columns-1 fusion-columns-total-0 fusion-content-boxes-2 content-boxes-icon-with-title content-left\" style=\"--awb-hover-accent-color:#65bc7b;--awb-circle-hover-accent-color:#65bc7b;--awb-item-margin-bottom:40px;\" data-animationOffset=\"top-into-view\"><div class=\"fusion-clearfix\"><\/div><\/div><div class=\"fusion-video fusion-youtube fusion-aligncenter\" style=\"--awb-max-width:600px;--awb-max-height:360px;--awb-width:100%;\"><div class=\"video-shortcode\"><div class=\"fluid-width-video-wrapper\" style=\"padding-top:60%;\" ><iframe class=\"fusion-hidden\" data-privacy-type=\"youtube\" src=\"\" title=\"YouTube video player 3\" data-privacy-src=\"https:\/\/www.youtube.com\/embed\/3tKma4kzYZA?wmode=transparent&autoplay=0\" width=\"600\" height=\"360\" allowfullscreen allow=\"autoplay; fullscreen\"><\/iframe><div class=\"fusion-privacy-placeholder\" style=\"width:600px; height:360px;\" data-privacy-type=\"youtube\"><div class=\"fusion-privacy-placeholder-content\"><div class=\"fusion-privacy-label\">For privacy reasons YouTube needs your permission to be loaded. For more details, please see our <a class=\"privacy-policy-link\" href=\"https:\/\/www.esplac.cat\/avis-legal\/\" rel=\"privacy-policy\">Av\u00eds Legal<\/a>.<\/div><a href=\"\" data-privacy-type=\"youtube\" class=\"fusion-button button-default fusion-button-default-size button fusion-privacy-consent\">I Accept<\/a><\/div><\/div><\/div><\/div><\/div><div class=\"fusion-content-boxes content-boxes columns row fusion-columns-1 fusion-columns-total-0 fusion-content-boxes-3 content-boxes-icon-with-title content-left\" style=\"--awb-hover-accent-color:#65bc7b;--awb-circle-hover-accent-color:#65bc7b;--awb-item-margin-bottom:40px;\" data-animationOffset=\"top-into-view\"><div class=\"fusion-clearfix\"><\/div><\/div><div class=\"fusion-clearfix\"><\/div><\/div><\/div><\/div><\/div>\n","protected":false},"excerpt":{"rendered":"","protected":false},"author":3,"featured_media":35119,"comment_status":"closed","ping_status":"closed","sticky":false,"template":"","format":"standard","meta":{"om_disable_all_campaigns":false,"_monsterinsights_skip_tracking":false,"_monsterinsights_sitenote_active":false,"_monsterinsights_sitenote_note":"","_monsterinsights_sitenote_category":0,"_uf_show_specific_survey":0,"_uf_disable_surveys":false,"footnotes":""},"categories":[1129],"tags":[],"class_list":["post-35113","post","type-post","status-publish","format-standard","has-post-thumbnail","hentry","category-escola-desplac"],"yoast_head":"<!-- This site is optimized with the Yoast SEO plugin v27.4 - https:\/\/yoast.com\/product\/yoast-seo-wordpress\/ -->\n<title>Els valors a debat: Escola d&#039;Esplac 2021 - Esplac, Esplais Catalans<\/title>\n<meta name=\"description\" content=\"Monitores d&#039;esplai i persones vinculades al m\u00f3n del lleure educatiu han participat en la setena edici\u00f3 de l\u2019Escola d\u2019Esplac sobre valors.\" \/>\n<meta name=\"robots\" content=\"index, follow, max-snippet:-1, max-image-preview:large, max-video-preview:-1\" \/>\n<link rel=\"canonical\" href=\"https:\/\/www.esplac.cat\/valors-debat-escola-esplac-2021\/\" \/>\n<meta property=\"og:locale\" content=\"es_ES\" \/>\n<meta property=\"og:type\" content=\"article\" \/>\n<meta property=\"og:title\" content=\"Els valors a debat: Escola d&#039;Esplac 2021 - Esplac, Esplais Catalans\" \/>\n<meta property=\"og:description\" content=\"Monitores d&#039;esplai i persones vinculades al m\u00f3n del lleure educatiu han participat en la setena edici\u00f3 de l\u2019Escola d\u2019Esplac sobre valors.\" \/>\n<meta property=\"og:url\" content=\"https:\/\/www.esplac.cat\/valors-debat-escola-esplac-2021\/\" \/>\n<meta property=\"og:site_name\" content=\"Esplac\" \/>\n<meta property=\"article:published_time\" content=\"2021-03-05T08:24:36+00:00\" \/>\n<meta property=\"og:image\" content=\"https:\/\/www.esplac.cat\/wp-content\/uploads\/2021\/03\/portadaEscolaEsplac2021.jpg\" \/>\n\t<meta property=\"og:image:width\" content=\"1697\" \/>\n\t<meta property=\"og:image:height\" content=\"700\" \/>\n\t<meta property=\"og:image:type\" content=\"image\/jpeg\" \/>\n<meta name=\"author\" content=\"Comunicaci\u00f3 Esplac\" \/>\n<meta name=\"twitter:card\" content=\"summary_large_image\" \/>\n<meta name=\"twitter:label1\" content=\"Escrito por\" \/>\n\t<meta name=\"twitter:data1\" content=\"Comunicaci\u00f3 Esplac\" \/>\n\t<meta name=\"twitter:label2\" content=\"Tiempo de lectura\" \/>\n\t<meta name=\"twitter:data2\" content=\"5 minutos\" \/>\n<script type=\"application\/ld+json\" class=\"yoast-schema-graph\">{\"@context\":\"https:\\\/\\\/schema.org\",\"@graph\":[{\"@type\":\"Article\",\"@id\":\"https:\\\/\\\/www.esplac.cat\\\/valors-debat-escola-esplac-2021\\\/#article\",\"isPartOf\":{\"@id\":\"https:\\\/\\\/www.esplac.cat\\\/valors-debat-escola-esplac-2021\\\/\"},\"author\":{\"name\":\"Comunicaci\u00f3 Esplac\",\"@id\":\"https:\\\/\\\/www.esplac.cat\\\/#\\\/schema\\\/person\\\/908383cf240be18b68f8855d0583faca\"},\"headline\":\"Els valors a debat: Escola d&#8217;Esplac 2021\",\"datePublished\":\"2021-03-05T08:24:36+00:00\",\"mainEntityOfPage\":{\"@id\":\"https:\\\/\\\/www.esplac.cat\\\/valors-debat-escola-esplac-2021\\\/\"},\"wordCount\":965,\"publisher\":{\"@id\":\"https:\\\/\\\/www.esplac.cat\\\/#organization\"},\"image\":{\"@id\":\"https:\\\/\\\/www.esplac.cat\\\/valors-debat-escola-esplac-2021\\\/#primaryimage\"},\"thumbnailUrl\":\"https:\\\/\\\/www.esplac.cat\\\/wp-content\\\/uploads\\\/2021\\\/03\\\/portadaEscolaEsplac2021.jpg\",\"articleSection\":[\"Escola d'Esplac\"],\"inLanguage\":\"es\"},{\"@type\":\"WebPage\",\"@id\":\"https:\\\/\\\/www.esplac.cat\\\/valors-debat-escola-esplac-2021\\\/\",\"url\":\"https:\\\/\\\/www.esplac.cat\\\/valors-debat-escola-esplac-2021\\\/\",\"name\":\"Els valors a debat: Escola d'Esplac 2021 - Esplac, Esplais Catalans\",\"isPartOf\":{\"@id\":\"https:\\\/\\\/www.esplac.cat\\\/#website\"},\"primaryImageOfPage\":{\"@id\":\"https:\\\/\\\/www.esplac.cat\\\/valors-debat-escola-esplac-2021\\\/#primaryimage\"},\"image\":{\"@id\":\"https:\\\/\\\/www.esplac.cat\\\/valors-debat-escola-esplac-2021\\\/#primaryimage\"},\"thumbnailUrl\":\"https:\\\/\\\/www.esplac.cat\\\/wp-content\\\/uploads\\\/2021\\\/03\\\/portadaEscolaEsplac2021.jpg\",\"datePublished\":\"2021-03-05T08:24:36+00:00\",\"description\":\"Monitores d'esplai i persones vinculades al m\u00f3n del lleure educatiu han participat en la setena edici\u00f3 de l\u2019Escola d\u2019Esplac sobre valors.\",\"breadcrumb\":{\"@id\":\"https:\\\/\\\/www.esplac.cat\\\/valors-debat-escola-esplac-2021\\\/#breadcrumb\"},\"inLanguage\":\"es\",\"potentialAction\":[{\"@type\":\"ReadAction\",\"target\":[\"https:\\\/\\\/www.esplac.cat\\\/valors-debat-escola-esplac-2021\\\/\"]}]},{\"@type\":\"ImageObject\",\"inLanguage\":\"es\",\"@id\":\"https:\\\/\\\/www.esplac.cat\\\/valors-debat-escola-esplac-2021\\\/#primaryimage\",\"url\":\"https:\\\/\\\/www.esplac.cat\\\/wp-content\\\/uploads\\\/2021\\\/03\\\/portadaEscolaEsplac2021.jpg\",\"contentUrl\":\"https:\\\/\\\/www.esplac.cat\\\/wp-content\\\/uploads\\\/2021\\\/03\\\/portadaEscolaEsplac2021.jpg\",\"width\":1697,\"height\":700,\"caption\":\"Escola Esplac 21 valors\"},{\"@type\":\"BreadcrumbList\",\"@id\":\"https:\\\/\\\/www.esplac.cat\\\/valors-debat-escola-esplac-2021\\\/#breadcrumb\",\"itemListElement\":[{\"@type\":\"ListItem\",\"position\":1,\"name\":\"Inici\",\"item\":\"https:\\\/\\\/www.esplac.cat\\\/es\\\/\"},{\"@type\":\"ListItem\",\"position\":2,\"name\":\"Els valors a debat: Escola d&#8217;Esplac 2021\"}]},{\"@type\":\"WebSite\",\"@id\":\"https:\\\/\\\/www.esplac.cat\\\/#website\",\"url\":\"https:\\\/\\\/www.esplac.cat\\\/\",\"name\":\"Esplac\",\"description\":\"Esplais Catalans\",\"publisher\":{\"@id\":\"https:\\\/\\\/www.esplac.cat\\\/#organization\"},\"potentialAction\":[{\"@type\":\"SearchAction\",\"target\":{\"@type\":\"EntryPoint\",\"urlTemplate\":\"https:\\\/\\\/www.esplac.cat\\\/?s={search_term_string}\"},\"query-input\":{\"@type\":\"PropertyValueSpecification\",\"valueRequired\":true,\"valueName\":\"search_term_string\"}}],\"inLanguage\":\"es\"},{\"@type\":\"Organization\",\"@id\":\"https:\\\/\\\/www.esplac.cat\\\/#organization\",\"name\":\"Esplac\",\"url\":\"https:\\\/\\\/www.esplac.cat\\\/\",\"logo\":{\"@type\":\"ImageObject\",\"inLanguage\":\"es\",\"@id\":\"https:\\\/\\\/www.esplac.cat\\\/#\\\/schema\\\/logo\\\/image\\\/\",\"url\":\"https:\\\/\\\/www.esplac.cat\\\/wp-content\\\/uploads\\\/2019\\\/08\\\/logox2.png\",\"contentUrl\":\"https:\\\/\\\/www.esplac.cat\\\/wp-content\\\/uploads\\\/2019\\\/08\\\/logox2.png\",\"width\":600,\"height\":295,\"caption\":\"Esplac\"},\"image\":{\"@id\":\"https:\\\/\\\/www.esplac.cat\\\/#\\\/schema\\\/logo\\\/image\\\/\"}},{\"@type\":\"Person\",\"@id\":\"https:\\\/\\\/www.esplac.cat\\\/#\\\/schema\\\/person\\\/908383cf240be18b68f8855d0583faca\",\"name\":\"Comunicaci\u00f3 Esplac\",\"image\":{\"@type\":\"ImageObject\",\"inLanguage\":\"es\",\"@id\":\"https:\\\/\\\/secure.gravatar.com\\\/avatar\\\/7a4cf8feb412a76ea4a740ca02d95b06b2907b5a6c648c2dd0a1082a093c3141?s=96&d=mm&r=g\",\"url\":\"https:\\\/\\\/secure.gravatar.com\\\/avatar\\\/7a4cf8feb412a76ea4a740ca02d95b06b2907b5a6c648c2dd0a1082a093c3141?s=96&d=mm&r=g\",\"contentUrl\":\"https:\\\/\\\/secure.gravatar.com\\\/avatar\\\/7a4cf8feb412a76ea4a740ca02d95b06b2907b5a6c648c2dd0a1082a093c3141?s=96&d=mm&r=g\",\"caption\":\"Comunicaci\u00f3 Esplac\"}}]}<\/script>\n<!-- \/ Yoast SEO plugin. -->","yoast_head_json":{"title":"Els valors a debat: Escola d'Esplac 2021 - Esplac, Esplais Catalans","description":"Monitores d'esplai i persones vinculades al m\u00f3n del lleure educatiu han participat en la setena edici\u00f3 de l\u2019Escola d\u2019Esplac sobre valors.","robots":{"index":"index","follow":"follow","max-snippet":"max-snippet:-1","max-image-preview":"max-image-preview:large","max-video-preview":"max-video-preview:-1"},"canonical":"https:\/\/www.esplac.cat\/valors-debat-escola-esplac-2021\/","og_locale":"es_ES","og_type":"article","og_title":"Els valors a debat: Escola d'Esplac 2021 - Esplac, Esplais Catalans","og_description":"Monitores d'esplai i persones vinculades al m\u00f3n del lleure educatiu han participat en la setena edici\u00f3 de l\u2019Escola d\u2019Esplac sobre valors.","og_url":"https:\/\/www.esplac.cat\/valors-debat-escola-esplac-2021\/","og_site_name":"Esplac","article_published_time":"2021-03-05T08:24:36+00:00","og_image":[{"width":1697,"height":700,"url":"https:\/\/www.esplac.cat\/wp-content\/uploads\/2021\/03\/portadaEscolaEsplac2021.jpg","type":"image\/jpeg"}],"author":"Comunicaci\u00f3 Esplac","twitter_card":"summary_large_image","twitter_misc":{"Escrito por":"Comunicaci\u00f3 Esplac","Tiempo de lectura":"5 minutos"},"schema":{"@context":"https:\/\/schema.org","@graph":[{"@type":"Article","@id":"https:\/\/www.esplac.cat\/valors-debat-escola-esplac-2021\/#article","isPartOf":{"@id":"https:\/\/www.esplac.cat\/valors-debat-escola-esplac-2021\/"},"author":{"name":"Comunicaci\u00f3 Esplac","@id":"https:\/\/www.esplac.cat\/#\/schema\/person\/908383cf240be18b68f8855d0583faca"},"headline":"Els valors a debat: Escola d&#8217;Esplac 2021","datePublished":"2021-03-05T08:24:36+00:00","mainEntityOfPage":{"@id":"https:\/\/www.esplac.cat\/valors-debat-escola-esplac-2021\/"},"wordCount":965,"publisher":{"@id":"https:\/\/www.esplac.cat\/#organization"},"image":{"@id":"https:\/\/www.esplac.cat\/valors-debat-escola-esplac-2021\/#primaryimage"},"thumbnailUrl":"https:\/\/www.esplac.cat\/wp-content\/uploads\/2021\/03\/portadaEscolaEsplac2021.jpg","articleSection":["Escola d'Esplac"],"inLanguage":"es"},{"@type":"WebPage","@id":"https:\/\/www.esplac.cat\/valors-debat-escola-esplac-2021\/","url":"https:\/\/www.esplac.cat\/valors-debat-escola-esplac-2021\/","name":"Els valors a debat: Escola d'Esplac 2021 - Esplac, Esplais Catalans","isPartOf":{"@id":"https:\/\/www.esplac.cat\/#website"},"primaryImageOfPage":{"@id":"https:\/\/www.esplac.cat\/valors-debat-escola-esplac-2021\/#primaryimage"},"image":{"@id":"https:\/\/www.esplac.cat\/valors-debat-escola-esplac-2021\/#primaryimage"},"thumbnailUrl":"https:\/\/www.esplac.cat\/wp-content\/uploads\/2021\/03\/portadaEscolaEsplac2021.jpg","datePublished":"2021-03-05T08:24:36+00:00","description":"Monitores d'esplai i persones vinculades al m\u00f3n del lleure educatiu han participat en la setena edici\u00f3 de l\u2019Escola d\u2019Esplac sobre valors.","breadcrumb":{"@id":"https:\/\/www.esplac.cat\/valors-debat-escola-esplac-2021\/#breadcrumb"},"inLanguage":"es","potentialAction":[{"@type":"ReadAction","target":["https:\/\/www.esplac.cat\/valors-debat-escola-esplac-2021\/"]}]},{"@type":"ImageObject","inLanguage":"es","@id":"https:\/\/www.esplac.cat\/valors-debat-escola-esplac-2021\/#primaryimage","url":"https:\/\/www.esplac.cat\/wp-content\/uploads\/2021\/03\/portadaEscolaEsplac2021.jpg","contentUrl":"https:\/\/www.esplac.cat\/wp-content\/uploads\/2021\/03\/portadaEscolaEsplac2021.jpg","width":1697,"height":700,"caption":"Escola Esplac 21 valors"},{"@type":"BreadcrumbList","@id":"https:\/\/www.esplac.cat\/valors-debat-escola-esplac-2021\/#breadcrumb","itemListElement":[{"@type":"ListItem","position":1,"name":"Inici","item":"https:\/\/www.esplac.cat\/es\/"},{"@type":"ListItem","position":2,"name":"Els valors a debat: Escola d&#8217;Esplac 2021"}]},{"@type":"WebSite","@id":"https:\/\/www.esplac.cat\/#website","url":"https:\/\/www.esplac.cat\/","name":"Esplac","description":"Esplais Catalans","publisher":{"@id":"https:\/\/www.esplac.cat\/#organization"},"potentialAction":[{"@type":"SearchAction","target":{"@type":"EntryPoint","urlTemplate":"https:\/\/www.esplac.cat\/?s={search_term_string}"},"query-input":{"@type":"PropertyValueSpecification","valueRequired":true,"valueName":"search_term_string"}}],"inLanguage":"es"},{"@type":"Organization","@id":"https:\/\/www.esplac.cat\/#organization","name":"Esplac","url":"https:\/\/www.esplac.cat\/","logo":{"@type":"ImageObject","inLanguage":"es","@id":"https:\/\/www.esplac.cat\/#\/schema\/logo\/image\/","url":"https:\/\/www.esplac.cat\/wp-content\/uploads\/2019\/08\/logox2.png","contentUrl":"https:\/\/www.esplac.cat\/wp-content\/uploads\/2019\/08\/logox2.png","width":600,"height":295,"caption":"Esplac"},"image":{"@id":"https:\/\/www.esplac.cat\/#\/schema\/logo\/image\/"}},{"@type":"Person","@id":"https:\/\/www.esplac.cat\/#\/schema\/person\/908383cf240be18b68f8855d0583faca","name":"Comunicaci\u00f3 Esplac","image":{"@type":"ImageObject","inLanguage":"es","@id":"https:\/\/secure.gravatar.com\/avatar\/7a4cf8feb412a76ea4a740ca02d95b06b2907b5a6c648c2dd0a1082a093c3141?s=96&d=mm&r=g","url":"https:\/\/secure.gravatar.com\/avatar\/7a4cf8feb412a76ea4a740ca02d95b06b2907b5a6c648c2dd0a1082a093c3141?s=96&d=mm&r=g","contentUrl":"https:\/\/secure.gravatar.com\/avatar\/7a4cf8feb412a76ea4a740ca02d95b06b2907b5a6c648c2dd0a1082a093c3141?s=96&d=mm&r=g","caption":"Comunicaci\u00f3 Esplac"}}]}},"_links":{"self":[{"href":"https:\/\/www.esplac.cat\/es\/wp-json\/wp\/v2\/posts\/35113","targetHints":{"allow":["GET"]}}],"collection":[{"href":"https:\/\/www.esplac.cat\/es\/wp-json\/wp\/v2\/posts"}],"about":[{"href":"https:\/\/www.esplac.cat\/es\/wp-json\/wp\/v2\/types\/post"}],"author":[{"embeddable":true,"href":"https:\/\/www.esplac.cat\/es\/wp-json\/wp\/v2\/users\/3"}],"replies":[{"embeddable":true,"href":"https:\/\/www.esplac.cat\/es\/wp-json\/wp\/v2\/comments?post=35113"}],"version-history":[{"count":0,"href":"https:\/\/www.esplac.cat\/es\/wp-json\/wp\/v2\/posts\/35113\/revisions"}],"wp:featuredmedia":[{"embeddable":true,"href":"https:\/\/www.esplac.cat\/es\/wp-json\/wp\/v2\/media\/35119"}],"wp:attachment":[{"href":"https:\/\/www.esplac.cat\/es\/wp-json\/wp\/v2\/media?parent=35113"}],"wp:term":[{"taxonomy":"category","embeddable":true,"href":"https:\/\/www.esplac.cat\/es\/wp-json\/wp\/v2\/categories?post=35113"},{"taxonomy":"post_tag","embeddable":true,"href":"https:\/\/www.esplac.cat\/es\/wp-json\/wp\/v2\/tags?post=35113"}],"curies":[{"name":"wp","href":"https:\/\/api.w.org\/{rel}","templated":true}]}}