{"id":35174,"date":"2021-03-05T10:50:21","date_gmt":"2021-03-05T09:50:21","guid":{"rendered":"https:\/\/www.esplac.cat\/?p=35174"},"modified":"2021-03-22T10:42:47","modified_gmt":"2021-03-22T09:42:47","slug":"kids-got-rights-projecte-internacional-infants","status":"publish","type":"post","link":"https:\/\/www.esplac.cat\/es\/kids-got-rights-projecte-internacional-infants\/","title":{"rendered":"Arriba \u00abKids Got Rights\u00bb, el nou projecte internacional pels infants!"},"content":{"rendered":"<h6><strong>Agafeu-vos fort perqu\u00e8 ve un projecte internacional centrat amb la participaci\u00f3 i drets dels infants com mai s\u2019ha fet a Esplac: aquest projecte \u00e9s el \u00abKids Got Rights\u00bb.<\/strong><\/h6>\n<p><span style=\"font-weight: 400;\">Com el seu nom indica, el projecte \u00abKids Got Rights\u00bb, es tracta d\u2019un projecte que reclama els Drets dels Infants en qu\u00e8 els propis participants seran <\/span><b>protagonistes del desenvolupament i implementaci\u00f3 del projecte<\/b><span style=\"font-weight: 400;\">. Com? Doncs participant de reuni\u00f3 amb altres infants, formant-se, organitzant tallers i formacions\u2026 Aix\u00ed doncs l\u2019objectiu primordial \u00e9s posar en pr\u00e0ctica la participaci\u00f3 infantil per tal de prendre consci\u00e8ncia dels propis drets i fer incid\u00e8ncia al seu entorn.<\/span><\/p>\n<p><span style=\"font-weight: 400;\">\u00c9s un projecte coordinat per la IFM-SEI i que compta amb la participaci\u00f3 d\u2019Esplac i altres entitats d\u2019educaci\u00f3 no-formal d\u2019Anglaterra, It\u00e0lia, Dinamarca, Esl\u00f2venia, Finl\u00e0ndia i Alemanya. A m\u00e9s a m\u00e9s, tamb\u00e9 hi participa un grup de recerca de la UB, que ens proporcionar\u00e0 eines per posar en pr\u00e0ctica la participaci\u00f3 infantil.<\/span><\/p>\n<p><strong>Qu\u00e8 implica el projecte?<\/strong><\/p>\n<ul>\n<li style=\"font-weight: 400;\" aria-level=\"1\"><span style=\"font-weight: 400;\">Es desenvolupar\u00e0 des d\u2019abril del 2021 fins al setembre de 2022<\/span><\/li>\n<li style=\"font-weight: 400;\" aria-level=\"1\"><span style=\"font-weight: 400;\">Trobades internacionals a Roma, Barcelona, Salzburg i Kent<\/span><\/li>\n<li style=\"font-weight: 400;\" aria-level=\"1\"><span style=\"font-weight: 400;\">Treball en l\u00ednia amb altres participants<\/span><\/li>\n<li style=\"font-weight: 400;\" aria-level=\"1\"><span style=\"font-weight: 400;\">Organitzar tallers i formacions per a altres infants i monis d\u2019Esplac<\/span><\/li>\n<\/ul>\n<p><strong>Qu\u00e8 busquem?<\/strong><\/p>\n<ul>\n<li style=\"font-weight: 400;\" aria-level=\"1\"><span style=\"font-weight: 400;\">Un o dos grups d\u2019esplai que seran els \u201cChildren&#8217;s Rights Superheroes<\/span><i><span style=\"font-weight: 400;\">\u201d<\/span><\/i><\/li>\n<li style=\"font-weight: 400;\" aria-level=\"1\"><span style=\"font-weight: 400;\">Aquest grup estar\u00e0 format d\u2019uns <strong>15 infants d\u2019Esplac<\/strong> entre <strong>10 i 13 anys<\/strong> amb les seves monis referents.<\/span><\/li>\n<\/ul>\n<p><strong>Qu\u00e8 cal per participar del projecte?<\/strong><\/p>\n<ul>\n<li style=\"font-weight: 400;\" aria-level=\"1\"><span style=\"font-weight: 400;\">Primer de tot, \u00e9s molt important que sigui el propi grup que estigui motivat en participar<\/span><\/li>\n<li style=\"font-weight: 400;\" aria-level=\"1\"><span style=\"font-weight: 400;\">Per a infants:<\/span>\n<ul>\n<li style=\"font-weight: 400;\" aria-level=\"2\"><span style=\"font-weight: 400;\">Tenir entre 10 i 13 anys<\/span><\/li>\n<li style=\"font-weight: 400;\" aria-level=\"2\"><span style=\"font-weight: 400;\">Ser d\u2019un esplai d\u2019Esplac<\/span><\/li>\n<li style=\"font-weight: 400;\" aria-level=\"2\"><span style=\"font-weight: 400;\">Estar motivat per participar d\u2019un projecte internacional amb altres infants d\u2019altres pa\u00efsos<\/span><\/li>\n<li style=\"font-weight: 400;\" aria-level=\"2\"><span style=\"font-weight: 400;\">Tenir ganes de defensar i reivindicar els propis drets<\/span><\/li>\n<\/ul>\n<\/li>\n<li style=\"font-weight: 400;\" aria-level=\"1\"><span style=\"font-weight: 400;\">Envieu un v\u00eddeo, correu, dibuix, foto&#8230; explicant perqu\u00e8 voleu participar en aquest projecte<\/span><\/li>\n<li style=\"font-weight: 400;\" aria-level=\"1\"><span style=\"font-weight: 400;\">Cal que les monitores tinguin un bon nivell d\u2019angl\u00e8s<\/span><\/li>\n<li style=\"font-weight: 400;\" aria-level=\"1\"><span style=\"font-weight: 400;\">Comprom\u00eds de dur a terme el projecte durant el temps que dura<\/span><\/li>\n<\/ul>\n<p>&nbsp;<\/p>\n<p><b>Per inscriure-us, ho podeu fer a trav\u00e9s d&#8217;aquest enlla\u00e7:<\/b><\/p>\n<div class=\"fusion-aligncenter\"><a class=\"fusion-button button-flat fusion-button-default-size button-default fusion-button-default button-1 fusion-button-default-span fusion-button-default-type\" target=\"_blank\" rel=\"noopener noreferrer\" href=\" https:\/\/infoesplac.typeform.com\/to\/ukGOdA20\"><span class=\"fusion-button-text\">Inscripcions<\/span><\/a><\/div>\n<p>&nbsp;<\/p>\n<p><span style=\"font-weight: 400;\">Si us interessa, voleu m\u00e9s informaci\u00f3 o teniu preguntes, escriviu a <\/span><a href=\"mailto:internacional@esplac.cat\"><span style=\"font-weight: 400;\">internacional@esplac.cat. <\/span><\/a><span style=\"font-weight: 400;\">Teniu temps per apuntar-vos fins al 22 de mar\u00e7, segons les sol\u00b7licituds, farem un proc\u00e9s de selecci\u00f3 basat en els criteris de participaci\u00f3 a projectes internacionals.<\/span><\/p>\n<p>&nbsp;<\/p>\n<p><del><b>Esplais! \u00c9s l\u2019hora de defensar els drets dels infants!<\/b><\/del><\/p>\n<p><b>Infants! \u00c9s l\u2019hora de defensar els vostres drets!<br \/>\n<\/b><\/p>\n<p>&nbsp;<\/p>\n<p><img decoding=\"async\" class=\"aligncenter wp-image-35221\" src=\"https:\/\/www.esplac.cat\/wp-content\/uploads\/2021\/03\/2.jpg\" alt=\"\" width=\"1128\" height=\"730\" srcset=\"https:\/\/www.esplac.cat\/wp-content\/uploads\/2021\/03\/2-200x129.jpg 200w, https:\/\/www.esplac.cat\/wp-content\/uploads\/2021\/03\/2-300x194.jpg 300w, https:\/\/www.esplac.cat\/wp-content\/uploads\/2021\/03\/2-400x259.jpg 400w, https:\/\/www.esplac.cat\/wp-content\/uploads\/2021\/03\/2-600x388.jpg 600w, https:\/\/www.esplac.cat\/wp-content\/uploads\/2021\/03\/2-768x497.jpg 768w, https:\/\/www.esplac.cat\/wp-content\/uploads\/2021\/03\/2-800x518.jpg 800w, https:\/\/www.esplac.cat\/wp-content\/uploads\/2021\/03\/2-1024x663.jpg 1024w, https:\/\/www.esplac.cat\/wp-content\/uploads\/2021\/03\/2-1200x776.jpg 1200w, https:\/\/www.esplac.cat\/wp-content\/uploads\/2021\/03\/2-1536x994.jpg 1536w, https:\/\/www.esplac.cat\/wp-content\/uploads\/2021\/03\/2.jpg 2000w\" sizes=\"(max-width: 1128px) 100vw, 1128px\" \/><\/p>\n<p><img decoding=\"async\" class=\"aligncenter  wp-image-35257\" src=\"https:\/\/www.esplac.cat\/wp-content\/uploads\/2021\/03\/KIDS-GOT-RIGHTS.jpg\" alt=\"\" width=\"1130\" height=\"731\" srcset=\"https:\/\/www.esplac.cat\/wp-content\/uploads\/2021\/03\/KIDS-GOT-RIGHTS-200x129.jpg 200w, https:\/\/www.esplac.cat\/wp-content\/uploads\/2021\/03\/KIDS-GOT-RIGHTS-300x194.jpg 300w, https:\/\/www.esplac.cat\/wp-content\/uploads\/2021\/03\/KIDS-GOT-RIGHTS-400x259.jpg 400w, https:\/\/www.esplac.cat\/wp-content\/uploads\/2021\/03\/KIDS-GOT-RIGHTS-600x388.jpg 600w, https:\/\/www.esplac.cat\/wp-content\/uploads\/2021\/03\/KIDS-GOT-RIGHTS-768x497.jpg 768w, https:\/\/www.esplac.cat\/wp-content\/uploads\/2021\/03\/KIDS-GOT-RIGHTS-800x518.jpg 800w, https:\/\/www.esplac.cat\/wp-content\/uploads\/2021\/03\/KIDS-GOT-RIGHTS-1024x663.jpg 1024w, https:\/\/www.esplac.cat\/wp-content\/uploads\/2021\/03\/KIDS-GOT-RIGHTS-1200x776.jpg 1200w, https:\/\/www.esplac.cat\/wp-content\/uploads\/2021\/03\/KIDS-GOT-RIGHTS-1536x994.jpg 1536w, https:\/\/www.esplac.cat\/wp-content\/uploads\/2021\/03\/KIDS-GOT-RIGHTS.jpg 2000w\" sizes=\"(max-width: 1130px) 100vw, 1130px\" \/><\/p>\n","protected":false},"excerpt":{"rendered":"<p>Agafeu-vos fort perqu\u00e8 ve un projecte internacional centrat amb la [&hellip;]<\/p>\n","protected":false},"author":3,"featured_media":35176,"comment_status":"closed","ping_status":"closed","sticky":false,"template":"","format":"standard","meta":{"om_disable_all_campaigns":false,"_monsterinsights_skip_tracking":false,"_monsterinsights_sitenote_active":false,"_monsterinsights_sitenote_note":"","_monsterinsights_sitenote_category":0,"_uf_show_specific_survey":0,"_uf_disable_surveys":false,"footnotes":""},"categories":[1112],"tags":[],"class_list":["post-35174","post","type-post","status-publish","format-standard","has-post-thumbnail","hentry","category-esplac-al-mon"],"yoast_head":"<!-- This site is optimized with the Yoast SEO plugin v27.5 - https:\/\/yoast.com\/product\/yoast-seo-wordpress\/ -->\n<title>Arriba &quot;Kids Got Rights&quot;, el nou projecte internacional pels infants! - Esplac<\/title>\n<meta name=\"description\" content=\"Agafeu-vos fort perqu\u00e8 ve un projecte internacional centrat amb la participaci\u00f3 i drets dels infants com mai s\u2019ha fet a Esplac: aquest projecte \u00e9s el &quot;Kids Got Rights&quot;.\" \/>\n<meta name=\"robots\" content=\"index, follow, max-snippet:-1, max-image-preview:large, max-video-preview:-1\" \/>\n<link rel=\"canonical\" href=\"https:\/\/www.esplac.cat\/es\/kids-got-rights-projecte-internacional-infants\/\" \/>\n<meta property=\"og:locale\" content=\"es_ES\" \/>\n<meta property=\"og:type\" content=\"article\" \/>\n<meta property=\"og:title\" content=\"Arriba &quot;Kids Got Rights&quot;, el nou projecte internacional pels infants! - Esplac\" \/>\n<meta property=\"og:description\" content=\"Agafeu-vos fort perqu\u00e8 ve un projecte internacional centrat amb la participaci\u00f3 i drets dels infants com mai s\u2019ha fet a Esplac: aquest projecte \u00e9s el &quot;Kids Got Rights&quot;.\" \/>\n<meta property=\"og:url\" content=\"https:\/\/www.esplac.cat\/es\/kids-got-rights-projecte-internacional-infants\/\" \/>\n<meta property=\"og:site_name\" content=\"Esplac\" \/>\n<meta property=\"article:published_time\" content=\"2021-03-05T09:50:21+00:00\" \/>\n<meta property=\"article:modified_time\" content=\"2021-03-22T09:42:47+00:00\" \/>\n<meta property=\"og:image\" content=\"https:\/\/www.esplac.cat\/wp-content\/uploads\/2021\/03\/portada_kidsgotright.jpg\" \/>\n\t<meta property=\"og:image:width\" content=\"1697\" \/>\n\t<meta property=\"og:image:height\" content=\"700\" \/>\n\t<meta property=\"og:image:type\" content=\"image\/jpeg\" \/>\n<meta name=\"author\" content=\"Comunicaci\u00f3 Esplac\" \/>\n<meta name=\"twitter:card\" content=\"summary_large_image\" \/>\n<meta name=\"twitter:label1\" content=\"Escrito por\" \/>\n\t<meta name=\"twitter:data1\" content=\"Comunicaci\u00f3 Esplac\" \/>\n\t<meta name=\"twitter:label2\" content=\"Tiempo de lectura\" \/>\n\t<meta name=\"twitter:data2\" content=\"2 minutos\" \/>\n<script type=\"application\/ld+json\" class=\"yoast-schema-graph\">{\"@context\":\"https:\\\/\\\/schema.org\",\"@graph\":[{\"@type\":\"Article\",\"@id\":\"https:\\\/\\\/www.esplac.cat\\\/es\\\/kids-got-rights-projecte-internacional-infants\\\/#article\",\"isPartOf\":{\"@id\":\"https:\\\/\\\/www.esplac.cat\\\/es\\\/kids-got-rights-projecte-internacional-infants\\\/\"},\"author\":{\"name\":\"Comunicaci\u00f3 Esplac\",\"@id\":\"https:\\\/\\\/www.esplac.cat\\\/#\\\/schema\\\/person\\\/908383cf240be18b68f8855d0583faca\"},\"headline\":\"Arriba \u00abKids Got Rights\u00bb, el nou projecte internacional pels infants!\",\"datePublished\":\"2021-03-05T09:50:21+00:00\",\"dateModified\":\"2021-03-22T09:42:47+00:00\",\"mainEntityOfPage\":{\"@id\":\"https:\\\/\\\/www.esplac.cat\\\/es\\\/kids-got-rights-projecte-internacional-infants\\\/\"},\"wordCount\":507,\"publisher\":{\"@id\":\"https:\\\/\\\/www.esplac.cat\\\/#organization\"},\"image\":{\"@id\":\"https:\\\/\\\/www.esplac.cat\\\/es\\\/kids-got-rights-projecte-internacional-infants\\\/#primaryimage\"},\"thumbnailUrl\":\"https:\\\/\\\/www.esplac.cat\\\/wp-content\\\/uploads\\\/2021\\\/03\\\/portada_kidsgotright.jpg\",\"articleSection\":[\"Esplac al m\u00f3n\"],\"inLanguage\":\"es\"},{\"@type\":\"WebPage\",\"@id\":\"https:\\\/\\\/www.esplac.cat\\\/es\\\/kids-got-rights-projecte-internacional-infants\\\/\",\"url\":\"https:\\\/\\\/www.esplac.cat\\\/es\\\/kids-got-rights-projecte-internacional-infants\\\/\",\"name\":\"Arriba \\\"Kids Got Rights\\\", el nou projecte internacional pels infants! - Esplac\",\"isPartOf\":{\"@id\":\"https:\\\/\\\/www.esplac.cat\\\/#website\"},\"primaryImageOfPage\":{\"@id\":\"https:\\\/\\\/www.esplac.cat\\\/es\\\/kids-got-rights-projecte-internacional-infants\\\/#primaryimage\"},\"image\":{\"@id\":\"https:\\\/\\\/www.esplac.cat\\\/es\\\/kids-got-rights-projecte-internacional-infants\\\/#primaryimage\"},\"thumbnailUrl\":\"https:\\\/\\\/www.esplac.cat\\\/wp-content\\\/uploads\\\/2021\\\/03\\\/portada_kidsgotright.jpg\",\"datePublished\":\"2021-03-05T09:50:21+00:00\",\"dateModified\":\"2021-03-22T09:42:47+00:00\",\"description\":\"Agafeu-vos fort perqu\u00e8 ve un projecte internacional centrat amb la participaci\u00f3 i drets dels infants com mai s\u2019ha fet a Esplac: aquest projecte \u00e9s el \\\"Kids Got Rights\\\".\",\"breadcrumb\":{\"@id\":\"https:\\\/\\\/www.esplac.cat\\\/es\\\/kids-got-rights-projecte-internacional-infants\\\/#breadcrumb\"},\"inLanguage\":\"es\",\"potentialAction\":[{\"@type\":\"ReadAction\",\"target\":[\"https:\\\/\\\/www.esplac.cat\\\/es\\\/kids-got-rights-projecte-internacional-infants\\\/\"]}]},{\"@type\":\"ImageObject\",\"inLanguage\":\"es\",\"@id\":\"https:\\\/\\\/www.esplac.cat\\\/es\\\/kids-got-rights-projecte-internacional-infants\\\/#primaryimage\",\"url\":\"https:\\\/\\\/www.esplac.cat\\\/wp-content\\\/uploads\\\/2021\\\/03\\\/portada_kidsgotright.jpg\",\"contentUrl\":\"https:\\\/\\\/www.esplac.cat\\\/wp-content\\\/uploads\\\/2021\\\/03\\\/portada_kidsgotright.jpg\",\"width\":1697,\"height\":700},{\"@type\":\"BreadcrumbList\",\"@id\":\"https:\\\/\\\/www.esplac.cat\\\/es\\\/kids-got-rights-projecte-internacional-infants\\\/#breadcrumb\",\"itemListElement\":[{\"@type\":\"ListItem\",\"position\":1,\"name\":\"Inici\",\"item\":\"https:\\\/\\\/www.esplac.cat\\\/es\\\/\"},{\"@type\":\"ListItem\",\"position\":2,\"name\":\"Arriba \u00abKids Got Rights\u00bb, el nou projecte internacional pels infants!\"}]},{\"@type\":\"WebSite\",\"@id\":\"https:\\\/\\\/www.esplac.cat\\\/#website\",\"url\":\"https:\\\/\\\/www.esplac.cat\\\/\",\"name\":\"Esplac\",\"description\":\"Esplais Catalans\",\"publisher\":{\"@id\":\"https:\\\/\\\/www.esplac.cat\\\/#organization\"},\"potentialAction\":[{\"@type\":\"SearchAction\",\"target\":{\"@type\":\"EntryPoint\",\"urlTemplate\":\"https:\\\/\\\/www.esplac.cat\\\/?s={search_term_string}\"},\"query-input\":{\"@type\":\"PropertyValueSpecification\",\"valueRequired\":true,\"valueName\":\"search_term_string\"}}],\"inLanguage\":\"es\"},{\"@type\":\"Organization\",\"@id\":\"https:\\\/\\\/www.esplac.cat\\\/#organization\",\"name\":\"Esplac\",\"url\":\"https:\\\/\\\/www.esplac.cat\\\/\",\"logo\":{\"@type\":\"ImageObject\",\"inLanguage\":\"es\",\"@id\":\"https:\\\/\\\/www.esplac.cat\\\/#\\\/schema\\\/logo\\\/image\\\/\",\"url\":\"https:\\\/\\\/www.esplac.cat\\\/wp-content\\\/uploads\\\/2019\\\/08\\\/logox2.png\",\"contentUrl\":\"https:\\\/\\\/www.esplac.cat\\\/wp-content\\\/uploads\\\/2019\\\/08\\\/logox2.png\",\"width\":600,\"height\":295,\"caption\":\"Esplac\"},\"image\":{\"@id\":\"https:\\\/\\\/www.esplac.cat\\\/#\\\/schema\\\/logo\\\/image\\\/\"}},{\"@type\":\"Person\",\"@id\":\"https:\\\/\\\/www.esplac.cat\\\/#\\\/schema\\\/person\\\/908383cf240be18b68f8855d0583faca\",\"name\":\"Comunicaci\u00f3 Esplac\",\"image\":{\"@type\":\"ImageObject\",\"inLanguage\":\"es\",\"@id\":\"https:\\\/\\\/secure.gravatar.com\\\/avatar\\\/7a4cf8feb412a76ea4a740ca02d95b06b2907b5a6c648c2dd0a1082a093c3141?s=96&d=mm&r=g\",\"url\":\"https:\\\/\\\/secure.gravatar.com\\\/avatar\\\/7a4cf8feb412a76ea4a740ca02d95b06b2907b5a6c648c2dd0a1082a093c3141?s=96&d=mm&r=g\",\"contentUrl\":\"https:\\\/\\\/secure.gravatar.com\\\/avatar\\\/7a4cf8feb412a76ea4a740ca02d95b06b2907b5a6c648c2dd0a1082a093c3141?s=96&d=mm&r=g\",\"caption\":\"Comunicaci\u00f3 Esplac\"}}]}<\/script>\n<!-- \/ Yoast SEO plugin. -->","yoast_head_json":{"title":"Arriba \"Kids Got Rights\", el nou projecte internacional pels infants! - Esplac","description":"Agafeu-vos fort perqu\u00e8 ve un projecte internacional centrat amb la participaci\u00f3 i drets dels infants com mai s\u2019ha fet a Esplac: aquest projecte \u00e9s el \"Kids Got Rights\".","robots":{"index":"index","follow":"follow","max-snippet":"max-snippet:-1","max-image-preview":"max-image-preview:large","max-video-preview":"max-video-preview:-1"},"canonical":"https:\/\/www.esplac.cat\/es\/kids-got-rights-projecte-internacional-infants\/","og_locale":"es_ES","og_type":"article","og_title":"Arriba \"Kids Got Rights\", el nou projecte internacional pels infants! - Esplac","og_description":"Agafeu-vos fort perqu\u00e8 ve un projecte internacional centrat amb la participaci\u00f3 i drets dels infants com mai s\u2019ha fet a Esplac: aquest projecte \u00e9s el \"Kids Got Rights\".","og_url":"https:\/\/www.esplac.cat\/es\/kids-got-rights-projecte-internacional-infants\/","og_site_name":"Esplac","article_published_time":"2021-03-05T09:50:21+00:00","article_modified_time":"2021-03-22T09:42:47+00:00","og_image":[{"width":1697,"height":700,"url":"https:\/\/www.esplac.cat\/wp-content\/uploads\/2021\/03\/portada_kidsgotright.jpg","type":"image\/jpeg"}],"author":"Comunicaci\u00f3 Esplac","twitter_card":"summary_large_image","twitter_misc":{"Escrito por":"Comunicaci\u00f3 Esplac","Tiempo de lectura":"2 minutos"},"schema":{"@context":"https:\/\/schema.org","@graph":[{"@type":"Article","@id":"https:\/\/www.esplac.cat\/es\/kids-got-rights-projecte-internacional-infants\/#article","isPartOf":{"@id":"https:\/\/www.esplac.cat\/es\/kids-got-rights-projecte-internacional-infants\/"},"author":{"name":"Comunicaci\u00f3 Esplac","@id":"https:\/\/www.esplac.cat\/#\/schema\/person\/908383cf240be18b68f8855d0583faca"},"headline":"Arriba \u00abKids Got Rights\u00bb, el nou projecte internacional pels infants!","datePublished":"2021-03-05T09:50:21+00:00","dateModified":"2021-03-22T09:42:47+00:00","mainEntityOfPage":{"@id":"https:\/\/www.esplac.cat\/es\/kids-got-rights-projecte-internacional-infants\/"},"wordCount":507,"publisher":{"@id":"https:\/\/www.esplac.cat\/#organization"},"image":{"@id":"https:\/\/www.esplac.cat\/es\/kids-got-rights-projecte-internacional-infants\/#primaryimage"},"thumbnailUrl":"https:\/\/www.esplac.cat\/wp-content\/uploads\/2021\/03\/portada_kidsgotright.jpg","articleSection":["Esplac al m\u00f3n"],"inLanguage":"es"},{"@type":"WebPage","@id":"https:\/\/www.esplac.cat\/es\/kids-got-rights-projecte-internacional-infants\/","url":"https:\/\/www.esplac.cat\/es\/kids-got-rights-projecte-internacional-infants\/","name":"Arriba \"Kids Got Rights\", el nou projecte internacional pels infants! - Esplac","isPartOf":{"@id":"https:\/\/www.esplac.cat\/#website"},"primaryImageOfPage":{"@id":"https:\/\/www.esplac.cat\/es\/kids-got-rights-projecte-internacional-infants\/#primaryimage"},"image":{"@id":"https:\/\/www.esplac.cat\/es\/kids-got-rights-projecte-internacional-infants\/#primaryimage"},"thumbnailUrl":"https:\/\/www.esplac.cat\/wp-content\/uploads\/2021\/03\/portada_kidsgotright.jpg","datePublished":"2021-03-05T09:50:21+00:00","dateModified":"2021-03-22T09:42:47+00:00","description":"Agafeu-vos fort perqu\u00e8 ve un projecte internacional centrat amb la participaci\u00f3 i drets dels infants com mai s\u2019ha fet a Esplac: aquest projecte \u00e9s el \"Kids Got Rights\".","breadcrumb":{"@id":"https:\/\/www.esplac.cat\/es\/kids-got-rights-projecte-internacional-infants\/#breadcrumb"},"inLanguage":"es","potentialAction":[{"@type":"ReadAction","target":["https:\/\/www.esplac.cat\/es\/kids-got-rights-projecte-internacional-infants\/"]}]},{"@type":"ImageObject","inLanguage":"es","@id":"https:\/\/www.esplac.cat\/es\/kids-got-rights-projecte-internacional-infants\/#primaryimage","url":"https:\/\/www.esplac.cat\/wp-content\/uploads\/2021\/03\/portada_kidsgotright.jpg","contentUrl":"https:\/\/www.esplac.cat\/wp-content\/uploads\/2021\/03\/portada_kidsgotright.jpg","width":1697,"height":700},{"@type":"BreadcrumbList","@id":"https:\/\/www.esplac.cat\/es\/kids-got-rights-projecte-internacional-infants\/#breadcrumb","itemListElement":[{"@type":"ListItem","position":1,"name":"Inici","item":"https:\/\/www.esplac.cat\/es\/"},{"@type":"ListItem","position":2,"name":"Arriba \u00abKids Got Rights\u00bb, el nou projecte internacional pels infants!"}]},{"@type":"WebSite","@id":"https:\/\/www.esplac.cat\/#website","url":"https:\/\/www.esplac.cat\/","name":"Esplac","description":"Esplais Catalans","publisher":{"@id":"https:\/\/www.esplac.cat\/#organization"},"potentialAction":[{"@type":"SearchAction","target":{"@type":"EntryPoint","urlTemplate":"https:\/\/www.esplac.cat\/?s={search_term_string}"},"query-input":{"@type":"PropertyValueSpecification","valueRequired":true,"valueName":"search_term_string"}}],"inLanguage":"es"},{"@type":"Organization","@id":"https:\/\/www.esplac.cat\/#organization","name":"Esplac","url":"https:\/\/www.esplac.cat\/","logo":{"@type":"ImageObject","inLanguage":"es","@id":"https:\/\/www.esplac.cat\/#\/schema\/logo\/image\/","url":"https:\/\/www.esplac.cat\/wp-content\/uploads\/2019\/08\/logox2.png","contentUrl":"https:\/\/www.esplac.cat\/wp-content\/uploads\/2019\/08\/logox2.png","width":600,"height":295,"caption":"Esplac"},"image":{"@id":"https:\/\/www.esplac.cat\/#\/schema\/logo\/image\/"}},{"@type":"Person","@id":"https:\/\/www.esplac.cat\/#\/schema\/person\/908383cf240be18b68f8855d0583faca","name":"Comunicaci\u00f3 Esplac","image":{"@type":"ImageObject","inLanguage":"es","@id":"https:\/\/secure.gravatar.com\/avatar\/7a4cf8feb412a76ea4a740ca02d95b06b2907b5a6c648c2dd0a1082a093c3141?s=96&d=mm&r=g","url":"https:\/\/secure.gravatar.com\/avatar\/7a4cf8feb412a76ea4a740ca02d95b06b2907b5a6c648c2dd0a1082a093c3141?s=96&d=mm&r=g","contentUrl":"https:\/\/secure.gravatar.com\/avatar\/7a4cf8feb412a76ea4a740ca02d95b06b2907b5a6c648c2dd0a1082a093c3141?s=96&d=mm&r=g","caption":"Comunicaci\u00f3 Esplac"}}]}},"_links":{"self":[{"href":"https:\/\/www.esplac.cat\/es\/wp-json\/wp\/v2\/posts\/35174","targetHints":{"allow":["GET"]}}],"collection":[{"href":"https:\/\/www.esplac.cat\/es\/wp-json\/wp\/v2\/posts"}],"about":[{"href":"https:\/\/www.esplac.cat\/es\/wp-json\/wp\/v2\/types\/post"}],"author":[{"embeddable":true,"href":"https:\/\/www.esplac.cat\/es\/wp-json\/wp\/v2\/users\/3"}],"replies":[{"embeddable":true,"href":"https:\/\/www.esplac.cat\/es\/wp-json\/wp\/v2\/comments?post=35174"}],"version-history":[{"count":0,"href":"https:\/\/www.esplac.cat\/es\/wp-json\/wp\/v2\/posts\/35174\/revisions"}],"wp:featuredmedia":[{"embeddable":true,"href":"https:\/\/www.esplac.cat\/es\/wp-json\/wp\/v2\/media\/35176"}],"wp:attachment":[{"href":"https:\/\/www.esplac.cat\/es\/wp-json\/wp\/v2\/media?parent=35174"}],"wp:term":[{"taxonomy":"category","embeddable":true,"href":"https:\/\/www.esplac.cat\/es\/wp-json\/wp\/v2\/categories?post=35174"},{"taxonomy":"post_tag","embeddable":true,"href":"https:\/\/www.esplac.cat\/es\/wp-json\/wp\/v2\/tags?post=35174"}],"curies":[{"name":"wp","href":"https:\/\/api.w.org\/{rel}","templated":true}]}}