{"id":35295,"date":"2021-03-23T13:04:36","date_gmt":"2021-03-23T12:04:36","guid":{"rendered":"https:\/\/www.esplac.cat\/?p=35295"},"modified":"2021-03-25T10:15:34","modified_gmt":"2021-03-25T09:15:34","slug":"queer-easter-2021-estiu","status":"publish","type":"post","link":"https:\/\/www.esplac.cat\/es\/queer-easter-2021-estiu\/","title":{"rendered":"La Queer Easter 2021 es far\u00e0 a l\u2019estiu!"},"content":{"rendered":"<h6><b>Sota el lema \u201c<\/b><b><i>We are here, we are queer<\/i><\/b><b>\u201d aquest any, la Queer Easter es trasllada al juliol per a poder-se dur a terme presencialment.<\/b><\/h6>\n<p>La Queer Easter \u00e9s un seminari organitzat pel <span style=\"color: #ff9900;\"><a style=\"color: #ff9900;\" href=\"https:\/\/www.kurt-loewenstein.de\/en\" target=\"_blank\" rel=\"noopener noreferrer\">Centre Kurt L\u00f6wenstein<\/a><\/span>, a Werftpfuhl (a prop de Berl\u00edn). \u00c9s una formaci\u00f3 que reuneix monitores, monitors i activistes d\u2019organitzacions LGTBIQ* i que compta amb 20 anys d\u2019experi\u00e8ncia.<\/p>\n<p>Aquest any la trobada tractar\u00e0 la <strong>lluita pel reconeixement i l\u2019acceptaci\u00f3 social de la diversitat de g\u00e8nere i sexual<\/strong>. Es compartiran bones pr\u00e0ctiques entre les persones participants, s\u2019analitzaran les causes que envolten els discursos d\u2019odi i l\u2019hostilitat envers persones trans i homosexuals i es desenvoluparan propostes per contrarestar-les. L\u2019objectiu principal del seminari \u00e9s <strong>debatre, proposar i imaginar maneres de crear una societat en qu\u00e8 ning\u00fa ha de tenir por per ser qui \u00e9s.<\/strong><\/p>\n<p><strong>Quan?<\/strong><\/p>\n<ul>\n<li>Presencial del <strong>17 al 24 de juliol<\/strong> 2021 al Centre Kurt L\u00f6wenstein<\/li>\n<li>Hi haur\u00e0 una trobada pr\u00e8via el <strong>3 d\u2019Abril de 16 a 18h<\/strong> en format telem\u00e0tic.<\/li>\n<\/ul>\n<p><strong>Cost?<\/strong><\/p>\n<ul>\n<li>70\u20ac per participant (allotjament i manutenci\u00f3)<\/li>\n<li>El cost del viatge es reembolsar\u00e0 al arribar all\u00e0 fins a un m\u00e0xim de 275\u20ac.<\/li>\n<\/ul>\n<p><strong>Places:<\/strong> 6 places subvencionades per Esplac<\/p>\n<p><strong>Qu\u00e8 fa falta per participar?<\/strong><\/p>\n<ul>\n<li>Ser monitora o monitor d\u2019Esplac<\/li>\n<li>Tenir un nivell d\u2019angl\u00e8s suficient per poder seguir la formaci\u00f3 i comunicar-se<\/li>\n<li>Fer un retorn de l\u2019experi\u00e8ncia i\/o els coneixements a Esplac<\/li>\n<\/ul>\n<p>Per a participar inscriu-te al <strong>formulari que trobar\u00e0s a l\u2019Era<\/strong> a l\u2019apartat personal d\u2019Activitats &gt; \u201cQueer Easter 2021\u201d. I per inscriure&#8217;t a la trobada telem\u00e0tica pr\u00e8via del 3 d&#8217;abril, has d&#8217;<span style=\"color: #ff9900;\"><a style=\"color: #ff9900;\" href=\"https:\/\/www.kurt-loewenstein.de\/formular\/online-registration-queer-easter-summer-2021\" target=\"_blank\" rel=\"noopener noreferrer\">omplir aquest formulari.\u00a0<\/a><\/span><\/p>\n<p><strong>Data l\u00edmit per inscriure\u2019s: 30 de maig de 2021.<\/strong><\/p>\n<p><strong>Tens dubtes?<\/strong> Demana m\u00e9s informaci\u00f3 a: internacional@esplac.cat<\/p>\n<p><img decoding=\"async\" class=\"aligncenter size-full wp-image-35307\" src=\"https:\/\/www.esplac.cat\/wp-content\/uploads\/2021\/03\/01_queer_easter_2015_jbs_kurt_loewenstein.jpeg\" alt=\"\" width=\"630\" height=\"339\" srcset=\"https:\/\/www.esplac.cat\/wp-content\/uploads\/2021\/03\/01_queer_easter_2015_jbs_kurt_loewenstein-200x108.jpeg 200w, https:\/\/www.esplac.cat\/wp-content\/uploads\/2021\/03\/01_queer_easter_2015_jbs_kurt_loewenstein-300x161.jpeg 300w, https:\/\/www.esplac.cat\/wp-content\/uploads\/2021\/03\/01_queer_easter_2015_jbs_kurt_loewenstein-400x215.jpeg 400w, https:\/\/www.esplac.cat\/wp-content\/uploads\/2021\/03\/01_queer_easter_2015_jbs_kurt_loewenstein-600x323.jpeg 600w, https:\/\/www.esplac.cat\/wp-content\/uploads\/2021\/03\/01_queer_easter_2015_jbs_kurt_loewenstein.jpeg 630w\" sizes=\"(max-width: 630px) 100vw, 630px\" \/><\/p>\n<p>&nbsp;<\/p>\n<p style=\"text-align: right;\"><em>Les fotografies d&#8217;aquesta not\u00edcia s\u00f3n d&#8217;edicions anteriors<\/em><\/p>\n","protected":false},"excerpt":{"rendered":"<p>Sota el lema \u201cWe are here, we are queer\u201d aquest [&hellip;]<\/p>\n","protected":false},"author":3,"featured_media":35302,"comment_status":"closed","ping_status":"closed","sticky":false,"template":"","format":"standard","meta":{"om_disable_all_campaigns":false,"_monsterinsights_skip_tracking":false,"_monsterinsights_sitenote_active":false,"_monsterinsights_sitenote_note":"","_monsterinsights_sitenote_category":0,"_uf_show_specific_survey":0,"_uf_disable_surveys":false,"footnotes":""},"categories":[1112],"tags":[],"class_list":["post-35295","post","type-post","status-publish","format-standard","has-post-thumbnail","hentry","category-esplac-al-mon"],"yoast_head":"<!-- This site is optimized with the Yoast SEO plugin v27.5 - https:\/\/yoast.com\/product\/yoast-seo-wordpress\/ -->\n<title>La Queer Easter 2021 es far\u00e0 a l\u2019estiu! - Esplac<\/title>\n<meta name=\"description\" content=\"Sota el lema \u201cWe are here, we are queer\u201d aquest any, la Queer Easter es trasllada al juliol per a poder-se dur a terme presencialment.\" \/>\n<meta name=\"robots\" content=\"index, follow, max-snippet:-1, max-image-preview:large, max-video-preview:-1\" \/>\n<link rel=\"canonical\" href=\"https:\/\/www.esplac.cat\/en\/queer-easter-2021-estiu\/\" \/>\n<meta property=\"og:locale\" content=\"es_ES\" \/>\n<meta property=\"og:type\" content=\"article\" \/>\n<meta property=\"og:title\" content=\"La Queer Easter 2021 es far\u00e0 a l\u2019estiu! - Esplac\" \/>\n<meta property=\"og:description\" content=\"Sota el lema \u201cWe are here, we are queer\u201d aquest any, la Queer Easter es trasllada al juliol per a poder-se dur a terme presencialment.\" \/>\n<meta property=\"og:url\" content=\"https:\/\/www.esplac.cat\/en\/queer-easter-2021-estiu\/\" \/>\n<meta property=\"og:site_name\" content=\"Esplac\" \/>\n<meta property=\"article:published_time\" content=\"2021-03-23T12:04:36+00:00\" \/>\n<meta property=\"article:modified_time\" content=\"2021-03-25T09:15:34+00:00\" \/>\n<meta property=\"og:image\" content=\"https:\/\/www.esplac.cat\/wp-content\/uploads\/2021\/03\/ifm.jpg\" \/>\n\t<meta property=\"og:image:width\" content=\"1697\" \/>\n\t<meta property=\"og:image:height\" content=\"700\" \/>\n\t<meta property=\"og:image:type\" content=\"image\/jpeg\" \/>\n<meta name=\"author\" content=\"Comunicaci\u00f3 Esplac\" \/>\n<meta name=\"twitter:card\" content=\"summary_large_image\" \/>\n<meta name=\"twitter:label1\" content=\"Escrito por\" \/>\n\t<meta name=\"twitter:data1\" content=\"Comunicaci\u00f3 Esplac\" \/>\n\t<meta name=\"twitter:label2\" content=\"Tiempo de lectura\" \/>\n\t<meta name=\"twitter:data2\" content=\"2 minutos\" \/>\n<script type=\"application\/ld+json\" class=\"yoast-schema-graph\">{\"@context\":\"https:\\\/\\\/schema.org\",\"@graph\":[{\"@type\":\"Article\",\"@id\":\"https:\\\/\\\/www.esplac.cat\\\/en\\\/queer-easter-2021-estiu\\\/#article\",\"isPartOf\":{\"@id\":\"https:\\\/\\\/www.esplac.cat\\\/en\\\/queer-easter-2021-estiu\\\/\"},\"author\":{\"name\":\"Comunicaci\u00f3 Esplac\",\"@id\":\"https:\\\/\\\/www.esplac.cat\\\/#\\\/schema\\\/person\\\/908383cf240be18b68f8855d0583faca\"},\"headline\":\"La Queer Easter 2021 es far\u00e0 a l\u2019estiu!\",\"datePublished\":\"2021-03-23T12:04:36+00:00\",\"dateModified\":\"2021-03-25T09:15:34+00:00\",\"mainEntityOfPage\":{\"@id\":\"https:\\\/\\\/www.esplac.cat\\\/en\\\/queer-easter-2021-estiu\\\/\"},\"wordCount\":314,\"publisher\":{\"@id\":\"https:\\\/\\\/www.esplac.cat\\\/#organization\"},\"image\":{\"@id\":\"https:\\\/\\\/www.esplac.cat\\\/en\\\/queer-easter-2021-estiu\\\/#primaryimage\"},\"thumbnailUrl\":\"https:\\\/\\\/www.esplac.cat\\\/wp-content\\\/uploads\\\/2021\\\/03\\\/ifm.jpg\",\"articleSection\":[\"Esplac al m\u00f3n\"],\"inLanguage\":\"es\"},{\"@type\":\"WebPage\",\"@id\":\"https:\\\/\\\/www.esplac.cat\\\/en\\\/queer-easter-2021-estiu\\\/\",\"url\":\"https:\\\/\\\/www.esplac.cat\\\/en\\\/queer-easter-2021-estiu\\\/\",\"name\":\"La Queer Easter 2021 es far\u00e0 a l\u2019estiu! - Esplac\",\"isPartOf\":{\"@id\":\"https:\\\/\\\/www.esplac.cat\\\/#website\"},\"primaryImageOfPage\":{\"@id\":\"https:\\\/\\\/www.esplac.cat\\\/en\\\/queer-easter-2021-estiu\\\/#primaryimage\"},\"image\":{\"@id\":\"https:\\\/\\\/www.esplac.cat\\\/en\\\/queer-easter-2021-estiu\\\/#primaryimage\"},\"thumbnailUrl\":\"https:\\\/\\\/www.esplac.cat\\\/wp-content\\\/uploads\\\/2021\\\/03\\\/ifm.jpg\",\"datePublished\":\"2021-03-23T12:04:36+00:00\",\"dateModified\":\"2021-03-25T09:15:34+00:00\",\"description\":\"Sota el lema \u201cWe are here, we are queer\u201d aquest any, la Queer Easter es trasllada al juliol per a poder-se dur a terme presencialment.\",\"breadcrumb\":{\"@id\":\"https:\\\/\\\/www.esplac.cat\\\/en\\\/queer-easter-2021-estiu\\\/#breadcrumb\"},\"inLanguage\":\"es\",\"potentialAction\":[{\"@type\":\"ReadAction\",\"target\":[\"https:\\\/\\\/www.esplac.cat\\\/en\\\/queer-easter-2021-estiu\\\/\"]}]},{\"@type\":\"ImageObject\",\"inLanguage\":\"es\",\"@id\":\"https:\\\/\\\/www.esplac.cat\\\/en\\\/queer-easter-2021-estiu\\\/#primaryimage\",\"url\":\"https:\\\/\\\/www.esplac.cat\\\/wp-content\\\/uploads\\\/2021\\\/03\\\/ifm.jpg\",\"contentUrl\":\"https:\\\/\\\/www.esplac.cat\\\/wp-content\\\/uploads\\\/2021\\\/03\\\/ifm.jpg\",\"width\":1697,\"height\":700},{\"@type\":\"BreadcrumbList\",\"@id\":\"https:\\\/\\\/www.esplac.cat\\\/en\\\/queer-easter-2021-estiu\\\/#breadcrumb\",\"itemListElement\":[{\"@type\":\"ListItem\",\"position\":1,\"name\":\"Inici\",\"item\":\"https:\\\/\\\/www.esplac.cat\\\/es\\\/\"},{\"@type\":\"ListItem\",\"position\":2,\"name\":\"La Queer Easter 2021 es far\u00e0 a l\u2019estiu!\"}]},{\"@type\":\"WebSite\",\"@id\":\"https:\\\/\\\/www.esplac.cat\\\/#website\",\"url\":\"https:\\\/\\\/www.esplac.cat\\\/\",\"name\":\"Esplac\",\"description\":\"Esplais Catalans\",\"publisher\":{\"@id\":\"https:\\\/\\\/www.esplac.cat\\\/#organization\"},\"potentialAction\":[{\"@type\":\"SearchAction\",\"target\":{\"@type\":\"EntryPoint\",\"urlTemplate\":\"https:\\\/\\\/www.esplac.cat\\\/?s={search_term_string}\"},\"query-input\":{\"@type\":\"PropertyValueSpecification\",\"valueRequired\":true,\"valueName\":\"search_term_string\"}}],\"inLanguage\":\"es\"},{\"@type\":\"Organization\",\"@id\":\"https:\\\/\\\/www.esplac.cat\\\/#organization\",\"name\":\"Esplac\",\"url\":\"https:\\\/\\\/www.esplac.cat\\\/\",\"logo\":{\"@type\":\"ImageObject\",\"inLanguage\":\"es\",\"@id\":\"https:\\\/\\\/www.esplac.cat\\\/#\\\/schema\\\/logo\\\/image\\\/\",\"url\":\"https:\\\/\\\/www.esplac.cat\\\/wp-content\\\/uploads\\\/2019\\\/08\\\/logox2.png\",\"contentUrl\":\"https:\\\/\\\/www.esplac.cat\\\/wp-content\\\/uploads\\\/2019\\\/08\\\/logox2.png\",\"width\":600,\"height\":295,\"caption\":\"Esplac\"},\"image\":{\"@id\":\"https:\\\/\\\/www.esplac.cat\\\/#\\\/schema\\\/logo\\\/image\\\/\"}},{\"@type\":\"Person\",\"@id\":\"https:\\\/\\\/www.esplac.cat\\\/#\\\/schema\\\/person\\\/908383cf240be18b68f8855d0583faca\",\"name\":\"Comunicaci\u00f3 Esplac\",\"image\":{\"@type\":\"ImageObject\",\"inLanguage\":\"es\",\"@id\":\"https:\\\/\\\/secure.gravatar.com\\\/avatar\\\/7a4cf8feb412a76ea4a740ca02d95b06b2907b5a6c648c2dd0a1082a093c3141?s=96&d=mm&r=g\",\"url\":\"https:\\\/\\\/secure.gravatar.com\\\/avatar\\\/7a4cf8feb412a76ea4a740ca02d95b06b2907b5a6c648c2dd0a1082a093c3141?s=96&d=mm&r=g\",\"contentUrl\":\"https:\\\/\\\/secure.gravatar.com\\\/avatar\\\/7a4cf8feb412a76ea4a740ca02d95b06b2907b5a6c648c2dd0a1082a093c3141?s=96&d=mm&r=g\",\"caption\":\"Comunicaci\u00f3 Esplac\"}}]}<\/script>\n<!-- \/ Yoast SEO plugin. -->","yoast_head_json":{"title":"La Queer Easter 2021 es far\u00e0 a l\u2019estiu! - Esplac","description":"Sota el lema \u201cWe are here, we are queer\u201d aquest any, la Queer Easter es trasllada al juliol per a poder-se dur a terme presencialment.","robots":{"index":"index","follow":"follow","max-snippet":"max-snippet:-1","max-image-preview":"max-image-preview:large","max-video-preview":"max-video-preview:-1"},"canonical":"https:\/\/www.esplac.cat\/en\/queer-easter-2021-estiu\/","og_locale":"es_ES","og_type":"article","og_title":"La Queer Easter 2021 es far\u00e0 a l\u2019estiu! - Esplac","og_description":"Sota el lema \u201cWe are here, we are queer\u201d aquest any, la Queer Easter es trasllada al juliol per a poder-se dur a terme presencialment.","og_url":"https:\/\/www.esplac.cat\/en\/queer-easter-2021-estiu\/","og_site_name":"Esplac","article_published_time":"2021-03-23T12:04:36+00:00","article_modified_time":"2021-03-25T09:15:34+00:00","og_image":[{"width":1697,"height":700,"url":"https:\/\/www.esplac.cat\/wp-content\/uploads\/2021\/03\/ifm.jpg","type":"image\/jpeg"}],"author":"Comunicaci\u00f3 Esplac","twitter_card":"summary_large_image","twitter_misc":{"Escrito por":"Comunicaci\u00f3 Esplac","Tiempo de lectura":"2 minutos"},"schema":{"@context":"https:\/\/schema.org","@graph":[{"@type":"Article","@id":"https:\/\/www.esplac.cat\/en\/queer-easter-2021-estiu\/#article","isPartOf":{"@id":"https:\/\/www.esplac.cat\/en\/queer-easter-2021-estiu\/"},"author":{"name":"Comunicaci\u00f3 Esplac","@id":"https:\/\/www.esplac.cat\/#\/schema\/person\/908383cf240be18b68f8855d0583faca"},"headline":"La Queer Easter 2021 es far\u00e0 a l\u2019estiu!","datePublished":"2021-03-23T12:04:36+00:00","dateModified":"2021-03-25T09:15:34+00:00","mainEntityOfPage":{"@id":"https:\/\/www.esplac.cat\/en\/queer-easter-2021-estiu\/"},"wordCount":314,"publisher":{"@id":"https:\/\/www.esplac.cat\/#organization"},"image":{"@id":"https:\/\/www.esplac.cat\/en\/queer-easter-2021-estiu\/#primaryimage"},"thumbnailUrl":"https:\/\/www.esplac.cat\/wp-content\/uploads\/2021\/03\/ifm.jpg","articleSection":["Esplac al m\u00f3n"],"inLanguage":"es"},{"@type":"WebPage","@id":"https:\/\/www.esplac.cat\/en\/queer-easter-2021-estiu\/","url":"https:\/\/www.esplac.cat\/en\/queer-easter-2021-estiu\/","name":"La Queer Easter 2021 es far\u00e0 a l\u2019estiu! - Esplac","isPartOf":{"@id":"https:\/\/www.esplac.cat\/#website"},"primaryImageOfPage":{"@id":"https:\/\/www.esplac.cat\/en\/queer-easter-2021-estiu\/#primaryimage"},"image":{"@id":"https:\/\/www.esplac.cat\/en\/queer-easter-2021-estiu\/#primaryimage"},"thumbnailUrl":"https:\/\/www.esplac.cat\/wp-content\/uploads\/2021\/03\/ifm.jpg","datePublished":"2021-03-23T12:04:36+00:00","dateModified":"2021-03-25T09:15:34+00:00","description":"Sota el lema \u201cWe are here, we are queer\u201d aquest any, la Queer Easter es trasllada al juliol per a poder-se dur a terme presencialment.","breadcrumb":{"@id":"https:\/\/www.esplac.cat\/en\/queer-easter-2021-estiu\/#breadcrumb"},"inLanguage":"es","potentialAction":[{"@type":"ReadAction","target":["https:\/\/www.esplac.cat\/en\/queer-easter-2021-estiu\/"]}]},{"@type":"ImageObject","inLanguage":"es","@id":"https:\/\/www.esplac.cat\/en\/queer-easter-2021-estiu\/#primaryimage","url":"https:\/\/www.esplac.cat\/wp-content\/uploads\/2021\/03\/ifm.jpg","contentUrl":"https:\/\/www.esplac.cat\/wp-content\/uploads\/2021\/03\/ifm.jpg","width":1697,"height":700},{"@type":"BreadcrumbList","@id":"https:\/\/www.esplac.cat\/en\/queer-easter-2021-estiu\/#breadcrumb","itemListElement":[{"@type":"ListItem","position":1,"name":"Inici","item":"https:\/\/www.esplac.cat\/es\/"},{"@type":"ListItem","position":2,"name":"La Queer Easter 2021 es far\u00e0 a l\u2019estiu!"}]},{"@type":"WebSite","@id":"https:\/\/www.esplac.cat\/#website","url":"https:\/\/www.esplac.cat\/","name":"Esplac","description":"Esplais Catalans","publisher":{"@id":"https:\/\/www.esplac.cat\/#organization"},"potentialAction":[{"@type":"SearchAction","target":{"@type":"EntryPoint","urlTemplate":"https:\/\/www.esplac.cat\/?s={search_term_string}"},"query-input":{"@type":"PropertyValueSpecification","valueRequired":true,"valueName":"search_term_string"}}],"inLanguage":"es"},{"@type":"Organization","@id":"https:\/\/www.esplac.cat\/#organization","name":"Esplac","url":"https:\/\/www.esplac.cat\/","logo":{"@type":"ImageObject","inLanguage":"es","@id":"https:\/\/www.esplac.cat\/#\/schema\/logo\/image\/","url":"https:\/\/www.esplac.cat\/wp-content\/uploads\/2019\/08\/logox2.png","contentUrl":"https:\/\/www.esplac.cat\/wp-content\/uploads\/2019\/08\/logox2.png","width":600,"height":295,"caption":"Esplac"},"image":{"@id":"https:\/\/www.esplac.cat\/#\/schema\/logo\/image\/"}},{"@type":"Person","@id":"https:\/\/www.esplac.cat\/#\/schema\/person\/908383cf240be18b68f8855d0583faca","name":"Comunicaci\u00f3 Esplac","image":{"@type":"ImageObject","inLanguage":"es","@id":"https:\/\/secure.gravatar.com\/avatar\/7a4cf8feb412a76ea4a740ca02d95b06b2907b5a6c648c2dd0a1082a093c3141?s=96&d=mm&r=g","url":"https:\/\/secure.gravatar.com\/avatar\/7a4cf8feb412a76ea4a740ca02d95b06b2907b5a6c648c2dd0a1082a093c3141?s=96&d=mm&r=g","contentUrl":"https:\/\/secure.gravatar.com\/avatar\/7a4cf8feb412a76ea4a740ca02d95b06b2907b5a6c648c2dd0a1082a093c3141?s=96&d=mm&r=g","caption":"Comunicaci\u00f3 Esplac"}}]}},"_links":{"self":[{"href":"https:\/\/www.esplac.cat\/es\/wp-json\/wp\/v2\/posts\/35295","targetHints":{"allow":["GET"]}}],"collection":[{"href":"https:\/\/www.esplac.cat\/es\/wp-json\/wp\/v2\/posts"}],"about":[{"href":"https:\/\/www.esplac.cat\/es\/wp-json\/wp\/v2\/types\/post"}],"author":[{"embeddable":true,"href":"https:\/\/www.esplac.cat\/es\/wp-json\/wp\/v2\/users\/3"}],"replies":[{"embeddable":true,"href":"https:\/\/www.esplac.cat\/es\/wp-json\/wp\/v2\/comments?post=35295"}],"version-history":[{"count":0,"href":"https:\/\/www.esplac.cat\/es\/wp-json\/wp\/v2\/posts\/35295\/revisions"}],"wp:featuredmedia":[{"embeddable":true,"href":"https:\/\/www.esplac.cat\/es\/wp-json\/wp\/v2\/media\/35302"}],"wp:attachment":[{"href":"https:\/\/www.esplac.cat\/es\/wp-json\/wp\/v2\/media?parent=35295"}],"wp:term":[{"taxonomy":"category","embeddable":true,"href":"https:\/\/www.esplac.cat\/es\/wp-json\/wp\/v2\/categories?post=35295"},{"taxonomy":"post_tag","embeddable":true,"href":"https:\/\/www.esplac.cat\/es\/wp-json\/wp\/v2\/tags?post=35295"}],"curies":[{"name":"wp","href":"https:\/\/api.w.org\/{rel}","templated":true}]}}