{"id":35337,"date":"2021-03-25T14:29:02","date_gmt":"2021-03-25T13:29:02","guid":{"rendered":"https:\/\/www.esplac.cat\/?p=35337"},"modified":"2021-03-25T14:38:31","modified_gmt":"2021-03-25T13:38:31","slug":"educacio-sexual-emocional-trobada-pedagogica-sector-penedes-garraf-anoia","status":"publish","type":"post","link":"https:\/\/www.esplac.cat\/es\/educacio-sexual-emocional-trobada-pedagogica-sector-penedes-garraf-anoia\/","title":{"rendered":"Educaci\u00f3 sexual i emocional a la Trobada Pedag\u00f2gica del Sector Pened\u00e8s, Garraf i Anoia!"},"content":{"rendered":"<h6><strong>El passat diumenge, 21 de mar\u00e7, es va celebrar a la casa de col\u00f2nies Can Foix la Trobada Pedag\u00f2gica del Sector Pened\u00e8s, Garraf i Anoia. Aquesta trobada aplega anualment les monitores i monitors del sector per gaudir d&#8217;una jornada de formaci\u00f3 i cohesi\u00f3.<\/strong><\/h6>\n<p><span style=\"font-weight: 400;\">Tot i el context de pand\u00e8mia actual es va decidir fer la Trobada Pedag\u00f2gica del<span style=\"color: #ff9900;\"><a style=\"color: #ff9900;\" href=\"https:\/\/www.esplac.cat\/sectors-geografics\/penedes-garraf-i-anoia\/\"> Sector Pened\u00e8s, Garraf i Anoia<\/a><\/span> de forma presencial (complint amb totes les mesures sanit\u00e0ries necess\u00e0ries), cosa que es va valorar molt positivament per totes les monitores i monitors del sector que hi van participar. Despr\u00e9s de molts mesos sense poder fer activitats de sector presencials, es van poder tornar a trobar!<\/span><\/p>\n<p><span style=\"font-weight: 400;\">Hi van assistir 5 dels 6 esplais del sector i va aplegar unes<strong> 25 monitores<\/strong><\/span><strong> i monitors.<\/strong> Aquestes es van dividir en dos grups que van rebre respectivament les formacions d&#8217; \u201c<strong>Educaci\u00f3 emocional amb infants i joves<\/strong>\u201d i \u201c<strong>Educar en la sexualitat<\/strong>\u201d. Formacions per millorar el coneixement i recursos per seguir educant els infants i joves al dia a dia de l\u2019esplai.<\/p>\n<p><span style=\"font-weight: 400;\">En definitiva, va ser un espai molt agradable on compartir coneixements i seguir-nos construint i de-construint per poder transformar la societat!<\/span><\/p>\n<p>&nbsp;<\/p>\n\n\t\t<style type=\"text\/css\">\n\t\t\t#gallery-1 {\n\t\t\t\tmargin: auto;\n\t\t\t}\n\t\t\t#gallery-1 .gallery-item {\n\t\t\t\tfloat: left;\n\t\t\t\tmargin-top: 10px;\n\t\t\t\ttext-align: center;\n\t\t\t\twidth: 33%;\n\t\t\t}\n\t\t\t#gallery-1 img {\n\t\t\t\tborder: 2px solid #cfcfcf;\n\t\t\t}\n\t\t\t#gallery-1 .gallery-caption {\n\t\t\t\tmargin-left: 0;\n\t\t\t}\n\t\t\t\/* see gallery_shortcode() in wp-includes\/media.php *\/\n\t\t<\/style>\n\t\t<div id='gallery-1' class='gallery galleryid-35337 gallery-columns-3 gallery-size-full'><dl class='gallery-item'>\n\t\t\t<dt class='gallery-icon landscape'>\n\t\t\t\t<a data-rel=\"iLightbox[postimages]\" data-title=\"WhatsApp Image 2021-03-22 at 16.15.25\" data-caption=\"\" href='https:\/\/www.esplac.cat\/wp-content\/uploads\/2021\/03\/WhatsApp-Image-2021-03-22-at-16.15.25.jpeg'><img decoding=\"async\" width=\"1600\" height=\"1200\" src=\"https:\/\/www.esplac.cat\/wp-content\/uploads\/2021\/03\/WhatsApp-Image-2021-03-22-at-16.15.25.jpeg\" class=\"attachment-full size-full\" alt=\"Trobada pedag\u00f2gica Pened\u00e8s Garraf i Anoia\" srcset=\"https:\/\/www.esplac.cat\/wp-content\/uploads\/2021\/03\/WhatsApp-Image-2021-03-22-at-16.15.25-200x150.jpeg 200w, https:\/\/www.esplac.cat\/wp-content\/uploads\/2021\/03\/WhatsApp-Image-2021-03-22-at-16.15.25-300x225.jpeg 300w, https:\/\/www.esplac.cat\/wp-content\/uploads\/2021\/03\/WhatsApp-Image-2021-03-22-at-16.15.25-400x300.jpeg 400w, https:\/\/www.esplac.cat\/wp-content\/uploads\/2021\/03\/WhatsApp-Image-2021-03-22-at-16.15.25-600x450.jpeg 600w, https:\/\/www.esplac.cat\/wp-content\/uploads\/2021\/03\/WhatsApp-Image-2021-03-22-at-16.15.25-768x576.jpeg 768w, https:\/\/www.esplac.cat\/wp-content\/uploads\/2021\/03\/WhatsApp-Image-2021-03-22-at-16.15.25-800x600.jpeg 800w, https:\/\/www.esplac.cat\/wp-content\/uploads\/2021\/03\/WhatsApp-Image-2021-03-22-at-16.15.25-1024x768.jpeg 1024w, https:\/\/www.esplac.cat\/wp-content\/uploads\/2021\/03\/WhatsApp-Image-2021-03-22-at-16.15.25-1200x900.jpeg 1200w, https:\/\/www.esplac.cat\/wp-content\/uploads\/2021\/03\/WhatsApp-Image-2021-03-22-at-16.15.25-1536x1152.jpeg 1536w, https:\/\/www.esplac.cat\/wp-content\/uploads\/2021\/03\/WhatsApp-Image-2021-03-22-at-16.15.25.jpeg 1600w\" sizes=\"(max-width: 1600px) 100vw, 1600px\" \/><\/a>\n\t\t\t<\/dt><\/dl><dl class='gallery-item'>\n\t\t\t<dt class='gallery-icon landscape'>\n\t\t\t\t<a data-rel=\"iLightbox[postimages]\" data-title=\"WhatsApp Image 2021-03-22 at 16.15.27\" data-caption=\"\" href='https:\/\/www.esplac.cat\/wp-content\/uploads\/2021\/03\/WhatsApp-Image-2021-03-22-at-16.15.27.jpeg'><img decoding=\"async\" width=\"2000\" height=\"1500\" src=\"https:\/\/www.esplac.cat\/wp-content\/uploads\/2021\/03\/WhatsApp-Image-2021-03-22-at-16.15.27.jpeg\" class=\"attachment-full size-full\" alt=\"Trobada pedag\u00f2gica Pened\u00e8s Garraf i Anoia\" srcset=\"https:\/\/www.esplac.cat\/wp-content\/uploads\/2021\/03\/WhatsApp-Image-2021-03-22-at-16.15.27-200x150.jpeg 200w, https:\/\/www.esplac.cat\/wp-content\/uploads\/2021\/03\/WhatsApp-Image-2021-03-22-at-16.15.27-300x225.jpeg 300w, https:\/\/www.esplac.cat\/wp-content\/uploads\/2021\/03\/WhatsApp-Image-2021-03-22-at-16.15.27-400x300.jpeg 400w, https:\/\/www.esplac.cat\/wp-content\/uploads\/2021\/03\/WhatsApp-Image-2021-03-22-at-16.15.27-600x450.jpeg 600w, https:\/\/www.esplac.cat\/wp-content\/uploads\/2021\/03\/WhatsApp-Image-2021-03-22-at-16.15.27-768x576.jpeg 768w, https:\/\/www.esplac.cat\/wp-content\/uploads\/2021\/03\/WhatsApp-Image-2021-03-22-at-16.15.27-800x600.jpeg 800w, https:\/\/www.esplac.cat\/wp-content\/uploads\/2021\/03\/WhatsApp-Image-2021-03-22-at-16.15.27-1024x768.jpeg 1024w, https:\/\/www.esplac.cat\/wp-content\/uploads\/2021\/03\/WhatsApp-Image-2021-03-22-at-16.15.27-1200x900.jpeg 1200w, https:\/\/www.esplac.cat\/wp-content\/uploads\/2021\/03\/WhatsApp-Image-2021-03-22-at-16.15.27-1536x1152.jpeg 1536w, https:\/\/www.esplac.cat\/wp-content\/uploads\/2021\/03\/WhatsApp-Image-2021-03-22-at-16.15.27.jpeg 2000w\" sizes=\"(max-width: 2000px) 100vw, 2000px\" \/><\/a>\n\t\t\t<\/dt><\/dl><dl class='gallery-item'>\n\t\t\t<dt class='gallery-icon landscape'>\n\t\t\t\t<a data-rel=\"iLightbox[postimages]\" data-title=\"WhatsApp Image 2021-03-22 at 16.15.26 (1)\" data-caption=\"\" href='https:\/\/www.esplac.cat\/wp-content\/uploads\/2021\/03\/WhatsApp-Image-2021-03-22-at-16.15.26-1.jpeg'><img decoding=\"async\" width=\"2000\" height=\"1500\" src=\"https:\/\/www.esplac.cat\/wp-content\/uploads\/2021\/03\/WhatsApp-Image-2021-03-22-at-16.15.26-1.jpeg\" class=\"attachment-full size-full\" alt=\"Trobada pedag\u00f2gica Pened\u00e8s Garraf i Anoia\" srcset=\"https:\/\/www.esplac.cat\/wp-content\/uploads\/2021\/03\/WhatsApp-Image-2021-03-22-at-16.15.26-1-200x150.jpeg 200w, https:\/\/www.esplac.cat\/wp-content\/uploads\/2021\/03\/WhatsApp-Image-2021-03-22-at-16.15.26-1-300x225.jpeg 300w, https:\/\/www.esplac.cat\/wp-content\/uploads\/2021\/03\/WhatsApp-Image-2021-03-22-at-16.15.26-1-400x300.jpeg 400w, https:\/\/www.esplac.cat\/wp-content\/uploads\/2021\/03\/WhatsApp-Image-2021-03-22-at-16.15.26-1-600x450.jpeg 600w, https:\/\/www.esplac.cat\/wp-content\/uploads\/2021\/03\/WhatsApp-Image-2021-03-22-at-16.15.26-1-768x576.jpeg 768w, https:\/\/www.esplac.cat\/wp-content\/uploads\/2021\/03\/WhatsApp-Image-2021-03-22-at-16.15.26-1-800x600.jpeg 800w, https:\/\/www.esplac.cat\/wp-content\/uploads\/2021\/03\/WhatsApp-Image-2021-03-22-at-16.15.26-1-1024x768.jpeg 1024w, https:\/\/www.esplac.cat\/wp-content\/uploads\/2021\/03\/WhatsApp-Image-2021-03-22-at-16.15.26-1-1200x900.jpeg 1200w, https:\/\/www.esplac.cat\/wp-content\/uploads\/2021\/03\/WhatsApp-Image-2021-03-22-at-16.15.26-1-1536x1152.jpeg 1536w, https:\/\/www.esplac.cat\/wp-content\/uploads\/2021\/03\/WhatsApp-Image-2021-03-22-at-16.15.26-1.jpeg 2000w\" sizes=\"(max-width: 2000px) 100vw, 2000px\" \/><\/a>\n\t\t\t<\/dt><\/dl><br style=\"clear: both\" \/><dl class='gallery-item'>\n\t\t\t<dt class='gallery-icon landscape'>\n\t\t\t\t<a data-rel=\"iLightbox[postimages]\" data-title=\"WhatsApp Image 2021-03-22 at 16.15.27 (1)\" data-caption=\"\" href='https:\/\/www.esplac.cat\/wp-content\/uploads\/2021\/03\/WhatsApp-Image-2021-03-22-at-16.15.27-1.jpeg'><img decoding=\"async\" width=\"2000\" height=\"1500\" src=\"https:\/\/www.esplac.cat\/wp-content\/uploads\/2021\/03\/WhatsApp-Image-2021-03-22-at-16.15.27-1.jpeg\" class=\"attachment-full size-full\" alt=\"Trobada pedag\u00f2gica Pened\u00e8s Garraf i Anoia\" srcset=\"https:\/\/www.esplac.cat\/wp-content\/uploads\/2021\/03\/WhatsApp-Image-2021-03-22-at-16.15.27-1-200x150.jpeg 200w, https:\/\/www.esplac.cat\/wp-content\/uploads\/2021\/03\/WhatsApp-Image-2021-03-22-at-16.15.27-1-300x225.jpeg 300w, https:\/\/www.esplac.cat\/wp-content\/uploads\/2021\/03\/WhatsApp-Image-2021-03-22-at-16.15.27-1-400x300.jpeg 400w, https:\/\/www.esplac.cat\/wp-content\/uploads\/2021\/03\/WhatsApp-Image-2021-03-22-at-16.15.27-1-600x450.jpeg 600w, https:\/\/www.esplac.cat\/wp-content\/uploads\/2021\/03\/WhatsApp-Image-2021-03-22-at-16.15.27-1-768x576.jpeg 768w, https:\/\/www.esplac.cat\/wp-content\/uploads\/2021\/03\/WhatsApp-Image-2021-03-22-at-16.15.27-1-800x600.jpeg 800w, https:\/\/www.esplac.cat\/wp-content\/uploads\/2021\/03\/WhatsApp-Image-2021-03-22-at-16.15.27-1-1024x768.jpeg 1024w, https:\/\/www.esplac.cat\/wp-content\/uploads\/2021\/03\/WhatsApp-Image-2021-03-22-at-16.15.27-1-1200x900.jpeg 1200w, https:\/\/www.esplac.cat\/wp-content\/uploads\/2021\/03\/WhatsApp-Image-2021-03-22-at-16.15.27-1-1536x1152.jpeg 1536w, https:\/\/www.esplac.cat\/wp-content\/uploads\/2021\/03\/WhatsApp-Image-2021-03-22-at-16.15.27-1.jpeg 2000w\" sizes=\"(max-width: 2000px) 100vw, 2000px\" \/><\/a>\n\t\t\t<\/dt><\/dl><dl class='gallery-item'>\n\t\t\t<dt class='gallery-icon landscape'>\n\t\t\t\t<a data-rel=\"iLightbox[postimages]\" data-title=\"WhatsApp Image 2021-03-22 at 16.15.26 (2)\" data-caption=\"\" href='https:\/\/www.esplac.cat\/wp-content\/uploads\/2021\/03\/WhatsApp-Image-2021-03-22-at-16.15.26-2.jpeg'><img decoding=\"async\" width=\"2000\" height=\"1500\" src=\"https:\/\/www.esplac.cat\/wp-content\/uploads\/2021\/03\/WhatsApp-Image-2021-03-22-at-16.15.26-2.jpeg\" class=\"attachment-full size-full\" alt=\"Trobada pedag\u00f2gica Pened\u00e8s Garraf i Anoia\" srcset=\"https:\/\/www.esplac.cat\/wp-content\/uploads\/2021\/03\/WhatsApp-Image-2021-03-22-at-16.15.26-2-200x150.jpeg 200w, https:\/\/www.esplac.cat\/wp-content\/uploads\/2021\/03\/WhatsApp-Image-2021-03-22-at-16.15.26-2-300x225.jpeg 300w, https:\/\/www.esplac.cat\/wp-content\/uploads\/2021\/03\/WhatsApp-Image-2021-03-22-at-16.15.26-2-400x300.jpeg 400w, https:\/\/www.esplac.cat\/wp-content\/uploads\/2021\/03\/WhatsApp-Image-2021-03-22-at-16.15.26-2-600x450.jpeg 600w, https:\/\/www.esplac.cat\/wp-content\/uploads\/2021\/03\/WhatsApp-Image-2021-03-22-at-16.15.26-2-768x576.jpeg 768w, https:\/\/www.esplac.cat\/wp-content\/uploads\/2021\/03\/WhatsApp-Image-2021-03-22-at-16.15.26-2-800x600.jpeg 800w, https:\/\/www.esplac.cat\/wp-content\/uploads\/2021\/03\/WhatsApp-Image-2021-03-22-at-16.15.26-2-1024x768.jpeg 1024w, https:\/\/www.esplac.cat\/wp-content\/uploads\/2021\/03\/WhatsApp-Image-2021-03-22-at-16.15.26-2-1200x900.jpeg 1200w, https:\/\/www.esplac.cat\/wp-content\/uploads\/2021\/03\/WhatsApp-Image-2021-03-22-at-16.15.26-2-1536x1152.jpeg 1536w, https:\/\/www.esplac.cat\/wp-content\/uploads\/2021\/03\/WhatsApp-Image-2021-03-22-at-16.15.26-2.jpeg 2000w\" sizes=\"(max-width: 2000px) 100vw, 2000px\" \/><\/a>\n\t\t\t<\/dt><\/dl>\n\t\t\t<br style='clear: both' \/>\n\t\t<\/div>\n\n","protected":false},"excerpt":{"rendered":"<p>El passat diumenge, 21 de mar\u00e7, es va celebrar a [&hellip;]<\/p>\n","protected":false},"author":3,"featured_media":35339,"comment_status":"closed","ping_status":"closed","sticky":false,"template":"","format":"standard","meta":{"om_disable_all_campaigns":false,"_monsterinsights_skip_tracking":false,"_monsterinsights_sitenote_active":false,"_monsterinsights_sitenote_note":"","_monsterinsights_sitenote_category":0,"_uf_show_specific_survey":0,"_uf_disable_surveys":false,"footnotes":""},"categories":[1123],"tags":[],"class_list":["post-35337","post","type-post","status-publish","format-standard","has-post-thumbnail","hentry","category-sector-penedes-garraf-anoia"],"yoast_head":"<!-- This site is optimized with the Yoast SEO plugin v27.5 - https:\/\/yoast.com\/product\/yoast-seo-wordpress\/ -->\n<title>Trobada pedag\u00f2gica Pened\u00e8s Garraf i Anoia - Esplac<\/title>\n<meta name=\"description\" content=\"El passat diumenge, 21 de mar\u00e7, es va celebrar a la casa de col\u00f2nies Can Foix la Trobada Pedag\u00f2gica del Sector Pened\u00e8s, Garraf i Anoia.\" \/>\n<meta name=\"robots\" content=\"index, follow, max-snippet:-1, max-image-preview:large, max-video-preview:-1\" \/>\n<link rel=\"canonical\" href=\"https:\/\/www.esplac.cat\/es\/educacio-sexual-emocional-trobada-pedagogica-sector-penedes-garraf-anoia\/\" \/>\n<meta property=\"og:locale\" content=\"es_ES\" \/>\n<meta property=\"og:type\" content=\"article\" \/>\n<meta property=\"og:title\" content=\"Trobada pedag\u00f2gica Pened\u00e8s Garraf i Anoia - Esplac\" \/>\n<meta property=\"og:description\" content=\"El passat diumenge, 21 de mar\u00e7, es va celebrar a la casa de col\u00f2nies Can Foix la Trobada Pedag\u00f2gica del Sector Pened\u00e8s, Garraf i Anoia.\" \/>\n<meta property=\"og:url\" content=\"https:\/\/www.esplac.cat\/es\/educacio-sexual-emocional-trobada-pedagogica-sector-penedes-garraf-anoia\/\" \/>\n<meta property=\"og:site_name\" content=\"Esplac\" \/>\n<meta property=\"article:published_time\" content=\"2021-03-25T13:29:02+00:00\" \/>\n<meta property=\"article:modified_time\" content=\"2021-03-25T13:38:31+00:00\" \/>\n<meta property=\"og:image\" content=\"https:\/\/www.esplac.cat\/wp-content\/uploads\/2021\/03\/PGAtrobadapedagogica.jpg\" \/>\n\t<meta property=\"og:image:width\" content=\"1697\" \/>\n\t<meta property=\"og:image:height\" content=\"700\" \/>\n\t<meta property=\"og:image:type\" content=\"image\/jpeg\" \/>\n<meta name=\"author\" content=\"Comunicaci\u00f3 Esplac\" \/>\n<meta name=\"twitter:card\" content=\"summary_large_image\" \/>\n<meta name=\"twitter:label1\" content=\"Escrito por\" \/>\n\t<meta name=\"twitter:data1\" content=\"Comunicaci\u00f3 Esplac\" \/>\n\t<meta name=\"twitter:label2\" content=\"Tiempo de lectura\" \/>\n\t<meta name=\"twitter:data2\" content=\"1 minuto\" \/>\n<script type=\"application\/ld+json\" class=\"yoast-schema-graph\">{\"@context\":\"https:\\\/\\\/schema.org\",\"@graph\":[{\"@type\":\"Article\",\"@id\":\"https:\\\/\\\/www.esplac.cat\\\/es\\\/educacio-sexual-emocional-trobada-pedagogica-sector-penedes-garraf-anoia\\\/#article\",\"isPartOf\":{\"@id\":\"https:\\\/\\\/www.esplac.cat\\\/es\\\/educacio-sexual-emocional-trobada-pedagogica-sector-penedes-garraf-anoia\\\/\"},\"author\":{\"name\":\"Comunicaci\u00f3 Esplac\",\"@id\":\"https:\\\/\\\/www.esplac.cat\\\/#\\\/schema\\\/person\\\/908383cf240be18b68f8855d0583faca\"},\"headline\":\"Educaci\u00f3 sexual i emocional a la Trobada Pedag\u00f2gica del Sector Pened\u00e8s, Garraf i Anoia!\",\"datePublished\":\"2021-03-25T13:29:02+00:00\",\"dateModified\":\"2021-03-25T13:38:31+00:00\",\"mainEntityOfPage\":{\"@id\":\"https:\\\/\\\/www.esplac.cat\\\/es\\\/educacio-sexual-emocional-trobada-pedagogica-sector-penedes-garraf-anoia\\\/\"},\"wordCount\":222,\"publisher\":{\"@id\":\"https:\\\/\\\/www.esplac.cat\\\/#organization\"},\"image\":{\"@id\":\"https:\\\/\\\/www.esplac.cat\\\/es\\\/educacio-sexual-emocional-trobada-pedagogica-sector-penedes-garraf-anoia\\\/#primaryimage\"},\"thumbnailUrl\":\"https:\\\/\\\/www.esplac.cat\\\/wp-content\\\/uploads\\\/2021\\\/03\\\/PGAtrobadapedagogica.jpg\",\"articleSection\":[\"Sector Pened\u00e8s, Garraf i Anoia\"],\"inLanguage\":\"es\"},{\"@type\":\"WebPage\",\"@id\":\"https:\\\/\\\/www.esplac.cat\\\/es\\\/educacio-sexual-emocional-trobada-pedagogica-sector-penedes-garraf-anoia\\\/\",\"url\":\"https:\\\/\\\/www.esplac.cat\\\/es\\\/educacio-sexual-emocional-trobada-pedagogica-sector-penedes-garraf-anoia\\\/\",\"name\":\"Trobada pedag\u00f2gica Pened\u00e8s Garraf i Anoia - Esplac\",\"isPartOf\":{\"@id\":\"https:\\\/\\\/www.esplac.cat\\\/#website\"},\"primaryImageOfPage\":{\"@id\":\"https:\\\/\\\/www.esplac.cat\\\/es\\\/educacio-sexual-emocional-trobada-pedagogica-sector-penedes-garraf-anoia\\\/#primaryimage\"},\"image\":{\"@id\":\"https:\\\/\\\/www.esplac.cat\\\/es\\\/educacio-sexual-emocional-trobada-pedagogica-sector-penedes-garraf-anoia\\\/#primaryimage\"},\"thumbnailUrl\":\"https:\\\/\\\/www.esplac.cat\\\/wp-content\\\/uploads\\\/2021\\\/03\\\/PGAtrobadapedagogica.jpg\",\"datePublished\":\"2021-03-25T13:29:02+00:00\",\"dateModified\":\"2021-03-25T13:38:31+00:00\",\"description\":\"El passat diumenge, 21 de mar\u00e7, es va celebrar a la casa de col\u00f2nies Can Foix la Trobada Pedag\u00f2gica del Sector Pened\u00e8s, Garraf i Anoia.\",\"breadcrumb\":{\"@id\":\"https:\\\/\\\/www.esplac.cat\\\/es\\\/educacio-sexual-emocional-trobada-pedagogica-sector-penedes-garraf-anoia\\\/#breadcrumb\"},\"inLanguage\":\"es\",\"potentialAction\":[{\"@type\":\"ReadAction\",\"target\":[\"https:\\\/\\\/www.esplac.cat\\\/es\\\/educacio-sexual-emocional-trobada-pedagogica-sector-penedes-garraf-anoia\\\/\"]}]},{\"@type\":\"ImageObject\",\"inLanguage\":\"es\",\"@id\":\"https:\\\/\\\/www.esplac.cat\\\/es\\\/educacio-sexual-emocional-trobada-pedagogica-sector-penedes-garraf-anoia\\\/#primaryimage\",\"url\":\"https:\\\/\\\/www.esplac.cat\\\/wp-content\\\/uploads\\\/2021\\\/03\\\/PGAtrobadapedagogica.jpg\",\"contentUrl\":\"https:\\\/\\\/www.esplac.cat\\\/wp-content\\\/uploads\\\/2021\\\/03\\\/PGAtrobadapedagogica.jpg\",\"width\":1697,\"height\":700,\"caption\":\"Pened\u00e8s garraf i anoia trobada pedag\u00f2gica\"},{\"@type\":\"BreadcrumbList\",\"@id\":\"https:\\\/\\\/www.esplac.cat\\\/es\\\/educacio-sexual-emocional-trobada-pedagogica-sector-penedes-garraf-anoia\\\/#breadcrumb\",\"itemListElement\":[{\"@type\":\"ListItem\",\"position\":1,\"name\":\"Inici\",\"item\":\"https:\\\/\\\/www.esplac.cat\\\/es\\\/\"},{\"@type\":\"ListItem\",\"position\":2,\"name\":\"Educaci\u00f3 sexual i emocional a la Trobada Pedag\u00f2gica del Sector Pened\u00e8s, Garraf i Anoia!\"}]},{\"@type\":\"WebSite\",\"@id\":\"https:\\\/\\\/www.esplac.cat\\\/#website\",\"url\":\"https:\\\/\\\/www.esplac.cat\\\/\",\"name\":\"Esplac\",\"description\":\"Esplais Catalans\",\"publisher\":{\"@id\":\"https:\\\/\\\/www.esplac.cat\\\/#organization\"},\"potentialAction\":[{\"@type\":\"SearchAction\",\"target\":{\"@type\":\"EntryPoint\",\"urlTemplate\":\"https:\\\/\\\/www.esplac.cat\\\/?s={search_term_string}\"},\"query-input\":{\"@type\":\"PropertyValueSpecification\",\"valueRequired\":true,\"valueName\":\"search_term_string\"}}],\"inLanguage\":\"es\"},{\"@type\":\"Organization\",\"@id\":\"https:\\\/\\\/www.esplac.cat\\\/#organization\",\"name\":\"Esplac\",\"url\":\"https:\\\/\\\/www.esplac.cat\\\/\",\"logo\":{\"@type\":\"ImageObject\",\"inLanguage\":\"es\",\"@id\":\"https:\\\/\\\/www.esplac.cat\\\/#\\\/schema\\\/logo\\\/image\\\/\",\"url\":\"https:\\\/\\\/www.esplac.cat\\\/wp-content\\\/uploads\\\/2019\\\/08\\\/logox2.png\",\"contentUrl\":\"https:\\\/\\\/www.esplac.cat\\\/wp-content\\\/uploads\\\/2019\\\/08\\\/logox2.png\",\"width\":600,\"height\":295,\"caption\":\"Esplac\"},\"image\":{\"@id\":\"https:\\\/\\\/www.esplac.cat\\\/#\\\/schema\\\/logo\\\/image\\\/\"}},{\"@type\":\"Person\",\"@id\":\"https:\\\/\\\/www.esplac.cat\\\/#\\\/schema\\\/person\\\/908383cf240be18b68f8855d0583faca\",\"name\":\"Comunicaci\u00f3 Esplac\",\"image\":{\"@type\":\"ImageObject\",\"inLanguage\":\"es\",\"@id\":\"https:\\\/\\\/secure.gravatar.com\\\/avatar\\\/7a4cf8feb412a76ea4a740ca02d95b06b2907b5a6c648c2dd0a1082a093c3141?s=96&d=mm&r=g\",\"url\":\"https:\\\/\\\/secure.gravatar.com\\\/avatar\\\/7a4cf8feb412a76ea4a740ca02d95b06b2907b5a6c648c2dd0a1082a093c3141?s=96&d=mm&r=g\",\"contentUrl\":\"https:\\\/\\\/secure.gravatar.com\\\/avatar\\\/7a4cf8feb412a76ea4a740ca02d95b06b2907b5a6c648c2dd0a1082a093c3141?s=96&d=mm&r=g\",\"caption\":\"Comunicaci\u00f3 Esplac\"}}]}<\/script>\n<!-- \/ Yoast SEO plugin. -->","yoast_head_json":{"title":"Trobada pedag\u00f2gica Pened\u00e8s Garraf i Anoia - Esplac","description":"El passat diumenge, 21 de mar\u00e7, es va celebrar a la casa de col\u00f2nies Can Foix la Trobada Pedag\u00f2gica del Sector Pened\u00e8s, Garraf i Anoia.","robots":{"index":"index","follow":"follow","max-snippet":"max-snippet:-1","max-image-preview":"max-image-preview:large","max-video-preview":"max-video-preview:-1"},"canonical":"https:\/\/www.esplac.cat\/es\/educacio-sexual-emocional-trobada-pedagogica-sector-penedes-garraf-anoia\/","og_locale":"es_ES","og_type":"article","og_title":"Trobada pedag\u00f2gica Pened\u00e8s Garraf i Anoia - Esplac","og_description":"El passat diumenge, 21 de mar\u00e7, es va celebrar a la casa de col\u00f2nies Can Foix la Trobada Pedag\u00f2gica del Sector Pened\u00e8s, Garraf i Anoia.","og_url":"https:\/\/www.esplac.cat\/es\/educacio-sexual-emocional-trobada-pedagogica-sector-penedes-garraf-anoia\/","og_site_name":"Esplac","article_published_time":"2021-03-25T13:29:02+00:00","article_modified_time":"2021-03-25T13:38:31+00:00","og_image":[{"width":1697,"height":700,"url":"https:\/\/www.esplac.cat\/wp-content\/uploads\/2021\/03\/PGAtrobadapedagogica.jpg","type":"image\/jpeg"}],"author":"Comunicaci\u00f3 Esplac","twitter_card":"summary_large_image","twitter_misc":{"Escrito por":"Comunicaci\u00f3 Esplac","Tiempo de lectura":"1 minuto"},"schema":{"@context":"https:\/\/schema.org","@graph":[{"@type":"Article","@id":"https:\/\/www.esplac.cat\/es\/educacio-sexual-emocional-trobada-pedagogica-sector-penedes-garraf-anoia\/#article","isPartOf":{"@id":"https:\/\/www.esplac.cat\/es\/educacio-sexual-emocional-trobada-pedagogica-sector-penedes-garraf-anoia\/"},"author":{"name":"Comunicaci\u00f3 Esplac","@id":"https:\/\/www.esplac.cat\/#\/schema\/person\/908383cf240be18b68f8855d0583faca"},"headline":"Educaci\u00f3 sexual i emocional a la Trobada Pedag\u00f2gica del Sector Pened\u00e8s, Garraf i Anoia!","datePublished":"2021-03-25T13:29:02+00:00","dateModified":"2021-03-25T13:38:31+00:00","mainEntityOfPage":{"@id":"https:\/\/www.esplac.cat\/es\/educacio-sexual-emocional-trobada-pedagogica-sector-penedes-garraf-anoia\/"},"wordCount":222,"publisher":{"@id":"https:\/\/www.esplac.cat\/#organization"},"image":{"@id":"https:\/\/www.esplac.cat\/es\/educacio-sexual-emocional-trobada-pedagogica-sector-penedes-garraf-anoia\/#primaryimage"},"thumbnailUrl":"https:\/\/www.esplac.cat\/wp-content\/uploads\/2021\/03\/PGAtrobadapedagogica.jpg","articleSection":["Sector Pened\u00e8s, Garraf i Anoia"],"inLanguage":"es"},{"@type":"WebPage","@id":"https:\/\/www.esplac.cat\/es\/educacio-sexual-emocional-trobada-pedagogica-sector-penedes-garraf-anoia\/","url":"https:\/\/www.esplac.cat\/es\/educacio-sexual-emocional-trobada-pedagogica-sector-penedes-garraf-anoia\/","name":"Trobada pedag\u00f2gica Pened\u00e8s Garraf i Anoia - Esplac","isPartOf":{"@id":"https:\/\/www.esplac.cat\/#website"},"primaryImageOfPage":{"@id":"https:\/\/www.esplac.cat\/es\/educacio-sexual-emocional-trobada-pedagogica-sector-penedes-garraf-anoia\/#primaryimage"},"image":{"@id":"https:\/\/www.esplac.cat\/es\/educacio-sexual-emocional-trobada-pedagogica-sector-penedes-garraf-anoia\/#primaryimage"},"thumbnailUrl":"https:\/\/www.esplac.cat\/wp-content\/uploads\/2021\/03\/PGAtrobadapedagogica.jpg","datePublished":"2021-03-25T13:29:02+00:00","dateModified":"2021-03-25T13:38:31+00:00","description":"El passat diumenge, 21 de mar\u00e7, es va celebrar a la casa de col\u00f2nies Can Foix la Trobada Pedag\u00f2gica del Sector Pened\u00e8s, Garraf i Anoia.","breadcrumb":{"@id":"https:\/\/www.esplac.cat\/es\/educacio-sexual-emocional-trobada-pedagogica-sector-penedes-garraf-anoia\/#breadcrumb"},"inLanguage":"es","potentialAction":[{"@type":"ReadAction","target":["https:\/\/www.esplac.cat\/es\/educacio-sexual-emocional-trobada-pedagogica-sector-penedes-garraf-anoia\/"]}]},{"@type":"ImageObject","inLanguage":"es","@id":"https:\/\/www.esplac.cat\/es\/educacio-sexual-emocional-trobada-pedagogica-sector-penedes-garraf-anoia\/#primaryimage","url":"https:\/\/www.esplac.cat\/wp-content\/uploads\/2021\/03\/PGAtrobadapedagogica.jpg","contentUrl":"https:\/\/www.esplac.cat\/wp-content\/uploads\/2021\/03\/PGAtrobadapedagogica.jpg","width":1697,"height":700,"caption":"Pened\u00e8s garraf i anoia trobada pedag\u00f2gica"},{"@type":"BreadcrumbList","@id":"https:\/\/www.esplac.cat\/es\/educacio-sexual-emocional-trobada-pedagogica-sector-penedes-garraf-anoia\/#breadcrumb","itemListElement":[{"@type":"ListItem","position":1,"name":"Inici","item":"https:\/\/www.esplac.cat\/es\/"},{"@type":"ListItem","position":2,"name":"Educaci\u00f3 sexual i emocional a la Trobada Pedag\u00f2gica del Sector Pened\u00e8s, Garraf i Anoia!"}]},{"@type":"WebSite","@id":"https:\/\/www.esplac.cat\/#website","url":"https:\/\/www.esplac.cat\/","name":"Esplac","description":"Esplais Catalans","publisher":{"@id":"https:\/\/www.esplac.cat\/#organization"},"potentialAction":[{"@type":"SearchAction","target":{"@type":"EntryPoint","urlTemplate":"https:\/\/www.esplac.cat\/?s={search_term_string}"},"query-input":{"@type":"PropertyValueSpecification","valueRequired":true,"valueName":"search_term_string"}}],"inLanguage":"es"},{"@type":"Organization","@id":"https:\/\/www.esplac.cat\/#organization","name":"Esplac","url":"https:\/\/www.esplac.cat\/","logo":{"@type":"ImageObject","inLanguage":"es","@id":"https:\/\/www.esplac.cat\/#\/schema\/logo\/image\/","url":"https:\/\/www.esplac.cat\/wp-content\/uploads\/2019\/08\/logox2.png","contentUrl":"https:\/\/www.esplac.cat\/wp-content\/uploads\/2019\/08\/logox2.png","width":600,"height":295,"caption":"Esplac"},"image":{"@id":"https:\/\/www.esplac.cat\/#\/schema\/logo\/image\/"}},{"@type":"Person","@id":"https:\/\/www.esplac.cat\/#\/schema\/person\/908383cf240be18b68f8855d0583faca","name":"Comunicaci\u00f3 Esplac","image":{"@type":"ImageObject","inLanguage":"es","@id":"https:\/\/secure.gravatar.com\/avatar\/7a4cf8feb412a76ea4a740ca02d95b06b2907b5a6c648c2dd0a1082a093c3141?s=96&d=mm&r=g","url":"https:\/\/secure.gravatar.com\/avatar\/7a4cf8feb412a76ea4a740ca02d95b06b2907b5a6c648c2dd0a1082a093c3141?s=96&d=mm&r=g","contentUrl":"https:\/\/secure.gravatar.com\/avatar\/7a4cf8feb412a76ea4a740ca02d95b06b2907b5a6c648c2dd0a1082a093c3141?s=96&d=mm&r=g","caption":"Comunicaci\u00f3 Esplac"}}]}},"_links":{"self":[{"href":"https:\/\/www.esplac.cat\/es\/wp-json\/wp\/v2\/posts\/35337","targetHints":{"allow":["GET"]}}],"collection":[{"href":"https:\/\/www.esplac.cat\/es\/wp-json\/wp\/v2\/posts"}],"about":[{"href":"https:\/\/www.esplac.cat\/es\/wp-json\/wp\/v2\/types\/post"}],"author":[{"embeddable":true,"href":"https:\/\/www.esplac.cat\/es\/wp-json\/wp\/v2\/users\/3"}],"replies":[{"embeddable":true,"href":"https:\/\/www.esplac.cat\/es\/wp-json\/wp\/v2\/comments?post=35337"}],"version-history":[{"count":0,"href":"https:\/\/www.esplac.cat\/es\/wp-json\/wp\/v2\/posts\/35337\/revisions"}],"wp:featuredmedia":[{"embeddable":true,"href":"https:\/\/www.esplac.cat\/es\/wp-json\/wp\/v2\/media\/35339"}],"wp:attachment":[{"href":"https:\/\/www.esplac.cat\/es\/wp-json\/wp\/v2\/media?parent=35337"}],"wp:term":[{"taxonomy":"category","embeddable":true,"href":"https:\/\/www.esplac.cat\/es\/wp-json\/wp\/v2\/categories?post=35337"},{"taxonomy":"post_tag","embeddable":true,"href":"https:\/\/www.esplac.cat\/es\/wp-json\/wp\/v2\/tags?post=35337"}],"curies":[{"name":"wp","href":"https:\/\/api.w.org\/{rel}","templated":true}]}}