{"id":35378,"date":"2021-03-26T12:57:19","date_gmt":"2021-03-26T11:57:19","guid":{"rendered":"https:\/\/www.esplac.cat\/?p=35378"},"modified":"2021-03-26T13:00:07","modified_gmt":"2021-03-26T12:00:07","slug":"arriba-trobada-formativa-baix-llobregat","status":"publish","type":"post","link":"https:\/\/www.esplac.cat\/es\/arriba-trobada-formativa-baix-llobregat\/","title":{"rendered":"Arriba la Trobada Formativa del Sector Baix Llobregat!"},"content":{"rendered":"<h6><strong>Els equips de monitores i monitors del Sector Baix Llobregat d\u2019Esplac es trobaran<\/strong><strong> presencialment, el proper diumenge 18 d\u2019abril, per dur a terme la Trobada Formativa. Aquest cop sobre interculturalitat i din\u00e0miques internes.<\/strong><\/h6>\n<p><span style=\"font-weight: 400;\">En aquesta ocasi\u00f3, la Trobada Formativa del Sector Baix Llobregat podr\u00e0 ser de forma <\/span><b>presencial, <\/b><span style=\"font-weight: 400;\">a la casa de col\u00f2nies <\/span><b>Can Rigo<\/b><span style=\"font-weight: 400;\">l de <\/span><b>Begues. <\/b>En aquesta jornada podran gaudir de <span style=\"font-weight: 400;\">les seg\u00fcents c\u00e0psules formatives de l\u2019<span style=\"color: #ff9900;\"><a style=\"color: #ff9900;\" href=\"https:\/\/escolaelsol.coop\/\" target=\"_blank\" rel=\"noopener noreferrer\">Escola Lliure El Sol<\/a><\/span>:<\/span><\/p>\n<ul>\n<li style=\"font-weight: 400;\" aria-level=\"1\"><strong>Interculturalitat a l\u2019esplai.\u00a0<\/strong><\/li>\n<li style=\"font-weight: 400;\" aria-level=\"1\"><strong>Com millorar les din\u00e0miques internes dels equips.\u00a0<\/strong><\/li>\n<\/ul>\n<p><span style=\"font-weight: 400;\">Es van decidir aquestes c\u00e0psules en el marc d\u2019una reuni\u00f3 de sector, arrel de les necessitats i motivacions de les monitores i monitors dels esplais del Baix Llobregat.\u00a0<\/span><\/p>\n<p><span style=\"font-weight: 400;\">Amb aquesta acci\u00f3 es pret\u00e9n:<\/span><\/p>\n<ul>\n<li style=\"font-weight: 400;\" aria-level=\"1\"><span style=\"font-weight: 400;\">Confiar en la formaci\u00f3 continuada com a eina per a la transformaci\u00f3 social des de l\u2019educaci\u00f3 en el lleure.<\/span><\/li>\n<li style=\"font-weight: 400;\" aria-level=\"1\"><span style=\"font-weight: 400;\">Afavorir el sentiment de pertinen\u00e7a al sector i la cohesi\u00f3 entre les monis dels diferents esplais.\u00a0<\/span><\/li>\n<li style=\"font-weight: 400;\" aria-level=\"1\"><span style=\"font-weight: 400;\">Vetllar per la participaci\u00f3 activa de les membres dels equips.<\/span><\/li>\n<\/ul>\n<p><span style=\"font-weight: 400;\">A m\u00e9s a m\u00e9s, tamb\u00e9 comptaran amb un <\/span><b>espai de formaci\u00f3 per compartir experi\u00e8ncies de les comissions de g\u00e8nere dels esplais del sector<\/b><span style=\"font-weight: 400;\">. Aquesta ser\u00e0 una <\/span><span style=\"font-weight: 400;\">activitat no mixta<\/span><span style=\"font-weight: 400;\"> on hi podran participar persones no bin\u00e0ries i\/o dones. Aquesta iniciativa s\u2019ha incorporat a la trobada degut a que han detectat la necessitat de compartir un espai de cures entre els esplais i, alhora, adquirir eines i recursos.\u00a0<\/span><\/p>\n<p><span style=\"font-weight: 400;\">Des del Sector Baix Llovregat s&#8217;anima a la resta de sectors geogr\u00e0fics a incorporar aquest espai a les seves trobades i, entre totes, construir espais m\u00e9s segurs.<\/span><\/p>\n<p><span style=\"font-weight: 400;\">Aquesta trobada formativa s\u2019ha organitzat seguint les mesures sanit\u00e0ries per prevenir el contagi de la Covid-19. Es compta amb un protocol Covid-19 que s&#8217;ha fet arribar a tots els esplais i a totes les monitores i monitors que s\u2019inscriuen.\u00a0<\/span><\/p>\n<p>Si ets moni del Sector Baix Llobregat, <strong>encara pots inscriure&#8217;t<\/strong>! Has de:<\/p>\n<ol>\n<li>Entrar a l&#8217;Era i confirmar assist\u00e8ncia a l&#8217;activitat anomenada \u00abTrobada formativa 3r trimestre\u00bb.<\/li>\n<li>Omplir el formulari que us apareixer\u00e0 en una finestra emergent.<\/li>\n<\/ol>\n","protected":false},"excerpt":{"rendered":"<p>Els equips de monitores i monitors del Sector Baix Llobregat [&hellip;]<\/p>\n","protected":false},"author":3,"featured_media":35380,"comment_status":"closed","ping_status":"closed","sticky":false,"template":"","format":"standard","meta":{"om_disable_all_campaigns":false,"_monsterinsights_skip_tracking":false,"_monsterinsights_sitenote_active":false,"_monsterinsights_sitenote_note":"","_monsterinsights_sitenote_category":0,"_uf_show_specific_survey":0,"_uf_disable_surveys":false,"footnotes":""},"categories":[1124],"tags":[],"class_list":["post-35378","post","type-post","status-publish","format-standard","has-post-thumbnail","hentry","category-sector-baix-llobregat"],"yoast_head":"<!-- This site is optimized with the Yoast SEO plugin v27.5 - https:\/\/yoast.com\/product\/yoast-seo-wordpress\/ -->\n<title>Arriba la Trobada Formativa del Sector Baix Llobregat! - Esplac<\/title>\n<meta name=\"robots\" content=\"index, follow, max-snippet:-1, max-image-preview:large, max-video-preview:-1\" \/>\n<link rel=\"canonical\" href=\"https:\/\/www.esplac.cat\/es\/arriba-trobada-formativa-baix-llobregat\/\" \/>\n<meta property=\"og:locale\" content=\"es_ES\" \/>\n<meta property=\"og:type\" content=\"article\" \/>\n<meta property=\"og:title\" content=\"Arriba la Trobada Formativa del Sector Baix Llobregat! - Esplac\" \/>\n<meta property=\"og:description\" content=\"Els equips de monitores i monitors del Sector Baix Llobregat [&hellip;]\" \/>\n<meta property=\"og:url\" content=\"https:\/\/www.esplac.cat\/es\/arriba-trobada-formativa-baix-llobregat\/\" \/>\n<meta property=\"og:site_name\" content=\"Esplac\" \/>\n<meta property=\"article:published_time\" content=\"2021-03-26T11:57:19+00:00\" \/>\n<meta property=\"article:modified_time\" content=\"2021-03-26T12:00:07+00:00\" \/>\n<meta property=\"og:image\" content=\"https:\/\/www.esplac.cat\/wp-content\/uploads\/2021\/03\/portades-web-3.jpg\" \/>\n\t<meta property=\"og:image:width\" content=\"1697\" \/>\n\t<meta property=\"og:image:height\" content=\"700\" \/>\n\t<meta property=\"og:image:type\" content=\"image\/jpeg\" \/>\n<meta name=\"author\" content=\"Comunicaci\u00f3 Esplac\" \/>\n<meta name=\"twitter:card\" content=\"summary_large_image\" \/>\n<meta name=\"twitter:label1\" content=\"Escrito por\" \/>\n\t<meta name=\"twitter:data1\" content=\"Comunicaci\u00f3 Esplac\" \/>\n\t<meta name=\"twitter:label2\" content=\"Tiempo de lectura\" \/>\n\t<meta name=\"twitter:data2\" content=\"2 minutos\" \/>\n<script type=\"application\/ld+json\" class=\"yoast-schema-graph\">{\"@context\":\"https:\\\/\\\/schema.org\",\"@graph\":[{\"@type\":\"Article\",\"@id\":\"https:\\\/\\\/www.esplac.cat\\\/es\\\/arriba-trobada-formativa-baix-llobregat\\\/#article\",\"isPartOf\":{\"@id\":\"https:\\\/\\\/www.esplac.cat\\\/es\\\/arriba-trobada-formativa-baix-llobregat\\\/\"},\"author\":{\"name\":\"Comunicaci\u00f3 Esplac\",\"@id\":\"https:\\\/\\\/www.esplac.cat\\\/#\\\/schema\\\/person\\\/908383cf240be18b68f8855d0583faca\"},\"headline\":\"Arriba la Trobada Formativa del Sector Baix Llobregat!\",\"datePublished\":\"2021-03-26T11:57:19+00:00\",\"dateModified\":\"2021-03-26T12:00:07+00:00\",\"mainEntityOfPage\":{\"@id\":\"https:\\\/\\\/www.esplac.cat\\\/es\\\/arriba-trobada-formativa-baix-llobregat\\\/\"},\"wordCount\":368,\"publisher\":{\"@id\":\"https:\\\/\\\/www.esplac.cat\\\/#organization\"},\"image\":{\"@id\":\"https:\\\/\\\/www.esplac.cat\\\/es\\\/arriba-trobada-formativa-baix-llobregat\\\/#primaryimage\"},\"thumbnailUrl\":\"https:\\\/\\\/www.esplac.cat\\\/wp-content\\\/uploads\\\/2021\\\/03\\\/portades-web-3.jpg\",\"articleSection\":[\"Sector Baix Llobregat\"],\"inLanguage\":\"es\"},{\"@type\":\"WebPage\",\"@id\":\"https:\\\/\\\/www.esplac.cat\\\/es\\\/arriba-trobada-formativa-baix-llobregat\\\/\",\"url\":\"https:\\\/\\\/www.esplac.cat\\\/es\\\/arriba-trobada-formativa-baix-llobregat\\\/\",\"name\":\"Arriba la Trobada Formativa del Sector Baix Llobregat! - Esplac\",\"isPartOf\":{\"@id\":\"https:\\\/\\\/www.esplac.cat\\\/#website\"},\"primaryImageOfPage\":{\"@id\":\"https:\\\/\\\/www.esplac.cat\\\/es\\\/arriba-trobada-formativa-baix-llobregat\\\/#primaryimage\"},\"image\":{\"@id\":\"https:\\\/\\\/www.esplac.cat\\\/es\\\/arriba-trobada-formativa-baix-llobregat\\\/#primaryimage\"},\"thumbnailUrl\":\"https:\\\/\\\/www.esplac.cat\\\/wp-content\\\/uploads\\\/2021\\\/03\\\/portades-web-3.jpg\",\"datePublished\":\"2021-03-26T11:57:19+00:00\",\"dateModified\":\"2021-03-26T12:00:07+00:00\",\"breadcrumb\":{\"@id\":\"https:\\\/\\\/www.esplac.cat\\\/es\\\/arriba-trobada-formativa-baix-llobregat\\\/#breadcrumb\"},\"inLanguage\":\"es\",\"potentialAction\":[{\"@type\":\"ReadAction\",\"target\":[\"https:\\\/\\\/www.esplac.cat\\\/es\\\/arriba-trobada-formativa-baix-llobregat\\\/\"]}]},{\"@type\":\"ImageObject\",\"inLanguage\":\"es\",\"@id\":\"https:\\\/\\\/www.esplac.cat\\\/es\\\/arriba-trobada-formativa-baix-llobregat\\\/#primaryimage\",\"url\":\"https:\\\/\\\/www.esplac.cat\\\/wp-content\\\/uploads\\\/2021\\\/03\\\/portades-web-3.jpg\",\"contentUrl\":\"https:\\\/\\\/www.esplac.cat\\\/wp-content\\\/uploads\\\/2021\\\/03\\\/portades-web-3.jpg\",\"width\":1697,\"height\":700},{\"@type\":\"BreadcrumbList\",\"@id\":\"https:\\\/\\\/www.esplac.cat\\\/es\\\/arriba-trobada-formativa-baix-llobregat\\\/#breadcrumb\",\"itemListElement\":[{\"@type\":\"ListItem\",\"position\":1,\"name\":\"Inici\",\"item\":\"https:\\\/\\\/www.esplac.cat\\\/es\\\/\"},{\"@type\":\"ListItem\",\"position\":2,\"name\":\"Arriba la Trobada Formativa del Sector Baix Llobregat!\"}]},{\"@type\":\"WebSite\",\"@id\":\"https:\\\/\\\/www.esplac.cat\\\/#website\",\"url\":\"https:\\\/\\\/www.esplac.cat\\\/\",\"name\":\"Esplac\",\"description\":\"Esplais Catalans\",\"publisher\":{\"@id\":\"https:\\\/\\\/www.esplac.cat\\\/#organization\"},\"potentialAction\":[{\"@type\":\"SearchAction\",\"target\":{\"@type\":\"EntryPoint\",\"urlTemplate\":\"https:\\\/\\\/www.esplac.cat\\\/?s={search_term_string}\"},\"query-input\":{\"@type\":\"PropertyValueSpecification\",\"valueRequired\":true,\"valueName\":\"search_term_string\"}}],\"inLanguage\":\"es\"},{\"@type\":\"Organization\",\"@id\":\"https:\\\/\\\/www.esplac.cat\\\/#organization\",\"name\":\"Esplac\",\"url\":\"https:\\\/\\\/www.esplac.cat\\\/\",\"logo\":{\"@type\":\"ImageObject\",\"inLanguage\":\"es\",\"@id\":\"https:\\\/\\\/www.esplac.cat\\\/#\\\/schema\\\/logo\\\/image\\\/\",\"url\":\"https:\\\/\\\/www.esplac.cat\\\/wp-content\\\/uploads\\\/2019\\\/08\\\/logox2.png\",\"contentUrl\":\"https:\\\/\\\/www.esplac.cat\\\/wp-content\\\/uploads\\\/2019\\\/08\\\/logox2.png\",\"width\":600,\"height\":295,\"caption\":\"Esplac\"},\"image\":{\"@id\":\"https:\\\/\\\/www.esplac.cat\\\/#\\\/schema\\\/logo\\\/image\\\/\"}},{\"@type\":\"Person\",\"@id\":\"https:\\\/\\\/www.esplac.cat\\\/#\\\/schema\\\/person\\\/908383cf240be18b68f8855d0583faca\",\"name\":\"Comunicaci\u00f3 Esplac\",\"image\":{\"@type\":\"ImageObject\",\"inLanguage\":\"es\",\"@id\":\"https:\\\/\\\/secure.gravatar.com\\\/avatar\\\/7a4cf8feb412a76ea4a740ca02d95b06b2907b5a6c648c2dd0a1082a093c3141?s=96&d=mm&r=g\",\"url\":\"https:\\\/\\\/secure.gravatar.com\\\/avatar\\\/7a4cf8feb412a76ea4a740ca02d95b06b2907b5a6c648c2dd0a1082a093c3141?s=96&d=mm&r=g\",\"contentUrl\":\"https:\\\/\\\/secure.gravatar.com\\\/avatar\\\/7a4cf8feb412a76ea4a740ca02d95b06b2907b5a6c648c2dd0a1082a093c3141?s=96&d=mm&r=g\",\"caption\":\"Comunicaci\u00f3 Esplac\"}}]}<\/script>\n<!-- \/ Yoast SEO plugin. -->","yoast_head_json":{"title":"Arriba la Trobada Formativa del Sector Baix Llobregat! - Esplac","robots":{"index":"index","follow":"follow","max-snippet":"max-snippet:-1","max-image-preview":"max-image-preview:large","max-video-preview":"max-video-preview:-1"},"canonical":"https:\/\/www.esplac.cat\/es\/arriba-trobada-formativa-baix-llobregat\/","og_locale":"es_ES","og_type":"article","og_title":"Arriba la Trobada Formativa del Sector Baix Llobregat! - Esplac","og_description":"Els equips de monitores i monitors del Sector Baix Llobregat [&hellip;]","og_url":"https:\/\/www.esplac.cat\/es\/arriba-trobada-formativa-baix-llobregat\/","og_site_name":"Esplac","article_published_time":"2021-03-26T11:57:19+00:00","article_modified_time":"2021-03-26T12:00:07+00:00","og_image":[{"width":1697,"height":700,"url":"https:\/\/www.esplac.cat\/wp-content\/uploads\/2021\/03\/portades-web-3.jpg","type":"image\/jpeg"}],"author":"Comunicaci\u00f3 Esplac","twitter_card":"summary_large_image","twitter_misc":{"Escrito por":"Comunicaci\u00f3 Esplac","Tiempo de lectura":"2 minutos"},"schema":{"@context":"https:\/\/schema.org","@graph":[{"@type":"Article","@id":"https:\/\/www.esplac.cat\/es\/arriba-trobada-formativa-baix-llobregat\/#article","isPartOf":{"@id":"https:\/\/www.esplac.cat\/es\/arriba-trobada-formativa-baix-llobregat\/"},"author":{"name":"Comunicaci\u00f3 Esplac","@id":"https:\/\/www.esplac.cat\/#\/schema\/person\/908383cf240be18b68f8855d0583faca"},"headline":"Arriba la Trobada Formativa del Sector Baix Llobregat!","datePublished":"2021-03-26T11:57:19+00:00","dateModified":"2021-03-26T12:00:07+00:00","mainEntityOfPage":{"@id":"https:\/\/www.esplac.cat\/es\/arriba-trobada-formativa-baix-llobregat\/"},"wordCount":368,"publisher":{"@id":"https:\/\/www.esplac.cat\/#organization"},"image":{"@id":"https:\/\/www.esplac.cat\/es\/arriba-trobada-formativa-baix-llobregat\/#primaryimage"},"thumbnailUrl":"https:\/\/www.esplac.cat\/wp-content\/uploads\/2021\/03\/portades-web-3.jpg","articleSection":["Sector Baix Llobregat"],"inLanguage":"es"},{"@type":"WebPage","@id":"https:\/\/www.esplac.cat\/es\/arriba-trobada-formativa-baix-llobregat\/","url":"https:\/\/www.esplac.cat\/es\/arriba-trobada-formativa-baix-llobregat\/","name":"Arriba la Trobada Formativa del Sector Baix Llobregat! - Esplac","isPartOf":{"@id":"https:\/\/www.esplac.cat\/#website"},"primaryImageOfPage":{"@id":"https:\/\/www.esplac.cat\/es\/arriba-trobada-formativa-baix-llobregat\/#primaryimage"},"image":{"@id":"https:\/\/www.esplac.cat\/es\/arriba-trobada-formativa-baix-llobregat\/#primaryimage"},"thumbnailUrl":"https:\/\/www.esplac.cat\/wp-content\/uploads\/2021\/03\/portades-web-3.jpg","datePublished":"2021-03-26T11:57:19+00:00","dateModified":"2021-03-26T12:00:07+00:00","breadcrumb":{"@id":"https:\/\/www.esplac.cat\/es\/arriba-trobada-formativa-baix-llobregat\/#breadcrumb"},"inLanguage":"es","potentialAction":[{"@type":"ReadAction","target":["https:\/\/www.esplac.cat\/es\/arriba-trobada-formativa-baix-llobregat\/"]}]},{"@type":"ImageObject","inLanguage":"es","@id":"https:\/\/www.esplac.cat\/es\/arriba-trobada-formativa-baix-llobregat\/#primaryimage","url":"https:\/\/www.esplac.cat\/wp-content\/uploads\/2021\/03\/portades-web-3.jpg","contentUrl":"https:\/\/www.esplac.cat\/wp-content\/uploads\/2021\/03\/portades-web-3.jpg","width":1697,"height":700},{"@type":"BreadcrumbList","@id":"https:\/\/www.esplac.cat\/es\/arriba-trobada-formativa-baix-llobregat\/#breadcrumb","itemListElement":[{"@type":"ListItem","position":1,"name":"Inici","item":"https:\/\/www.esplac.cat\/es\/"},{"@type":"ListItem","position":2,"name":"Arriba la Trobada Formativa del Sector Baix Llobregat!"}]},{"@type":"WebSite","@id":"https:\/\/www.esplac.cat\/#website","url":"https:\/\/www.esplac.cat\/","name":"Esplac","description":"Esplais Catalans","publisher":{"@id":"https:\/\/www.esplac.cat\/#organization"},"potentialAction":[{"@type":"SearchAction","target":{"@type":"EntryPoint","urlTemplate":"https:\/\/www.esplac.cat\/?s={search_term_string}"},"query-input":{"@type":"PropertyValueSpecification","valueRequired":true,"valueName":"search_term_string"}}],"inLanguage":"es"},{"@type":"Organization","@id":"https:\/\/www.esplac.cat\/#organization","name":"Esplac","url":"https:\/\/www.esplac.cat\/","logo":{"@type":"ImageObject","inLanguage":"es","@id":"https:\/\/www.esplac.cat\/#\/schema\/logo\/image\/","url":"https:\/\/www.esplac.cat\/wp-content\/uploads\/2019\/08\/logox2.png","contentUrl":"https:\/\/www.esplac.cat\/wp-content\/uploads\/2019\/08\/logox2.png","width":600,"height":295,"caption":"Esplac"},"image":{"@id":"https:\/\/www.esplac.cat\/#\/schema\/logo\/image\/"}},{"@type":"Person","@id":"https:\/\/www.esplac.cat\/#\/schema\/person\/908383cf240be18b68f8855d0583faca","name":"Comunicaci\u00f3 Esplac","image":{"@type":"ImageObject","inLanguage":"es","@id":"https:\/\/secure.gravatar.com\/avatar\/7a4cf8feb412a76ea4a740ca02d95b06b2907b5a6c648c2dd0a1082a093c3141?s=96&d=mm&r=g","url":"https:\/\/secure.gravatar.com\/avatar\/7a4cf8feb412a76ea4a740ca02d95b06b2907b5a6c648c2dd0a1082a093c3141?s=96&d=mm&r=g","contentUrl":"https:\/\/secure.gravatar.com\/avatar\/7a4cf8feb412a76ea4a740ca02d95b06b2907b5a6c648c2dd0a1082a093c3141?s=96&d=mm&r=g","caption":"Comunicaci\u00f3 Esplac"}}]}},"_links":{"self":[{"href":"https:\/\/www.esplac.cat\/es\/wp-json\/wp\/v2\/posts\/35378","targetHints":{"allow":["GET"]}}],"collection":[{"href":"https:\/\/www.esplac.cat\/es\/wp-json\/wp\/v2\/posts"}],"about":[{"href":"https:\/\/www.esplac.cat\/es\/wp-json\/wp\/v2\/types\/post"}],"author":[{"embeddable":true,"href":"https:\/\/www.esplac.cat\/es\/wp-json\/wp\/v2\/users\/3"}],"replies":[{"embeddable":true,"href":"https:\/\/www.esplac.cat\/es\/wp-json\/wp\/v2\/comments?post=35378"}],"version-history":[{"count":0,"href":"https:\/\/www.esplac.cat\/es\/wp-json\/wp\/v2\/posts\/35378\/revisions"}],"wp:featuredmedia":[{"embeddable":true,"href":"https:\/\/www.esplac.cat\/es\/wp-json\/wp\/v2\/media\/35380"}],"wp:attachment":[{"href":"https:\/\/www.esplac.cat\/es\/wp-json\/wp\/v2\/media?parent=35378"}],"wp:term":[{"taxonomy":"category","embeddable":true,"href":"https:\/\/www.esplac.cat\/es\/wp-json\/wp\/v2\/categories?post=35378"},{"taxonomy":"post_tag","embeddable":true,"href":"https:\/\/www.esplac.cat\/es\/wp-json\/wp\/v2\/tags?post=35378"}],"curies":[{"name":"wp","href":"https:\/\/api.w.org\/{rel}","templated":true}]}}