{"id":35591,"date":"2021-04-14T11:34:18","date_gmt":"2021-04-14T10:34:18","guid":{"rendered":"https:\/\/www.esplac.cat\/?p=35591"},"modified":"2022-02-24T18:00:18","modified_gmt":"2022-02-24T16:00:18","slug":"jornades-interculturalitat-2021-narratives-discriminatories","status":"publish","type":"post","link":"https:\/\/www.esplac.cat\/es\/jornades-interculturalitat-2021-narratives-discriminatories\/","title":{"rendered":"Jornades d&#8217;Interculturalitat 2021: Discursos discrimantoris, com aturar-los?"},"content":{"rendered":"<h6 title=\"12 d\u2019abril de 2021, a les 12:57:00 UTC+2\" data-tooltip=\"12 d\u2019abril de 2021, a les 12:57:00 UTC+2\"><b>El 15 de maig tornen les Jornades d\u2019Interculturalitat organitzades per Esplais Catalans, Casals de Joves, Fundaci\u00f3 Ferrer i Gu\u00e0rdia i l\u2019Escola Lliure El Sol. En aquesta segona edici\u00f3 reflexionarem sobre discursos discriminatoris i com aturar-los.<\/b><\/h6>\n<p title=\"12 d\u2019abril de 2021, a les 12:57:00 UTC+2\" data-tooltip=\"12 d\u2019abril de 2021, a les 12:57:00 UTC+2\">Qu\u00e8 \u00e9s una narrativa? Qu\u00e8 s\u00f3n i com funcionen els marcs mentals? Com opera una narrativa discriminat\u00f2ria? Com influeix l\u2019imaginari social o els referents culturals en el nostre di\u00e0leg? Aprendre a detectar narratives discriminat\u00f2ries basades en imaginaris racistes sobre la diversitat cultural \u00e9s essencial per aportar estrat\u00e8gies per l\u2019elaboraci\u00f3 de narratives transformadores. <span style=\"font-size: 16px;\">El proper <\/span><strong style=\"font-size: 16px;\">dissabte 15 de maig del 2021, a la Casa Groga (Barcelona), <\/strong><span style=\"font-size: 16px;\">tindr\u00e0 lloc la segona edici\u00f3 de les <\/span><strong style=\"font-size: 16px;\">Jornades d\u2019Interculturalitat<\/strong><span style=\"font-size: 16px;\">, organitzades conjuntament per Esplais Catalans, <\/span><span style=\"color: #ff9900;\"><a style=\"color: #ff9900;\" href=\"http:\/\/espai.casaldejoves.org\/casalsdejoves\/\" target=\"_blank\" rel=\"noopener noreferrer\">Casals de Joves<\/a><\/span><span style=\"font-size: 16px;\">, <\/span><span style=\"color: #ff9900;\"><a style=\"color: #ff9900;\" href=\"https:\/\/www.ferrerguardia.org\/es\/\" target=\"_blank\" rel=\"noopener noreferrer\">Fundaci\u00f3 Ferrer i Gu\u00e0rdia<\/a><\/span><span style=\"font-size: 16px;\"> i <\/span><span style=\"color: #ff9900;\"><span style=\"text-decoration: underline;\">l\u2019<\/span><a style=\"color: #ff9900;\" href=\"https:\/\/escolaelsol.coop\/\" target=\"_blank\" rel=\"noopener noreferrer\">Escola Lliure El Sol<\/a><\/span><span style=\"font-size: 16px;\">.<\/span><br \/>\n<b><\/b><\/p>\n<p title=\"12 d\u2019abril de 2021, a les 12:57:00 UTC+2\" data-tooltip=\"12 d\u2019abril de 2021, a les 12:57:00 UTC+2\"><span style=\"color: #ff9900;\"><a style=\"color: #ff9900;\" href=\"http:\/\/esplac.cat\/fem-xarxa-mes-inclusives-jornades-interculturalitat\/\" target=\"_blank\" rel=\"noopener noreferrer\"><strong>En l\u2019edici\u00f3 anterior<\/strong><\/a><\/span>, vam comptar amb la pon\u00e8ncia inicial de la<strong> Basha Changuerra<\/strong>\u00a0i experi\u00e8ncies d&#8217;entitats com <strong>CEAi<\/strong>, <b>Bayt al Thaqafa, Cat\u00e0rsia<\/b> i<b> Espai La Tregua,<\/b> per tal de treballar com esdevenir entitats m\u00e9s diverses i promocionar la interculturalitat en les nostres associacions. A causa de la COVID-19 va haver de ser telem\u00e0tica, per\u00f2 aix\u00f2 no va evitar poder connectar diferents visions d\u2019aquest entorn i tenir unes jornades plenes de reflexi\u00f3 i debat.<\/p>\n<div title=\"12 d\u2019abril de 2021, a les 12:57:00 UTC+2\" data-tooltip=\"12 d\u2019abril de 2021, a les 12:57:00 UTC+2\"><\/div>\n<div title=\"12 d\u2019abril de 2021, a les 12:57:00 UTC+2\" data-tooltip=\"12 d\u2019abril de 2021, a les 12:57:00 UTC+2\"><strong>INSCRIPCIONS<\/strong><\/div>\n<div id=\":ae.ma\" class=\"Mu SP\" title=\"12 d\u2019abril de 2021, a les 12:57:00 UTC+2\" data-tooltip=\"12 d\u2019abril de 2021, a les 12:57:00 UTC+2\">Les inscripcions s&#8217;obriran el proper<strong> dilluns 19 d&#8217;abril a les 10 h<\/strong> a trav\u00e9s de la p\u00e0gina web de l&#8217;<span style=\"color: #ff9900;\"><a style=\"color: #ff9900;\" href=\"https:\/\/escolaelsol.coop\/formacions\/JORNADES-D-INTERCULTURALITAT-2021\/2116\/\" target=\"_blank\" rel=\"noopener noreferrer\">Escola Lliure El Sol<\/a><\/span>. Les places s\u00f3n limitades!<\/div>\n<div title=\"12 d\u2019abril de 2021, a les 12:57:00 UTC+2\" data-tooltip=\"12 d\u2019abril de 2021, a les 12:57:00 UTC+2\"><\/div>\n<div title=\"12 d\u2019abril de 2021, a les 12:57:00 UTC+2\" data-tooltip=\"12 d\u2019abril de 2021, a les 12:57:00 UTC+2\">Si voleu m\u00e9s informaci\u00f3, estigueu pendents de la <strong><span style=\"color: #ff9900;\"><a style=\"color: #ff9900;\" href=\"https:\/\/www.esplac.cat\/formacions\/jornades-interculturalitat\/\" target=\"_blank\" rel=\"noopener noreferrer\">nova p\u00e0gina de les Jornades d&#8217;Interculturalitat<\/a><\/span><\/strong>. All\u00e0 hi trobareu el programa i m\u00e9s informaci\u00f3 pr\u00e0ctica que s&#8217;anir\u00e0 actualitzant.<\/div>\n<div title=\"12 d\u2019abril de 2021, a les 12:57:00 UTC+2\" data-tooltip=\"12 d\u2019abril de 2021, a les 12:57:00 UTC+2\"><\/div>\n<div title=\"12 d\u2019abril de 2021, a les 12:57:00 UTC+2\" data-tooltip=\"12 d\u2019abril de 2021, a les 12:57:00 UTC+2\"><\/div>\n<p><img decoding=\"async\" class=\"aligncenter wp-image-39376 \" src=\"https:\/\/www.esplac.cat\/wp-content\/uploads\/2021\/04\/II-Jornades-Interculturalitat-1-scaled.jpg\" alt=\"II Jornades Interculturalitat\" width=\"743\" height=\"991\" srcset=\"https:\/\/www.esplac.cat\/wp-content\/uploads\/2021\/04\/II-Jornades-Interculturalitat-1-200x267.jpg 200w, https:\/\/www.esplac.cat\/wp-content\/uploads\/2021\/04\/II-Jornades-Interculturalitat-1-225x300.jpg 225w, https:\/\/www.esplac.cat\/wp-content\/uploads\/2021\/04\/II-Jornades-Interculturalitat-1-400x533.jpg 400w, https:\/\/www.esplac.cat\/wp-content\/uploads\/2021\/04\/II-Jornades-Interculturalitat-1-600x800.jpg 600w, https:\/\/www.esplac.cat\/wp-content\/uploads\/2021\/04\/II-Jornades-Interculturalitat-1-768x1024.jpg 768w, https:\/\/www.esplac.cat\/wp-content\/uploads\/2021\/04\/II-Jornades-Interculturalitat-1-800x1067.jpg 800w, https:\/\/www.esplac.cat\/wp-content\/uploads\/2021\/04\/II-Jornades-Interculturalitat-1-1152x1536.jpg 1152w, https:\/\/www.esplac.cat\/wp-content\/uploads\/2021\/04\/II-Jornades-Interculturalitat-1-1200x1600.jpg 1200w, https:\/\/www.esplac.cat\/wp-content\/uploads\/2021\/04\/II-Jornades-Interculturalitat-1-1536x2048.jpg 1536w, https:\/\/www.esplac.cat\/wp-content\/uploads\/2021\/04\/II-Jornades-Interculturalitat-1-scaled.jpg 1920w\" sizes=\"(max-width: 743px) 100vw, 743px\" \/><\/p>\n<div title=\"12 d\u2019abril de 2021, a les 12:57:00 UTC+2\" data-tooltip=\"12 d\u2019abril de 2021, a les 12:57:00 UTC+2\"><\/div>\n","protected":false},"excerpt":{"rendered":"<p>El 15 de maig tornen les Jornades d\u2019Interculturalitat organitzades per [&hellip;]<\/p>\n","protected":false},"author":3,"featured_media":35849,"comment_status":"closed","ping_status":"closed","sticky":false,"template":"","format":"standard","meta":{"om_disable_all_campaigns":false,"_monsterinsights_skip_tracking":false,"_monsterinsights_sitenote_active":false,"_monsterinsights_sitenote_note":"","_monsterinsights_sitenote_category":0,"_uf_show_specific_survey":0,"_uf_disable_surveys":false,"footnotes":""},"categories":[1166],"tags":[],"class_list":["post-35591","post","type-post","status-publish","format-standard","has-post-thumbnail","hentry","category-inclusio-i-diversitat"],"yoast_head":"<!-- This site is optimized with the Yoast SEO plugin v27.4 - https:\/\/yoast.com\/product\/yoast-seo-wordpress\/ -->\n<title>Jornades d&#039;Interculturalitat 2021: Narratives discriminat\u00f2ries, com aturar-les?<\/title>\n<meta name=\"description\" content=\"A les Jornades d&#039;Interculturalitat 2021 es reflexionar\u00e0 sobre narratives discriminat\u00f2ries i com aturar-les. El 15 de maig a La Casa Groga.\" \/>\n<meta name=\"robots\" content=\"index, follow, max-snippet:-1, max-image-preview:large, max-video-preview:-1\" \/>\n<link rel=\"canonical\" href=\"https:\/\/www.esplac.cat\/jornades-interculturalitat-2021-narratives-discriminatories\/\" \/>\n<meta property=\"og:locale\" content=\"es_ES\" \/>\n<meta property=\"og:type\" content=\"article\" \/>\n<meta property=\"og:title\" content=\"Jornades d&#039;Interculturalitat 2021: Narratives discriminat\u00f2ries, com aturar-les?\" \/>\n<meta property=\"og:description\" content=\"A les Jornades d&#039;Interculturalitat 2021 es reflexionar\u00e0 sobre narratives discriminat\u00f2ries i com aturar-les. El 15 de maig a La Casa Groga.\" \/>\n<meta property=\"og:url\" content=\"https:\/\/www.esplac.cat\/jornades-interculturalitat-2021-narratives-discriminatories\/\" \/>\n<meta property=\"og:site_name\" content=\"Esplac\" \/>\n<meta property=\"article:published_time\" content=\"2021-04-14T10:34:18+00:00\" \/>\n<meta property=\"article:modified_time\" content=\"2022-02-24T16:00:18+00:00\" \/>\n<meta property=\"og:image\" content=\"https:\/\/www.esplac.cat\/wp-content\/uploads\/2021\/04\/Baner-Jornades-Interculturalitat.jpg\" \/>\n\t<meta property=\"og:image:width\" content=\"1697\" \/>\n\t<meta property=\"og:image:height\" content=\"700\" \/>\n\t<meta property=\"og:image:type\" content=\"image\/jpeg\" \/>\n<meta name=\"author\" content=\"Comunicaci\u00f3 Esplac\" \/>\n<meta name=\"twitter:card\" content=\"summary_large_image\" \/>\n<meta name=\"twitter:label1\" content=\"Escrito por\" \/>\n\t<meta name=\"twitter:data1\" content=\"Comunicaci\u00f3 Esplac\" \/>\n\t<meta name=\"twitter:label2\" content=\"Tiempo de lectura\" \/>\n\t<meta name=\"twitter:data2\" content=\"1 minuto\" \/>\n<script type=\"application\/ld+json\" class=\"yoast-schema-graph\">{\"@context\":\"https:\\\/\\\/schema.org\",\"@graph\":[{\"@type\":\"Article\",\"@id\":\"https:\\\/\\\/www.esplac.cat\\\/jornades-interculturalitat-2021-narratives-discriminatories\\\/#article\",\"isPartOf\":{\"@id\":\"https:\\\/\\\/www.esplac.cat\\\/jornades-interculturalitat-2021-narratives-discriminatories\\\/\"},\"author\":{\"name\":\"Comunicaci\u00f3 Esplac\",\"@id\":\"https:\\\/\\\/www.esplac.cat\\\/#\\\/schema\\\/person\\\/908383cf240be18b68f8855d0583faca\"},\"headline\":\"Jornades d&#8217;Interculturalitat 2021: Discursos discrimantoris, com aturar-los?\",\"datePublished\":\"2021-04-14T10:34:18+00:00\",\"dateModified\":\"2022-02-24T16:00:18+00:00\",\"mainEntityOfPage\":{\"@id\":\"https:\\\/\\\/www.esplac.cat\\\/jornades-interculturalitat-2021-narratives-discriminatories\\\/\"},\"wordCount\":288,\"publisher\":{\"@id\":\"https:\\\/\\\/www.esplac.cat\\\/#organization\"},\"image\":{\"@id\":\"https:\\\/\\\/www.esplac.cat\\\/jornades-interculturalitat-2021-narratives-discriminatories\\\/#primaryimage\"},\"thumbnailUrl\":\"https:\\\/\\\/www.esplac.cat\\\/wp-content\\\/uploads\\\/2021\\\/04\\\/Baner-Jornades-Interculturalitat.jpg\",\"articleSection\":[\"Inclusi\u00f3 i diversitat\"],\"inLanguage\":\"es\"},{\"@type\":\"WebPage\",\"@id\":\"https:\\\/\\\/www.esplac.cat\\\/jornades-interculturalitat-2021-narratives-discriminatories\\\/\",\"url\":\"https:\\\/\\\/www.esplac.cat\\\/jornades-interculturalitat-2021-narratives-discriminatories\\\/\",\"name\":\"Jornades d'Interculturalitat 2021: Narratives discriminat\u00f2ries, com aturar-les?\",\"isPartOf\":{\"@id\":\"https:\\\/\\\/www.esplac.cat\\\/#website\"},\"primaryImageOfPage\":{\"@id\":\"https:\\\/\\\/www.esplac.cat\\\/jornades-interculturalitat-2021-narratives-discriminatories\\\/#primaryimage\"},\"image\":{\"@id\":\"https:\\\/\\\/www.esplac.cat\\\/jornades-interculturalitat-2021-narratives-discriminatories\\\/#primaryimage\"},\"thumbnailUrl\":\"https:\\\/\\\/www.esplac.cat\\\/wp-content\\\/uploads\\\/2021\\\/04\\\/Baner-Jornades-Interculturalitat.jpg\",\"datePublished\":\"2021-04-14T10:34:18+00:00\",\"dateModified\":\"2022-02-24T16:00:18+00:00\",\"description\":\"A les Jornades d'Interculturalitat 2021 es reflexionar\u00e0 sobre narratives discriminat\u00f2ries i com aturar-les. El 15 de maig a La Casa Groga.\",\"breadcrumb\":{\"@id\":\"https:\\\/\\\/www.esplac.cat\\\/jornades-interculturalitat-2021-narratives-discriminatories\\\/#breadcrumb\"},\"inLanguage\":\"es\",\"potentialAction\":[{\"@type\":\"ReadAction\",\"target\":[\"https:\\\/\\\/www.esplac.cat\\\/jornades-interculturalitat-2021-narratives-discriminatories\\\/\"]}]},{\"@type\":\"ImageObject\",\"inLanguage\":\"es\",\"@id\":\"https:\\\/\\\/www.esplac.cat\\\/jornades-interculturalitat-2021-narratives-discriminatories\\\/#primaryimage\",\"url\":\"https:\\\/\\\/www.esplac.cat\\\/wp-content\\\/uploads\\\/2021\\\/04\\\/Baner-Jornades-Interculturalitat.jpg\",\"contentUrl\":\"https:\\\/\\\/www.esplac.cat\\\/wp-content\\\/uploads\\\/2021\\\/04\\\/Baner-Jornades-Interculturalitat.jpg\",\"width\":1697,\"height\":700},{\"@type\":\"BreadcrumbList\",\"@id\":\"https:\\\/\\\/www.esplac.cat\\\/jornades-interculturalitat-2021-narratives-discriminatories\\\/#breadcrumb\",\"itemListElement\":[{\"@type\":\"ListItem\",\"position\":1,\"name\":\"Inici\",\"item\":\"https:\\\/\\\/www.esplac.cat\\\/es\\\/\"},{\"@type\":\"ListItem\",\"position\":2,\"name\":\"Jornades d&#8217;Interculturalitat 2021: Discursos discrimantoris, com aturar-los?\"}]},{\"@type\":\"WebSite\",\"@id\":\"https:\\\/\\\/www.esplac.cat\\\/#website\",\"url\":\"https:\\\/\\\/www.esplac.cat\\\/\",\"name\":\"Esplac\",\"description\":\"Esplais Catalans\",\"publisher\":{\"@id\":\"https:\\\/\\\/www.esplac.cat\\\/#organization\"},\"potentialAction\":[{\"@type\":\"SearchAction\",\"target\":{\"@type\":\"EntryPoint\",\"urlTemplate\":\"https:\\\/\\\/www.esplac.cat\\\/?s={search_term_string}\"},\"query-input\":{\"@type\":\"PropertyValueSpecification\",\"valueRequired\":true,\"valueName\":\"search_term_string\"}}],\"inLanguage\":\"es\"},{\"@type\":\"Organization\",\"@id\":\"https:\\\/\\\/www.esplac.cat\\\/#organization\",\"name\":\"Esplac\",\"url\":\"https:\\\/\\\/www.esplac.cat\\\/\",\"logo\":{\"@type\":\"ImageObject\",\"inLanguage\":\"es\",\"@id\":\"https:\\\/\\\/www.esplac.cat\\\/#\\\/schema\\\/logo\\\/image\\\/\",\"url\":\"https:\\\/\\\/www.esplac.cat\\\/wp-content\\\/uploads\\\/2019\\\/08\\\/logox2.png\",\"contentUrl\":\"https:\\\/\\\/www.esplac.cat\\\/wp-content\\\/uploads\\\/2019\\\/08\\\/logox2.png\",\"width\":600,\"height\":295,\"caption\":\"Esplac\"},\"image\":{\"@id\":\"https:\\\/\\\/www.esplac.cat\\\/#\\\/schema\\\/logo\\\/image\\\/\"}},{\"@type\":\"Person\",\"@id\":\"https:\\\/\\\/www.esplac.cat\\\/#\\\/schema\\\/person\\\/908383cf240be18b68f8855d0583faca\",\"name\":\"Comunicaci\u00f3 Esplac\",\"image\":{\"@type\":\"ImageObject\",\"inLanguage\":\"es\",\"@id\":\"https:\\\/\\\/secure.gravatar.com\\\/avatar\\\/7a4cf8feb412a76ea4a740ca02d95b06b2907b5a6c648c2dd0a1082a093c3141?s=96&d=mm&r=g\",\"url\":\"https:\\\/\\\/secure.gravatar.com\\\/avatar\\\/7a4cf8feb412a76ea4a740ca02d95b06b2907b5a6c648c2dd0a1082a093c3141?s=96&d=mm&r=g\",\"contentUrl\":\"https:\\\/\\\/secure.gravatar.com\\\/avatar\\\/7a4cf8feb412a76ea4a740ca02d95b06b2907b5a6c648c2dd0a1082a093c3141?s=96&d=mm&r=g\",\"caption\":\"Comunicaci\u00f3 Esplac\"}}]}<\/script>\n<!-- \/ Yoast SEO plugin. -->","yoast_head_json":{"title":"Jornades d'Interculturalitat 2021: Narratives discriminat\u00f2ries, com aturar-les?","description":"A les Jornades d'Interculturalitat 2021 es reflexionar\u00e0 sobre narratives discriminat\u00f2ries i com aturar-les. El 15 de maig a La Casa Groga.","robots":{"index":"index","follow":"follow","max-snippet":"max-snippet:-1","max-image-preview":"max-image-preview:large","max-video-preview":"max-video-preview:-1"},"canonical":"https:\/\/www.esplac.cat\/jornades-interculturalitat-2021-narratives-discriminatories\/","og_locale":"es_ES","og_type":"article","og_title":"Jornades d'Interculturalitat 2021: Narratives discriminat\u00f2ries, com aturar-les?","og_description":"A les Jornades d'Interculturalitat 2021 es reflexionar\u00e0 sobre narratives discriminat\u00f2ries i com aturar-les. El 15 de maig a La Casa Groga.","og_url":"https:\/\/www.esplac.cat\/jornades-interculturalitat-2021-narratives-discriminatories\/","og_site_name":"Esplac","article_published_time":"2021-04-14T10:34:18+00:00","article_modified_time":"2022-02-24T16:00:18+00:00","og_image":[{"width":1697,"height":700,"url":"https:\/\/www.esplac.cat\/wp-content\/uploads\/2021\/04\/Baner-Jornades-Interculturalitat.jpg","type":"image\/jpeg"}],"author":"Comunicaci\u00f3 Esplac","twitter_card":"summary_large_image","twitter_misc":{"Escrito por":"Comunicaci\u00f3 Esplac","Tiempo de lectura":"1 minuto"},"schema":{"@context":"https:\/\/schema.org","@graph":[{"@type":"Article","@id":"https:\/\/www.esplac.cat\/jornades-interculturalitat-2021-narratives-discriminatories\/#article","isPartOf":{"@id":"https:\/\/www.esplac.cat\/jornades-interculturalitat-2021-narratives-discriminatories\/"},"author":{"name":"Comunicaci\u00f3 Esplac","@id":"https:\/\/www.esplac.cat\/#\/schema\/person\/908383cf240be18b68f8855d0583faca"},"headline":"Jornades d&#8217;Interculturalitat 2021: Discursos discrimantoris, com aturar-los?","datePublished":"2021-04-14T10:34:18+00:00","dateModified":"2022-02-24T16:00:18+00:00","mainEntityOfPage":{"@id":"https:\/\/www.esplac.cat\/jornades-interculturalitat-2021-narratives-discriminatories\/"},"wordCount":288,"publisher":{"@id":"https:\/\/www.esplac.cat\/#organization"},"image":{"@id":"https:\/\/www.esplac.cat\/jornades-interculturalitat-2021-narratives-discriminatories\/#primaryimage"},"thumbnailUrl":"https:\/\/www.esplac.cat\/wp-content\/uploads\/2021\/04\/Baner-Jornades-Interculturalitat.jpg","articleSection":["Inclusi\u00f3 i diversitat"],"inLanguage":"es"},{"@type":"WebPage","@id":"https:\/\/www.esplac.cat\/jornades-interculturalitat-2021-narratives-discriminatories\/","url":"https:\/\/www.esplac.cat\/jornades-interculturalitat-2021-narratives-discriminatories\/","name":"Jornades d'Interculturalitat 2021: Narratives discriminat\u00f2ries, com aturar-les?","isPartOf":{"@id":"https:\/\/www.esplac.cat\/#website"},"primaryImageOfPage":{"@id":"https:\/\/www.esplac.cat\/jornades-interculturalitat-2021-narratives-discriminatories\/#primaryimage"},"image":{"@id":"https:\/\/www.esplac.cat\/jornades-interculturalitat-2021-narratives-discriminatories\/#primaryimage"},"thumbnailUrl":"https:\/\/www.esplac.cat\/wp-content\/uploads\/2021\/04\/Baner-Jornades-Interculturalitat.jpg","datePublished":"2021-04-14T10:34:18+00:00","dateModified":"2022-02-24T16:00:18+00:00","description":"A les Jornades d'Interculturalitat 2021 es reflexionar\u00e0 sobre narratives discriminat\u00f2ries i com aturar-les. El 15 de maig a La Casa Groga.","breadcrumb":{"@id":"https:\/\/www.esplac.cat\/jornades-interculturalitat-2021-narratives-discriminatories\/#breadcrumb"},"inLanguage":"es","potentialAction":[{"@type":"ReadAction","target":["https:\/\/www.esplac.cat\/jornades-interculturalitat-2021-narratives-discriminatories\/"]}]},{"@type":"ImageObject","inLanguage":"es","@id":"https:\/\/www.esplac.cat\/jornades-interculturalitat-2021-narratives-discriminatories\/#primaryimage","url":"https:\/\/www.esplac.cat\/wp-content\/uploads\/2021\/04\/Baner-Jornades-Interculturalitat.jpg","contentUrl":"https:\/\/www.esplac.cat\/wp-content\/uploads\/2021\/04\/Baner-Jornades-Interculturalitat.jpg","width":1697,"height":700},{"@type":"BreadcrumbList","@id":"https:\/\/www.esplac.cat\/jornades-interculturalitat-2021-narratives-discriminatories\/#breadcrumb","itemListElement":[{"@type":"ListItem","position":1,"name":"Inici","item":"https:\/\/www.esplac.cat\/es\/"},{"@type":"ListItem","position":2,"name":"Jornades d&#8217;Interculturalitat 2021: Discursos discrimantoris, com aturar-los?"}]},{"@type":"WebSite","@id":"https:\/\/www.esplac.cat\/#website","url":"https:\/\/www.esplac.cat\/","name":"Esplac","description":"Esplais Catalans","publisher":{"@id":"https:\/\/www.esplac.cat\/#organization"},"potentialAction":[{"@type":"SearchAction","target":{"@type":"EntryPoint","urlTemplate":"https:\/\/www.esplac.cat\/?s={search_term_string}"},"query-input":{"@type":"PropertyValueSpecification","valueRequired":true,"valueName":"search_term_string"}}],"inLanguage":"es"},{"@type":"Organization","@id":"https:\/\/www.esplac.cat\/#organization","name":"Esplac","url":"https:\/\/www.esplac.cat\/","logo":{"@type":"ImageObject","inLanguage":"es","@id":"https:\/\/www.esplac.cat\/#\/schema\/logo\/image\/","url":"https:\/\/www.esplac.cat\/wp-content\/uploads\/2019\/08\/logox2.png","contentUrl":"https:\/\/www.esplac.cat\/wp-content\/uploads\/2019\/08\/logox2.png","width":600,"height":295,"caption":"Esplac"},"image":{"@id":"https:\/\/www.esplac.cat\/#\/schema\/logo\/image\/"}},{"@type":"Person","@id":"https:\/\/www.esplac.cat\/#\/schema\/person\/908383cf240be18b68f8855d0583faca","name":"Comunicaci\u00f3 Esplac","image":{"@type":"ImageObject","inLanguage":"es","@id":"https:\/\/secure.gravatar.com\/avatar\/7a4cf8feb412a76ea4a740ca02d95b06b2907b5a6c648c2dd0a1082a093c3141?s=96&d=mm&r=g","url":"https:\/\/secure.gravatar.com\/avatar\/7a4cf8feb412a76ea4a740ca02d95b06b2907b5a6c648c2dd0a1082a093c3141?s=96&d=mm&r=g","contentUrl":"https:\/\/secure.gravatar.com\/avatar\/7a4cf8feb412a76ea4a740ca02d95b06b2907b5a6c648c2dd0a1082a093c3141?s=96&d=mm&r=g","caption":"Comunicaci\u00f3 Esplac"}}]}},"_links":{"self":[{"href":"https:\/\/www.esplac.cat\/es\/wp-json\/wp\/v2\/posts\/35591","targetHints":{"allow":["GET"]}}],"collection":[{"href":"https:\/\/www.esplac.cat\/es\/wp-json\/wp\/v2\/posts"}],"about":[{"href":"https:\/\/www.esplac.cat\/es\/wp-json\/wp\/v2\/types\/post"}],"author":[{"embeddable":true,"href":"https:\/\/www.esplac.cat\/es\/wp-json\/wp\/v2\/users\/3"}],"replies":[{"embeddable":true,"href":"https:\/\/www.esplac.cat\/es\/wp-json\/wp\/v2\/comments?post=35591"}],"version-history":[{"count":0,"href":"https:\/\/www.esplac.cat\/es\/wp-json\/wp\/v2\/posts\/35591\/revisions"}],"wp:featuredmedia":[{"embeddable":true,"href":"https:\/\/www.esplac.cat\/es\/wp-json\/wp\/v2\/media\/35849"}],"wp:attachment":[{"href":"https:\/\/www.esplac.cat\/es\/wp-json\/wp\/v2\/media?parent=35591"}],"wp:term":[{"taxonomy":"category","embeddable":true,"href":"https:\/\/www.esplac.cat\/es\/wp-json\/wp\/v2\/categories?post=35591"},{"taxonomy":"post_tag","embeddable":true,"href":"https:\/\/www.esplac.cat\/es\/wp-json\/wp\/v2\/tags?post=35591"}],"curies":[{"name":"wp","href":"https:\/\/api.w.org\/{rel}","templated":true}]}}