{"id":36202,"date":"2021-05-17T10:18:41","date_gmt":"2021-05-17T09:18:41","guid":{"rendered":"https:\/\/www.esplac.cat\/?p=36202"},"modified":"2021-05-17T11:15:23","modified_gmt":"2021-05-17T10:15:23","slug":"17m-dia-internacional-contra-la-lgtbifobia","status":"publish","type":"post","link":"https:\/\/www.esplac.cat\/es\/17m-dia-internacional-contra-la-lgtbifobia\/","title":{"rendered":"17M: Dia Internacional contra la LGTBIf\u00f2bia"},"content":{"rendered":"<h6><strong>Posicionament d&#8217;Esplais Catalans pel Dia Internacional contra la LGTBIf\u00f2bia.<\/strong><\/h6>\n<p><span style=\"font-weight: 400;\"><em>\u201cTravelo\u201d, \u201dNenaza\u201d, \u201dViciosa\u201d, \u201dTransformer\u201d, \u201dI a tu, no t\u2019agrada ning\u00fa?\u201d, \u201dPuritana\u201d, \u201dMarimacho\u201d, \u201cMarica\u201d, \u201cPer\u00f2 si tens penis, perqu\u00e8 vas al lavabo de les nenes?\u201d\u2026 <\/em><\/span><span style=\"font-weight: 400;\">Totes <\/span><span style=\"font-weight: 400;\">aquestes i infinites m\u00e9s s\u00f3n paraules que sent\u00edem <\/span><span style=\"font-weight: 400;\">o reb\u00edem com a insult les actuals monitores dels esplais quan \u00e9rem infants.<\/span><\/p>\n<p><b>17 de maig de 1990,\u200b<\/b><span style=\"font-weight: 400;\"> una d\u00e8cada\u00a0 abans que nasqu\u00e9ssim la majoria de nosaltres, l&#8217;OMS (Organitzaci\u00f3 Mundial de la Salut) va deixar de considerar l&#8217;homosexualitat com una malaltia mental. Com explic\u00e0vem l\u2019any passat, fins aquell any l\u2019homosexualitat es considerava una malaltia que tenia cura i que s\u2019havia de tractar.\u00a0<\/span><\/p>\n<p><b>Al 2004<\/b><span style=\"font-weight: 400;\">, 14 anys m\u00e9s tard, va sorgir la iniciativa d\u2019assenyalar el 17 de maig, i es va iniciar una campanya que va durar un any.\u00a0<\/span><\/p>\n<p><b>Al 2005<\/b><span style=\"font-weight: 400;\">, es va celebrar i visibilitzar per primer cop el Dia Internacional contra l\u2019homof\u00f2bia i la transf\u00f2bia.\u00a0<\/span><\/p>\n<p><b>Al 2015<\/b><span style=\"font-weight: 400;\"> es va afegir el terme bif\u00f2bia. L\u2019objectiu era lluitar per visibilitzar les persones del col\u00b7lectiu, reivindicant uns drets i oportunitats comunes arreu del m\u00f3n.<\/span><\/p>\n<p><b>17 de maig de 2021<\/b><span style=\"font-weight: 400;\">,\u00a0 actualment, tot i que els esplais acostumen a ser uns espais de deconstrucci\u00f3, creixement i aprenentatge, encara podem sentir discriminacions per la nostra identitat de g\u00e8nere, expressi\u00f3 de g\u00e8nere i\/o orientaci\u00f3 sexual. Fins i tot en espais que suposem com a segurs, podem rebre agressions.<\/span><\/p>\n<p><span style=\"font-weight: 400;\">Les discriminacions que rebem a l\u2019esplai, tant monitores com infants i joves, s\u00f3n reals i s\u00f3n greus, i se sumen a les que rebem per part de la societat pel simple fet de mostrar-nos tal com som i estimar o desitjar a qui volem.\u00a0<\/span><\/p>\n<p><span style=\"font-weight: 400;\">Les discriminacions, per\u00f2, no s\u00f3n nom\u00e9s present en infants, com a monitores cishetero hauri\u0301em de <\/span><b>r<\/b><b>evisar els nostres privilegis<\/b><span style=\"font-weight: 400;\"> per tal de ser me\u0301s respectuoses, deconstruir-nos i formar-nos per prendre conscie\u0300ncia d\u2019aquelles realitats que no so\u0301n la nostra.\u00a0<\/span><\/p>\n<p><span style=\"font-weight: 400;\">Com a educadores hem de ser capaces de crear i oferir espais segurs per totes aquelles persones (infants, monis, fami\u0301lies\u2026) amb ge\u0300neres i sexualitats diverses i dissidents.<\/span><b> Per seguir educant(-nos) per iniciar el canvi que volem veure en el mo\u0301n.<\/b><\/p>\n<p><span style=\"font-weight: 400;\">Com a equips de monitores hem de\u00a0 <\/span><b>visibilitzar i transformar realitats per trencar amb el discurs hegemo\u0300nic del cisheteropatriarcat capitalista. <\/b><span style=\"font-weight: 400;\">Manca molta representaci\u00f3 i normalitzaci\u00f3 la resta de dies de l\u2019any. Reivindiquem que no en tenim prou amb un dia a l\u2019any!<\/span><\/p>\n<p><span style=\"font-weight: 400;\">En dies com avui e\u0301s important fomentar la memo\u0300ria hist\u00f2rica, ja que celebrem el que tenim, per\u00f2 sent conscients de com hi hem arribat i de totes aquelles persones que han lluitat per aconseguir-ho. \u200b<\/span><b>Encara ens queda molt per lluitar.\u200b\u00a0<\/b><\/p>\n<p><span style=\"font-weight: 400;\">Sense anar m\u00e9s lluny, el confinament per la crisi del coronavirus ha obligat tots els ciutadans a estar tancats a casa totes les hores del dia i molts dies seguits amb els familiars amb qui es conviu, Durant aquest per\u00edode l\u2019Observatori contra l&#8217;Homof\u00f2bia va registrar 22 incid\u00e8ncies contra el col\u00b7lectiu GSDD.<\/span><\/p>\n<p><span style=\"font-weight: 400;\">Aquesta q\u00fcesti\u00f3 no ha estat gens f\u00e0cil per a algunes persones del col\u00b7lectiu LGTBI,\u00a0 ha provocat en joves i adolescents l\u2019augment de l\u2019angoixa per haver hagut d\u2019autocensurar la seva personalitat per la poca o nul\u00b7la comprensi\u00f3 i acceptaci\u00f3 dels seus familiars. Han hagut de tornar-se a \u201ctancar a l\u2019armari\u201d, no tant per haver patit una agressi\u00f3, sin\u00f3 per l\u2019asf\u00edxia de no poder, de sobte, ser qui ets.\u00a0<\/span><\/p>\n<p><span style=\"font-weight: 400;\">Per tot aixo\u0300 i sent conscients que encara ens queda molt per fer, i tenint en compte que els esplais som entitats de transformacio\u0301 social, des d\u2019Esplais Catalans rebutgem:<\/span><\/p>\n<ul>\n<li style=\"font-weight: 400;\" aria-level=\"1\"><span style=\"font-weight: 400;\">Les discriminacions i agressions que reben les persones GSDD per part de la societat i\/o des del propi col\u00b7lectiu.<\/span><\/li>\n<li style=\"font-weight: 400;\" aria-level=\"1\"><span style=\"font-weight: 400;\">La societat que ens vol subordinades al sistema binari i heteronormatiu.<\/span><\/li>\n<li style=\"font-weight: 400;\" aria-level=\"1\"><span style=\"font-weight: 400;\">El capitalisme rosa que utilitza la nostra lluita i reivindicacio\u0301 per lucrar-se.<\/span><\/li>\n<li style=\"font-weight: 400;\" aria-level=\"1\"><span style=\"font-weight: 400;\">Els tabu\u0301s a la sexualitat.<\/span><\/li>\n<li style=\"font-weight: 400;\" aria-level=\"1\"><span style=\"font-weight: 400;\">L\u2019augment de discursos pol\u00edtics que atenten els drets i oportunitats del col\u00b7lectiu GSDD.<\/span><\/li>\n<\/ul>\n<p><span style=\"font-weight: 400;\">I, coneixent la realitat social en la qual vivim, des d\u2019Esplais Catalans ens comprometem a:<\/span><\/p>\n<ul>\n<li style=\"font-weight: 400;\" aria-level=\"1\"><span style=\"font-weight: 400;\">Seguir visibilitzant el terme G\u00e8neres i Sexualitats Diverses i Dissidents (GSDD)\u00a0 com a sigles inclusives.<\/span><\/li>\n<li style=\"font-weight: 400;\" aria-level=\"1\"><span style=\"font-weight: 400;\">Crear espais segurs i de cures per a totes les persones que formen part d\u2019Esplac.<\/span><\/li>\n<li style=\"font-weight: 400;\" aria-level=\"1\"><span style=\"font-weight: 400;\">Oferir espais de formacio\u0301 que empoderin i donin veu a les persones GSDD i serveixin com a revisio\u0301 de privilegis per a les persones cishetero.<\/span><\/li>\n<li style=\"font-weight: 400;\" aria-level=\"1\"><span style=\"font-weight: 400;\">Enfortir la comissio\u0301 GSDD per tal de seguir treballant perque\u0300 Esplac incorpori la perspectiva GSDD de forma transversal.<\/span><\/li>\n<li style=\"font-weight: 400;\" aria-level=\"1\"><span style=\"font-weight: 400;\">Educar en la llibertat i diversitat sexual i de ge\u0300nere per tal que les persones puguin ser i estimar a qui vulguin.<\/span><\/li>\n<li style=\"font-weight: 400;\" aria-level=\"1\"><span style=\"font-weight: 400;\">No oblidar la perspectiva interseccional i les diferents opressions que afecten a les persones.<\/span><\/li>\n<li style=\"font-weight: 400;\" aria-level=\"1\"><span style=\"font-weight: 400;\">Visibilitzar referents que siguin diverses i ajudin a trencar amb els esquemes socials, econo\u0300mics i culturals imposats.<\/span><\/li>\n<\/ul>\n<p><span style=\"font-weight: 400;\">Felic\u0327 i reivindicatiu dia!<\/span><\/p>\n<p>Teniu el posicionament <span style=\"color: #ff9900;\"><a style=\"color: #ff9900;\" href=\"https:\/\/www.esplac.cat\/wp-content\/uploads\/2021\/05\/posicionament-17M.pdf\" target=\"_blank\" rel=\"noopener noreferrer\">en format pdf aqu\u00ed.\u00a0<\/a><\/span><\/p>\n","protected":false},"excerpt":{"rendered":"<p>Posicionament d&#8217;Esplais Catalans pel Dia Internacional contra la LGTBIf\u00f2bia. \u201cTravelo\u201d, [&hellip;]<\/p>\n","protected":false},"author":3,"featured_media":36204,"comment_status":"closed","ping_status":"closed","sticky":false,"template":"","format":"standard","meta":{"om_disable_all_campaigns":false,"_monsterinsights_skip_tracking":false,"_monsterinsights_sitenote_active":false,"_monsterinsights_sitenote_note":"","_monsterinsights_sitenote_category":0,"_uf_show_specific_survey":0,"_uf_disable_surveys":false,"footnotes":""},"categories":[1160,1127],"tags":[],"class_list":["post-36202","post","type-post","status-publish","format-standard","has-post-thumbnail","hentry","category-comissio-gsdd","category-comunicats-posicionaments"],"yoast_head":"<!-- This site is optimized with the Yoast SEO plugin v27.5 - https:\/\/yoast.com\/product\/yoast-seo-wordpress\/ -->\n<title>17M: Dia Internacional contra la LGTBIf\u00f2bia - Esplac<\/title>\n<meta name=\"robots\" content=\"index, follow, max-snippet:-1, max-image-preview:large, max-video-preview:-1\" \/>\n<link rel=\"canonical\" href=\"https:\/\/www.esplac.cat\/17m-dia-internacional-contra-la-lgtbifobia\/\" \/>\n<meta property=\"og:locale\" content=\"es_ES\" \/>\n<meta property=\"og:type\" content=\"article\" \/>\n<meta property=\"og:title\" content=\"17M: Dia Internacional contra la LGTBIf\u00f2bia - Esplac\" \/>\n<meta property=\"og:description\" content=\"Posicionament d&#8217;Esplais Catalans pel Dia Internacional contra la LGTBIf\u00f2bia. \u201cTravelo\u201d, [&hellip;]\" \/>\n<meta property=\"og:url\" content=\"https:\/\/www.esplac.cat\/17m-dia-internacional-contra-la-lgtbifobia\/\" \/>\n<meta property=\"og:site_name\" content=\"Esplac\" \/>\n<meta property=\"article:published_time\" content=\"2021-05-17T09:18:41+00:00\" \/>\n<meta property=\"article:modified_time\" content=\"2021-05-17T10:15:23+00:00\" \/>\n<meta property=\"og:image\" content=\"https:\/\/www.esplac.cat\/wp-content\/uploads\/2021\/05\/lgtbi.jpg\" \/>\n\t<meta property=\"og:image:width\" content=\"1697\" \/>\n\t<meta property=\"og:image:height\" content=\"700\" \/>\n\t<meta property=\"og:image:type\" content=\"image\/jpeg\" \/>\n<meta name=\"author\" content=\"Comunicaci\u00f3 Esplac\" \/>\n<meta name=\"twitter:card\" content=\"summary_large_image\" \/>\n<meta name=\"twitter:label1\" content=\"Escrito por\" \/>\n\t<meta name=\"twitter:data1\" content=\"Comunicaci\u00f3 Esplac\" \/>\n\t<meta name=\"twitter:label2\" content=\"Tiempo de lectura\" \/>\n\t<meta name=\"twitter:data2\" content=\"4 minutos\" \/>\n<script type=\"application\/ld+json\" class=\"yoast-schema-graph\">{\"@context\":\"https:\\\/\\\/schema.org\",\"@graph\":[{\"@type\":\"Article\",\"@id\":\"https:\\\/\\\/www.esplac.cat\\\/17m-dia-internacional-contra-la-lgtbifobia\\\/#article\",\"isPartOf\":{\"@id\":\"https:\\\/\\\/www.esplac.cat\\\/17m-dia-internacional-contra-la-lgtbifobia\\\/\"},\"author\":{\"name\":\"Comunicaci\u00f3 Esplac\",\"@id\":\"https:\\\/\\\/www.esplac.cat\\\/#\\\/schema\\\/person\\\/908383cf240be18b68f8855d0583faca\"},\"headline\":\"17M: Dia Internacional contra la LGTBIf\u00f2bia\",\"datePublished\":\"2021-05-17T09:18:41+00:00\",\"dateModified\":\"2021-05-17T10:15:23+00:00\",\"mainEntityOfPage\":{\"@id\":\"https:\\\/\\\/www.esplac.cat\\\/17m-dia-internacional-contra-la-lgtbifobia\\\/\"},\"wordCount\":861,\"publisher\":{\"@id\":\"https:\\\/\\\/www.esplac.cat\\\/#organization\"},\"image\":{\"@id\":\"https:\\\/\\\/www.esplac.cat\\\/17m-dia-internacional-contra-la-lgtbifobia\\\/#primaryimage\"},\"thumbnailUrl\":\"https:\\\/\\\/www.esplac.cat\\\/wp-content\\\/uploads\\\/2021\\\/05\\\/lgtbi.jpg\",\"articleSection\":[\"Comissi\u00f3 GSDD\",\"Comunicats i posicionaments\"],\"inLanguage\":\"es\"},{\"@type\":\"WebPage\",\"@id\":\"https:\\\/\\\/www.esplac.cat\\\/17m-dia-internacional-contra-la-lgtbifobia\\\/\",\"url\":\"https:\\\/\\\/www.esplac.cat\\\/17m-dia-internacional-contra-la-lgtbifobia\\\/\",\"name\":\"17M: Dia Internacional contra la LGTBIf\u00f2bia - Esplac\",\"isPartOf\":{\"@id\":\"https:\\\/\\\/www.esplac.cat\\\/#website\"},\"primaryImageOfPage\":{\"@id\":\"https:\\\/\\\/www.esplac.cat\\\/17m-dia-internacional-contra-la-lgtbifobia\\\/#primaryimage\"},\"image\":{\"@id\":\"https:\\\/\\\/www.esplac.cat\\\/17m-dia-internacional-contra-la-lgtbifobia\\\/#primaryimage\"},\"thumbnailUrl\":\"https:\\\/\\\/www.esplac.cat\\\/wp-content\\\/uploads\\\/2021\\\/05\\\/lgtbi.jpg\",\"datePublished\":\"2021-05-17T09:18:41+00:00\",\"dateModified\":\"2021-05-17T10:15:23+00:00\",\"breadcrumb\":{\"@id\":\"https:\\\/\\\/www.esplac.cat\\\/17m-dia-internacional-contra-la-lgtbifobia\\\/#breadcrumb\"},\"inLanguage\":\"es\",\"potentialAction\":[{\"@type\":\"ReadAction\",\"target\":[\"https:\\\/\\\/www.esplac.cat\\\/17m-dia-internacional-contra-la-lgtbifobia\\\/\"]}]},{\"@type\":\"ImageObject\",\"inLanguage\":\"es\",\"@id\":\"https:\\\/\\\/www.esplac.cat\\\/17m-dia-internacional-contra-la-lgtbifobia\\\/#primaryimage\",\"url\":\"https:\\\/\\\/www.esplac.cat\\\/wp-content\\\/uploads\\\/2021\\\/05\\\/lgtbi.jpg\",\"contentUrl\":\"https:\\\/\\\/www.esplac.cat\\\/wp-content\\\/uploads\\\/2021\\\/05\\\/lgtbi.jpg\",\"width\":1697,\"height\":700},{\"@type\":\"BreadcrumbList\",\"@id\":\"https:\\\/\\\/www.esplac.cat\\\/17m-dia-internacional-contra-la-lgtbifobia\\\/#breadcrumb\",\"itemListElement\":[{\"@type\":\"ListItem\",\"position\":1,\"name\":\"Inici\",\"item\":\"https:\\\/\\\/www.esplac.cat\\\/es\\\/\"},{\"@type\":\"ListItem\",\"position\":2,\"name\":\"17M: Dia Internacional contra la LGTBIf\u00f2bia\"}]},{\"@type\":\"WebSite\",\"@id\":\"https:\\\/\\\/www.esplac.cat\\\/#website\",\"url\":\"https:\\\/\\\/www.esplac.cat\\\/\",\"name\":\"Esplac\",\"description\":\"Esplais Catalans\",\"publisher\":{\"@id\":\"https:\\\/\\\/www.esplac.cat\\\/#organization\"},\"potentialAction\":[{\"@type\":\"SearchAction\",\"target\":{\"@type\":\"EntryPoint\",\"urlTemplate\":\"https:\\\/\\\/www.esplac.cat\\\/?s={search_term_string}\"},\"query-input\":{\"@type\":\"PropertyValueSpecification\",\"valueRequired\":true,\"valueName\":\"search_term_string\"}}],\"inLanguage\":\"es\"},{\"@type\":\"Organization\",\"@id\":\"https:\\\/\\\/www.esplac.cat\\\/#organization\",\"name\":\"Esplac\",\"url\":\"https:\\\/\\\/www.esplac.cat\\\/\",\"logo\":{\"@type\":\"ImageObject\",\"inLanguage\":\"es\",\"@id\":\"https:\\\/\\\/www.esplac.cat\\\/#\\\/schema\\\/logo\\\/image\\\/\",\"url\":\"https:\\\/\\\/www.esplac.cat\\\/wp-content\\\/uploads\\\/2019\\\/08\\\/logox2.png\",\"contentUrl\":\"https:\\\/\\\/www.esplac.cat\\\/wp-content\\\/uploads\\\/2019\\\/08\\\/logox2.png\",\"width\":600,\"height\":295,\"caption\":\"Esplac\"},\"image\":{\"@id\":\"https:\\\/\\\/www.esplac.cat\\\/#\\\/schema\\\/logo\\\/image\\\/\"}},{\"@type\":\"Person\",\"@id\":\"https:\\\/\\\/www.esplac.cat\\\/#\\\/schema\\\/person\\\/908383cf240be18b68f8855d0583faca\",\"name\":\"Comunicaci\u00f3 Esplac\",\"image\":{\"@type\":\"ImageObject\",\"inLanguage\":\"es\",\"@id\":\"https:\\\/\\\/secure.gravatar.com\\\/avatar\\\/7a4cf8feb412a76ea4a740ca02d95b06b2907b5a6c648c2dd0a1082a093c3141?s=96&d=mm&r=g\",\"url\":\"https:\\\/\\\/secure.gravatar.com\\\/avatar\\\/7a4cf8feb412a76ea4a740ca02d95b06b2907b5a6c648c2dd0a1082a093c3141?s=96&d=mm&r=g\",\"contentUrl\":\"https:\\\/\\\/secure.gravatar.com\\\/avatar\\\/7a4cf8feb412a76ea4a740ca02d95b06b2907b5a6c648c2dd0a1082a093c3141?s=96&d=mm&r=g\",\"caption\":\"Comunicaci\u00f3 Esplac\"}}]}<\/script>\n<!-- \/ Yoast SEO plugin. -->","yoast_head_json":{"title":"17M: Dia Internacional contra la LGTBIf\u00f2bia - Esplac","robots":{"index":"index","follow":"follow","max-snippet":"max-snippet:-1","max-image-preview":"max-image-preview:large","max-video-preview":"max-video-preview:-1"},"canonical":"https:\/\/www.esplac.cat\/17m-dia-internacional-contra-la-lgtbifobia\/","og_locale":"es_ES","og_type":"article","og_title":"17M: Dia Internacional contra la LGTBIf\u00f2bia - Esplac","og_description":"Posicionament d&#8217;Esplais Catalans pel Dia Internacional contra la LGTBIf\u00f2bia. \u201cTravelo\u201d, [&hellip;]","og_url":"https:\/\/www.esplac.cat\/17m-dia-internacional-contra-la-lgtbifobia\/","og_site_name":"Esplac","article_published_time":"2021-05-17T09:18:41+00:00","article_modified_time":"2021-05-17T10:15:23+00:00","og_image":[{"width":1697,"height":700,"url":"https:\/\/www.esplac.cat\/wp-content\/uploads\/2021\/05\/lgtbi.jpg","type":"image\/jpeg"}],"author":"Comunicaci\u00f3 Esplac","twitter_card":"summary_large_image","twitter_misc":{"Escrito por":"Comunicaci\u00f3 Esplac","Tiempo de lectura":"4 minutos"},"schema":{"@context":"https:\/\/schema.org","@graph":[{"@type":"Article","@id":"https:\/\/www.esplac.cat\/17m-dia-internacional-contra-la-lgtbifobia\/#article","isPartOf":{"@id":"https:\/\/www.esplac.cat\/17m-dia-internacional-contra-la-lgtbifobia\/"},"author":{"name":"Comunicaci\u00f3 Esplac","@id":"https:\/\/www.esplac.cat\/#\/schema\/person\/908383cf240be18b68f8855d0583faca"},"headline":"17M: Dia Internacional contra la LGTBIf\u00f2bia","datePublished":"2021-05-17T09:18:41+00:00","dateModified":"2021-05-17T10:15:23+00:00","mainEntityOfPage":{"@id":"https:\/\/www.esplac.cat\/17m-dia-internacional-contra-la-lgtbifobia\/"},"wordCount":861,"publisher":{"@id":"https:\/\/www.esplac.cat\/#organization"},"image":{"@id":"https:\/\/www.esplac.cat\/17m-dia-internacional-contra-la-lgtbifobia\/#primaryimage"},"thumbnailUrl":"https:\/\/www.esplac.cat\/wp-content\/uploads\/2021\/05\/lgtbi.jpg","articleSection":["Comissi\u00f3 GSDD","Comunicats i posicionaments"],"inLanguage":"es"},{"@type":"WebPage","@id":"https:\/\/www.esplac.cat\/17m-dia-internacional-contra-la-lgtbifobia\/","url":"https:\/\/www.esplac.cat\/17m-dia-internacional-contra-la-lgtbifobia\/","name":"17M: Dia Internacional contra la LGTBIf\u00f2bia - Esplac","isPartOf":{"@id":"https:\/\/www.esplac.cat\/#website"},"primaryImageOfPage":{"@id":"https:\/\/www.esplac.cat\/17m-dia-internacional-contra-la-lgtbifobia\/#primaryimage"},"image":{"@id":"https:\/\/www.esplac.cat\/17m-dia-internacional-contra-la-lgtbifobia\/#primaryimage"},"thumbnailUrl":"https:\/\/www.esplac.cat\/wp-content\/uploads\/2021\/05\/lgtbi.jpg","datePublished":"2021-05-17T09:18:41+00:00","dateModified":"2021-05-17T10:15:23+00:00","breadcrumb":{"@id":"https:\/\/www.esplac.cat\/17m-dia-internacional-contra-la-lgtbifobia\/#breadcrumb"},"inLanguage":"es","potentialAction":[{"@type":"ReadAction","target":["https:\/\/www.esplac.cat\/17m-dia-internacional-contra-la-lgtbifobia\/"]}]},{"@type":"ImageObject","inLanguage":"es","@id":"https:\/\/www.esplac.cat\/17m-dia-internacional-contra-la-lgtbifobia\/#primaryimage","url":"https:\/\/www.esplac.cat\/wp-content\/uploads\/2021\/05\/lgtbi.jpg","contentUrl":"https:\/\/www.esplac.cat\/wp-content\/uploads\/2021\/05\/lgtbi.jpg","width":1697,"height":700},{"@type":"BreadcrumbList","@id":"https:\/\/www.esplac.cat\/17m-dia-internacional-contra-la-lgtbifobia\/#breadcrumb","itemListElement":[{"@type":"ListItem","position":1,"name":"Inici","item":"https:\/\/www.esplac.cat\/es\/"},{"@type":"ListItem","position":2,"name":"17M: Dia Internacional contra la LGTBIf\u00f2bia"}]},{"@type":"WebSite","@id":"https:\/\/www.esplac.cat\/#website","url":"https:\/\/www.esplac.cat\/","name":"Esplac","description":"Esplais Catalans","publisher":{"@id":"https:\/\/www.esplac.cat\/#organization"},"potentialAction":[{"@type":"SearchAction","target":{"@type":"EntryPoint","urlTemplate":"https:\/\/www.esplac.cat\/?s={search_term_string}"},"query-input":{"@type":"PropertyValueSpecification","valueRequired":true,"valueName":"search_term_string"}}],"inLanguage":"es"},{"@type":"Organization","@id":"https:\/\/www.esplac.cat\/#organization","name":"Esplac","url":"https:\/\/www.esplac.cat\/","logo":{"@type":"ImageObject","inLanguage":"es","@id":"https:\/\/www.esplac.cat\/#\/schema\/logo\/image\/","url":"https:\/\/www.esplac.cat\/wp-content\/uploads\/2019\/08\/logox2.png","contentUrl":"https:\/\/www.esplac.cat\/wp-content\/uploads\/2019\/08\/logox2.png","width":600,"height":295,"caption":"Esplac"},"image":{"@id":"https:\/\/www.esplac.cat\/#\/schema\/logo\/image\/"}},{"@type":"Person","@id":"https:\/\/www.esplac.cat\/#\/schema\/person\/908383cf240be18b68f8855d0583faca","name":"Comunicaci\u00f3 Esplac","image":{"@type":"ImageObject","inLanguage":"es","@id":"https:\/\/secure.gravatar.com\/avatar\/7a4cf8feb412a76ea4a740ca02d95b06b2907b5a6c648c2dd0a1082a093c3141?s=96&d=mm&r=g","url":"https:\/\/secure.gravatar.com\/avatar\/7a4cf8feb412a76ea4a740ca02d95b06b2907b5a6c648c2dd0a1082a093c3141?s=96&d=mm&r=g","contentUrl":"https:\/\/secure.gravatar.com\/avatar\/7a4cf8feb412a76ea4a740ca02d95b06b2907b5a6c648c2dd0a1082a093c3141?s=96&d=mm&r=g","caption":"Comunicaci\u00f3 Esplac"}}]}},"_links":{"self":[{"href":"https:\/\/www.esplac.cat\/es\/wp-json\/wp\/v2\/posts\/36202","targetHints":{"allow":["GET"]}}],"collection":[{"href":"https:\/\/www.esplac.cat\/es\/wp-json\/wp\/v2\/posts"}],"about":[{"href":"https:\/\/www.esplac.cat\/es\/wp-json\/wp\/v2\/types\/post"}],"author":[{"embeddable":true,"href":"https:\/\/www.esplac.cat\/es\/wp-json\/wp\/v2\/users\/3"}],"replies":[{"embeddable":true,"href":"https:\/\/www.esplac.cat\/es\/wp-json\/wp\/v2\/comments?post=36202"}],"version-history":[{"count":0,"href":"https:\/\/www.esplac.cat\/es\/wp-json\/wp\/v2\/posts\/36202\/revisions"}],"wp:featuredmedia":[{"embeddable":true,"href":"https:\/\/www.esplac.cat\/es\/wp-json\/wp\/v2\/media\/36204"}],"wp:attachment":[{"href":"https:\/\/www.esplac.cat\/es\/wp-json\/wp\/v2\/media?parent=36202"}],"wp:term":[{"taxonomy":"category","embeddable":true,"href":"https:\/\/www.esplac.cat\/es\/wp-json\/wp\/v2\/categories?post=36202"},{"taxonomy":"post_tag","embeddable":true,"href":"https:\/\/www.esplac.cat\/es\/wp-json\/wp\/v2\/tags?post=36202"}],"curies":[{"name":"wp","href":"https:\/\/api.w.org\/{rel}","templated":true}]}}