{"id":36376,"date":"2021-05-21T12:56:28","date_gmt":"2021-05-21T11:56:28","guid":{"rendered":"https:\/\/www.esplac.cat\/?p=36376"},"modified":"2021-06-02T08:31:35","modified_gmt":"2021-06-02T07:31:35","slug":"obrim-placa-suport-projectes","status":"publish","type":"post","link":"https:\/\/www.esplac.cat\/es\/obrim-placa-suport-projectes\/","title":{"rendered":"Obrim pla\u00e7a de Suport a Projectes d&#8217;Esplais Catalans"},"content":{"rendered":"<div class=\"fusion-fullwidth fullwidth-box fusion-builder-row-1 nonhundred-percent-fullwidth non-hundred-percent-height-scrolling\" style=\"--awb-border-radius-top-left:0px;--awb-border-radius-top-right:0px;--awb-border-radius-bottom-right:0px;--awb-border-radius-bottom-left:0px;--awb-flex-wrap:wrap;\" ><div class=\"fusion-builder-row fusion-row\"><div class=\"fusion-layout-column fusion_builder_column fusion-builder-column-0 fusion_builder_column_1_1 1_1 fusion-one-full fusion-column-first fusion-column-last\" style=\"--awb-bg-size:cover;--awb-margin-bottom:0px;\"><div class=\"fusion-column-wrapper fusion-flex-column-wrapper-legacy\"><div class=\"fusion-text fusion-text-1\"><h4 style=\"text-align: justify;\"><span style=\"color: #000000;\">A Esplais Catalans busquem nova persona per a la pla\u00e7a de Suport de Projectes. El termini de presentaci\u00f3 de curr\u00edculms finalitzar\u00e0 el 6 de juny de 2021.<\/span><\/h4>\n<p style=\"text-align: justify;\"><span style=\"color: #000000;\">Des d&#8217;Esplac hem obert un termini de presentaci\u00f3 de curr\u00edculums amb l\u2019objectiu de cobrir la pla\u00e7a de\u00a0 Suport a Projectes d&#8217;Esplais Catalans. El termini finalitzar\u00e0 el dia<strong> 6 de juny de 2021<\/strong>.\u00a0<\/span><span style=\"color: #000000;\">Les persones interessades han de fer arribar el curr\u00edculum i\u00a0la carta de motivaci\u00f3 a\u00a0<\/span><span style=\"color: #000000;\">l\u2019adre\u00e7a electr\u00f2nica\u00a0<strong>esplac@esplac.cat<\/strong> amb la refer\u00e8ncia \u00abSuportProjectes\u00bb a l\u2019assumpte del missatge.<\/span><\/p>\n<p style=\"text-align: justify;\"><span style=\"color: #000000;\"><strong>Funcions:<br \/><\/strong>\u2022 Detecci\u00f3 de necessitats generals dels esplais, proposici\u00f3 de millores concretes i<br \/>seguiment de l&#8217;Atenci\u00f3 Personalitzada als esplais i dels sectors geogr\u00e0fics.<br \/>\u2022 Suport a la planificaci\u00f3, execuci\u00f3 i avaluaci\u00f3 de les visites als esplais.<br \/>\u2022 Suport o lideratge en l\u2019organitzaci\u00f3 dels actes org\u00e0nics de l\u2019entitat (Assemblea General Ordin\u00e0ria, Esplaiada, Monifesta\u2019t, Escola d\u2019Esplac).\u00a0\u00a0<br \/>\u2022 Suport i coordinaci\u00f3 amb l&#8217;\u00e0rea de projectes i formaci\u00f3 i execuci\u00f3 i millora de lesaccions assignades.\u00a0<br \/>\u2022 Coordinaci\u00f3 amb la Cap de Projectes per a les funcions assignades i d&#8217;altres que puguin sorgir.<br \/>\u2022 Coordinaci\u00f3 amb l&#8217;Equip de Coordinaci\u00f3 per a les funcions assignades i d&#8217;altres que puguin sorgir.<br \/>\u2022 Suport en la coordinaci\u00f3 de l&#8217;execuci\u00f3 del Pla de Treball de l&#8217;associaci\u00f3 i de les accions ordin\u00e0ries de les \u00e0rees.<br \/>\u2022 Suport en preparaci\u00f3, assist\u00e8ncia i participaci\u00f3 activa en les reunions de la Secretaria T\u00e8cnica i suport en el lideratge de les reunions de Coordinaci\u00f3 de Territoris i de Projectes.<br \/>\u2022 Participaci\u00f3 en actes org\u00e0nics, grans activitats i espais de cohesi\u00f3 de l&#8217;associaci\u00f3 o de Secretaria T\u00e8cnica.<\/span><\/p>\n<p style=\"text-align: justify;\"><span style=\"color: #000000;\"><strong>Es demana:<\/strong><\/span><br \/><span style=\"color: #000000;\">\u2022 Titulaci\u00f3 universit\u00e0ria en el camp de l\u2019educaci\u00f3 i\/o social o en proc\u00e9s d&#8217;obtenir-la.<br \/>\u2022 Tenir menys de 30 anys.<br \/>\u2022 Nivell alt de catal\u00e0 i compet\u00e8ncia escrita.<br \/>\u2022 Coneixement en l\u2019organitzaci\u00f3 d\u2019esdeveniments.<br \/>\u2022 Coneixement de l&#8217;elaboraci\u00f3 de projectes, mem\u00f2ries i altra documentaci\u00f3.<br \/>\u2022 Coneixement i experi\u00e8ncia en l&#8217;\u00e0mbit de l&#8217;associacionisme educatiu i els esplais.<br \/>\u2022 Coneixements: LibreOffice, gesti\u00f3 de correu i Internet.<br \/>\u2022 Capacitat d&#8217;organitzaci\u00f3 i gesti\u00f3 del temps.<br \/>\u2022 Capacitat de treball en equip i autonomia personal.<br \/>\u2022 Capacitat de flexibilitat i adaptabilitat.<br \/>\u2022 Assist\u00e8ncia a reunions o activitats d\u2019especial inter\u00e8s fora de l\u2019horari laboral habitual.<br \/>\u2022 Vocaci\u00f3 de servei als esplais i comprom\u00eds amb els valors d&#8217;Esplais Catalans. Titulaci\u00f3 universit\u00e0ria en el camp de l\u2019educaci\u00f3 i\/o social o en proc\u00e9s d&#8217;obtenir-la.<br \/><\/span><\/p>\n<p style=\"text-align: justify;\"><span style=\"color: #000000;\"><strong>Es valorar\u00e0:<br \/><\/strong>\u2022 T\u00edtol de Director\/a d\u2019entitats de lleure infantil i juvenil.<br \/>\u2022 Experi\u00e8ncia com a responsable d\u2019esplai.<br \/>\u2022 Experi\u00e8ncia en les funcions descrites.<br \/>\u2022 Coneixement de treball per projectes.<br \/>\u2022 Coneixement d\u2019idiomes.<br \/>\u2022 Coneixement en temes espec\u00edfics relacionats amb el projecte educatiu d&#8217;Esplais<br \/>Catalans.<br \/>\u2022 Facilitat per con\u00e8ixer noves eines de treball.<br \/>\u2022 Carnet de conduir i vehicle propi.<\/span><\/p>\n<p style=\"text-align: justify;\"><span style=\"color: #000000;\"><strong>Condicions laborals:<\/strong><\/span><br \/>\u2022 Contracte de 30 hores setmanals.<br \/>\u2022 Salari: 17.180,81 \u20ac anuals bruts.<br \/>\u2022 Incorporaci\u00f3 juny 2021.<br \/>\u2022 Lloc de treball habitual: Barcelona.<\/p>\n<p style=\"text-align: justify;\"><span style=\"color: #000000;\"><span style=\"color: #ff950e;\"><b><span style=\"color: #ff9900;\"><a style=\"color: #ff9900;\" href=\"https:\/\/www.esplac.cat\/wp-content\/uploads\/2021\/05\/Convo_suport_projectes.pdf\" target=\"_blank\" rel=\"noopener noreferrer\">Aqu\u00ed<\/a><\/span>\u00a0<\/b><\/span>us deixem els detalls de l\u2019oferta en un arxiu pdf.<\/span><\/p>\n<\/div><div class=\"fusion-clearfix\"><\/div><\/div><\/div><\/div><\/div>\n","protected":false},"excerpt":{"rendered":"","protected":false},"author":3,"featured_media":29737,"comment_status":"closed","ping_status":"closed","sticky":false,"template":"","format":"standard","meta":{"om_disable_all_campaigns":false,"_monsterinsights_skip_tracking":false,"_monsterinsights_sitenote_active":false,"_monsterinsights_sitenote_note":"","_monsterinsights_sitenote_category":0,"_uf_show_specific_survey":0,"_uf_disable_surveys":false,"footnotes":""},"categories":[1116],"tags":[],"class_list":["post-36376","post","type-post","status-publish","format-standard","has-post-thumbnail","hentry","category-secretaria-esplac"],"yoast_head":"<!-- This site is optimized with the Yoast SEO plugin v27.4 - https:\/\/yoast.com\/product\/yoast-seo-wordpress\/ -->\n<title>Obrim pla\u00e7a de Suport a Projectes d&#039;Esplais Catalans - Esplac<\/title>\n<meta name=\"robots\" content=\"index, follow, max-snippet:-1, max-image-preview:large, max-video-preview:-1\" \/>\n<link rel=\"canonical\" href=\"https:\/\/www.esplac.cat\/es\/obrim-placa-suport-projectes\/\" \/>\n<meta property=\"og:locale\" content=\"es_ES\" \/>\n<meta property=\"og:type\" content=\"article\" \/>\n<meta property=\"og:title\" content=\"Obrim pla\u00e7a de Suport a Projectes d&#039;Esplais Catalans - Esplac\" \/>\n<meta property=\"og:url\" content=\"https:\/\/www.esplac.cat\/es\/obrim-placa-suport-projectes\/\" \/>\n<meta property=\"og:site_name\" content=\"Esplac\" \/>\n<meta property=\"article:published_time\" content=\"2021-05-21T11:56:28+00:00\" \/>\n<meta property=\"article:modified_time\" content=\"2021-06-02T07:31:35+00:00\" \/>\n<meta property=\"og:image\" content=\"https:\/\/www.esplac.cat\/wp-content\/uploads\/2019\/12\/laboral-esplac-feina.jpg\" \/>\n\t<meta property=\"og:image:width\" content=\"847\" \/>\n\t<meta property=\"og:image:height\" content=\"350\" \/>\n\t<meta property=\"og:image:type\" content=\"image\/jpeg\" \/>\n<meta name=\"author\" content=\"Comunicaci\u00f3 Esplac\" \/>\n<meta name=\"twitter:card\" content=\"summary_large_image\" \/>\n<meta name=\"twitter:label1\" content=\"Escrito por\" \/>\n\t<meta name=\"twitter:data1\" content=\"Comunicaci\u00f3 Esplac\" \/>\n\t<meta name=\"twitter:label2\" content=\"Tiempo de lectura\" \/>\n\t<meta name=\"twitter:data2\" content=\"3 minutos\" \/>\n<script type=\"application\/ld+json\" class=\"yoast-schema-graph\">{\"@context\":\"https:\\\/\\\/schema.org\",\"@graph\":[{\"@type\":\"Article\",\"@id\":\"https:\\\/\\\/www.esplac.cat\\\/es\\\/obrim-placa-suport-projectes\\\/#article\",\"isPartOf\":{\"@id\":\"https:\\\/\\\/www.esplac.cat\\\/es\\\/obrim-placa-suport-projectes\\\/\"},\"author\":{\"name\":\"Comunicaci\u00f3 Esplac\",\"@id\":\"https:\\\/\\\/www.esplac.cat\\\/#\\\/schema\\\/person\\\/908383cf240be18b68f8855d0583faca\"},\"headline\":\"Obrim pla\u00e7a de Suport a Projectes d&#8217;Esplais Catalans\",\"datePublished\":\"2021-05-21T11:56:28+00:00\",\"dateModified\":\"2021-06-02T07:31:35+00:00\",\"mainEntityOfPage\":{\"@id\":\"https:\\\/\\\/www.esplac.cat\\\/es\\\/obrim-placa-suport-projectes\\\/\"},\"wordCount\":676,\"publisher\":{\"@id\":\"https:\\\/\\\/www.esplac.cat\\\/#organization\"},\"image\":{\"@id\":\"https:\\\/\\\/www.esplac.cat\\\/es\\\/obrim-placa-suport-projectes\\\/#primaryimage\"},\"thumbnailUrl\":\"https:\\\/\\\/www.esplac.cat\\\/wp-content\\\/uploads\\\/2019\\\/12\\\/laboral-esplac-feina.jpg\",\"articleSection\":[\"Secretaria T\u00e8cnica\"],\"inLanguage\":\"es\"},{\"@type\":\"WebPage\",\"@id\":\"https:\\\/\\\/www.esplac.cat\\\/es\\\/obrim-placa-suport-projectes\\\/\",\"url\":\"https:\\\/\\\/www.esplac.cat\\\/es\\\/obrim-placa-suport-projectes\\\/\",\"name\":\"Obrim pla\u00e7a de Suport a Projectes d'Esplais Catalans - Esplac\",\"isPartOf\":{\"@id\":\"https:\\\/\\\/www.esplac.cat\\\/#website\"},\"primaryImageOfPage\":{\"@id\":\"https:\\\/\\\/www.esplac.cat\\\/es\\\/obrim-placa-suport-projectes\\\/#primaryimage\"},\"image\":{\"@id\":\"https:\\\/\\\/www.esplac.cat\\\/es\\\/obrim-placa-suport-projectes\\\/#primaryimage\"},\"thumbnailUrl\":\"https:\\\/\\\/www.esplac.cat\\\/wp-content\\\/uploads\\\/2019\\\/12\\\/laboral-esplac-feina.jpg\",\"datePublished\":\"2021-05-21T11:56:28+00:00\",\"dateModified\":\"2021-06-02T07:31:35+00:00\",\"breadcrumb\":{\"@id\":\"https:\\\/\\\/www.esplac.cat\\\/es\\\/obrim-placa-suport-projectes\\\/#breadcrumb\"},\"inLanguage\":\"es\",\"potentialAction\":[{\"@type\":\"ReadAction\",\"target\":[\"https:\\\/\\\/www.esplac.cat\\\/es\\\/obrim-placa-suport-projectes\\\/\"]}]},{\"@type\":\"ImageObject\",\"inLanguage\":\"es\",\"@id\":\"https:\\\/\\\/www.esplac.cat\\\/es\\\/obrim-placa-suport-projectes\\\/#primaryimage\",\"url\":\"https:\\\/\\\/www.esplac.cat\\\/wp-content\\\/uploads\\\/2019\\\/12\\\/laboral-esplac-feina.jpg\",\"contentUrl\":\"https:\\\/\\\/www.esplac.cat\\\/wp-content\\\/uploads\\\/2019\\\/12\\\/laboral-esplac-feina.jpg\",\"width\":847,\"height\":350},{\"@type\":\"BreadcrumbList\",\"@id\":\"https:\\\/\\\/www.esplac.cat\\\/es\\\/obrim-placa-suport-projectes\\\/#breadcrumb\",\"itemListElement\":[{\"@type\":\"ListItem\",\"position\":1,\"name\":\"Inici\",\"item\":\"https:\\\/\\\/www.esplac.cat\\\/es\\\/\"},{\"@type\":\"ListItem\",\"position\":2,\"name\":\"Obrim pla\u00e7a de Suport a Projectes d&#8217;Esplais Catalans\"}]},{\"@type\":\"WebSite\",\"@id\":\"https:\\\/\\\/www.esplac.cat\\\/#website\",\"url\":\"https:\\\/\\\/www.esplac.cat\\\/\",\"name\":\"Esplac\",\"description\":\"Esplais Catalans\",\"publisher\":{\"@id\":\"https:\\\/\\\/www.esplac.cat\\\/#organization\"},\"potentialAction\":[{\"@type\":\"SearchAction\",\"target\":{\"@type\":\"EntryPoint\",\"urlTemplate\":\"https:\\\/\\\/www.esplac.cat\\\/?s={search_term_string}\"},\"query-input\":{\"@type\":\"PropertyValueSpecification\",\"valueRequired\":true,\"valueName\":\"search_term_string\"}}],\"inLanguage\":\"es\"},{\"@type\":\"Organization\",\"@id\":\"https:\\\/\\\/www.esplac.cat\\\/#organization\",\"name\":\"Esplac\",\"url\":\"https:\\\/\\\/www.esplac.cat\\\/\",\"logo\":{\"@type\":\"ImageObject\",\"inLanguage\":\"es\",\"@id\":\"https:\\\/\\\/www.esplac.cat\\\/#\\\/schema\\\/logo\\\/image\\\/\",\"url\":\"https:\\\/\\\/www.esplac.cat\\\/wp-content\\\/uploads\\\/2019\\\/08\\\/logox2.png\",\"contentUrl\":\"https:\\\/\\\/www.esplac.cat\\\/wp-content\\\/uploads\\\/2019\\\/08\\\/logox2.png\",\"width\":600,\"height\":295,\"caption\":\"Esplac\"},\"image\":{\"@id\":\"https:\\\/\\\/www.esplac.cat\\\/#\\\/schema\\\/logo\\\/image\\\/\"}},{\"@type\":\"Person\",\"@id\":\"https:\\\/\\\/www.esplac.cat\\\/#\\\/schema\\\/person\\\/908383cf240be18b68f8855d0583faca\",\"name\":\"Comunicaci\u00f3 Esplac\",\"image\":{\"@type\":\"ImageObject\",\"inLanguage\":\"es\",\"@id\":\"https:\\\/\\\/secure.gravatar.com\\\/avatar\\\/7a4cf8feb412a76ea4a740ca02d95b06b2907b5a6c648c2dd0a1082a093c3141?s=96&d=mm&r=g\",\"url\":\"https:\\\/\\\/secure.gravatar.com\\\/avatar\\\/7a4cf8feb412a76ea4a740ca02d95b06b2907b5a6c648c2dd0a1082a093c3141?s=96&d=mm&r=g\",\"contentUrl\":\"https:\\\/\\\/secure.gravatar.com\\\/avatar\\\/7a4cf8feb412a76ea4a740ca02d95b06b2907b5a6c648c2dd0a1082a093c3141?s=96&d=mm&r=g\",\"caption\":\"Comunicaci\u00f3 Esplac\"}}]}<\/script>\n<!-- \/ Yoast SEO plugin. -->","yoast_head_json":{"title":"Obrim pla\u00e7a de Suport a Projectes d'Esplais Catalans - Esplac","robots":{"index":"index","follow":"follow","max-snippet":"max-snippet:-1","max-image-preview":"max-image-preview:large","max-video-preview":"max-video-preview:-1"},"canonical":"https:\/\/www.esplac.cat\/es\/obrim-placa-suport-projectes\/","og_locale":"es_ES","og_type":"article","og_title":"Obrim pla\u00e7a de Suport a Projectes d'Esplais Catalans - Esplac","og_url":"https:\/\/www.esplac.cat\/es\/obrim-placa-suport-projectes\/","og_site_name":"Esplac","article_published_time":"2021-05-21T11:56:28+00:00","article_modified_time":"2021-06-02T07:31:35+00:00","og_image":[{"width":847,"height":350,"url":"https:\/\/www.esplac.cat\/wp-content\/uploads\/2019\/12\/laboral-esplac-feina.jpg","type":"image\/jpeg"}],"author":"Comunicaci\u00f3 Esplac","twitter_card":"summary_large_image","twitter_misc":{"Escrito por":"Comunicaci\u00f3 Esplac","Tiempo de lectura":"3 minutos"},"schema":{"@context":"https:\/\/schema.org","@graph":[{"@type":"Article","@id":"https:\/\/www.esplac.cat\/es\/obrim-placa-suport-projectes\/#article","isPartOf":{"@id":"https:\/\/www.esplac.cat\/es\/obrim-placa-suport-projectes\/"},"author":{"name":"Comunicaci\u00f3 Esplac","@id":"https:\/\/www.esplac.cat\/#\/schema\/person\/908383cf240be18b68f8855d0583faca"},"headline":"Obrim pla\u00e7a de Suport a Projectes d&#8217;Esplais Catalans","datePublished":"2021-05-21T11:56:28+00:00","dateModified":"2021-06-02T07:31:35+00:00","mainEntityOfPage":{"@id":"https:\/\/www.esplac.cat\/es\/obrim-placa-suport-projectes\/"},"wordCount":676,"publisher":{"@id":"https:\/\/www.esplac.cat\/#organization"},"image":{"@id":"https:\/\/www.esplac.cat\/es\/obrim-placa-suport-projectes\/#primaryimage"},"thumbnailUrl":"https:\/\/www.esplac.cat\/wp-content\/uploads\/2019\/12\/laboral-esplac-feina.jpg","articleSection":["Secretaria T\u00e8cnica"],"inLanguage":"es"},{"@type":"WebPage","@id":"https:\/\/www.esplac.cat\/es\/obrim-placa-suport-projectes\/","url":"https:\/\/www.esplac.cat\/es\/obrim-placa-suport-projectes\/","name":"Obrim pla\u00e7a de Suport a Projectes d'Esplais Catalans - Esplac","isPartOf":{"@id":"https:\/\/www.esplac.cat\/#website"},"primaryImageOfPage":{"@id":"https:\/\/www.esplac.cat\/es\/obrim-placa-suport-projectes\/#primaryimage"},"image":{"@id":"https:\/\/www.esplac.cat\/es\/obrim-placa-suport-projectes\/#primaryimage"},"thumbnailUrl":"https:\/\/www.esplac.cat\/wp-content\/uploads\/2019\/12\/laboral-esplac-feina.jpg","datePublished":"2021-05-21T11:56:28+00:00","dateModified":"2021-06-02T07:31:35+00:00","breadcrumb":{"@id":"https:\/\/www.esplac.cat\/es\/obrim-placa-suport-projectes\/#breadcrumb"},"inLanguage":"es","potentialAction":[{"@type":"ReadAction","target":["https:\/\/www.esplac.cat\/es\/obrim-placa-suport-projectes\/"]}]},{"@type":"ImageObject","inLanguage":"es","@id":"https:\/\/www.esplac.cat\/es\/obrim-placa-suport-projectes\/#primaryimage","url":"https:\/\/www.esplac.cat\/wp-content\/uploads\/2019\/12\/laboral-esplac-feina.jpg","contentUrl":"https:\/\/www.esplac.cat\/wp-content\/uploads\/2019\/12\/laboral-esplac-feina.jpg","width":847,"height":350},{"@type":"BreadcrumbList","@id":"https:\/\/www.esplac.cat\/es\/obrim-placa-suport-projectes\/#breadcrumb","itemListElement":[{"@type":"ListItem","position":1,"name":"Inici","item":"https:\/\/www.esplac.cat\/es\/"},{"@type":"ListItem","position":2,"name":"Obrim pla\u00e7a de Suport a Projectes d&#8217;Esplais Catalans"}]},{"@type":"WebSite","@id":"https:\/\/www.esplac.cat\/#website","url":"https:\/\/www.esplac.cat\/","name":"Esplac","description":"Esplais Catalans","publisher":{"@id":"https:\/\/www.esplac.cat\/#organization"},"potentialAction":[{"@type":"SearchAction","target":{"@type":"EntryPoint","urlTemplate":"https:\/\/www.esplac.cat\/?s={search_term_string}"},"query-input":{"@type":"PropertyValueSpecification","valueRequired":true,"valueName":"search_term_string"}}],"inLanguage":"es"},{"@type":"Organization","@id":"https:\/\/www.esplac.cat\/#organization","name":"Esplac","url":"https:\/\/www.esplac.cat\/","logo":{"@type":"ImageObject","inLanguage":"es","@id":"https:\/\/www.esplac.cat\/#\/schema\/logo\/image\/","url":"https:\/\/www.esplac.cat\/wp-content\/uploads\/2019\/08\/logox2.png","contentUrl":"https:\/\/www.esplac.cat\/wp-content\/uploads\/2019\/08\/logox2.png","width":600,"height":295,"caption":"Esplac"},"image":{"@id":"https:\/\/www.esplac.cat\/#\/schema\/logo\/image\/"}},{"@type":"Person","@id":"https:\/\/www.esplac.cat\/#\/schema\/person\/908383cf240be18b68f8855d0583faca","name":"Comunicaci\u00f3 Esplac","image":{"@type":"ImageObject","inLanguage":"es","@id":"https:\/\/secure.gravatar.com\/avatar\/7a4cf8feb412a76ea4a740ca02d95b06b2907b5a6c648c2dd0a1082a093c3141?s=96&d=mm&r=g","url":"https:\/\/secure.gravatar.com\/avatar\/7a4cf8feb412a76ea4a740ca02d95b06b2907b5a6c648c2dd0a1082a093c3141?s=96&d=mm&r=g","contentUrl":"https:\/\/secure.gravatar.com\/avatar\/7a4cf8feb412a76ea4a740ca02d95b06b2907b5a6c648c2dd0a1082a093c3141?s=96&d=mm&r=g","caption":"Comunicaci\u00f3 Esplac"}}]}},"_links":{"self":[{"href":"https:\/\/www.esplac.cat\/es\/wp-json\/wp\/v2\/posts\/36376","targetHints":{"allow":["GET"]}}],"collection":[{"href":"https:\/\/www.esplac.cat\/es\/wp-json\/wp\/v2\/posts"}],"about":[{"href":"https:\/\/www.esplac.cat\/es\/wp-json\/wp\/v2\/types\/post"}],"author":[{"embeddable":true,"href":"https:\/\/www.esplac.cat\/es\/wp-json\/wp\/v2\/users\/3"}],"replies":[{"embeddable":true,"href":"https:\/\/www.esplac.cat\/es\/wp-json\/wp\/v2\/comments?post=36376"}],"version-history":[{"count":0,"href":"https:\/\/www.esplac.cat\/es\/wp-json\/wp\/v2\/posts\/36376\/revisions"}],"wp:featuredmedia":[{"embeddable":true,"href":"https:\/\/www.esplac.cat\/es\/wp-json\/wp\/v2\/media\/29737"}],"wp:attachment":[{"href":"https:\/\/www.esplac.cat\/es\/wp-json\/wp\/v2\/media?parent=36376"}],"wp:term":[{"taxonomy":"category","embeddable":true,"href":"https:\/\/www.esplac.cat\/es\/wp-json\/wp\/v2\/categories?post=36376"},{"taxonomy":"post_tag","embeddable":true,"href":"https:\/\/www.esplac.cat\/es\/wp-json\/wp\/v2\/tags?post=36376"}],"curies":[{"name":"wp","href":"https:\/\/api.w.org\/{rel}","templated":true}]}}