{"id":36686,"date":"2021-06-15T12:06:10","date_gmt":"2021-06-15T11:06:10","guid":{"rendered":"https:\/\/www.esplac.cat\/?p=36686"},"modified":"2021-06-15T13:43:31","modified_gmt":"2021-06-15T12:43:31","slug":"primers-campaments-pedagogics-exit","status":"publish","type":"post","link":"https:\/\/www.esplac.cat\/es\/primers-campaments-pedagogics-exit\/","title":{"rendered":"Els primers Campaments Pedag\u00f2gics d&#8217;Esplac han estat tot un \u00e8xit!"},"content":{"rendered":"<h6><strong>Tendes, activitats, din\u00e0miques, gresca, debat, guitarres i reflexi\u00f3 <\/strong><strong>als Campaments Pedag\u00f2gics d&#8217;Esplac <\/strong><strong>amb m\u00e9s de 60 participants d\u2019una vintena d\u2019esplais diferents .<\/strong><\/h6>\n<p><span style=\"font-weight: 400;\">Des de divendres fins diumenge passat es van celebrar els primers <\/span><b>Campaments Pedag\u00f2gics d&#8217;Esplac <\/b><span style=\"font-weight: 400;\">al terreny d\u2019acampada Can Puigoriol Xic (<a href=\"https:\/\/www.google.es\/maps\/place\/08520+Corr%C3%B3+d'Amunt,+Barcelona\/@41.6686807,2.3236915,16z\/data=!3m1!4b1!4m5!3m4!1s0x12a4cf3bb1a7e53f:0xe96ae81e2492be91!8m2!3d41.6679591!4d2.3269115\" target=\"_blank\" rel=\"noopener noreferrer\">Corr\u00f3 d&#8217;Amunt<\/a>). Una setantena de participants es van reunir per debatre, acampar i jugar en un cap de setmana on va predominar la calor i el bon rotllo. Aquesta \u00e9s la primera edici\u00f3 presencial dels campaments ja que l&#8217;any passat, a causa de les restriccions per la COVID-19, es va haver d&#8217;adaptar a un format en l\u00ednia.<\/span><\/p>\n<p><span style=\"font-weight: 400;\">En aquesta edici\u00f3, les monitores i monitors participants van haver de reviure els valors que s\u2019estaven marcint a trav\u00e9s de diferents activitats i sobretot de les din\u00e0miques vivencials i l\u2019espai de debat dirigit per part de l\u2019Escola Lliure el Sol. Els quatre eixos principals sobre els que es va debatre van ser: <\/span><b>participaci\u00f3 infantil, educaci\u00f3 emocional, assemblearisme i pensament cr\u00edtic<\/b><span style=\"font-weight: 400;\">. Els debats van girar al voltant de com aplic\u00e0vem aquests eixos amb els nostres infants i quina seria la manera id\u00f2nia per fer-ho. Aix\u00ed no ens vam quedar en el \u201cqu\u00e8\u201d ni en el \u201cperqu\u00e8\u201d, sin\u00f3 en el \u201c<\/span><b>com\u201d eduquem als infants,<\/b><span style=\"font-weight: 400;\"> \u00e9s a dir quin m\u00e8tode pedag\u00f2gic seguim.<\/span><\/p>\n<p><span style=\"font-weight: 400;\">Era la primera vegada que des d\u2019Esplac s\u2019organitzava una activitat aix\u00ed i tot i que evidentment queden moltes coses per millorar de cara a futures edicions <\/span><b>la valoraci\u00f3 de les participants va ser molt positiva<\/b><span style=\"font-weight: 400;\">. Es van aconseguir teixir lla\u00e7os entre les diferents monitores i monitors, i <\/span><b>es van poder endur un bon grapat de reflexions i eines<\/b><span style=\"font-weight: 400;\"> per aplicar en el dia a dia de l\u2019esplai.<\/span><\/p>\n<p>Als Campaments Pedag\u00f2gics, a banda de monitores i monitors i s\u00f2cies d\u2019Esplais Catalans, tamb\u00e9 s\u2019hi han sumat les dirigents d\u2019<a href=\"https:\/\/www.esplaisvalencians.org\/\"><span style=\"color: #f69d0b;\">Esplais Valencians<\/span><\/a>, l\u2019associaci\u00f3 educativa d\u2019acci\u00f3 social, laica i progressista d\u2019esplais de la Comunitat Valenciana. Ha estat un cap de setmana que tamb\u00e9 ha servit per establir vincles en diferents espais de formaci\u00f3.<\/p>\n<p>&nbsp;<\/p>\n<p>Per fer \u00fas de les fotografies cal citar autoria: <strong>Carmen Alonso-Villaverde Lacasa<\/strong><\/p>\n\n\t\t<style type=\"text\/css\">\n\t\t\t#gallery-1 {\n\t\t\t\tmargin: auto;\n\t\t\t}\n\t\t\t#gallery-1 .gallery-item {\n\t\t\t\tfloat: left;\n\t\t\t\tmargin-top: 10px;\n\t\t\t\ttext-align: center;\n\t\t\t\twidth: 25%;\n\t\t\t}\n\t\t\t#gallery-1 img {\n\t\t\t\tborder: 2px solid #cfcfcf;\n\t\t\t}\n\t\t\t#gallery-1 .gallery-caption {\n\t\t\t\tmargin-left: 0;\n\t\t\t}\n\t\t\t\/* see gallery_shortcode() in wp-includes\/media.php *\/\n\t\t<\/style>\n\t\t<div id='gallery-1' class='gallery galleryid-36686 gallery-columns-4 gallery-size-medium'><dl class='gallery-item'>\n\t\t\t<dt class='gallery-icon landscape'>\n\t\t\t\t<a data-rel=\"iLightbox[postimages]\" data-title=\"IMG_4520\" data-caption=\"\" href='https:\/\/www.esplac.cat\/wp-content\/uploads\/2021\/06\/IMG_4520-scaled.jpg'><img decoding=\"async\" width=\"300\" height=\"200\" src=\"https:\/\/www.esplac.cat\/wp-content\/uploads\/2021\/06\/IMG_4520-300x200.jpg\" class=\"attachment-medium size-medium\" alt=\"\" srcset=\"https:\/\/www.esplac.cat\/wp-content\/uploads\/2021\/06\/IMG_4520-200x133.jpg 200w, https:\/\/www.esplac.cat\/wp-content\/uploads\/2021\/06\/IMG_4520-300x200.jpg 300w, https:\/\/www.esplac.cat\/wp-content\/uploads\/2021\/06\/IMG_4520-400x267.jpg 400w, https:\/\/www.esplac.cat\/wp-content\/uploads\/2021\/06\/IMG_4520-600x400.jpg 600w, https:\/\/www.esplac.cat\/wp-content\/uploads\/2021\/06\/IMG_4520-768x512.jpg 768w, https:\/\/www.esplac.cat\/wp-content\/uploads\/2021\/06\/IMG_4520-800x533.jpg 800w, https:\/\/www.esplac.cat\/wp-content\/uploads\/2021\/06\/IMG_4520-1024x683.jpg 1024w, https:\/\/www.esplac.cat\/wp-content\/uploads\/2021\/06\/IMG_4520-1200x800.jpg 1200w, https:\/\/www.esplac.cat\/wp-content\/uploads\/2021\/06\/IMG_4520-1536x1024.jpg 1536w\" sizes=\"(max-width: 300px) 100vw, 300px\" \/><\/a>\n\t\t\t<\/dt><\/dl><dl class='gallery-item'>\n\t\t\t<dt class='gallery-icon landscape'>\n\t\t\t\t<a data-rel=\"iLightbox[postimages]\" data-title=\"IMG_4528\" data-caption=\"\" href='https:\/\/www.esplac.cat\/wp-content\/uploads\/2021\/06\/IMG_4528-scaled.jpg'><img decoding=\"async\" width=\"300\" height=\"200\" src=\"https:\/\/www.esplac.cat\/wp-content\/uploads\/2021\/06\/IMG_4528-300x200.jpg\" class=\"attachment-medium size-medium\" alt=\"\" srcset=\"https:\/\/www.esplac.cat\/wp-content\/uploads\/2021\/06\/IMG_4528-200x133.jpg 200w, https:\/\/www.esplac.cat\/wp-content\/uploads\/2021\/06\/IMG_4528-300x200.jpg 300w, https:\/\/www.esplac.cat\/wp-content\/uploads\/2021\/06\/IMG_4528-400x267.jpg 400w, https:\/\/www.esplac.cat\/wp-content\/uploads\/2021\/06\/IMG_4528-600x400.jpg 600w, https:\/\/www.esplac.cat\/wp-content\/uploads\/2021\/06\/IMG_4528-768x512.jpg 768w, https:\/\/www.esplac.cat\/wp-content\/uploads\/2021\/06\/IMG_4528-800x533.jpg 800w, https:\/\/www.esplac.cat\/wp-content\/uploads\/2021\/06\/IMG_4528-1024x683.jpg 1024w, https:\/\/www.esplac.cat\/wp-content\/uploads\/2021\/06\/IMG_4528-1200x800.jpg 1200w, https:\/\/www.esplac.cat\/wp-content\/uploads\/2021\/06\/IMG_4528-1536x1024.jpg 1536w\" sizes=\"(max-width: 300px) 100vw, 300px\" \/><\/a>\n\t\t\t<\/dt><\/dl><dl class='gallery-item'>\n\t\t\t<dt class='gallery-icon landscape'>\n\t\t\t\t<a data-rel=\"iLightbox[postimages]\" data-title=\"IMG_4550\" data-caption=\"\" href='https:\/\/www.esplac.cat\/wp-content\/uploads\/2021\/06\/IMG_4550-scaled.jpg'><img decoding=\"async\" width=\"300\" height=\"200\" src=\"https:\/\/www.esplac.cat\/wp-content\/uploads\/2021\/06\/IMG_4550-300x200.jpg\" class=\"attachment-medium size-medium\" alt=\"\" srcset=\"https:\/\/www.esplac.cat\/wp-content\/uploads\/2021\/06\/IMG_4550-200x133.jpg 200w, https:\/\/www.esplac.cat\/wp-content\/uploads\/2021\/06\/IMG_4550-300x200.jpg 300w, https:\/\/www.esplac.cat\/wp-content\/uploads\/2021\/06\/IMG_4550-400x267.jpg 400w, https:\/\/www.esplac.cat\/wp-content\/uploads\/2021\/06\/IMG_4550-600x400.jpg 600w, https:\/\/www.esplac.cat\/wp-content\/uploads\/2021\/06\/IMG_4550-768x512.jpg 768w, https:\/\/www.esplac.cat\/wp-content\/uploads\/2021\/06\/IMG_4550-800x533.jpg 800w, https:\/\/www.esplac.cat\/wp-content\/uploads\/2021\/06\/IMG_4550-1024x683.jpg 1024w, https:\/\/www.esplac.cat\/wp-content\/uploads\/2021\/06\/IMG_4550-1200x800.jpg 1200w, https:\/\/www.esplac.cat\/wp-content\/uploads\/2021\/06\/IMG_4550-1536x1024.jpg 1536w\" sizes=\"(max-width: 300px) 100vw, 300px\" \/><\/a>\n\t\t\t<\/dt><\/dl><dl class='gallery-item'>\n\t\t\t<dt class='gallery-icon landscape'>\n\t\t\t\t<a data-rel=\"iLightbox[postimages]\" data-title=\"IMG_4556\" data-caption=\"\" href='https:\/\/www.esplac.cat\/wp-content\/uploads\/2021\/06\/IMG_4556-scaled.jpg'><img decoding=\"async\" width=\"300\" height=\"200\" src=\"https:\/\/www.esplac.cat\/wp-content\/uploads\/2021\/06\/IMG_4556-300x200.jpg\" class=\"attachment-medium size-medium\" alt=\"\" srcset=\"https:\/\/www.esplac.cat\/wp-content\/uploads\/2021\/06\/IMG_4556-200x133.jpg 200w, https:\/\/www.esplac.cat\/wp-content\/uploads\/2021\/06\/IMG_4556-300x200.jpg 300w, https:\/\/www.esplac.cat\/wp-content\/uploads\/2021\/06\/IMG_4556-400x267.jpg 400w, https:\/\/www.esplac.cat\/wp-content\/uploads\/2021\/06\/IMG_4556-600x400.jpg 600w, https:\/\/www.esplac.cat\/wp-content\/uploads\/2021\/06\/IMG_4556-768x512.jpg 768w, https:\/\/www.esplac.cat\/wp-content\/uploads\/2021\/06\/IMG_4556-800x533.jpg 800w, https:\/\/www.esplac.cat\/wp-content\/uploads\/2021\/06\/IMG_4556-1024x683.jpg 1024w, https:\/\/www.esplac.cat\/wp-content\/uploads\/2021\/06\/IMG_4556-1200x800.jpg 1200w, https:\/\/www.esplac.cat\/wp-content\/uploads\/2021\/06\/IMG_4556-1536x1024.jpg 1536w\" sizes=\"(max-width: 300px) 100vw, 300px\" \/><\/a>\n\t\t\t<\/dt><\/dl><br style=\"clear: both\" \/><dl class='gallery-item'>\n\t\t\t<dt class='gallery-icon landscape'>\n\t\t\t\t<a data-rel=\"iLightbox[postimages]\" data-title=\"IMG_4562\" data-caption=\"\" href='https:\/\/www.esplac.cat\/wp-content\/uploads\/2021\/06\/IMG_4562-scaled.jpg'><img decoding=\"async\" width=\"300\" height=\"200\" src=\"https:\/\/www.esplac.cat\/wp-content\/uploads\/2021\/06\/IMG_4562-300x200.jpg\" class=\"attachment-medium size-medium\" alt=\"\" srcset=\"https:\/\/www.esplac.cat\/wp-content\/uploads\/2021\/06\/IMG_4562-200x133.jpg 200w, https:\/\/www.esplac.cat\/wp-content\/uploads\/2021\/06\/IMG_4562-300x200.jpg 300w, https:\/\/www.esplac.cat\/wp-content\/uploads\/2021\/06\/IMG_4562-400x267.jpg 400w, https:\/\/www.esplac.cat\/wp-content\/uploads\/2021\/06\/IMG_4562-600x400.jpg 600w, https:\/\/www.esplac.cat\/wp-content\/uploads\/2021\/06\/IMG_4562-768x512.jpg 768w, https:\/\/www.esplac.cat\/wp-content\/uploads\/2021\/06\/IMG_4562-800x533.jpg 800w, https:\/\/www.esplac.cat\/wp-content\/uploads\/2021\/06\/IMG_4562-1024x683.jpg 1024w, https:\/\/www.esplac.cat\/wp-content\/uploads\/2021\/06\/IMG_4562-1200x800.jpg 1200w, https:\/\/www.esplac.cat\/wp-content\/uploads\/2021\/06\/IMG_4562-1536x1024.jpg 1536w\" sizes=\"(max-width: 300px) 100vw, 300px\" \/><\/a>\n\t\t\t<\/dt><\/dl><dl class='gallery-item'>\n\t\t\t<dt class='gallery-icon landscape'>\n\t\t\t\t<a data-rel=\"iLightbox[postimages]\" data-title=\"IMG_4567\" data-caption=\"\" href='https:\/\/www.esplac.cat\/wp-content\/uploads\/2021\/06\/IMG_4567-scaled.jpg'><img decoding=\"async\" width=\"300\" height=\"200\" src=\"https:\/\/www.esplac.cat\/wp-content\/uploads\/2021\/06\/IMG_4567-300x200.jpg\" class=\"attachment-medium size-medium\" alt=\"\" srcset=\"https:\/\/www.esplac.cat\/wp-content\/uploads\/2021\/06\/IMG_4567-200x133.jpg 200w, https:\/\/www.esplac.cat\/wp-content\/uploads\/2021\/06\/IMG_4567-300x200.jpg 300w, https:\/\/www.esplac.cat\/wp-content\/uploads\/2021\/06\/IMG_4567-400x267.jpg 400w, https:\/\/www.esplac.cat\/wp-content\/uploads\/2021\/06\/IMG_4567-600x400.jpg 600w, https:\/\/www.esplac.cat\/wp-content\/uploads\/2021\/06\/IMG_4567-768x512.jpg 768w, https:\/\/www.esplac.cat\/wp-content\/uploads\/2021\/06\/IMG_4567-800x533.jpg 800w, https:\/\/www.esplac.cat\/wp-content\/uploads\/2021\/06\/IMG_4567-1024x683.jpg 1024w, https:\/\/www.esplac.cat\/wp-content\/uploads\/2021\/06\/IMG_4567-1200x800.jpg 1200w, https:\/\/www.esplac.cat\/wp-content\/uploads\/2021\/06\/IMG_4567-1536x1024.jpg 1536w\" sizes=\"(max-width: 300px) 100vw, 300px\" \/><\/a>\n\t\t\t<\/dt><\/dl><dl class='gallery-item'>\n\t\t\t<dt class='gallery-icon landscape'>\n\t\t\t\t<a data-rel=\"iLightbox[postimages]\" data-title=\"IMG_4593\" data-caption=\"\" href='https:\/\/www.esplac.cat\/wp-content\/uploads\/2021\/06\/IMG_4593-scaled.jpg'><img decoding=\"async\" width=\"300\" height=\"200\" src=\"https:\/\/www.esplac.cat\/wp-content\/uploads\/2021\/06\/IMG_4593-300x200.jpg\" class=\"attachment-medium size-medium\" alt=\"\" srcset=\"https:\/\/www.esplac.cat\/wp-content\/uploads\/2021\/06\/IMG_4593-200x133.jpg 200w, https:\/\/www.esplac.cat\/wp-content\/uploads\/2021\/06\/IMG_4593-300x200.jpg 300w, https:\/\/www.esplac.cat\/wp-content\/uploads\/2021\/06\/IMG_4593-400x267.jpg 400w, https:\/\/www.esplac.cat\/wp-content\/uploads\/2021\/06\/IMG_4593-600x400.jpg 600w, https:\/\/www.esplac.cat\/wp-content\/uploads\/2021\/06\/IMG_4593-768x512.jpg 768w, https:\/\/www.esplac.cat\/wp-content\/uploads\/2021\/06\/IMG_4593-800x533.jpg 800w, https:\/\/www.esplac.cat\/wp-content\/uploads\/2021\/06\/IMG_4593-1024x683.jpg 1024w, https:\/\/www.esplac.cat\/wp-content\/uploads\/2021\/06\/IMG_4593-1200x800.jpg 1200w, https:\/\/www.esplac.cat\/wp-content\/uploads\/2021\/06\/IMG_4593-1536x1024.jpg 1536w\" sizes=\"(max-width: 300px) 100vw, 300px\" \/><\/a>\n\t\t\t<\/dt><\/dl><dl class='gallery-item'>\n\t\t\t<dt class='gallery-icon landscape'>\n\t\t\t\t<a data-rel=\"iLightbox[postimages]\" data-title=\"IMG_4594\" data-caption=\"\" href='https:\/\/www.esplac.cat\/wp-content\/uploads\/2021\/06\/IMG_4594-scaled.jpg'><img decoding=\"async\" width=\"300\" height=\"200\" src=\"https:\/\/www.esplac.cat\/wp-content\/uploads\/2021\/06\/IMG_4594-300x200.jpg\" class=\"attachment-medium size-medium\" alt=\"\" srcset=\"https:\/\/www.esplac.cat\/wp-content\/uploads\/2021\/06\/IMG_4594-200x133.jpg 200w, https:\/\/www.esplac.cat\/wp-content\/uploads\/2021\/06\/IMG_4594-300x200.jpg 300w, https:\/\/www.esplac.cat\/wp-content\/uploads\/2021\/06\/IMG_4594-400x267.jpg 400w, https:\/\/www.esplac.cat\/wp-content\/uploads\/2021\/06\/IMG_4594-600x400.jpg 600w, https:\/\/www.esplac.cat\/wp-content\/uploads\/2021\/06\/IMG_4594-768x512.jpg 768w, https:\/\/www.esplac.cat\/wp-content\/uploads\/2021\/06\/IMG_4594-800x533.jpg 800w, https:\/\/www.esplac.cat\/wp-content\/uploads\/2021\/06\/IMG_4594-1024x683.jpg 1024w, https:\/\/www.esplac.cat\/wp-content\/uploads\/2021\/06\/IMG_4594-1200x800.jpg 1200w, https:\/\/www.esplac.cat\/wp-content\/uploads\/2021\/06\/IMG_4594-1536x1024.jpg 1536w\" sizes=\"(max-width: 300px) 100vw, 300px\" \/><\/a>\n\t\t\t<\/dt><\/dl><br style=\"clear: both\" \/><dl class='gallery-item'>\n\t\t\t<dt class='gallery-icon landscape'>\n\t\t\t\t<a data-rel=\"iLightbox[postimages]\" data-title=\"IMG_4632\" data-caption=\"\" href='https:\/\/www.esplac.cat\/wp-content\/uploads\/2021\/06\/IMG_4632-scaled.jpg'><img decoding=\"async\" width=\"300\" height=\"200\" src=\"https:\/\/www.esplac.cat\/wp-content\/uploads\/2021\/06\/IMG_4632-300x200.jpg\" class=\"attachment-medium size-medium\" alt=\"\" srcset=\"https:\/\/www.esplac.cat\/wp-content\/uploads\/2021\/06\/IMG_4632-200x133.jpg 200w, https:\/\/www.esplac.cat\/wp-content\/uploads\/2021\/06\/IMG_4632-300x200.jpg 300w, https:\/\/www.esplac.cat\/wp-content\/uploads\/2021\/06\/IMG_4632-400x267.jpg 400w, https:\/\/www.esplac.cat\/wp-content\/uploads\/2021\/06\/IMG_4632-600x400.jpg 600w, https:\/\/www.esplac.cat\/wp-content\/uploads\/2021\/06\/IMG_4632-768x512.jpg 768w, https:\/\/www.esplac.cat\/wp-content\/uploads\/2021\/06\/IMG_4632-800x533.jpg 800w, https:\/\/www.esplac.cat\/wp-content\/uploads\/2021\/06\/IMG_4632-1024x683.jpg 1024w, https:\/\/www.esplac.cat\/wp-content\/uploads\/2021\/06\/IMG_4632-1200x800.jpg 1200w, https:\/\/www.esplac.cat\/wp-content\/uploads\/2021\/06\/IMG_4632-1536x1024.jpg 1536w\" sizes=\"(max-width: 300px) 100vw, 300px\" \/><\/a>\n\t\t\t<\/dt><\/dl><dl class='gallery-item'>\n\t\t\t<dt class='gallery-icon landscape'>\n\t\t\t\t<a data-rel=\"iLightbox[postimages]\" data-title=\"IMG_4675\" data-caption=\"\" href='https:\/\/www.esplac.cat\/wp-content\/uploads\/2021\/06\/IMG_4675-scaled.jpg'><img decoding=\"async\" width=\"300\" height=\"200\" src=\"https:\/\/www.esplac.cat\/wp-content\/uploads\/2021\/06\/IMG_4675-300x200.jpg\" class=\"attachment-medium size-medium\" alt=\"\" srcset=\"https:\/\/www.esplac.cat\/wp-content\/uploads\/2021\/06\/IMG_4675-200x133.jpg 200w, https:\/\/www.esplac.cat\/wp-content\/uploads\/2021\/06\/IMG_4675-300x200.jpg 300w, https:\/\/www.esplac.cat\/wp-content\/uploads\/2021\/06\/IMG_4675-400x267.jpg 400w, https:\/\/www.esplac.cat\/wp-content\/uploads\/2021\/06\/IMG_4675-600x400.jpg 600w, https:\/\/www.esplac.cat\/wp-content\/uploads\/2021\/06\/IMG_4675-768x512.jpg 768w, https:\/\/www.esplac.cat\/wp-content\/uploads\/2021\/06\/IMG_4675-800x533.jpg 800w, https:\/\/www.esplac.cat\/wp-content\/uploads\/2021\/06\/IMG_4675-1024x683.jpg 1024w, https:\/\/www.esplac.cat\/wp-content\/uploads\/2021\/06\/IMG_4675-1200x800.jpg 1200w, https:\/\/www.esplac.cat\/wp-content\/uploads\/2021\/06\/IMG_4675-1536x1024.jpg 1536w\" sizes=\"(max-width: 300px) 100vw, 300px\" \/><\/a>\n\t\t\t<\/dt><\/dl><dl class='gallery-item'>\n\t\t\t<dt class='gallery-icon landscape'>\n\t\t\t\t<a data-rel=\"iLightbox[postimages]\" data-title=\"IMG_4608\" data-caption=\"\" href='https:\/\/www.esplac.cat\/wp-content\/uploads\/2021\/06\/IMG_4608-scaled.jpg'><img decoding=\"async\" width=\"300\" height=\"200\" src=\"https:\/\/www.esplac.cat\/wp-content\/uploads\/2021\/06\/IMG_4608-300x200.jpg\" class=\"attachment-medium size-medium\" alt=\"\" srcset=\"https:\/\/www.esplac.cat\/wp-content\/uploads\/2021\/06\/IMG_4608-200x133.jpg 200w, https:\/\/www.esplac.cat\/wp-content\/uploads\/2021\/06\/IMG_4608-300x200.jpg 300w, https:\/\/www.esplac.cat\/wp-content\/uploads\/2021\/06\/IMG_4608-400x267.jpg 400w, https:\/\/www.esplac.cat\/wp-content\/uploads\/2021\/06\/IMG_4608-600x400.jpg 600w, https:\/\/www.esplac.cat\/wp-content\/uploads\/2021\/06\/IMG_4608-768x512.jpg 768w, https:\/\/www.esplac.cat\/wp-content\/uploads\/2021\/06\/IMG_4608-800x533.jpg 800w, https:\/\/www.esplac.cat\/wp-content\/uploads\/2021\/06\/IMG_4608-1024x683.jpg 1024w, https:\/\/www.esplac.cat\/wp-content\/uploads\/2021\/06\/IMG_4608-1200x800.jpg 1200w, https:\/\/www.esplac.cat\/wp-content\/uploads\/2021\/06\/IMG_4608-1536x1024.jpg 1536w\" sizes=\"(max-width: 300px) 100vw, 300px\" \/><\/a>\n\t\t\t<\/dt><\/dl><dl class='gallery-item'>\n\t\t\t<dt class='gallery-icon landscape'>\n\t\t\t\t<a data-rel=\"iLightbox[postimages]\" data-title=\"IMG_4609\" data-caption=\"\" href='https:\/\/www.esplac.cat\/wp-content\/uploads\/2021\/06\/IMG_4609-scaled.jpg'><img decoding=\"async\" width=\"300\" height=\"200\" src=\"https:\/\/www.esplac.cat\/wp-content\/uploads\/2021\/06\/IMG_4609-300x200.jpg\" class=\"attachment-medium size-medium\" alt=\"\" srcset=\"https:\/\/www.esplac.cat\/wp-content\/uploads\/2021\/06\/IMG_4609-200x133.jpg 200w, https:\/\/www.esplac.cat\/wp-content\/uploads\/2021\/06\/IMG_4609-300x200.jpg 300w, https:\/\/www.esplac.cat\/wp-content\/uploads\/2021\/06\/IMG_4609-400x267.jpg 400w, https:\/\/www.esplac.cat\/wp-content\/uploads\/2021\/06\/IMG_4609-600x400.jpg 600w, https:\/\/www.esplac.cat\/wp-content\/uploads\/2021\/06\/IMG_4609-768x512.jpg 768w, https:\/\/www.esplac.cat\/wp-content\/uploads\/2021\/06\/IMG_4609-800x533.jpg 800w, https:\/\/www.esplac.cat\/wp-content\/uploads\/2021\/06\/IMG_4609-1024x683.jpg 1024w, https:\/\/www.esplac.cat\/wp-content\/uploads\/2021\/06\/IMG_4609-1200x800.jpg 1200w, https:\/\/www.esplac.cat\/wp-content\/uploads\/2021\/06\/IMG_4609-1536x1024.jpg 1536w\" sizes=\"(max-width: 300px) 100vw, 300px\" \/><\/a>\n\t\t\t<\/dt><\/dl><br style=\"clear: both\" \/><dl class='gallery-item'>\n\t\t\t<dt class='gallery-icon landscape'>\n\t\t\t\t<a data-rel=\"iLightbox[postimages]\" data-title=\"IMG_4697\" data-caption=\"\" href='https:\/\/www.esplac.cat\/wp-content\/uploads\/2021\/06\/IMG_4697-scaled.jpg'><img decoding=\"async\" width=\"300\" height=\"200\" src=\"https:\/\/www.esplac.cat\/wp-content\/uploads\/2021\/06\/IMG_4697-300x200.jpg\" class=\"attachment-medium size-medium\" alt=\"\" srcset=\"https:\/\/www.esplac.cat\/wp-content\/uploads\/2021\/06\/IMG_4697-200x133.jpg 200w, https:\/\/www.esplac.cat\/wp-content\/uploads\/2021\/06\/IMG_4697-300x200.jpg 300w, https:\/\/www.esplac.cat\/wp-content\/uploads\/2021\/06\/IMG_4697-400x267.jpg 400w, https:\/\/www.esplac.cat\/wp-content\/uploads\/2021\/06\/IMG_4697-600x400.jpg 600w, https:\/\/www.esplac.cat\/wp-content\/uploads\/2021\/06\/IMG_4697-768x512.jpg 768w, https:\/\/www.esplac.cat\/wp-content\/uploads\/2021\/06\/IMG_4697-800x533.jpg 800w, https:\/\/www.esplac.cat\/wp-content\/uploads\/2021\/06\/IMG_4697-1024x683.jpg 1024w, https:\/\/www.esplac.cat\/wp-content\/uploads\/2021\/06\/IMG_4697-1200x800.jpg 1200w, https:\/\/www.esplac.cat\/wp-content\/uploads\/2021\/06\/IMG_4697-1536x1024.jpg 1536w\" sizes=\"(max-width: 300px) 100vw, 300px\" \/><\/a>\n\t\t\t<\/dt><\/dl><dl class='gallery-item'>\n\t\t\t<dt class='gallery-icon landscape'>\n\t\t\t\t<a data-rel=\"iLightbox[postimages]\" data-title=\"IMG_4723\" data-caption=\"\" href='https:\/\/www.esplac.cat\/wp-content\/uploads\/2021\/06\/IMG_4723-scaled.jpg'><img decoding=\"async\" width=\"300\" height=\"200\" src=\"https:\/\/www.esplac.cat\/wp-content\/uploads\/2021\/06\/IMG_4723-300x200.jpg\" class=\"attachment-medium size-medium\" alt=\"\" srcset=\"https:\/\/www.esplac.cat\/wp-content\/uploads\/2021\/06\/IMG_4723-200x133.jpg 200w, https:\/\/www.esplac.cat\/wp-content\/uploads\/2021\/06\/IMG_4723-300x200.jpg 300w, https:\/\/www.esplac.cat\/wp-content\/uploads\/2021\/06\/IMG_4723-400x267.jpg 400w, https:\/\/www.esplac.cat\/wp-content\/uploads\/2021\/06\/IMG_4723-600x400.jpg 600w, https:\/\/www.esplac.cat\/wp-content\/uploads\/2021\/06\/IMG_4723-768x512.jpg 768w, https:\/\/www.esplac.cat\/wp-content\/uploads\/2021\/06\/IMG_4723-800x533.jpg 800w, https:\/\/www.esplac.cat\/wp-content\/uploads\/2021\/06\/IMG_4723-1024x683.jpg 1024w, https:\/\/www.esplac.cat\/wp-content\/uploads\/2021\/06\/IMG_4723-1200x800.jpg 1200w, https:\/\/www.esplac.cat\/wp-content\/uploads\/2021\/06\/IMG_4723-1536x1024.jpg 1536w\" sizes=\"(max-width: 300px) 100vw, 300px\" \/><\/a>\n\t\t\t<\/dt><\/dl>\n\t\t\t<br style='clear: both' \/>\n\t\t<\/div>\n\n","protected":false},"excerpt":{"rendered":"<p>Tendes, activitats, din\u00e0miques, gresca, debat, guitarres i reflexi\u00f3 als Campaments [&hellip;]<\/p>\n","protected":false},"author":3,"featured_media":36687,"comment_status":"closed","ping_status":"closed","sticky":false,"template":"","format":"standard","meta":{"om_disable_all_campaigns":false,"_monsterinsights_skip_tracking":false,"_monsterinsights_sitenote_active":false,"_monsterinsights_sitenote_note":"","_monsterinsights_sitenote_category":0,"_uf_show_specific_survey":0,"_uf_disable_surveys":false,"footnotes":""},"categories":[1111,1162],"tags":[],"class_list":["post-36686","post","type-post","status-publish","format-standard","has-post-thumbnail","hentry","category-activitats-esplac","category-linies-pedagogiques"],"yoast_head":"<!-- This site is optimized with the Yoast SEO plugin v27.5 - https:\/\/yoast.com\/product\/yoast-seo-wordpress\/ -->\n<title>\u00c8xit a la primera edici\u00f3 presencial dels Campaments Pedag\u00f2gics d&#039;Esplac<\/title>\n<meta name=\"description\" content=\"Tendes, activitats, din\u00e0miques, gresca, debat, guitarres i reflexi\u00f3 als Campaments Pedag\u00f2gics d&#039;Esplac amb m\u00e9s de 60 monis d&#039;esplai.\" \/>\n<meta name=\"robots\" content=\"index, follow, max-snippet:-1, max-image-preview:large, max-video-preview:-1\" \/>\n<link rel=\"canonical\" href=\"https:\/\/www.esplac.cat\/primers-campaments-pedagogics-exit\/\" \/>\n<meta property=\"og:locale\" content=\"es_ES\" \/>\n<meta property=\"og:type\" content=\"article\" \/>\n<meta property=\"og:title\" content=\"\u00c8xit a la primera edici\u00f3 presencial dels Campaments Pedag\u00f2gics d&#039;Esplac\" \/>\n<meta property=\"og:description\" content=\"Tendes, activitats, din\u00e0miques, gresca, debat, guitarres i reflexi\u00f3 als Campaments Pedag\u00f2gics d&#039;Esplac amb m\u00e9s de 60 monis d&#039;esplai.\" \/>\n<meta property=\"og:url\" content=\"https:\/\/www.esplac.cat\/primers-campaments-pedagogics-exit\/\" \/>\n<meta property=\"og:site_name\" content=\"Esplac\" \/>\n<meta property=\"article:published_time\" content=\"2021-06-15T11:06:10+00:00\" \/>\n<meta property=\"article:modified_time\" content=\"2021-06-15T12:43:31+00:00\" \/>\n<meta property=\"og:image\" content=\"https:\/\/www.esplac.cat\/wp-content\/uploads\/2021\/06\/portades-web-1.jpg\" \/>\n\t<meta property=\"og:image:width\" content=\"1697\" \/>\n\t<meta property=\"og:image:height\" content=\"700\" \/>\n\t<meta property=\"og:image:type\" content=\"image\/jpeg\" \/>\n<meta name=\"author\" content=\"Comunicaci\u00f3 Esplac\" \/>\n<meta name=\"twitter:card\" content=\"summary_large_image\" \/>\n<meta name=\"twitter:label1\" content=\"Escrito por\" \/>\n\t<meta name=\"twitter:data1\" content=\"Comunicaci\u00f3 Esplac\" \/>\n\t<meta name=\"twitter:label2\" content=\"Tiempo de lectura\" \/>\n\t<meta name=\"twitter:data2\" content=\"2 minutos\" \/>\n<script type=\"application\/ld+json\" class=\"yoast-schema-graph\">{\"@context\":\"https:\\\/\\\/schema.org\",\"@graph\":[{\"@type\":\"Article\",\"@id\":\"https:\\\/\\\/www.esplac.cat\\\/primers-campaments-pedagogics-exit\\\/#article\",\"isPartOf\":{\"@id\":\"https:\\\/\\\/www.esplac.cat\\\/primers-campaments-pedagogics-exit\\\/\"},\"author\":{\"name\":\"Comunicaci\u00f3 Esplac\",\"@id\":\"https:\\\/\\\/www.esplac.cat\\\/#\\\/schema\\\/person\\\/908383cf240be18b68f8855d0583faca\"},\"headline\":\"Els primers Campaments Pedag\u00f2gics d&#8217;Esplac han estat tot un \u00e8xit!\",\"datePublished\":\"2021-06-15T11:06:10+00:00\",\"dateModified\":\"2021-06-15T12:43:31+00:00\",\"mainEntityOfPage\":{\"@id\":\"https:\\\/\\\/www.esplac.cat\\\/primers-campaments-pedagogics-exit\\\/\"},\"wordCount\":391,\"publisher\":{\"@id\":\"https:\\\/\\\/www.esplac.cat\\\/#organization\"},\"image\":{\"@id\":\"https:\\\/\\\/www.esplac.cat\\\/primers-campaments-pedagogics-exit\\\/#primaryimage\"},\"thumbnailUrl\":\"https:\\\/\\\/www.esplac.cat\\\/wp-content\\\/uploads\\\/2021\\\/06\\\/portades-web-1.jpg\",\"articleSection\":[\"Activitats esplac\",\"L\u00ednies pedag\u00f2giques\"],\"inLanguage\":\"es\"},{\"@type\":\"WebPage\",\"@id\":\"https:\\\/\\\/www.esplac.cat\\\/primers-campaments-pedagogics-exit\\\/\",\"url\":\"https:\\\/\\\/www.esplac.cat\\\/primers-campaments-pedagogics-exit\\\/\",\"name\":\"\u00c8xit a la primera edici\u00f3 presencial dels Campaments Pedag\u00f2gics d'Esplac\",\"isPartOf\":{\"@id\":\"https:\\\/\\\/www.esplac.cat\\\/#website\"},\"primaryImageOfPage\":{\"@id\":\"https:\\\/\\\/www.esplac.cat\\\/primers-campaments-pedagogics-exit\\\/#primaryimage\"},\"image\":{\"@id\":\"https:\\\/\\\/www.esplac.cat\\\/primers-campaments-pedagogics-exit\\\/#primaryimage\"},\"thumbnailUrl\":\"https:\\\/\\\/www.esplac.cat\\\/wp-content\\\/uploads\\\/2021\\\/06\\\/portades-web-1.jpg\",\"datePublished\":\"2021-06-15T11:06:10+00:00\",\"dateModified\":\"2021-06-15T12:43:31+00:00\",\"description\":\"Tendes, activitats, din\u00e0miques, gresca, debat, guitarres i reflexi\u00f3 als Campaments Pedag\u00f2gics d'Esplac amb m\u00e9s de 60 monis d'esplai.\",\"breadcrumb\":{\"@id\":\"https:\\\/\\\/www.esplac.cat\\\/primers-campaments-pedagogics-exit\\\/#breadcrumb\"},\"inLanguage\":\"es\",\"potentialAction\":[{\"@type\":\"ReadAction\",\"target\":[\"https:\\\/\\\/www.esplac.cat\\\/primers-campaments-pedagogics-exit\\\/\"]}]},{\"@type\":\"ImageObject\",\"inLanguage\":\"es\",\"@id\":\"https:\\\/\\\/www.esplac.cat\\\/primers-campaments-pedagogics-exit\\\/#primaryimage\",\"url\":\"https:\\\/\\\/www.esplac.cat\\\/wp-content\\\/uploads\\\/2021\\\/06\\\/portades-web-1.jpg\",\"contentUrl\":\"https:\\\/\\\/www.esplac.cat\\\/wp-content\\\/uploads\\\/2021\\\/06\\\/portades-web-1.jpg\",\"width\":1697,\"height\":700},{\"@type\":\"BreadcrumbList\",\"@id\":\"https:\\\/\\\/www.esplac.cat\\\/primers-campaments-pedagogics-exit\\\/#breadcrumb\",\"itemListElement\":[{\"@type\":\"ListItem\",\"position\":1,\"name\":\"Inici\",\"item\":\"https:\\\/\\\/www.esplac.cat\\\/es\\\/\"},{\"@type\":\"ListItem\",\"position\":2,\"name\":\"Els primers Campaments Pedag\u00f2gics d&#8217;Esplac han estat tot un \u00e8xit!\"}]},{\"@type\":\"WebSite\",\"@id\":\"https:\\\/\\\/www.esplac.cat\\\/#website\",\"url\":\"https:\\\/\\\/www.esplac.cat\\\/\",\"name\":\"Esplac\",\"description\":\"Esplais Catalans\",\"publisher\":{\"@id\":\"https:\\\/\\\/www.esplac.cat\\\/#organization\"},\"potentialAction\":[{\"@type\":\"SearchAction\",\"target\":{\"@type\":\"EntryPoint\",\"urlTemplate\":\"https:\\\/\\\/www.esplac.cat\\\/?s={search_term_string}\"},\"query-input\":{\"@type\":\"PropertyValueSpecification\",\"valueRequired\":true,\"valueName\":\"search_term_string\"}}],\"inLanguage\":\"es\"},{\"@type\":\"Organization\",\"@id\":\"https:\\\/\\\/www.esplac.cat\\\/#organization\",\"name\":\"Esplac\",\"url\":\"https:\\\/\\\/www.esplac.cat\\\/\",\"logo\":{\"@type\":\"ImageObject\",\"inLanguage\":\"es\",\"@id\":\"https:\\\/\\\/www.esplac.cat\\\/#\\\/schema\\\/logo\\\/image\\\/\",\"url\":\"https:\\\/\\\/www.esplac.cat\\\/wp-content\\\/uploads\\\/2019\\\/08\\\/logox2.png\",\"contentUrl\":\"https:\\\/\\\/www.esplac.cat\\\/wp-content\\\/uploads\\\/2019\\\/08\\\/logox2.png\",\"width\":600,\"height\":295,\"caption\":\"Esplac\"},\"image\":{\"@id\":\"https:\\\/\\\/www.esplac.cat\\\/#\\\/schema\\\/logo\\\/image\\\/\"}},{\"@type\":\"Person\",\"@id\":\"https:\\\/\\\/www.esplac.cat\\\/#\\\/schema\\\/person\\\/908383cf240be18b68f8855d0583faca\",\"name\":\"Comunicaci\u00f3 Esplac\",\"image\":{\"@type\":\"ImageObject\",\"inLanguage\":\"es\",\"@id\":\"https:\\\/\\\/secure.gravatar.com\\\/avatar\\\/7a4cf8feb412a76ea4a740ca02d95b06b2907b5a6c648c2dd0a1082a093c3141?s=96&d=mm&r=g\",\"url\":\"https:\\\/\\\/secure.gravatar.com\\\/avatar\\\/7a4cf8feb412a76ea4a740ca02d95b06b2907b5a6c648c2dd0a1082a093c3141?s=96&d=mm&r=g\",\"contentUrl\":\"https:\\\/\\\/secure.gravatar.com\\\/avatar\\\/7a4cf8feb412a76ea4a740ca02d95b06b2907b5a6c648c2dd0a1082a093c3141?s=96&d=mm&r=g\",\"caption\":\"Comunicaci\u00f3 Esplac\"}}]}<\/script>\n<!-- \/ Yoast SEO plugin. -->","yoast_head_json":{"title":"\u00c8xit a la primera edici\u00f3 presencial dels Campaments Pedag\u00f2gics d'Esplac","description":"Tendes, activitats, din\u00e0miques, gresca, debat, guitarres i reflexi\u00f3 als Campaments Pedag\u00f2gics d'Esplac amb m\u00e9s de 60 monis d'esplai.","robots":{"index":"index","follow":"follow","max-snippet":"max-snippet:-1","max-image-preview":"max-image-preview:large","max-video-preview":"max-video-preview:-1"},"canonical":"https:\/\/www.esplac.cat\/primers-campaments-pedagogics-exit\/","og_locale":"es_ES","og_type":"article","og_title":"\u00c8xit a la primera edici\u00f3 presencial dels Campaments Pedag\u00f2gics d'Esplac","og_description":"Tendes, activitats, din\u00e0miques, gresca, debat, guitarres i reflexi\u00f3 als Campaments Pedag\u00f2gics d'Esplac amb m\u00e9s de 60 monis d'esplai.","og_url":"https:\/\/www.esplac.cat\/primers-campaments-pedagogics-exit\/","og_site_name":"Esplac","article_published_time":"2021-06-15T11:06:10+00:00","article_modified_time":"2021-06-15T12:43:31+00:00","og_image":[{"width":1697,"height":700,"url":"https:\/\/www.esplac.cat\/wp-content\/uploads\/2021\/06\/portades-web-1.jpg","type":"image\/jpeg"}],"author":"Comunicaci\u00f3 Esplac","twitter_card":"summary_large_image","twitter_misc":{"Escrito por":"Comunicaci\u00f3 Esplac","Tiempo de lectura":"2 minutos"},"schema":{"@context":"https:\/\/schema.org","@graph":[{"@type":"Article","@id":"https:\/\/www.esplac.cat\/primers-campaments-pedagogics-exit\/#article","isPartOf":{"@id":"https:\/\/www.esplac.cat\/primers-campaments-pedagogics-exit\/"},"author":{"name":"Comunicaci\u00f3 Esplac","@id":"https:\/\/www.esplac.cat\/#\/schema\/person\/908383cf240be18b68f8855d0583faca"},"headline":"Els primers Campaments Pedag\u00f2gics d&#8217;Esplac han estat tot un \u00e8xit!","datePublished":"2021-06-15T11:06:10+00:00","dateModified":"2021-06-15T12:43:31+00:00","mainEntityOfPage":{"@id":"https:\/\/www.esplac.cat\/primers-campaments-pedagogics-exit\/"},"wordCount":391,"publisher":{"@id":"https:\/\/www.esplac.cat\/#organization"},"image":{"@id":"https:\/\/www.esplac.cat\/primers-campaments-pedagogics-exit\/#primaryimage"},"thumbnailUrl":"https:\/\/www.esplac.cat\/wp-content\/uploads\/2021\/06\/portades-web-1.jpg","articleSection":["Activitats esplac","L\u00ednies pedag\u00f2giques"],"inLanguage":"es"},{"@type":"WebPage","@id":"https:\/\/www.esplac.cat\/primers-campaments-pedagogics-exit\/","url":"https:\/\/www.esplac.cat\/primers-campaments-pedagogics-exit\/","name":"\u00c8xit a la primera edici\u00f3 presencial dels Campaments Pedag\u00f2gics d'Esplac","isPartOf":{"@id":"https:\/\/www.esplac.cat\/#website"},"primaryImageOfPage":{"@id":"https:\/\/www.esplac.cat\/primers-campaments-pedagogics-exit\/#primaryimage"},"image":{"@id":"https:\/\/www.esplac.cat\/primers-campaments-pedagogics-exit\/#primaryimage"},"thumbnailUrl":"https:\/\/www.esplac.cat\/wp-content\/uploads\/2021\/06\/portades-web-1.jpg","datePublished":"2021-06-15T11:06:10+00:00","dateModified":"2021-06-15T12:43:31+00:00","description":"Tendes, activitats, din\u00e0miques, gresca, debat, guitarres i reflexi\u00f3 als Campaments Pedag\u00f2gics d'Esplac amb m\u00e9s de 60 monis d'esplai.","breadcrumb":{"@id":"https:\/\/www.esplac.cat\/primers-campaments-pedagogics-exit\/#breadcrumb"},"inLanguage":"es","potentialAction":[{"@type":"ReadAction","target":["https:\/\/www.esplac.cat\/primers-campaments-pedagogics-exit\/"]}]},{"@type":"ImageObject","inLanguage":"es","@id":"https:\/\/www.esplac.cat\/primers-campaments-pedagogics-exit\/#primaryimage","url":"https:\/\/www.esplac.cat\/wp-content\/uploads\/2021\/06\/portades-web-1.jpg","contentUrl":"https:\/\/www.esplac.cat\/wp-content\/uploads\/2021\/06\/portades-web-1.jpg","width":1697,"height":700},{"@type":"BreadcrumbList","@id":"https:\/\/www.esplac.cat\/primers-campaments-pedagogics-exit\/#breadcrumb","itemListElement":[{"@type":"ListItem","position":1,"name":"Inici","item":"https:\/\/www.esplac.cat\/es\/"},{"@type":"ListItem","position":2,"name":"Els primers Campaments Pedag\u00f2gics d&#8217;Esplac han estat tot un \u00e8xit!"}]},{"@type":"WebSite","@id":"https:\/\/www.esplac.cat\/#website","url":"https:\/\/www.esplac.cat\/","name":"Esplac","description":"Esplais Catalans","publisher":{"@id":"https:\/\/www.esplac.cat\/#organization"},"potentialAction":[{"@type":"SearchAction","target":{"@type":"EntryPoint","urlTemplate":"https:\/\/www.esplac.cat\/?s={search_term_string}"},"query-input":{"@type":"PropertyValueSpecification","valueRequired":true,"valueName":"search_term_string"}}],"inLanguage":"es"},{"@type":"Organization","@id":"https:\/\/www.esplac.cat\/#organization","name":"Esplac","url":"https:\/\/www.esplac.cat\/","logo":{"@type":"ImageObject","inLanguage":"es","@id":"https:\/\/www.esplac.cat\/#\/schema\/logo\/image\/","url":"https:\/\/www.esplac.cat\/wp-content\/uploads\/2019\/08\/logox2.png","contentUrl":"https:\/\/www.esplac.cat\/wp-content\/uploads\/2019\/08\/logox2.png","width":600,"height":295,"caption":"Esplac"},"image":{"@id":"https:\/\/www.esplac.cat\/#\/schema\/logo\/image\/"}},{"@type":"Person","@id":"https:\/\/www.esplac.cat\/#\/schema\/person\/908383cf240be18b68f8855d0583faca","name":"Comunicaci\u00f3 Esplac","image":{"@type":"ImageObject","inLanguage":"es","@id":"https:\/\/secure.gravatar.com\/avatar\/7a4cf8feb412a76ea4a740ca02d95b06b2907b5a6c648c2dd0a1082a093c3141?s=96&d=mm&r=g","url":"https:\/\/secure.gravatar.com\/avatar\/7a4cf8feb412a76ea4a740ca02d95b06b2907b5a6c648c2dd0a1082a093c3141?s=96&d=mm&r=g","contentUrl":"https:\/\/secure.gravatar.com\/avatar\/7a4cf8feb412a76ea4a740ca02d95b06b2907b5a6c648c2dd0a1082a093c3141?s=96&d=mm&r=g","caption":"Comunicaci\u00f3 Esplac"}}]}},"_links":{"self":[{"href":"https:\/\/www.esplac.cat\/es\/wp-json\/wp\/v2\/posts\/36686","targetHints":{"allow":["GET"]}}],"collection":[{"href":"https:\/\/www.esplac.cat\/es\/wp-json\/wp\/v2\/posts"}],"about":[{"href":"https:\/\/www.esplac.cat\/es\/wp-json\/wp\/v2\/types\/post"}],"author":[{"embeddable":true,"href":"https:\/\/www.esplac.cat\/es\/wp-json\/wp\/v2\/users\/3"}],"replies":[{"embeddable":true,"href":"https:\/\/www.esplac.cat\/es\/wp-json\/wp\/v2\/comments?post=36686"}],"version-history":[{"count":0,"href":"https:\/\/www.esplac.cat\/es\/wp-json\/wp\/v2\/posts\/36686\/revisions"}],"wp:featuredmedia":[{"embeddable":true,"href":"https:\/\/www.esplac.cat\/es\/wp-json\/wp\/v2\/media\/36687"}],"wp:attachment":[{"href":"https:\/\/www.esplac.cat\/es\/wp-json\/wp\/v2\/media?parent=36686"}],"wp:term":[{"taxonomy":"category","embeddable":true,"href":"https:\/\/www.esplac.cat\/es\/wp-json\/wp\/v2\/categories?post=36686"},{"taxonomy":"post_tag","embeddable":true,"href":"https:\/\/www.esplac.cat\/es\/wp-json\/wp\/v2\/tags?post=36686"}],"curies":[{"name":"wp","href":"https:\/\/api.w.org\/{rel}","templated":true}]}}