{"id":36968,"date":"2021-09-13T12:55:29","date_gmt":"2021-09-13T11:55:29","guid":{"rendered":"https:\/\/www.esplac.cat\/?p=36968"},"modified":"2021-09-13T12:57:23","modified_gmt":"2021-09-13T11:57:23","slug":"esplais-activitats-estiu-segures-necessaries","status":"publish","type":"post","link":"https:\/\/www.esplac.cat\/es\/esplais-activitats-estiu-segures-necessaries\/","title":{"rendered":"Un estiu m\u00e9s, els esplais demostren que les activitats d\u2019estiu s\u00f3n segures i necess\u00e0ries"},"content":{"rendered":"<h6><strong>M\u00e9s de 80 esplais d&#8217;Esplac d\u2019arreu del territori han fet campaments, col\u00f2nies o rutes durant aquests mesos d\u2019estiu. <\/strong><strong>Ha estat un estiu at\u00edpic per les precaucions contra la COVID-19, per\u00f2 ple de bones sensacions i aprenentatges en un total de gaireb\u00e9 190 activitats d\u2019educaci\u00f3 en el lleure.<\/strong><\/h6>\n<p>Malgrat la pand\u00e8mia, un cop m\u00e9s, hem volgut seguir fent les activitat d&#8217;estiu d\u2019una manera segura, respectant totes les mesures sanit\u00e0ries i amb la voluntat que aquestes tinguessin el menor impacte en la qualitat pedag\u00f2gica de les activitats.<\/p>\n<p>A mitjans d\u2019estiu la Generalitat va facilitar proves massives de TAR (test d\u2019ant\u00edgens r\u00e0pid) per realitzar-les abans de les activitats d\u2019estiu dels esplais. Aix\u00f2 va facilitar la detecci\u00f3 pr\u00e8via de casos asintom\u00e0tics i que les activitats es portessin de forma m\u00e9s segura.<\/p>\n<h6><strong>Els campaments, l\u2019opci\u00f3 m\u00e9s escollida<\/strong><\/h6>\n<p>L\u2019opci\u00f3 m\u00e9s escollida durant aquest estiu pels esplais ha estat la de <strong>campaments<\/strong>, seguit per les rutes. Aquestes \u00faltimes s\u2019han realitzat tant dins del territori catal\u00e0 com fora. Uns dels llocs m\u00e9s concorreguts per les rutes han estat Menorca, Gal\u00edcia o el Pa\u00eds Basc. Les col\u00f2nies tamb\u00e9 han continuat sent una de les activitats principals dels esplais, per\u00f2 molts han optat per reduir grups o adaptar-les a terrenys d\u2019acampada m\u00e9s assequibles, per tal de reduir costos i complir mesures sanit\u00e0ries.<\/p>\n<p>Tots els<span style=\"color: #ff9900;\"><a style=\"color: #ff9900;\" href=\"https:\/\/www.esplac.cat\/sectors-geografics\/\" target=\"_blank\" rel=\"noopener noreferrer\"> sectors geogr\u00e0fics d&#8217;Esplac<\/a><\/span> han pogut fer activitats d\u2019estiu. Entre les sensacions de cada \u00e0rea territorial hi ha una impressi\u00f3 global d\u2019\u00e8xit.<\/p>\n<h6><strong>Les activitats d\u2019estiu, sector a sector<\/strong><\/h6>\n<p>Els esplais del <strong>Bages i Bergued\u00e0<\/strong> han fet 10 campaments, 9 col\u00f2nies i 5 rutes. Es mostren contents perqu\u00e8 despr\u00e9s d&#8217;un any tan complicat han pogut trobar-se i fer activitat malgrat les circumst\u00e0ncies. Tanmateix, al <strong>Ripoll\u00e8s, Osona i Moian\u00e8s<\/strong> han fet les tres modalitats d\u2019activitat i comparteixen les ganes col\u00b7lectives que tenien de poder fer alguna activitat, despr\u00e9s d&#8217;un any tan complicat i incert.<\/p>\n<p>El <strong>Sector Girona<\/strong> s\u2019ha decantat per fer campaments i rutes a difer\u00e8ncia del <strong>Sector Camp de Tarragona<\/strong> on hi han predominat les col\u00f2nies a Vilablareix, Girona i la Rasquera.<\/p>\n<p>Al <strong>Sector Pened\u00e8s, Garraf i Anoia<\/strong> han pogut marxar fora de ruta. A m\u00e9s, diversos grups han gaudit de cases de col\u00f2nies i campaments. Destaca tamb\u00e9 el <strong>Sector Baix Llobregat<\/strong> amb 10 grups de col\u00f2nies, 8 han anat de campaments i 18 han gaudit d&#8217;una ruta per llocs com Formentera, Fran\u00e7a, l&#8217;Empord\u00e0, Ast\u00faries, Menorca, Gal\u00edcia i el Pa\u00eds Basc.<\/p>\n<p>Pel que fa als esplais de <strong>Barcelona<\/strong> podem comptabilitzar que 9 esplais han fet col\u00f2nies, 14 esplais han fet campaments i 6 rutes. La mateixa empenta que la del <strong>Baix Bes\u00f2s<\/strong>, amb els esplais molt actius durant tot l\u2019estiu.<\/p>\n<p>Al <strong>Sector Maresme<\/strong> hi ha hagut un total de 16 activitats d&#8217;estiu: 7 rutes, 6 campaments i 3 col\u00f2nies. En general senten que la valoraci\u00f3 \u00e9s molt bona i que s&#8217;han pogut dur a terme les activitats malgrat les condicions estranyes i adverses de la Covid-19, incendis i inundacions que s\u2019han donat durant l\u2019estiu.<\/p>\n<p>Finalment, els sectors <strong>Vall\u00e8s Occidental<\/strong> i<strong> Vall\u00e8s Oriental<\/strong> han tingut un estiu ple d&#8217;activitats de lleure, on destaquen de nou les rutes i els campaments amb destinacions ben diverses dins i fora de Catalunya.<\/p>\n<h6><strong>Un estiu de reptes per l\u2019educaci\u00f3 en el lleure<\/strong><\/h6>\n<p>Cal destacar que, malgrat les mesures i els tests d&#8217;ant\u00edgens prevists a les activitats, la Covid-19 ha afectat de manera lleu a alguns esplais fent que s\u2019anul\u00b7les l&#8217;activitat, aix\u00ed com l\u2019alerta d\u2019incendis ha provocat algun canvi de recorregut a les rutes.<\/p>\n<p>Ha estat un estiu on els monitors i monitores voluntaris dels esplais han hagut d&#8217;<strong>adaptar activitats i repensar maneres de fer<\/strong>, per tal de garantir que els infants i joves dels esplais poguessin seguir accedint a una educaci\u00f3 no formal, basada en les experi\u00e8ncies, els jocs i en el foment de l\u2019esperit cr\u00edtic.<\/p>\n<p>A trets generals, ha estat un estiu ple d\u2019activitats que mostren un cop m\u00e9s que l\u2019esplai \u00e9s segur. Hem tornat a demostrar que la tasca pedag\u00f2gica dels esplais a l\u2019estiu, i durant tot l\u2019any, \u00e9s imprescindible.<\/p>\n<p><img decoding=\"async\" class=\"aligncenter wp-image-36986\" src=\"https:\/\/www.esplac.cat\/wp-content\/uploads\/2021\/09\/2-scaled.jpg\" alt=\"\" width=\"468\" height=\"351\" srcset=\"https:\/\/www.esplac.cat\/wp-content\/uploads\/2021\/09\/2-200x150.jpg 200w, https:\/\/www.esplac.cat\/wp-content\/uploads\/2021\/09\/2-300x225.jpg 300w, https:\/\/www.esplac.cat\/wp-content\/uploads\/2021\/09\/2-400x300.jpg 400w, https:\/\/www.esplac.cat\/wp-content\/uploads\/2021\/09\/2-600x450.jpg 600w, https:\/\/www.esplac.cat\/wp-content\/uploads\/2021\/09\/2-768x576.jpg 768w, https:\/\/www.esplac.cat\/wp-content\/uploads\/2021\/09\/2-800x600.jpg 800w, https:\/\/www.esplac.cat\/wp-content\/uploads\/2021\/09\/2-1024x768.jpg 1024w, https:\/\/www.esplac.cat\/wp-content\/uploads\/2021\/09\/2-1200x900.jpg 1200w, https:\/\/www.esplac.cat\/wp-content\/uploads\/2021\/09\/2-1536x1152.jpg 1536w, https:\/\/www.esplac.cat\/wp-content\/uploads\/2021\/09\/2-scaled.jpg 2560w\" sizes=\"(max-width: 468px) 100vw, 468px\" \/><\/p>\n<p><img decoding=\"async\" class=\"aligncenter wp-image-36989\" src=\"https:\/\/www.esplac.cat\/wp-content\/uploads\/2021\/09\/1-scaled.jpg\" alt=\"\" width=\"468\" height=\"351\" srcset=\"https:\/\/www.esplac.cat\/wp-content\/uploads\/2021\/09\/1-200x150.jpg 200w, https:\/\/www.esplac.cat\/wp-content\/uploads\/2021\/09\/1-300x225.jpg 300w, https:\/\/www.esplac.cat\/wp-content\/uploads\/2021\/09\/1-400x300.jpg 400w, https:\/\/www.esplac.cat\/wp-content\/uploads\/2021\/09\/1-600x450.jpg 600w, https:\/\/www.esplac.cat\/wp-content\/uploads\/2021\/09\/1-768x576.jpg 768w, https:\/\/www.esplac.cat\/wp-content\/uploads\/2021\/09\/1-800x600.jpg 800w, https:\/\/www.esplac.cat\/wp-content\/uploads\/2021\/09\/1-1024x768.jpg 1024w, https:\/\/www.esplac.cat\/wp-content\/uploads\/2021\/09\/1-1200x900.jpg 1200w, https:\/\/www.esplac.cat\/wp-content\/uploads\/2021\/09\/1-1536x1152.jpg 1536w, https:\/\/www.esplac.cat\/wp-content\/uploads\/2021\/09\/1-scaled.jpg 2560w\" sizes=\"(max-width: 468px) 100vw, 468px\" \/><\/p>\n<p><em>*Imatges cedides per l&#8217;Esplai El Creixent.\u00a0<\/em><\/p>\n<p>&nbsp;<\/p>\n","protected":false},"excerpt":{"rendered":"<p>M\u00e9s de 80 esplais d&#8217;Esplac d\u2019arreu del territori han fet [&hellip;]<\/p>\n","protected":false},"author":3,"featured_media":36983,"comment_status":"closed","ping_status":"closed","sticky":false,"template":"","format":"standard","meta":{"om_disable_all_campaigns":false,"_monsterinsights_skip_tracking":false,"_monsterinsights_sitenote_active":false,"_monsterinsights_sitenote_note":"","_monsterinsights_sitenote_category":0,"_uf_show_specific_survey":0,"_uf_disable_surveys":false,"footnotes":""},"categories":[1117],"tags":[],"class_list":["post-36968","post","type-post","status-publish","format-standard","has-post-thumbnail","hentry","category-activitats-esplais"],"yoast_head":"<!-- This site is optimized with the Yoast SEO plugin v27.4 - https:\/\/yoast.com\/product\/yoast-seo-wordpress\/ -->\n<title>Els esplais d&#039;Esplac demostren que les activitats d\u2019estiu s\u00f3n segures<\/title>\n<meta name=\"description\" content=\"Ha estat un estiu at\u00edpic per la COVID-19, per\u00f2 ple d&#039;aprenentatges a les activitats d&#039;estiu (gaireb\u00e9 190) dels esplais d&#039;Esplac.\" \/>\n<meta name=\"robots\" content=\"index, follow, max-snippet:-1, max-image-preview:large, max-video-preview:-1\" \/>\n<link rel=\"canonical\" href=\"https:\/\/www.esplac.cat\/es\/esplais-activitats-estiu-segures-necessaries\/\" \/>\n<meta property=\"og:locale\" content=\"es_ES\" \/>\n<meta property=\"og:type\" content=\"article\" \/>\n<meta property=\"og:title\" content=\"Els esplais d&#039;Esplac demostren que les activitats d\u2019estiu s\u00f3n segures\" \/>\n<meta property=\"og:description\" content=\"Ha estat un estiu at\u00edpic per la COVID-19, per\u00f2 ple d&#039;aprenentatges a les activitats d&#039;estiu (gaireb\u00e9 190) dels esplais d&#039;Esplac.\" \/>\n<meta property=\"og:url\" content=\"https:\/\/www.esplac.cat\/es\/esplais-activitats-estiu-segures-necessaries\/\" \/>\n<meta property=\"og:site_name\" content=\"Esplac\" \/>\n<meta property=\"article:published_time\" content=\"2021-09-13T11:55:29+00:00\" \/>\n<meta property=\"article:modified_time\" content=\"2021-09-13T11:57:23+00:00\" \/>\n<meta property=\"og:image\" content=\"https:\/\/www.esplac.cat\/wp-content\/uploads\/2021\/09\/Estiu_portada.jpg\" \/>\n\t<meta property=\"og:image:width\" content=\"1697\" \/>\n\t<meta property=\"og:image:height\" content=\"700\" \/>\n\t<meta property=\"og:image:type\" content=\"image\/jpeg\" \/>\n<meta name=\"author\" content=\"Comunicaci\u00f3 Esplac\" \/>\n<meta name=\"twitter:card\" content=\"summary_large_image\" \/>\n<meta name=\"twitter:label1\" content=\"Escrito por\" \/>\n\t<meta name=\"twitter:data1\" content=\"Comunicaci\u00f3 Esplac\" \/>\n\t<meta name=\"twitter:label2\" content=\"Tiempo de lectura\" \/>\n\t<meta name=\"twitter:data2\" content=\"4 minutos\" \/>\n<script type=\"application\/ld+json\" class=\"yoast-schema-graph\">{\"@context\":\"https:\\\/\\\/schema.org\",\"@graph\":[{\"@type\":\"Article\",\"@id\":\"https:\\\/\\\/www.esplac.cat\\\/es\\\/esplais-activitats-estiu-segures-necessaries\\\/#article\",\"isPartOf\":{\"@id\":\"https:\\\/\\\/www.esplac.cat\\\/es\\\/esplais-activitats-estiu-segures-necessaries\\\/\"},\"author\":{\"name\":\"Comunicaci\u00f3 Esplac\",\"@id\":\"https:\\\/\\\/www.esplac.cat\\\/#\\\/schema\\\/person\\\/908383cf240be18b68f8855d0583faca\"},\"headline\":\"Un estiu m\u00e9s, els esplais demostren que les activitats d\u2019estiu s\u00f3n segures i necess\u00e0ries\",\"datePublished\":\"2021-09-13T11:55:29+00:00\",\"dateModified\":\"2021-09-13T11:57:23+00:00\",\"mainEntityOfPage\":{\"@id\":\"https:\\\/\\\/www.esplac.cat\\\/es\\\/esplais-activitats-estiu-segures-necessaries\\\/\"},\"wordCount\":760,\"publisher\":{\"@id\":\"https:\\\/\\\/www.esplac.cat\\\/#organization\"},\"image\":{\"@id\":\"https:\\\/\\\/www.esplac.cat\\\/es\\\/esplais-activitats-estiu-segures-necessaries\\\/#primaryimage\"},\"thumbnailUrl\":\"https:\\\/\\\/www.esplac.cat\\\/wp-content\\\/uploads\\\/2021\\\/09\\\/Estiu_portada.jpg\",\"articleSection\":[\"Activitats esplais\"],\"inLanguage\":\"es\"},{\"@type\":\"WebPage\",\"@id\":\"https:\\\/\\\/www.esplac.cat\\\/es\\\/esplais-activitats-estiu-segures-necessaries\\\/\",\"url\":\"https:\\\/\\\/www.esplac.cat\\\/es\\\/esplais-activitats-estiu-segures-necessaries\\\/\",\"name\":\"Els esplais d'Esplac demostren que les activitats d\u2019estiu s\u00f3n segures\",\"isPartOf\":{\"@id\":\"https:\\\/\\\/www.esplac.cat\\\/#website\"},\"primaryImageOfPage\":{\"@id\":\"https:\\\/\\\/www.esplac.cat\\\/es\\\/esplais-activitats-estiu-segures-necessaries\\\/#primaryimage\"},\"image\":{\"@id\":\"https:\\\/\\\/www.esplac.cat\\\/es\\\/esplais-activitats-estiu-segures-necessaries\\\/#primaryimage\"},\"thumbnailUrl\":\"https:\\\/\\\/www.esplac.cat\\\/wp-content\\\/uploads\\\/2021\\\/09\\\/Estiu_portada.jpg\",\"datePublished\":\"2021-09-13T11:55:29+00:00\",\"dateModified\":\"2021-09-13T11:57:23+00:00\",\"description\":\"Ha estat un estiu at\u00edpic per la COVID-19, per\u00f2 ple d'aprenentatges a les activitats d'estiu (gaireb\u00e9 190) dels esplais d'Esplac.\",\"breadcrumb\":{\"@id\":\"https:\\\/\\\/www.esplac.cat\\\/es\\\/esplais-activitats-estiu-segures-necessaries\\\/#breadcrumb\"},\"inLanguage\":\"es\",\"potentialAction\":[{\"@type\":\"ReadAction\",\"target\":[\"https:\\\/\\\/www.esplac.cat\\\/es\\\/esplais-activitats-estiu-segures-necessaries\\\/\"]}]},{\"@type\":\"ImageObject\",\"inLanguage\":\"es\",\"@id\":\"https:\\\/\\\/www.esplac.cat\\\/es\\\/esplais-activitats-estiu-segures-necessaries\\\/#primaryimage\",\"url\":\"https:\\\/\\\/www.esplac.cat\\\/wp-content\\\/uploads\\\/2021\\\/09\\\/Estiu_portada.jpg\",\"contentUrl\":\"https:\\\/\\\/www.esplac.cat\\\/wp-content\\\/uploads\\\/2021\\\/09\\\/Estiu_portada.jpg\",\"width\":1697,\"height\":700,\"caption\":\"les activitats d'estiu\"},{\"@type\":\"BreadcrumbList\",\"@id\":\"https:\\\/\\\/www.esplac.cat\\\/es\\\/esplais-activitats-estiu-segures-necessaries\\\/#breadcrumb\",\"itemListElement\":[{\"@type\":\"ListItem\",\"position\":1,\"name\":\"Inici\",\"item\":\"https:\\\/\\\/www.esplac.cat\\\/es\\\/\"},{\"@type\":\"ListItem\",\"position\":2,\"name\":\"Un estiu m\u00e9s, els esplais demostren que les activitats d\u2019estiu s\u00f3n segures i necess\u00e0ries\"}]},{\"@type\":\"WebSite\",\"@id\":\"https:\\\/\\\/www.esplac.cat\\\/#website\",\"url\":\"https:\\\/\\\/www.esplac.cat\\\/\",\"name\":\"Esplac\",\"description\":\"Esplais Catalans\",\"publisher\":{\"@id\":\"https:\\\/\\\/www.esplac.cat\\\/#organization\"},\"potentialAction\":[{\"@type\":\"SearchAction\",\"target\":{\"@type\":\"EntryPoint\",\"urlTemplate\":\"https:\\\/\\\/www.esplac.cat\\\/?s={search_term_string}\"},\"query-input\":{\"@type\":\"PropertyValueSpecification\",\"valueRequired\":true,\"valueName\":\"search_term_string\"}}],\"inLanguage\":\"es\"},{\"@type\":\"Organization\",\"@id\":\"https:\\\/\\\/www.esplac.cat\\\/#organization\",\"name\":\"Esplac\",\"url\":\"https:\\\/\\\/www.esplac.cat\\\/\",\"logo\":{\"@type\":\"ImageObject\",\"inLanguage\":\"es\",\"@id\":\"https:\\\/\\\/www.esplac.cat\\\/#\\\/schema\\\/logo\\\/image\\\/\",\"url\":\"https:\\\/\\\/www.esplac.cat\\\/wp-content\\\/uploads\\\/2019\\\/08\\\/logox2.png\",\"contentUrl\":\"https:\\\/\\\/www.esplac.cat\\\/wp-content\\\/uploads\\\/2019\\\/08\\\/logox2.png\",\"width\":600,\"height\":295,\"caption\":\"Esplac\"},\"image\":{\"@id\":\"https:\\\/\\\/www.esplac.cat\\\/#\\\/schema\\\/logo\\\/image\\\/\"}},{\"@type\":\"Person\",\"@id\":\"https:\\\/\\\/www.esplac.cat\\\/#\\\/schema\\\/person\\\/908383cf240be18b68f8855d0583faca\",\"name\":\"Comunicaci\u00f3 Esplac\",\"image\":{\"@type\":\"ImageObject\",\"inLanguage\":\"es\",\"@id\":\"https:\\\/\\\/secure.gravatar.com\\\/avatar\\\/7a4cf8feb412a76ea4a740ca02d95b06b2907b5a6c648c2dd0a1082a093c3141?s=96&d=mm&r=g\",\"url\":\"https:\\\/\\\/secure.gravatar.com\\\/avatar\\\/7a4cf8feb412a76ea4a740ca02d95b06b2907b5a6c648c2dd0a1082a093c3141?s=96&d=mm&r=g\",\"contentUrl\":\"https:\\\/\\\/secure.gravatar.com\\\/avatar\\\/7a4cf8feb412a76ea4a740ca02d95b06b2907b5a6c648c2dd0a1082a093c3141?s=96&d=mm&r=g\",\"caption\":\"Comunicaci\u00f3 Esplac\"}}]}<\/script>\n<!-- \/ Yoast SEO plugin. -->","yoast_head_json":{"title":"Els esplais d'Esplac demostren que les activitats d\u2019estiu s\u00f3n segures","description":"Ha estat un estiu at\u00edpic per la COVID-19, per\u00f2 ple d'aprenentatges a les activitats d'estiu (gaireb\u00e9 190) dels esplais d'Esplac.","robots":{"index":"index","follow":"follow","max-snippet":"max-snippet:-1","max-image-preview":"max-image-preview:large","max-video-preview":"max-video-preview:-1"},"canonical":"https:\/\/www.esplac.cat\/es\/esplais-activitats-estiu-segures-necessaries\/","og_locale":"es_ES","og_type":"article","og_title":"Els esplais d'Esplac demostren que les activitats d\u2019estiu s\u00f3n segures","og_description":"Ha estat un estiu at\u00edpic per la COVID-19, per\u00f2 ple d'aprenentatges a les activitats d'estiu (gaireb\u00e9 190) dels esplais d'Esplac.","og_url":"https:\/\/www.esplac.cat\/es\/esplais-activitats-estiu-segures-necessaries\/","og_site_name":"Esplac","article_published_time":"2021-09-13T11:55:29+00:00","article_modified_time":"2021-09-13T11:57:23+00:00","og_image":[{"width":1697,"height":700,"url":"https:\/\/www.esplac.cat\/wp-content\/uploads\/2021\/09\/Estiu_portada.jpg","type":"image\/jpeg"}],"author":"Comunicaci\u00f3 Esplac","twitter_card":"summary_large_image","twitter_misc":{"Escrito por":"Comunicaci\u00f3 Esplac","Tiempo de lectura":"4 minutos"},"schema":{"@context":"https:\/\/schema.org","@graph":[{"@type":"Article","@id":"https:\/\/www.esplac.cat\/es\/esplais-activitats-estiu-segures-necessaries\/#article","isPartOf":{"@id":"https:\/\/www.esplac.cat\/es\/esplais-activitats-estiu-segures-necessaries\/"},"author":{"name":"Comunicaci\u00f3 Esplac","@id":"https:\/\/www.esplac.cat\/#\/schema\/person\/908383cf240be18b68f8855d0583faca"},"headline":"Un estiu m\u00e9s, els esplais demostren que les activitats d\u2019estiu s\u00f3n segures i necess\u00e0ries","datePublished":"2021-09-13T11:55:29+00:00","dateModified":"2021-09-13T11:57:23+00:00","mainEntityOfPage":{"@id":"https:\/\/www.esplac.cat\/es\/esplais-activitats-estiu-segures-necessaries\/"},"wordCount":760,"publisher":{"@id":"https:\/\/www.esplac.cat\/#organization"},"image":{"@id":"https:\/\/www.esplac.cat\/es\/esplais-activitats-estiu-segures-necessaries\/#primaryimage"},"thumbnailUrl":"https:\/\/www.esplac.cat\/wp-content\/uploads\/2021\/09\/Estiu_portada.jpg","articleSection":["Activitats esplais"],"inLanguage":"es"},{"@type":"WebPage","@id":"https:\/\/www.esplac.cat\/es\/esplais-activitats-estiu-segures-necessaries\/","url":"https:\/\/www.esplac.cat\/es\/esplais-activitats-estiu-segures-necessaries\/","name":"Els esplais d'Esplac demostren que les activitats d\u2019estiu s\u00f3n segures","isPartOf":{"@id":"https:\/\/www.esplac.cat\/#website"},"primaryImageOfPage":{"@id":"https:\/\/www.esplac.cat\/es\/esplais-activitats-estiu-segures-necessaries\/#primaryimage"},"image":{"@id":"https:\/\/www.esplac.cat\/es\/esplais-activitats-estiu-segures-necessaries\/#primaryimage"},"thumbnailUrl":"https:\/\/www.esplac.cat\/wp-content\/uploads\/2021\/09\/Estiu_portada.jpg","datePublished":"2021-09-13T11:55:29+00:00","dateModified":"2021-09-13T11:57:23+00:00","description":"Ha estat un estiu at\u00edpic per la COVID-19, per\u00f2 ple d'aprenentatges a les activitats d'estiu (gaireb\u00e9 190) dels esplais d'Esplac.","breadcrumb":{"@id":"https:\/\/www.esplac.cat\/es\/esplais-activitats-estiu-segures-necessaries\/#breadcrumb"},"inLanguage":"es","potentialAction":[{"@type":"ReadAction","target":["https:\/\/www.esplac.cat\/es\/esplais-activitats-estiu-segures-necessaries\/"]}]},{"@type":"ImageObject","inLanguage":"es","@id":"https:\/\/www.esplac.cat\/es\/esplais-activitats-estiu-segures-necessaries\/#primaryimage","url":"https:\/\/www.esplac.cat\/wp-content\/uploads\/2021\/09\/Estiu_portada.jpg","contentUrl":"https:\/\/www.esplac.cat\/wp-content\/uploads\/2021\/09\/Estiu_portada.jpg","width":1697,"height":700,"caption":"les activitats d'estiu"},{"@type":"BreadcrumbList","@id":"https:\/\/www.esplac.cat\/es\/esplais-activitats-estiu-segures-necessaries\/#breadcrumb","itemListElement":[{"@type":"ListItem","position":1,"name":"Inici","item":"https:\/\/www.esplac.cat\/es\/"},{"@type":"ListItem","position":2,"name":"Un estiu m\u00e9s, els esplais demostren que les activitats d\u2019estiu s\u00f3n segures i necess\u00e0ries"}]},{"@type":"WebSite","@id":"https:\/\/www.esplac.cat\/#website","url":"https:\/\/www.esplac.cat\/","name":"Esplac","description":"Esplais Catalans","publisher":{"@id":"https:\/\/www.esplac.cat\/#organization"},"potentialAction":[{"@type":"SearchAction","target":{"@type":"EntryPoint","urlTemplate":"https:\/\/www.esplac.cat\/?s={search_term_string}"},"query-input":{"@type":"PropertyValueSpecification","valueRequired":true,"valueName":"search_term_string"}}],"inLanguage":"es"},{"@type":"Organization","@id":"https:\/\/www.esplac.cat\/#organization","name":"Esplac","url":"https:\/\/www.esplac.cat\/","logo":{"@type":"ImageObject","inLanguage":"es","@id":"https:\/\/www.esplac.cat\/#\/schema\/logo\/image\/","url":"https:\/\/www.esplac.cat\/wp-content\/uploads\/2019\/08\/logox2.png","contentUrl":"https:\/\/www.esplac.cat\/wp-content\/uploads\/2019\/08\/logox2.png","width":600,"height":295,"caption":"Esplac"},"image":{"@id":"https:\/\/www.esplac.cat\/#\/schema\/logo\/image\/"}},{"@type":"Person","@id":"https:\/\/www.esplac.cat\/#\/schema\/person\/908383cf240be18b68f8855d0583faca","name":"Comunicaci\u00f3 Esplac","image":{"@type":"ImageObject","inLanguage":"es","@id":"https:\/\/secure.gravatar.com\/avatar\/7a4cf8feb412a76ea4a740ca02d95b06b2907b5a6c648c2dd0a1082a093c3141?s=96&d=mm&r=g","url":"https:\/\/secure.gravatar.com\/avatar\/7a4cf8feb412a76ea4a740ca02d95b06b2907b5a6c648c2dd0a1082a093c3141?s=96&d=mm&r=g","contentUrl":"https:\/\/secure.gravatar.com\/avatar\/7a4cf8feb412a76ea4a740ca02d95b06b2907b5a6c648c2dd0a1082a093c3141?s=96&d=mm&r=g","caption":"Comunicaci\u00f3 Esplac"}}]}},"_links":{"self":[{"href":"https:\/\/www.esplac.cat\/es\/wp-json\/wp\/v2\/posts\/36968","targetHints":{"allow":["GET"]}}],"collection":[{"href":"https:\/\/www.esplac.cat\/es\/wp-json\/wp\/v2\/posts"}],"about":[{"href":"https:\/\/www.esplac.cat\/es\/wp-json\/wp\/v2\/types\/post"}],"author":[{"embeddable":true,"href":"https:\/\/www.esplac.cat\/es\/wp-json\/wp\/v2\/users\/3"}],"replies":[{"embeddable":true,"href":"https:\/\/www.esplac.cat\/es\/wp-json\/wp\/v2\/comments?post=36968"}],"version-history":[{"count":0,"href":"https:\/\/www.esplac.cat\/es\/wp-json\/wp\/v2\/posts\/36968\/revisions"}],"wp:featuredmedia":[{"embeddable":true,"href":"https:\/\/www.esplac.cat\/es\/wp-json\/wp\/v2\/media\/36983"}],"wp:attachment":[{"href":"https:\/\/www.esplac.cat\/es\/wp-json\/wp\/v2\/media?parent=36968"}],"wp:term":[{"taxonomy":"category","embeddable":true,"href":"https:\/\/www.esplac.cat\/es\/wp-json\/wp\/v2\/categories?post=36968"},{"taxonomy":"post_tag","embeddable":true,"href":"https:\/\/www.esplac.cat\/es\/wp-json\/wp\/v2\/tags?post=36968"}],"curies":[{"name":"wp","href":"https:\/\/api.w.org\/{rel}","templated":true}]}}