{"id":36994,"date":"2021-09-14T12:34:21","date_gmt":"2021-09-14T11:34:21","guid":{"rendered":"https:\/\/www.esplac.cat\/?p=36994"},"modified":"2021-09-14T12:34:21","modified_gmt":"2021-09-14T11:34:21","slug":"training-internacional-alemanya-education-social-change","status":"publish","type":"post","link":"https:\/\/www.esplac.cat\/es\/training-internacional-alemanya-education-social-change\/","title":{"rendered":"Training internacional a Alemanya: \u201cEducation for social change\u201d"},"content":{"rendered":"<h6><strong>Del 17 al 23 d\u2019octubre el Centre Kurt Low\u00ebnstein (Berl\u00edn) organitza un training formatiu sobre educaci\u00f3 no formal, l'\u00bbEducation for social change\u00bb.<\/strong><\/h6>\n<p><span style=\"font-weight: 400;\">El <span style=\"color: #ff9900;\"><a style=\"color: #ff9900;\" href=\"https:\/\/www.kurt-loewenstein.de\/en\" target=\"_blank\" rel=\"noopener noreferrer\">Centre Kurt L\u00f6wenstein<\/a><\/span> de l\u2019entitat SJD-Die Falken d\u2019Alemanya \u00e9s l\u2019entitat que organitza la Summer School, la Winter School i la Queer Easter, entre altres activitats. Fa m\u00e9s de 20 anys que organitza tot tipus de <\/span><b>seminaris que fomenten la reflexi\u00f3, l\u2019activisme i la solidaritat internacional amb l\u2019objectiu de transformar la societat<\/b><span style=\"font-weight: 400;\">.\u00a0<\/span><\/p>\n<p><span style=\"font-weight: 400;\">Per a l\u2019organitzaci\u00f3 \u00e9s important que aquests <\/span><i><span style=\"font-weight: 400;\">trainings <\/span><\/i><span style=\"font-weight: 400;\">els preparin un equip de persones internacional que tinguin diferents perspectives i experi\u00e8ncies, per tal de sumar i aprendre de les diferents realitats de cadasc\u00fa. Aquest equip internacional est\u00e0 format per membres actius de diferents associacions. Es troben regularment i desenvolupen idees per a les trobades.<\/span><\/p>\n<p><span style=\"font-weight: 400;\">El seminari \u201cEducation for social change\u201d est\u00e0 adre\u00e7at tant per aquelles persones que vulguin aprendre sobre els diferents temes que es treballaran aix\u00ed com tamb\u00e9 per aquelles que els agradaria poder formar part de l\u2019equip del centre.<\/span><\/p>\n<p><span style=\"font-weight: 400;\">Es treballar\u00e0:<\/span><\/p>\n<ul>\n<li style=\"font-weight: 400;\" aria-level=\"1\"><span style=\"font-weight: 400;\">Idees i metodologia sobre l\u2019educaci\u00f3 no formal<\/span><\/li>\n<li style=\"font-weight: 400;\" aria-level=\"1\"><span style=\"font-weight: 400;\">Inclusi\u00f3 dels aspectes pol\u00edtics i culturals a les activitats d\u2019educaci\u00f3 no formal<\/span><\/li>\n<li style=\"font-weight: 400;\" aria-level=\"1\"><span style=\"font-weight: 400;\">Coneixements d\u2019educaci\u00f3 socialista<\/span><\/li>\n<li style=\"font-weight: 400;\" aria-level=\"1\"><span style=\"font-weight: 400;\">Educaci\u00f3 reflexiva i antidiscriminat\u00f2ria<\/span><\/li>\n<\/ul>\n<p><b>Quan?<br \/>\n<\/b><span style=\"font-weight: 400;\">Del 17 al 23 d\u2019octubre de 2021<\/span><\/p>\n<p><b>On?<\/b><span style=\"font-weight: 400;\"><br \/>\n<\/span><span style=\"font-weight: 400;\">Kurt L\u00f6wenstein Education Centre, a prop de Berl\u00edn (Alemanya)<\/span><\/p>\n<p><b>Idioma de treball?<\/b><span style=\"font-weight: 400;\"><br \/>\n<\/span><span style=\"font-weight: 400;\">Angl\u00e8s<\/span><\/p>\n<p><b>Cost?<\/b><span style=\"font-weight: 400;\"><br \/>\n<\/span><span style=\"font-weight: 400;\">70 euros per persona participant + vols. Hi ha pot haver reemborsament de vols a confirmar amb l\u2019organitzaci\u00f3 de l\u2019activitat.<\/span><\/p>\n<p><b>Termini de la inscripci\u00f3?<\/b><span style=\"font-weight: 400;\"><br \/>\n26 setembre<\/span><\/p>\n<p><b>Per inscriure\u2019t o demanar m\u00e9s informaci\u00f3:<\/b><span style=\"font-weight: 400;\"> escriu un correu a <a href=\"http:\/\/www.esplac.cat\/internacional\" target=\"_blank\" rel=\"noopener noreferrer\">internacional@esplac.cat<\/a><\/span><\/p>\n","protected":false},"excerpt":{"rendered":"<p>Del 17 al 23 d\u2019octubre el Centre Kurt Low\u00ebnstein (Berl\u00edn) [&hellip;]<\/p>\n","protected":false},"author":3,"featured_media":36996,"comment_status":"closed","ping_status":"closed","sticky":false,"template":"","format":"standard","meta":{"om_disable_all_campaigns":false,"_monsterinsights_skip_tracking":false,"_monsterinsights_sitenote_active":false,"_monsterinsights_sitenote_note":"","_monsterinsights_sitenote_category":0,"_uf_show_specific_survey":0,"_uf_disable_surveys":false,"footnotes":""},"categories":[1112],"tags":[],"class_list":["post-36994","post","type-post","status-publish","format-standard","has-post-thumbnail","hentry","category-esplac-al-mon"],"yoast_head":"<!-- This site is optimized with the Yoast SEO plugin v27.5 - https:\/\/yoast.com\/product\/yoast-seo-wordpress\/ -->\n<title>Training internacional a Alemanya: \u201cEducation for social change\u201d - Esplac<\/title>\n<meta name=\"description\" content=\"Del 17 al 23 d\u2019octubre el Centre Kurt Low\u00ebnstein (Berl\u00edn) organitza un training formatiu, l&#039;&quot;Education for social change&quot;.\" \/>\n<meta name=\"robots\" content=\"index, follow, max-snippet:-1, max-image-preview:large, max-video-preview:-1\" \/>\n<link rel=\"canonical\" href=\"https:\/\/www.esplac.cat\/en\/training-internacional-alemanya-education-social-change\/\" \/>\n<meta property=\"og:locale\" content=\"es_ES\" \/>\n<meta property=\"og:type\" content=\"article\" \/>\n<meta property=\"og:title\" content=\"Training internacional a Alemanya: \u201cEducation for social change\u201d - Esplac\" \/>\n<meta property=\"og:description\" content=\"Del 17 al 23 d\u2019octubre el Centre Kurt Low\u00ebnstein (Berl\u00edn) organitza un training formatiu, l&#039;&quot;Education for social change&quot;.\" \/>\n<meta property=\"og:url\" content=\"https:\/\/www.esplac.cat\/en\/training-internacional-alemanya-education-social-change\/\" \/>\n<meta property=\"og:site_name\" content=\"Esplac\" \/>\n<meta property=\"article:published_time\" content=\"2021-09-14T11:34:21+00:00\" \/>\n<meta property=\"og:image\" content=\"https:\/\/www.esplac.cat\/wp-content\/uploads\/2021\/09\/education.jpg\" \/>\n\t<meta property=\"og:image:width\" content=\"1697\" \/>\n\t<meta property=\"og:image:height\" content=\"700\" \/>\n\t<meta property=\"og:image:type\" content=\"image\/jpeg\" \/>\n<meta name=\"author\" content=\"Comunicaci\u00f3 Esplac\" \/>\n<meta name=\"twitter:card\" content=\"summary_large_image\" \/>\n<meta name=\"twitter:label1\" content=\"Escrito por\" \/>\n\t<meta name=\"twitter:data1\" content=\"Comunicaci\u00f3 Esplac\" \/>\n\t<meta name=\"twitter:label2\" content=\"Tiempo de lectura\" \/>\n\t<meta name=\"twitter:data2\" content=\"1 minuto\" \/>\n<script type=\"application\/ld+json\" class=\"yoast-schema-graph\">{\"@context\":\"https:\\\/\\\/schema.org\",\"@graph\":[{\"@type\":\"Article\",\"@id\":\"https:\\\/\\\/www.esplac.cat\\\/en\\\/training-internacional-alemanya-education-social-change\\\/#article\",\"isPartOf\":{\"@id\":\"https:\\\/\\\/www.esplac.cat\\\/en\\\/training-internacional-alemanya-education-social-change\\\/\"},\"author\":{\"name\":\"Comunicaci\u00f3 Esplac\",\"@id\":\"https:\\\/\\\/www.esplac.cat\\\/#\\\/schema\\\/person\\\/908383cf240be18b68f8855d0583faca\"},\"headline\":\"Training internacional a Alemanya: \u201cEducation for social change\u201d\",\"datePublished\":\"2021-09-14T11:34:21+00:00\",\"mainEntityOfPage\":{\"@id\":\"https:\\\/\\\/www.esplac.cat\\\/en\\\/training-internacional-alemanya-education-social-change\\\/\"},\"wordCount\":282,\"publisher\":{\"@id\":\"https:\\\/\\\/www.esplac.cat\\\/#organization\"},\"image\":{\"@id\":\"https:\\\/\\\/www.esplac.cat\\\/en\\\/training-internacional-alemanya-education-social-change\\\/#primaryimage\"},\"thumbnailUrl\":\"https:\\\/\\\/www.esplac.cat\\\/wp-content\\\/uploads\\\/2021\\\/09\\\/education.jpg\",\"articleSection\":[\"Esplac al m\u00f3n\"],\"inLanguage\":\"es\"},{\"@type\":\"WebPage\",\"@id\":\"https:\\\/\\\/www.esplac.cat\\\/en\\\/training-internacional-alemanya-education-social-change\\\/\",\"url\":\"https:\\\/\\\/www.esplac.cat\\\/en\\\/training-internacional-alemanya-education-social-change\\\/\",\"name\":\"Training internacional a Alemanya: \u201cEducation for social change\u201d - Esplac\",\"isPartOf\":{\"@id\":\"https:\\\/\\\/www.esplac.cat\\\/#website\"},\"primaryImageOfPage\":{\"@id\":\"https:\\\/\\\/www.esplac.cat\\\/en\\\/training-internacional-alemanya-education-social-change\\\/#primaryimage\"},\"image\":{\"@id\":\"https:\\\/\\\/www.esplac.cat\\\/en\\\/training-internacional-alemanya-education-social-change\\\/#primaryimage\"},\"thumbnailUrl\":\"https:\\\/\\\/www.esplac.cat\\\/wp-content\\\/uploads\\\/2021\\\/09\\\/education.jpg\",\"datePublished\":\"2021-09-14T11:34:21+00:00\",\"description\":\"Del 17 al 23 d\u2019octubre el Centre Kurt Low\u00ebnstein (Berl\u00edn) organitza un training formatiu, l'\\\"Education for social change\\\".\",\"breadcrumb\":{\"@id\":\"https:\\\/\\\/www.esplac.cat\\\/en\\\/training-internacional-alemanya-education-social-change\\\/#breadcrumb\"},\"inLanguage\":\"es\",\"potentialAction\":[{\"@type\":\"ReadAction\",\"target\":[\"https:\\\/\\\/www.esplac.cat\\\/en\\\/training-internacional-alemanya-education-social-change\\\/\"]}]},{\"@type\":\"ImageObject\",\"inLanguage\":\"es\",\"@id\":\"https:\\\/\\\/www.esplac.cat\\\/en\\\/training-internacional-alemanya-education-social-change\\\/#primaryimage\",\"url\":\"https:\\\/\\\/www.esplac.cat\\\/wp-content\\\/uploads\\\/2021\\\/09\\\/education.jpg\",\"contentUrl\":\"https:\\\/\\\/www.esplac.cat\\\/wp-content\\\/uploads\\\/2021\\\/09\\\/education.jpg\",\"width\":1697,\"height\":700},{\"@type\":\"BreadcrumbList\",\"@id\":\"https:\\\/\\\/www.esplac.cat\\\/en\\\/training-internacional-alemanya-education-social-change\\\/#breadcrumb\",\"itemListElement\":[{\"@type\":\"ListItem\",\"position\":1,\"name\":\"Inici\",\"item\":\"https:\\\/\\\/www.esplac.cat\\\/es\\\/\"},{\"@type\":\"ListItem\",\"position\":2,\"name\":\"Training internacional a Alemanya: \u201cEducation for social change\u201d\"}]},{\"@type\":\"WebSite\",\"@id\":\"https:\\\/\\\/www.esplac.cat\\\/#website\",\"url\":\"https:\\\/\\\/www.esplac.cat\\\/\",\"name\":\"Esplac\",\"description\":\"Esplais Catalans\",\"publisher\":{\"@id\":\"https:\\\/\\\/www.esplac.cat\\\/#organization\"},\"potentialAction\":[{\"@type\":\"SearchAction\",\"target\":{\"@type\":\"EntryPoint\",\"urlTemplate\":\"https:\\\/\\\/www.esplac.cat\\\/?s={search_term_string}\"},\"query-input\":{\"@type\":\"PropertyValueSpecification\",\"valueRequired\":true,\"valueName\":\"search_term_string\"}}],\"inLanguage\":\"es\"},{\"@type\":\"Organization\",\"@id\":\"https:\\\/\\\/www.esplac.cat\\\/#organization\",\"name\":\"Esplac\",\"url\":\"https:\\\/\\\/www.esplac.cat\\\/\",\"logo\":{\"@type\":\"ImageObject\",\"inLanguage\":\"es\",\"@id\":\"https:\\\/\\\/www.esplac.cat\\\/#\\\/schema\\\/logo\\\/image\\\/\",\"url\":\"https:\\\/\\\/www.esplac.cat\\\/wp-content\\\/uploads\\\/2019\\\/08\\\/logox2.png\",\"contentUrl\":\"https:\\\/\\\/www.esplac.cat\\\/wp-content\\\/uploads\\\/2019\\\/08\\\/logox2.png\",\"width\":600,\"height\":295,\"caption\":\"Esplac\"},\"image\":{\"@id\":\"https:\\\/\\\/www.esplac.cat\\\/#\\\/schema\\\/logo\\\/image\\\/\"}},{\"@type\":\"Person\",\"@id\":\"https:\\\/\\\/www.esplac.cat\\\/#\\\/schema\\\/person\\\/908383cf240be18b68f8855d0583faca\",\"name\":\"Comunicaci\u00f3 Esplac\",\"image\":{\"@type\":\"ImageObject\",\"inLanguage\":\"es\",\"@id\":\"https:\\\/\\\/secure.gravatar.com\\\/avatar\\\/7a4cf8feb412a76ea4a740ca02d95b06b2907b5a6c648c2dd0a1082a093c3141?s=96&d=mm&r=g\",\"url\":\"https:\\\/\\\/secure.gravatar.com\\\/avatar\\\/7a4cf8feb412a76ea4a740ca02d95b06b2907b5a6c648c2dd0a1082a093c3141?s=96&d=mm&r=g\",\"contentUrl\":\"https:\\\/\\\/secure.gravatar.com\\\/avatar\\\/7a4cf8feb412a76ea4a740ca02d95b06b2907b5a6c648c2dd0a1082a093c3141?s=96&d=mm&r=g\",\"caption\":\"Comunicaci\u00f3 Esplac\"}}]}<\/script>\n<!-- \/ Yoast SEO plugin. -->","yoast_head_json":{"title":"Training internacional a Alemanya: \u201cEducation for social change\u201d - Esplac","description":"Del 17 al 23 d\u2019octubre el Centre Kurt Low\u00ebnstein (Berl\u00edn) organitza un training formatiu, l'\"Education for social change\".","robots":{"index":"index","follow":"follow","max-snippet":"max-snippet:-1","max-image-preview":"max-image-preview:large","max-video-preview":"max-video-preview:-1"},"canonical":"https:\/\/www.esplac.cat\/en\/training-internacional-alemanya-education-social-change\/","og_locale":"es_ES","og_type":"article","og_title":"Training internacional a Alemanya: \u201cEducation for social change\u201d - Esplac","og_description":"Del 17 al 23 d\u2019octubre el Centre Kurt Low\u00ebnstein (Berl\u00edn) organitza un training formatiu, l'\"Education for social change\".","og_url":"https:\/\/www.esplac.cat\/en\/training-internacional-alemanya-education-social-change\/","og_site_name":"Esplac","article_published_time":"2021-09-14T11:34:21+00:00","og_image":[{"width":1697,"height":700,"url":"https:\/\/www.esplac.cat\/wp-content\/uploads\/2021\/09\/education.jpg","type":"image\/jpeg"}],"author":"Comunicaci\u00f3 Esplac","twitter_card":"summary_large_image","twitter_misc":{"Escrito por":"Comunicaci\u00f3 Esplac","Tiempo de lectura":"1 minuto"},"schema":{"@context":"https:\/\/schema.org","@graph":[{"@type":"Article","@id":"https:\/\/www.esplac.cat\/en\/training-internacional-alemanya-education-social-change\/#article","isPartOf":{"@id":"https:\/\/www.esplac.cat\/en\/training-internacional-alemanya-education-social-change\/"},"author":{"name":"Comunicaci\u00f3 Esplac","@id":"https:\/\/www.esplac.cat\/#\/schema\/person\/908383cf240be18b68f8855d0583faca"},"headline":"Training internacional a Alemanya: \u201cEducation for social change\u201d","datePublished":"2021-09-14T11:34:21+00:00","mainEntityOfPage":{"@id":"https:\/\/www.esplac.cat\/en\/training-internacional-alemanya-education-social-change\/"},"wordCount":282,"publisher":{"@id":"https:\/\/www.esplac.cat\/#organization"},"image":{"@id":"https:\/\/www.esplac.cat\/en\/training-internacional-alemanya-education-social-change\/#primaryimage"},"thumbnailUrl":"https:\/\/www.esplac.cat\/wp-content\/uploads\/2021\/09\/education.jpg","articleSection":["Esplac al m\u00f3n"],"inLanguage":"es"},{"@type":"WebPage","@id":"https:\/\/www.esplac.cat\/en\/training-internacional-alemanya-education-social-change\/","url":"https:\/\/www.esplac.cat\/en\/training-internacional-alemanya-education-social-change\/","name":"Training internacional a Alemanya: \u201cEducation for social change\u201d - Esplac","isPartOf":{"@id":"https:\/\/www.esplac.cat\/#website"},"primaryImageOfPage":{"@id":"https:\/\/www.esplac.cat\/en\/training-internacional-alemanya-education-social-change\/#primaryimage"},"image":{"@id":"https:\/\/www.esplac.cat\/en\/training-internacional-alemanya-education-social-change\/#primaryimage"},"thumbnailUrl":"https:\/\/www.esplac.cat\/wp-content\/uploads\/2021\/09\/education.jpg","datePublished":"2021-09-14T11:34:21+00:00","description":"Del 17 al 23 d\u2019octubre el Centre Kurt Low\u00ebnstein (Berl\u00edn) organitza un training formatiu, l'\"Education for social change\".","breadcrumb":{"@id":"https:\/\/www.esplac.cat\/en\/training-internacional-alemanya-education-social-change\/#breadcrumb"},"inLanguage":"es","potentialAction":[{"@type":"ReadAction","target":["https:\/\/www.esplac.cat\/en\/training-internacional-alemanya-education-social-change\/"]}]},{"@type":"ImageObject","inLanguage":"es","@id":"https:\/\/www.esplac.cat\/en\/training-internacional-alemanya-education-social-change\/#primaryimage","url":"https:\/\/www.esplac.cat\/wp-content\/uploads\/2021\/09\/education.jpg","contentUrl":"https:\/\/www.esplac.cat\/wp-content\/uploads\/2021\/09\/education.jpg","width":1697,"height":700},{"@type":"BreadcrumbList","@id":"https:\/\/www.esplac.cat\/en\/training-internacional-alemanya-education-social-change\/#breadcrumb","itemListElement":[{"@type":"ListItem","position":1,"name":"Inici","item":"https:\/\/www.esplac.cat\/es\/"},{"@type":"ListItem","position":2,"name":"Training internacional a Alemanya: \u201cEducation for social change\u201d"}]},{"@type":"WebSite","@id":"https:\/\/www.esplac.cat\/#website","url":"https:\/\/www.esplac.cat\/","name":"Esplac","description":"Esplais Catalans","publisher":{"@id":"https:\/\/www.esplac.cat\/#organization"},"potentialAction":[{"@type":"SearchAction","target":{"@type":"EntryPoint","urlTemplate":"https:\/\/www.esplac.cat\/?s={search_term_string}"},"query-input":{"@type":"PropertyValueSpecification","valueRequired":true,"valueName":"search_term_string"}}],"inLanguage":"es"},{"@type":"Organization","@id":"https:\/\/www.esplac.cat\/#organization","name":"Esplac","url":"https:\/\/www.esplac.cat\/","logo":{"@type":"ImageObject","inLanguage":"es","@id":"https:\/\/www.esplac.cat\/#\/schema\/logo\/image\/","url":"https:\/\/www.esplac.cat\/wp-content\/uploads\/2019\/08\/logox2.png","contentUrl":"https:\/\/www.esplac.cat\/wp-content\/uploads\/2019\/08\/logox2.png","width":600,"height":295,"caption":"Esplac"},"image":{"@id":"https:\/\/www.esplac.cat\/#\/schema\/logo\/image\/"}},{"@type":"Person","@id":"https:\/\/www.esplac.cat\/#\/schema\/person\/908383cf240be18b68f8855d0583faca","name":"Comunicaci\u00f3 Esplac","image":{"@type":"ImageObject","inLanguage":"es","@id":"https:\/\/secure.gravatar.com\/avatar\/7a4cf8feb412a76ea4a740ca02d95b06b2907b5a6c648c2dd0a1082a093c3141?s=96&d=mm&r=g","url":"https:\/\/secure.gravatar.com\/avatar\/7a4cf8feb412a76ea4a740ca02d95b06b2907b5a6c648c2dd0a1082a093c3141?s=96&d=mm&r=g","contentUrl":"https:\/\/secure.gravatar.com\/avatar\/7a4cf8feb412a76ea4a740ca02d95b06b2907b5a6c648c2dd0a1082a093c3141?s=96&d=mm&r=g","caption":"Comunicaci\u00f3 Esplac"}}]}},"_links":{"self":[{"href":"https:\/\/www.esplac.cat\/es\/wp-json\/wp\/v2\/posts\/36994","targetHints":{"allow":["GET"]}}],"collection":[{"href":"https:\/\/www.esplac.cat\/es\/wp-json\/wp\/v2\/posts"}],"about":[{"href":"https:\/\/www.esplac.cat\/es\/wp-json\/wp\/v2\/types\/post"}],"author":[{"embeddable":true,"href":"https:\/\/www.esplac.cat\/es\/wp-json\/wp\/v2\/users\/3"}],"replies":[{"embeddable":true,"href":"https:\/\/www.esplac.cat\/es\/wp-json\/wp\/v2\/comments?post=36994"}],"version-history":[{"count":0,"href":"https:\/\/www.esplac.cat\/es\/wp-json\/wp\/v2\/posts\/36994\/revisions"}],"wp:featuredmedia":[{"embeddable":true,"href":"https:\/\/www.esplac.cat\/es\/wp-json\/wp\/v2\/media\/36996"}],"wp:attachment":[{"href":"https:\/\/www.esplac.cat\/es\/wp-json\/wp\/v2\/media?parent=36994"}],"wp:term":[{"taxonomy":"category","embeddable":true,"href":"https:\/\/www.esplac.cat\/es\/wp-json\/wp\/v2\/categories?post=36994"},{"taxonomy":"post_tag","embeddable":true,"href":"https:\/\/www.esplac.cat\/es\/wp-json\/wp\/v2\/tags?post=36994"}],"curies":[{"name":"wp","href":"https:\/\/api.w.org\/{rel}","templated":true}]}}