{"id":37111,"date":"2021-09-16T12:28:57","date_gmt":"2021-09-16T11:28:57","guid":{"rendered":"https:\/\/www.esplac.cat\/?p=37111"},"modified":"2021-11-12T14:12:34","modified_gmt":"2021-11-12T12:12:34","slug":"comunicacio-voluntariat-internacional","status":"publish","type":"post","link":"https:\/\/www.esplac.cat\/es\/comunicacio-voluntariat-internacional\/","title":{"rendered":"Tens experi\u00e8ncia en comunicaci\u00f3 i t\u2019agradaria fer un voluntariat internacional?"},"content":{"rendered":"<div class=\"fusion-fullwidth fullwidth-box fusion-builder-row-1 nonhundred-percent-fullwidth non-hundred-percent-height-scrolling\" style=\"--awb-border-radius-top-left:0px;--awb-border-radius-top-right:0px;--awb-border-radius-bottom-right:0px;--awb-border-radius-bottom-left:0px;--awb-flex-wrap:wrap;\" ><div class=\"fusion-builder-row fusion-row\"><div class=\"fusion-layout-column fusion_builder_column fusion-builder-column-0 fusion_builder_column_1_1 1_1 fusion-one-full fusion-column-first fusion-column-last\" style=\"--awb-bg-size:cover;--awb-margin-bottom:0px;\"><div class=\"fusion-column-wrapper fusion-flex-column-wrapper-legacy\"><div class=\"fusion-text fusion-text-1\"><h6><strong>L\u2019entitat anglesa <i>Woodcraft Folk<\/i>\u00a0ofereix una pla\u00e7a de voluntariat per a formar part de la seva organitzaci\u00f3 durant 12 mesos. Busquen una persona que faci suport en les tasques de comunicaci\u00f3 de l\u2019entitat.<\/strong><\/h6>\n<p><span style=\"font-weight: 400;\">Arriba aquesta nova oportunitat internacional per a cobrir una pla\u00e7a de voluntariat a l&#8217;entitat anglesa <span style=\"color: #ff9900;\"><a style=\"color: #ff9900;\" href=\"https:\/\/www.google.com\/url?q=https:\/\/woodcraft.org.uk\/about&amp;sa=D&amp;source=editors&amp;ust=1631794867085000&amp;usg=AOvVaw3HgR9PIXxAMKWSikwZ4WP6\" target=\"_blank\" rel=\"noopener noreferrer\">Woodcraft Folk<\/a><\/span>. La pla\u00e7a consisteix en fer <strong>suport a la comunicaci\u00f3<\/strong><\/span>: creaci\u00f3 de contingut a xarxes socials, dissenyar l\u2019estrat\u00e8gia comunicativa, actualitzar la p\u00e0gina web, etc. <span style=\"font-weight: 400;\">A m\u00e9s a m\u00e9s, la persona seleccionada<strong>\u00a0tindr\u00e0 l\u2019oportunitat de<\/strong> <strong>formar part de les activitats que es duen a terme amb grups d\u2019infants i joves<\/strong>. D\u2019altra banda, el voluntariat estar\u00e0 centrat en la <strong>preparaci\u00f3 i execuci\u00f3 del camp internacional <\/strong><\/span><i><span style=\"font-weight: 400;\"><strong>Common Ground<\/strong> <\/span><\/i><span style=\"font-weight: 400;\">que tindr\u00e0 lloc del 29 de juliol al 7 de novembre a Kent i on hi participen grups de la IFM-SEI d\u2019arreu del m\u00f3n.<\/span><\/p>\n<p><span style=\"font-weight: 400;\">Aquest voluntariat est\u00e0 emmarcat dins el <strong>projecte <\/strong><\/span><strong><i>European Solidarity Corps<\/i><\/strong><span style=\"font-weight: 400;\"> i est\u00e0 <strong>finan\u00e7at pel programa Erasmus+<\/strong>. Les habilitats, coneixements i compet\u00e8ncies adquirides queden reconegudes amb un certifica europeu (<\/span><i><span style=\"font-weight: 400;\">Youthpass<\/span><\/i><span style=\"font-weight: 400;\">) que garanteix el proc\u00e9s d\u2019aprenentatge i experi\u00e8ncia internacional.<\/span><\/p>\n<p><em><b>Lloc, allotjament i manutenci\u00f3<\/b><\/em><\/p>\n<p><span style=\"font-weight: 400;\">El voluntariat t\u00e9 lloc a <strong>Londres<\/strong>. L\u2019associaci\u00f3 garanteix allotjament en una casa d\u2019una fam\u00edlia. La casa es troba a prop de les oficines de la seu de Woodcraft Folk, on es desenvoluparan la major part de tasques del voluntariat. Els \u00e0pats i menjars es pactaran amb la persona volunt\u00e0ria seleccionada. El voluntariat tamb\u00e9 preveu temps lliure per al o la volunt\u00e0ria per explorar, formar-se i con\u00e8ixer el pa\u00eds.<\/span><\/p>\n<p><em><b>Formaci\u00f3 durant el voluntariat<\/b><\/em><\/p>\n<p><span style=\"font-weight: 400;\">Es faran formacions per tal de con\u00e8ixer l\u2019estructura de l\u2019organitzaci\u00f3 i el funcionament intern aix\u00ed com tamb\u00e9 sobre educaci\u00f3 no-formal i la possibilitat de fer classes d\u2019angl\u00e8s setmanalment.<\/span><\/p>\n<p><em><b>Perfil de voluntariat<\/b><\/em><\/p>\n<ul>\n<li style=\"font-weight: 400;\" aria-level=\"1\"><span style=\"font-weight: 400;\">Que pugui comen\u00e7ar al Gener del 2022.<\/span><\/li>\n<li style=\"font-weight: 400;\" aria-level=\"1\"><span style=\"font-weight: 400;\">Experi\u00e8ncia (volunt\u00e0ria o professional) o capacitat personal en comunicaci\u00f3 (xarxes socials, disseny, blogs)<\/span><\/li>\n<li style=\"font-weight: 400;\" aria-level=\"1\"><span style=\"font-weight: 400;\">Entusiasta i amb ganes de contribuir al canvi social; amb ganes de fomentar la participaci\u00f3 i apoderament infantil i juvenil<\/span><\/li>\n<li style=\"font-weight: 400;\" aria-level=\"1\"><span style=\"font-weight: 400;\">Que estigui d\u2019acord amb els principis de Woodcraft Folk, la IFM-SEI i en especial els Drets dels Infants.<\/span><\/li>\n<\/ul>\n<p><b>T\u2019interessa?<\/b><span style=\"font-weight: 400;\"> Escriu a <\/span><a href=\"mailto:internacional@esplac.cat\"><span style=\"font-weight: 400;\">internacional@esplac.cat<\/span><\/a><span style=\"font-weight: 400;\"> per tenir m\u00e9s informaci\u00f3 i con\u00e8ixer el procediment a seguir per inscriure\u2019t o directament a <\/span><a href=\"mailto:lauren.karstadt@woodcraft.org.uk\"><span style=\"font-weight: 400;\">lauren.karstadt@woodcraft.org.uk<\/span><\/a><span style=\"font-weight: 400;\"> (avisa que formes part d\u2019Esplac!)<\/span><\/p>\n<p>\u00a0<\/p>\n<p><b>En <span style=\"color: #ff9900;\"><a style=\"color: #ff9900;\" href=\"https:\/\/woodcraft.org.uk\/news\/find-out-about-esc-volunteering\" target=\"_blank\" rel=\"noopener noreferrer\">aquest v\u00eddeo<\/a><\/span>,<\/b><span style=\"font-weight: 400;\"> un anterior voluntari explica la seva experi\u00e8ncia.<\/span><\/p>\n<p><b>Data l\u00edmit per fer la inscripci\u00f3: <\/b><span style=\"font-weight: 400;\">20 de novembre 2021.<\/span><\/p>\n<p><b>Convocat\u00f2ria oficial <\/b><span style=\"color: #ff9900;\"><a style=\"color: #ff9900;\" href=\"https:\/\/europa.eu\/youth\/solidarity\/placement\/27167_en\" target=\"_blank\" rel=\"noopener noreferrer\">aqu\u00ed. <\/a><\/span>En aquesta mateixa p\u00e0gina web tamb\u00e9 trobareu altres convocat\u00f2ries de voluntariat internacional que us poden ser d&#8217;inter\u00e9s.<\/p>\n<\/div><div class=\"fusion-clearfix\"><\/div><\/div><\/div><\/div><\/div>\n","protected":false},"excerpt":{"rendered":"","protected":false},"author":3,"featured_media":37112,"comment_status":"closed","ping_status":"closed","sticky":false,"template":"","format":"standard","meta":{"om_disable_all_campaigns":false,"_monsterinsights_skip_tracking":false,"_monsterinsights_sitenote_active":false,"_monsterinsights_sitenote_note":"","_monsterinsights_sitenote_category":0,"_uf_show_specific_survey":0,"_uf_disable_surveys":false,"footnotes":""},"categories":[1112],"tags":[],"class_list":["post-37111","post","type-post","status-publish","format-standard","has-post-thumbnail","hentry","category-esplac-al-mon"],"yoast_head":"<!-- This site is optimized with the Yoast SEO plugin v27.5 - https:\/\/yoast.com\/product\/yoast-seo-wordpress\/ -->\n<title>Tens experi\u00e8ncia en comunicaci\u00f3 i t\u2019agradaria fer un voluntariat internacional? - Esplac<\/title>\n<meta name=\"robots\" content=\"index, follow, max-snippet:-1, max-image-preview:large, max-video-preview:-1\" \/>\n<link rel=\"canonical\" href=\"https:\/\/www.esplac.cat\/es\/comunicacio-voluntariat-internacional\/\" \/>\n<meta property=\"og:locale\" content=\"es_ES\" \/>\n<meta property=\"og:type\" content=\"article\" \/>\n<meta property=\"og:title\" content=\"Tens experi\u00e8ncia en comunicaci\u00f3 i t\u2019agradaria fer un voluntariat internacional? - Esplac\" \/>\n<meta property=\"og:url\" content=\"https:\/\/www.esplac.cat\/es\/comunicacio-voluntariat-internacional\/\" \/>\n<meta property=\"og:site_name\" content=\"Esplac\" \/>\n<meta property=\"article:published_time\" content=\"2021-09-16T11:28:57+00:00\" \/>\n<meta property=\"article:modified_time\" content=\"2021-11-12T12:12:34+00:00\" \/>\n<meta property=\"og:image\" content=\"https:\/\/www.esplac.cat\/wp-content\/uploads\/2021\/09\/Portades-Web-3.jpg\" \/>\n\t<meta property=\"og:image:width\" content=\"1697\" \/>\n\t<meta property=\"og:image:height\" content=\"700\" \/>\n\t<meta property=\"og:image:type\" content=\"image\/jpeg\" \/>\n<meta name=\"author\" content=\"Comunicaci\u00f3 Esplac\" \/>\n<meta name=\"twitter:card\" content=\"summary_large_image\" \/>\n<meta name=\"twitter:label1\" content=\"Escrito por\" \/>\n\t<meta name=\"twitter:data1\" content=\"Comunicaci\u00f3 Esplac\" \/>\n\t<meta name=\"twitter:label2\" content=\"Tiempo de lectura\" \/>\n\t<meta name=\"twitter:data2\" content=\"3 minutos\" \/>\n<script type=\"application\/ld+json\" class=\"yoast-schema-graph\">{\"@context\":\"https:\\\/\\\/schema.org\",\"@graph\":[{\"@type\":\"Article\",\"@id\":\"https:\\\/\\\/www.esplac.cat\\\/es\\\/comunicacio-voluntariat-internacional\\\/#article\",\"isPartOf\":{\"@id\":\"https:\\\/\\\/www.esplac.cat\\\/es\\\/comunicacio-voluntariat-internacional\\\/\"},\"author\":{\"name\":\"Comunicaci\u00f3 Esplac\",\"@id\":\"https:\\\/\\\/www.esplac.cat\\\/#\\\/schema\\\/person\\\/908383cf240be18b68f8855d0583faca\"},\"headline\":\"Tens experi\u00e8ncia en comunicaci\u00f3 i t\u2019agradaria fer un voluntariat internacional?\",\"datePublished\":\"2021-09-16T11:28:57+00:00\",\"dateModified\":\"2021-11-12T12:12:34+00:00\",\"mainEntityOfPage\":{\"@id\":\"https:\\\/\\\/www.esplac.cat\\\/es\\\/comunicacio-voluntariat-internacional\\\/\"},\"wordCount\":628,\"publisher\":{\"@id\":\"https:\\\/\\\/www.esplac.cat\\\/#organization\"},\"image\":{\"@id\":\"https:\\\/\\\/www.esplac.cat\\\/es\\\/comunicacio-voluntariat-internacional\\\/#primaryimage\"},\"thumbnailUrl\":\"https:\\\/\\\/www.esplac.cat\\\/wp-content\\\/uploads\\\/2021\\\/09\\\/Portades-Web-3.jpg\",\"articleSection\":[\"Esplac al m\u00f3n\"],\"inLanguage\":\"es\"},{\"@type\":\"WebPage\",\"@id\":\"https:\\\/\\\/www.esplac.cat\\\/es\\\/comunicacio-voluntariat-internacional\\\/\",\"url\":\"https:\\\/\\\/www.esplac.cat\\\/es\\\/comunicacio-voluntariat-internacional\\\/\",\"name\":\"Tens experi\u00e8ncia en comunicaci\u00f3 i t\u2019agradaria fer un voluntariat internacional? - Esplac\",\"isPartOf\":{\"@id\":\"https:\\\/\\\/www.esplac.cat\\\/#website\"},\"primaryImageOfPage\":{\"@id\":\"https:\\\/\\\/www.esplac.cat\\\/es\\\/comunicacio-voluntariat-internacional\\\/#primaryimage\"},\"image\":{\"@id\":\"https:\\\/\\\/www.esplac.cat\\\/es\\\/comunicacio-voluntariat-internacional\\\/#primaryimage\"},\"thumbnailUrl\":\"https:\\\/\\\/www.esplac.cat\\\/wp-content\\\/uploads\\\/2021\\\/09\\\/Portades-Web-3.jpg\",\"datePublished\":\"2021-09-16T11:28:57+00:00\",\"dateModified\":\"2021-11-12T12:12:34+00:00\",\"breadcrumb\":{\"@id\":\"https:\\\/\\\/www.esplac.cat\\\/es\\\/comunicacio-voluntariat-internacional\\\/#breadcrumb\"},\"inLanguage\":\"es\",\"potentialAction\":[{\"@type\":\"ReadAction\",\"target\":[\"https:\\\/\\\/www.esplac.cat\\\/es\\\/comunicacio-voluntariat-internacional\\\/\"]}]},{\"@type\":\"ImageObject\",\"inLanguage\":\"es\",\"@id\":\"https:\\\/\\\/www.esplac.cat\\\/es\\\/comunicacio-voluntariat-internacional\\\/#primaryimage\",\"url\":\"https:\\\/\\\/www.esplac.cat\\\/wp-content\\\/uploads\\\/2021\\\/09\\\/Portades-Web-3.jpg\",\"contentUrl\":\"https:\\\/\\\/www.esplac.cat\\\/wp-content\\\/uploads\\\/2021\\\/09\\\/Portades-Web-3.jpg\",\"width\":1697,\"height\":700},{\"@type\":\"BreadcrumbList\",\"@id\":\"https:\\\/\\\/www.esplac.cat\\\/es\\\/comunicacio-voluntariat-internacional\\\/#breadcrumb\",\"itemListElement\":[{\"@type\":\"ListItem\",\"position\":1,\"name\":\"Inici\",\"item\":\"https:\\\/\\\/www.esplac.cat\\\/es\\\/\"},{\"@type\":\"ListItem\",\"position\":2,\"name\":\"Tens experi\u00e8ncia en comunicaci\u00f3 i t\u2019agradaria fer un voluntariat internacional?\"}]},{\"@type\":\"WebSite\",\"@id\":\"https:\\\/\\\/www.esplac.cat\\\/#website\",\"url\":\"https:\\\/\\\/www.esplac.cat\\\/\",\"name\":\"Esplac\",\"description\":\"Esplais Catalans\",\"publisher\":{\"@id\":\"https:\\\/\\\/www.esplac.cat\\\/#organization\"},\"potentialAction\":[{\"@type\":\"SearchAction\",\"target\":{\"@type\":\"EntryPoint\",\"urlTemplate\":\"https:\\\/\\\/www.esplac.cat\\\/?s={search_term_string}\"},\"query-input\":{\"@type\":\"PropertyValueSpecification\",\"valueRequired\":true,\"valueName\":\"search_term_string\"}}],\"inLanguage\":\"es\"},{\"@type\":\"Organization\",\"@id\":\"https:\\\/\\\/www.esplac.cat\\\/#organization\",\"name\":\"Esplac\",\"url\":\"https:\\\/\\\/www.esplac.cat\\\/\",\"logo\":{\"@type\":\"ImageObject\",\"inLanguage\":\"es\",\"@id\":\"https:\\\/\\\/www.esplac.cat\\\/#\\\/schema\\\/logo\\\/image\\\/\",\"url\":\"https:\\\/\\\/www.esplac.cat\\\/wp-content\\\/uploads\\\/2019\\\/08\\\/logox2.png\",\"contentUrl\":\"https:\\\/\\\/www.esplac.cat\\\/wp-content\\\/uploads\\\/2019\\\/08\\\/logox2.png\",\"width\":600,\"height\":295,\"caption\":\"Esplac\"},\"image\":{\"@id\":\"https:\\\/\\\/www.esplac.cat\\\/#\\\/schema\\\/logo\\\/image\\\/\"}},{\"@type\":\"Person\",\"@id\":\"https:\\\/\\\/www.esplac.cat\\\/#\\\/schema\\\/person\\\/908383cf240be18b68f8855d0583faca\",\"name\":\"Comunicaci\u00f3 Esplac\",\"image\":{\"@type\":\"ImageObject\",\"inLanguage\":\"es\",\"@id\":\"https:\\\/\\\/secure.gravatar.com\\\/avatar\\\/7a4cf8feb412a76ea4a740ca02d95b06b2907b5a6c648c2dd0a1082a093c3141?s=96&d=mm&r=g\",\"url\":\"https:\\\/\\\/secure.gravatar.com\\\/avatar\\\/7a4cf8feb412a76ea4a740ca02d95b06b2907b5a6c648c2dd0a1082a093c3141?s=96&d=mm&r=g\",\"contentUrl\":\"https:\\\/\\\/secure.gravatar.com\\\/avatar\\\/7a4cf8feb412a76ea4a740ca02d95b06b2907b5a6c648c2dd0a1082a093c3141?s=96&d=mm&r=g\",\"caption\":\"Comunicaci\u00f3 Esplac\"}}]}<\/script>\n<!-- \/ Yoast SEO plugin. -->","yoast_head_json":{"title":"Tens experi\u00e8ncia en comunicaci\u00f3 i t\u2019agradaria fer un voluntariat internacional? - Esplac","robots":{"index":"index","follow":"follow","max-snippet":"max-snippet:-1","max-image-preview":"max-image-preview:large","max-video-preview":"max-video-preview:-1"},"canonical":"https:\/\/www.esplac.cat\/es\/comunicacio-voluntariat-internacional\/","og_locale":"es_ES","og_type":"article","og_title":"Tens experi\u00e8ncia en comunicaci\u00f3 i t\u2019agradaria fer un voluntariat internacional? - Esplac","og_url":"https:\/\/www.esplac.cat\/es\/comunicacio-voluntariat-internacional\/","og_site_name":"Esplac","article_published_time":"2021-09-16T11:28:57+00:00","article_modified_time":"2021-11-12T12:12:34+00:00","og_image":[{"width":1697,"height":700,"url":"https:\/\/www.esplac.cat\/wp-content\/uploads\/2021\/09\/Portades-Web-3.jpg","type":"image\/jpeg"}],"author":"Comunicaci\u00f3 Esplac","twitter_card":"summary_large_image","twitter_misc":{"Escrito por":"Comunicaci\u00f3 Esplac","Tiempo de lectura":"3 minutos"},"schema":{"@context":"https:\/\/schema.org","@graph":[{"@type":"Article","@id":"https:\/\/www.esplac.cat\/es\/comunicacio-voluntariat-internacional\/#article","isPartOf":{"@id":"https:\/\/www.esplac.cat\/es\/comunicacio-voluntariat-internacional\/"},"author":{"name":"Comunicaci\u00f3 Esplac","@id":"https:\/\/www.esplac.cat\/#\/schema\/person\/908383cf240be18b68f8855d0583faca"},"headline":"Tens experi\u00e8ncia en comunicaci\u00f3 i t\u2019agradaria fer un voluntariat internacional?","datePublished":"2021-09-16T11:28:57+00:00","dateModified":"2021-11-12T12:12:34+00:00","mainEntityOfPage":{"@id":"https:\/\/www.esplac.cat\/es\/comunicacio-voluntariat-internacional\/"},"wordCount":628,"publisher":{"@id":"https:\/\/www.esplac.cat\/#organization"},"image":{"@id":"https:\/\/www.esplac.cat\/es\/comunicacio-voluntariat-internacional\/#primaryimage"},"thumbnailUrl":"https:\/\/www.esplac.cat\/wp-content\/uploads\/2021\/09\/Portades-Web-3.jpg","articleSection":["Esplac al m\u00f3n"],"inLanguage":"es"},{"@type":"WebPage","@id":"https:\/\/www.esplac.cat\/es\/comunicacio-voluntariat-internacional\/","url":"https:\/\/www.esplac.cat\/es\/comunicacio-voluntariat-internacional\/","name":"Tens experi\u00e8ncia en comunicaci\u00f3 i t\u2019agradaria fer un voluntariat internacional? - Esplac","isPartOf":{"@id":"https:\/\/www.esplac.cat\/#website"},"primaryImageOfPage":{"@id":"https:\/\/www.esplac.cat\/es\/comunicacio-voluntariat-internacional\/#primaryimage"},"image":{"@id":"https:\/\/www.esplac.cat\/es\/comunicacio-voluntariat-internacional\/#primaryimage"},"thumbnailUrl":"https:\/\/www.esplac.cat\/wp-content\/uploads\/2021\/09\/Portades-Web-3.jpg","datePublished":"2021-09-16T11:28:57+00:00","dateModified":"2021-11-12T12:12:34+00:00","breadcrumb":{"@id":"https:\/\/www.esplac.cat\/es\/comunicacio-voluntariat-internacional\/#breadcrumb"},"inLanguage":"es","potentialAction":[{"@type":"ReadAction","target":["https:\/\/www.esplac.cat\/es\/comunicacio-voluntariat-internacional\/"]}]},{"@type":"ImageObject","inLanguage":"es","@id":"https:\/\/www.esplac.cat\/es\/comunicacio-voluntariat-internacional\/#primaryimage","url":"https:\/\/www.esplac.cat\/wp-content\/uploads\/2021\/09\/Portades-Web-3.jpg","contentUrl":"https:\/\/www.esplac.cat\/wp-content\/uploads\/2021\/09\/Portades-Web-3.jpg","width":1697,"height":700},{"@type":"BreadcrumbList","@id":"https:\/\/www.esplac.cat\/es\/comunicacio-voluntariat-internacional\/#breadcrumb","itemListElement":[{"@type":"ListItem","position":1,"name":"Inici","item":"https:\/\/www.esplac.cat\/es\/"},{"@type":"ListItem","position":2,"name":"Tens experi\u00e8ncia en comunicaci\u00f3 i t\u2019agradaria fer un voluntariat internacional?"}]},{"@type":"WebSite","@id":"https:\/\/www.esplac.cat\/#website","url":"https:\/\/www.esplac.cat\/","name":"Esplac","description":"Esplais Catalans","publisher":{"@id":"https:\/\/www.esplac.cat\/#organization"},"potentialAction":[{"@type":"SearchAction","target":{"@type":"EntryPoint","urlTemplate":"https:\/\/www.esplac.cat\/?s={search_term_string}"},"query-input":{"@type":"PropertyValueSpecification","valueRequired":true,"valueName":"search_term_string"}}],"inLanguage":"es"},{"@type":"Organization","@id":"https:\/\/www.esplac.cat\/#organization","name":"Esplac","url":"https:\/\/www.esplac.cat\/","logo":{"@type":"ImageObject","inLanguage":"es","@id":"https:\/\/www.esplac.cat\/#\/schema\/logo\/image\/","url":"https:\/\/www.esplac.cat\/wp-content\/uploads\/2019\/08\/logox2.png","contentUrl":"https:\/\/www.esplac.cat\/wp-content\/uploads\/2019\/08\/logox2.png","width":600,"height":295,"caption":"Esplac"},"image":{"@id":"https:\/\/www.esplac.cat\/#\/schema\/logo\/image\/"}},{"@type":"Person","@id":"https:\/\/www.esplac.cat\/#\/schema\/person\/908383cf240be18b68f8855d0583faca","name":"Comunicaci\u00f3 Esplac","image":{"@type":"ImageObject","inLanguage":"es","@id":"https:\/\/secure.gravatar.com\/avatar\/7a4cf8feb412a76ea4a740ca02d95b06b2907b5a6c648c2dd0a1082a093c3141?s=96&d=mm&r=g","url":"https:\/\/secure.gravatar.com\/avatar\/7a4cf8feb412a76ea4a740ca02d95b06b2907b5a6c648c2dd0a1082a093c3141?s=96&d=mm&r=g","contentUrl":"https:\/\/secure.gravatar.com\/avatar\/7a4cf8feb412a76ea4a740ca02d95b06b2907b5a6c648c2dd0a1082a093c3141?s=96&d=mm&r=g","caption":"Comunicaci\u00f3 Esplac"}}]}},"_links":{"self":[{"href":"https:\/\/www.esplac.cat\/es\/wp-json\/wp\/v2\/posts\/37111","targetHints":{"allow":["GET"]}}],"collection":[{"href":"https:\/\/www.esplac.cat\/es\/wp-json\/wp\/v2\/posts"}],"about":[{"href":"https:\/\/www.esplac.cat\/es\/wp-json\/wp\/v2\/types\/post"}],"author":[{"embeddable":true,"href":"https:\/\/www.esplac.cat\/es\/wp-json\/wp\/v2\/users\/3"}],"replies":[{"embeddable":true,"href":"https:\/\/www.esplac.cat\/es\/wp-json\/wp\/v2\/comments?post=37111"}],"version-history":[{"count":0,"href":"https:\/\/www.esplac.cat\/es\/wp-json\/wp\/v2\/posts\/37111\/revisions"}],"wp:featuredmedia":[{"embeddable":true,"href":"https:\/\/www.esplac.cat\/es\/wp-json\/wp\/v2\/media\/37112"}],"wp:attachment":[{"href":"https:\/\/www.esplac.cat\/es\/wp-json\/wp\/v2\/media?parent=37111"}],"wp:term":[{"taxonomy":"category","embeddable":true,"href":"https:\/\/www.esplac.cat\/es\/wp-json\/wp\/v2\/categories?post=37111"},{"taxonomy":"post_tag","embeddable":true,"href":"https:\/\/www.esplac.cat\/es\/wp-json\/wp\/v2\/tags?post=37111"}],"curies":[{"name":"wp","href":"https:\/\/api.w.org\/{rel}","templated":true}]}}