{"id":37411,"date":"2021-10-13T13:31:50","date_gmt":"2021-10-13T11:31:50","guid":{"rendered":"https:\/\/www.esplac.cat\/?p=37411"},"modified":"2021-10-13T13:50:04","modified_gmt":"2021-10-13T11:50:04","slug":"octubre-ago-sectors-camp-tarragona-penedes-garraf-anoia","status":"publish","type":"post","link":"https:\/\/www.esplac.cat\/es\/octubre-ago-sectors-camp-tarragona-penedes-garraf-anoia\/","title":{"rendered":"Encetem l&#8217;octubre amb les AGO dels sectors Camp de Tarragona i Pened\u00e8s, Garraf i Anoia"},"content":{"rendered":"<h6><strong>El mes d&#8217;octubre ha comen\u00e7at amb les Assemblees Generals Ordin\u00e0ries de dos sectors: El Sector Pened\u00e8s, Garraf i Anoia (diumenge 3 d&#8217;octubre) i el Sector Camp de Tarragona (dissabte 9 d&#8217;octubre).<\/strong><\/h6>\n<p>Hem comen\u00e7at el mes d&#8217;octubre amb les dues Assemblees Generals Ordin\u00e0ries del Camp de Tarragona i del Pened\u00e8s Garraf i Anoia. Aquestes han tingut lloc a Tarragona i Calafell respectivament.<\/p>\n<p><em><strong>Els esplais del Camp de Tarragona es reuneixen a Calafell per celebrar l\u2019AGO de sector.<\/strong><\/em><\/p>\n<p>L\u2019esplai La Grapadora de Tarragona acull l\u2019Assemblea General Ordin\u00e0ria del sector. Una quinzena de monitores i monitors dels tres esplais que conformen el sector, es van reunir el dissabte 9 d\u2019octubre per revisar la mem\u00f2ria del curs anterior i preparar els objectius i accions d\u2019aquest nou curs.<\/p>\n<p>Va ser una jornada intensa amb jocs i din\u00e0miques per preparar el <strong>Pla de Trebal<\/strong>l d\u2019aquest curs 2021 &#8211; 2022. Van sortir noves i engrescadores idees i sembla que hi ha motivaci\u00f3 per encarar-les i dur-les a terme, despr\u00e9s de que el curs passat hagi estat un any de poques activitats i baixa participaci\u00f3, sobretot degut a les restriccions imposades per la pand\u00e8mia.<\/p>\n<p>Tamb\u00e9 es va renovar el Ferran Fern\u00e0ndez com a membre de l&#8217;<strong>Equip General de Sector<\/strong> (EGS) i segueix aix\u00ed fent equip amb l\u2019Aar\u00f3n Linares.<\/p>\n\n\t\t<style type=\"text\/css\">\n\t\t\t#gallery-1 {\n\t\t\t\tmargin: auto;\n\t\t\t}\n\t\t\t#gallery-1 .gallery-item {\n\t\t\t\tfloat: left;\n\t\t\t\tmargin-top: 10px;\n\t\t\t\ttext-align: center;\n\t\t\t\twidth: 25%;\n\t\t\t}\n\t\t\t#gallery-1 img {\n\t\t\t\tborder: 2px solid #cfcfcf;\n\t\t\t}\n\t\t\t#gallery-1 .gallery-caption {\n\t\t\t\tmargin-left: 0;\n\t\t\t}\n\t\t\t\/* see gallery_shortcode() in wp-includes\/media.php *\/\n\t\t<\/style>\n\t\t<div id='gallery-1' class='gallery galleryid-37411 gallery-columns-4 gallery-size-medium'><dl class='gallery-item'>\n\t\t\t<dt class='gallery-icon landscape'>\n\t\t\t\t<a data-rel=\"iLightbox[postimages]\" data-title=\"photo5406834681854409009\" data-caption=\"\" href='https:\/\/www.esplac.cat\/wp-content\/uploads\/2021\/10\/photo5406834681854409009.jpg'><img decoding=\"async\" width=\"300\" height=\"225\" src=\"https:\/\/www.esplac.cat\/wp-content\/uploads\/2021\/10\/photo5406834681854409009-300x225.jpg\" class=\"attachment-medium size-medium\" alt=\"\" srcset=\"https:\/\/www.esplac.cat\/wp-content\/uploads\/2021\/10\/photo5406834681854409009-200x150.jpg 200w, https:\/\/www.esplac.cat\/wp-content\/uploads\/2021\/10\/photo5406834681854409009-300x225.jpg 300w, https:\/\/www.esplac.cat\/wp-content\/uploads\/2021\/10\/photo5406834681854409009-400x300.jpg 400w, https:\/\/www.esplac.cat\/wp-content\/uploads\/2021\/10\/photo5406834681854409009-600x450.jpg 600w, https:\/\/www.esplac.cat\/wp-content\/uploads\/2021\/10\/photo5406834681854409009-768x576.jpg 768w, https:\/\/www.esplac.cat\/wp-content\/uploads\/2021\/10\/photo5406834681854409009-800x600.jpg 800w, https:\/\/www.esplac.cat\/wp-content\/uploads\/2021\/10\/photo5406834681854409009-1024x768.jpg 1024w, https:\/\/www.esplac.cat\/wp-content\/uploads\/2021\/10\/photo5406834681854409009-1200x900.jpg 1200w, https:\/\/www.esplac.cat\/wp-content\/uploads\/2021\/10\/photo5406834681854409009.jpg 1280w\" sizes=\"(max-width: 300px) 100vw, 300px\" \/><\/a>\n\t\t\t<\/dt><\/dl><dl class='gallery-item'>\n\t\t\t<dt class='gallery-icon landscape'>\n\t\t\t\t<a data-rel=\"iLightbox[postimages]\" data-title=\"photo5406834681854409017\" data-caption=\"\" href='https:\/\/www.esplac.cat\/wp-content\/uploads\/2021\/10\/photo5406834681854409017.jpg'><img decoding=\"async\" width=\"300\" height=\"225\" src=\"https:\/\/www.esplac.cat\/wp-content\/uploads\/2021\/10\/photo5406834681854409017-300x225.jpg\" class=\"attachment-medium size-medium\" alt=\"\" srcset=\"https:\/\/www.esplac.cat\/wp-content\/uploads\/2021\/10\/photo5406834681854409017-200x150.jpg 200w, https:\/\/www.esplac.cat\/wp-content\/uploads\/2021\/10\/photo5406834681854409017-300x225.jpg 300w, https:\/\/www.esplac.cat\/wp-content\/uploads\/2021\/10\/photo5406834681854409017-400x300.jpg 400w, https:\/\/www.esplac.cat\/wp-content\/uploads\/2021\/10\/photo5406834681854409017-600x450.jpg 600w, https:\/\/www.esplac.cat\/wp-content\/uploads\/2021\/10\/photo5406834681854409017-768x576.jpg 768w, https:\/\/www.esplac.cat\/wp-content\/uploads\/2021\/10\/photo5406834681854409017-800x600.jpg 800w, https:\/\/www.esplac.cat\/wp-content\/uploads\/2021\/10\/photo5406834681854409017-1024x768.jpg 1024w, https:\/\/www.esplac.cat\/wp-content\/uploads\/2021\/10\/photo5406834681854409017-1200x900.jpg 1200w, https:\/\/www.esplac.cat\/wp-content\/uploads\/2021\/10\/photo5406834681854409017.jpg 1280w\" sizes=\"(max-width: 300px) 100vw, 300px\" \/><\/a>\n\t\t\t<\/dt><\/dl><dl class='gallery-item'>\n\t\t\t<dt class='gallery-icon landscape'>\n\t\t\t\t<a data-rel=\"iLightbox[postimages]\" data-title=\"photo5406834681854409015\" data-caption=\"\" href='https:\/\/www.esplac.cat\/wp-content\/uploads\/2021\/10\/photo5406834681854409015.jpg'><img decoding=\"async\" width=\"300\" height=\"225\" src=\"https:\/\/www.esplac.cat\/wp-content\/uploads\/2021\/10\/photo5406834681854409015-300x225.jpg\" class=\"attachment-medium size-medium\" alt=\"\" srcset=\"https:\/\/www.esplac.cat\/wp-content\/uploads\/2021\/10\/photo5406834681854409015-200x150.jpg 200w, https:\/\/www.esplac.cat\/wp-content\/uploads\/2021\/10\/photo5406834681854409015-300x225.jpg 300w, https:\/\/www.esplac.cat\/wp-content\/uploads\/2021\/10\/photo5406834681854409015-400x300.jpg 400w, https:\/\/www.esplac.cat\/wp-content\/uploads\/2021\/10\/photo5406834681854409015-600x450.jpg 600w, https:\/\/www.esplac.cat\/wp-content\/uploads\/2021\/10\/photo5406834681854409015-768x576.jpg 768w, https:\/\/www.esplac.cat\/wp-content\/uploads\/2021\/10\/photo5406834681854409015-800x600.jpg 800w, https:\/\/www.esplac.cat\/wp-content\/uploads\/2021\/10\/photo5406834681854409015-1024x768.jpg 1024w, https:\/\/www.esplac.cat\/wp-content\/uploads\/2021\/10\/photo5406834681854409015-1200x900.jpg 1200w, https:\/\/www.esplac.cat\/wp-content\/uploads\/2021\/10\/photo5406834681854409015.jpg 1280w\" sizes=\"(max-width: 300px) 100vw, 300px\" \/><\/a>\n\t\t\t<\/dt><\/dl><dl class='gallery-item'>\n\t\t\t<dt class='gallery-icon landscape'>\n\t\t\t\t<a data-rel=\"iLightbox[postimages]\" data-title=\"photo5406834681854409018\" data-caption=\"\" href='https:\/\/www.esplac.cat\/wp-content\/uploads\/2021\/10\/photo5406834681854409018.jpg'><img decoding=\"async\" width=\"300\" height=\"225\" src=\"https:\/\/www.esplac.cat\/wp-content\/uploads\/2021\/10\/photo5406834681854409018-300x225.jpg\" class=\"attachment-medium size-medium\" alt=\"\" srcset=\"https:\/\/www.esplac.cat\/wp-content\/uploads\/2021\/10\/photo5406834681854409018-200x150.jpg 200w, https:\/\/www.esplac.cat\/wp-content\/uploads\/2021\/10\/photo5406834681854409018-300x225.jpg 300w, https:\/\/www.esplac.cat\/wp-content\/uploads\/2021\/10\/photo5406834681854409018-400x300.jpg 400w, https:\/\/www.esplac.cat\/wp-content\/uploads\/2021\/10\/photo5406834681854409018-600x450.jpg 600w, https:\/\/www.esplac.cat\/wp-content\/uploads\/2021\/10\/photo5406834681854409018-768x576.jpg 768w, https:\/\/www.esplac.cat\/wp-content\/uploads\/2021\/10\/photo5406834681854409018-800x600.jpg 800w, https:\/\/www.esplac.cat\/wp-content\/uploads\/2021\/10\/photo5406834681854409018-1024x768.jpg 1024w, https:\/\/www.esplac.cat\/wp-content\/uploads\/2021\/10\/photo5406834681854409018-1200x900.jpg 1200w, https:\/\/www.esplac.cat\/wp-content\/uploads\/2021\/10\/photo5406834681854409018.jpg 1280w\" sizes=\"(max-width: 300px) 100vw, 300px\" \/><\/a>\n\t\t\t<\/dt><\/dl><br style=\"clear: both\" \/>\n\t\t<\/div>\n\n<p>&nbsp;<\/p>\n<p><em><b>L\u2019AGO del Sector Pened\u00e8s, Garraf i Anoia se celebra amb una alta participaci\u00f3.<\/b><\/em><\/p>\n<p>Una cinquantena de monitores i monitors es van aplegar aquest diumenge 3 d\u2019octubre a la casa de col\u00f2nies Artur Martorell de Calafell per celebrar l\u2019Assemblea General Ordin\u00e0ria del Sector Pened\u00e8s, Garraf i Anoia.<\/p>\n<p>Es va comen\u00e7ar amb jocs i activitats per despertar-se, con\u00e8ixer una mica les noves incorporacions i posar-se mans a la feina! Primer, es va repassar la <strong>Mem\u00f2ria del curs 2020 &#8211; 2021<\/strong>, on, degut al Covid-19, alguns dels projectes que s&#8217;havien proposat no van poder-se tirar endavant. Per\u00f2, fer el rep\u00e0s del curs anterior va servir per pensar qu\u00e8 era el que volien fer al llarg d\u2019aquest curs.<\/p>\n<p>Es va decidir que aquest curs es treballaria per millorar la<strong> formaci\u00f3<\/strong> de les monitores i monitors, aix\u00ed com la <strong>cohesi\u00f3<\/strong> dins del sector, celebrant una <strong>trobada general <\/strong>i\u00a0tamb\u00e9 una <strong>trobada l\u00fadica-formativa<\/strong> exclusivament per a monitores i monitors del sector.<\/p>\n<p>Despr\u00e9s d\u2019un intens mat\u00ed de debats i presa de decisions l&#8217;AGO va acabar amb un dinar conjunt (cadasc\u00fa amb el seu menjar i mantenint les dist\u00e0ncies). Finalment, la jornada es va acabar amb un \u00faltim joc per acomiadar-se. Sembla que el sector comen\u00e7a el curs amb motivaci\u00f3 i energia!<\/p>\n\n\t\t<style type=\"text\/css\">\n\t\t\t#gallery-2 {\n\t\t\t\tmargin: auto;\n\t\t\t}\n\t\t\t#gallery-2 .gallery-item {\n\t\t\t\tfloat: left;\n\t\t\t\tmargin-top: 10px;\n\t\t\t\ttext-align: center;\n\t\t\t\twidth: 25%;\n\t\t\t}\n\t\t\t#gallery-2 img {\n\t\t\t\tborder: 2px solid #cfcfcf;\n\t\t\t}\n\t\t\t#gallery-2 .gallery-caption {\n\t\t\t\tmargin-left: 0;\n\t\t\t}\n\t\t\t\/* see gallery_shortcode() in wp-includes\/media.php *\/\n\t\t<\/style>\n\t\t<div id='gallery-2' class='gallery galleryid-37411 gallery-columns-4 gallery-size-medium'><dl class='gallery-item'>\n\t\t\t<dt class='gallery-icon landscape'>\n\t\t\t\t<a data-rel=\"iLightbox[postimages]\" data-title=\"WhatsApp Image 2021-10-05 at 10.49.30 (1)\" data-caption=\"\" href='https:\/\/www.esplac.cat\/wp-content\/uploads\/2021\/10\/WhatsApp-Image-2021-10-05-at-10.49.30-1.jpeg'><img decoding=\"async\" width=\"300\" height=\"225\" src=\"https:\/\/www.esplac.cat\/wp-content\/uploads\/2021\/10\/WhatsApp-Image-2021-10-05-at-10.49.30-1-300x225.jpeg\" class=\"attachment-medium size-medium\" alt=\"\" srcset=\"https:\/\/www.esplac.cat\/wp-content\/uploads\/2021\/10\/WhatsApp-Image-2021-10-05-at-10.49.30-1-200x150.jpeg 200w, https:\/\/www.esplac.cat\/wp-content\/uploads\/2021\/10\/WhatsApp-Image-2021-10-05-at-10.49.30-1-300x225.jpeg 300w, https:\/\/www.esplac.cat\/wp-content\/uploads\/2021\/10\/WhatsApp-Image-2021-10-05-at-10.49.30-1-400x300.jpeg 400w, https:\/\/www.esplac.cat\/wp-content\/uploads\/2021\/10\/WhatsApp-Image-2021-10-05-at-10.49.30-1-600x450.jpeg 600w, https:\/\/www.esplac.cat\/wp-content\/uploads\/2021\/10\/WhatsApp-Image-2021-10-05-at-10.49.30-1-768x576.jpeg 768w, https:\/\/www.esplac.cat\/wp-content\/uploads\/2021\/10\/WhatsApp-Image-2021-10-05-at-10.49.30-1-800x600.jpeg 800w, https:\/\/www.esplac.cat\/wp-content\/uploads\/2021\/10\/WhatsApp-Image-2021-10-05-at-10.49.30-1-1024x768.jpeg 1024w, https:\/\/www.esplac.cat\/wp-content\/uploads\/2021\/10\/WhatsApp-Image-2021-10-05-at-10.49.30-1-1200x900.jpeg 1200w, https:\/\/www.esplac.cat\/wp-content\/uploads\/2021\/10\/WhatsApp-Image-2021-10-05-at-10.49.30-1-1536x1152.jpeg 1536w\" sizes=\"(max-width: 300px) 100vw, 300px\" \/><\/a>\n\t\t\t<\/dt><\/dl><dl class='gallery-item'>\n\t\t\t<dt class='gallery-icon landscape'>\n\t\t\t\t<a data-rel=\"iLightbox[postimages]\" data-title=\"WhatsApp Image 2021-10-05 at 10.49.28\" data-caption=\"\" href='https:\/\/www.esplac.cat\/wp-content\/uploads\/2021\/10\/WhatsApp-Image-2021-10-05-at-10.49.28.jpeg'><img decoding=\"async\" width=\"300\" height=\"225\" src=\"https:\/\/www.esplac.cat\/wp-content\/uploads\/2021\/10\/WhatsApp-Image-2021-10-05-at-10.49.28-300x225.jpeg\" class=\"attachment-medium size-medium\" alt=\"\" srcset=\"https:\/\/www.esplac.cat\/wp-content\/uploads\/2021\/10\/WhatsApp-Image-2021-10-05-at-10.49.28-200x150.jpeg 200w, https:\/\/www.esplac.cat\/wp-content\/uploads\/2021\/10\/WhatsApp-Image-2021-10-05-at-10.49.28-300x225.jpeg 300w, https:\/\/www.esplac.cat\/wp-content\/uploads\/2021\/10\/WhatsApp-Image-2021-10-05-at-10.49.28-400x300.jpeg 400w, https:\/\/www.esplac.cat\/wp-content\/uploads\/2021\/10\/WhatsApp-Image-2021-10-05-at-10.49.28-600x450.jpeg 600w, https:\/\/www.esplac.cat\/wp-content\/uploads\/2021\/10\/WhatsApp-Image-2021-10-05-at-10.49.28-768x576.jpeg 768w, https:\/\/www.esplac.cat\/wp-content\/uploads\/2021\/10\/WhatsApp-Image-2021-10-05-at-10.49.28-800x600.jpeg 800w, https:\/\/www.esplac.cat\/wp-content\/uploads\/2021\/10\/WhatsApp-Image-2021-10-05-at-10.49.28-1024x768.jpeg 1024w, https:\/\/www.esplac.cat\/wp-content\/uploads\/2021\/10\/WhatsApp-Image-2021-10-05-at-10.49.28-1200x900.jpeg 1200w, https:\/\/www.esplac.cat\/wp-content\/uploads\/2021\/10\/WhatsApp-Image-2021-10-05-at-10.49.28-1536x1152.jpeg 1536w\" sizes=\"(max-width: 300px) 100vw, 300px\" \/><\/a>\n\t\t\t<\/dt><\/dl><dl class='gallery-item'>\n\t\t\t<dt class='gallery-icon landscape'>\n\t\t\t\t<a data-rel=\"iLightbox[postimages]\" data-title=\"WhatsApp Image 2021-10-05 at 10.44.30\" data-caption=\"\" href='https:\/\/www.esplac.cat\/wp-content\/uploads\/2021\/10\/WhatsApp-Image-2021-10-05-at-10.44.30.jpeg'><img decoding=\"async\" width=\"300\" height=\"225\" src=\"https:\/\/www.esplac.cat\/wp-content\/uploads\/2021\/10\/WhatsApp-Image-2021-10-05-at-10.44.30-300x225.jpeg\" class=\"attachment-medium size-medium\" alt=\"\" srcset=\"https:\/\/www.esplac.cat\/wp-content\/uploads\/2021\/10\/WhatsApp-Image-2021-10-05-at-10.44.30-200x150.jpeg 200w, https:\/\/www.esplac.cat\/wp-content\/uploads\/2021\/10\/WhatsApp-Image-2021-10-05-at-10.44.30-300x225.jpeg 300w, https:\/\/www.esplac.cat\/wp-content\/uploads\/2021\/10\/WhatsApp-Image-2021-10-05-at-10.44.30-400x300.jpeg 400w, https:\/\/www.esplac.cat\/wp-content\/uploads\/2021\/10\/WhatsApp-Image-2021-10-05-at-10.44.30-600x450.jpeg 600w, https:\/\/www.esplac.cat\/wp-content\/uploads\/2021\/10\/WhatsApp-Image-2021-10-05-at-10.44.30-768x576.jpeg 768w, https:\/\/www.esplac.cat\/wp-content\/uploads\/2021\/10\/WhatsApp-Image-2021-10-05-at-10.44.30-800x600.jpeg 800w, https:\/\/www.esplac.cat\/wp-content\/uploads\/2021\/10\/WhatsApp-Image-2021-10-05-at-10.44.30-1024x768.jpeg 1024w, https:\/\/www.esplac.cat\/wp-content\/uploads\/2021\/10\/WhatsApp-Image-2021-10-05-at-10.44.30-1200x900.jpeg 1200w, https:\/\/www.esplac.cat\/wp-content\/uploads\/2021\/10\/WhatsApp-Image-2021-10-05-at-10.44.30-1536x1152.jpeg 1536w, https:\/\/www.esplac.cat\/wp-content\/uploads\/2021\/10\/WhatsApp-Image-2021-10-05-at-10.44.30.jpeg 1600w\" sizes=\"(max-width: 300px) 100vw, 300px\" \/><\/a>\n\t\t\t<\/dt><\/dl><dl class='gallery-item'>\n\t\t\t<dt class='gallery-icon landscape'>\n\t\t\t\t<a data-rel=\"iLightbox[postimages]\" data-title=\"WhatsApp Image 2021-10-05 at 10.49.31\" data-caption=\"\" href='https:\/\/www.esplac.cat\/wp-content\/uploads\/2021\/10\/WhatsApp-Image-2021-10-05-at-10.49.31.jpeg'><img decoding=\"async\" width=\"300\" height=\"225\" src=\"https:\/\/www.esplac.cat\/wp-content\/uploads\/2021\/10\/WhatsApp-Image-2021-10-05-at-10.49.31-300x225.jpeg\" class=\"attachment-medium size-medium\" alt=\"\" srcset=\"https:\/\/www.esplac.cat\/wp-content\/uploads\/2021\/10\/WhatsApp-Image-2021-10-05-at-10.49.31-200x150.jpeg 200w, https:\/\/www.esplac.cat\/wp-content\/uploads\/2021\/10\/WhatsApp-Image-2021-10-05-at-10.49.31-300x225.jpeg 300w, https:\/\/www.esplac.cat\/wp-content\/uploads\/2021\/10\/WhatsApp-Image-2021-10-05-at-10.49.31-400x300.jpeg 400w, https:\/\/www.esplac.cat\/wp-content\/uploads\/2021\/10\/WhatsApp-Image-2021-10-05-at-10.49.31-600x450.jpeg 600w, https:\/\/www.esplac.cat\/wp-content\/uploads\/2021\/10\/WhatsApp-Image-2021-10-05-at-10.49.31-768x576.jpeg 768w, https:\/\/www.esplac.cat\/wp-content\/uploads\/2021\/10\/WhatsApp-Image-2021-10-05-at-10.49.31-800x600.jpeg 800w, https:\/\/www.esplac.cat\/wp-content\/uploads\/2021\/10\/WhatsApp-Image-2021-10-05-at-10.49.31-1024x768.jpeg 1024w, https:\/\/www.esplac.cat\/wp-content\/uploads\/2021\/10\/WhatsApp-Image-2021-10-05-at-10.49.31-1200x900.jpeg 1200w, https:\/\/www.esplac.cat\/wp-content\/uploads\/2021\/10\/WhatsApp-Image-2021-10-05-at-10.49.31-1536x1152.jpeg 1536w\" sizes=\"(max-width: 300px) 100vw, 300px\" \/><\/a>\n\t\t\t<\/dt><\/dl><br style=\"clear: both\" \/>\n\t\t<\/div>\n\n","protected":false},"excerpt":{"rendered":"<p>El mes d&#8217;octubre ha comen\u00e7at amb les Assemblees Generals Ordin\u00e0ries [&hellip;]<\/p>\n","protected":false},"author":3,"featured_media":37445,"comment_status":"closed","ping_status":"closed","sticky":false,"template":"","format":"standard","meta":{"om_disable_all_campaigns":false,"_monsterinsights_skip_tracking":false,"_monsterinsights_sitenote_active":false,"_monsterinsights_sitenote_note":"","_monsterinsights_sitenote_category":0,"_uf_show_specific_survey":0,"_uf_disable_surveys":false,"footnotes":""},"categories":[1122,1123],"tags":[],"class_list":["post-37411","post","type-post","status-publish","format-standard","has-post-thumbnail","hentry","category-sector-camp-de-tarragona","category-sector-penedes-garraf-anoia"],"yoast_head":"<!-- This site is optimized with the Yoast SEO plugin v27.4 - https:\/\/yoast.com\/product\/yoast-seo-wordpress\/ -->\n<title>Encetem l&#039;octubre amb les AGO dels sectors Camp de Tarragona i Pened\u00e8s, Garraf i Anoia - Esplac<\/title>\n<meta name=\"robots\" content=\"index, follow, max-snippet:-1, max-image-preview:large, max-video-preview:-1\" \/>\n<link rel=\"canonical\" href=\"https:\/\/www.esplac.cat\/octubre-ago-sectors-camp-tarragona-penedes-garraf-anoia\/\" \/>\n<meta property=\"og:locale\" content=\"es_ES\" \/>\n<meta property=\"og:type\" content=\"article\" \/>\n<meta property=\"og:title\" content=\"Encetem l&#039;octubre amb les AGO dels sectors Camp de Tarragona i Pened\u00e8s, Garraf i Anoia - Esplac\" \/>\n<meta property=\"og:description\" content=\"El mes d&#8217;octubre ha comen\u00e7at amb les Assemblees Generals Ordin\u00e0ries [&hellip;]\" \/>\n<meta property=\"og:url\" content=\"https:\/\/www.esplac.cat\/octubre-ago-sectors-camp-tarragona-penedes-garraf-anoia\/\" \/>\n<meta property=\"og:site_name\" content=\"Esplac\" \/>\n<meta property=\"article:published_time\" content=\"2021-10-13T11:31:50+00:00\" \/>\n<meta property=\"article:modified_time\" content=\"2021-10-13T11:50:04+00:00\" \/>\n<meta property=\"og:image\" content=\"https:\/\/www.esplac.cat\/wp-content\/uploads\/2021\/10\/Portades-Web-8.jpg\" \/>\n\t<meta property=\"og:image:width\" content=\"1697\" \/>\n\t<meta property=\"og:image:height\" content=\"700\" \/>\n\t<meta property=\"og:image:type\" content=\"image\/jpeg\" \/>\n<meta name=\"author\" content=\"Comunicaci\u00f3 Esplac\" \/>\n<meta name=\"twitter:card\" content=\"summary_large_image\" \/>\n<meta name=\"twitter:label1\" content=\"Escrito por\" \/>\n\t<meta name=\"twitter:data1\" content=\"Comunicaci\u00f3 Esplac\" \/>\n\t<meta name=\"twitter:label2\" content=\"Tiempo de lectura\" \/>\n\t<meta name=\"twitter:data2\" content=\"2 minutos\" \/>\n<script type=\"application\/ld+json\" class=\"yoast-schema-graph\">{\"@context\":\"https:\\\/\\\/schema.org\",\"@graph\":[{\"@type\":\"Article\",\"@id\":\"https:\\\/\\\/www.esplac.cat\\\/octubre-ago-sectors-camp-tarragona-penedes-garraf-anoia\\\/#article\",\"isPartOf\":{\"@id\":\"https:\\\/\\\/www.esplac.cat\\\/octubre-ago-sectors-camp-tarragona-penedes-garraf-anoia\\\/\"},\"author\":{\"name\":\"Comunicaci\u00f3 Esplac\",\"@id\":\"https:\\\/\\\/www.esplac.cat\\\/#\\\/schema\\\/person\\\/908383cf240be18b68f8855d0583faca\"},\"headline\":\"Encetem l&#8217;octubre amb les AGO dels sectors Camp de Tarragona i Pened\u00e8s, Garraf i Anoia\",\"datePublished\":\"2021-10-13T11:31:50+00:00\",\"dateModified\":\"2021-10-13T11:50:04+00:00\",\"mainEntityOfPage\":{\"@id\":\"https:\\\/\\\/www.esplac.cat\\\/octubre-ago-sectors-camp-tarragona-penedes-garraf-anoia\\\/\"},\"wordCount\":482,\"publisher\":{\"@id\":\"https:\\\/\\\/www.esplac.cat\\\/#organization\"},\"image\":{\"@id\":\"https:\\\/\\\/www.esplac.cat\\\/octubre-ago-sectors-camp-tarragona-penedes-garraf-anoia\\\/#primaryimage\"},\"thumbnailUrl\":\"https:\\\/\\\/www.esplac.cat\\\/wp-content\\\/uploads\\\/2021\\\/10\\\/Portades-Web-8.jpg\",\"articleSection\":[\"Sector Camp de Tarragona\",\"Sector Pened\u00e8s, Garraf i Anoia\"],\"inLanguage\":\"es\"},{\"@type\":\"WebPage\",\"@id\":\"https:\\\/\\\/www.esplac.cat\\\/octubre-ago-sectors-camp-tarragona-penedes-garraf-anoia\\\/\",\"url\":\"https:\\\/\\\/www.esplac.cat\\\/octubre-ago-sectors-camp-tarragona-penedes-garraf-anoia\\\/\",\"name\":\"Encetem l'octubre amb les AGO dels sectors Camp de Tarragona i Pened\u00e8s, Garraf i Anoia - Esplac\",\"isPartOf\":{\"@id\":\"https:\\\/\\\/www.esplac.cat\\\/#website\"},\"primaryImageOfPage\":{\"@id\":\"https:\\\/\\\/www.esplac.cat\\\/octubre-ago-sectors-camp-tarragona-penedes-garraf-anoia\\\/#primaryimage\"},\"image\":{\"@id\":\"https:\\\/\\\/www.esplac.cat\\\/octubre-ago-sectors-camp-tarragona-penedes-garraf-anoia\\\/#primaryimage\"},\"thumbnailUrl\":\"https:\\\/\\\/www.esplac.cat\\\/wp-content\\\/uploads\\\/2021\\\/10\\\/Portades-Web-8.jpg\",\"datePublished\":\"2021-10-13T11:31:50+00:00\",\"dateModified\":\"2021-10-13T11:50:04+00:00\",\"breadcrumb\":{\"@id\":\"https:\\\/\\\/www.esplac.cat\\\/octubre-ago-sectors-camp-tarragona-penedes-garraf-anoia\\\/#breadcrumb\"},\"inLanguage\":\"es\",\"potentialAction\":[{\"@type\":\"ReadAction\",\"target\":[\"https:\\\/\\\/www.esplac.cat\\\/octubre-ago-sectors-camp-tarragona-penedes-garraf-anoia\\\/\"]}]},{\"@type\":\"ImageObject\",\"inLanguage\":\"es\",\"@id\":\"https:\\\/\\\/www.esplac.cat\\\/octubre-ago-sectors-camp-tarragona-penedes-garraf-anoia\\\/#primaryimage\",\"url\":\"https:\\\/\\\/www.esplac.cat\\\/wp-content\\\/uploads\\\/2021\\\/10\\\/Portades-Web-8.jpg\",\"contentUrl\":\"https:\\\/\\\/www.esplac.cat\\\/wp-content\\\/uploads\\\/2021\\\/10\\\/Portades-Web-8.jpg\",\"width\":1697,\"height\":700},{\"@type\":\"BreadcrumbList\",\"@id\":\"https:\\\/\\\/www.esplac.cat\\\/octubre-ago-sectors-camp-tarragona-penedes-garraf-anoia\\\/#breadcrumb\",\"itemListElement\":[{\"@type\":\"ListItem\",\"position\":1,\"name\":\"Inici\",\"item\":\"https:\\\/\\\/www.esplac.cat\\\/es\\\/\"},{\"@type\":\"ListItem\",\"position\":2,\"name\":\"Encetem l&#8217;octubre amb les AGO dels sectors Camp de Tarragona i Pened\u00e8s, Garraf i Anoia\"}]},{\"@type\":\"WebSite\",\"@id\":\"https:\\\/\\\/www.esplac.cat\\\/#website\",\"url\":\"https:\\\/\\\/www.esplac.cat\\\/\",\"name\":\"Esplac\",\"description\":\"Esplais Catalans\",\"publisher\":{\"@id\":\"https:\\\/\\\/www.esplac.cat\\\/#organization\"},\"potentialAction\":[{\"@type\":\"SearchAction\",\"target\":{\"@type\":\"EntryPoint\",\"urlTemplate\":\"https:\\\/\\\/www.esplac.cat\\\/?s={search_term_string}\"},\"query-input\":{\"@type\":\"PropertyValueSpecification\",\"valueRequired\":true,\"valueName\":\"search_term_string\"}}],\"inLanguage\":\"es\"},{\"@type\":\"Organization\",\"@id\":\"https:\\\/\\\/www.esplac.cat\\\/#organization\",\"name\":\"Esplac\",\"url\":\"https:\\\/\\\/www.esplac.cat\\\/\",\"logo\":{\"@type\":\"ImageObject\",\"inLanguage\":\"es\",\"@id\":\"https:\\\/\\\/www.esplac.cat\\\/#\\\/schema\\\/logo\\\/image\\\/\",\"url\":\"https:\\\/\\\/www.esplac.cat\\\/wp-content\\\/uploads\\\/2019\\\/08\\\/logox2.png\",\"contentUrl\":\"https:\\\/\\\/www.esplac.cat\\\/wp-content\\\/uploads\\\/2019\\\/08\\\/logox2.png\",\"width\":600,\"height\":295,\"caption\":\"Esplac\"},\"image\":{\"@id\":\"https:\\\/\\\/www.esplac.cat\\\/#\\\/schema\\\/logo\\\/image\\\/\"}},{\"@type\":\"Person\",\"@id\":\"https:\\\/\\\/www.esplac.cat\\\/#\\\/schema\\\/person\\\/908383cf240be18b68f8855d0583faca\",\"name\":\"Comunicaci\u00f3 Esplac\",\"image\":{\"@type\":\"ImageObject\",\"inLanguage\":\"es\",\"@id\":\"https:\\\/\\\/secure.gravatar.com\\\/avatar\\\/7a4cf8feb412a76ea4a740ca02d95b06b2907b5a6c648c2dd0a1082a093c3141?s=96&d=mm&r=g\",\"url\":\"https:\\\/\\\/secure.gravatar.com\\\/avatar\\\/7a4cf8feb412a76ea4a740ca02d95b06b2907b5a6c648c2dd0a1082a093c3141?s=96&d=mm&r=g\",\"contentUrl\":\"https:\\\/\\\/secure.gravatar.com\\\/avatar\\\/7a4cf8feb412a76ea4a740ca02d95b06b2907b5a6c648c2dd0a1082a093c3141?s=96&d=mm&r=g\",\"caption\":\"Comunicaci\u00f3 Esplac\"}}]}<\/script>\n<!-- \/ Yoast SEO plugin. -->","yoast_head_json":{"title":"Encetem l'octubre amb les AGO dels sectors Camp de Tarragona i Pened\u00e8s, Garraf i Anoia - Esplac","robots":{"index":"index","follow":"follow","max-snippet":"max-snippet:-1","max-image-preview":"max-image-preview:large","max-video-preview":"max-video-preview:-1"},"canonical":"https:\/\/www.esplac.cat\/octubre-ago-sectors-camp-tarragona-penedes-garraf-anoia\/","og_locale":"es_ES","og_type":"article","og_title":"Encetem l'octubre amb les AGO dels sectors Camp de Tarragona i Pened\u00e8s, Garraf i Anoia - Esplac","og_description":"El mes d&#8217;octubre ha comen\u00e7at amb les Assemblees Generals Ordin\u00e0ries [&hellip;]","og_url":"https:\/\/www.esplac.cat\/octubre-ago-sectors-camp-tarragona-penedes-garraf-anoia\/","og_site_name":"Esplac","article_published_time":"2021-10-13T11:31:50+00:00","article_modified_time":"2021-10-13T11:50:04+00:00","og_image":[{"width":1697,"height":700,"url":"https:\/\/www.esplac.cat\/wp-content\/uploads\/2021\/10\/Portades-Web-8.jpg","type":"image\/jpeg"}],"author":"Comunicaci\u00f3 Esplac","twitter_card":"summary_large_image","twitter_misc":{"Escrito por":"Comunicaci\u00f3 Esplac","Tiempo de lectura":"2 minutos"},"schema":{"@context":"https:\/\/schema.org","@graph":[{"@type":"Article","@id":"https:\/\/www.esplac.cat\/octubre-ago-sectors-camp-tarragona-penedes-garraf-anoia\/#article","isPartOf":{"@id":"https:\/\/www.esplac.cat\/octubre-ago-sectors-camp-tarragona-penedes-garraf-anoia\/"},"author":{"name":"Comunicaci\u00f3 Esplac","@id":"https:\/\/www.esplac.cat\/#\/schema\/person\/908383cf240be18b68f8855d0583faca"},"headline":"Encetem l&#8217;octubre amb les AGO dels sectors Camp de Tarragona i Pened\u00e8s, Garraf i Anoia","datePublished":"2021-10-13T11:31:50+00:00","dateModified":"2021-10-13T11:50:04+00:00","mainEntityOfPage":{"@id":"https:\/\/www.esplac.cat\/octubre-ago-sectors-camp-tarragona-penedes-garraf-anoia\/"},"wordCount":482,"publisher":{"@id":"https:\/\/www.esplac.cat\/#organization"},"image":{"@id":"https:\/\/www.esplac.cat\/octubre-ago-sectors-camp-tarragona-penedes-garraf-anoia\/#primaryimage"},"thumbnailUrl":"https:\/\/www.esplac.cat\/wp-content\/uploads\/2021\/10\/Portades-Web-8.jpg","articleSection":["Sector Camp de Tarragona","Sector Pened\u00e8s, Garraf i Anoia"],"inLanguage":"es"},{"@type":"WebPage","@id":"https:\/\/www.esplac.cat\/octubre-ago-sectors-camp-tarragona-penedes-garraf-anoia\/","url":"https:\/\/www.esplac.cat\/octubre-ago-sectors-camp-tarragona-penedes-garraf-anoia\/","name":"Encetem l'octubre amb les AGO dels sectors Camp de Tarragona i Pened\u00e8s, Garraf i Anoia - Esplac","isPartOf":{"@id":"https:\/\/www.esplac.cat\/#website"},"primaryImageOfPage":{"@id":"https:\/\/www.esplac.cat\/octubre-ago-sectors-camp-tarragona-penedes-garraf-anoia\/#primaryimage"},"image":{"@id":"https:\/\/www.esplac.cat\/octubre-ago-sectors-camp-tarragona-penedes-garraf-anoia\/#primaryimage"},"thumbnailUrl":"https:\/\/www.esplac.cat\/wp-content\/uploads\/2021\/10\/Portades-Web-8.jpg","datePublished":"2021-10-13T11:31:50+00:00","dateModified":"2021-10-13T11:50:04+00:00","breadcrumb":{"@id":"https:\/\/www.esplac.cat\/octubre-ago-sectors-camp-tarragona-penedes-garraf-anoia\/#breadcrumb"},"inLanguage":"es","potentialAction":[{"@type":"ReadAction","target":["https:\/\/www.esplac.cat\/octubre-ago-sectors-camp-tarragona-penedes-garraf-anoia\/"]}]},{"@type":"ImageObject","inLanguage":"es","@id":"https:\/\/www.esplac.cat\/octubre-ago-sectors-camp-tarragona-penedes-garraf-anoia\/#primaryimage","url":"https:\/\/www.esplac.cat\/wp-content\/uploads\/2021\/10\/Portades-Web-8.jpg","contentUrl":"https:\/\/www.esplac.cat\/wp-content\/uploads\/2021\/10\/Portades-Web-8.jpg","width":1697,"height":700},{"@type":"BreadcrumbList","@id":"https:\/\/www.esplac.cat\/octubre-ago-sectors-camp-tarragona-penedes-garraf-anoia\/#breadcrumb","itemListElement":[{"@type":"ListItem","position":1,"name":"Inici","item":"https:\/\/www.esplac.cat\/es\/"},{"@type":"ListItem","position":2,"name":"Encetem l&#8217;octubre amb les AGO dels sectors Camp de Tarragona i Pened\u00e8s, Garraf i Anoia"}]},{"@type":"WebSite","@id":"https:\/\/www.esplac.cat\/#website","url":"https:\/\/www.esplac.cat\/","name":"Esplac","description":"Esplais Catalans","publisher":{"@id":"https:\/\/www.esplac.cat\/#organization"},"potentialAction":[{"@type":"SearchAction","target":{"@type":"EntryPoint","urlTemplate":"https:\/\/www.esplac.cat\/?s={search_term_string}"},"query-input":{"@type":"PropertyValueSpecification","valueRequired":true,"valueName":"search_term_string"}}],"inLanguage":"es"},{"@type":"Organization","@id":"https:\/\/www.esplac.cat\/#organization","name":"Esplac","url":"https:\/\/www.esplac.cat\/","logo":{"@type":"ImageObject","inLanguage":"es","@id":"https:\/\/www.esplac.cat\/#\/schema\/logo\/image\/","url":"https:\/\/www.esplac.cat\/wp-content\/uploads\/2019\/08\/logox2.png","contentUrl":"https:\/\/www.esplac.cat\/wp-content\/uploads\/2019\/08\/logox2.png","width":600,"height":295,"caption":"Esplac"},"image":{"@id":"https:\/\/www.esplac.cat\/#\/schema\/logo\/image\/"}},{"@type":"Person","@id":"https:\/\/www.esplac.cat\/#\/schema\/person\/908383cf240be18b68f8855d0583faca","name":"Comunicaci\u00f3 Esplac","image":{"@type":"ImageObject","inLanguage":"es","@id":"https:\/\/secure.gravatar.com\/avatar\/7a4cf8feb412a76ea4a740ca02d95b06b2907b5a6c648c2dd0a1082a093c3141?s=96&d=mm&r=g","url":"https:\/\/secure.gravatar.com\/avatar\/7a4cf8feb412a76ea4a740ca02d95b06b2907b5a6c648c2dd0a1082a093c3141?s=96&d=mm&r=g","contentUrl":"https:\/\/secure.gravatar.com\/avatar\/7a4cf8feb412a76ea4a740ca02d95b06b2907b5a6c648c2dd0a1082a093c3141?s=96&d=mm&r=g","caption":"Comunicaci\u00f3 Esplac"}}]}},"_links":{"self":[{"href":"https:\/\/www.esplac.cat\/es\/wp-json\/wp\/v2\/posts\/37411","targetHints":{"allow":["GET"]}}],"collection":[{"href":"https:\/\/www.esplac.cat\/es\/wp-json\/wp\/v2\/posts"}],"about":[{"href":"https:\/\/www.esplac.cat\/es\/wp-json\/wp\/v2\/types\/post"}],"author":[{"embeddable":true,"href":"https:\/\/www.esplac.cat\/es\/wp-json\/wp\/v2\/users\/3"}],"replies":[{"embeddable":true,"href":"https:\/\/www.esplac.cat\/es\/wp-json\/wp\/v2\/comments?post=37411"}],"version-history":[{"count":0,"href":"https:\/\/www.esplac.cat\/es\/wp-json\/wp\/v2\/posts\/37411\/revisions"}],"wp:featuredmedia":[{"embeddable":true,"href":"https:\/\/www.esplac.cat\/es\/wp-json\/wp\/v2\/media\/37445"}],"wp:attachment":[{"href":"https:\/\/www.esplac.cat\/es\/wp-json\/wp\/v2\/media?parent=37411"}],"wp:term":[{"taxonomy":"category","embeddable":true,"href":"https:\/\/www.esplac.cat\/es\/wp-json\/wp\/v2\/categories?post=37411"},{"taxonomy":"post_tag","embeddable":true,"href":"https:\/\/www.esplac.cat\/es\/wp-json\/wp\/v2\/tags?post=37411"}],"curies":[{"name":"wp","href":"https:\/\/api.w.org\/{rel}","templated":true}]}}