{"id":37588,"date":"2021-10-20T15:33:26","date_gmt":"2021-10-20T13:33:26","guid":{"rendered":"https:\/\/www.esplac.cat\/?p=37588"},"modified":"2021-12-27T12:50:35","modified_gmt":"2021-12-27T10:50:35","slug":"tot-el-que-necessites-saber-de-la-common-ground-2022","status":"publish","type":"post","link":"https:\/\/www.esplac.cat\/es\/tot-el-que-necessites-saber-de-la-common-ground-2022\/","title":{"rendered":"Tot el que necessites saber de la Common Ground 2022!"},"content":{"rendered":"<div class=\"fusion-fullwidth fullwidth-box fusion-builder-row-1 nonhundred-percent-fullwidth non-hundred-percent-height-scrolling\" style=\"--awb-border-radius-top-left:0px;--awb-border-radius-top-right:0px;--awb-border-radius-bottom-right:0px;--awb-border-radius-bottom-left:0px;--awb-flex-wrap:wrap;\" ><div class=\"fusion-builder-row fusion-row\"><div class=\"fusion-layout-column fusion_builder_column fusion-builder-column-0 fusion_builder_column_1_1 1_1 fusion-one-full fusion-column-first fusion-column-last\" style=\"--awb-bg-size:cover;--awb-margin-bottom:0px;\"><div class=\"fusion-column-wrapper fusion-flex-column-wrapper-legacy\"><div class=\"fusion-text fusion-text-1\"><h6><strong>La Common Ground&#8217;22, el campament internacional organitzat per \u00a0l&#8217;IFM-SEI, ser\u00e0 del\u00a029 de juliol al 8 d&#8217;agost de 2022 a Kelmarsh Hall, Regne Unit<\/strong><\/h6>\n<p>L&#8217;estiu de 2022 es dur\u00e0 el campament internacional de l&#8217;IFM-SEI, <span style=\"color: #f69d0b;\"><a style=\"color: #f69d0b;\" href=\"https:\/\/www.commonground.camp\">la Common Ground<\/a><\/span>, i tindr\u00e0 una durada de 10 nits,\u00a0del 29 de juliol al dilluns 8 de d&#8217;agost de 2022.\u00a0Aquest campament, <span class=\"\">que espera arreplegar entre 2.000 y 3.000 personas, est\u00e0 organitzat per\u00a0<\/span>Woodcraft Folk i comptar\u00e0 amb membres de diferents organitzacions de tot el m\u00f3n, entre elles Esplac. Aix\u00ed doncs, si ets una esplai i est\u00e0s interessat en anar a la Common Ground&#8217;22 amb alguns dels teus grups d&#8217;edat, aquesta informaci\u00f3 t&#8217;interessa!<\/p>\n<p>Des d&#8217;Esplac estem comen\u00e7ant a engegar motors en la preparaci\u00f3 de la Common Ground&#8217;22 i \u00e9s per aix\u00f2 que us responem un seguit de preguntes que us poden interessar si us esteu plantejant anar a la Common Ground&#8217;22!<\/p>\n<p><strong>Qu\u00e8 \u00e9s la Common Ground?<\/strong><\/p>\n<p>Un campament internacional de l&#8217;IFM-SEI on es reunirant milers d&#8217;infants i joves de tot el m\u00f3n durant deu dies de campament, cooperaci\u00f3 i amistat!<\/p>\n<p><strong>Quan ser\u00e0 la Common Ground?<\/strong><\/p>\n<p>Del 29 de juliol al dilluns 8 de d&#8217;agost de 2022<\/p>\n<p><strong>On ser\u00e0 la Common Ground?<\/strong><\/p>\n<p>A Kelmarsh Hall, Regne Unit<\/p>\n<p><strong>Qui hi pot participar?<\/strong><\/p>\n<p>Qualsevol esplai d&#8217;Esplac pot participar i heu d&#8217;enviar un correu dient que esteu interessats a <span style=\"color: #f69d0b;\"><a style=\"color: #f69d0b;\" href=\"mailto:internacional@esplac.cat\">internacional@esplac.cat<\/a><span style=\"color: #000000;\"><span style=\"color: #f69d0b;\">.<\/span>\u00a0<\/span><\/span><\/p>\n<p><strong>M\u00e9s informaci\u00f3: <\/strong><span style=\"color: #f69d0b;\"><span style=\"color: #000000;\">Nova reuni\u00f3 informativa: Dijous 20 de gener, 17 h (podeu unir-vos <span style=\"color: #ff9900;\"><a style=\"color: #ff9900;\" href=\"https:\/\/chat.whatsapp.com\/HIL6xMugDoX6TQCwNqkpIR\">al grup de WhatsApp<\/a><span style=\"color: #000000;\">).<\/span><\/span>\u00a0<\/span><span style=\"color: #000000;\">\u00a0Tamb\u00e9 trobareu tota la informaci\u00f3 necess\u00e0ria a la <span style=\"color: #f69d0b;\"><a style=\"color: #f69d0b;\" href=\"https:\/\/www.commonground.camp\">p\u00e0gina web<\/a><\/span> de la Common Ground!<\/span><\/span><\/p>\n<\/div><div class=\"fusion-clearfix\"><\/div><\/div><\/div><\/div><\/div>\n","protected":false},"excerpt":{"rendered":"","protected":false},"author":3,"featured_media":37589,"comment_status":"closed","ping_status":"closed","sticky":false,"template":"","format":"standard","meta":{"om_disable_all_campaigns":false,"_monsterinsights_skip_tracking":false,"_monsterinsights_sitenote_active":false,"_monsterinsights_sitenote_note":"","_monsterinsights_sitenote_category":0,"_uf_show_specific_survey":0,"_uf_disable_surveys":false,"footnotes":""},"categories":[1112],"tags":[],"class_list":["post-37588","post","type-post","status-publish","format-standard","has-post-thumbnail","hentry","category-esplac-al-mon"],"yoast_head":"<!-- This site is optimized with the Yoast SEO plugin v27.5 - https:\/\/yoast.com\/product\/yoast-seo-wordpress\/ -->\n<title>Tot el que necessites saber de la Common Ground 2022! - Esplac<\/title>\n<meta name=\"robots\" content=\"index, follow, max-snippet:-1, max-image-preview:large, max-video-preview:-1\" \/>\n<link rel=\"canonical\" href=\"https:\/\/www.esplac.cat\/es\/tot-el-que-necessites-saber-de-la-common-ground-2022\/\" \/>\n<meta property=\"og:locale\" content=\"es_ES\" \/>\n<meta property=\"og:type\" content=\"article\" \/>\n<meta property=\"og:title\" content=\"Tot el que necessites saber de la Common Ground 2022! - Esplac\" \/>\n<meta property=\"og:url\" content=\"https:\/\/www.esplac.cat\/es\/tot-el-que-necessites-saber-de-la-common-ground-2022\/\" \/>\n<meta property=\"og:site_name\" content=\"Esplac\" \/>\n<meta property=\"article:published_time\" content=\"2021-10-20T13:33:26+00:00\" \/>\n<meta property=\"article:modified_time\" content=\"2021-12-27T10:50:35+00:00\" \/>\n<meta property=\"og:image\" content=\"https:\/\/www.esplac.cat\/wp-content\/uploads\/2021\/10\/1.jpg\" \/>\n\t<meta property=\"og:image:width\" content=\"1697\" \/>\n\t<meta property=\"og:image:height\" content=\"700\" \/>\n\t<meta property=\"og:image:type\" content=\"image\/jpeg\" \/>\n<meta name=\"author\" content=\"Comunicaci\u00f3 Esplac\" \/>\n<meta name=\"twitter:card\" content=\"summary_large_image\" \/>\n<meta name=\"twitter:label1\" content=\"Escrito por\" \/>\n\t<meta name=\"twitter:data1\" content=\"Comunicaci\u00f3 Esplac\" \/>\n\t<meta name=\"twitter:label2\" content=\"Tiempo de lectura\" \/>\n\t<meta name=\"twitter:data2\" content=\"2 minutos\" \/>\n<script type=\"application\/ld+json\" class=\"yoast-schema-graph\">{\"@context\":\"https:\\\/\\\/schema.org\",\"@graph\":[{\"@type\":\"Article\",\"@id\":\"https:\\\/\\\/www.esplac.cat\\\/es\\\/tot-el-que-necessites-saber-de-la-common-ground-2022\\\/#article\",\"isPartOf\":{\"@id\":\"https:\\\/\\\/www.esplac.cat\\\/es\\\/tot-el-que-necessites-saber-de-la-common-ground-2022\\\/\"},\"author\":{\"name\":\"Comunicaci\u00f3 Esplac\",\"@id\":\"https:\\\/\\\/www.esplac.cat\\\/#\\\/schema\\\/person\\\/908383cf240be18b68f8855d0583faca\"},\"headline\":\"Tot el que necessites saber de la Common Ground 2022!\",\"datePublished\":\"2021-10-20T13:33:26+00:00\",\"dateModified\":\"2021-12-27T10:50:35+00:00\",\"mainEntityOfPage\":{\"@id\":\"https:\\\/\\\/www.esplac.cat\\\/es\\\/tot-el-que-necessites-saber-de-la-common-ground-2022\\\/\"},\"wordCount\":429,\"publisher\":{\"@id\":\"https:\\\/\\\/www.esplac.cat\\\/#organization\"},\"image\":{\"@id\":\"https:\\\/\\\/www.esplac.cat\\\/es\\\/tot-el-que-necessites-saber-de-la-common-ground-2022\\\/#primaryimage\"},\"thumbnailUrl\":\"https:\\\/\\\/www.esplac.cat\\\/wp-content\\\/uploads\\\/2021\\\/10\\\/1.jpg\",\"articleSection\":[\"Esplac al m\u00f3n\"],\"inLanguage\":\"es\"},{\"@type\":\"WebPage\",\"@id\":\"https:\\\/\\\/www.esplac.cat\\\/es\\\/tot-el-que-necessites-saber-de-la-common-ground-2022\\\/\",\"url\":\"https:\\\/\\\/www.esplac.cat\\\/es\\\/tot-el-que-necessites-saber-de-la-common-ground-2022\\\/\",\"name\":\"Tot el que necessites saber de la Common Ground 2022! - Esplac\",\"isPartOf\":{\"@id\":\"https:\\\/\\\/www.esplac.cat\\\/#website\"},\"primaryImageOfPage\":{\"@id\":\"https:\\\/\\\/www.esplac.cat\\\/es\\\/tot-el-que-necessites-saber-de-la-common-ground-2022\\\/#primaryimage\"},\"image\":{\"@id\":\"https:\\\/\\\/www.esplac.cat\\\/es\\\/tot-el-que-necessites-saber-de-la-common-ground-2022\\\/#primaryimage\"},\"thumbnailUrl\":\"https:\\\/\\\/www.esplac.cat\\\/wp-content\\\/uploads\\\/2021\\\/10\\\/1.jpg\",\"datePublished\":\"2021-10-20T13:33:26+00:00\",\"dateModified\":\"2021-12-27T10:50:35+00:00\",\"breadcrumb\":{\"@id\":\"https:\\\/\\\/www.esplac.cat\\\/es\\\/tot-el-que-necessites-saber-de-la-common-ground-2022\\\/#breadcrumb\"},\"inLanguage\":\"es\",\"potentialAction\":[{\"@type\":\"ReadAction\",\"target\":[\"https:\\\/\\\/www.esplac.cat\\\/es\\\/tot-el-que-necessites-saber-de-la-common-ground-2022\\\/\"]}]},{\"@type\":\"ImageObject\",\"inLanguage\":\"es\",\"@id\":\"https:\\\/\\\/www.esplac.cat\\\/es\\\/tot-el-que-necessites-saber-de-la-common-ground-2022\\\/#primaryimage\",\"url\":\"https:\\\/\\\/www.esplac.cat\\\/wp-content\\\/uploads\\\/2021\\\/10\\\/1.jpg\",\"contentUrl\":\"https:\\\/\\\/www.esplac.cat\\\/wp-content\\\/uploads\\\/2021\\\/10\\\/1.jpg\",\"width\":1697,\"height\":700},{\"@type\":\"BreadcrumbList\",\"@id\":\"https:\\\/\\\/www.esplac.cat\\\/es\\\/tot-el-que-necessites-saber-de-la-common-ground-2022\\\/#breadcrumb\",\"itemListElement\":[{\"@type\":\"ListItem\",\"position\":1,\"name\":\"Inici\",\"item\":\"https:\\\/\\\/www.esplac.cat\\\/es\\\/\"},{\"@type\":\"ListItem\",\"position\":2,\"name\":\"Tot el que necessites saber de la Common Ground 2022!\"}]},{\"@type\":\"WebSite\",\"@id\":\"https:\\\/\\\/www.esplac.cat\\\/#website\",\"url\":\"https:\\\/\\\/www.esplac.cat\\\/\",\"name\":\"Esplac\",\"description\":\"Esplais Catalans\",\"publisher\":{\"@id\":\"https:\\\/\\\/www.esplac.cat\\\/#organization\"},\"potentialAction\":[{\"@type\":\"SearchAction\",\"target\":{\"@type\":\"EntryPoint\",\"urlTemplate\":\"https:\\\/\\\/www.esplac.cat\\\/?s={search_term_string}\"},\"query-input\":{\"@type\":\"PropertyValueSpecification\",\"valueRequired\":true,\"valueName\":\"search_term_string\"}}],\"inLanguage\":\"es\"},{\"@type\":\"Organization\",\"@id\":\"https:\\\/\\\/www.esplac.cat\\\/#organization\",\"name\":\"Esplac\",\"url\":\"https:\\\/\\\/www.esplac.cat\\\/\",\"logo\":{\"@type\":\"ImageObject\",\"inLanguage\":\"es\",\"@id\":\"https:\\\/\\\/www.esplac.cat\\\/#\\\/schema\\\/logo\\\/image\\\/\",\"url\":\"https:\\\/\\\/www.esplac.cat\\\/wp-content\\\/uploads\\\/2019\\\/08\\\/logox2.png\",\"contentUrl\":\"https:\\\/\\\/www.esplac.cat\\\/wp-content\\\/uploads\\\/2019\\\/08\\\/logox2.png\",\"width\":600,\"height\":295,\"caption\":\"Esplac\"},\"image\":{\"@id\":\"https:\\\/\\\/www.esplac.cat\\\/#\\\/schema\\\/logo\\\/image\\\/\"}},{\"@type\":\"Person\",\"@id\":\"https:\\\/\\\/www.esplac.cat\\\/#\\\/schema\\\/person\\\/908383cf240be18b68f8855d0583faca\",\"name\":\"Comunicaci\u00f3 Esplac\",\"image\":{\"@type\":\"ImageObject\",\"inLanguage\":\"es\",\"@id\":\"https:\\\/\\\/secure.gravatar.com\\\/avatar\\\/7a4cf8feb412a76ea4a740ca02d95b06b2907b5a6c648c2dd0a1082a093c3141?s=96&d=mm&r=g\",\"url\":\"https:\\\/\\\/secure.gravatar.com\\\/avatar\\\/7a4cf8feb412a76ea4a740ca02d95b06b2907b5a6c648c2dd0a1082a093c3141?s=96&d=mm&r=g\",\"contentUrl\":\"https:\\\/\\\/secure.gravatar.com\\\/avatar\\\/7a4cf8feb412a76ea4a740ca02d95b06b2907b5a6c648c2dd0a1082a093c3141?s=96&d=mm&r=g\",\"caption\":\"Comunicaci\u00f3 Esplac\"}}]}<\/script>\n<!-- \/ Yoast SEO plugin. -->","yoast_head_json":{"title":"Tot el que necessites saber de la Common Ground 2022! - Esplac","robots":{"index":"index","follow":"follow","max-snippet":"max-snippet:-1","max-image-preview":"max-image-preview:large","max-video-preview":"max-video-preview:-1"},"canonical":"https:\/\/www.esplac.cat\/es\/tot-el-que-necessites-saber-de-la-common-ground-2022\/","og_locale":"es_ES","og_type":"article","og_title":"Tot el que necessites saber de la Common Ground 2022! - Esplac","og_url":"https:\/\/www.esplac.cat\/es\/tot-el-que-necessites-saber-de-la-common-ground-2022\/","og_site_name":"Esplac","article_published_time":"2021-10-20T13:33:26+00:00","article_modified_time":"2021-12-27T10:50:35+00:00","og_image":[{"width":1697,"height":700,"url":"https:\/\/www.esplac.cat\/wp-content\/uploads\/2021\/10\/1.jpg","type":"image\/jpeg"}],"author":"Comunicaci\u00f3 Esplac","twitter_card":"summary_large_image","twitter_misc":{"Escrito por":"Comunicaci\u00f3 Esplac","Tiempo de lectura":"2 minutos"},"schema":{"@context":"https:\/\/schema.org","@graph":[{"@type":"Article","@id":"https:\/\/www.esplac.cat\/es\/tot-el-que-necessites-saber-de-la-common-ground-2022\/#article","isPartOf":{"@id":"https:\/\/www.esplac.cat\/es\/tot-el-que-necessites-saber-de-la-common-ground-2022\/"},"author":{"name":"Comunicaci\u00f3 Esplac","@id":"https:\/\/www.esplac.cat\/#\/schema\/person\/908383cf240be18b68f8855d0583faca"},"headline":"Tot el que necessites saber de la Common Ground 2022!","datePublished":"2021-10-20T13:33:26+00:00","dateModified":"2021-12-27T10:50:35+00:00","mainEntityOfPage":{"@id":"https:\/\/www.esplac.cat\/es\/tot-el-que-necessites-saber-de-la-common-ground-2022\/"},"wordCount":429,"publisher":{"@id":"https:\/\/www.esplac.cat\/#organization"},"image":{"@id":"https:\/\/www.esplac.cat\/es\/tot-el-que-necessites-saber-de-la-common-ground-2022\/#primaryimage"},"thumbnailUrl":"https:\/\/www.esplac.cat\/wp-content\/uploads\/2021\/10\/1.jpg","articleSection":["Esplac al m\u00f3n"],"inLanguage":"es"},{"@type":"WebPage","@id":"https:\/\/www.esplac.cat\/es\/tot-el-que-necessites-saber-de-la-common-ground-2022\/","url":"https:\/\/www.esplac.cat\/es\/tot-el-que-necessites-saber-de-la-common-ground-2022\/","name":"Tot el que necessites saber de la Common Ground 2022! - Esplac","isPartOf":{"@id":"https:\/\/www.esplac.cat\/#website"},"primaryImageOfPage":{"@id":"https:\/\/www.esplac.cat\/es\/tot-el-que-necessites-saber-de-la-common-ground-2022\/#primaryimage"},"image":{"@id":"https:\/\/www.esplac.cat\/es\/tot-el-que-necessites-saber-de-la-common-ground-2022\/#primaryimage"},"thumbnailUrl":"https:\/\/www.esplac.cat\/wp-content\/uploads\/2021\/10\/1.jpg","datePublished":"2021-10-20T13:33:26+00:00","dateModified":"2021-12-27T10:50:35+00:00","breadcrumb":{"@id":"https:\/\/www.esplac.cat\/es\/tot-el-que-necessites-saber-de-la-common-ground-2022\/#breadcrumb"},"inLanguage":"es","potentialAction":[{"@type":"ReadAction","target":["https:\/\/www.esplac.cat\/es\/tot-el-que-necessites-saber-de-la-common-ground-2022\/"]}]},{"@type":"ImageObject","inLanguage":"es","@id":"https:\/\/www.esplac.cat\/es\/tot-el-que-necessites-saber-de-la-common-ground-2022\/#primaryimage","url":"https:\/\/www.esplac.cat\/wp-content\/uploads\/2021\/10\/1.jpg","contentUrl":"https:\/\/www.esplac.cat\/wp-content\/uploads\/2021\/10\/1.jpg","width":1697,"height":700},{"@type":"BreadcrumbList","@id":"https:\/\/www.esplac.cat\/es\/tot-el-que-necessites-saber-de-la-common-ground-2022\/#breadcrumb","itemListElement":[{"@type":"ListItem","position":1,"name":"Inici","item":"https:\/\/www.esplac.cat\/es\/"},{"@type":"ListItem","position":2,"name":"Tot el que necessites saber de la Common Ground 2022!"}]},{"@type":"WebSite","@id":"https:\/\/www.esplac.cat\/#website","url":"https:\/\/www.esplac.cat\/","name":"Esplac","description":"Esplais Catalans","publisher":{"@id":"https:\/\/www.esplac.cat\/#organization"},"potentialAction":[{"@type":"SearchAction","target":{"@type":"EntryPoint","urlTemplate":"https:\/\/www.esplac.cat\/?s={search_term_string}"},"query-input":{"@type":"PropertyValueSpecification","valueRequired":true,"valueName":"search_term_string"}}],"inLanguage":"es"},{"@type":"Organization","@id":"https:\/\/www.esplac.cat\/#organization","name":"Esplac","url":"https:\/\/www.esplac.cat\/","logo":{"@type":"ImageObject","inLanguage":"es","@id":"https:\/\/www.esplac.cat\/#\/schema\/logo\/image\/","url":"https:\/\/www.esplac.cat\/wp-content\/uploads\/2019\/08\/logox2.png","contentUrl":"https:\/\/www.esplac.cat\/wp-content\/uploads\/2019\/08\/logox2.png","width":600,"height":295,"caption":"Esplac"},"image":{"@id":"https:\/\/www.esplac.cat\/#\/schema\/logo\/image\/"}},{"@type":"Person","@id":"https:\/\/www.esplac.cat\/#\/schema\/person\/908383cf240be18b68f8855d0583faca","name":"Comunicaci\u00f3 Esplac","image":{"@type":"ImageObject","inLanguage":"es","@id":"https:\/\/secure.gravatar.com\/avatar\/7a4cf8feb412a76ea4a740ca02d95b06b2907b5a6c648c2dd0a1082a093c3141?s=96&d=mm&r=g","url":"https:\/\/secure.gravatar.com\/avatar\/7a4cf8feb412a76ea4a740ca02d95b06b2907b5a6c648c2dd0a1082a093c3141?s=96&d=mm&r=g","contentUrl":"https:\/\/secure.gravatar.com\/avatar\/7a4cf8feb412a76ea4a740ca02d95b06b2907b5a6c648c2dd0a1082a093c3141?s=96&d=mm&r=g","caption":"Comunicaci\u00f3 Esplac"}}]}},"_links":{"self":[{"href":"https:\/\/www.esplac.cat\/es\/wp-json\/wp\/v2\/posts\/37588","targetHints":{"allow":["GET"]}}],"collection":[{"href":"https:\/\/www.esplac.cat\/es\/wp-json\/wp\/v2\/posts"}],"about":[{"href":"https:\/\/www.esplac.cat\/es\/wp-json\/wp\/v2\/types\/post"}],"author":[{"embeddable":true,"href":"https:\/\/www.esplac.cat\/es\/wp-json\/wp\/v2\/users\/3"}],"replies":[{"embeddable":true,"href":"https:\/\/www.esplac.cat\/es\/wp-json\/wp\/v2\/comments?post=37588"}],"version-history":[{"count":0,"href":"https:\/\/www.esplac.cat\/es\/wp-json\/wp\/v2\/posts\/37588\/revisions"}],"wp:featuredmedia":[{"embeddable":true,"href":"https:\/\/www.esplac.cat\/es\/wp-json\/wp\/v2\/media\/37589"}],"wp:attachment":[{"href":"https:\/\/www.esplac.cat\/es\/wp-json\/wp\/v2\/media?parent=37588"}],"wp:term":[{"taxonomy":"category","embeddable":true,"href":"https:\/\/www.esplac.cat\/es\/wp-json\/wp\/v2\/categories?post=37588"},{"taxonomy":"post_tag","embeddable":true,"href":"https:\/\/www.esplac.cat\/es\/wp-json\/wp\/v2\/tags?post=37588"}],"curies":[{"name":"wp","href":"https:\/\/api.w.org\/{rel}","templated":true}]}}