{"id":37623,"date":"2021-10-22T12:45:29","date_gmt":"2021-10-22T10:45:29","guid":{"rendered":"https:\/\/www.esplac.cat\/?p=37623"},"modified":"2021-10-22T12:53:28","modified_gmt":"2021-10-22T10:53:28","slug":"que-setmanes-sectors-esplac","status":"publish","type":"post","link":"https:\/\/www.esplac.cat\/es\/que-setmanes-sectors-esplac\/","title":{"rendered":"Qu\u00e8 s&#8217;est\u00e0 fent aquestes setmanes als sectors d&#8217;Esplac&#8230;?"},"content":{"rendered":"<h6><strong>Assemblees Generals Ordin\u00e0ries dels sectors, reunions, trobades de cohesi\u00f3&#8230; un mes d&#8217;octubre en el que els sectors geogr\u00e0fics d&#8217;Esplac no paren! Vols saber qu\u00e8 han fet el Sector Barcelona, el Sector Maresme, el Vall\u00e8s Occidental i l&#8217;Oriental?<\/strong><\/h6>\n<div><em><strong>El Sector Barcelona vota els nous subsectors a la seva AGO amb 19 esplais participants<\/strong><\/em><\/div>\n<div>\n<p>Dilluns 18 d\u2019octubre a l\u2019Espai Cal\u00e0bria 66 (Espai en el qual l\u2019esplai Totikap en forma part) es va celebrar l\u2019Assemblea General Ordin\u00e0ria del Sector Barcelona, coincidint amb la Reuni\u00f3 de Sector. Van ser un total de 48 persones de 19 esplais diferents.<\/p>\n<h4><span style=\"font-weight: 400;\">L\u2019AGO d\u2019aquest 2021 ha estat especialment rellevant per dos motius diferents: Per una banda, s&#8217;ha pogut tornar a <\/span><b>celebrar de forma presencial<\/b><span style=\"font-weight: 400;\"> (el curs passat, a causa de les restriccions derivades de la Covid-19, es va haver de realitzar-la telem\u00e0ticament). Per altra banda, s&#8217;ha votat el <\/span><b>canvi organitzatiu i t\u00e8cnic intern del Sector Barcelona<\/b><span style=\"font-weight: 400;\">: tot i que de cara a Esplac el sector seguir\u00e0 sent el mateix, <\/span><span style=\"font-weight: 400;\">a nivell intern es treballar\u00e0 per <\/span><b>subsectors: Gracioles, Gregal i SantsAntxample<\/b><span style=\"font-weight: 400;\">.\u00a0 A l\u2019AGO s&#8217;ha decidit conjuntament quines activitats i projectes se seguiran fent a nivell de Barcelona i quines es faran de forma separada.\u00a0<\/span><\/h4>\n<p><span style=\"font-weight: 400;\">Pel que fa a les <\/span><b>candidates a l\u2019EGS<\/b><span style=\"font-weight: 400;\">, tamb\u00e9 hi ha hagut moviment. Despr\u00e9s de 3 anys de mandat, la Paula Moreno (Esplai Espurna) ha deixat el c\u00e0rrec. El Sam Costa (Esplai Totikap) i el Pau Mora (Esplai Espurna de Gr\u00e0cia) tamb\u00e9 han acabat el seu mandat de 2 anys. El sector est\u00e0 molt agra\u00eft per tota la feina que han fet! La Mariona Olivella (Esplai Totikap) i la Laura Mu\u00f1oz (Esplai Matinada-P\u00f2rtics) realitzaran el seu 2n curs com a EGS i entra a l\u2019equip el Gerard Guti\u00e9rrez (Espurna de Gr\u00e0cia). Quin equip\u00e0s!<\/span><\/p>\n<p><span style=\"font-weight: 400;\">Des del Sector tenen la intenci\u00f3 de celebrar una Assemblea General Extraordin\u00e0ria al desembre per votar el pressupost del nou curs i noves membres de l\u2019EGS. De moment, saben que el Bernat Riu (Esplai Movi de Sarri\u00e0) presentar\u00e0 la seva candidatura aleshores.<\/span><\/p>\n\n\t\t<style type=\"text\/css\">\n\t\t\t#gallery-1 {\n\t\t\t\tmargin: auto;\n\t\t\t}\n\t\t\t#gallery-1 .gallery-item {\n\t\t\t\tfloat: left;\n\t\t\t\tmargin-top: 10px;\n\t\t\t\ttext-align: center;\n\t\t\t\twidth: 50%;\n\t\t\t}\n\t\t\t#gallery-1 img {\n\t\t\t\tborder: 2px solid #cfcfcf;\n\t\t\t}\n\t\t\t#gallery-1 .gallery-caption {\n\t\t\t\tmargin-left: 0;\n\t\t\t}\n\t\t\t\/* see gallery_shortcode() in wp-includes\/media.php *\/\n\t\t<\/style>\n\t\t<div id='gallery-1' class='gallery galleryid-37623 gallery-columns-2 gallery-size-medium'><dl class='gallery-item'>\n\t\t\t<dt class='gallery-icon landscape'>\n\t\t\t\t<a data-rel=\"iLightbox[postimages]\" data-title=\"bcn\" data-caption=\"\" href='https:\/\/www.esplac.cat\/wp-content\/uploads\/2021\/10\/bcn.jpeg'><img decoding=\"async\" width=\"300\" height=\"225\" src=\"https:\/\/www.esplac.cat\/wp-content\/uploads\/2021\/10\/bcn-300x225.jpeg\" class=\"attachment-medium size-medium\" alt=\"\" srcset=\"https:\/\/www.esplac.cat\/wp-content\/uploads\/2021\/10\/bcn-200x150.jpeg 200w, https:\/\/www.esplac.cat\/wp-content\/uploads\/2021\/10\/bcn-300x225.jpeg 300w, https:\/\/www.esplac.cat\/wp-content\/uploads\/2021\/10\/bcn-400x300.jpeg 400w, https:\/\/www.esplac.cat\/wp-content\/uploads\/2021\/10\/bcn-600x450.jpeg 600w, https:\/\/www.esplac.cat\/wp-content\/uploads\/2021\/10\/bcn-768x576.jpeg 768w, https:\/\/www.esplac.cat\/wp-content\/uploads\/2021\/10\/bcn-800x600.jpeg 800w, https:\/\/www.esplac.cat\/wp-content\/uploads\/2021\/10\/bcn-1024x768.jpeg 1024w, https:\/\/www.esplac.cat\/wp-content\/uploads\/2021\/10\/bcn-1200x900.jpeg 1200w, https:\/\/www.esplac.cat\/wp-content\/uploads\/2021\/10\/bcn-1536x1152.jpeg 1536w, https:\/\/www.esplac.cat\/wp-content\/uploads\/2021\/10\/bcn.jpeg 1600w\" sizes=\"(max-width: 300px) 100vw, 300px\" \/><\/a>\n\t\t\t<\/dt><\/dl><dl class='gallery-item'>\n\t\t\t<dt class='gallery-icon landscape'>\n\t\t\t\t<a data-rel=\"iLightbox[postimages]\" data-title=\"WhatsApp Image 2021-10-18 at 23.45.26 (1)\" data-caption=\"\" href='https:\/\/www.esplac.cat\/wp-content\/uploads\/2021\/10\/WhatsApp-Image-2021-10-18-at-23.45.26-1.jpeg'><img decoding=\"async\" width=\"300\" height=\"225\" src=\"https:\/\/www.esplac.cat\/wp-content\/uploads\/2021\/10\/WhatsApp-Image-2021-10-18-at-23.45.26-1-300x225.jpeg\" class=\"attachment-medium size-medium\" alt=\"\" srcset=\"https:\/\/www.esplac.cat\/wp-content\/uploads\/2021\/10\/WhatsApp-Image-2021-10-18-at-23.45.26-1-200x150.jpeg 200w, https:\/\/www.esplac.cat\/wp-content\/uploads\/2021\/10\/WhatsApp-Image-2021-10-18-at-23.45.26-1-300x225.jpeg 300w, https:\/\/www.esplac.cat\/wp-content\/uploads\/2021\/10\/WhatsApp-Image-2021-10-18-at-23.45.26-1-400x300.jpeg 400w, https:\/\/www.esplac.cat\/wp-content\/uploads\/2021\/10\/WhatsApp-Image-2021-10-18-at-23.45.26-1-600x450.jpeg 600w, https:\/\/www.esplac.cat\/wp-content\/uploads\/2021\/10\/WhatsApp-Image-2021-10-18-at-23.45.26-1-768x576.jpeg 768w, https:\/\/www.esplac.cat\/wp-content\/uploads\/2021\/10\/WhatsApp-Image-2021-10-18-at-23.45.26-1-800x600.jpeg 800w, https:\/\/www.esplac.cat\/wp-content\/uploads\/2021\/10\/WhatsApp-Image-2021-10-18-at-23.45.26-1-1024x768.jpeg 1024w, https:\/\/www.esplac.cat\/wp-content\/uploads\/2021\/10\/WhatsApp-Image-2021-10-18-at-23.45.26-1-1200x900.jpeg 1200w, https:\/\/www.esplac.cat\/wp-content\/uploads\/2021\/10\/WhatsApp-Image-2021-10-18-at-23.45.26-1-1536x1152.jpeg 1536w\" sizes=\"(max-width: 300px) 100vw, 300px\" \/><\/a>\n\t\t\t<\/dt><\/dl><br style=\"clear: both\" \/>\n\t\t<\/div>\n\n<p>&nbsp;<\/p>\n<p><em><b>Cap de setmana de cohesi\u00f3 i formacions del Sector Vall\u00e8s Oriental amb la Cuquivetllada<\/b><\/em><\/p>\n<\/div>\n<p>El cap de setmana del 16 i 17 d\u2019octubre, les monitores i monitors del Sector Vall\u00e8s Oriental van marxar a <strong>Caldes de Montbui<\/strong> per comen\u00e7ar el curs amb una trobada presencial.<\/p>\n<p><span style=\"font-weight: 300;\">La primera activitat del curs la va organitzar una comissi\u00f3 formada per monis i membres de l\u2019EGS i hi van participar <strong>19 monis<\/strong> de dels esplais el Refugi, el Bot\u00f3, GEPA i Guai!. <\/span><span style=\"font-weight: 300;\">La majoria d\u2019esplais del sector es troben en una etapa de relleu de monitores. \u00c9s per aix\u00f2 que l\u2019objectiu principal de la trobada va ser acostar el sector a les monitores i monitors dels esplais organitzant <strong>espais formatius dinamitzats per les membres de l\u2019EGS<\/strong>, on es va poder parlar del funcionament intern, dels valors del sector i de les activitats anuals que s\u2019hi organitzen.\u00a0<\/span><\/p>\n<p><span style=\"font-weight: 300;\">La jornada es va comen\u00e7ar el dissabte al vespre, amb un \u201csopar de traje\u201d i amb jocs i din\u00e0miques de cohesi\u00f3 per celebrar el retrobament i la tornada a la presencialitat. Es va preparar un esmorzar conjunt per iniciar b\u00e9 el diumenge, seguit de din\u00e0miques formatives durant el mat\u00ed. Finalment, la trobada va acabar amb un dinar autogestionat.<\/span><\/p>\n<p><span style=\"font-weight: 300;\">Esperen poder trobar-se en altres ocasions per seguir sent un sector format i cohesionat!<\/span><\/p>\n<p><a href=\"https:\/\/www.esplac.cat\/wp-content\/uploads\/2021\/10\/WhatsApp-Image-2021-10-19-at-12.12.13.jpeg\"><img decoding=\"async\" class=\"aligncenter wp-image-37634 \" src=\"https:\/\/www.esplac.cat\/wp-content\/uploads\/2021\/10\/WhatsApp-Image-2021-10-19-at-12.12.13.jpeg\" alt=\"\" width=\"366\" height=\"274\" srcset=\"https:\/\/www.esplac.cat\/wp-content\/uploads\/2021\/10\/WhatsApp-Image-2021-10-19-at-12.12.13-200x150.jpeg 200w, https:\/\/www.esplac.cat\/wp-content\/uploads\/2021\/10\/WhatsApp-Image-2021-10-19-at-12.12.13-300x225.jpeg 300w, https:\/\/www.esplac.cat\/wp-content\/uploads\/2021\/10\/WhatsApp-Image-2021-10-19-at-12.12.13-400x300.jpeg 400w, https:\/\/www.esplac.cat\/wp-content\/uploads\/2021\/10\/WhatsApp-Image-2021-10-19-at-12.12.13-600x450.jpeg 600w, https:\/\/www.esplac.cat\/wp-content\/uploads\/2021\/10\/WhatsApp-Image-2021-10-19-at-12.12.13-768x576.jpeg 768w, https:\/\/www.esplac.cat\/wp-content\/uploads\/2021\/10\/WhatsApp-Image-2021-10-19-at-12.12.13-800x600.jpeg 800w, https:\/\/www.esplac.cat\/wp-content\/uploads\/2021\/10\/WhatsApp-Image-2021-10-19-at-12.12.13-1024x768.jpeg 1024w, https:\/\/www.esplac.cat\/wp-content\/uploads\/2021\/10\/WhatsApp-Image-2021-10-19-at-12.12.13-1200x900.jpeg 1200w, https:\/\/www.esplac.cat\/wp-content\/uploads\/2021\/10\/WhatsApp-Image-2021-10-19-at-12.12.13-1536x1152.jpeg 1536w, https:\/\/www.esplac.cat\/wp-content\/uploads\/2021\/10\/WhatsApp-Image-2021-10-19-at-12.12.13.jpeg 1600w\" sizes=\"(max-width: 366px) 100vw, 366px\" \/><\/a><\/p>\n<div><\/div>\n<div><em><strong>Al Maresme&#8230; AGO!<\/strong><\/em><\/div>\n<div>Divendres 15 d&#8217;octubre, va tenir lloc tamb\u00e9 l&#8217;AGO del Sector Maresme. Van participar quatre esplais i un esplai observaodr, juntament amb la representant de l&#8217;Equip de Coordinaci\u00f3 i l&#8217;EGS. En total hi van assistir 20 persones i es va aprovar la mem\u00f2ria del curs passat i es va elaborar el Pla de treball del curs 2021-22. El lloc escollit per fer-la va ser local de l&#8217;Esplai Bitxus, a Vil\u00b7la Flora, Canet de Mar.<\/div>\n<div><\/div>\n<div>Un dels punts que es va decidir durant l&#8217;AGO va ser dur a terme aquest curs la <strong>Tropicalitza&#8217;t<\/strong>, la Trobada General del sector, que s&#8217;havia de celebrar el 2020 per\u00f2 va quedar postposada. El sector t\u00e9 moltes ganes de tornar-se a trobar, fer coneixen\u00e7a, pinya i cohesi\u00f3 entre esplais i monis. Tamb\u00e9 volen donar un espai de trobada pels grups de joves, la <strong>Decap<\/strong>, i continuar fent formacions en el marc de la <strong>Santa Pinya<\/strong>. Per tot aix\u00f2, els esplais del sector es van comprometre a participar activament en les comissions per tal de tirar endavant les diferents activitats del curs.<\/div>\n<div><\/div>\n<div>\n\n\t\t<style type=\"text\/css\">\n\t\t\t#gallery-2 {\n\t\t\t\tmargin: auto;\n\t\t\t}\n\t\t\t#gallery-2 .gallery-item {\n\t\t\t\tfloat: left;\n\t\t\t\tmargin-top: 10px;\n\t\t\t\ttext-align: center;\n\t\t\t\twidth: 33%;\n\t\t\t}\n\t\t\t#gallery-2 img {\n\t\t\t\tborder: 2px solid #cfcfcf;\n\t\t\t}\n\t\t\t#gallery-2 .gallery-caption {\n\t\t\t\tmargin-left: 0;\n\t\t\t}\n\t\t\t\/* see gallery_shortcode() in wp-includes\/media.php *\/\n\t\t<\/style>\n\t\t<div id='gallery-2' class='gallery galleryid-37623 gallery-columns-3 gallery-size-medium'><dl class='gallery-item'>\n\t\t\t<dt class='gallery-icon landscape'>\n\t\t\t\t<a data-rel=\"iLightbox[postimages]\" data-title=\"AGO Maresme 2021 (1)\" data-caption=\"\" href='https:\/\/www.esplac.cat\/es\/ago-maresme-2021-1-2\/'><img decoding=\"async\" width=\"300\" height=\"225\" src=\"https:\/\/www.esplac.cat\/wp-content\/uploads\/2021\/10\/AGO-Maresme-2021-1-300x225.jpeg\" class=\"attachment-medium size-medium\" alt=\"\" srcset=\"https:\/\/www.esplac.cat\/wp-content\/uploads\/2021\/10\/AGO-Maresme-2021-1-200x150.jpeg 200w, https:\/\/www.esplac.cat\/wp-content\/uploads\/2021\/10\/AGO-Maresme-2021-1-300x225.jpeg 300w, https:\/\/www.esplac.cat\/wp-content\/uploads\/2021\/10\/AGO-Maresme-2021-1-400x300.jpeg 400w, https:\/\/www.esplac.cat\/wp-content\/uploads\/2021\/10\/AGO-Maresme-2021-1-600x450.jpeg 600w, https:\/\/www.esplac.cat\/wp-content\/uploads\/2021\/10\/AGO-Maresme-2021-1-768x576.jpeg 768w, https:\/\/www.esplac.cat\/wp-content\/uploads\/2021\/10\/AGO-Maresme-2021-1-800x600.jpeg 800w, https:\/\/www.esplac.cat\/wp-content\/uploads\/2021\/10\/AGO-Maresme-2021-1-1024x768.jpeg 1024w, https:\/\/www.esplac.cat\/wp-content\/uploads\/2021\/10\/AGO-Maresme-2021-1-1200x900.jpeg 1200w, https:\/\/www.esplac.cat\/wp-content\/uploads\/2021\/10\/AGO-Maresme-2021-1-1536x1152.jpeg 1536w\" sizes=\"(max-width: 300px) 100vw, 300px\" \/><\/a>\n\t\t\t<\/dt><\/dl><dl class='gallery-item'>\n\t\t\t<dt class='gallery-icon landscape'>\n\t\t\t\t<a data-rel=\"iLightbox[postimages]\" data-title=\"AGO Maresme 2021-3 (1)\" data-caption=\"\" href='https:\/\/www.esplac.cat\/es\/ago-maresme-2021-3-1-2\/'><img decoding=\"async\" width=\"300\" height=\"169\" src=\"https:\/\/www.esplac.cat\/wp-content\/uploads\/2021\/10\/AGO-Maresme-2021-3-1-300x169.jpg\" class=\"attachment-medium size-medium\" alt=\"\" srcset=\"https:\/\/www.esplac.cat\/wp-content\/uploads\/2021\/10\/AGO-Maresme-2021-3-1-200x113.jpg 200w, https:\/\/www.esplac.cat\/wp-content\/uploads\/2021\/10\/AGO-Maresme-2021-3-1-300x169.jpg 300w, https:\/\/www.esplac.cat\/wp-content\/uploads\/2021\/10\/AGO-Maresme-2021-3-1-400x225.jpg 400w, https:\/\/www.esplac.cat\/wp-content\/uploads\/2021\/10\/AGO-Maresme-2021-3-1-600x338.jpg 600w, https:\/\/www.esplac.cat\/wp-content\/uploads\/2021\/10\/AGO-Maresme-2021-3-1-768x432.jpg 768w, https:\/\/www.esplac.cat\/wp-content\/uploads\/2021\/10\/AGO-Maresme-2021-3-1-800x450.jpg 800w, https:\/\/www.esplac.cat\/wp-content\/uploads\/2021\/10\/AGO-Maresme-2021-3-1-1024x576.jpg 1024w, https:\/\/www.esplac.cat\/wp-content\/uploads\/2021\/10\/AGO-Maresme-2021-3-1-1200x675.jpg 1200w, https:\/\/www.esplac.cat\/wp-content\/uploads\/2021\/10\/AGO-Maresme-2021-3-1.jpg 1280w\" sizes=\"(max-width: 300px) 100vw, 300px\" \/><\/a>\n\t\t\t<\/dt><\/dl><dl class='gallery-item'>\n\t\t\t<dt class='gallery-icon landscape'>\n\t\t\t\t<a data-rel=\"iLightbox[postimages]\" data-title=\"AGO Maresme 2021-2\" data-caption=\"\" href='https:\/\/www.esplac.cat\/es\/ago-maresme-2021-2-2\/'><img decoding=\"async\" width=\"300\" height=\"225\" src=\"https:\/\/www.esplac.cat\/wp-content\/uploads\/2021\/10\/AGO-Maresme-2021-2-300x225.jpeg\" class=\"attachment-medium size-medium\" alt=\"\" srcset=\"https:\/\/www.esplac.cat\/wp-content\/uploads\/2021\/10\/AGO-Maresme-2021-2-200x150.jpeg 200w, https:\/\/www.esplac.cat\/wp-content\/uploads\/2021\/10\/AGO-Maresme-2021-2-300x225.jpeg 300w, https:\/\/www.esplac.cat\/wp-content\/uploads\/2021\/10\/AGO-Maresme-2021-2-400x300.jpeg 400w, https:\/\/www.esplac.cat\/wp-content\/uploads\/2021\/10\/AGO-Maresme-2021-2-600x450.jpeg 600w, https:\/\/www.esplac.cat\/wp-content\/uploads\/2021\/10\/AGO-Maresme-2021-2-768x576.jpeg 768w, https:\/\/www.esplac.cat\/wp-content\/uploads\/2021\/10\/AGO-Maresme-2021-2-800x600.jpeg 800w, https:\/\/www.esplac.cat\/wp-content\/uploads\/2021\/10\/AGO-Maresme-2021-2-1024x768.jpeg 1024w, https:\/\/www.esplac.cat\/wp-content\/uploads\/2021\/10\/AGO-Maresme-2021-2-1200x900.jpeg 1200w, https:\/\/www.esplac.cat\/wp-content\/uploads\/2021\/10\/AGO-Maresme-2021-2-1536x1152.jpeg 1536w\" sizes=\"(max-width: 300px) 100vw, 300px\" \/><\/a>\n\t\t\t<\/dt><\/dl><br style=\"clear: both\" \/>\n\t\t<\/div>\n\n<\/div>\n<div>\n<p>&nbsp;<\/p>\n<p><em><b>El Vall\u00e8s Occidental vota una nova EGS a l\u2019AGO del sector del nou curs<\/b><\/em><\/p>\n<\/div>\n<div>\n<p><span style=\"font-weight: 400;\">El Sector Vall\u00e8s Occidental ha celebrat, el passat dimecres 20 d\u2019octubre, l\u2019Assemblea General Ordin\u00e0ria (AGO) del sector al local de l\u2019Esplai Clupi, a Cerdanyola del Vall\u00e8s.<\/span><\/p>\n<p><span style=\"font-weight: 400;\">En aquesta assemblea hi van participar 15 monis de 8 esplais diferents (l\u2019Eixam, La Fera, Gatzara, Bonaire, Pica-Roca, Clupi, La Flama i El Piolet) i es van aprovar la<\/span><b> Mem\u00f2ria <\/b><span style=\"font-weight: 400;\">del curs passat 2020\/21 i el<\/span><b> Pla de Treball<\/b><span style=\"font-weight: 400;\"> per aquest nou curs 2021\/22, <\/span><span style=\"font-weight: 400;\">que incorpora una nova activitat, els Tres Turons, en qu\u00e8 els esplais del sector pujaran tres muntanyes diferents de la comarca en un mateix dia.<\/span><span style=\"font-weight: 400;\"> A m\u00e9s, van aprovar la incorporaci\u00f3 d\u2019objectius de sector centrats en enfortir la participaci\u00f3 infantil en les activitats de sector i recuperar la cohesi\u00f3 entre monis amb la tornada a la presencialitat.\u00a0<\/span><\/p>\n<p><span style=\"font-weight: 400;\">A nivell de l\u2019EGS, el Pau Camero ha finalitzat el seu mandat i s\u2019incorpora una nova EGS, la N\u00faria Ramon, exmonitora de l\u2019esplai La Fera, que ha estat votada per unanimitat a l\u2019assemblea.<\/span><\/p>\n\n\t\t<style type=\"text\/css\">\n\t\t\t#gallery-3 {\n\t\t\t\tmargin: auto;\n\t\t\t}\n\t\t\t#gallery-3 .gallery-item {\n\t\t\t\tfloat: left;\n\t\t\t\tmargin-top: 10px;\n\t\t\t\ttext-align: center;\n\t\t\t\twidth: 50%;\n\t\t\t}\n\t\t\t#gallery-3 img {\n\t\t\t\tborder: 2px solid #cfcfcf;\n\t\t\t}\n\t\t\t#gallery-3 .gallery-caption {\n\t\t\t\tmargin-left: 0;\n\t\t\t}\n\t\t\t\/* see gallery_shortcode() in wp-includes\/media.php *\/\n\t\t<\/style>\n\t\t<div id='gallery-3' class='gallery galleryid-37623 gallery-columns-2 gallery-size-medium'><dl class='gallery-item'>\n\t\t\t<dt class='gallery-icon landscape'>\n\t\t\t\t<a data-rel=\"iLightbox[postimages]\" data-title=\"voc1\" data-caption=\"\" href='https:\/\/www.esplac.cat\/wp-content\/uploads\/2021\/10\/voc1.jpeg'><img decoding=\"async\" width=\"300\" height=\"225\" src=\"https:\/\/www.esplac.cat\/wp-content\/uploads\/2021\/10\/voc1-300x225.jpeg\" class=\"attachment-medium size-medium\" alt=\"\" srcset=\"https:\/\/www.esplac.cat\/wp-content\/uploads\/2021\/10\/voc1-200x150.jpeg 200w, https:\/\/www.esplac.cat\/wp-content\/uploads\/2021\/10\/voc1-300x225.jpeg 300w, https:\/\/www.esplac.cat\/wp-content\/uploads\/2021\/10\/voc1-400x300.jpeg 400w, https:\/\/www.esplac.cat\/wp-content\/uploads\/2021\/10\/voc1-600x450.jpeg 600w, https:\/\/www.esplac.cat\/wp-content\/uploads\/2021\/10\/voc1-768x576.jpeg 768w, https:\/\/www.esplac.cat\/wp-content\/uploads\/2021\/10\/voc1-800x600.jpeg 800w, https:\/\/www.esplac.cat\/wp-content\/uploads\/2021\/10\/voc1-1024x768.jpeg 1024w, https:\/\/www.esplac.cat\/wp-content\/uploads\/2021\/10\/voc1-1200x900.jpeg 1200w, https:\/\/www.esplac.cat\/wp-content\/uploads\/2021\/10\/voc1-1536x1152.jpeg 1536w, https:\/\/www.esplac.cat\/wp-content\/uploads\/2021\/10\/voc1.jpeg 1600w\" sizes=\"(max-width: 300px) 100vw, 300px\" \/><\/a>\n\t\t\t<\/dt><\/dl><dl class='gallery-item'>\n\t\t\t<dt class='gallery-icon landscape'>\n\t\t\t\t<a data-rel=\"iLightbox[postimages]\" data-title=\"vooc\" data-caption=\"\" href='https:\/\/www.esplac.cat\/wp-content\/uploads\/2021\/10\/vooc.jpeg'><img decoding=\"async\" width=\"300\" height=\"225\" src=\"https:\/\/www.esplac.cat\/wp-content\/uploads\/2021\/10\/vooc-300x225.jpeg\" class=\"attachment-medium size-medium\" alt=\"\" srcset=\"https:\/\/www.esplac.cat\/wp-content\/uploads\/2021\/10\/vooc-200x150.jpeg 200w, https:\/\/www.esplac.cat\/wp-content\/uploads\/2021\/10\/vooc-300x225.jpeg 300w, https:\/\/www.esplac.cat\/wp-content\/uploads\/2021\/10\/vooc-400x300.jpeg 400w, https:\/\/www.esplac.cat\/wp-content\/uploads\/2021\/10\/vooc-600x450.jpeg 600w, https:\/\/www.esplac.cat\/wp-content\/uploads\/2021\/10\/vooc-768x576.jpeg 768w, https:\/\/www.esplac.cat\/wp-content\/uploads\/2021\/10\/vooc-800x600.jpeg 800w, https:\/\/www.esplac.cat\/wp-content\/uploads\/2021\/10\/vooc-1024x768.jpeg 1024w, https:\/\/www.esplac.cat\/wp-content\/uploads\/2021\/10\/vooc-1200x900.jpeg 1200w, https:\/\/www.esplac.cat\/wp-content\/uploads\/2021\/10\/vooc-1536x1152.jpeg 1536w, https:\/\/www.esplac.cat\/wp-content\/uploads\/2021\/10\/vooc.jpeg 1600w\" sizes=\"(max-width: 300px) 100vw, 300px\" \/><\/a>\n\t\t\t<\/dt><\/dl><br style=\"clear: both\" \/>\n\t\t<\/div>\n\n<\/div>\n","protected":false},"excerpt":{"rendered":"<p>Assemblees Generals Ordin\u00e0ries dels sectors, reunions, trobades de cohesi\u00f3&#8230; un [&hellip;]<\/p>\n","protected":false},"author":3,"featured_media":37673,"comment_status":"closed","ping_status":"closed","sticky":false,"template":"","format":"standard","meta":{"om_disable_all_campaigns":false,"_monsterinsights_skip_tracking":false,"_monsterinsights_sitenote_active":false,"_monsterinsights_sitenote_note":"","_monsterinsights_sitenote_category":0,"_uf_show_specific_survey":0,"_uf_disable_surveys":false,"footnotes":""},"categories":[1110],"tags":[],"class_list":["post-37623","post","type-post","status-publish","format-standard","has-post-thumbnail","hentry","category-activitats-sectors"],"yoast_head":"<!-- This site is optimized with the Yoast SEO plugin v27.5 - https:\/\/yoast.com\/product\/yoast-seo-wordpress\/ -->\n<title>Qu\u00e8 s&#039;est\u00e0 fent aquestes setmanes als sectors d&#039;Esplac...? - Esplac<\/title>\n<meta name=\"robots\" content=\"index, follow, max-snippet:-1, max-image-preview:large, max-video-preview:-1\" \/>\n<link rel=\"canonical\" href=\"https:\/\/www.esplac.cat\/que-setmanes-sectors-esplac\/\" \/>\n<meta property=\"og:locale\" content=\"es_ES\" \/>\n<meta property=\"og:type\" content=\"article\" \/>\n<meta property=\"og:title\" content=\"Qu\u00e8 s&#039;est\u00e0 fent aquestes setmanes als sectors d&#039;Esplac...? - Esplac\" \/>\n<meta property=\"og:description\" content=\"Assemblees Generals Ordin\u00e0ries dels sectors, reunions, trobades de cohesi\u00f3&#8230; un [&hellip;]\" \/>\n<meta property=\"og:url\" content=\"https:\/\/www.esplac.cat\/que-setmanes-sectors-esplac\/\" \/>\n<meta property=\"og:site_name\" content=\"Esplac\" \/>\n<meta property=\"article:published_time\" content=\"2021-10-22T10:45:29+00:00\" \/>\n<meta property=\"article:modified_time\" content=\"2021-10-22T10:53:28+00:00\" \/>\n<meta property=\"og:image\" content=\"https:\/\/www.esplac.cat\/wp-content\/uploads\/2021\/10\/portada_sectors.jpg\" \/>\n\t<meta property=\"og:image:width\" content=\"1697\" \/>\n\t<meta property=\"og:image:height\" content=\"700\" \/>\n\t<meta property=\"og:image:type\" content=\"image\/jpeg\" \/>\n<meta name=\"author\" content=\"Comunicaci\u00f3 Esplac\" \/>\n<meta name=\"twitter:card\" content=\"summary_large_image\" \/>\n<meta name=\"twitter:label1\" content=\"Escrito por\" \/>\n\t<meta name=\"twitter:data1\" content=\"Comunicaci\u00f3 Esplac\" \/>\n\t<meta name=\"twitter:label2\" content=\"Tiempo de lectura\" \/>\n\t<meta name=\"twitter:data2\" content=\"5 minutos\" \/>\n<script type=\"application\/ld+json\" class=\"yoast-schema-graph\">{\"@context\":\"https:\\\/\\\/schema.org\",\"@graph\":[{\"@type\":\"Article\",\"@id\":\"https:\\\/\\\/www.esplac.cat\\\/que-setmanes-sectors-esplac\\\/#article\",\"isPartOf\":{\"@id\":\"https:\\\/\\\/www.esplac.cat\\\/que-setmanes-sectors-esplac\\\/\"},\"author\":{\"name\":\"Comunicaci\u00f3 Esplac\",\"@id\":\"https:\\\/\\\/www.esplac.cat\\\/#\\\/schema\\\/person\\\/908383cf240be18b68f8855d0583faca\"},\"headline\":\"Qu\u00e8 s&#8217;est\u00e0 fent aquestes setmanes als sectors d&#8217;Esplac&#8230;?\",\"datePublished\":\"2021-10-22T10:45:29+00:00\",\"dateModified\":\"2021-10-22T10:53:28+00:00\",\"mainEntityOfPage\":{\"@id\":\"https:\\\/\\\/www.esplac.cat\\\/que-setmanes-sectors-esplac\\\/\"},\"wordCount\":979,\"publisher\":{\"@id\":\"https:\\\/\\\/www.esplac.cat\\\/#organization\"},\"image\":{\"@id\":\"https:\\\/\\\/www.esplac.cat\\\/que-setmanes-sectors-esplac\\\/#primaryimage\"},\"thumbnailUrl\":\"https:\\\/\\\/www.esplac.cat\\\/wp-content\\\/uploads\\\/2021\\\/10\\\/portada_sectors.jpg\",\"articleSection\":[\"Activitats sectors\"],\"inLanguage\":\"es\"},{\"@type\":\"WebPage\",\"@id\":\"https:\\\/\\\/www.esplac.cat\\\/que-setmanes-sectors-esplac\\\/\",\"url\":\"https:\\\/\\\/www.esplac.cat\\\/que-setmanes-sectors-esplac\\\/\",\"name\":\"Qu\u00e8 s'est\u00e0 fent aquestes setmanes als sectors d'Esplac...? - Esplac\",\"isPartOf\":{\"@id\":\"https:\\\/\\\/www.esplac.cat\\\/#website\"},\"primaryImageOfPage\":{\"@id\":\"https:\\\/\\\/www.esplac.cat\\\/que-setmanes-sectors-esplac\\\/#primaryimage\"},\"image\":{\"@id\":\"https:\\\/\\\/www.esplac.cat\\\/que-setmanes-sectors-esplac\\\/#primaryimage\"},\"thumbnailUrl\":\"https:\\\/\\\/www.esplac.cat\\\/wp-content\\\/uploads\\\/2021\\\/10\\\/portada_sectors.jpg\",\"datePublished\":\"2021-10-22T10:45:29+00:00\",\"dateModified\":\"2021-10-22T10:53:28+00:00\",\"breadcrumb\":{\"@id\":\"https:\\\/\\\/www.esplac.cat\\\/que-setmanes-sectors-esplac\\\/#breadcrumb\"},\"inLanguage\":\"es\",\"potentialAction\":[{\"@type\":\"ReadAction\",\"target\":[\"https:\\\/\\\/www.esplac.cat\\\/que-setmanes-sectors-esplac\\\/\"]}]},{\"@type\":\"ImageObject\",\"inLanguage\":\"es\",\"@id\":\"https:\\\/\\\/www.esplac.cat\\\/que-setmanes-sectors-esplac\\\/#primaryimage\",\"url\":\"https:\\\/\\\/www.esplac.cat\\\/wp-content\\\/uploads\\\/2021\\\/10\\\/portada_sectors.jpg\",\"contentUrl\":\"https:\\\/\\\/www.esplac.cat\\\/wp-content\\\/uploads\\\/2021\\\/10\\\/portada_sectors.jpg\",\"width\":1697,\"height\":700},{\"@type\":\"BreadcrumbList\",\"@id\":\"https:\\\/\\\/www.esplac.cat\\\/que-setmanes-sectors-esplac\\\/#breadcrumb\",\"itemListElement\":[{\"@type\":\"ListItem\",\"position\":1,\"name\":\"Inici\",\"item\":\"https:\\\/\\\/www.esplac.cat\\\/es\\\/\"},{\"@type\":\"ListItem\",\"position\":2,\"name\":\"Qu\u00e8 s&#8217;est\u00e0 fent aquestes setmanes als sectors d&#8217;Esplac&#8230;?\"}]},{\"@type\":\"WebSite\",\"@id\":\"https:\\\/\\\/www.esplac.cat\\\/#website\",\"url\":\"https:\\\/\\\/www.esplac.cat\\\/\",\"name\":\"Esplac\",\"description\":\"Esplais Catalans\",\"publisher\":{\"@id\":\"https:\\\/\\\/www.esplac.cat\\\/#organization\"},\"potentialAction\":[{\"@type\":\"SearchAction\",\"target\":{\"@type\":\"EntryPoint\",\"urlTemplate\":\"https:\\\/\\\/www.esplac.cat\\\/?s={search_term_string}\"},\"query-input\":{\"@type\":\"PropertyValueSpecification\",\"valueRequired\":true,\"valueName\":\"search_term_string\"}}],\"inLanguage\":\"es\"},{\"@type\":\"Organization\",\"@id\":\"https:\\\/\\\/www.esplac.cat\\\/#organization\",\"name\":\"Esplac\",\"url\":\"https:\\\/\\\/www.esplac.cat\\\/\",\"logo\":{\"@type\":\"ImageObject\",\"inLanguage\":\"es\",\"@id\":\"https:\\\/\\\/www.esplac.cat\\\/#\\\/schema\\\/logo\\\/image\\\/\",\"url\":\"https:\\\/\\\/www.esplac.cat\\\/wp-content\\\/uploads\\\/2019\\\/08\\\/logox2.png\",\"contentUrl\":\"https:\\\/\\\/www.esplac.cat\\\/wp-content\\\/uploads\\\/2019\\\/08\\\/logox2.png\",\"width\":600,\"height\":295,\"caption\":\"Esplac\"},\"image\":{\"@id\":\"https:\\\/\\\/www.esplac.cat\\\/#\\\/schema\\\/logo\\\/image\\\/\"}},{\"@type\":\"Person\",\"@id\":\"https:\\\/\\\/www.esplac.cat\\\/#\\\/schema\\\/person\\\/908383cf240be18b68f8855d0583faca\",\"name\":\"Comunicaci\u00f3 Esplac\",\"image\":{\"@type\":\"ImageObject\",\"inLanguage\":\"es\",\"@id\":\"https:\\\/\\\/secure.gravatar.com\\\/avatar\\\/7a4cf8feb412a76ea4a740ca02d95b06b2907b5a6c648c2dd0a1082a093c3141?s=96&d=mm&r=g\",\"url\":\"https:\\\/\\\/secure.gravatar.com\\\/avatar\\\/7a4cf8feb412a76ea4a740ca02d95b06b2907b5a6c648c2dd0a1082a093c3141?s=96&d=mm&r=g\",\"contentUrl\":\"https:\\\/\\\/secure.gravatar.com\\\/avatar\\\/7a4cf8feb412a76ea4a740ca02d95b06b2907b5a6c648c2dd0a1082a093c3141?s=96&d=mm&r=g\",\"caption\":\"Comunicaci\u00f3 Esplac\"}}]}<\/script>\n<!-- \/ Yoast SEO plugin. -->","yoast_head_json":{"title":"Qu\u00e8 s'est\u00e0 fent aquestes setmanes als sectors d'Esplac...? - Esplac","robots":{"index":"index","follow":"follow","max-snippet":"max-snippet:-1","max-image-preview":"max-image-preview:large","max-video-preview":"max-video-preview:-1"},"canonical":"https:\/\/www.esplac.cat\/que-setmanes-sectors-esplac\/","og_locale":"es_ES","og_type":"article","og_title":"Qu\u00e8 s'est\u00e0 fent aquestes setmanes als sectors d'Esplac...? - Esplac","og_description":"Assemblees Generals Ordin\u00e0ries dels sectors, reunions, trobades de cohesi\u00f3&#8230; un [&hellip;]","og_url":"https:\/\/www.esplac.cat\/que-setmanes-sectors-esplac\/","og_site_name":"Esplac","article_published_time":"2021-10-22T10:45:29+00:00","article_modified_time":"2021-10-22T10:53:28+00:00","og_image":[{"width":1697,"height":700,"url":"https:\/\/www.esplac.cat\/wp-content\/uploads\/2021\/10\/portada_sectors.jpg","type":"image\/jpeg"}],"author":"Comunicaci\u00f3 Esplac","twitter_card":"summary_large_image","twitter_misc":{"Escrito por":"Comunicaci\u00f3 Esplac","Tiempo de lectura":"5 minutos"},"schema":{"@context":"https:\/\/schema.org","@graph":[{"@type":"Article","@id":"https:\/\/www.esplac.cat\/que-setmanes-sectors-esplac\/#article","isPartOf":{"@id":"https:\/\/www.esplac.cat\/que-setmanes-sectors-esplac\/"},"author":{"name":"Comunicaci\u00f3 Esplac","@id":"https:\/\/www.esplac.cat\/#\/schema\/person\/908383cf240be18b68f8855d0583faca"},"headline":"Qu\u00e8 s&#8217;est\u00e0 fent aquestes setmanes als sectors d&#8217;Esplac&#8230;?","datePublished":"2021-10-22T10:45:29+00:00","dateModified":"2021-10-22T10:53:28+00:00","mainEntityOfPage":{"@id":"https:\/\/www.esplac.cat\/que-setmanes-sectors-esplac\/"},"wordCount":979,"publisher":{"@id":"https:\/\/www.esplac.cat\/#organization"},"image":{"@id":"https:\/\/www.esplac.cat\/que-setmanes-sectors-esplac\/#primaryimage"},"thumbnailUrl":"https:\/\/www.esplac.cat\/wp-content\/uploads\/2021\/10\/portada_sectors.jpg","articleSection":["Activitats sectors"],"inLanguage":"es"},{"@type":"WebPage","@id":"https:\/\/www.esplac.cat\/que-setmanes-sectors-esplac\/","url":"https:\/\/www.esplac.cat\/que-setmanes-sectors-esplac\/","name":"Qu\u00e8 s'est\u00e0 fent aquestes setmanes als sectors d'Esplac...? - Esplac","isPartOf":{"@id":"https:\/\/www.esplac.cat\/#website"},"primaryImageOfPage":{"@id":"https:\/\/www.esplac.cat\/que-setmanes-sectors-esplac\/#primaryimage"},"image":{"@id":"https:\/\/www.esplac.cat\/que-setmanes-sectors-esplac\/#primaryimage"},"thumbnailUrl":"https:\/\/www.esplac.cat\/wp-content\/uploads\/2021\/10\/portada_sectors.jpg","datePublished":"2021-10-22T10:45:29+00:00","dateModified":"2021-10-22T10:53:28+00:00","breadcrumb":{"@id":"https:\/\/www.esplac.cat\/que-setmanes-sectors-esplac\/#breadcrumb"},"inLanguage":"es","potentialAction":[{"@type":"ReadAction","target":["https:\/\/www.esplac.cat\/que-setmanes-sectors-esplac\/"]}]},{"@type":"ImageObject","inLanguage":"es","@id":"https:\/\/www.esplac.cat\/que-setmanes-sectors-esplac\/#primaryimage","url":"https:\/\/www.esplac.cat\/wp-content\/uploads\/2021\/10\/portada_sectors.jpg","contentUrl":"https:\/\/www.esplac.cat\/wp-content\/uploads\/2021\/10\/portada_sectors.jpg","width":1697,"height":700},{"@type":"BreadcrumbList","@id":"https:\/\/www.esplac.cat\/que-setmanes-sectors-esplac\/#breadcrumb","itemListElement":[{"@type":"ListItem","position":1,"name":"Inici","item":"https:\/\/www.esplac.cat\/es\/"},{"@type":"ListItem","position":2,"name":"Qu\u00e8 s&#8217;est\u00e0 fent aquestes setmanes als sectors d&#8217;Esplac&#8230;?"}]},{"@type":"WebSite","@id":"https:\/\/www.esplac.cat\/#website","url":"https:\/\/www.esplac.cat\/","name":"Esplac","description":"Esplais Catalans","publisher":{"@id":"https:\/\/www.esplac.cat\/#organization"},"potentialAction":[{"@type":"SearchAction","target":{"@type":"EntryPoint","urlTemplate":"https:\/\/www.esplac.cat\/?s={search_term_string}"},"query-input":{"@type":"PropertyValueSpecification","valueRequired":true,"valueName":"search_term_string"}}],"inLanguage":"es"},{"@type":"Organization","@id":"https:\/\/www.esplac.cat\/#organization","name":"Esplac","url":"https:\/\/www.esplac.cat\/","logo":{"@type":"ImageObject","inLanguage":"es","@id":"https:\/\/www.esplac.cat\/#\/schema\/logo\/image\/","url":"https:\/\/www.esplac.cat\/wp-content\/uploads\/2019\/08\/logox2.png","contentUrl":"https:\/\/www.esplac.cat\/wp-content\/uploads\/2019\/08\/logox2.png","width":600,"height":295,"caption":"Esplac"},"image":{"@id":"https:\/\/www.esplac.cat\/#\/schema\/logo\/image\/"}},{"@type":"Person","@id":"https:\/\/www.esplac.cat\/#\/schema\/person\/908383cf240be18b68f8855d0583faca","name":"Comunicaci\u00f3 Esplac","image":{"@type":"ImageObject","inLanguage":"es","@id":"https:\/\/secure.gravatar.com\/avatar\/7a4cf8feb412a76ea4a740ca02d95b06b2907b5a6c648c2dd0a1082a093c3141?s=96&d=mm&r=g","url":"https:\/\/secure.gravatar.com\/avatar\/7a4cf8feb412a76ea4a740ca02d95b06b2907b5a6c648c2dd0a1082a093c3141?s=96&d=mm&r=g","contentUrl":"https:\/\/secure.gravatar.com\/avatar\/7a4cf8feb412a76ea4a740ca02d95b06b2907b5a6c648c2dd0a1082a093c3141?s=96&d=mm&r=g","caption":"Comunicaci\u00f3 Esplac"}}]}},"_links":{"self":[{"href":"https:\/\/www.esplac.cat\/es\/wp-json\/wp\/v2\/posts\/37623","targetHints":{"allow":["GET"]}}],"collection":[{"href":"https:\/\/www.esplac.cat\/es\/wp-json\/wp\/v2\/posts"}],"about":[{"href":"https:\/\/www.esplac.cat\/es\/wp-json\/wp\/v2\/types\/post"}],"author":[{"embeddable":true,"href":"https:\/\/www.esplac.cat\/es\/wp-json\/wp\/v2\/users\/3"}],"replies":[{"embeddable":true,"href":"https:\/\/www.esplac.cat\/es\/wp-json\/wp\/v2\/comments?post=37623"}],"version-history":[{"count":0,"href":"https:\/\/www.esplac.cat\/es\/wp-json\/wp\/v2\/posts\/37623\/revisions"}],"wp:featuredmedia":[{"embeddable":true,"href":"https:\/\/www.esplac.cat\/es\/wp-json\/wp\/v2\/media\/37673"}],"wp:attachment":[{"href":"https:\/\/www.esplac.cat\/es\/wp-json\/wp\/v2\/media?parent=37623"}],"wp:term":[{"taxonomy":"category","embeddable":true,"href":"https:\/\/www.esplac.cat\/es\/wp-json\/wp\/v2\/categories?post=37623"},{"taxonomy":"post_tag","embeddable":true,"href":"https:\/\/www.esplac.cat\/es\/wp-json\/wp\/v2\/tags?post=37623"}],"curies":[{"name":"wp","href":"https:\/\/api.w.org\/{rel}","templated":true}]}}