{"id":37720,"date":"2021-10-27T15:14:22","date_gmt":"2021-10-27T13:14:22","guid":{"rendered":"https:\/\/www.esplac.cat\/?p=37720"},"modified":"2022-06-22T10:46:01","modified_gmt":"2022-06-22T08:46:01","slug":"baix-llobregat-girona-tambe-fan-ago","status":"publish","type":"post","link":"https:\/\/www.esplac.cat\/es\/baix-llobregat-girona-tambe-fan-ago\/","title":{"rendered":"Baix Llobregat i Girona tamb\u00e9 fan les seves AGO!"},"content":{"rendered":"<div class=\"fusion-fullwidth fullwidth-box fusion-builder-row-1 nonhundred-percent-fullwidth non-hundred-percent-height-scrolling\" style=\"--awb-border-radius-top-left:0px;--awb-border-radius-top-right:0px;--awb-border-radius-bottom-right:0px;--awb-border-radius-bottom-left:0px;--awb-flex-wrap:wrap;\" ><div class=\"fusion-builder-row fusion-row\"><div class=\"fusion-layout-column fusion_builder_column fusion-builder-column-0 fusion_builder_column_1_1 1_1 fusion-one-full fusion-column-first fusion-column-last\" style=\"--awb-bg-size:cover;--awb-margin-bottom:0px;\"><div class=\"fusion-column-wrapper fusion-flex-column-wrapper-legacy\"><div class=\"fusion-text fusion-text-1\"><h6><strong>Els Sector Baix Llobregat i el Sector Girona han estat els \u00faltims sectors geogr\u00e0fics d&#8217;Esplac en celebrar les seves Assemblees Generals Ordin\u00e0ries de Sector. Enceten el curs amb moltes ganes i <\/strong><strong>activitats dins del sector.<\/strong><\/h6>\n<div><span style=\"color: #f69d0b;\"><strong>Sector Baix Llobregat<\/strong><\/span><\/div>\n<div>\n<div>\n<p>23 monis dels 9 esplais del sector s&#8217;han trobat al local de l\u2019esplai Vol i Vol (<strong>Cornell\u00e0<\/strong>) per celebrar l\u2019AGO del Sector Baix Llobregat. S&#8217;ha pogut aprovar la Mem\u00f2ria del curs passat 2020\/21, marcat per la COVID-19, i el Pla de Treball per aquest nou curs 2021\/22, que continua amb l\u2019objectiu de seguir treballant per la <strong>cohesi\u00f3 dels esplais del sector<\/strong> i que inclou nous objectius com crear una <strong>xarxa pedag\u00f2gica del sector<\/strong>, <strong>fomentar que les monitores i monitors es formin<\/strong>, i <strong>apostar perqu\u00e8 els esplais adoptin models m\u00e9s sostenibles amb el medi ambient<\/strong>. Seguidament, despr\u00e9s de l\u2019AGO, s&#8217;ha seguit fent la reuni\u00f3 de sector d\u2019octubre, en la qual s&#8217;ha parlat de la primera activitat del sector: la <strong>Diada Universal dels Drets dels Infants<\/strong>, que tindr\u00e0 lloc el cap de setmana del <strong>20 i 21 de novembre<\/strong> de 2021.<\/p>\n<p>S&#8217;emporten bones sensacions i motivaci\u00f3 pel fet de que hi hagin assistit tots els esplais del sector i veure que comencen amb moltes ganes un curs ple d\u2019activitats!<\/p>\n<\/div>\n<\/div>\n<div><a href=\"https:\/\/www.esplac.cat\/wp-content\/uploads\/2021\/10\/baixllu.jpeg\"><img decoding=\"async\" class=\"aligncenter wp-image-37725\" src=\"https:\/\/www.esplac.cat\/wp-content\/uploads\/2021\/10\/baixllu.jpeg\" alt=\"\" width=\"488\" height=\"366\" srcset=\"https:\/\/www.esplac.cat\/wp-content\/uploads\/2021\/10\/baixllu-200x150.jpeg 200w, https:\/\/www.esplac.cat\/wp-content\/uploads\/2021\/10\/baixllu-300x225.jpeg 300w, https:\/\/www.esplac.cat\/wp-content\/uploads\/2021\/10\/baixllu-400x300.jpeg 400w, https:\/\/www.esplac.cat\/wp-content\/uploads\/2021\/10\/baixllu-600x450.jpeg 600w, https:\/\/www.esplac.cat\/wp-content\/uploads\/2021\/10\/baixllu-768x576.jpeg 768w, https:\/\/www.esplac.cat\/wp-content\/uploads\/2021\/10\/baixllu-800x600.jpeg 800w, https:\/\/www.esplac.cat\/wp-content\/uploads\/2021\/10\/baixllu-1024x768.jpeg 1024w, https:\/\/www.esplac.cat\/wp-content\/uploads\/2021\/10\/baixllu-1200x900.jpeg 1200w, https:\/\/www.esplac.cat\/wp-content\/uploads\/2021\/10\/baixllu-1536x1152.jpeg 1536w, https:\/\/www.esplac.cat\/wp-content\/uploads\/2021\/10\/baixllu.jpeg 1600w\" sizes=\"(max-width: 488px) 100vw, 488px\" \/><\/a><\/div>\n<div><\/div>\n<div><\/div>\n<div><span style=\"color: #f69d0b;\"><strong>Sector Girona<\/strong><\/span><\/div>\n<p>El passat dissabte 23 d&#8217;octubre a les 11 h del mat\u00ed va tenir lloc l&#8217;Assemblea del Sector Girona, <strong>al local de l&#8217;Esplai de Mediny\u00e0<\/strong>. All\u00e0 les diferents persones representants dels esplais del sector van decidir com s&#8217;organitzarien aquest curs, en que <strong>sumaran forces amb el Sector ROM per fer les reunions de sector<\/strong>, con\u00e8ixer altres realitats d&#8217;esplais d&#8217;Esplac i cohesionar-se entre si. Alhora, mantindran les activitats pr\u00f2pies del sector amb <strong>dues trobades de monitores i monitors<\/strong>. El sector segueix motivat i amb ganes de fer-se present a Esplac, a m\u00e9 a m\u00e9s un dels objectius \u00e9s fer <strong>xarxa amb esplais del seu entorn<\/strong> per fer activitats conjuntes entre grups d&#8217;infants i\/o joves i aix\u00ed caminar cap un sector m\u00e9s gran i divers.<\/p>\n<p>Despr\u00e9s de l&#8217;assemblea es va aprofitar per parlar de temes de la reuni\u00f3 de sector i animar a participar de l&#8217;AGO d&#8217;Esplac i l&#8217;Esplaiada d&#8217;aquest curs.<\/p>\n<div><\/div>\n<div><\/div>\n<div><a href=\"https:\/\/www.esplac.cat\/wp-content\/uploads\/2021\/10\/girona2.jpeg\"><img decoding=\"async\" class=\"aligncenter wp-image-37728\" src=\"https:\/\/www.esplac.cat\/wp-content\/uploads\/2021\/10\/girona2.jpeg\" alt=\"\" width=\"566\" height=\"424\" srcset=\"https:\/\/www.esplac.cat\/wp-content\/uploads\/2021\/10\/girona2-200x150.jpeg 200w, https:\/\/www.esplac.cat\/wp-content\/uploads\/2021\/10\/girona2-300x225.jpeg 300w, https:\/\/www.esplac.cat\/wp-content\/uploads\/2021\/10\/girona2-400x300.jpeg 400w, https:\/\/www.esplac.cat\/wp-content\/uploads\/2021\/10\/girona2-600x450.jpeg 600w, https:\/\/www.esplac.cat\/wp-content\/uploads\/2021\/10\/girona2-768x576.jpeg 768w, https:\/\/www.esplac.cat\/wp-content\/uploads\/2021\/10\/girona2-800x600.jpeg 800w, https:\/\/www.esplac.cat\/wp-content\/uploads\/2021\/10\/girona2-1024x768.jpeg 1024w, https:\/\/www.esplac.cat\/wp-content\/uploads\/2021\/10\/girona2-1200x900.jpeg 1200w, https:\/\/www.esplac.cat\/wp-content\/uploads\/2021\/10\/girona2.jpeg 1280w\" sizes=\"(max-width: 566px) 100vw, 566px\" \/><\/a><\/div>\n<div><\/div>\n<div><a href=\"https:\/\/www.esplac.cat\/wp-content\/uploads\/2021\/10\/girona.jpeg\"><img decoding=\"async\" class=\"aligncenter wp-image-37731 \" src=\"https:\/\/www.esplac.cat\/wp-content\/uploads\/2021\/10\/girona.jpeg\" alt=\"\" width=\"570\" height=\"428\" srcset=\"https:\/\/www.esplac.cat\/wp-content\/uploads\/2021\/10\/girona-200x150.jpeg 200w, https:\/\/www.esplac.cat\/wp-content\/uploads\/2021\/10\/girona-300x225.jpeg 300w, https:\/\/www.esplac.cat\/wp-content\/uploads\/2021\/10\/girona-400x300.jpeg 400w, https:\/\/www.esplac.cat\/wp-content\/uploads\/2021\/10\/girona-600x450.jpeg 600w, https:\/\/www.esplac.cat\/wp-content\/uploads\/2021\/10\/girona-768x576.jpeg 768w, https:\/\/www.esplac.cat\/wp-content\/uploads\/2021\/10\/girona-800x600.jpeg 800w, https:\/\/www.esplac.cat\/wp-content\/uploads\/2021\/10\/girona-1024x768.jpeg 1024w, https:\/\/www.esplac.cat\/wp-content\/uploads\/2021\/10\/girona-1200x900.jpeg 1200w, https:\/\/www.esplac.cat\/wp-content\/uploads\/2021\/10\/girona-1536x1152.jpeg 1536w, https:\/\/www.esplac.cat\/wp-content\/uploads\/2021\/10\/girona.jpeg 1600w\" sizes=\"(max-width: 570px) 100vw, 570px\" \/><\/a><\/div>\n<\/div><div class=\"fusion-clearfix\"><\/div><\/div><\/div><\/div><\/div>\n","protected":false},"excerpt":{"rendered":"","protected":false},"author":3,"featured_media":37736,"comment_status":"closed","ping_status":"closed","sticky":false,"template":"","format":"standard","meta":{"om_disable_all_campaigns":false,"_monsterinsights_skip_tracking":false,"_monsterinsights_sitenote_active":false,"_monsterinsights_sitenote_note":"","_monsterinsights_sitenote_category":0,"_uf_show_specific_survey":0,"_uf_disable_surveys":false,"footnotes":""},"categories":[1124,1130],"tags":[],"class_list":["post-37720","post","type-post","status-publish","format-standard","has-post-thumbnail","hentry","category-sector-baix-llobregat","category-sector-girona"],"yoast_head":"<!-- This site is optimized with the Yoast SEO plugin v27.4 - https:\/\/yoast.com\/product\/yoast-seo-wordpress\/ -->\n<title>Baix Llobregat i Girona tamb\u00e9 fan les seves AGO! - Esplac<\/title>\n<meta name=\"robots\" content=\"index, follow, max-snippet:-1, max-image-preview:large, max-video-preview:-1\" \/>\n<link rel=\"canonical\" href=\"https:\/\/www.esplac.cat\/baix-llobregat-girona-tambe-fan-ago\/\" \/>\n<meta property=\"og:locale\" content=\"es_ES\" \/>\n<meta property=\"og:type\" content=\"article\" \/>\n<meta property=\"og:title\" content=\"Baix Llobregat i Girona tamb\u00e9 fan les seves AGO! - Esplac\" \/>\n<meta property=\"og:url\" content=\"https:\/\/www.esplac.cat\/baix-llobregat-girona-tambe-fan-ago\/\" \/>\n<meta property=\"og:site_name\" content=\"Esplac\" \/>\n<meta property=\"article:published_time\" content=\"2021-10-27T13:14:22+00:00\" \/>\n<meta property=\"article:modified_time\" content=\"2022-06-22T08:46:01+00:00\" \/>\n<meta property=\"og:image\" content=\"https:\/\/www.esplac.cat\/wp-content\/uploads\/2021\/10\/Portades-Web-14.jpg\" \/>\n\t<meta property=\"og:image:width\" content=\"1697\" \/>\n\t<meta property=\"og:image:height\" content=\"700\" \/>\n\t<meta property=\"og:image:type\" content=\"image\/jpeg\" \/>\n<meta name=\"author\" content=\"Comunicaci\u00f3 Esplac\" \/>\n<meta name=\"twitter:card\" content=\"summary_large_image\" \/>\n<meta name=\"twitter:label1\" content=\"Escrito por\" \/>\n\t<meta name=\"twitter:data1\" content=\"Comunicaci\u00f3 Esplac\" \/>\n\t<meta name=\"twitter:label2\" content=\"Tiempo de lectura\" \/>\n\t<meta name=\"twitter:data2\" content=\"3 minutos\" \/>\n<script type=\"application\/ld+json\" class=\"yoast-schema-graph\">{\"@context\":\"https:\\\/\\\/schema.org\",\"@graph\":[{\"@type\":\"Article\",\"@id\":\"https:\\\/\\\/www.esplac.cat\\\/baix-llobregat-girona-tambe-fan-ago\\\/#article\",\"isPartOf\":{\"@id\":\"https:\\\/\\\/www.esplac.cat\\\/baix-llobregat-girona-tambe-fan-ago\\\/\"},\"author\":{\"name\":\"Comunicaci\u00f3 Esplac\",\"@id\":\"https:\\\/\\\/www.esplac.cat\\\/#\\\/schema\\\/person\\\/908383cf240be18b68f8855d0583faca\"},\"headline\":\"Baix Llobregat i Girona tamb\u00e9 fan les seves AGO!\",\"datePublished\":\"2021-10-27T13:14:22+00:00\",\"dateModified\":\"2022-06-22T08:46:01+00:00\",\"mainEntityOfPage\":{\"@id\":\"https:\\\/\\\/www.esplac.cat\\\/baix-llobregat-girona-tambe-fan-ago\\\/\"},\"wordCount\":552,\"publisher\":{\"@id\":\"https:\\\/\\\/www.esplac.cat\\\/#organization\"},\"image\":{\"@id\":\"https:\\\/\\\/www.esplac.cat\\\/baix-llobregat-girona-tambe-fan-ago\\\/#primaryimage\"},\"thumbnailUrl\":\"https:\\\/\\\/www.esplac.cat\\\/wp-content\\\/uploads\\\/2021\\\/10\\\/Portades-Web-14.jpg\",\"articleSection\":[\"Sector Baix Llobregat\",\"Sector Girona\"],\"inLanguage\":\"es\"},{\"@type\":\"WebPage\",\"@id\":\"https:\\\/\\\/www.esplac.cat\\\/baix-llobregat-girona-tambe-fan-ago\\\/\",\"url\":\"https:\\\/\\\/www.esplac.cat\\\/baix-llobregat-girona-tambe-fan-ago\\\/\",\"name\":\"Baix Llobregat i Girona tamb\u00e9 fan les seves AGO! - Esplac\",\"isPartOf\":{\"@id\":\"https:\\\/\\\/www.esplac.cat\\\/#website\"},\"primaryImageOfPage\":{\"@id\":\"https:\\\/\\\/www.esplac.cat\\\/baix-llobregat-girona-tambe-fan-ago\\\/#primaryimage\"},\"image\":{\"@id\":\"https:\\\/\\\/www.esplac.cat\\\/baix-llobregat-girona-tambe-fan-ago\\\/#primaryimage\"},\"thumbnailUrl\":\"https:\\\/\\\/www.esplac.cat\\\/wp-content\\\/uploads\\\/2021\\\/10\\\/Portades-Web-14.jpg\",\"datePublished\":\"2021-10-27T13:14:22+00:00\",\"dateModified\":\"2022-06-22T08:46:01+00:00\",\"breadcrumb\":{\"@id\":\"https:\\\/\\\/www.esplac.cat\\\/baix-llobregat-girona-tambe-fan-ago\\\/#breadcrumb\"},\"inLanguage\":\"es\",\"potentialAction\":[{\"@type\":\"ReadAction\",\"target\":[\"https:\\\/\\\/www.esplac.cat\\\/baix-llobregat-girona-tambe-fan-ago\\\/\"]}]},{\"@type\":\"ImageObject\",\"inLanguage\":\"es\",\"@id\":\"https:\\\/\\\/www.esplac.cat\\\/baix-llobregat-girona-tambe-fan-ago\\\/#primaryimage\",\"url\":\"https:\\\/\\\/www.esplac.cat\\\/wp-content\\\/uploads\\\/2021\\\/10\\\/Portades-Web-14.jpg\",\"contentUrl\":\"https:\\\/\\\/www.esplac.cat\\\/wp-content\\\/uploads\\\/2021\\\/10\\\/Portades-Web-14.jpg\",\"width\":1697,\"height\":700},{\"@type\":\"BreadcrumbList\",\"@id\":\"https:\\\/\\\/www.esplac.cat\\\/baix-llobregat-girona-tambe-fan-ago\\\/#breadcrumb\",\"itemListElement\":[{\"@type\":\"ListItem\",\"position\":1,\"name\":\"Inici\",\"item\":\"https:\\\/\\\/www.esplac.cat\\\/es\\\/\"},{\"@type\":\"ListItem\",\"position\":2,\"name\":\"Baix Llobregat i Girona tamb\u00e9 fan les seves AGO!\"}]},{\"@type\":\"WebSite\",\"@id\":\"https:\\\/\\\/www.esplac.cat\\\/#website\",\"url\":\"https:\\\/\\\/www.esplac.cat\\\/\",\"name\":\"Esplac\",\"description\":\"Esplais Catalans\",\"publisher\":{\"@id\":\"https:\\\/\\\/www.esplac.cat\\\/#organization\"},\"potentialAction\":[{\"@type\":\"SearchAction\",\"target\":{\"@type\":\"EntryPoint\",\"urlTemplate\":\"https:\\\/\\\/www.esplac.cat\\\/?s={search_term_string}\"},\"query-input\":{\"@type\":\"PropertyValueSpecification\",\"valueRequired\":true,\"valueName\":\"search_term_string\"}}],\"inLanguage\":\"es\"},{\"@type\":\"Organization\",\"@id\":\"https:\\\/\\\/www.esplac.cat\\\/#organization\",\"name\":\"Esplac\",\"url\":\"https:\\\/\\\/www.esplac.cat\\\/\",\"logo\":{\"@type\":\"ImageObject\",\"inLanguage\":\"es\",\"@id\":\"https:\\\/\\\/www.esplac.cat\\\/#\\\/schema\\\/logo\\\/image\\\/\",\"url\":\"https:\\\/\\\/www.esplac.cat\\\/wp-content\\\/uploads\\\/2019\\\/08\\\/logox2.png\",\"contentUrl\":\"https:\\\/\\\/www.esplac.cat\\\/wp-content\\\/uploads\\\/2019\\\/08\\\/logox2.png\",\"width\":600,\"height\":295,\"caption\":\"Esplac\"},\"image\":{\"@id\":\"https:\\\/\\\/www.esplac.cat\\\/#\\\/schema\\\/logo\\\/image\\\/\"}},{\"@type\":\"Person\",\"@id\":\"https:\\\/\\\/www.esplac.cat\\\/#\\\/schema\\\/person\\\/908383cf240be18b68f8855d0583faca\",\"name\":\"Comunicaci\u00f3 Esplac\",\"image\":{\"@type\":\"ImageObject\",\"inLanguage\":\"es\",\"@id\":\"https:\\\/\\\/secure.gravatar.com\\\/avatar\\\/7a4cf8feb412a76ea4a740ca02d95b06b2907b5a6c648c2dd0a1082a093c3141?s=96&d=mm&r=g\",\"url\":\"https:\\\/\\\/secure.gravatar.com\\\/avatar\\\/7a4cf8feb412a76ea4a740ca02d95b06b2907b5a6c648c2dd0a1082a093c3141?s=96&d=mm&r=g\",\"contentUrl\":\"https:\\\/\\\/secure.gravatar.com\\\/avatar\\\/7a4cf8feb412a76ea4a740ca02d95b06b2907b5a6c648c2dd0a1082a093c3141?s=96&d=mm&r=g\",\"caption\":\"Comunicaci\u00f3 Esplac\"}}]}<\/script>\n<!-- \/ Yoast SEO plugin. -->","yoast_head_json":{"title":"Baix Llobregat i Girona tamb\u00e9 fan les seves AGO! - Esplac","robots":{"index":"index","follow":"follow","max-snippet":"max-snippet:-1","max-image-preview":"max-image-preview:large","max-video-preview":"max-video-preview:-1"},"canonical":"https:\/\/www.esplac.cat\/baix-llobregat-girona-tambe-fan-ago\/","og_locale":"es_ES","og_type":"article","og_title":"Baix Llobregat i Girona tamb\u00e9 fan les seves AGO! - Esplac","og_url":"https:\/\/www.esplac.cat\/baix-llobregat-girona-tambe-fan-ago\/","og_site_name":"Esplac","article_published_time":"2021-10-27T13:14:22+00:00","article_modified_time":"2022-06-22T08:46:01+00:00","og_image":[{"width":1697,"height":700,"url":"https:\/\/www.esplac.cat\/wp-content\/uploads\/2021\/10\/Portades-Web-14.jpg","type":"image\/jpeg"}],"author":"Comunicaci\u00f3 Esplac","twitter_card":"summary_large_image","twitter_misc":{"Escrito por":"Comunicaci\u00f3 Esplac","Tiempo de lectura":"3 minutos"},"schema":{"@context":"https:\/\/schema.org","@graph":[{"@type":"Article","@id":"https:\/\/www.esplac.cat\/baix-llobregat-girona-tambe-fan-ago\/#article","isPartOf":{"@id":"https:\/\/www.esplac.cat\/baix-llobregat-girona-tambe-fan-ago\/"},"author":{"name":"Comunicaci\u00f3 Esplac","@id":"https:\/\/www.esplac.cat\/#\/schema\/person\/908383cf240be18b68f8855d0583faca"},"headline":"Baix Llobregat i Girona tamb\u00e9 fan les seves AGO!","datePublished":"2021-10-27T13:14:22+00:00","dateModified":"2022-06-22T08:46:01+00:00","mainEntityOfPage":{"@id":"https:\/\/www.esplac.cat\/baix-llobregat-girona-tambe-fan-ago\/"},"wordCount":552,"publisher":{"@id":"https:\/\/www.esplac.cat\/#organization"},"image":{"@id":"https:\/\/www.esplac.cat\/baix-llobregat-girona-tambe-fan-ago\/#primaryimage"},"thumbnailUrl":"https:\/\/www.esplac.cat\/wp-content\/uploads\/2021\/10\/Portades-Web-14.jpg","articleSection":["Sector Baix Llobregat","Sector Girona"],"inLanguage":"es"},{"@type":"WebPage","@id":"https:\/\/www.esplac.cat\/baix-llobregat-girona-tambe-fan-ago\/","url":"https:\/\/www.esplac.cat\/baix-llobregat-girona-tambe-fan-ago\/","name":"Baix Llobregat i Girona tamb\u00e9 fan les seves AGO! - Esplac","isPartOf":{"@id":"https:\/\/www.esplac.cat\/#website"},"primaryImageOfPage":{"@id":"https:\/\/www.esplac.cat\/baix-llobregat-girona-tambe-fan-ago\/#primaryimage"},"image":{"@id":"https:\/\/www.esplac.cat\/baix-llobregat-girona-tambe-fan-ago\/#primaryimage"},"thumbnailUrl":"https:\/\/www.esplac.cat\/wp-content\/uploads\/2021\/10\/Portades-Web-14.jpg","datePublished":"2021-10-27T13:14:22+00:00","dateModified":"2022-06-22T08:46:01+00:00","breadcrumb":{"@id":"https:\/\/www.esplac.cat\/baix-llobregat-girona-tambe-fan-ago\/#breadcrumb"},"inLanguage":"es","potentialAction":[{"@type":"ReadAction","target":["https:\/\/www.esplac.cat\/baix-llobregat-girona-tambe-fan-ago\/"]}]},{"@type":"ImageObject","inLanguage":"es","@id":"https:\/\/www.esplac.cat\/baix-llobregat-girona-tambe-fan-ago\/#primaryimage","url":"https:\/\/www.esplac.cat\/wp-content\/uploads\/2021\/10\/Portades-Web-14.jpg","contentUrl":"https:\/\/www.esplac.cat\/wp-content\/uploads\/2021\/10\/Portades-Web-14.jpg","width":1697,"height":700},{"@type":"BreadcrumbList","@id":"https:\/\/www.esplac.cat\/baix-llobregat-girona-tambe-fan-ago\/#breadcrumb","itemListElement":[{"@type":"ListItem","position":1,"name":"Inici","item":"https:\/\/www.esplac.cat\/es\/"},{"@type":"ListItem","position":2,"name":"Baix Llobregat i Girona tamb\u00e9 fan les seves AGO!"}]},{"@type":"WebSite","@id":"https:\/\/www.esplac.cat\/#website","url":"https:\/\/www.esplac.cat\/","name":"Esplac","description":"Esplais Catalans","publisher":{"@id":"https:\/\/www.esplac.cat\/#organization"},"potentialAction":[{"@type":"SearchAction","target":{"@type":"EntryPoint","urlTemplate":"https:\/\/www.esplac.cat\/?s={search_term_string}"},"query-input":{"@type":"PropertyValueSpecification","valueRequired":true,"valueName":"search_term_string"}}],"inLanguage":"es"},{"@type":"Organization","@id":"https:\/\/www.esplac.cat\/#organization","name":"Esplac","url":"https:\/\/www.esplac.cat\/","logo":{"@type":"ImageObject","inLanguage":"es","@id":"https:\/\/www.esplac.cat\/#\/schema\/logo\/image\/","url":"https:\/\/www.esplac.cat\/wp-content\/uploads\/2019\/08\/logox2.png","contentUrl":"https:\/\/www.esplac.cat\/wp-content\/uploads\/2019\/08\/logox2.png","width":600,"height":295,"caption":"Esplac"},"image":{"@id":"https:\/\/www.esplac.cat\/#\/schema\/logo\/image\/"}},{"@type":"Person","@id":"https:\/\/www.esplac.cat\/#\/schema\/person\/908383cf240be18b68f8855d0583faca","name":"Comunicaci\u00f3 Esplac","image":{"@type":"ImageObject","inLanguage":"es","@id":"https:\/\/secure.gravatar.com\/avatar\/7a4cf8feb412a76ea4a740ca02d95b06b2907b5a6c648c2dd0a1082a093c3141?s=96&d=mm&r=g","url":"https:\/\/secure.gravatar.com\/avatar\/7a4cf8feb412a76ea4a740ca02d95b06b2907b5a6c648c2dd0a1082a093c3141?s=96&d=mm&r=g","contentUrl":"https:\/\/secure.gravatar.com\/avatar\/7a4cf8feb412a76ea4a740ca02d95b06b2907b5a6c648c2dd0a1082a093c3141?s=96&d=mm&r=g","caption":"Comunicaci\u00f3 Esplac"}}]}},"_links":{"self":[{"href":"https:\/\/www.esplac.cat\/es\/wp-json\/wp\/v2\/posts\/37720","targetHints":{"allow":["GET"]}}],"collection":[{"href":"https:\/\/www.esplac.cat\/es\/wp-json\/wp\/v2\/posts"}],"about":[{"href":"https:\/\/www.esplac.cat\/es\/wp-json\/wp\/v2\/types\/post"}],"author":[{"embeddable":true,"href":"https:\/\/www.esplac.cat\/es\/wp-json\/wp\/v2\/users\/3"}],"replies":[{"embeddable":true,"href":"https:\/\/www.esplac.cat\/es\/wp-json\/wp\/v2\/comments?post=37720"}],"version-history":[{"count":0,"href":"https:\/\/www.esplac.cat\/es\/wp-json\/wp\/v2\/posts\/37720\/revisions"}],"wp:featuredmedia":[{"embeddable":true,"href":"https:\/\/www.esplac.cat\/es\/wp-json\/wp\/v2\/media\/37736"}],"wp:attachment":[{"href":"https:\/\/www.esplac.cat\/es\/wp-json\/wp\/v2\/media?parent=37720"}],"wp:term":[{"taxonomy":"category","embeddable":true,"href":"https:\/\/www.esplac.cat\/es\/wp-json\/wp\/v2\/categories?post=37720"},{"taxonomy":"post_tag","embeddable":true,"href":"https:\/\/www.esplac.cat\/es\/wp-json\/wp\/v2\/tags?post=37720"}],"curies":[{"name":"wp","href":"https:\/\/api.w.org\/{rel}","templated":true}]}}