{"id":38045,"date":"2021-12-09T12:53:51","date_gmt":"2021-12-09T10:53:51","guid":{"rendered":"https:\/\/www.esplac.cat\/?p=38045"},"modified":"2021-12-09T13:03:49","modified_gmt":"2021-12-09T11:03:49","slug":"experiencia-seminari-education-for-social-change","status":"publish","type":"post","link":"https:\/\/www.esplac.cat\/es\/experiencia-seminari-education-for-social-change\/","title":{"rendered":"\u00abHem viscut, gaudit i sobretot apr\u00e8s molt.\u00bb L&#8217;experi\u00e8ncia del seminari Education for Social Change"},"content":{"rendered":"<p>Autoria: <strong>Participants d&#8217;Esplac al seminari \u00abEducation for social change\u00bb.<\/strong><\/p>\n<hr \/>\n<p><span style=\"font-weight: 400;\">Fa unes setmanes 4 monitores d\u2019esplac vam participar del <strong>seminari d\u2019educaci\u00f3 no formal i educaci\u00f3 socialista<\/strong> en el marc de les jornades de Training for Trainers que organitza anualment el centre Kurt L\u00f6wenstein (KLW) a Alemanya.\u00a0<\/span><\/p>\n<p><b>Parlem del centre Kurt L\u00f6wenstein\u00a0<\/b><\/p>\n<p><span style=\"font-weight: 400;\">T\u2019imagines la casa de col\u00f2nies m\u00e9s gran on mai has anat? Doncs ara triplica els espais interiors, les sales de jocs, els recursos exteriors i la quantitat de materials de tot tipus que puguis imaginar. Doncs si, \u00e9s una mica aix\u00ed el centre KLW: innovador, juvenil i estimulant.\u00a0<\/span><\/p>\n<p><span style=\"font-weight: 400;\">A m\u00e9s, podem afirmar que \u00e9s un <\/span><b>espai segur<\/b><span style=\"font-weight: 400;\">. Els seminaris impartits en aquest centre dediquen un dia sencer a conformar les normes de socialitzaci\u00f3 i comportament per tal de crear un espai on totes les persones puguin tenir la millor experi\u00e8ncia educativa sense trobar-se cohibides o agredides de cap manera. Es tracta doncs d\u2019un espai que fa tot el possible perqu\u00e8 sigui lliure de sexisme, racisme, LGTBQIAf\u00f2bia<\/span><span style=\"font-weight: 400;\">\u2026 <\/span><span style=\"font-weight: 400;\">A m\u00e9s, la segona nit es fa la \u00abWomen and Trans night\u00bb on les dones i trans poden compartir un espai d&#8217;oci relaxat i fer el que vulguin mentre els homes fan una din\u00e0mica per treballar la masculinitat.\u00a0<\/span><\/p>\n<p><b>Els seminaris i les seves metodologies\u00a0<\/b><\/p>\n<p><span style=\"font-weight: 400;\">Un equip de <\/span><i><span style=\"font-weight: 400;\">teamers <\/span><\/i><span style=\"font-weight: 400;\">amb passi\u00f3 i vocaci\u00f3 s\u2019han dedicat pr\u00e8viament a teixir tot el que dins d\u2019aquestes sales es crear\u00e0. Grups redu\u00efts amb participants d\u2019or\u00edgens completament diferents s\u00f3n els que vertaderament creen els seminaris. Din\u00e0miques, jocs, activitats i reflexions poc a poc es van desenvolupant entre totes les persones a trav\u00e9s de la facilitaci\u00f3 de dues <\/span><i><span style=\"font-weight: 400;\">teamers <\/span><\/i><span style=\"font-weight: 400;\">que s\u2019encarreguen de portar el grup per les diferents fases que es van transitant, aix\u00ed com van coneixent de forma individual les seves participants i les potencien de forma activa.\u00a0<\/span><\/p>\n<p><b>Qu\u00e8 et cal saber abans de marxar?\u00a0<\/b><\/p>\n<p><span style=\"font-weight: 400;\">M\u00e9s enll\u00e0 de la informaci\u00f3 pr\u00e0ctica que no cal portar res m\u00e9s que la roba i estris personals, ja que material escolar com tovalloles i roba de llit ja te la proporcionen al centre, creiem que \u00e9s important saber com arribar a la casa. Les instruccions que envia la casa s\u00f3n clares, per\u00f2 per fer-ho m\u00e9s f\u00e0cil <span style=\"color: #ff9900;\"><a style=\"color: #ff9900;\" href=\"https:\/\/www.esplac.cat\/wp-content\/uploads\/2021\/12\/video_KLW.mp4\" target=\"_blank\" rel=\"noopener noreferrer\">hem creat un v\u00eddeo<\/a><\/span> on ensenyem alguns dels passos per fer el trajecte de l&#8217;Aeroport fins a la casa.<\/span><\/p>\n<p><b>Training for trainers\u00a0<\/b><\/p>\n<p><span style=\"font-weight: 400;\">\u00c9s aqu\u00ed on volem arribar: <strong>qu\u00e8 hem fet aquesta setmana?\u00a0<\/strong><\/span><\/p>\n<p><span style=\"font-weight: 400;\">Hem compartit moltes visions i experi\u00e8ncies sobre un mateix tema social\/cultural\/pol\u00edtic; hem desenvolupat propostes i ens hem regalat eines pr\u00e0ctiques per combatre opressions; hem desenvolupat la idea de poder i hem adquirit eines per identificar-lo en les nostres assemblees; <\/span><span style=\"font-weight: 400;\">hem identificat t\u00e8cniques de dominaci\u00f3 per saber com treballar-les<\/span><span style=\"font-weight: 400;\">\u2026 <\/span><span style=\"font-weight: 400;\">En resum, ens hem viscut, gaudit i sobretot apr\u00e8s molt.\u00a0<\/span><\/p>\n<p><span style=\"font-weight: 400;\">L&#8217;aprenentatge s&#8217;ha donat dins els seminaris, per\u00f2 tamb\u00e9 fora de les aules, trobades a la zona del \u201cRed sofa\u201d, en l\u2019intercanvi de taules a cada \u00e0pat, pels passadissos, en les activitats especials, en la gesti\u00f3 de din\u00e0miques autoorganitzades, en el Keller bar (el bar autogestionat per nosaltres), etc. En tots els espais on de forma genu\u00efna es troben persones i comparteixen gustos, curiositats o s\u2019expliquen les pr\u00f2pies hist\u00f2ries i viv\u00e8ncies.\u00a0<\/span><\/p>\n<p><span style=\"font-weight: 400;\">En definitiva, ha sigut una setmana d&#8217;aprendre molt. Dels seminaris, de la conviv\u00e8ncia, de les altres persones participants i tamb\u00e9 d&#8217;explorar el nostre potencial que ens ha perm\u00e8s identificar i obtenir eines per treballar als nostres centres i oferir una millor educaci\u00f3 als infants i joves.<\/span><\/p>\n<p>&nbsp;<\/p>\n<p><a href=\"https:\/\/www.esplac.cat\/wp-content\/uploads\/2021\/12\/Informacions-u\u0301tils-pel-KLW-center.jpg\"><img decoding=\"async\" class=\"aligncenter wp-image-38341 \" src=\"https:\/\/www.esplac.cat\/wp-content\/uploads\/2021\/12\/Informacions-u\u0301tils-pel-KLW-center.jpg\" alt=\"\" width=\"586\" height=\"829\" srcset=\"https:\/\/www.esplac.cat\/wp-content\/uploads\/2021\/12\/Informacions-u\u0301tils-pel-KLW-center-200x283.jpg 200w, https:\/\/www.esplac.cat\/wp-content\/uploads\/2021\/12\/Informacions-u\u0301tils-pel-KLW-center-212x300.jpg 212w, https:\/\/www.esplac.cat\/wp-content\/uploads\/2021\/12\/Informacions-u\u0301tils-pel-KLW-center-400x566.jpg 400w, https:\/\/www.esplac.cat\/wp-content\/uploads\/2021\/12\/Informacions-u\u0301tils-pel-KLW-center-600x849.jpg 600w, https:\/\/www.esplac.cat\/wp-content\/uploads\/2021\/12\/Informacions-u\u0301tils-pel-KLW-center-724x1024.jpg 724w, https:\/\/www.esplac.cat\/wp-content\/uploads\/2021\/12\/Informacions-u\u0301tils-pel-KLW-center-768x1086.jpg 768w, https:\/\/www.esplac.cat\/wp-content\/uploads\/2021\/12\/Informacions-u\u0301tils-pel-KLW-center-800x1132.jpg 800w, https:\/\/www.esplac.cat\/wp-content\/uploads\/2021\/12\/Informacions-u\u0301tils-pel-KLW-center-1086x1536.jpg 1086w, https:\/\/www.esplac.cat\/wp-content\/uploads\/2021\/12\/Informacions-u\u0301tils-pel-KLW-center-1200x1697.jpg 1200w, https:\/\/www.esplac.cat\/wp-content\/uploads\/2021\/12\/Informacions-u\u0301tils-pel-KLW-center.jpg 1414w\" sizes=\"(max-width: 586px) 100vw, 586px\" \/><\/a><\/p>\n","protected":false},"excerpt":{"rendered":"<p>Autoria: Participants d&#8217;Esplac al seminari \u00abEducation for social change\u00bb. Fa [&hellip;]<\/p>\n","protected":false},"author":3,"featured_media":38351,"comment_status":"closed","ping_status":"closed","sticky":false,"template":"","format":"standard","meta":{"om_disable_all_campaigns":false,"_monsterinsights_skip_tracking":false,"_monsterinsights_sitenote_active":false,"_monsterinsights_sitenote_note":"","_monsterinsights_sitenote_category":0,"_uf_show_specific_survey":0,"_uf_disable_surveys":false,"footnotes":""},"categories":[1168],"tags":[],"class_list":["post-38045","post","type-post","status-publish","format-standard","has-post-thumbnail","hentry","category-creuant_mirades"],"yoast_head":"<!-- This site is optimized with the Yoast SEO plugin v27.5 - https:\/\/yoast.com\/product\/yoast-seo-wordpress\/ -->\n<title>&quot;Hem viscut, gaudit i sobretot apr\u00e8s molt.&quot; L&#039;experi\u00e8ncia del seminari Education for Social Change - Esplac<\/title>\n<meta name=\"robots\" content=\"index, follow, max-snippet:-1, max-image-preview:large, max-video-preview:-1\" \/>\n<link rel=\"canonical\" href=\"https:\/\/www.esplac.cat\/experiencia-seminari-education-for-social-change\/\" \/>\n<meta property=\"og:locale\" content=\"es_ES\" \/>\n<meta property=\"og:type\" content=\"article\" \/>\n<meta property=\"og:title\" content=\"&quot;Hem viscut, gaudit i sobretot apr\u00e8s molt.&quot; L&#039;experi\u00e8ncia del seminari Education for Social Change - Esplac\" \/>\n<meta property=\"og:description\" content=\"Autoria: Participants d&#8217;Esplac al seminari \u00abEducation for social change\u00bb. Fa [&hellip;]\" \/>\n<meta property=\"og:url\" content=\"https:\/\/www.esplac.cat\/experiencia-seminari-education-for-social-change\/\" \/>\n<meta property=\"og:site_name\" content=\"Esplac\" \/>\n<meta property=\"article:published_time\" content=\"2021-12-09T10:53:51+00:00\" \/>\n<meta property=\"article:modified_time\" content=\"2021-12-09T11:03:49+00:00\" \/>\n<meta property=\"og:image\" content=\"https:\/\/www.esplac.cat\/wp-content\/uploads\/2021\/12\/Portades-web-4.jpg\" \/>\n\t<meta property=\"og:image:width\" content=\"1694\" \/>\n\t<meta property=\"og:image:height\" content=\"700\" \/>\n\t<meta property=\"og:image:type\" content=\"image\/jpeg\" \/>\n<meta name=\"author\" content=\"Comunicaci\u00f3 Esplac\" \/>\n<meta name=\"twitter:card\" content=\"summary_large_image\" \/>\n<meta name=\"twitter:label1\" content=\"Escrito por\" \/>\n\t<meta name=\"twitter:data1\" content=\"Comunicaci\u00f3 Esplac\" \/>\n\t<meta name=\"twitter:label2\" content=\"Tiempo de lectura\" \/>\n\t<meta name=\"twitter:data2\" content=\"3 minutos\" \/>\n<script type=\"application\/ld+json\" class=\"yoast-schema-graph\">{\"@context\":\"https:\\\/\\\/schema.org\",\"@graph\":[{\"@type\":\"Article\",\"@id\":\"https:\\\/\\\/www.esplac.cat\\\/experiencia-seminari-education-for-social-change\\\/#article\",\"isPartOf\":{\"@id\":\"https:\\\/\\\/www.esplac.cat\\\/experiencia-seminari-education-for-social-change\\\/\"},\"author\":{\"name\":\"Comunicaci\u00f3 Esplac\",\"@id\":\"https:\\\/\\\/www.esplac.cat\\\/#\\\/schema\\\/person\\\/908383cf240be18b68f8855d0583faca\"},\"headline\":\"\u00abHem viscut, gaudit i sobretot apr\u00e8s molt.\u00bb L&#8217;experi\u00e8ncia del seminari Education for Social Change\",\"datePublished\":\"2021-12-09T10:53:51+00:00\",\"dateModified\":\"2021-12-09T11:03:49+00:00\",\"mainEntityOfPage\":{\"@id\":\"https:\\\/\\\/www.esplac.cat\\\/experiencia-seminari-education-for-social-change\\\/\"},\"wordCount\":638,\"publisher\":{\"@id\":\"https:\\\/\\\/www.esplac.cat\\\/#organization\"},\"image\":{\"@id\":\"https:\\\/\\\/www.esplac.cat\\\/experiencia-seminari-education-for-social-change\\\/#primaryimage\"},\"thumbnailUrl\":\"https:\\\/\\\/www.esplac.cat\\\/wp-content\\\/uploads\\\/2021\\\/12\\\/Portades-web-4.jpg\",\"articleSection\":[\"Creuant mirades\"],\"inLanguage\":\"es\"},{\"@type\":\"WebPage\",\"@id\":\"https:\\\/\\\/www.esplac.cat\\\/experiencia-seminari-education-for-social-change\\\/\",\"url\":\"https:\\\/\\\/www.esplac.cat\\\/experiencia-seminari-education-for-social-change\\\/\",\"name\":\"\\\"Hem viscut, gaudit i sobretot apr\u00e8s molt.\\\" L'experi\u00e8ncia del seminari Education for Social Change - Esplac\",\"isPartOf\":{\"@id\":\"https:\\\/\\\/www.esplac.cat\\\/#website\"},\"primaryImageOfPage\":{\"@id\":\"https:\\\/\\\/www.esplac.cat\\\/experiencia-seminari-education-for-social-change\\\/#primaryimage\"},\"image\":{\"@id\":\"https:\\\/\\\/www.esplac.cat\\\/experiencia-seminari-education-for-social-change\\\/#primaryimage\"},\"thumbnailUrl\":\"https:\\\/\\\/www.esplac.cat\\\/wp-content\\\/uploads\\\/2021\\\/12\\\/Portades-web-4.jpg\",\"datePublished\":\"2021-12-09T10:53:51+00:00\",\"dateModified\":\"2021-12-09T11:03:49+00:00\",\"breadcrumb\":{\"@id\":\"https:\\\/\\\/www.esplac.cat\\\/experiencia-seminari-education-for-social-change\\\/#breadcrumb\"},\"inLanguage\":\"es\",\"potentialAction\":[{\"@type\":\"ReadAction\",\"target\":[\"https:\\\/\\\/www.esplac.cat\\\/experiencia-seminari-education-for-social-change\\\/\"]}]},{\"@type\":\"ImageObject\",\"inLanguage\":\"es\",\"@id\":\"https:\\\/\\\/www.esplac.cat\\\/experiencia-seminari-education-for-social-change\\\/#primaryimage\",\"url\":\"https:\\\/\\\/www.esplac.cat\\\/wp-content\\\/uploads\\\/2021\\\/12\\\/Portades-web-4.jpg\",\"contentUrl\":\"https:\\\/\\\/www.esplac.cat\\\/wp-content\\\/uploads\\\/2021\\\/12\\\/Portades-web-4.jpg\",\"width\":1694,\"height\":700},{\"@type\":\"BreadcrumbList\",\"@id\":\"https:\\\/\\\/www.esplac.cat\\\/experiencia-seminari-education-for-social-change\\\/#breadcrumb\",\"itemListElement\":[{\"@type\":\"ListItem\",\"position\":1,\"name\":\"Inici\",\"item\":\"https:\\\/\\\/www.esplac.cat\\\/es\\\/\"},{\"@type\":\"ListItem\",\"position\":2,\"name\":\"&#8220;Hem viscut, gaudit i sobretot apr\u00e8s molt.&#8221; L&#8217;experi\u00e8ncia del seminari Education for Social Change\"}]},{\"@type\":\"WebSite\",\"@id\":\"https:\\\/\\\/www.esplac.cat\\\/#website\",\"url\":\"https:\\\/\\\/www.esplac.cat\\\/\",\"name\":\"Esplac\",\"description\":\"Esplais Catalans\",\"publisher\":{\"@id\":\"https:\\\/\\\/www.esplac.cat\\\/#organization\"},\"potentialAction\":[{\"@type\":\"SearchAction\",\"target\":{\"@type\":\"EntryPoint\",\"urlTemplate\":\"https:\\\/\\\/www.esplac.cat\\\/?s={search_term_string}\"},\"query-input\":{\"@type\":\"PropertyValueSpecification\",\"valueRequired\":true,\"valueName\":\"search_term_string\"}}],\"inLanguage\":\"es\"},{\"@type\":\"Organization\",\"@id\":\"https:\\\/\\\/www.esplac.cat\\\/#organization\",\"name\":\"Esplac\",\"url\":\"https:\\\/\\\/www.esplac.cat\\\/\",\"logo\":{\"@type\":\"ImageObject\",\"inLanguage\":\"es\",\"@id\":\"https:\\\/\\\/www.esplac.cat\\\/#\\\/schema\\\/logo\\\/image\\\/\",\"url\":\"https:\\\/\\\/www.esplac.cat\\\/wp-content\\\/uploads\\\/2019\\\/08\\\/logox2.png\",\"contentUrl\":\"https:\\\/\\\/www.esplac.cat\\\/wp-content\\\/uploads\\\/2019\\\/08\\\/logox2.png\",\"width\":600,\"height\":295,\"caption\":\"Esplac\"},\"image\":{\"@id\":\"https:\\\/\\\/www.esplac.cat\\\/#\\\/schema\\\/logo\\\/image\\\/\"}},{\"@type\":\"Person\",\"@id\":\"https:\\\/\\\/www.esplac.cat\\\/#\\\/schema\\\/person\\\/908383cf240be18b68f8855d0583faca\",\"name\":\"Comunicaci\u00f3 Esplac\",\"image\":{\"@type\":\"ImageObject\",\"inLanguage\":\"es\",\"@id\":\"https:\\\/\\\/secure.gravatar.com\\\/avatar\\\/7a4cf8feb412a76ea4a740ca02d95b06b2907b5a6c648c2dd0a1082a093c3141?s=96&d=mm&r=g\",\"url\":\"https:\\\/\\\/secure.gravatar.com\\\/avatar\\\/7a4cf8feb412a76ea4a740ca02d95b06b2907b5a6c648c2dd0a1082a093c3141?s=96&d=mm&r=g\",\"contentUrl\":\"https:\\\/\\\/secure.gravatar.com\\\/avatar\\\/7a4cf8feb412a76ea4a740ca02d95b06b2907b5a6c648c2dd0a1082a093c3141?s=96&d=mm&r=g\",\"caption\":\"Comunicaci\u00f3 Esplac\"}}]}<\/script>\n<!-- \/ Yoast SEO plugin. -->","yoast_head_json":{"title":"\"Hem viscut, gaudit i sobretot apr\u00e8s molt.\" L'experi\u00e8ncia del seminari Education for Social Change - Esplac","robots":{"index":"index","follow":"follow","max-snippet":"max-snippet:-1","max-image-preview":"max-image-preview:large","max-video-preview":"max-video-preview:-1"},"canonical":"https:\/\/www.esplac.cat\/experiencia-seminari-education-for-social-change\/","og_locale":"es_ES","og_type":"article","og_title":"\"Hem viscut, gaudit i sobretot apr\u00e8s molt.\" L'experi\u00e8ncia del seminari Education for Social Change - Esplac","og_description":"Autoria: Participants d&#8217;Esplac al seminari \u00abEducation for social change\u00bb. Fa [&hellip;]","og_url":"https:\/\/www.esplac.cat\/experiencia-seminari-education-for-social-change\/","og_site_name":"Esplac","article_published_time":"2021-12-09T10:53:51+00:00","article_modified_time":"2021-12-09T11:03:49+00:00","og_image":[{"width":1694,"height":700,"url":"https:\/\/www.esplac.cat\/wp-content\/uploads\/2021\/12\/Portades-web-4.jpg","type":"image\/jpeg"}],"author":"Comunicaci\u00f3 Esplac","twitter_card":"summary_large_image","twitter_misc":{"Escrito por":"Comunicaci\u00f3 Esplac","Tiempo de lectura":"3 minutos"},"schema":{"@context":"https:\/\/schema.org","@graph":[{"@type":"Article","@id":"https:\/\/www.esplac.cat\/experiencia-seminari-education-for-social-change\/#article","isPartOf":{"@id":"https:\/\/www.esplac.cat\/experiencia-seminari-education-for-social-change\/"},"author":{"name":"Comunicaci\u00f3 Esplac","@id":"https:\/\/www.esplac.cat\/#\/schema\/person\/908383cf240be18b68f8855d0583faca"},"headline":"\u00abHem viscut, gaudit i sobretot apr\u00e8s molt.\u00bb L&#8217;experi\u00e8ncia del seminari Education for Social Change","datePublished":"2021-12-09T10:53:51+00:00","dateModified":"2021-12-09T11:03:49+00:00","mainEntityOfPage":{"@id":"https:\/\/www.esplac.cat\/experiencia-seminari-education-for-social-change\/"},"wordCount":638,"publisher":{"@id":"https:\/\/www.esplac.cat\/#organization"},"image":{"@id":"https:\/\/www.esplac.cat\/experiencia-seminari-education-for-social-change\/#primaryimage"},"thumbnailUrl":"https:\/\/www.esplac.cat\/wp-content\/uploads\/2021\/12\/Portades-web-4.jpg","articleSection":["Creuant mirades"],"inLanguage":"es"},{"@type":"WebPage","@id":"https:\/\/www.esplac.cat\/experiencia-seminari-education-for-social-change\/","url":"https:\/\/www.esplac.cat\/experiencia-seminari-education-for-social-change\/","name":"\"Hem viscut, gaudit i sobretot apr\u00e8s molt.\" L'experi\u00e8ncia del seminari Education for Social Change - Esplac","isPartOf":{"@id":"https:\/\/www.esplac.cat\/#website"},"primaryImageOfPage":{"@id":"https:\/\/www.esplac.cat\/experiencia-seminari-education-for-social-change\/#primaryimage"},"image":{"@id":"https:\/\/www.esplac.cat\/experiencia-seminari-education-for-social-change\/#primaryimage"},"thumbnailUrl":"https:\/\/www.esplac.cat\/wp-content\/uploads\/2021\/12\/Portades-web-4.jpg","datePublished":"2021-12-09T10:53:51+00:00","dateModified":"2021-12-09T11:03:49+00:00","breadcrumb":{"@id":"https:\/\/www.esplac.cat\/experiencia-seminari-education-for-social-change\/#breadcrumb"},"inLanguage":"es","potentialAction":[{"@type":"ReadAction","target":["https:\/\/www.esplac.cat\/experiencia-seminari-education-for-social-change\/"]}]},{"@type":"ImageObject","inLanguage":"es","@id":"https:\/\/www.esplac.cat\/experiencia-seminari-education-for-social-change\/#primaryimage","url":"https:\/\/www.esplac.cat\/wp-content\/uploads\/2021\/12\/Portades-web-4.jpg","contentUrl":"https:\/\/www.esplac.cat\/wp-content\/uploads\/2021\/12\/Portades-web-4.jpg","width":1694,"height":700},{"@type":"BreadcrumbList","@id":"https:\/\/www.esplac.cat\/experiencia-seminari-education-for-social-change\/#breadcrumb","itemListElement":[{"@type":"ListItem","position":1,"name":"Inici","item":"https:\/\/www.esplac.cat\/es\/"},{"@type":"ListItem","position":2,"name":"&#8220;Hem viscut, gaudit i sobretot apr\u00e8s molt.&#8221; L&#8217;experi\u00e8ncia del seminari Education for Social Change"}]},{"@type":"WebSite","@id":"https:\/\/www.esplac.cat\/#website","url":"https:\/\/www.esplac.cat\/","name":"Esplac","description":"Esplais Catalans","publisher":{"@id":"https:\/\/www.esplac.cat\/#organization"},"potentialAction":[{"@type":"SearchAction","target":{"@type":"EntryPoint","urlTemplate":"https:\/\/www.esplac.cat\/?s={search_term_string}"},"query-input":{"@type":"PropertyValueSpecification","valueRequired":true,"valueName":"search_term_string"}}],"inLanguage":"es"},{"@type":"Organization","@id":"https:\/\/www.esplac.cat\/#organization","name":"Esplac","url":"https:\/\/www.esplac.cat\/","logo":{"@type":"ImageObject","inLanguage":"es","@id":"https:\/\/www.esplac.cat\/#\/schema\/logo\/image\/","url":"https:\/\/www.esplac.cat\/wp-content\/uploads\/2019\/08\/logox2.png","contentUrl":"https:\/\/www.esplac.cat\/wp-content\/uploads\/2019\/08\/logox2.png","width":600,"height":295,"caption":"Esplac"},"image":{"@id":"https:\/\/www.esplac.cat\/#\/schema\/logo\/image\/"}},{"@type":"Person","@id":"https:\/\/www.esplac.cat\/#\/schema\/person\/908383cf240be18b68f8855d0583faca","name":"Comunicaci\u00f3 Esplac","image":{"@type":"ImageObject","inLanguage":"es","@id":"https:\/\/secure.gravatar.com\/avatar\/7a4cf8feb412a76ea4a740ca02d95b06b2907b5a6c648c2dd0a1082a093c3141?s=96&d=mm&r=g","url":"https:\/\/secure.gravatar.com\/avatar\/7a4cf8feb412a76ea4a740ca02d95b06b2907b5a6c648c2dd0a1082a093c3141?s=96&d=mm&r=g","contentUrl":"https:\/\/secure.gravatar.com\/avatar\/7a4cf8feb412a76ea4a740ca02d95b06b2907b5a6c648c2dd0a1082a093c3141?s=96&d=mm&r=g","caption":"Comunicaci\u00f3 Esplac"}}]}},"_links":{"self":[{"href":"https:\/\/www.esplac.cat\/es\/wp-json\/wp\/v2\/posts\/38045","targetHints":{"allow":["GET"]}}],"collection":[{"href":"https:\/\/www.esplac.cat\/es\/wp-json\/wp\/v2\/posts"}],"about":[{"href":"https:\/\/www.esplac.cat\/es\/wp-json\/wp\/v2\/types\/post"}],"author":[{"embeddable":true,"href":"https:\/\/www.esplac.cat\/es\/wp-json\/wp\/v2\/users\/3"}],"replies":[{"embeddable":true,"href":"https:\/\/www.esplac.cat\/es\/wp-json\/wp\/v2\/comments?post=38045"}],"version-history":[{"count":0,"href":"https:\/\/www.esplac.cat\/es\/wp-json\/wp\/v2\/posts\/38045\/revisions"}],"wp:featuredmedia":[{"embeddable":true,"href":"https:\/\/www.esplac.cat\/es\/wp-json\/wp\/v2\/media\/38351"}],"wp:attachment":[{"href":"https:\/\/www.esplac.cat\/es\/wp-json\/wp\/v2\/media?parent=38045"}],"wp:term":[{"taxonomy":"category","embeddable":true,"href":"https:\/\/www.esplac.cat\/es\/wp-json\/wp\/v2\/categories?post=38045"},{"taxonomy":"post_tag","embeddable":true,"href":"https:\/\/www.esplac.cat\/es\/wp-json\/wp\/v2\/tags?post=38045"}],"curies":[{"name":"wp","href":"https:\/\/api.w.org\/{rel}","templated":true}]}}