{"id":38116,"date":"2021-11-23T14:55:06","date_gmt":"2021-11-23T12:55:06","guid":{"rendered":"https:\/\/www.esplac.cat\/?p=38116"},"modified":"2021-11-23T14:59:31","modified_gmt":"2021-11-23T12:59:31","slug":"sector-barcelona-trobada-monis-bages-bergueda-forma","status":"publish","type":"post","link":"https:\/\/www.esplac.cat\/es\/sector-barcelona-trobada-monis-bages-bergueda-forma\/","title":{"rendered":"El Sector Barcelona fa la Trobada de Monis i el Bages i Bergued\u00e0 es forma!"},"content":{"rendered":"<div class=\"fusion-fullwidth fullwidth-box fusion-builder-row-1 nonhundred-percent-fullwidth non-hundred-percent-height-scrolling\" style=\"--awb-border-radius-top-left:0px;--awb-border-radius-top-right:0px;--awb-border-radius-bottom-right:0px;--awb-border-radius-bottom-left:0px;--awb-flex-wrap:wrap;\" ><div class=\"fusion-builder-row fusion-row\"><div class=\"fusion-layout-column fusion_builder_column fusion-builder-column-0 fusion_builder_column_1_1 1_1 fusion-one-full fusion-column-first fusion-column-last\" style=\"--awb-bg-size:cover;--awb-margin-bottom:0px;\"><div class=\"fusion-column-wrapper fusion-flex-column-wrapper-legacy\"><div class=\"fusion-text fusion-text-1\"><h6><strong>Aquest curs, la Trobada de Monitores i Monitors del Sector Barcelona ha tornat a fer-se com abans de la pand\u00e8mia: marxant un cap de setmana sencer, entre formacions i obres de teatre! D&#8217;altra banda, el Sector Bages i Bergued\u00e0 s&#8217;ha format en la seva tradicional matinal formativa, enguany a Sant Joan de Vilatorrada.<\/strong><\/h6>\n<p><span style=\"color: #ff9900;\"><b>Es recupera el format \u201ctradicional\u201d de la Trobada de Monitores i Monitors del Sector Barcelona!<\/b><\/span><\/p>\n<p><span style=\"font-weight: 400;\">La Trobada de Monitores i Monitors del <\/span><span style=\"color: #ff9900;\"><a style=\"color: #ff9900;\" href=\"https:\/\/www.esplac.cat\/sectors-geografics\/barcelona\/\"><span style=\"font-weight: 400;\">Sector Barcelona<\/span><\/a><\/span><span style=\"font-weight: 400;\"> \u00e9s una de les activitats amb m\u00e9s pes del Sector. De fet, tot i haver formalitzat la separaci\u00f3 del Sector en tres subsectors, aquesta \u00e9s una de les activitats que es vol mantenir conjunta. Enguany, s\u2019ha celebrat el cap de setmana del 13 i 14 de novembre a la Casa de Col\u00f2nies El Pinatar, a Gualba.\u00a0<\/span><\/p>\n<p><span style=\"font-weight: 400;\">Un total de<strong> 200 monitores<\/strong> han participat de les <strong>9 formacions<\/strong> ofertes, que es van escollir en base a un formulari enviat a totes les monitores del sector. D\u2019aquestes 9 formacions, 7 es van realitzar a trav\u00e9s de l\u2019Escola Lliure El Sol (Salut Mental, Educaci\u00f3 Emocional, Alimentaci\u00f3 Saludable i Transtorns Alimentaris, Participaci\u00f3 Infantil, Treball amb adolescents, Deconstrucci\u00f3 de masculinitats i Detecci\u00f3, prevenci\u00f3 i abordatge del bullying), 1 a trav\u00e9s del CRAJ (Gesti\u00f3 legal i administrativa de l\u2019entitat) i una autogestionada per dues monitores (Art i g\u00e8nere).\u00a0<\/span><\/p>\n<p><span style=\"font-weight: 400;\">Despr\u00e9s de les formacions, que van ser dissabte a la tarda, es van realitzar les famoses obres de teatre. L\u2019esplai guanyador va ser el Kasperle, que com a reconeixement es va endur una tenda de campanya. Diumenge, la comissi\u00f3 va preparar un bingo musical per dinamitzar el mat\u00ed i un dinar conjunt: amanida de llenties i verdures!\u00a0<\/span><\/p>\n<p><span style=\"font-weight: 400;\">El Sector Barcelona est\u00e0 molt content de la trobada i d\u2019haver pogut recuperar el format tradicional. De ben segur que ha estat plena d\u2019an\u00e8cdotes i aprenentatges! Tamb\u00e9, el sector est\u00e0 molt agra\u00eft a l<\/span><span style=\"font-weight: 400;\">es monitores que van estar organitzant l\u2019activitat, sense vosaltres no hauria estat possible!\u00a0<\/span><\/p>\n<p><span style=\"color: #ff9900;\"><strong>El Bages i Bergued\u00e0 es forma!<\/strong><\/span><\/p>\n<p><span style=\"font-weight: 400;\">El passat dissabte 20 de novembre, el <\/span><span style=\"color: #ff9900;\"><a style=\"color: #ff9900;\" href=\"https:\/\/www.esplac.cat\/sectors-geografics\/bages-bergueda\/\" target=\"_blank\" rel=\"noopener noreferrer\"><span style=\"font-weight: 400;\">Sector <\/span><\/a><\/span><span style=\"font-weight: 400;\"><span style=\"text-decoration: underline;\"><span style=\"color: #ff9900; text-decoration: underline;\">Bages i Bergued\u00e0<\/span><\/span> va celebrar la ja tradicional Matinal Formativa al poble de l\u2019esplai Lairet, Sant Joan de Vilatorrada. La trobada formativa va comptar amb monitores i monitors dels diferents esplais del sector. Com que el sector ha crescut molt aquest curs, tamb\u00e9 ho han fet el nombre d\u2019opcions formatives del dia. En aquesta edici\u00f3 les monitores i monitors van poder escollir entre: <\/span><b>bullying, prevenci\u00f3, detecci\u00f3 i intervenci\u00f3, educaci\u00f3 emocional amb infants i joves, i educar en la sexualitat.<\/b><span style=\"font-weight: 400;\"> Tamb\u00e9 s\u2019havia fet la demanda d\u2019educaci\u00f3 en perspectiva de g\u00e8nere i LGTBI, per\u00f2 finalment no es va poder fer.<\/span><\/p>\n<p><span style=\"font-weight: 400;\">Durant el mat\u00ed, hi va haver una pausa en la qual l\u2019Equip General de Sector va preparar caf\u00e8 i una mica d\u2019esmorzar per tothom. Un esmorzar molt benvingut despr\u00e9s de la reuni\u00f3 del sector de la nit anterior que havia estat llarga i intensa!<\/span><\/p>\n<p><span style=\"font-weight: 400;\">Aquesta jornda es valora com una activitat molt profitosa pel fet que suposa un espai de formaci\u00f3, aix\u00ed com de coneixen\u00e7a entre les monitores i els monitores del sector, que de mica en mica van recobrant la relaci\u00f3 despr\u00e9s de l\u2019\u00faltim curs estrany. Hi ha ganes de poder repetir el curs que ve!<\/span><\/p>\n<p>\u00a0<\/p>\n\n\t\t<style type=\"text\/css\">\n\t\t\t#gallery-1 {\n\t\t\t\tmargin: auto;\n\t\t\t}\n\t\t\t#gallery-1 .gallery-item {\n\t\t\t\tfloat: left;\n\t\t\t\tmargin-top: 10px;\n\t\t\t\ttext-align: center;\n\t\t\t\twidth: 33%;\n\t\t\t}\n\t\t\t#gallery-1 img {\n\t\t\t\tborder: 2px solid #cfcfcf;\n\t\t\t}\n\t\t\t#gallery-1 .gallery-caption {\n\t\t\t\tmargin-left: 0;\n\t\t\t}\n\t\t\t\/* see gallery_shortcode() in wp-includes\/media.php *\/\n\t\t<\/style>\n\t\t<div id='gallery-1' class='gallery galleryid-38116 gallery-columns-3 gallery-size-large'><dl class='gallery-item'>\n\t\t\t<dt class='gallery-icon landscape'>\n\t\t\t\t<a data-rel=\"iLightbox[postimages]\" data-title=\"BB M3\" data-caption=\"\" href='https:\/\/www.esplac.cat\/es\/bb-m3-2\/'><img decoding=\"async\" width=\"794\" height=\"680\" src=\"https:\/\/www.esplac.cat\/wp-content\/uploads\/2021\/11\/BB-M3.jpg\" class=\"attachment-large size-large\" alt=\"\" srcset=\"https:\/\/www.esplac.cat\/wp-content\/uploads\/2021\/11\/BB-M3-200x171.jpg 200w, https:\/\/www.esplac.cat\/wp-content\/uploads\/2021\/11\/BB-M3-300x257.jpg 300w, https:\/\/www.esplac.cat\/wp-content\/uploads\/2021\/11\/BB-M3-400x343.jpg 400w, https:\/\/www.esplac.cat\/wp-content\/uploads\/2021\/11\/BB-M3-600x514.jpg 600w, https:\/\/www.esplac.cat\/wp-content\/uploads\/2021\/11\/BB-M3-768x658.jpg 768w, https:\/\/www.esplac.cat\/wp-content\/uploads\/2021\/11\/BB-M3.jpg 794w\" sizes=\"(max-width: 794px) 100vw, 794px\" \/><\/a>\n\t\t\t<\/dt><\/dl><dl class='gallery-item'>\n\t\t\t<dt class='gallery-icon landscape'>\n\t\t\t\t<a data-rel=\"iLightbox[postimages]\" data-title=\"BB M2\" data-caption=\"\" href='https:\/\/www.esplac.cat\/es\/bb-m2-2\/'><img decoding=\"async\" width=\"748\" height=\"676\" src=\"https:\/\/www.esplac.cat\/wp-content\/uploads\/2021\/11\/BB-M2.jpg\" class=\"attachment-large size-large\" alt=\"\" srcset=\"https:\/\/www.esplac.cat\/wp-content\/uploads\/2021\/11\/BB-M2-200x181.jpg 200w, https:\/\/www.esplac.cat\/wp-content\/uploads\/2021\/11\/BB-M2-300x271.jpg 300w, https:\/\/www.esplac.cat\/wp-content\/uploads\/2021\/11\/BB-M2-400x361.jpg 400w, https:\/\/www.esplac.cat\/wp-content\/uploads\/2021\/11\/BB-M2-600x542.jpg 600w, https:\/\/www.esplac.cat\/wp-content\/uploads\/2021\/11\/BB-M2.jpg 748w\" sizes=\"(max-width: 748px) 100vw, 748px\" \/><\/a>\n\t\t\t<\/dt><\/dl><dl class='gallery-item'>\n\t\t\t<dt class='gallery-icon landscape'>\n\t\t\t\t<a data-rel=\"iLightbox[postimages]\" data-title=\"BB M1\" data-caption=\"\" href='https:\/\/www.esplac.cat\/es\/bb-m1-2\/'><img decoding=\"async\" width=\"790\" height=\"692\" src=\"https:\/\/www.esplac.cat\/wp-content\/uploads\/2021\/11\/BB-M1.jpg\" class=\"attachment-large size-large\" alt=\"\" srcset=\"https:\/\/www.esplac.cat\/wp-content\/uploads\/2021\/11\/BB-M1-200x175.jpg 200w, https:\/\/www.esplac.cat\/wp-content\/uploads\/2021\/11\/BB-M1-300x263.jpg 300w, https:\/\/www.esplac.cat\/wp-content\/uploads\/2021\/11\/BB-M1-400x350.jpg 400w, https:\/\/www.esplac.cat\/wp-content\/uploads\/2021\/11\/BB-M1-600x526.jpg 600w, https:\/\/www.esplac.cat\/wp-content\/uploads\/2021\/11\/BB-M1-768x673.jpg 768w, https:\/\/www.esplac.cat\/wp-content\/uploads\/2021\/11\/BB-M1.jpg 790w\" sizes=\"(max-width: 790px) 100vw, 790px\" \/><\/a>\n\t\t\t<\/dt><\/dl><br style=\"clear: both\" \/>\n\t\t<\/div>\n\n<\/div><div class=\"fusion-clearfix\"><\/div><\/div><\/div><\/div><\/div>\n","protected":false},"excerpt":{"rendered":"","protected":false},"author":3,"featured_media":38129,"comment_status":"closed","ping_status":"closed","sticky":false,"template":"","format":"standard","meta":{"om_disable_all_campaigns":false,"_monsterinsights_skip_tracking":false,"_monsterinsights_sitenote_active":false,"_monsterinsights_sitenote_note":"","_monsterinsights_sitenote_category":0,"_uf_show_specific_survey":0,"_uf_disable_surveys":false,"footnotes":""},"categories":[1133,1128],"tags":[],"class_list":["post-38116","post","type-post","status-publish","format-standard","has-post-thumbnail","hentry","category-sector-bages-bergueda-cerdanya","category-sector-barcelona"],"yoast_head":"<!-- This site is optimized with the Yoast SEO plugin v27.5 - https:\/\/yoast.com\/product\/yoast-seo-wordpress\/ -->\n<title>El Sector Barcelona fa la Trobada de Monis i el Bages i Bergued\u00e0 es forma! - Esplac<\/title>\n<meta name=\"robots\" content=\"index, follow, max-snippet:-1, max-image-preview:large, max-video-preview:-1\" \/>\n<link rel=\"canonical\" href=\"https:\/\/www.esplac.cat\/sector-barcelona-trobada-monis-bages-bergueda-forma\/\" \/>\n<meta property=\"og:locale\" content=\"es_ES\" \/>\n<meta property=\"og:type\" content=\"article\" \/>\n<meta property=\"og:title\" content=\"El Sector Barcelona fa la Trobada de Monis i el Bages i Bergued\u00e0 es forma! - Esplac\" \/>\n<meta property=\"og:url\" content=\"https:\/\/www.esplac.cat\/sector-barcelona-trobada-monis-bages-bergueda-forma\/\" \/>\n<meta property=\"og:site_name\" content=\"Esplac\" \/>\n<meta property=\"article:published_time\" content=\"2021-11-23T12:55:06+00:00\" \/>\n<meta property=\"article:modified_time\" content=\"2021-11-23T12:59:31+00:00\" \/>\n<meta property=\"og:image\" content=\"https:\/\/www.esplac.cat\/wp-content\/uploads\/2021\/11\/Portades-Web-17.jpg\" \/>\n\t<meta property=\"og:image:width\" content=\"1697\" \/>\n\t<meta property=\"og:image:height\" content=\"700\" \/>\n\t<meta property=\"og:image:type\" content=\"image\/jpeg\" \/>\n<meta name=\"author\" content=\"Comunicaci\u00f3 Esplac\" \/>\n<meta name=\"twitter:card\" content=\"summary_large_image\" \/>\n<meta name=\"twitter:label1\" content=\"Escrito por\" \/>\n\t<meta name=\"twitter:data1\" content=\"Comunicaci\u00f3 Esplac\" \/>\n\t<meta name=\"twitter:label2\" content=\"Tiempo de lectura\" \/>\n\t<meta name=\"twitter:data2\" content=\"4 minutos\" \/>\n<script type=\"application\/ld+json\" class=\"yoast-schema-graph\">{\"@context\":\"https:\\\/\\\/schema.org\",\"@graph\":[{\"@type\":\"Article\",\"@id\":\"https:\\\/\\\/www.esplac.cat\\\/sector-barcelona-trobada-monis-bages-bergueda-forma\\\/#article\",\"isPartOf\":{\"@id\":\"https:\\\/\\\/www.esplac.cat\\\/sector-barcelona-trobada-monis-bages-bergueda-forma\\\/\"},\"author\":{\"name\":\"Comunicaci\u00f3 Esplac\",\"@id\":\"https:\\\/\\\/www.esplac.cat\\\/#\\\/schema\\\/person\\\/908383cf240be18b68f8855d0583faca\"},\"headline\":\"El Sector Barcelona fa la Trobada de Monis i el Bages i Bergued\u00e0 es forma!\",\"datePublished\":\"2021-11-23T12:55:06+00:00\",\"dateModified\":\"2021-11-23T12:59:31+00:00\",\"mainEntityOfPage\":{\"@id\":\"https:\\\/\\\/www.esplac.cat\\\/sector-barcelona-trobada-monis-bages-bergueda-forma\\\/\"},\"wordCount\":734,\"publisher\":{\"@id\":\"https:\\\/\\\/www.esplac.cat\\\/#organization\"},\"image\":{\"@id\":\"https:\\\/\\\/www.esplac.cat\\\/sector-barcelona-trobada-monis-bages-bergueda-forma\\\/#primaryimage\"},\"thumbnailUrl\":\"https:\\\/\\\/www.esplac.cat\\\/wp-content\\\/uploads\\\/2021\\\/11\\\/Portades-Web-17.jpg\",\"articleSection\":[\"Sector Bages, Bergued\u00e0 i La Cerdanya\",\"Sector Barcelona\"],\"inLanguage\":\"es\"},{\"@type\":\"WebPage\",\"@id\":\"https:\\\/\\\/www.esplac.cat\\\/sector-barcelona-trobada-monis-bages-bergueda-forma\\\/\",\"url\":\"https:\\\/\\\/www.esplac.cat\\\/sector-barcelona-trobada-monis-bages-bergueda-forma\\\/\",\"name\":\"El Sector Barcelona fa la Trobada de Monis i el Bages i Bergued\u00e0 es forma! - Esplac\",\"isPartOf\":{\"@id\":\"https:\\\/\\\/www.esplac.cat\\\/#website\"},\"primaryImageOfPage\":{\"@id\":\"https:\\\/\\\/www.esplac.cat\\\/sector-barcelona-trobada-monis-bages-bergueda-forma\\\/#primaryimage\"},\"image\":{\"@id\":\"https:\\\/\\\/www.esplac.cat\\\/sector-barcelona-trobada-monis-bages-bergueda-forma\\\/#primaryimage\"},\"thumbnailUrl\":\"https:\\\/\\\/www.esplac.cat\\\/wp-content\\\/uploads\\\/2021\\\/11\\\/Portades-Web-17.jpg\",\"datePublished\":\"2021-11-23T12:55:06+00:00\",\"dateModified\":\"2021-11-23T12:59:31+00:00\",\"breadcrumb\":{\"@id\":\"https:\\\/\\\/www.esplac.cat\\\/sector-barcelona-trobada-monis-bages-bergueda-forma\\\/#breadcrumb\"},\"inLanguage\":\"es\",\"potentialAction\":[{\"@type\":\"ReadAction\",\"target\":[\"https:\\\/\\\/www.esplac.cat\\\/sector-barcelona-trobada-monis-bages-bergueda-forma\\\/\"]}]},{\"@type\":\"ImageObject\",\"inLanguage\":\"es\",\"@id\":\"https:\\\/\\\/www.esplac.cat\\\/sector-barcelona-trobada-monis-bages-bergueda-forma\\\/#primaryimage\",\"url\":\"https:\\\/\\\/www.esplac.cat\\\/wp-content\\\/uploads\\\/2021\\\/11\\\/Portades-Web-17.jpg\",\"contentUrl\":\"https:\\\/\\\/www.esplac.cat\\\/wp-content\\\/uploads\\\/2021\\\/11\\\/Portades-Web-17.jpg\",\"width\":1697,\"height\":700},{\"@type\":\"BreadcrumbList\",\"@id\":\"https:\\\/\\\/www.esplac.cat\\\/sector-barcelona-trobada-monis-bages-bergueda-forma\\\/#breadcrumb\",\"itemListElement\":[{\"@type\":\"ListItem\",\"position\":1,\"name\":\"Inici\",\"item\":\"https:\\\/\\\/www.esplac.cat\\\/es\\\/\"},{\"@type\":\"ListItem\",\"position\":2,\"name\":\"El Sector Barcelona fa la Trobada de Monis i el Bages i Bergued\u00e0 es forma!\"}]},{\"@type\":\"WebSite\",\"@id\":\"https:\\\/\\\/www.esplac.cat\\\/#website\",\"url\":\"https:\\\/\\\/www.esplac.cat\\\/\",\"name\":\"Esplac\",\"description\":\"Esplais Catalans\",\"publisher\":{\"@id\":\"https:\\\/\\\/www.esplac.cat\\\/#organization\"},\"potentialAction\":[{\"@type\":\"SearchAction\",\"target\":{\"@type\":\"EntryPoint\",\"urlTemplate\":\"https:\\\/\\\/www.esplac.cat\\\/?s={search_term_string}\"},\"query-input\":{\"@type\":\"PropertyValueSpecification\",\"valueRequired\":true,\"valueName\":\"search_term_string\"}}],\"inLanguage\":\"es\"},{\"@type\":\"Organization\",\"@id\":\"https:\\\/\\\/www.esplac.cat\\\/#organization\",\"name\":\"Esplac\",\"url\":\"https:\\\/\\\/www.esplac.cat\\\/\",\"logo\":{\"@type\":\"ImageObject\",\"inLanguage\":\"es\",\"@id\":\"https:\\\/\\\/www.esplac.cat\\\/#\\\/schema\\\/logo\\\/image\\\/\",\"url\":\"https:\\\/\\\/www.esplac.cat\\\/wp-content\\\/uploads\\\/2019\\\/08\\\/logox2.png\",\"contentUrl\":\"https:\\\/\\\/www.esplac.cat\\\/wp-content\\\/uploads\\\/2019\\\/08\\\/logox2.png\",\"width\":600,\"height\":295,\"caption\":\"Esplac\"},\"image\":{\"@id\":\"https:\\\/\\\/www.esplac.cat\\\/#\\\/schema\\\/logo\\\/image\\\/\"}},{\"@type\":\"Person\",\"@id\":\"https:\\\/\\\/www.esplac.cat\\\/#\\\/schema\\\/person\\\/908383cf240be18b68f8855d0583faca\",\"name\":\"Comunicaci\u00f3 Esplac\",\"image\":{\"@type\":\"ImageObject\",\"inLanguage\":\"es\",\"@id\":\"https:\\\/\\\/secure.gravatar.com\\\/avatar\\\/7a4cf8feb412a76ea4a740ca02d95b06b2907b5a6c648c2dd0a1082a093c3141?s=96&d=mm&r=g\",\"url\":\"https:\\\/\\\/secure.gravatar.com\\\/avatar\\\/7a4cf8feb412a76ea4a740ca02d95b06b2907b5a6c648c2dd0a1082a093c3141?s=96&d=mm&r=g\",\"contentUrl\":\"https:\\\/\\\/secure.gravatar.com\\\/avatar\\\/7a4cf8feb412a76ea4a740ca02d95b06b2907b5a6c648c2dd0a1082a093c3141?s=96&d=mm&r=g\",\"caption\":\"Comunicaci\u00f3 Esplac\"}}]}<\/script>\n<!-- \/ Yoast SEO plugin. -->","yoast_head_json":{"title":"El Sector Barcelona fa la Trobada de Monis i el Bages i Bergued\u00e0 es forma! - Esplac","robots":{"index":"index","follow":"follow","max-snippet":"max-snippet:-1","max-image-preview":"max-image-preview:large","max-video-preview":"max-video-preview:-1"},"canonical":"https:\/\/www.esplac.cat\/sector-barcelona-trobada-monis-bages-bergueda-forma\/","og_locale":"es_ES","og_type":"article","og_title":"El Sector Barcelona fa la Trobada de Monis i el Bages i Bergued\u00e0 es forma! - Esplac","og_url":"https:\/\/www.esplac.cat\/sector-barcelona-trobada-monis-bages-bergueda-forma\/","og_site_name":"Esplac","article_published_time":"2021-11-23T12:55:06+00:00","article_modified_time":"2021-11-23T12:59:31+00:00","og_image":[{"width":1697,"height":700,"url":"https:\/\/www.esplac.cat\/wp-content\/uploads\/2021\/11\/Portades-Web-17.jpg","type":"image\/jpeg"}],"author":"Comunicaci\u00f3 Esplac","twitter_card":"summary_large_image","twitter_misc":{"Escrito por":"Comunicaci\u00f3 Esplac","Tiempo de lectura":"4 minutos"},"schema":{"@context":"https:\/\/schema.org","@graph":[{"@type":"Article","@id":"https:\/\/www.esplac.cat\/sector-barcelona-trobada-monis-bages-bergueda-forma\/#article","isPartOf":{"@id":"https:\/\/www.esplac.cat\/sector-barcelona-trobada-monis-bages-bergueda-forma\/"},"author":{"name":"Comunicaci\u00f3 Esplac","@id":"https:\/\/www.esplac.cat\/#\/schema\/person\/908383cf240be18b68f8855d0583faca"},"headline":"El Sector Barcelona fa la Trobada de Monis i el Bages i Bergued\u00e0 es forma!","datePublished":"2021-11-23T12:55:06+00:00","dateModified":"2021-11-23T12:59:31+00:00","mainEntityOfPage":{"@id":"https:\/\/www.esplac.cat\/sector-barcelona-trobada-monis-bages-bergueda-forma\/"},"wordCount":734,"publisher":{"@id":"https:\/\/www.esplac.cat\/#organization"},"image":{"@id":"https:\/\/www.esplac.cat\/sector-barcelona-trobada-monis-bages-bergueda-forma\/#primaryimage"},"thumbnailUrl":"https:\/\/www.esplac.cat\/wp-content\/uploads\/2021\/11\/Portades-Web-17.jpg","articleSection":["Sector Bages, Bergued\u00e0 i La Cerdanya","Sector Barcelona"],"inLanguage":"es"},{"@type":"WebPage","@id":"https:\/\/www.esplac.cat\/sector-barcelona-trobada-monis-bages-bergueda-forma\/","url":"https:\/\/www.esplac.cat\/sector-barcelona-trobada-monis-bages-bergueda-forma\/","name":"El Sector Barcelona fa la Trobada de Monis i el Bages i Bergued\u00e0 es forma! - Esplac","isPartOf":{"@id":"https:\/\/www.esplac.cat\/#website"},"primaryImageOfPage":{"@id":"https:\/\/www.esplac.cat\/sector-barcelona-trobada-monis-bages-bergueda-forma\/#primaryimage"},"image":{"@id":"https:\/\/www.esplac.cat\/sector-barcelona-trobada-monis-bages-bergueda-forma\/#primaryimage"},"thumbnailUrl":"https:\/\/www.esplac.cat\/wp-content\/uploads\/2021\/11\/Portades-Web-17.jpg","datePublished":"2021-11-23T12:55:06+00:00","dateModified":"2021-11-23T12:59:31+00:00","breadcrumb":{"@id":"https:\/\/www.esplac.cat\/sector-barcelona-trobada-monis-bages-bergueda-forma\/#breadcrumb"},"inLanguage":"es","potentialAction":[{"@type":"ReadAction","target":["https:\/\/www.esplac.cat\/sector-barcelona-trobada-monis-bages-bergueda-forma\/"]}]},{"@type":"ImageObject","inLanguage":"es","@id":"https:\/\/www.esplac.cat\/sector-barcelona-trobada-monis-bages-bergueda-forma\/#primaryimage","url":"https:\/\/www.esplac.cat\/wp-content\/uploads\/2021\/11\/Portades-Web-17.jpg","contentUrl":"https:\/\/www.esplac.cat\/wp-content\/uploads\/2021\/11\/Portades-Web-17.jpg","width":1697,"height":700},{"@type":"BreadcrumbList","@id":"https:\/\/www.esplac.cat\/sector-barcelona-trobada-monis-bages-bergueda-forma\/#breadcrumb","itemListElement":[{"@type":"ListItem","position":1,"name":"Inici","item":"https:\/\/www.esplac.cat\/es\/"},{"@type":"ListItem","position":2,"name":"El Sector Barcelona fa la Trobada de Monis i el Bages i Bergued\u00e0 es forma!"}]},{"@type":"WebSite","@id":"https:\/\/www.esplac.cat\/#website","url":"https:\/\/www.esplac.cat\/","name":"Esplac","description":"Esplais Catalans","publisher":{"@id":"https:\/\/www.esplac.cat\/#organization"},"potentialAction":[{"@type":"SearchAction","target":{"@type":"EntryPoint","urlTemplate":"https:\/\/www.esplac.cat\/?s={search_term_string}"},"query-input":{"@type":"PropertyValueSpecification","valueRequired":true,"valueName":"search_term_string"}}],"inLanguage":"es"},{"@type":"Organization","@id":"https:\/\/www.esplac.cat\/#organization","name":"Esplac","url":"https:\/\/www.esplac.cat\/","logo":{"@type":"ImageObject","inLanguage":"es","@id":"https:\/\/www.esplac.cat\/#\/schema\/logo\/image\/","url":"https:\/\/www.esplac.cat\/wp-content\/uploads\/2019\/08\/logox2.png","contentUrl":"https:\/\/www.esplac.cat\/wp-content\/uploads\/2019\/08\/logox2.png","width":600,"height":295,"caption":"Esplac"},"image":{"@id":"https:\/\/www.esplac.cat\/#\/schema\/logo\/image\/"}},{"@type":"Person","@id":"https:\/\/www.esplac.cat\/#\/schema\/person\/908383cf240be18b68f8855d0583faca","name":"Comunicaci\u00f3 Esplac","image":{"@type":"ImageObject","inLanguage":"es","@id":"https:\/\/secure.gravatar.com\/avatar\/7a4cf8feb412a76ea4a740ca02d95b06b2907b5a6c648c2dd0a1082a093c3141?s=96&d=mm&r=g","url":"https:\/\/secure.gravatar.com\/avatar\/7a4cf8feb412a76ea4a740ca02d95b06b2907b5a6c648c2dd0a1082a093c3141?s=96&d=mm&r=g","contentUrl":"https:\/\/secure.gravatar.com\/avatar\/7a4cf8feb412a76ea4a740ca02d95b06b2907b5a6c648c2dd0a1082a093c3141?s=96&d=mm&r=g","caption":"Comunicaci\u00f3 Esplac"}}]}},"_links":{"self":[{"href":"https:\/\/www.esplac.cat\/es\/wp-json\/wp\/v2\/posts\/38116","targetHints":{"allow":["GET"]}}],"collection":[{"href":"https:\/\/www.esplac.cat\/es\/wp-json\/wp\/v2\/posts"}],"about":[{"href":"https:\/\/www.esplac.cat\/es\/wp-json\/wp\/v2\/types\/post"}],"author":[{"embeddable":true,"href":"https:\/\/www.esplac.cat\/es\/wp-json\/wp\/v2\/users\/3"}],"replies":[{"embeddable":true,"href":"https:\/\/www.esplac.cat\/es\/wp-json\/wp\/v2\/comments?post=38116"}],"version-history":[{"count":0,"href":"https:\/\/www.esplac.cat\/es\/wp-json\/wp\/v2\/posts\/38116\/revisions"}],"wp:featuredmedia":[{"embeddable":true,"href":"https:\/\/www.esplac.cat\/es\/wp-json\/wp\/v2\/media\/38129"}],"wp:attachment":[{"href":"https:\/\/www.esplac.cat\/es\/wp-json\/wp\/v2\/media?parent=38116"}],"wp:term":[{"taxonomy":"category","embeddable":true,"href":"https:\/\/www.esplac.cat\/es\/wp-json\/wp\/v2\/categories?post=38116"},{"taxonomy":"post_tag","embeddable":true,"href":"https:\/\/www.esplac.cat\/es\/wp-json\/wp\/v2\/tags?post=38116"}],"curies":[{"name":"wp","href":"https:\/\/api.w.org\/{rel}","templated":true}]}}