{"id":38535,"date":"2021-12-17T13:47:24","date_gmt":"2021-12-17T11:47:24","guid":{"rendered":"https:\/\/www.esplac.cat\/?p=38535"},"modified":"2021-12-17T13:51:29","modified_gmt":"2021-12-17T11:51:29","slug":"busquem-2-participants-seminari-internacional-socialist-education-toolkits","status":"publish","type":"post","link":"https:\/\/www.esplac.cat\/es\/busquem-2-participants-seminari-internacional-socialist-education-toolkits\/","title":{"rendered":"Busquem 2 participants pel seminari internacional \u201cSocialist Education Toolkits\u201d"},"content":{"rendered":"<h6><strong>L\u2019IFM-SEI, juntament amb l\u2019organitzaci\u00f3 alemana SJD Die Falken, organitza aquest seminari que pret\u00e9n explorar la import\u00e0ncia de l\u2019educaci\u00f3 no formal en la vida d\u2019infants i joves.<\/strong><\/h6>\n<p><b>De qu\u00e8 tracta?<\/b><\/p>\n<p><span style=\"font-weight: 300;\">L\u2019educaci\u00f3 \u00e9s un proc\u00e9s vital que no es du a terme nom\u00e9s com una sola activitat, sin\u00f3 que \u00e9s un desenvolupament continu d\u2019habilitats, actituds, valors, empatia\u2026 aquest recorregut vital permet esdevenir persones cr\u00edtiques capaces d\u2019identificar les estructures de poder a la societat. Les organitzacions educatives s\u00f3n actors clau pel canvi social a Europa, oferint una educaci\u00f3 alternativa al recorregut formal. Nom\u00e9s a trav\u00e9s de l\u2019educaci\u00f3 podem confrontar l\u2019<\/span><i><span style=\"font-weight: 300;\">status quo<\/span><\/i><span style=\"font-weight: 300;\"> en la societat individualista i neoliberal en qu\u00e8 vivim; lluitant per un m\u00f3n millor per les generacions actuals i les futures.<\/span><\/p>\n<p><span style=\"font-weight: 300;\">L\u2019educaci\u00f3 no formal crea espais per a infants i joves que els permeten desenvolupar una mirada cr\u00edtica i apoderar-los en els principis d\u2019equitat, participaci\u00f3 democr\u00e0tica, inclusi\u00f3\u2026 essencials per la creaci\u00f3 d\u2019un m\u00f3n just. <strong>El seminari explorar\u00e0 l\u2019educaci\u00f3 en valors que fem des de les associacions per tal de trobar nexes comuns i enfortir-nos a nivell internacional per millorar la qualitat educativa de la nostra tasca.<\/strong><\/span><\/p>\n<p><b>Objectius del seminari<\/b><\/p>\n<ul>\n<li style=\"font-weight: 300;\" aria-level=\"1\"><span style=\"font-weight: 300;\">Adquirir compet\u00e8ncies b\u00e0siques per a l\u2019educaci\u00f3 per la transformaci\u00f3 social.<\/span><\/li>\n<li style=\"font-weight: 300;\" aria-level=\"1\"><span style=\"font-weight: 300;\">Identificar la import\u00e0ncia de l\u2019educaci\u00f3 no formal.<\/span><\/li>\n<li style=\"font-weight: 300;\" aria-level=\"1\"><span style=\"font-weight: 300;\">Crear xarxa amb altres associacions d\u2019educaci\u00f3 popular.<\/span><\/li>\n<li style=\"font-weight: 300;\" aria-level=\"1\"><span style=\"font-weight: 300;\">Desenvolupar un <\/span><i><span style=\"font-weight: 300;\">toolkit <\/span><\/i><span style=\"font-weight: 300;\">(recurs) educatiu amb teoria, valors, metodologia i bones pr\u00e0ctiques sobre l\u2019educaci\u00f3 pel canvi social.<\/span><\/li>\n<li style=\"font-weight: 300;\" aria-level=\"1\"><span style=\"font-weight: 300;\">Dissenyar un <\/span><i><span style=\"font-weight: 300;\">toolkit<\/span><\/i><span style=\"font-weight: 300;\"> accessible i inclusiu que respongui a les necessitats de les organitzacions participants.<\/span><\/li>\n<\/ul>\n<p><b>Quan i on? <\/b><span style=\"font-weight: 300;\">Del 7 al 13 de febrer. A la <\/span><span style=\"color: #ff9900;\"><a style=\"color: #ff9900;\" href=\"https:\/\/goo.gl\/maps\/hRcRmVnwXryEJXyA9\"><span style=\"font-weight: 300;\">Salvador-Allende Haus<\/span><\/a><\/span><span style=\"font-weight: 300;\"> (Alemanya).<\/span><\/p>\n<p><b>Quin cost t\u00e9? <\/b><span style=\"font-weight: 300;\">Quota de participaci\u00f3: 70\u20ac (vols i despla\u00e7ament inclosos)<\/span><\/p>\n<p><b>Vull m\u00e9s informaci\u00f3 o apuntar-me!<\/b><\/p>\n<p><span style=\"font-weight: 300;\">Si t\u2019interessa pots apuntar-te <\/span><span style=\"color: #ff9900;\"><a style=\"color: #ff9900;\" href=\"https:\/\/era.esplac.cat\/#\/gestio-personal\/activitats\"><b>a trav\u00e9s de l\u2019Era<\/b><\/a><\/span><b> fins al 27 de desembre<\/b><span style=\"font-weight: 300;\">. El 30 de desembre t\u2019informarem si has estat seleccionada per participar-hi.<\/span><\/p>\n<p><span style=\"font-weight: 300;\">Si tens dubtes, preguntes o vols m\u00e9s informaci\u00f3, escriu a: <strong>internacional@esplac.cat<\/strong><\/span><\/p>\n<p><span style=\"font-weight: 300;\">M\u00e9s informaci\u00f3 amb el programa detallat al gener.<\/span><\/p>\n","protected":false},"excerpt":{"rendered":"<p>L\u2019IFM-SEI, juntament amb l\u2019organitzaci\u00f3 alemana SJD Die Falken, organitza aquest [&hellip;]<\/p>\n","protected":false},"author":3,"featured_media":38541,"comment_status":"closed","ping_status":"closed","sticky":false,"template":"","format":"standard","meta":{"om_disable_all_campaigns":false,"_monsterinsights_skip_tracking":false,"_monsterinsights_sitenote_active":false,"_monsterinsights_sitenote_note":"","_monsterinsights_sitenote_category":0,"_uf_show_specific_survey":0,"_uf_disable_surveys":false,"footnotes":""},"categories":[1112],"tags":[],"class_list":["post-38535","post","type-post","status-publish","format-standard","has-post-thumbnail","hentry","category-esplac-al-mon"],"yoast_head":"<!-- This site is optimized with the Yoast SEO plugin v27.5 - https:\/\/yoast.com\/product\/yoast-seo-wordpress\/ -->\n<title>Busquem 2 participants pel seminari internacional \u201cSocialist Education Toolkits\u201d - Esplac<\/title>\n<meta name=\"robots\" content=\"index, follow, max-snippet:-1, max-image-preview:large, max-video-preview:-1\" \/>\n<link rel=\"canonical\" href=\"https:\/\/www.esplac.cat\/busquem-2-participants-seminari-internacional-socialist-education-toolkits\/\" \/>\n<meta property=\"og:locale\" content=\"es_ES\" \/>\n<meta property=\"og:type\" content=\"article\" \/>\n<meta property=\"og:title\" content=\"Busquem 2 participants pel seminari internacional \u201cSocialist Education Toolkits\u201d - Esplac\" \/>\n<meta property=\"og:description\" content=\"L\u2019IFM-SEI, juntament amb l\u2019organitzaci\u00f3 alemana SJD Die Falken, organitza aquest [&hellip;]\" \/>\n<meta property=\"og:url\" content=\"https:\/\/www.esplac.cat\/busquem-2-participants-seminari-internacional-socialist-education-toolkits\/\" \/>\n<meta property=\"og:site_name\" content=\"Esplac\" \/>\n<meta property=\"article:published_time\" content=\"2021-12-17T11:47:24+00:00\" \/>\n<meta property=\"article:modified_time\" content=\"2021-12-17T11:51:29+00:00\" \/>\n<meta property=\"og:image\" content=\"https:\/\/www.esplac.cat\/wp-content\/uploads\/2021\/12\/toolkit.jpg\" \/>\n\t<meta property=\"og:image:width\" content=\"1697\" \/>\n\t<meta property=\"og:image:height\" content=\"700\" \/>\n\t<meta property=\"og:image:type\" content=\"image\/jpeg\" \/>\n<meta name=\"author\" content=\"Comunicaci\u00f3 Esplac\" \/>\n<meta name=\"twitter:card\" content=\"summary_large_image\" \/>\n<meta name=\"twitter:label1\" content=\"Escrito por\" \/>\n\t<meta name=\"twitter:data1\" content=\"Comunicaci\u00f3 Esplac\" \/>\n\t<meta name=\"twitter:label2\" content=\"Tiempo de lectura\" \/>\n\t<meta name=\"twitter:data2\" content=\"2 minutos\" \/>\n<script type=\"application\/ld+json\" class=\"yoast-schema-graph\">{\"@context\":\"https:\\\/\\\/schema.org\",\"@graph\":[{\"@type\":\"Article\",\"@id\":\"https:\\\/\\\/www.esplac.cat\\\/busquem-2-participants-seminari-internacional-socialist-education-toolkits\\\/#article\",\"isPartOf\":{\"@id\":\"https:\\\/\\\/www.esplac.cat\\\/busquem-2-participants-seminari-internacional-socialist-education-toolkits\\\/\"},\"author\":{\"name\":\"Comunicaci\u00f3 Esplac\",\"@id\":\"https:\\\/\\\/www.esplac.cat\\\/#\\\/schema\\\/person\\\/908383cf240be18b68f8855d0583faca\"},\"headline\":\"Busquem 2 participants pel seminari internacional \u201cSocialist Education Toolkits\u201d\",\"datePublished\":\"2021-12-17T11:47:24+00:00\",\"dateModified\":\"2021-12-17T11:51:29+00:00\",\"mainEntityOfPage\":{\"@id\":\"https:\\\/\\\/www.esplac.cat\\\/busquem-2-participants-seminari-internacional-socialist-education-toolkits\\\/\"},\"wordCount\":362,\"publisher\":{\"@id\":\"https:\\\/\\\/www.esplac.cat\\\/#organization\"},\"image\":{\"@id\":\"https:\\\/\\\/www.esplac.cat\\\/busquem-2-participants-seminari-internacional-socialist-education-toolkits\\\/#primaryimage\"},\"thumbnailUrl\":\"https:\\\/\\\/www.esplac.cat\\\/wp-content\\\/uploads\\\/2021\\\/12\\\/toolkit.jpg\",\"articleSection\":[\"Esplac al m\u00f3n\"],\"inLanguage\":\"es\"},{\"@type\":\"WebPage\",\"@id\":\"https:\\\/\\\/www.esplac.cat\\\/busquem-2-participants-seminari-internacional-socialist-education-toolkits\\\/\",\"url\":\"https:\\\/\\\/www.esplac.cat\\\/busquem-2-participants-seminari-internacional-socialist-education-toolkits\\\/\",\"name\":\"Busquem 2 participants pel seminari internacional \u201cSocialist Education Toolkits\u201d - Esplac\",\"isPartOf\":{\"@id\":\"https:\\\/\\\/www.esplac.cat\\\/#website\"},\"primaryImageOfPage\":{\"@id\":\"https:\\\/\\\/www.esplac.cat\\\/busquem-2-participants-seminari-internacional-socialist-education-toolkits\\\/#primaryimage\"},\"image\":{\"@id\":\"https:\\\/\\\/www.esplac.cat\\\/busquem-2-participants-seminari-internacional-socialist-education-toolkits\\\/#primaryimage\"},\"thumbnailUrl\":\"https:\\\/\\\/www.esplac.cat\\\/wp-content\\\/uploads\\\/2021\\\/12\\\/toolkit.jpg\",\"datePublished\":\"2021-12-17T11:47:24+00:00\",\"dateModified\":\"2021-12-17T11:51:29+00:00\",\"breadcrumb\":{\"@id\":\"https:\\\/\\\/www.esplac.cat\\\/busquem-2-participants-seminari-internacional-socialist-education-toolkits\\\/#breadcrumb\"},\"inLanguage\":\"es\",\"potentialAction\":[{\"@type\":\"ReadAction\",\"target\":[\"https:\\\/\\\/www.esplac.cat\\\/busquem-2-participants-seminari-internacional-socialist-education-toolkits\\\/\"]}]},{\"@type\":\"ImageObject\",\"inLanguage\":\"es\",\"@id\":\"https:\\\/\\\/www.esplac.cat\\\/busquem-2-participants-seminari-internacional-socialist-education-toolkits\\\/#primaryimage\",\"url\":\"https:\\\/\\\/www.esplac.cat\\\/wp-content\\\/uploads\\\/2021\\\/12\\\/toolkit.jpg\",\"contentUrl\":\"https:\\\/\\\/www.esplac.cat\\\/wp-content\\\/uploads\\\/2021\\\/12\\\/toolkit.jpg\",\"width\":1697,\"height\":700},{\"@type\":\"BreadcrumbList\",\"@id\":\"https:\\\/\\\/www.esplac.cat\\\/busquem-2-participants-seminari-internacional-socialist-education-toolkits\\\/#breadcrumb\",\"itemListElement\":[{\"@type\":\"ListItem\",\"position\":1,\"name\":\"Inici\",\"item\":\"https:\\\/\\\/www.esplac.cat\\\/es\\\/\"},{\"@type\":\"ListItem\",\"position\":2,\"name\":\"Busquem 2 participants pel seminari internacional \u201cSocialist Education Toolkits\u201d\"}]},{\"@type\":\"WebSite\",\"@id\":\"https:\\\/\\\/www.esplac.cat\\\/#website\",\"url\":\"https:\\\/\\\/www.esplac.cat\\\/\",\"name\":\"Esplac\",\"description\":\"Esplais Catalans\",\"publisher\":{\"@id\":\"https:\\\/\\\/www.esplac.cat\\\/#organization\"},\"potentialAction\":[{\"@type\":\"SearchAction\",\"target\":{\"@type\":\"EntryPoint\",\"urlTemplate\":\"https:\\\/\\\/www.esplac.cat\\\/?s={search_term_string}\"},\"query-input\":{\"@type\":\"PropertyValueSpecification\",\"valueRequired\":true,\"valueName\":\"search_term_string\"}}],\"inLanguage\":\"es\"},{\"@type\":\"Organization\",\"@id\":\"https:\\\/\\\/www.esplac.cat\\\/#organization\",\"name\":\"Esplac\",\"url\":\"https:\\\/\\\/www.esplac.cat\\\/\",\"logo\":{\"@type\":\"ImageObject\",\"inLanguage\":\"es\",\"@id\":\"https:\\\/\\\/www.esplac.cat\\\/#\\\/schema\\\/logo\\\/image\\\/\",\"url\":\"https:\\\/\\\/www.esplac.cat\\\/wp-content\\\/uploads\\\/2019\\\/08\\\/logox2.png\",\"contentUrl\":\"https:\\\/\\\/www.esplac.cat\\\/wp-content\\\/uploads\\\/2019\\\/08\\\/logox2.png\",\"width\":600,\"height\":295,\"caption\":\"Esplac\"},\"image\":{\"@id\":\"https:\\\/\\\/www.esplac.cat\\\/#\\\/schema\\\/logo\\\/image\\\/\"}},{\"@type\":\"Person\",\"@id\":\"https:\\\/\\\/www.esplac.cat\\\/#\\\/schema\\\/person\\\/908383cf240be18b68f8855d0583faca\",\"name\":\"Comunicaci\u00f3 Esplac\",\"image\":{\"@type\":\"ImageObject\",\"inLanguage\":\"es\",\"@id\":\"https:\\\/\\\/secure.gravatar.com\\\/avatar\\\/7a4cf8feb412a76ea4a740ca02d95b06b2907b5a6c648c2dd0a1082a093c3141?s=96&d=mm&r=g\",\"url\":\"https:\\\/\\\/secure.gravatar.com\\\/avatar\\\/7a4cf8feb412a76ea4a740ca02d95b06b2907b5a6c648c2dd0a1082a093c3141?s=96&d=mm&r=g\",\"contentUrl\":\"https:\\\/\\\/secure.gravatar.com\\\/avatar\\\/7a4cf8feb412a76ea4a740ca02d95b06b2907b5a6c648c2dd0a1082a093c3141?s=96&d=mm&r=g\",\"caption\":\"Comunicaci\u00f3 Esplac\"}}]}<\/script>\n<!-- \/ Yoast SEO plugin. -->","yoast_head_json":{"title":"Busquem 2 participants pel seminari internacional \u201cSocialist Education Toolkits\u201d - Esplac","robots":{"index":"index","follow":"follow","max-snippet":"max-snippet:-1","max-image-preview":"max-image-preview:large","max-video-preview":"max-video-preview:-1"},"canonical":"https:\/\/www.esplac.cat\/busquem-2-participants-seminari-internacional-socialist-education-toolkits\/","og_locale":"es_ES","og_type":"article","og_title":"Busquem 2 participants pel seminari internacional \u201cSocialist Education Toolkits\u201d - Esplac","og_description":"L\u2019IFM-SEI, juntament amb l\u2019organitzaci\u00f3 alemana SJD Die Falken, organitza aquest [&hellip;]","og_url":"https:\/\/www.esplac.cat\/busquem-2-participants-seminari-internacional-socialist-education-toolkits\/","og_site_name":"Esplac","article_published_time":"2021-12-17T11:47:24+00:00","article_modified_time":"2021-12-17T11:51:29+00:00","og_image":[{"width":1697,"height":700,"url":"https:\/\/www.esplac.cat\/wp-content\/uploads\/2021\/12\/toolkit.jpg","type":"image\/jpeg"}],"author":"Comunicaci\u00f3 Esplac","twitter_card":"summary_large_image","twitter_misc":{"Escrito por":"Comunicaci\u00f3 Esplac","Tiempo de lectura":"2 minutos"},"schema":{"@context":"https:\/\/schema.org","@graph":[{"@type":"Article","@id":"https:\/\/www.esplac.cat\/busquem-2-participants-seminari-internacional-socialist-education-toolkits\/#article","isPartOf":{"@id":"https:\/\/www.esplac.cat\/busquem-2-participants-seminari-internacional-socialist-education-toolkits\/"},"author":{"name":"Comunicaci\u00f3 Esplac","@id":"https:\/\/www.esplac.cat\/#\/schema\/person\/908383cf240be18b68f8855d0583faca"},"headline":"Busquem 2 participants pel seminari internacional \u201cSocialist Education Toolkits\u201d","datePublished":"2021-12-17T11:47:24+00:00","dateModified":"2021-12-17T11:51:29+00:00","mainEntityOfPage":{"@id":"https:\/\/www.esplac.cat\/busquem-2-participants-seminari-internacional-socialist-education-toolkits\/"},"wordCount":362,"publisher":{"@id":"https:\/\/www.esplac.cat\/#organization"},"image":{"@id":"https:\/\/www.esplac.cat\/busquem-2-participants-seminari-internacional-socialist-education-toolkits\/#primaryimage"},"thumbnailUrl":"https:\/\/www.esplac.cat\/wp-content\/uploads\/2021\/12\/toolkit.jpg","articleSection":["Esplac al m\u00f3n"],"inLanguage":"es"},{"@type":"WebPage","@id":"https:\/\/www.esplac.cat\/busquem-2-participants-seminari-internacional-socialist-education-toolkits\/","url":"https:\/\/www.esplac.cat\/busquem-2-participants-seminari-internacional-socialist-education-toolkits\/","name":"Busquem 2 participants pel seminari internacional \u201cSocialist Education Toolkits\u201d - Esplac","isPartOf":{"@id":"https:\/\/www.esplac.cat\/#website"},"primaryImageOfPage":{"@id":"https:\/\/www.esplac.cat\/busquem-2-participants-seminari-internacional-socialist-education-toolkits\/#primaryimage"},"image":{"@id":"https:\/\/www.esplac.cat\/busquem-2-participants-seminari-internacional-socialist-education-toolkits\/#primaryimage"},"thumbnailUrl":"https:\/\/www.esplac.cat\/wp-content\/uploads\/2021\/12\/toolkit.jpg","datePublished":"2021-12-17T11:47:24+00:00","dateModified":"2021-12-17T11:51:29+00:00","breadcrumb":{"@id":"https:\/\/www.esplac.cat\/busquem-2-participants-seminari-internacional-socialist-education-toolkits\/#breadcrumb"},"inLanguage":"es","potentialAction":[{"@type":"ReadAction","target":["https:\/\/www.esplac.cat\/busquem-2-participants-seminari-internacional-socialist-education-toolkits\/"]}]},{"@type":"ImageObject","inLanguage":"es","@id":"https:\/\/www.esplac.cat\/busquem-2-participants-seminari-internacional-socialist-education-toolkits\/#primaryimage","url":"https:\/\/www.esplac.cat\/wp-content\/uploads\/2021\/12\/toolkit.jpg","contentUrl":"https:\/\/www.esplac.cat\/wp-content\/uploads\/2021\/12\/toolkit.jpg","width":1697,"height":700},{"@type":"BreadcrumbList","@id":"https:\/\/www.esplac.cat\/busquem-2-participants-seminari-internacional-socialist-education-toolkits\/#breadcrumb","itemListElement":[{"@type":"ListItem","position":1,"name":"Inici","item":"https:\/\/www.esplac.cat\/es\/"},{"@type":"ListItem","position":2,"name":"Busquem 2 participants pel seminari internacional \u201cSocialist Education Toolkits\u201d"}]},{"@type":"WebSite","@id":"https:\/\/www.esplac.cat\/#website","url":"https:\/\/www.esplac.cat\/","name":"Esplac","description":"Esplais Catalans","publisher":{"@id":"https:\/\/www.esplac.cat\/#organization"},"potentialAction":[{"@type":"SearchAction","target":{"@type":"EntryPoint","urlTemplate":"https:\/\/www.esplac.cat\/?s={search_term_string}"},"query-input":{"@type":"PropertyValueSpecification","valueRequired":true,"valueName":"search_term_string"}}],"inLanguage":"es"},{"@type":"Organization","@id":"https:\/\/www.esplac.cat\/#organization","name":"Esplac","url":"https:\/\/www.esplac.cat\/","logo":{"@type":"ImageObject","inLanguage":"es","@id":"https:\/\/www.esplac.cat\/#\/schema\/logo\/image\/","url":"https:\/\/www.esplac.cat\/wp-content\/uploads\/2019\/08\/logox2.png","contentUrl":"https:\/\/www.esplac.cat\/wp-content\/uploads\/2019\/08\/logox2.png","width":600,"height":295,"caption":"Esplac"},"image":{"@id":"https:\/\/www.esplac.cat\/#\/schema\/logo\/image\/"}},{"@type":"Person","@id":"https:\/\/www.esplac.cat\/#\/schema\/person\/908383cf240be18b68f8855d0583faca","name":"Comunicaci\u00f3 Esplac","image":{"@type":"ImageObject","inLanguage":"es","@id":"https:\/\/secure.gravatar.com\/avatar\/7a4cf8feb412a76ea4a740ca02d95b06b2907b5a6c648c2dd0a1082a093c3141?s=96&d=mm&r=g","url":"https:\/\/secure.gravatar.com\/avatar\/7a4cf8feb412a76ea4a740ca02d95b06b2907b5a6c648c2dd0a1082a093c3141?s=96&d=mm&r=g","contentUrl":"https:\/\/secure.gravatar.com\/avatar\/7a4cf8feb412a76ea4a740ca02d95b06b2907b5a6c648c2dd0a1082a093c3141?s=96&d=mm&r=g","caption":"Comunicaci\u00f3 Esplac"}}]}},"_links":{"self":[{"href":"https:\/\/www.esplac.cat\/es\/wp-json\/wp\/v2\/posts\/38535","targetHints":{"allow":["GET"]}}],"collection":[{"href":"https:\/\/www.esplac.cat\/es\/wp-json\/wp\/v2\/posts"}],"about":[{"href":"https:\/\/www.esplac.cat\/es\/wp-json\/wp\/v2\/types\/post"}],"author":[{"embeddable":true,"href":"https:\/\/www.esplac.cat\/es\/wp-json\/wp\/v2\/users\/3"}],"replies":[{"embeddable":true,"href":"https:\/\/www.esplac.cat\/es\/wp-json\/wp\/v2\/comments?post=38535"}],"version-history":[{"count":0,"href":"https:\/\/www.esplac.cat\/es\/wp-json\/wp\/v2\/posts\/38535\/revisions"}],"wp:featuredmedia":[{"embeddable":true,"href":"https:\/\/www.esplac.cat\/es\/wp-json\/wp\/v2\/media\/38541"}],"wp:attachment":[{"href":"https:\/\/www.esplac.cat\/es\/wp-json\/wp\/v2\/media?parent=38535"}],"wp:term":[{"taxonomy":"category","embeddable":true,"href":"https:\/\/www.esplac.cat\/es\/wp-json\/wp\/v2\/categories?post=38535"},{"taxonomy":"post_tag","embeddable":true,"href":"https:\/\/www.esplac.cat\/es\/wp-json\/wp\/v2\/tags?post=38535"}],"curies":[{"name":"wp","href":"https:\/\/api.w.org\/{rel}","templated":true}]}}