{"id":38643,"date":"2021-12-29T12:03:35","date_gmt":"2021-12-29T10:03:35","guid":{"rendered":"https:\/\/www.esplac.cat\/?p=38643"},"modified":"2022-01-12T14:48:17","modified_gmt":"2022-01-12T12:48:17","slug":"participa-formacio-internacional-peace-communicators","status":"publish","type":"post","link":"https:\/\/www.esplac.cat\/es\/participa-formacio-internacional-peace-communicators\/","title":{"rendered":"Participa en la formaci\u00f3 internacional PeaceCommunicators!"},"content":{"rendered":"<h6><strong>T\u2019interessa l\u2019educaci\u00f3 per la pau i el treball amb joves? Doncs la <em>PeaceCommunicators &#8211; Critical Peace Educator, <\/em>organitzada per l&#8217;IFM-SEI, \u00e9s per a tu! Del 21 al 27 de febrer, a Brussel\u00b7les.<\/strong><\/h6>\n<p><span style=\"font-weight: 300;\">L<span style=\"color: #ff9900;\"><a style=\"color: #ff9900;\" href=\"https:\/\/ifm-sei.org\/\" target=\"_blank\" rel=\"noopener noreferrer\">&#8216;IFM-SEI<\/a><\/span> busca joves per a la primera fase del seu nou projecte <\/span><em><span style=\"font-weight: 300;\">PeaceCommunicators &#8211; Critical Peace Educator<\/span><\/em><span style=\"font-weight: 300;\">; una formaci\u00f3 en qu\u00e8 dona suport l<\/span><i><span style=\"font-weight: 300;\">\u2019<\/span><\/i><em><span style=\"font-weight: 300;\"><span style=\"color: #ff9900;\"><a style=\"color: #ff9900;\" href=\"https:\/\/www.coe.int\/en\/web\/european-youth-foundation\" target=\"_blank\" rel=\"noopener noreferrer\">European Youth Foundation of the council of Europe<\/a><\/span><\/span><span style=\"font-weight: 300;\">.<\/span><\/em><\/p>\n<p><span style=\"font-weight: 300;\">El projecte vol oferir un espai perqu\u00e8 el jovent desenvolupin <strong>habilitats, coneixements i valors per construir societats sostenibles, justes i solid\u00e0ries<\/strong>; per oferir una alternativa a la norma q\u00fcestionant l\u2019statu quo.<\/span><\/p>\n<p><span style=\"font-weight: 300;\">T\u2019agradaria ampliar els teus coneixements i experi\u00e8ncia en l\u2019educaci\u00f3 per la pau? Et motiva dur a terme activitats despr\u00e9s d\u2019haver adquirit les compet\u00e8ncies de la formaci\u00f3? Tens ganes de realitzar i dinamitzar activitats i tallers d\u2019educaci\u00f3 per la pau? Doncs presenta la teva sol\u00b7licitud!<\/span><\/p>\n<p><b>Objectius del seminari:<\/b><\/p>\n<ul>\n<li style=\"font-weight: 300;\" aria-level=\"1\"><span style=\"font-weight: 300;\">Aprendre a reflexionar i explorar els mecanismes subjacents de la viol\u00e8ncia i dels conflictes personals, grupals i internacionals<\/span><\/li>\n<li style=\"font-weight: 300;\" aria-level=\"1\"><span style=\"font-weight: 300;\">Millorar les habilitats de comunicaci\u00f3 intercultural no-violenta, per poder formar en valors pacifistes.\u00a0<\/span><\/li>\n<li style=\"font-weight: 300;\" aria-level=\"1\"><span style=\"font-weight: 300;\">Rebre recolzament de l\u2019equip educatiu per planificar i implementar un taller en l\u00ednia i presencial.<\/span><\/li>\n<li style=\"font-weight: 300;\" aria-level=\"1\"><span style=\"font-weight: 300;\">Aconseguir finan\u00e7ament inicial per posar en marxa els tallers per la pau.\u00a0<\/span><\/li>\n<li style=\"font-weight: 300;\" aria-level=\"1\"><span style=\"font-weight: 300;\">Ajudar en donar forma als recursos educatius de la IFM-SEI sobre educaci\u00f3 per la pau.\u00a0<\/span><\/li>\n<\/ul>\n<p><b>Quan i on? <\/b><span style=\"font-weight: 300;\">Del 21 al 27 de febrer. A Brussel\u00b7les (m\u00e9s endavant es detallar\u00e0 la informaci\u00f3 sobre l\u2019allotjament)<\/span><\/p>\n<p><b>Quin cost t\u00e9? <\/b><span style=\"font-weight: 300;\">Quota de participaci\u00f3: 50\u20ac (es retornar\u00e0 un 70% de l\u2019import destinat als despla\u00e7aments)<\/span><\/p>\n<p><b>Vull m\u00e9s informaci\u00f3 o apuntar-me! <\/b><span style=\"font-weight: 300;\">Si t\u2019interessa pots apuntar-te <\/span><span style=\"color: #ff9900;\"><a style=\"color: #ff9900;\" href=\"https:\/\/docs.google.com\/forms\/d\/e\/1FAIpQLSdoeJGAVH4BGAJlDsKVsY5BdAlFDBBmTe9lCGh2oiKXMWnQTQ\/viewform\"><b>a trav\u00e9s d\u2019aquest formulari<\/b><\/a><\/span><b> abans del 18 de gener <\/b>(s&#8217;ha ampliat el termini!)<span style=\"font-weight: 300;\">. A la <\/span><span style=\"color: #ff9900;\"><a style=\"color: #ff9900;\" href=\"http:\/\/ifm-sei.org\/2021\/12\/peacecommunicators-call-for-participants\/\"><span style=\"font-weight: 300;\">p\u00e0gina web del projecte<\/span><\/a><\/span><span style=\"font-weight: 300;\"> trobar\u00e0s m\u00e9s informaci\u00f3. Si tens dubtes, preguntes o vols m\u00e9s informaci\u00f3, escriu a: <\/span><a href=\"mailto:internacional@esplac.cat\"><span style=\"font-weight: 300;\">internacional@esplac.cat<\/span><\/a><span style=\"font-weight: 300;\">.<\/span><\/p>\n<p><b>I, tamb\u00e9, si tens coneixement en educaci\u00f3 per la pau, treball en grup i facilitaci\u00f3 amb joves,<\/b><span style=\"font-weight: 300;\"> si vols, pots apuntar-te com a formadora! M\u00e9s informaci\u00f3 a internacional@esplac.cat.<\/span><\/p>\n","protected":false},"excerpt":{"rendered":"<p>T\u2019interessa l\u2019educaci\u00f3 per la pau i el treball amb joves? [&hellip;]<\/p>\n","protected":false},"author":3,"featured_media":38644,"comment_status":"closed","ping_status":"closed","sticky":false,"template":"","format":"standard","meta":{"om_disable_all_campaigns":false,"_monsterinsights_skip_tracking":false,"_monsterinsights_sitenote_active":false,"_monsterinsights_sitenote_note":"","_monsterinsights_sitenote_category":0,"_uf_show_specific_survey":0,"_uf_disable_surveys":false,"footnotes":""},"categories":[1112],"tags":[],"class_list":["post-38643","post","type-post","status-publish","format-standard","has-post-thumbnail","hentry","category-esplac-al-mon"],"yoast_head":"<!-- This site is optimized with the Yoast SEO plugin v27.5 - https:\/\/yoast.com\/product\/yoast-seo-wordpress\/ -->\n<title>Participa en la formaci\u00f3 internacional PeaceCommunicators! - Esplac<\/title>\n<meta name=\"description\" content=\"L&#039;IFM-SEI busca joves per a la primera fase del seu nou projecte PeaceCommunicators - Critial Peace Educator.\" \/>\n<meta name=\"robots\" content=\"index, follow, max-snippet:-1, max-image-preview:large, max-video-preview:-1\" \/>\n<link rel=\"canonical\" href=\"https:\/\/www.esplac.cat\/participa-formacio-internacional-peace-communicators\/\" \/>\n<meta property=\"og:locale\" content=\"es_ES\" \/>\n<meta property=\"og:type\" content=\"article\" \/>\n<meta property=\"og:title\" content=\"Participa en la formaci\u00f3 internacional PeaceCommunicators! - Esplac\" \/>\n<meta property=\"og:description\" content=\"L&#039;IFM-SEI busca joves per a la primera fase del seu nou projecte PeaceCommunicators - Critial Peace Educator.\" \/>\n<meta property=\"og:url\" content=\"https:\/\/www.esplac.cat\/participa-formacio-internacional-peace-communicators\/\" \/>\n<meta property=\"og:site_name\" content=\"Esplac\" \/>\n<meta property=\"article:published_time\" content=\"2021-12-29T10:03:35+00:00\" \/>\n<meta property=\"article:modified_time\" content=\"2022-01-12T12:48:17+00:00\" \/>\n<meta property=\"og:image\" content=\"https:\/\/www.esplac.cat\/wp-content\/uploads\/2021\/12\/peacecommunicators.jpg\" \/>\n\t<meta property=\"og:image:width\" content=\"1697\" \/>\n\t<meta property=\"og:image:height\" content=\"700\" \/>\n\t<meta property=\"og:image:type\" content=\"image\/jpeg\" \/>\n<meta name=\"author\" content=\"Comunicaci\u00f3 Esplac\" \/>\n<meta name=\"twitter:card\" content=\"summary_large_image\" \/>\n<meta name=\"twitter:label1\" content=\"Escrito por\" \/>\n\t<meta name=\"twitter:data1\" content=\"Comunicaci\u00f3 Esplac\" \/>\n\t<meta name=\"twitter:label2\" content=\"Tiempo de lectura\" \/>\n\t<meta name=\"twitter:data2\" content=\"2 minutos\" \/>\n<script type=\"application\/ld+json\" class=\"yoast-schema-graph\">{\"@context\":\"https:\\\/\\\/schema.org\",\"@graph\":[{\"@type\":\"Article\",\"@id\":\"https:\\\/\\\/www.esplac.cat\\\/participa-formacio-internacional-peace-communicators\\\/#article\",\"isPartOf\":{\"@id\":\"https:\\\/\\\/www.esplac.cat\\\/participa-formacio-internacional-peace-communicators\\\/\"},\"author\":{\"name\":\"Comunicaci\u00f3 Esplac\",\"@id\":\"https:\\\/\\\/www.esplac.cat\\\/#\\\/schema\\\/person\\\/908383cf240be18b68f8855d0583faca\"},\"headline\":\"Participa en la formaci\u00f3 internacional PeaceCommunicators!\",\"datePublished\":\"2021-12-29T10:03:35+00:00\",\"dateModified\":\"2022-01-12T12:48:17+00:00\",\"mainEntityOfPage\":{\"@id\":\"https:\\\/\\\/www.esplac.cat\\\/participa-formacio-internacional-peace-communicators\\\/\"},\"wordCount\":358,\"publisher\":{\"@id\":\"https:\\\/\\\/www.esplac.cat\\\/#organization\"},\"image\":{\"@id\":\"https:\\\/\\\/www.esplac.cat\\\/participa-formacio-internacional-peace-communicators\\\/#primaryimage\"},\"thumbnailUrl\":\"https:\\\/\\\/www.esplac.cat\\\/wp-content\\\/uploads\\\/2021\\\/12\\\/peacecommunicators.jpg\",\"articleSection\":[\"Esplac al m\u00f3n\"],\"inLanguage\":\"es\"},{\"@type\":\"WebPage\",\"@id\":\"https:\\\/\\\/www.esplac.cat\\\/participa-formacio-internacional-peace-communicators\\\/\",\"url\":\"https:\\\/\\\/www.esplac.cat\\\/participa-formacio-internacional-peace-communicators\\\/\",\"name\":\"Participa en la formaci\u00f3 internacional PeaceCommunicators! - Esplac\",\"isPartOf\":{\"@id\":\"https:\\\/\\\/www.esplac.cat\\\/#website\"},\"primaryImageOfPage\":{\"@id\":\"https:\\\/\\\/www.esplac.cat\\\/participa-formacio-internacional-peace-communicators\\\/#primaryimage\"},\"image\":{\"@id\":\"https:\\\/\\\/www.esplac.cat\\\/participa-formacio-internacional-peace-communicators\\\/#primaryimage\"},\"thumbnailUrl\":\"https:\\\/\\\/www.esplac.cat\\\/wp-content\\\/uploads\\\/2021\\\/12\\\/peacecommunicators.jpg\",\"datePublished\":\"2021-12-29T10:03:35+00:00\",\"dateModified\":\"2022-01-12T12:48:17+00:00\",\"description\":\"L'IFM-SEI busca joves per a la primera fase del seu nou projecte PeaceCommunicators - Critial Peace Educator.\",\"breadcrumb\":{\"@id\":\"https:\\\/\\\/www.esplac.cat\\\/participa-formacio-internacional-peace-communicators\\\/#breadcrumb\"},\"inLanguage\":\"es\",\"potentialAction\":[{\"@type\":\"ReadAction\",\"target\":[\"https:\\\/\\\/www.esplac.cat\\\/participa-formacio-internacional-peace-communicators\\\/\"]}]},{\"@type\":\"ImageObject\",\"inLanguage\":\"es\",\"@id\":\"https:\\\/\\\/www.esplac.cat\\\/participa-formacio-internacional-peace-communicators\\\/#primaryimage\",\"url\":\"https:\\\/\\\/www.esplac.cat\\\/wp-content\\\/uploads\\\/2021\\\/12\\\/peacecommunicators.jpg\",\"contentUrl\":\"https:\\\/\\\/www.esplac.cat\\\/wp-content\\\/uploads\\\/2021\\\/12\\\/peacecommunicators.jpg\",\"width\":1697,\"height\":700,\"caption\":\"PeaceCommunicators\"},{\"@type\":\"BreadcrumbList\",\"@id\":\"https:\\\/\\\/www.esplac.cat\\\/participa-formacio-internacional-peace-communicators\\\/#breadcrumb\",\"itemListElement\":[{\"@type\":\"ListItem\",\"position\":1,\"name\":\"Inici\",\"item\":\"https:\\\/\\\/www.esplac.cat\\\/es\\\/\"},{\"@type\":\"ListItem\",\"position\":2,\"name\":\"Participa en la formaci\u00f3 internacional PeaceCommunicators!\"}]},{\"@type\":\"WebSite\",\"@id\":\"https:\\\/\\\/www.esplac.cat\\\/#website\",\"url\":\"https:\\\/\\\/www.esplac.cat\\\/\",\"name\":\"Esplac\",\"description\":\"Esplais Catalans\",\"publisher\":{\"@id\":\"https:\\\/\\\/www.esplac.cat\\\/#organization\"},\"potentialAction\":[{\"@type\":\"SearchAction\",\"target\":{\"@type\":\"EntryPoint\",\"urlTemplate\":\"https:\\\/\\\/www.esplac.cat\\\/?s={search_term_string}\"},\"query-input\":{\"@type\":\"PropertyValueSpecification\",\"valueRequired\":true,\"valueName\":\"search_term_string\"}}],\"inLanguage\":\"es\"},{\"@type\":\"Organization\",\"@id\":\"https:\\\/\\\/www.esplac.cat\\\/#organization\",\"name\":\"Esplac\",\"url\":\"https:\\\/\\\/www.esplac.cat\\\/\",\"logo\":{\"@type\":\"ImageObject\",\"inLanguage\":\"es\",\"@id\":\"https:\\\/\\\/www.esplac.cat\\\/#\\\/schema\\\/logo\\\/image\\\/\",\"url\":\"https:\\\/\\\/www.esplac.cat\\\/wp-content\\\/uploads\\\/2019\\\/08\\\/logox2.png\",\"contentUrl\":\"https:\\\/\\\/www.esplac.cat\\\/wp-content\\\/uploads\\\/2019\\\/08\\\/logox2.png\",\"width\":600,\"height\":295,\"caption\":\"Esplac\"},\"image\":{\"@id\":\"https:\\\/\\\/www.esplac.cat\\\/#\\\/schema\\\/logo\\\/image\\\/\"}},{\"@type\":\"Person\",\"@id\":\"https:\\\/\\\/www.esplac.cat\\\/#\\\/schema\\\/person\\\/908383cf240be18b68f8855d0583faca\",\"name\":\"Comunicaci\u00f3 Esplac\",\"image\":{\"@type\":\"ImageObject\",\"inLanguage\":\"es\",\"@id\":\"https:\\\/\\\/secure.gravatar.com\\\/avatar\\\/7a4cf8feb412a76ea4a740ca02d95b06b2907b5a6c648c2dd0a1082a093c3141?s=96&d=mm&r=g\",\"url\":\"https:\\\/\\\/secure.gravatar.com\\\/avatar\\\/7a4cf8feb412a76ea4a740ca02d95b06b2907b5a6c648c2dd0a1082a093c3141?s=96&d=mm&r=g\",\"contentUrl\":\"https:\\\/\\\/secure.gravatar.com\\\/avatar\\\/7a4cf8feb412a76ea4a740ca02d95b06b2907b5a6c648c2dd0a1082a093c3141?s=96&d=mm&r=g\",\"caption\":\"Comunicaci\u00f3 Esplac\"}}]}<\/script>\n<!-- \/ Yoast SEO plugin. -->","yoast_head_json":{"title":"Participa en la formaci\u00f3 internacional PeaceCommunicators! - Esplac","description":"L'IFM-SEI busca joves per a la primera fase del seu nou projecte PeaceCommunicators - Critial Peace Educator.","robots":{"index":"index","follow":"follow","max-snippet":"max-snippet:-1","max-image-preview":"max-image-preview:large","max-video-preview":"max-video-preview:-1"},"canonical":"https:\/\/www.esplac.cat\/participa-formacio-internacional-peace-communicators\/","og_locale":"es_ES","og_type":"article","og_title":"Participa en la formaci\u00f3 internacional PeaceCommunicators! - Esplac","og_description":"L'IFM-SEI busca joves per a la primera fase del seu nou projecte PeaceCommunicators - Critial Peace Educator.","og_url":"https:\/\/www.esplac.cat\/participa-formacio-internacional-peace-communicators\/","og_site_name":"Esplac","article_published_time":"2021-12-29T10:03:35+00:00","article_modified_time":"2022-01-12T12:48:17+00:00","og_image":[{"width":1697,"height":700,"url":"https:\/\/www.esplac.cat\/wp-content\/uploads\/2021\/12\/peacecommunicators.jpg","type":"image\/jpeg"}],"author":"Comunicaci\u00f3 Esplac","twitter_card":"summary_large_image","twitter_misc":{"Escrito por":"Comunicaci\u00f3 Esplac","Tiempo de lectura":"2 minutos"},"schema":{"@context":"https:\/\/schema.org","@graph":[{"@type":"Article","@id":"https:\/\/www.esplac.cat\/participa-formacio-internacional-peace-communicators\/#article","isPartOf":{"@id":"https:\/\/www.esplac.cat\/participa-formacio-internacional-peace-communicators\/"},"author":{"name":"Comunicaci\u00f3 Esplac","@id":"https:\/\/www.esplac.cat\/#\/schema\/person\/908383cf240be18b68f8855d0583faca"},"headline":"Participa en la formaci\u00f3 internacional PeaceCommunicators!","datePublished":"2021-12-29T10:03:35+00:00","dateModified":"2022-01-12T12:48:17+00:00","mainEntityOfPage":{"@id":"https:\/\/www.esplac.cat\/participa-formacio-internacional-peace-communicators\/"},"wordCount":358,"publisher":{"@id":"https:\/\/www.esplac.cat\/#organization"},"image":{"@id":"https:\/\/www.esplac.cat\/participa-formacio-internacional-peace-communicators\/#primaryimage"},"thumbnailUrl":"https:\/\/www.esplac.cat\/wp-content\/uploads\/2021\/12\/peacecommunicators.jpg","articleSection":["Esplac al m\u00f3n"],"inLanguage":"es"},{"@type":"WebPage","@id":"https:\/\/www.esplac.cat\/participa-formacio-internacional-peace-communicators\/","url":"https:\/\/www.esplac.cat\/participa-formacio-internacional-peace-communicators\/","name":"Participa en la formaci\u00f3 internacional PeaceCommunicators! - Esplac","isPartOf":{"@id":"https:\/\/www.esplac.cat\/#website"},"primaryImageOfPage":{"@id":"https:\/\/www.esplac.cat\/participa-formacio-internacional-peace-communicators\/#primaryimage"},"image":{"@id":"https:\/\/www.esplac.cat\/participa-formacio-internacional-peace-communicators\/#primaryimage"},"thumbnailUrl":"https:\/\/www.esplac.cat\/wp-content\/uploads\/2021\/12\/peacecommunicators.jpg","datePublished":"2021-12-29T10:03:35+00:00","dateModified":"2022-01-12T12:48:17+00:00","description":"L'IFM-SEI busca joves per a la primera fase del seu nou projecte PeaceCommunicators - Critial Peace Educator.","breadcrumb":{"@id":"https:\/\/www.esplac.cat\/participa-formacio-internacional-peace-communicators\/#breadcrumb"},"inLanguage":"es","potentialAction":[{"@type":"ReadAction","target":["https:\/\/www.esplac.cat\/participa-formacio-internacional-peace-communicators\/"]}]},{"@type":"ImageObject","inLanguage":"es","@id":"https:\/\/www.esplac.cat\/participa-formacio-internacional-peace-communicators\/#primaryimage","url":"https:\/\/www.esplac.cat\/wp-content\/uploads\/2021\/12\/peacecommunicators.jpg","contentUrl":"https:\/\/www.esplac.cat\/wp-content\/uploads\/2021\/12\/peacecommunicators.jpg","width":1697,"height":700,"caption":"PeaceCommunicators"},{"@type":"BreadcrumbList","@id":"https:\/\/www.esplac.cat\/participa-formacio-internacional-peace-communicators\/#breadcrumb","itemListElement":[{"@type":"ListItem","position":1,"name":"Inici","item":"https:\/\/www.esplac.cat\/es\/"},{"@type":"ListItem","position":2,"name":"Participa en la formaci\u00f3 internacional PeaceCommunicators!"}]},{"@type":"WebSite","@id":"https:\/\/www.esplac.cat\/#website","url":"https:\/\/www.esplac.cat\/","name":"Esplac","description":"Esplais Catalans","publisher":{"@id":"https:\/\/www.esplac.cat\/#organization"},"potentialAction":[{"@type":"SearchAction","target":{"@type":"EntryPoint","urlTemplate":"https:\/\/www.esplac.cat\/?s={search_term_string}"},"query-input":{"@type":"PropertyValueSpecification","valueRequired":true,"valueName":"search_term_string"}}],"inLanguage":"es"},{"@type":"Organization","@id":"https:\/\/www.esplac.cat\/#organization","name":"Esplac","url":"https:\/\/www.esplac.cat\/","logo":{"@type":"ImageObject","inLanguage":"es","@id":"https:\/\/www.esplac.cat\/#\/schema\/logo\/image\/","url":"https:\/\/www.esplac.cat\/wp-content\/uploads\/2019\/08\/logox2.png","contentUrl":"https:\/\/www.esplac.cat\/wp-content\/uploads\/2019\/08\/logox2.png","width":600,"height":295,"caption":"Esplac"},"image":{"@id":"https:\/\/www.esplac.cat\/#\/schema\/logo\/image\/"}},{"@type":"Person","@id":"https:\/\/www.esplac.cat\/#\/schema\/person\/908383cf240be18b68f8855d0583faca","name":"Comunicaci\u00f3 Esplac","image":{"@type":"ImageObject","inLanguage":"es","@id":"https:\/\/secure.gravatar.com\/avatar\/7a4cf8feb412a76ea4a740ca02d95b06b2907b5a6c648c2dd0a1082a093c3141?s=96&d=mm&r=g","url":"https:\/\/secure.gravatar.com\/avatar\/7a4cf8feb412a76ea4a740ca02d95b06b2907b5a6c648c2dd0a1082a093c3141?s=96&d=mm&r=g","contentUrl":"https:\/\/secure.gravatar.com\/avatar\/7a4cf8feb412a76ea4a740ca02d95b06b2907b5a6c648c2dd0a1082a093c3141?s=96&d=mm&r=g","caption":"Comunicaci\u00f3 Esplac"}}]}},"_links":{"self":[{"href":"https:\/\/www.esplac.cat\/es\/wp-json\/wp\/v2\/posts\/38643","targetHints":{"allow":["GET"]}}],"collection":[{"href":"https:\/\/www.esplac.cat\/es\/wp-json\/wp\/v2\/posts"}],"about":[{"href":"https:\/\/www.esplac.cat\/es\/wp-json\/wp\/v2\/types\/post"}],"author":[{"embeddable":true,"href":"https:\/\/www.esplac.cat\/es\/wp-json\/wp\/v2\/users\/3"}],"replies":[{"embeddable":true,"href":"https:\/\/www.esplac.cat\/es\/wp-json\/wp\/v2\/comments?post=38643"}],"version-history":[{"count":0,"href":"https:\/\/www.esplac.cat\/es\/wp-json\/wp\/v2\/posts\/38643\/revisions"}],"wp:featuredmedia":[{"embeddable":true,"href":"https:\/\/www.esplac.cat\/es\/wp-json\/wp\/v2\/media\/38644"}],"wp:attachment":[{"href":"https:\/\/www.esplac.cat\/es\/wp-json\/wp\/v2\/media?parent=38643"}],"wp:term":[{"taxonomy":"category","embeddable":true,"href":"https:\/\/www.esplac.cat\/es\/wp-json\/wp\/v2\/categories?post=38643"},{"taxonomy":"post_tag","embeddable":true,"href":"https:\/\/www.esplac.cat\/es\/wp-json\/wp\/v2\/tags?post=38643"}],"curies":[{"name":"wp","href":"https:\/\/api.w.org\/{rel}","templated":true}]}}