{"id":38672,"date":"2022-01-10T13:22:13","date_gmt":"2022-01-10T11:22:13","guid":{"rendered":"https:\/\/www.esplac.cat\/?p=38672"},"modified":"2022-01-10T14:34:27","modified_gmt":"2022-01-10T12:34:27","slug":"formar-part-organitzacio-esplaiada-2022","status":"publish","type":"post","link":"https:\/\/www.esplac.cat\/es\/formar-part-organitzacio-esplaiada-2022\/","title":{"rendered":"Vols formar part de l&#8217;organitzaci\u00f3 de l&#8217;Esplaiada 2022?"},"content":{"rendered":"<h6><b>Ja saps que els dies 6, 7 i 8 de maig celebrem l\u2019Esplaiada a Sant Cugat? Doncs ja et pots inscriure a l&#8217;equip d&#8217;organitzaci\u00f3 per ajudar amb la dinamitzaci\u00f3 i la log\u00edstica!<\/b><\/h6>\n<p><span style=\"font-weight: 400;\">Perqu\u00e8 l\u2019Esplaiada 2022 es pugui celebrar, construirem un equip d\u2019organitzaci\u00f3 format per 70 persones volunt\u00e0ries que ajudin amb la dinamitzaci\u00f3 i log\u00edstica de la trobada. Si ja has acabat la teva etapa de monitora, monitor o dirigent, si ets s\u00f2cia d\u2019Esplac, si no et vols perdre l\u2019Esplaiada del 2022 i te\u2019n mors de ganes de participar-hi\u2026 <b>T\u2019estem buscant! <\/b><\/span><\/p>\n<p><strong>Qu\u00e8 \u00e9s l\u2019Esplaiada?<\/strong><\/p>\n<p>L<span style=\"color: #ff9900;\"><a style=\"color: #ff9900;\" href=\"https:\/\/www.esplac.cat\/trobades\/esplaiada\/\">\u2019Esplaiada 2022<\/a><\/span> \u00e9s la trobada general de tots els esplais d\u2019Esplac, que se celebra cada 3 anys. Finalment la trobada tindr\u00e0 lloc a Sant Cugat, el cap de setmana del 6, 7 i 8 de maig.<\/p>\n<p><a href=\"https:\/\/www.esplac.cat\/wp-content\/uploads\/2022\/01\/Cartell-A3-web-scaled.jpg\"><img decoding=\"async\" class=\"aligncenter wp-image-38655\" src=\"https:\/\/www.esplac.cat\/wp-content\/uploads\/2022\/01\/Cartell-A3-web-728x1024.jpg\" alt=\"Cartell-Esplaiada-web\" width=\"269\" height=\"378\" srcset=\"https:\/\/www.esplac.cat\/wp-content\/uploads\/2022\/01\/Cartell-A3-web-200x281.jpg 200w, https:\/\/www.esplac.cat\/wp-content\/uploads\/2022\/01\/Cartell-A3-web-213x300.jpg 213w, https:\/\/www.esplac.cat\/wp-content\/uploads\/2022\/01\/Cartell-A3-web-400x562.jpg 400w, https:\/\/www.esplac.cat\/wp-content\/uploads\/2022\/01\/Cartell-A3-web-600x843.jpg 600w, https:\/\/www.esplac.cat\/wp-content\/uploads\/2022\/01\/Cartell-A3-web-728x1024.jpg 728w, https:\/\/www.esplac.cat\/wp-content\/uploads\/2022\/01\/Cartell-A3-web-768x1080.jpg 768w, https:\/\/www.esplac.cat\/wp-content\/uploads\/2022\/01\/Cartell-A3-web-800x1125.jpg 800w, https:\/\/www.esplac.cat\/wp-content\/uploads\/2022\/01\/Cartell-A3-web-1093x1536.jpg 1093w, https:\/\/www.esplac.cat\/wp-content\/uploads\/2022\/01\/Cartell-A3-web-1200x1687.jpg 1200w, https:\/\/www.esplac.cat\/wp-content\/uploads\/2022\/01\/Cartell-A3-web-1457x2048.jpg 1457w, https:\/\/www.esplac.cat\/wp-content\/uploads\/2022\/01\/Cartell-A3-web-scaled.jpg 1821w\" sizes=\"(max-width: 269px) 100vw, 269px\" \/><\/a><\/p>\n<p><strong>En quines tasques puc ajudar?<\/strong><\/p>\n<p><span style=\"font-weight: 400;\">El Grup de treball ja ha posat fil a l\u2019agulla per preparar aquesta gran trobada, per\u00f2 ens falta un equip de persones volunt\u00e0ries que s\u2019encarreguin de diferents tasques:<\/span><\/p>\n<ul>\n<li style=\"font-weight: 400;\" aria-level=\"1\"><b>Log\u00edstica<\/b><span style=\"font-weight: 400;\">: preparaci\u00f3 d\u2019infraestructures, \u00e0pats, material i espais.<\/span><\/li>\n<li style=\"font-weight: 400;\" aria-level=\"1\"><b>Coordinaci\u00f3 de persones<\/b><span style=\"font-weight: 400;\">: informaci\u00f3 i acompanyament als esplais.<\/span><\/li>\n<li style=\"font-weight: 400;\" aria-level=\"1\"><b>Comunicaci\u00f3<\/b><span style=\"font-weight: 400;\">: fotografia, xarxes socials i relaci\u00f3 amb mitjans.<\/span><\/li>\n<li style=\"font-weight: 400;\" aria-level=\"1\"><b>Suport a comissions<\/b><span style=\"font-weight: 400;\">: ajuda en les accions preparades pels grups de treball i les comissions d\u2019Esplac.<\/span><\/li>\n<li style=\"font-weight: 400;\" aria-level=\"1\"><b>Formar part del Centre d\u2019Inter\u00e8s:<\/b><span style=\"font-weight: 400;\"> visitar les diferents activitats durant el dissabte mentre es desenvolupa un personatge concret i tenir un paper a l\u2019Acte Unitari de diumenge.<\/span><\/li>\n<\/ul>\n<p><span style=\"font-weight: 400;\">Les 70 persones volunt\u00e0ries de l\u2019equip d\u2019organitzaci\u00f3 <strong>no han de tenir necess\u00e0riament<\/strong> <\/span><b>vinculaci\u00f3 amb Esplais Catalans<\/b><span style=\"font-weight: 400;\">, simplement cal compartir els valors de l\u2019associaci\u00f3, creure en l\u2019educaci\u00f3 popular com a espai de transformaci\u00f3 social o voler passar un gran cap de setmana ple d\u2019activitats i emocions!<\/span><\/p>\n<p><b>Perqu\u00e8 l\u2019Esplaiada 2022 sigui inoblidable, necessitem que hi participis! <\/b><span style=\"font-weight: 400;\">Inscriu-te a l\u2019equip d\u2019organitzaci\u00f3 a trav\u00e9s del seg\u00fcent formulari: <\/span><\/p>\n<div class=\"fusion-aligncenter\"><a class=\"fusion-button button-flat fusion-button-default-size button-default fusion-button-default button-1 fusion-button-default-span fusion-button-default-type\" target=\"_blank\" rel=\"noopener noreferrer\" href=\"https:\/\/infoesplac.typeform.com\/to\/Ozauqbip?typeform-source=infoesplac.typeform.com\"><span class=\"fusion-button-text\">Formulari organitzaci\u00f3<\/span><\/a><\/div>\n<p>&nbsp;<\/p>\n<p><span style=\"font-weight: 400;\">Si tens qualsevol dubte, envia un missatge electr\u00f2nic a <\/span><b>organitzacio@esplac.cat<\/b><span style=\"font-weight: 400;\">. <\/span>I recordeu que podeu estar al dia de tot el que passa a l\u2019Esplaiada gr\u00e0cies a l\u2019<span style=\"color: #ff9900;\"><a style=\"color: #ff9900;\" href=\"https:\/\/www.instagram.com\/elefant.fan\/\" target=\"_blank\" rel=\"noopener noreferrer\">Elefant Fan<\/a><\/span>! Ja el seguiu a Instagram? Aquesta setmana publicar\u00e0 un nou v\u00eddeo&#8230;<\/p>\n<p>&nbsp;<\/p>\n<p>&nbsp;<\/p>\n","protected":false},"excerpt":{"rendered":"<p>Ja saps que els dies 6, 7 i 8 de [&hellip;]<\/p>\n","protected":false},"author":3,"featured_media":38688,"comment_status":"closed","ping_status":"closed","sticky":false,"template":"","format":"standard","meta":{"om_disable_all_campaigns":false,"_monsterinsights_skip_tracking":false,"_monsterinsights_sitenote_active":false,"_monsterinsights_sitenote_note":"","_monsterinsights_sitenote_category":0,"_uf_show_specific_survey":0,"_uf_disable_surveys":false,"footnotes":""},"categories":[1136],"tags":[],"class_list":["post-38672","post","type-post","status-publish","format-standard","has-post-thumbnail","hentry","category-esplaiada"],"yoast_head":"<!-- This site is optimized with the Yoast SEO plugin v27.4 - https:\/\/yoast.com\/product\/yoast-seo-wordpress\/ -->\n<title>Vols formar part de l&#039;organitzaci\u00f3 de l&#039;Esplaiada 2022? - Esplac<\/title>\n<meta name=\"robots\" content=\"index, follow, max-snippet:-1, max-image-preview:large, max-video-preview:-1\" \/>\n<link rel=\"canonical\" href=\"https:\/\/www.esplac.cat\/en\/formar-part-organitzacio-esplaiada-2022\/\" \/>\n<meta property=\"og:locale\" content=\"es_ES\" \/>\n<meta property=\"og:type\" content=\"article\" \/>\n<meta property=\"og:title\" content=\"Vols formar part de l&#039;organitzaci\u00f3 de l&#039;Esplaiada 2022? - Esplac\" \/>\n<meta property=\"og:description\" content=\"Ja saps que els dies 6, 7 i 8 de [&hellip;]\" \/>\n<meta property=\"og:url\" content=\"https:\/\/www.esplac.cat\/en\/formar-part-organitzacio-esplaiada-2022\/\" \/>\n<meta property=\"og:site_name\" content=\"Esplac\" \/>\n<meta property=\"article:published_time\" content=\"2022-01-10T11:22:13+00:00\" \/>\n<meta property=\"article:modified_time\" content=\"2022-01-10T12:34:27+00:00\" \/>\n<meta property=\"og:image\" content=\"https:\/\/www.esplac.cat\/wp-content\/uploads\/2022\/01\/organitzacio_Esplaiada22.jpg\" \/>\n\t<meta property=\"og:image:width\" content=\"1697\" \/>\n\t<meta property=\"og:image:height\" content=\"700\" \/>\n\t<meta property=\"og:image:type\" content=\"image\/jpeg\" \/>\n<meta name=\"author\" content=\"Comunicaci\u00f3 Esplac\" \/>\n<meta name=\"twitter:card\" content=\"summary_large_image\" \/>\n<meta name=\"twitter:label1\" content=\"Escrito por\" \/>\n\t<meta name=\"twitter:data1\" content=\"Comunicaci\u00f3 Esplac\" \/>\n\t<meta name=\"twitter:label2\" content=\"Tiempo de lectura\" \/>\n\t<meta name=\"twitter:data2\" content=\"2 minutos\" \/>\n<script type=\"application\/ld+json\" class=\"yoast-schema-graph\">{\"@context\":\"https:\\\/\\\/schema.org\",\"@graph\":[{\"@type\":\"Article\",\"@id\":\"https:\\\/\\\/www.esplac.cat\\\/en\\\/formar-part-organitzacio-esplaiada-2022\\\/#article\",\"isPartOf\":{\"@id\":\"https:\\\/\\\/www.esplac.cat\\\/en\\\/formar-part-organitzacio-esplaiada-2022\\\/\"},\"author\":{\"name\":\"Comunicaci\u00f3 Esplac\",\"@id\":\"https:\\\/\\\/www.esplac.cat\\\/#\\\/schema\\\/person\\\/908383cf240be18b68f8855d0583faca\"},\"headline\":\"Vols formar part de l&#8217;organitzaci\u00f3 de l&#8217;Esplaiada 2022?\",\"datePublished\":\"2022-01-10T11:22:13+00:00\",\"dateModified\":\"2022-01-10T12:34:27+00:00\",\"mainEntityOfPage\":{\"@id\":\"https:\\\/\\\/www.esplac.cat\\\/en\\\/formar-part-organitzacio-esplaiada-2022\\\/\"},\"wordCount\":464,\"publisher\":{\"@id\":\"https:\\\/\\\/www.esplac.cat\\\/#organization\"},\"image\":{\"@id\":\"https:\\\/\\\/www.esplac.cat\\\/en\\\/formar-part-organitzacio-esplaiada-2022\\\/#primaryimage\"},\"thumbnailUrl\":\"https:\\\/\\\/www.esplac.cat\\\/wp-content\\\/uploads\\\/2022\\\/01\\\/organitzacio_Esplaiada22.jpg\",\"articleSection\":[\"Esplaiada\"],\"inLanguage\":\"es\"},{\"@type\":\"WebPage\",\"@id\":\"https:\\\/\\\/www.esplac.cat\\\/en\\\/formar-part-organitzacio-esplaiada-2022\\\/\",\"url\":\"https:\\\/\\\/www.esplac.cat\\\/en\\\/formar-part-organitzacio-esplaiada-2022\\\/\",\"name\":\"Vols formar part de l'organitzaci\u00f3 de l'Esplaiada 2022? - Esplac\",\"isPartOf\":{\"@id\":\"https:\\\/\\\/www.esplac.cat\\\/#website\"},\"primaryImageOfPage\":{\"@id\":\"https:\\\/\\\/www.esplac.cat\\\/en\\\/formar-part-organitzacio-esplaiada-2022\\\/#primaryimage\"},\"image\":{\"@id\":\"https:\\\/\\\/www.esplac.cat\\\/en\\\/formar-part-organitzacio-esplaiada-2022\\\/#primaryimage\"},\"thumbnailUrl\":\"https:\\\/\\\/www.esplac.cat\\\/wp-content\\\/uploads\\\/2022\\\/01\\\/organitzacio_Esplaiada22.jpg\",\"datePublished\":\"2022-01-10T11:22:13+00:00\",\"dateModified\":\"2022-01-10T12:34:27+00:00\",\"breadcrumb\":{\"@id\":\"https:\\\/\\\/www.esplac.cat\\\/en\\\/formar-part-organitzacio-esplaiada-2022\\\/#breadcrumb\"},\"inLanguage\":\"es\",\"potentialAction\":[{\"@type\":\"ReadAction\",\"target\":[\"https:\\\/\\\/www.esplac.cat\\\/en\\\/formar-part-organitzacio-esplaiada-2022\\\/\"]}]},{\"@type\":\"ImageObject\",\"inLanguage\":\"es\",\"@id\":\"https:\\\/\\\/www.esplac.cat\\\/en\\\/formar-part-organitzacio-esplaiada-2022\\\/#primaryimage\",\"url\":\"https:\\\/\\\/www.esplac.cat\\\/wp-content\\\/uploads\\\/2022\\\/01\\\/organitzacio_Esplaiada22.jpg\",\"contentUrl\":\"https:\\\/\\\/www.esplac.cat\\\/wp-content\\\/uploads\\\/2022\\\/01\\\/organitzacio_Esplaiada22.jpg\",\"width\":1697,\"height\":700},{\"@type\":\"BreadcrumbList\",\"@id\":\"https:\\\/\\\/www.esplac.cat\\\/en\\\/formar-part-organitzacio-esplaiada-2022\\\/#breadcrumb\",\"itemListElement\":[{\"@type\":\"ListItem\",\"position\":1,\"name\":\"Inici\",\"item\":\"https:\\\/\\\/www.esplac.cat\\\/es\\\/\"},{\"@type\":\"ListItem\",\"position\":2,\"name\":\"Vols formar part de l&#8217;organitzaci\u00f3 de l&#8217;Esplaiada 2022?\"}]},{\"@type\":\"WebSite\",\"@id\":\"https:\\\/\\\/www.esplac.cat\\\/#website\",\"url\":\"https:\\\/\\\/www.esplac.cat\\\/\",\"name\":\"Esplac\",\"description\":\"Esplais Catalans\",\"publisher\":{\"@id\":\"https:\\\/\\\/www.esplac.cat\\\/#organization\"},\"potentialAction\":[{\"@type\":\"SearchAction\",\"target\":{\"@type\":\"EntryPoint\",\"urlTemplate\":\"https:\\\/\\\/www.esplac.cat\\\/?s={search_term_string}\"},\"query-input\":{\"@type\":\"PropertyValueSpecification\",\"valueRequired\":true,\"valueName\":\"search_term_string\"}}],\"inLanguage\":\"es\"},{\"@type\":\"Organization\",\"@id\":\"https:\\\/\\\/www.esplac.cat\\\/#organization\",\"name\":\"Esplac\",\"url\":\"https:\\\/\\\/www.esplac.cat\\\/\",\"logo\":{\"@type\":\"ImageObject\",\"inLanguage\":\"es\",\"@id\":\"https:\\\/\\\/www.esplac.cat\\\/#\\\/schema\\\/logo\\\/image\\\/\",\"url\":\"https:\\\/\\\/www.esplac.cat\\\/wp-content\\\/uploads\\\/2019\\\/08\\\/logox2.png\",\"contentUrl\":\"https:\\\/\\\/www.esplac.cat\\\/wp-content\\\/uploads\\\/2019\\\/08\\\/logox2.png\",\"width\":600,\"height\":295,\"caption\":\"Esplac\"},\"image\":{\"@id\":\"https:\\\/\\\/www.esplac.cat\\\/#\\\/schema\\\/logo\\\/image\\\/\"}},{\"@type\":\"Person\",\"@id\":\"https:\\\/\\\/www.esplac.cat\\\/#\\\/schema\\\/person\\\/908383cf240be18b68f8855d0583faca\",\"name\":\"Comunicaci\u00f3 Esplac\",\"image\":{\"@type\":\"ImageObject\",\"inLanguage\":\"es\",\"@id\":\"https:\\\/\\\/secure.gravatar.com\\\/avatar\\\/7a4cf8feb412a76ea4a740ca02d95b06b2907b5a6c648c2dd0a1082a093c3141?s=96&d=mm&r=g\",\"url\":\"https:\\\/\\\/secure.gravatar.com\\\/avatar\\\/7a4cf8feb412a76ea4a740ca02d95b06b2907b5a6c648c2dd0a1082a093c3141?s=96&d=mm&r=g\",\"contentUrl\":\"https:\\\/\\\/secure.gravatar.com\\\/avatar\\\/7a4cf8feb412a76ea4a740ca02d95b06b2907b5a6c648c2dd0a1082a093c3141?s=96&d=mm&r=g\",\"caption\":\"Comunicaci\u00f3 Esplac\"}}]}<\/script>\n<!-- \/ Yoast SEO plugin. -->","yoast_head_json":{"title":"Vols formar part de l'organitzaci\u00f3 de l'Esplaiada 2022? - Esplac","robots":{"index":"index","follow":"follow","max-snippet":"max-snippet:-1","max-image-preview":"max-image-preview:large","max-video-preview":"max-video-preview:-1"},"canonical":"https:\/\/www.esplac.cat\/en\/formar-part-organitzacio-esplaiada-2022\/","og_locale":"es_ES","og_type":"article","og_title":"Vols formar part de l'organitzaci\u00f3 de l'Esplaiada 2022? - Esplac","og_description":"Ja saps que els dies 6, 7 i 8 de [&hellip;]","og_url":"https:\/\/www.esplac.cat\/en\/formar-part-organitzacio-esplaiada-2022\/","og_site_name":"Esplac","article_published_time":"2022-01-10T11:22:13+00:00","article_modified_time":"2022-01-10T12:34:27+00:00","og_image":[{"width":1697,"height":700,"url":"https:\/\/www.esplac.cat\/wp-content\/uploads\/2022\/01\/organitzacio_Esplaiada22.jpg","type":"image\/jpeg"}],"author":"Comunicaci\u00f3 Esplac","twitter_card":"summary_large_image","twitter_misc":{"Escrito por":"Comunicaci\u00f3 Esplac","Tiempo de lectura":"2 minutos"},"schema":{"@context":"https:\/\/schema.org","@graph":[{"@type":"Article","@id":"https:\/\/www.esplac.cat\/en\/formar-part-organitzacio-esplaiada-2022\/#article","isPartOf":{"@id":"https:\/\/www.esplac.cat\/en\/formar-part-organitzacio-esplaiada-2022\/"},"author":{"name":"Comunicaci\u00f3 Esplac","@id":"https:\/\/www.esplac.cat\/#\/schema\/person\/908383cf240be18b68f8855d0583faca"},"headline":"Vols formar part de l&#8217;organitzaci\u00f3 de l&#8217;Esplaiada 2022?","datePublished":"2022-01-10T11:22:13+00:00","dateModified":"2022-01-10T12:34:27+00:00","mainEntityOfPage":{"@id":"https:\/\/www.esplac.cat\/en\/formar-part-organitzacio-esplaiada-2022\/"},"wordCount":464,"publisher":{"@id":"https:\/\/www.esplac.cat\/#organization"},"image":{"@id":"https:\/\/www.esplac.cat\/en\/formar-part-organitzacio-esplaiada-2022\/#primaryimage"},"thumbnailUrl":"https:\/\/www.esplac.cat\/wp-content\/uploads\/2022\/01\/organitzacio_Esplaiada22.jpg","articleSection":["Esplaiada"],"inLanguage":"es"},{"@type":"WebPage","@id":"https:\/\/www.esplac.cat\/en\/formar-part-organitzacio-esplaiada-2022\/","url":"https:\/\/www.esplac.cat\/en\/formar-part-organitzacio-esplaiada-2022\/","name":"Vols formar part de l'organitzaci\u00f3 de l'Esplaiada 2022? - Esplac","isPartOf":{"@id":"https:\/\/www.esplac.cat\/#website"},"primaryImageOfPage":{"@id":"https:\/\/www.esplac.cat\/en\/formar-part-organitzacio-esplaiada-2022\/#primaryimage"},"image":{"@id":"https:\/\/www.esplac.cat\/en\/formar-part-organitzacio-esplaiada-2022\/#primaryimage"},"thumbnailUrl":"https:\/\/www.esplac.cat\/wp-content\/uploads\/2022\/01\/organitzacio_Esplaiada22.jpg","datePublished":"2022-01-10T11:22:13+00:00","dateModified":"2022-01-10T12:34:27+00:00","breadcrumb":{"@id":"https:\/\/www.esplac.cat\/en\/formar-part-organitzacio-esplaiada-2022\/#breadcrumb"},"inLanguage":"es","potentialAction":[{"@type":"ReadAction","target":["https:\/\/www.esplac.cat\/en\/formar-part-organitzacio-esplaiada-2022\/"]}]},{"@type":"ImageObject","inLanguage":"es","@id":"https:\/\/www.esplac.cat\/en\/formar-part-organitzacio-esplaiada-2022\/#primaryimage","url":"https:\/\/www.esplac.cat\/wp-content\/uploads\/2022\/01\/organitzacio_Esplaiada22.jpg","contentUrl":"https:\/\/www.esplac.cat\/wp-content\/uploads\/2022\/01\/organitzacio_Esplaiada22.jpg","width":1697,"height":700},{"@type":"BreadcrumbList","@id":"https:\/\/www.esplac.cat\/en\/formar-part-organitzacio-esplaiada-2022\/#breadcrumb","itemListElement":[{"@type":"ListItem","position":1,"name":"Inici","item":"https:\/\/www.esplac.cat\/es\/"},{"@type":"ListItem","position":2,"name":"Vols formar part de l&#8217;organitzaci\u00f3 de l&#8217;Esplaiada 2022?"}]},{"@type":"WebSite","@id":"https:\/\/www.esplac.cat\/#website","url":"https:\/\/www.esplac.cat\/","name":"Esplac","description":"Esplais Catalans","publisher":{"@id":"https:\/\/www.esplac.cat\/#organization"},"potentialAction":[{"@type":"SearchAction","target":{"@type":"EntryPoint","urlTemplate":"https:\/\/www.esplac.cat\/?s={search_term_string}"},"query-input":{"@type":"PropertyValueSpecification","valueRequired":true,"valueName":"search_term_string"}}],"inLanguage":"es"},{"@type":"Organization","@id":"https:\/\/www.esplac.cat\/#organization","name":"Esplac","url":"https:\/\/www.esplac.cat\/","logo":{"@type":"ImageObject","inLanguage":"es","@id":"https:\/\/www.esplac.cat\/#\/schema\/logo\/image\/","url":"https:\/\/www.esplac.cat\/wp-content\/uploads\/2019\/08\/logox2.png","contentUrl":"https:\/\/www.esplac.cat\/wp-content\/uploads\/2019\/08\/logox2.png","width":600,"height":295,"caption":"Esplac"},"image":{"@id":"https:\/\/www.esplac.cat\/#\/schema\/logo\/image\/"}},{"@type":"Person","@id":"https:\/\/www.esplac.cat\/#\/schema\/person\/908383cf240be18b68f8855d0583faca","name":"Comunicaci\u00f3 Esplac","image":{"@type":"ImageObject","inLanguage":"es","@id":"https:\/\/secure.gravatar.com\/avatar\/7a4cf8feb412a76ea4a740ca02d95b06b2907b5a6c648c2dd0a1082a093c3141?s=96&d=mm&r=g","url":"https:\/\/secure.gravatar.com\/avatar\/7a4cf8feb412a76ea4a740ca02d95b06b2907b5a6c648c2dd0a1082a093c3141?s=96&d=mm&r=g","contentUrl":"https:\/\/secure.gravatar.com\/avatar\/7a4cf8feb412a76ea4a740ca02d95b06b2907b5a6c648c2dd0a1082a093c3141?s=96&d=mm&r=g","caption":"Comunicaci\u00f3 Esplac"}}]}},"_links":{"self":[{"href":"https:\/\/www.esplac.cat\/es\/wp-json\/wp\/v2\/posts\/38672","targetHints":{"allow":["GET"]}}],"collection":[{"href":"https:\/\/www.esplac.cat\/es\/wp-json\/wp\/v2\/posts"}],"about":[{"href":"https:\/\/www.esplac.cat\/es\/wp-json\/wp\/v2\/types\/post"}],"author":[{"embeddable":true,"href":"https:\/\/www.esplac.cat\/es\/wp-json\/wp\/v2\/users\/3"}],"replies":[{"embeddable":true,"href":"https:\/\/www.esplac.cat\/es\/wp-json\/wp\/v2\/comments?post=38672"}],"version-history":[{"count":0,"href":"https:\/\/www.esplac.cat\/es\/wp-json\/wp\/v2\/posts\/38672\/revisions"}],"wp:featuredmedia":[{"embeddable":true,"href":"https:\/\/www.esplac.cat\/es\/wp-json\/wp\/v2\/media\/38688"}],"wp:attachment":[{"href":"https:\/\/www.esplac.cat\/es\/wp-json\/wp\/v2\/media?parent=38672"}],"wp:term":[{"taxonomy":"category","embeddable":true,"href":"https:\/\/www.esplac.cat\/es\/wp-json\/wp\/v2\/categories?post=38672"},{"taxonomy":"post_tag","embeddable":true,"href":"https:\/\/www.esplac.cat\/es\/wp-json\/wp\/v2\/tags?post=38672"}],"curies":[{"name":"wp","href":"https:\/\/api.w.org\/{rel}","templated":true}]}}