{"id":38797,"date":"2022-01-14T12:44:55","date_gmt":"2022-01-14T10:44:55","guid":{"rendered":"https:\/\/www.esplac.cat\/?p=38797"},"modified":"2022-01-14T12:53:20","modified_gmt":"2022-01-14T10:53:20","slug":"compte-enrere-fem-possible-conte-illustrat-esplais","status":"publish","type":"post","link":"https:\/\/www.esplac.cat\/es\/compte-enrere-fem-possible-conte-illustrat-esplais\/","title":{"rendered":"Comen\u00e7a el compte enrere&#8230; Fem possible el conte il\u00b7lustrat sobre els esplais!"},"content":{"rendered":"<h6><strong>Hem entrat en els \u00faltims 9 dies de la primera fase per autofinan\u00e7ar el conte il\u00b7lustrat:\u00a0<a href=\"https:\/\/ca.goteo.org\/project\/un-dissabte-d-esplai\"><i>I tu, qu\u00e8 fas dissabte? L\u2019aventura d\u2019anar a l\u2019esplai<\/i><\/a>. Encara ens queda el 25% de la recaptaci\u00f3 necess\u00e0ria, et necessitem!<\/strong><\/h6>\n<p>El conte il\u00b7lustrat <em>I tu, qu\u00e8 fas dissabte? L&#8217;aventura d&#8217;anar a l&#8217;esplai<\/em>\u00a0vol reivindicar la <b>tasca educativa<\/b>\u00a0<b>que fan els esplais arreu<\/b> del territori i convertir-se en un llibre d\u2019aventures dedicat a la inf\u00e0ncia. Per fer-ho, es necessita aconseguir una recaptaci\u00f3 de <b>5500\u20ac m\u00ednims<\/b>, que permetrien\u00a0<b>la creaci\u00f3, edici\u00f3 i impressi\u00f3\u00a0<\/b>del conte\u00a0i\u00a0la\u00a0<b>distribuci\u00f3<\/b> posterior a llibreries, biblioteques i centres educatius, entre d\u2019altres. Avui, entrem en els \u00faltims 9 dies de la primera fase i<strong> encara ens queda el 25%, 1289\u20ac<\/strong>. Fes la teva aportaci\u00f3 i fes-ho possible! Consulta\u00a0aqu\u00ed<span style=\"color: #ff9900;\"><a style=\"color: #ff9900;\" href=\"https:\/\/ca.goteo.org\/project\/un-dissabte-d-esplai\" target=\"_blank\" rel=\"noopener noreferrer\"> la campanya de micromecenatge.<\/a><\/span><\/p>\n<p>El projecte s\u2019est\u00e0 realitzant des de la comissi\u00f3 del\u00a0<span style=\"color: #ff9900;\"><a style=\"color: #ff9900;\" href=\"https:\/\/www.esplac.cat\/40-anys-esplais-catalans\/\" target=\"_blank\" rel=\"noopener noreferrer\">40\u00e8 aniversari<\/a><\/span>\u00a0d\u2019Esplais Catalans, conformada per persones volunt\u00e0ries de l\u2019entitat i comptar\u00e0 amb els dibuixos de la il\u00b7lustradora\u00a0<span style=\"color: #ff9900;\"><a style=\"color: #ff9900;\" href=\"https:\/\/www.instagram.com\/mireiapujolriera\/\" target=\"_blank\" rel=\"noopener noreferrer\">Mireia Pujol Riera<\/a><\/span>.\u00a0A m\u00e9s, es compta amb la col\u00b7laboraci\u00f3 de\u00a0<span style=\"color: #ff9900;\"><a style=\"color: #ff9900;\" href=\"https:\/\/www.goteo.org\/\" target=\"_blank\" rel=\"noopener noreferrer\">Goteo.org<\/a><\/span>, per autofinan\u00e7ar projectes concrets amb rerefons social, aix\u00ed com amb l\u2019editorial\u00a0<span style=\"color: #ff9900;\"><a style=\"color: #ff9900;\" href=\"https:\/\/pol-len.cat\/\" target=\"_blank\" rel=\"noopener noreferrer\">Pol\u00b7len Edicions<\/a><\/span>,\u00a0que ser\u00e0 encarregada de l\u2019edici\u00f3, impressi\u00f3 i distribuci\u00f3 del conte il\u00b7lustrat.<\/p>\n<h5 data-fontsize=\"22\" data-lineheight=\"28\"><span style=\"color: #000000;\"><strong>Escull la teva recompensa i desgrava l&#8217;aportaci\u00f3!\u00a0<\/strong><\/span><\/h5>\n<p>Trobar\u00e0s diverses quantitats de donaci\u00f3 amb recompenses incre\u00efbles com:<\/p>\n<ul>\n<li>Una totebag de \u201cNo puc, tinc esplai!\u201d<\/li>\n<li>Una llibreta de \u201cLa veu d\u2019un infant \u00e9s m\u00e9s gran que un elefant!\u201d<\/li>\n<li>El conte, una postal i un p\u00f2ster amb les il\u00b7lustracions del conte.<\/li>\n<li>Ser s\u00f2cia d&#8217;Esplac i la dessuadora \u201cEls esplais m\u00e9s forts que mai\u201d il\u00b7lustrada pel Joan Turu.<\/li>\n<li>Pack de contes de Pol\u00b7len Edicions.<\/li>\n<li>I si ets un esplai, tens la recompensa amb un contecontes que anir\u00e0 al teu esplai!<\/li>\n<\/ul>\n<p>A m\u00e9s, si t&#8217;impliques i et compromets a<span class=\"JsGRdQ\">mb projectes de Goteo, <\/span><span class=\"JsGRdQ\"><strong>desgraves entre un 35% i un 80%<\/strong> l&#8217;import de la teva donaci\u00f3! Goteo t\u00e9 una p\u00e0gina on <span style=\"color: #ff9900;\"><a style=\"color: #ff9900;\" href=\"https:\/\/ca.goteo.org\/calculadora-fiscal\" target=\"_blank\" rel=\"noopener noreferrer\">calcular el que et tornar\u00e0 hisenda<\/a><\/span> segons el que aportis a la campanya.<\/span><\/p>\n<h5 data-fontsize=\"22\" data-lineheight=\"28\"><span style=\"color: #000000;\"><strong>I tu, qu\u00e8 fas dissabte? L\u2019aventura d\u2019anar a l\u2019esplai<\/strong><\/span><\/h5>\n<p>El conte s\u2019inicia un dissabte d\u2019esplai a la tarda, en qu\u00e8 un grup d\u2019infants s\u2019endinsa en la meravellosa aventura de fer esplai. El conte il\u00b7lustrat \u00e9s\u00a0una\u00a0<b>hist\u00f2ria d\u2019aventures\u00a0<\/b>que vol emocionar als infants mentre la llegeixen i amb la qual, a la vegada, puguin aprendre els valors transmesos a l\u2019esplai.<\/p>\n<p>Un dels objectius claus del conte \u00e9s\u00a0<b>traslladar directament a les emocions que es viuen els dissabtes d\u2019esplai <\/b>i animar a con\u00e8ixer que hi ha darrere d\u2019aquestes activitats. Tamb\u00e9, est\u00e0 pensat com a homenatge a aquelles persones que s\u2019han involucrat mitjan\u00e7ant el voluntariat en projectes com els de l\u2019esplai. A m\u00e9s, evidencia <b>el<\/b>\u00a0<b>voluntariat, la transformaci\u00f3 social i l\u2019educaci\u00f3 en valors<\/b>\u00a0com a elements necessaris per seguir desenvolupant projectes d\u2019<b>educaci\u00f3 en el lleure<\/b>\u00a0i\u00a0<b>associacionisme educatiu<\/b>.<\/p>\n<p>Si la campanya es realitza amb \u00e8xit, es preveu una presentaci\u00f3 del conte el proper 22 d\u2019abril, que servir\u00e0 com a tret de sortida per a la seva distribuci\u00f3. Entre totes i tots ho aconseguirem! Fes la teva aportaci\u00f3 a goteo.org:<\/p>\n<div class=\"fusion-aligncenter\"><a class=\"fusion-button button-flat fusion-button-default-size button-default fusion-button-default button-1 fusion-button-default-span fusion-button-default-type\" target=\"_blank\" rel=\"noopener noreferrer\" href=\"https:\/\/ca.goteo.org\/project\/un-dissabte-d-esplai\"><span class=\"fusion-button-text\">Vull fer una aportaci\u00f3!<\/span><\/a><\/div>\n","protected":false},"excerpt":{"rendered":"<p>Hem entrat en els \u00faltims 9 dies de la primera [&hellip;]<\/p>\n","protected":false},"author":3,"featured_media":38800,"comment_status":"closed","ping_status":"closed","sticky":false,"template":"","format":"standard","meta":{"om_disable_all_campaigns":false,"_monsterinsights_skip_tracking":false,"_monsterinsights_sitenote_active":false,"_monsterinsights_sitenote_note":"","_monsterinsights_sitenote_category":0,"_uf_show_specific_survey":0,"_uf_disable_surveys":false,"footnotes":""},"categories":[1111,1114,1142],"tags":[],"class_list":["post-38797","post","type-post","status-publish","format-standard","has-post-thumbnail","hentry","category-activitats-esplac","category-recursos","category-transformar-educant-historia-dels-esplais"],"yoast_head":"<!-- This site is optimized with the Yoast SEO plugin v27.4 - https:\/\/yoast.com\/product\/yoast-seo-wordpress\/ -->\n<title>Comen\u00e7a el compte enrere... fem possible el conte il\u00b7lustrat sobre l&#039;esplai!<\/title>\n<meta name=\"description\" content=\"Hem entrat en els \u00faltims 9 dies de la primera fase per autofinan\u00e7ar el conte il\u00b7lustrat sobre l&#039;esplai:\u00a0&quot;I tu, qu\u00e8 fas dissabte?&quot;.\" \/>\n<meta name=\"robots\" content=\"index, follow, max-snippet:-1, max-image-preview:large, max-video-preview:-1\" \/>\n<link rel=\"canonical\" href=\"https:\/\/www.esplac.cat\/compte-enrere-fem-possible-conte-illustrat-esplais\/\" \/>\n<meta property=\"og:locale\" content=\"es_ES\" \/>\n<meta property=\"og:type\" content=\"article\" \/>\n<meta property=\"og:title\" content=\"Comen\u00e7a el compte enrere... fem possible el conte il\u00b7lustrat sobre l&#039;esplai!\" \/>\n<meta property=\"og:description\" content=\"Hem entrat en els \u00faltims 9 dies de la primera fase per autofinan\u00e7ar el conte il\u00b7lustrat sobre l&#039;esplai:\u00a0&quot;I tu, qu\u00e8 fas dissabte?&quot;.\" \/>\n<meta property=\"og:url\" content=\"https:\/\/www.esplac.cat\/compte-enrere-fem-possible-conte-illustrat-esplais\/\" \/>\n<meta property=\"og:site_name\" content=\"Esplac\" \/>\n<meta property=\"article:published_time\" content=\"2022-01-14T10:44:55+00:00\" \/>\n<meta property=\"article:modified_time\" content=\"2022-01-14T10:53:20+00:00\" \/>\n<meta property=\"og:image\" content=\"https:\/\/www.esplac.cat\/wp-content\/uploads\/2022\/01\/Portada-Home-Esplac-Goteo.jpg\" \/>\n\t<meta property=\"og:image:width\" content=\"1200\" \/>\n\t<meta property=\"og:image:height\" content=\"493\" \/>\n\t<meta property=\"og:image:type\" content=\"image\/jpeg\" \/>\n<meta name=\"author\" content=\"Comunicaci\u00f3 Esplac\" \/>\n<meta name=\"twitter:card\" content=\"summary_large_image\" \/>\n<meta name=\"twitter:label1\" content=\"Escrito por\" \/>\n\t<meta name=\"twitter:data1\" content=\"Comunicaci\u00f3 Esplac\" \/>\n\t<meta name=\"twitter:label2\" content=\"Tiempo de lectura\" \/>\n\t<meta name=\"twitter:data2\" content=\"3 minutos\" \/>\n<script type=\"application\/ld+json\" class=\"yoast-schema-graph\">{\"@context\":\"https:\\\/\\\/schema.org\",\"@graph\":[{\"@type\":\"Article\",\"@id\":\"https:\\\/\\\/www.esplac.cat\\\/compte-enrere-fem-possible-conte-illustrat-esplais\\\/#article\",\"isPartOf\":{\"@id\":\"https:\\\/\\\/www.esplac.cat\\\/compte-enrere-fem-possible-conte-illustrat-esplais\\\/\"},\"author\":{\"name\":\"Comunicaci\u00f3 Esplac\",\"@id\":\"https:\\\/\\\/www.esplac.cat\\\/#\\\/schema\\\/person\\\/908383cf240be18b68f8855d0583faca\"},\"headline\":\"Comen\u00e7a el compte enrere&#8230; Fem possible el conte il\u00b7lustrat sobre els esplais!\",\"datePublished\":\"2022-01-14T10:44:55+00:00\",\"dateModified\":\"2022-01-14T10:53:20+00:00\",\"mainEntityOfPage\":{\"@id\":\"https:\\\/\\\/www.esplac.cat\\\/compte-enrere-fem-possible-conte-illustrat-esplais\\\/\"},\"wordCount\":657,\"publisher\":{\"@id\":\"https:\\\/\\\/www.esplac.cat\\\/#organization\"},\"image\":{\"@id\":\"https:\\\/\\\/www.esplac.cat\\\/compte-enrere-fem-possible-conte-illustrat-esplais\\\/#primaryimage\"},\"thumbnailUrl\":\"https:\\\/\\\/www.esplac.cat\\\/wp-content\\\/uploads\\\/2022\\\/01\\\/Portada-Home-Esplac-Goteo.jpg\",\"articleSection\":[\"Activitats esplac\",\"Recursos\",\"Transformar educant: hist\u00f2ria dels esplais\"],\"inLanguage\":\"es\"},{\"@type\":\"WebPage\",\"@id\":\"https:\\\/\\\/www.esplac.cat\\\/compte-enrere-fem-possible-conte-illustrat-esplais\\\/\",\"url\":\"https:\\\/\\\/www.esplac.cat\\\/compte-enrere-fem-possible-conte-illustrat-esplais\\\/\",\"name\":\"Comen\u00e7a el compte enrere... fem possible el conte il\u00b7lustrat sobre l'esplai!\",\"isPartOf\":{\"@id\":\"https:\\\/\\\/www.esplac.cat\\\/#website\"},\"primaryImageOfPage\":{\"@id\":\"https:\\\/\\\/www.esplac.cat\\\/compte-enrere-fem-possible-conte-illustrat-esplais\\\/#primaryimage\"},\"image\":{\"@id\":\"https:\\\/\\\/www.esplac.cat\\\/compte-enrere-fem-possible-conte-illustrat-esplais\\\/#primaryimage\"},\"thumbnailUrl\":\"https:\\\/\\\/www.esplac.cat\\\/wp-content\\\/uploads\\\/2022\\\/01\\\/Portada-Home-Esplac-Goteo.jpg\",\"datePublished\":\"2022-01-14T10:44:55+00:00\",\"dateModified\":\"2022-01-14T10:53:20+00:00\",\"description\":\"Hem entrat en els \u00faltims 9 dies de la primera fase per autofinan\u00e7ar el conte il\u00b7lustrat sobre l'esplai:\u00a0\\\"I tu, qu\u00e8 fas dissabte?\\\".\",\"breadcrumb\":{\"@id\":\"https:\\\/\\\/www.esplac.cat\\\/compte-enrere-fem-possible-conte-illustrat-esplais\\\/#breadcrumb\"},\"inLanguage\":\"es\",\"potentialAction\":[{\"@type\":\"ReadAction\",\"target\":[\"https:\\\/\\\/www.esplac.cat\\\/compte-enrere-fem-possible-conte-illustrat-esplais\\\/\"]}]},{\"@type\":\"ImageObject\",\"inLanguage\":\"es\",\"@id\":\"https:\\\/\\\/www.esplac.cat\\\/compte-enrere-fem-possible-conte-illustrat-esplais\\\/#primaryimage\",\"url\":\"https:\\\/\\\/www.esplac.cat\\\/wp-content\\\/uploads\\\/2022\\\/01\\\/Portada-Home-Esplac-Goteo.jpg\",\"contentUrl\":\"https:\\\/\\\/www.esplac.cat\\\/wp-content\\\/uploads\\\/2022\\\/01\\\/Portada-Home-Esplac-Goteo.jpg\",\"width\":1200,\"height\":493,\"caption\":\"conte il\u00b7lustrat\"},{\"@type\":\"BreadcrumbList\",\"@id\":\"https:\\\/\\\/www.esplac.cat\\\/compte-enrere-fem-possible-conte-illustrat-esplais\\\/#breadcrumb\",\"itemListElement\":[{\"@type\":\"ListItem\",\"position\":1,\"name\":\"Inici\",\"item\":\"https:\\\/\\\/www.esplac.cat\\\/es\\\/\"},{\"@type\":\"ListItem\",\"position\":2,\"name\":\"Comen\u00e7a el compte enrere&#8230; Fem possible el conte il\u00b7lustrat sobre els esplais!\"}]},{\"@type\":\"WebSite\",\"@id\":\"https:\\\/\\\/www.esplac.cat\\\/#website\",\"url\":\"https:\\\/\\\/www.esplac.cat\\\/\",\"name\":\"Esplac\",\"description\":\"Esplais Catalans\",\"publisher\":{\"@id\":\"https:\\\/\\\/www.esplac.cat\\\/#organization\"},\"potentialAction\":[{\"@type\":\"SearchAction\",\"target\":{\"@type\":\"EntryPoint\",\"urlTemplate\":\"https:\\\/\\\/www.esplac.cat\\\/?s={search_term_string}\"},\"query-input\":{\"@type\":\"PropertyValueSpecification\",\"valueRequired\":true,\"valueName\":\"search_term_string\"}}],\"inLanguage\":\"es\"},{\"@type\":\"Organization\",\"@id\":\"https:\\\/\\\/www.esplac.cat\\\/#organization\",\"name\":\"Esplac\",\"url\":\"https:\\\/\\\/www.esplac.cat\\\/\",\"logo\":{\"@type\":\"ImageObject\",\"inLanguage\":\"es\",\"@id\":\"https:\\\/\\\/www.esplac.cat\\\/#\\\/schema\\\/logo\\\/image\\\/\",\"url\":\"https:\\\/\\\/www.esplac.cat\\\/wp-content\\\/uploads\\\/2019\\\/08\\\/logox2.png\",\"contentUrl\":\"https:\\\/\\\/www.esplac.cat\\\/wp-content\\\/uploads\\\/2019\\\/08\\\/logox2.png\",\"width\":600,\"height\":295,\"caption\":\"Esplac\"},\"image\":{\"@id\":\"https:\\\/\\\/www.esplac.cat\\\/#\\\/schema\\\/logo\\\/image\\\/\"}},{\"@type\":\"Person\",\"@id\":\"https:\\\/\\\/www.esplac.cat\\\/#\\\/schema\\\/person\\\/908383cf240be18b68f8855d0583faca\",\"name\":\"Comunicaci\u00f3 Esplac\",\"image\":{\"@type\":\"ImageObject\",\"inLanguage\":\"es\",\"@id\":\"https:\\\/\\\/secure.gravatar.com\\\/avatar\\\/7a4cf8feb412a76ea4a740ca02d95b06b2907b5a6c648c2dd0a1082a093c3141?s=96&d=mm&r=g\",\"url\":\"https:\\\/\\\/secure.gravatar.com\\\/avatar\\\/7a4cf8feb412a76ea4a740ca02d95b06b2907b5a6c648c2dd0a1082a093c3141?s=96&d=mm&r=g\",\"contentUrl\":\"https:\\\/\\\/secure.gravatar.com\\\/avatar\\\/7a4cf8feb412a76ea4a740ca02d95b06b2907b5a6c648c2dd0a1082a093c3141?s=96&d=mm&r=g\",\"caption\":\"Comunicaci\u00f3 Esplac\"}}]}<\/script>\n<!-- \/ Yoast SEO plugin. -->","yoast_head_json":{"title":"Comen\u00e7a el compte enrere... fem possible el conte il\u00b7lustrat sobre l'esplai!","description":"Hem entrat en els \u00faltims 9 dies de la primera fase per autofinan\u00e7ar el conte il\u00b7lustrat sobre l'esplai:\u00a0\"I tu, qu\u00e8 fas dissabte?\".","robots":{"index":"index","follow":"follow","max-snippet":"max-snippet:-1","max-image-preview":"max-image-preview:large","max-video-preview":"max-video-preview:-1"},"canonical":"https:\/\/www.esplac.cat\/compte-enrere-fem-possible-conte-illustrat-esplais\/","og_locale":"es_ES","og_type":"article","og_title":"Comen\u00e7a el compte enrere... fem possible el conte il\u00b7lustrat sobre l'esplai!","og_description":"Hem entrat en els \u00faltims 9 dies de la primera fase per autofinan\u00e7ar el conte il\u00b7lustrat sobre l'esplai:\u00a0\"I tu, qu\u00e8 fas dissabte?\".","og_url":"https:\/\/www.esplac.cat\/compte-enrere-fem-possible-conte-illustrat-esplais\/","og_site_name":"Esplac","article_published_time":"2022-01-14T10:44:55+00:00","article_modified_time":"2022-01-14T10:53:20+00:00","og_image":[{"width":1200,"height":493,"url":"https:\/\/www.esplac.cat\/wp-content\/uploads\/2022\/01\/Portada-Home-Esplac-Goteo.jpg","type":"image\/jpeg"}],"author":"Comunicaci\u00f3 Esplac","twitter_card":"summary_large_image","twitter_misc":{"Escrito por":"Comunicaci\u00f3 Esplac","Tiempo de lectura":"3 minutos"},"schema":{"@context":"https:\/\/schema.org","@graph":[{"@type":"Article","@id":"https:\/\/www.esplac.cat\/compte-enrere-fem-possible-conte-illustrat-esplais\/#article","isPartOf":{"@id":"https:\/\/www.esplac.cat\/compte-enrere-fem-possible-conte-illustrat-esplais\/"},"author":{"name":"Comunicaci\u00f3 Esplac","@id":"https:\/\/www.esplac.cat\/#\/schema\/person\/908383cf240be18b68f8855d0583faca"},"headline":"Comen\u00e7a el compte enrere&#8230; Fem possible el conte il\u00b7lustrat sobre els esplais!","datePublished":"2022-01-14T10:44:55+00:00","dateModified":"2022-01-14T10:53:20+00:00","mainEntityOfPage":{"@id":"https:\/\/www.esplac.cat\/compte-enrere-fem-possible-conte-illustrat-esplais\/"},"wordCount":657,"publisher":{"@id":"https:\/\/www.esplac.cat\/#organization"},"image":{"@id":"https:\/\/www.esplac.cat\/compte-enrere-fem-possible-conte-illustrat-esplais\/#primaryimage"},"thumbnailUrl":"https:\/\/www.esplac.cat\/wp-content\/uploads\/2022\/01\/Portada-Home-Esplac-Goteo.jpg","articleSection":["Activitats esplac","Recursos","Transformar educant: hist\u00f2ria dels esplais"],"inLanguage":"es"},{"@type":"WebPage","@id":"https:\/\/www.esplac.cat\/compte-enrere-fem-possible-conte-illustrat-esplais\/","url":"https:\/\/www.esplac.cat\/compte-enrere-fem-possible-conte-illustrat-esplais\/","name":"Comen\u00e7a el compte enrere... fem possible el conte il\u00b7lustrat sobre l'esplai!","isPartOf":{"@id":"https:\/\/www.esplac.cat\/#website"},"primaryImageOfPage":{"@id":"https:\/\/www.esplac.cat\/compte-enrere-fem-possible-conte-illustrat-esplais\/#primaryimage"},"image":{"@id":"https:\/\/www.esplac.cat\/compte-enrere-fem-possible-conte-illustrat-esplais\/#primaryimage"},"thumbnailUrl":"https:\/\/www.esplac.cat\/wp-content\/uploads\/2022\/01\/Portada-Home-Esplac-Goteo.jpg","datePublished":"2022-01-14T10:44:55+00:00","dateModified":"2022-01-14T10:53:20+00:00","description":"Hem entrat en els \u00faltims 9 dies de la primera fase per autofinan\u00e7ar el conte il\u00b7lustrat sobre l'esplai:\u00a0\"I tu, qu\u00e8 fas dissabte?\".","breadcrumb":{"@id":"https:\/\/www.esplac.cat\/compte-enrere-fem-possible-conte-illustrat-esplais\/#breadcrumb"},"inLanguage":"es","potentialAction":[{"@type":"ReadAction","target":["https:\/\/www.esplac.cat\/compte-enrere-fem-possible-conte-illustrat-esplais\/"]}]},{"@type":"ImageObject","inLanguage":"es","@id":"https:\/\/www.esplac.cat\/compte-enrere-fem-possible-conte-illustrat-esplais\/#primaryimage","url":"https:\/\/www.esplac.cat\/wp-content\/uploads\/2022\/01\/Portada-Home-Esplac-Goteo.jpg","contentUrl":"https:\/\/www.esplac.cat\/wp-content\/uploads\/2022\/01\/Portada-Home-Esplac-Goteo.jpg","width":1200,"height":493,"caption":"conte il\u00b7lustrat"},{"@type":"BreadcrumbList","@id":"https:\/\/www.esplac.cat\/compte-enrere-fem-possible-conte-illustrat-esplais\/#breadcrumb","itemListElement":[{"@type":"ListItem","position":1,"name":"Inici","item":"https:\/\/www.esplac.cat\/es\/"},{"@type":"ListItem","position":2,"name":"Comen\u00e7a el compte enrere&#8230; Fem possible el conte il\u00b7lustrat sobre els esplais!"}]},{"@type":"WebSite","@id":"https:\/\/www.esplac.cat\/#website","url":"https:\/\/www.esplac.cat\/","name":"Esplac","description":"Esplais Catalans","publisher":{"@id":"https:\/\/www.esplac.cat\/#organization"},"potentialAction":[{"@type":"SearchAction","target":{"@type":"EntryPoint","urlTemplate":"https:\/\/www.esplac.cat\/?s={search_term_string}"},"query-input":{"@type":"PropertyValueSpecification","valueRequired":true,"valueName":"search_term_string"}}],"inLanguage":"es"},{"@type":"Organization","@id":"https:\/\/www.esplac.cat\/#organization","name":"Esplac","url":"https:\/\/www.esplac.cat\/","logo":{"@type":"ImageObject","inLanguage":"es","@id":"https:\/\/www.esplac.cat\/#\/schema\/logo\/image\/","url":"https:\/\/www.esplac.cat\/wp-content\/uploads\/2019\/08\/logox2.png","contentUrl":"https:\/\/www.esplac.cat\/wp-content\/uploads\/2019\/08\/logox2.png","width":600,"height":295,"caption":"Esplac"},"image":{"@id":"https:\/\/www.esplac.cat\/#\/schema\/logo\/image\/"}},{"@type":"Person","@id":"https:\/\/www.esplac.cat\/#\/schema\/person\/908383cf240be18b68f8855d0583faca","name":"Comunicaci\u00f3 Esplac","image":{"@type":"ImageObject","inLanguage":"es","@id":"https:\/\/secure.gravatar.com\/avatar\/7a4cf8feb412a76ea4a740ca02d95b06b2907b5a6c648c2dd0a1082a093c3141?s=96&d=mm&r=g","url":"https:\/\/secure.gravatar.com\/avatar\/7a4cf8feb412a76ea4a740ca02d95b06b2907b5a6c648c2dd0a1082a093c3141?s=96&d=mm&r=g","contentUrl":"https:\/\/secure.gravatar.com\/avatar\/7a4cf8feb412a76ea4a740ca02d95b06b2907b5a6c648c2dd0a1082a093c3141?s=96&d=mm&r=g","caption":"Comunicaci\u00f3 Esplac"}}]}},"_links":{"self":[{"href":"https:\/\/www.esplac.cat\/es\/wp-json\/wp\/v2\/posts\/38797","targetHints":{"allow":["GET"]}}],"collection":[{"href":"https:\/\/www.esplac.cat\/es\/wp-json\/wp\/v2\/posts"}],"about":[{"href":"https:\/\/www.esplac.cat\/es\/wp-json\/wp\/v2\/types\/post"}],"author":[{"embeddable":true,"href":"https:\/\/www.esplac.cat\/es\/wp-json\/wp\/v2\/users\/3"}],"replies":[{"embeddable":true,"href":"https:\/\/www.esplac.cat\/es\/wp-json\/wp\/v2\/comments?post=38797"}],"version-history":[{"count":0,"href":"https:\/\/www.esplac.cat\/es\/wp-json\/wp\/v2\/posts\/38797\/revisions"}],"wp:featuredmedia":[{"embeddable":true,"href":"https:\/\/www.esplac.cat\/es\/wp-json\/wp\/v2\/media\/38800"}],"wp:attachment":[{"href":"https:\/\/www.esplac.cat\/es\/wp-json\/wp\/v2\/media?parent=38797"}],"wp:term":[{"taxonomy":"category","embeddable":true,"href":"https:\/\/www.esplac.cat\/es\/wp-json\/wp\/v2\/categories?post=38797"},{"taxonomy":"post_tag","embeddable":true,"href":"https:\/\/www.esplac.cat\/es\/wp-json\/wp\/v2\/tags?post=38797"}],"curies":[{"name":"wp","href":"https:\/\/api.w.org\/{rel}","templated":true}]}}