{"id":38922,"date":"2022-01-24T18:46:44","date_gmt":"2022-01-24T16:46:44","guid":{"rendered":"https:\/\/www.esplac.cat\/?p=38922"},"modified":"2022-01-24T18:48:01","modified_gmt":"2022-01-24T16:48:01","slug":"el-conte-illustrat-sobre-els-esplais-ja-esta-en-marxa","status":"publish","type":"post","link":"https:\/\/www.esplac.cat\/es\/el-conte-illustrat-sobre-els-esplais-ja-esta-en-marxa\/","title":{"rendered":"El conte il\u00b7lustrat sobre els esplais ja est\u00e0 en marxa!"},"content":{"rendered":"<h5><strong>El passat 23 de gener va finalitzar la primera ronda de la campanya de Goteo per autofinan\u00e7ar el conte\u00a0<em>I tu, qu\u00e8 fas dissabte? L&#8217;aventura d&#8217;anar a l&#8217;esplai!<\/em><\/strong><\/h5>\n<p>Fa tan sols un dia que ha finalitzat la primera ronda de la<span style=\"color: #f69d0b;\"> <a style=\"color: #f69d0b;\" href=\"https:\/\/www.goteo.org\/project\/un-dissabte-d-esplai\">campanya de micromecenatge<\/a><\/span> per autofinan\u00e7ar el conte il\u00b7lustrat que reivindica la tasca educativa dels esplais d&#8217;arreu del territori. En aquest primer per\u00edode s&#8217;ha aconseguit el 111% de les aportacions m\u00ednimes necess\u00e0ries per encarar el projecte. Actualment, la campanya segueix en marxa per obtenir els 7.050 \u20ac \u00f2ptims per cobrir totes les despeses del projecte.<\/p>\n<p>Amb la recaptaci\u00f3 que s&#8217;ha assolit fins ara, ja es comencen a enllestir els \u00faltims detalls d&#8217;edici\u00f3, maquetaci\u00f3 i distribuci\u00f3 del conte. Aquest, ha estat creat pel Grup de Treball del <span style=\"color: #f69d0b;\"><a style=\"color: #f69d0b;\" href=\"https:\/\/www.esplac.cat\/40-anys-esplais-catalans\/\">40\u00e8 aniversari<\/a><\/span> de l&#8217;entitat, est\u00e0 il\u00b7lustrat per <a href=\"https:\/\/www.instagram.com\/mireiapujolriera\/\"><span style=\"color: #f69d0b;\">Mireia Pujol i Riera<\/span><\/a> i ser\u00e0 editat per <span style=\"color: #f69d0b;\"><a style=\"color: #f69d0b;\" href=\"https:\/\/pol-len.cat\">Pol\u00b7len Edicions<\/a>.<\/span> \u00c9s un conte que pren com a objectiu arribar a llibreries, biblioteques, centres educatius i socials, per tal de visibilitzar la tasca educativa dels esplais i convertir-se en un reflex de les aventures que viuen els infants que hi van cada dissabte.<\/p>\n<p>A banda, \u00e9s una aposta d&#8217;Esplac com a entitat per celebrar el seu 40\u00e8 aniversari i crear un recurs pedag\u00f2gic destinat als infants. El conte no nom\u00e9s \u00e9s una aventura fant\u00e0stica, sin\u00f3 que tamb\u00e9 inclou jocs transversals durant tota la hist\u00f2ria que permetran que tothom pugui jugar a la vegada que llegeix.<\/p>\n<p>El conte I tu, qu\u00e8 fas dissabte? es presentar\u00e0 el pr\u00f2xim 22 d&#8217;abril al teatre d&#8217;<span style=\"color: #f69d0b;\"><a style=\"color: #f69d0b;\" href=\"https:\/\/elcircol.cat\">El C\u00edrcol<\/a> <\/span>de Badalona, en un acte amb convidats especials que ens endinsaran al m\u00f3n de l&#8217;esplai i les persones creadores del llibre. Tamb\u00e9 comptar\u00e0 amb el visionament el documental <span style=\"color: #f69d0b;\"><a style=\"color: #f69d0b;\" href=\"http:\/\/catalanfilms.cat\/ca\/produccions\/transformar-educant\"><em>Transforamar Educant<\/em><\/a><\/span>, en el marc dels 40 anys d&#8217;Esplais Catalans.<\/p>\n<p>&nbsp;<\/p>\n<p>&nbsp;<\/p>\n","protected":false},"excerpt":{"rendered":"<p>El passat 23 de gener va finalitzar la primera ronda [&hellip;]<\/p>\n","protected":false},"author":3,"featured_media":38923,"comment_status":"closed","ping_status":"closed","sticky":false,"template":"","format":"standard","meta":{"om_disable_all_campaigns":false,"_monsterinsights_skip_tracking":false,"_monsterinsights_sitenote_active":false,"_monsterinsights_sitenote_note":"","_monsterinsights_sitenote_category":0,"_uf_show_specific_survey":0,"_uf_disable_surveys":false,"footnotes":""},"categories":[1119,1111],"tags":[],"class_list":["post-38922","post","type-post","status-publish","format-standard","has-post-thumbnail","hentry","category-activitats-comissions-grups-de-treball","category-activitats-esplac"],"yoast_head":"<!-- This site is optimized with the Yoast SEO plugin v27.4 - https:\/\/yoast.com\/product\/yoast-seo-wordpress\/ -->\n<title>El conte il\u00b7lustrat sobre els esplais ja est\u00e0 en marxa! - Esplac<\/title>\n<meta name=\"description\" content=\"El passat 23 de gener va finalitzar la primera ronda de la campanya de Goteo per autofinan\u00e7ar el conte\u00a0I tu, qu\u00e8 fas dissabte? L&#039;aventura d&#039;anar a l&#039;esplai!\" \/>\n<meta name=\"robots\" content=\"index, follow, max-snippet:-1, max-image-preview:large, max-video-preview:-1\" \/>\n<link rel=\"canonical\" href=\"https:\/\/www.esplac.cat\/en\/el-conte-illustrat-sobre-els-esplais-ja-esta-en-marxa\/\" \/>\n<meta property=\"og:locale\" content=\"es_ES\" \/>\n<meta property=\"og:type\" content=\"article\" \/>\n<meta property=\"og:title\" content=\"El conte il\u00b7lustrat sobre els esplais ja est\u00e0 en marxa! - Esplac\" \/>\n<meta property=\"og:description\" content=\"El passat 23 de gener va finalitzar la primera ronda de la campanya de Goteo per autofinan\u00e7ar el conte\u00a0I tu, qu\u00e8 fas dissabte? L&#039;aventura d&#039;anar a l&#039;esplai!\" \/>\n<meta property=\"og:url\" content=\"https:\/\/www.esplac.cat\/en\/el-conte-illustrat-sobre-els-esplais-ja-esta-en-marxa\/\" \/>\n<meta property=\"og:site_name\" content=\"Esplac\" \/>\n<meta property=\"article:published_time\" content=\"2022-01-24T16:46:44+00:00\" \/>\n<meta property=\"article:modified_time\" content=\"2022-01-24T16:48:01+00:00\" \/>\n<meta property=\"og:image\" content=\"https:\/\/www.esplac.cat\/wp-content\/uploads\/2022\/01\/Portada-Home-Esplac-Goteo-5.jpg\" \/>\n\t<meta property=\"og:image:width\" content=\"1200\" \/>\n\t<meta property=\"og:image:height\" content=\"493\" \/>\n\t<meta property=\"og:image:type\" content=\"image\/jpeg\" \/>\n<meta name=\"author\" content=\"Comunicaci\u00f3 Esplac\" \/>\n<meta name=\"twitter:card\" content=\"summary_large_image\" \/>\n<meta name=\"twitter:label1\" content=\"Escrito por\" \/>\n\t<meta name=\"twitter:data1\" content=\"Comunicaci\u00f3 Esplac\" \/>\n\t<meta name=\"twitter:label2\" content=\"Tiempo de lectura\" \/>\n\t<meta name=\"twitter:data2\" content=\"2 minutos\" \/>\n<script type=\"application\/ld+json\" class=\"yoast-schema-graph\">{\"@context\":\"https:\\\/\\\/schema.org\",\"@graph\":[{\"@type\":\"Article\",\"@id\":\"https:\\\/\\\/www.esplac.cat\\\/en\\\/el-conte-illustrat-sobre-els-esplais-ja-esta-en-marxa\\\/#article\",\"isPartOf\":{\"@id\":\"https:\\\/\\\/www.esplac.cat\\\/en\\\/el-conte-illustrat-sobre-els-esplais-ja-esta-en-marxa\\\/\"},\"author\":{\"name\":\"Comunicaci\u00f3 Esplac\",\"@id\":\"https:\\\/\\\/www.esplac.cat\\\/#\\\/schema\\\/person\\\/908383cf240be18b68f8855d0583faca\"},\"headline\":\"El conte il\u00b7lustrat sobre els esplais ja est\u00e0 en marxa!\",\"datePublished\":\"2022-01-24T16:46:44+00:00\",\"dateModified\":\"2022-01-24T16:48:01+00:00\",\"mainEntityOfPage\":{\"@id\":\"https:\\\/\\\/www.esplac.cat\\\/en\\\/el-conte-illustrat-sobre-els-esplais-ja-esta-en-marxa\\\/\"},\"wordCount\":325,\"publisher\":{\"@id\":\"https:\\\/\\\/www.esplac.cat\\\/#organization\"},\"image\":{\"@id\":\"https:\\\/\\\/www.esplac.cat\\\/en\\\/el-conte-illustrat-sobre-els-esplais-ja-esta-en-marxa\\\/#primaryimage\"},\"thumbnailUrl\":\"https:\\\/\\\/www.esplac.cat\\\/wp-content\\\/uploads\\\/2022\\\/01\\\/Portada-Home-Esplac-Goteo-5.jpg\",\"articleSection\":[\"Activitats comissions i grups de treball\",\"Activitats esplac\"],\"inLanguage\":\"es\"},{\"@type\":\"WebPage\",\"@id\":\"https:\\\/\\\/www.esplac.cat\\\/en\\\/el-conte-illustrat-sobre-els-esplais-ja-esta-en-marxa\\\/\",\"url\":\"https:\\\/\\\/www.esplac.cat\\\/en\\\/el-conte-illustrat-sobre-els-esplais-ja-esta-en-marxa\\\/\",\"name\":\"El conte il\u00b7lustrat sobre els esplais ja est\u00e0 en marxa! - Esplac\",\"isPartOf\":{\"@id\":\"https:\\\/\\\/www.esplac.cat\\\/#website\"},\"primaryImageOfPage\":{\"@id\":\"https:\\\/\\\/www.esplac.cat\\\/en\\\/el-conte-illustrat-sobre-els-esplais-ja-esta-en-marxa\\\/#primaryimage\"},\"image\":{\"@id\":\"https:\\\/\\\/www.esplac.cat\\\/en\\\/el-conte-illustrat-sobre-els-esplais-ja-esta-en-marxa\\\/#primaryimage\"},\"thumbnailUrl\":\"https:\\\/\\\/www.esplac.cat\\\/wp-content\\\/uploads\\\/2022\\\/01\\\/Portada-Home-Esplac-Goteo-5.jpg\",\"datePublished\":\"2022-01-24T16:46:44+00:00\",\"dateModified\":\"2022-01-24T16:48:01+00:00\",\"description\":\"El passat 23 de gener va finalitzar la primera ronda de la campanya de Goteo per autofinan\u00e7ar el conte\u00a0I tu, qu\u00e8 fas dissabte? L'aventura d'anar a l'esplai!\",\"breadcrumb\":{\"@id\":\"https:\\\/\\\/www.esplac.cat\\\/en\\\/el-conte-illustrat-sobre-els-esplais-ja-esta-en-marxa\\\/#breadcrumb\"},\"inLanguage\":\"es\",\"potentialAction\":[{\"@type\":\"ReadAction\",\"target\":[\"https:\\\/\\\/www.esplac.cat\\\/en\\\/el-conte-illustrat-sobre-els-esplais-ja-esta-en-marxa\\\/\"]}]},{\"@type\":\"ImageObject\",\"inLanguage\":\"es\",\"@id\":\"https:\\\/\\\/www.esplac.cat\\\/en\\\/el-conte-illustrat-sobre-els-esplais-ja-esta-en-marxa\\\/#primaryimage\",\"url\":\"https:\\\/\\\/www.esplac.cat\\\/wp-content\\\/uploads\\\/2022\\\/01\\\/Portada-Home-Esplac-Goteo-5.jpg\",\"contentUrl\":\"https:\\\/\\\/www.esplac.cat\\\/wp-content\\\/uploads\\\/2022\\\/01\\\/Portada-Home-Esplac-Goteo-5.jpg\",\"width\":1200,\"height\":493,\"caption\":\"Goteo conte\"},{\"@type\":\"BreadcrumbList\",\"@id\":\"https:\\\/\\\/www.esplac.cat\\\/en\\\/el-conte-illustrat-sobre-els-esplais-ja-esta-en-marxa\\\/#breadcrumb\",\"itemListElement\":[{\"@type\":\"ListItem\",\"position\":1,\"name\":\"Inici\",\"item\":\"https:\\\/\\\/www.esplac.cat\\\/es\\\/\"},{\"@type\":\"ListItem\",\"position\":2,\"name\":\"El conte il\u00b7lustrat sobre els esplais ja est\u00e0 en marxa!\"}]},{\"@type\":\"WebSite\",\"@id\":\"https:\\\/\\\/www.esplac.cat\\\/#website\",\"url\":\"https:\\\/\\\/www.esplac.cat\\\/\",\"name\":\"Esplac\",\"description\":\"Esplais Catalans\",\"publisher\":{\"@id\":\"https:\\\/\\\/www.esplac.cat\\\/#organization\"},\"potentialAction\":[{\"@type\":\"SearchAction\",\"target\":{\"@type\":\"EntryPoint\",\"urlTemplate\":\"https:\\\/\\\/www.esplac.cat\\\/?s={search_term_string}\"},\"query-input\":{\"@type\":\"PropertyValueSpecification\",\"valueRequired\":true,\"valueName\":\"search_term_string\"}}],\"inLanguage\":\"es\"},{\"@type\":\"Organization\",\"@id\":\"https:\\\/\\\/www.esplac.cat\\\/#organization\",\"name\":\"Esplac\",\"url\":\"https:\\\/\\\/www.esplac.cat\\\/\",\"logo\":{\"@type\":\"ImageObject\",\"inLanguage\":\"es\",\"@id\":\"https:\\\/\\\/www.esplac.cat\\\/#\\\/schema\\\/logo\\\/image\\\/\",\"url\":\"https:\\\/\\\/www.esplac.cat\\\/wp-content\\\/uploads\\\/2019\\\/08\\\/logox2.png\",\"contentUrl\":\"https:\\\/\\\/www.esplac.cat\\\/wp-content\\\/uploads\\\/2019\\\/08\\\/logox2.png\",\"width\":600,\"height\":295,\"caption\":\"Esplac\"},\"image\":{\"@id\":\"https:\\\/\\\/www.esplac.cat\\\/#\\\/schema\\\/logo\\\/image\\\/\"}},{\"@type\":\"Person\",\"@id\":\"https:\\\/\\\/www.esplac.cat\\\/#\\\/schema\\\/person\\\/908383cf240be18b68f8855d0583faca\",\"name\":\"Comunicaci\u00f3 Esplac\",\"image\":{\"@type\":\"ImageObject\",\"inLanguage\":\"es\",\"@id\":\"https:\\\/\\\/secure.gravatar.com\\\/avatar\\\/7a4cf8feb412a76ea4a740ca02d95b06b2907b5a6c648c2dd0a1082a093c3141?s=96&d=mm&r=g\",\"url\":\"https:\\\/\\\/secure.gravatar.com\\\/avatar\\\/7a4cf8feb412a76ea4a740ca02d95b06b2907b5a6c648c2dd0a1082a093c3141?s=96&d=mm&r=g\",\"contentUrl\":\"https:\\\/\\\/secure.gravatar.com\\\/avatar\\\/7a4cf8feb412a76ea4a740ca02d95b06b2907b5a6c648c2dd0a1082a093c3141?s=96&d=mm&r=g\",\"caption\":\"Comunicaci\u00f3 Esplac\"}}]}<\/script>\n<!-- \/ Yoast SEO plugin. -->","yoast_head_json":{"title":"El conte il\u00b7lustrat sobre els esplais ja est\u00e0 en marxa! - Esplac","description":"El passat 23 de gener va finalitzar la primera ronda de la campanya de Goteo per autofinan\u00e7ar el conte\u00a0I tu, qu\u00e8 fas dissabte? L'aventura d'anar a l'esplai!","robots":{"index":"index","follow":"follow","max-snippet":"max-snippet:-1","max-image-preview":"max-image-preview:large","max-video-preview":"max-video-preview:-1"},"canonical":"https:\/\/www.esplac.cat\/en\/el-conte-illustrat-sobre-els-esplais-ja-esta-en-marxa\/","og_locale":"es_ES","og_type":"article","og_title":"El conte il\u00b7lustrat sobre els esplais ja est\u00e0 en marxa! - Esplac","og_description":"El passat 23 de gener va finalitzar la primera ronda de la campanya de Goteo per autofinan\u00e7ar el conte\u00a0I tu, qu\u00e8 fas dissabte? L'aventura d'anar a l'esplai!","og_url":"https:\/\/www.esplac.cat\/en\/el-conte-illustrat-sobre-els-esplais-ja-esta-en-marxa\/","og_site_name":"Esplac","article_published_time":"2022-01-24T16:46:44+00:00","article_modified_time":"2022-01-24T16:48:01+00:00","og_image":[{"width":1200,"height":493,"url":"https:\/\/www.esplac.cat\/wp-content\/uploads\/2022\/01\/Portada-Home-Esplac-Goteo-5.jpg","type":"image\/jpeg"}],"author":"Comunicaci\u00f3 Esplac","twitter_card":"summary_large_image","twitter_misc":{"Escrito por":"Comunicaci\u00f3 Esplac","Tiempo de lectura":"2 minutos"},"schema":{"@context":"https:\/\/schema.org","@graph":[{"@type":"Article","@id":"https:\/\/www.esplac.cat\/en\/el-conte-illustrat-sobre-els-esplais-ja-esta-en-marxa\/#article","isPartOf":{"@id":"https:\/\/www.esplac.cat\/en\/el-conte-illustrat-sobre-els-esplais-ja-esta-en-marxa\/"},"author":{"name":"Comunicaci\u00f3 Esplac","@id":"https:\/\/www.esplac.cat\/#\/schema\/person\/908383cf240be18b68f8855d0583faca"},"headline":"El conte il\u00b7lustrat sobre els esplais ja est\u00e0 en marxa!","datePublished":"2022-01-24T16:46:44+00:00","dateModified":"2022-01-24T16:48:01+00:00","mainEntityOfPage":{"@id":"https:\/\/www.esplac.cat\/en\/el-conte-illustrat-sobre-els-esplais-ja-esta-en-marxa\/"},"wordCount":325,"publisher":{"@id":"https:\/\/www.esplac.cat\/#organization"},"image":{"@id":"https:\/\/www.esplac.cat\/en\/el-conte-illustrat-sobre-els-esplais-ja-esta-en-marxa\/#primaryimage"},"thumbnailUrl":"https:\/\/www.esplac.cat\/wp-content\/uploads\/2022\/01\/Portada-Home-Esplac-Goteo-5.jpg","articleSection":["Activitats comissions i grups de treball","Activitats esplac"],"inLanguage":"es"},{"@type":"WebPage","@id":"https:\/\/www.esplac.cat\/en\/el-conte-illustrat-sobre-els-esplais-ja-esta-en-marxa\/","url":"https:\/\/www.esplac.cat\/en\/el-conte-illustrat-sobre-els-esplais-ja-esta-en-marxa\/","name":"El conte il\u00b7lustrat sobre els esplais ja est\u00e0 en marxa! - Esplac","isPartOf":{"@id":"https:\/\/www.esplac.cat\/#website"},"primaryImageOfPage":{"@id":"https:\/\/www.esplac.cat\/en\/el-conte-illustrat-sobre-els-esplais-ja-esta-en-marxa\/#primaryimage"},"image":{"@id":"https:\/\/www.esplac.cat\/en\/el-conte-illustrat-sobre-els-esplais-ja-esta-en-marxa\/#primaryimage"},"thumbnailUrl":"https:\/\/www.esplac.cat\/wp-content\/uploads\/2022\/01\/Portada-Home-Esplac-Goteo-5.jpg","datePublished":"2022-01-24T16:46:44+00:00","dateModified":"2022-01-24T16:48:01+00:00","description":"El passat 23 de gener va finalitzar la primera ronda de la campanya de Goteo per autofinan\u00e7ar el conte\u00a0I tu, qu\u00e8 fas dissabte? L'aventura d'anar a l'esplai!","breadcrumb":{"@id":"https:\/\/www.esplac.cat\/en\/el-conte-illustrat-sobre-els-esplais-ja-esta-en-marxa\/#breadcrumb"},"inLanguage":"es","potentialAction":[{"@type":"ReadAction","target":["https:\/\/www.esplac.cat\/en\/el-conte-illustrat-sobre-els-esplais-ja-esta-en-marxa\/"]}]},{"@type":"ImageObject","inLanguage":"es","@id":"https:\/\/www.esplac.cat\/en\/el-conte-illustrat-sobre-els-esplais-ja-esta-en-marxa\/#primaryimage","url":"https:\/\/www.esplac.cat\/wp-content\/uploads\/2022\/01\/Portada-Home-Esplac-Goteo-5.jpg","contentUrl":"https:\/\/www.esplac.cat\/wp-content\/uploads\/2022\/01\/Portada-Home-Esplac-Goteo-5.jpg","width":1200,"height":493,"caption":"Goteo conte"},{"@type":"BreadcrumbList","@id":"https:\/\/www.esplac.cat\/en\/el-conte-illustrat-sobre-els-esplais-ja-esta-en-marxa\/#breadcrumb","itemListElement":[{"@type":"ListItem","position":1,"name":"Inici","item":"https:\/\/www.esplac.cat\/es\/"},{"@type":"ListItem","position":2,"name":"El conte il\u00b7lustrat sobre els esplais ja est\u00e0 en marxa!"}]},{"@type":"WebSite","@id":"https:\/\/www.esplac.cat\/#website","url":"https:\/\/www.esplac.cat\/","name":"Esplac","description":"Esplais Catalans","publisher":{"@id":"https:\/\/www.esplac.cat\/#organization"},"potentialAction":[{"@type":"SearchAction","target":{"@type":"EntryPoint","urlTemplate":"https:\/\/www.esplac.cat\/?s={search_term_string}"},"query-input":{"@type":"PropertyValueSpecification","valueRequired":true,"valueName":"search_term_string"}}],"inLanguage":"es"},{"@type":"Organization","@id":"https:\/\/www.esplac.cat\/#organization","name":"Esplac","url":"https:\/\/www.esplac.cat\/","logo":{"@type":"ImageObject","inLanguage":"es","@id":"https:\/\/www.esplac.cat\/#\/schema\/logo\/image\/","url":"https:\/\/www.esplac.cat\/wp-content\/uploads\/2019\/08\/logox2.png","contentUrl":"https:\/\/www.esplac.cat\/wp-content\/uploads\/2019\/08\/logox2.png","width":600,"height":295,"caption":"Esplac"},"image":{"@id":"https:\/\/www.esplac.cat\/#\/schema\/logo\/image\/"}},{"@type":"Person","@id":"https:\/\/www.esplac.cat\/#\/schema\/person\/908383cf240be18b68f8855d0583faca","name":"Comunicaci\u00f3 Esplac","image":{"@type":"ImageObject","inLanguage":"es","@id":"https:\/\/secure.gravatar.com\/avatar\/7a4cf8feb412a76ea4a740ca02d95b06b2907b5a6c648c2dd0a1082a093c3141?s=96&d=mm&r=g","url":"https:\/\/secure.gravatar.com\/avatar\/7a4cf8feb412a76ea4a740ca02d95b06b2907b5a6c648c2dd0a1082a093c3141?s=96&d=mm&r=g","contentUrl":"https:\/\/secure.gravatar.com\/avatar\/7a4cf8feb412a76ea4a740ca02d95b06b2907b5a6c648c2dd0a1082a093c3141?s=96&d=mm&r=g","caption":"Comunicaci\u00f3 Esplac"}}]}},"_links":{"self":[{"href":"https:\/\/www.esplac.cat\/es\/wp-json\/wp\/v2\/posts\/38922","targetHints":{"allow":["GET"]}}],"collection":[{"href":"https:\/\/www.esplac.cat\/es\/wp-json\/wp\/v2\/posts"}],"about":[{"href":"https:\/\/www.esplac.cat\/es\/wp-json\/wp\/v2\/types\/post"}],"author":[{"embeddable":true,"href":"https:\/\/www.esplac.cat\/es\/wp-json\/wp\/v2\/users\/3"}],"replies":[{"embeddable":true,"href":"https:\/\/www.esplac.cat\/es\/wp-json\/wp\/v2\/comments?post=38922"}],"version-history":[{"count":0,"href":"https:\/\/www.esplac.cat\/es\/wp-json\/wp\/v2\/posts\/38922\/revisions"}],"wp:featuredmedia":[{"embeddable":true,"href":"https:\/\/www.esplac.cat\/es\/wp-json\/wp\/v2\/media\/38923"}],"wp:attachment":[{"href":"https:\/\/www.esplac.cat\/es\/wp-json\/wp\/v2\/media?parent=38922"}],"wp:term":[{"taxonomy":"category","embeddable":true,"href":"https:\/\/www.esplac.cat\/es\/wp-json\/wp\/v2\/categories?post=38922"},{"taxonomy":"post_tag","embeddable":true,"href":"https:\/\/www.esplac.cat\/es\/wp-json\/wp\/v2\/tags?post=38922"}],"curies":[{"name":"wp","href":"https:\/\/api.w.org\/{rel}","templated":true}]}}