{"id":39028,"date":"2022-01-31T12:24:15","date_gmt":"2022-01-31T10:24:15","guid":{"rendered":"https:\/\/www.esplac.cat\/?p=39028"},"modified":"2022-01-31T16:43:35","modified_gmt":"2022-01-31T14:43:35","slug":"40-anys-assemblea-constituent-esplais-catalans","status":"publish","type":"post","link":"https:\/\/www.esplac.cat\/es\/40-anys-assemblea-constituent-esplais-catalans\/","title":{"rendered":"40 anys de l&#8217;Assemblea Constituent d&#8217;Esplais Catalans"},"content":{"rendered":"<h6><strong>Tal dia com avui, 31 de gener de fa 40 anys, va tenir lloc l&#8217;Assemblea Constituent d&#8217;Esplais Catalans. Per celebrar-ho, durant tot el curs hi ha preparades activitats com l&#8217;Esplaiada, la primera Trobada de S\u00f2cies o la publicaci\u00f3 del conte \u00abI tu, qu\u00e8 fas dissabte?\u00bb.<\/strong><\/h6>\n<p>Avui, fa just 40 anys, s&#8217;aprovava en assemblea la fundaci\u00f3 d&#8217;Esplais Catalans. El 31 de gener de 1982, a Badalona, es feia l\u2019Assemblea Constituent d&#8217;Esplac, a la qual hi van assistir 51 persones delegades d\u2019un total de 21 esplais fundadors. Nou eren de <strong>Badalona<\/strong>, cinc de <strong>Barcelona<\/strong>, dos de L\u2019<strong>Hospitalet de Llobregat<\/strong> i cinc m\u00e9s provenien de les poblacions de <strong>Sant Andreu de la Barca<\/strong>, <strong>Santa Coloma de Gramenet<\/strong>, <strong>Sant Feliu de Llobregat<\/strong>,<strong> Rub\u00ed<\/strong> i <strong>Vilanova i la Geltr\u00fa<\/strong> (i cinc esplais m\u00e9s com a oients). Actualment, Esplac el conformen un total de <strong>112 esplais<\/strong> de tota Catalunya!<\/p>\n<p>Per celebrar que avui fa 40 anys de l&#8217;assemblea constituent, durant aquesta setmana <strong>anirem compartint a les xarxes socials d&#8217;Esplac (@esplaiscatalans) fotografies, imatges i v\u00eddeos de com ha evolucionat Esplac durant aquests anys<\/strong>. S\u00f3n 40 anys fent Esplac, enforint els esplais i apostant per la transformaci\u00f3 social des de l&#8217;educaci\u00f3 en el lleure laica i volunt\u00e0ria.<\/p>\n<p>A m\u00e9s, durant tot el curs hi haur\u00e0 activitats per infants, monitores i monitors, s\u00f2cies i socis, i tot aquell que hi vulgui participar!\u00a0A banda de les activitats anuals, com les diverses <strong><span style=\"color: #f69d0b;\"><a style=\"color: #f69d0b;\" href=\"https:\/\/www.esplac.cat\/formacions\/\" target=\"_blank\" rel=\"noopener noreferrer\">formacions<\/a><\/span><\/strong> o l&#8217;<a href=\"https:\/\/www.esplac.cat\/formacions\/escola-desplac\/\" target=\"_blank\" rel=\"noopener noreferrer\"><span style=\"color: #f69d0b;\"><strong>Escola d&#8217;Esplac<\/strong><\/span><\/a>, s&#8217;incorporen al calendari l&#8217;<span style=\"color: #ff9900;\"><a style=\"color: #ff9900;\" href=\"http:\/\/www.esplac.cat\/trobades\/esplaiada\" target=\"_blank\" rel=\"noopener noreferrer\"><strong>Esplaiada 2022<\/strong><\/a><\/span>, la primera <strong>Trobada de S\u00f2cies<\/strong> i la presentaci\u00f3 del <span style=\"color: #ff9900;\"><a style=\"color: #ff9900;\" href=\"https:\/\/www.esplac.cat\/campanya-goteo-conte-illustrat\/\" target=\"_blank\" rel=\"noopener noreferrer\"><strong>conte infantil de l&#8217;esplai <\/strong><\/a><\/span>(encara pots aportar a la campanya de micromecenatge de goteo.org!), entre d&#8217;altres.<\/p>\n<p>Estigueu atentes a les nostres xarxes socials per poder estar al dia de les activitats o feu servir el hashtag\u00a0<strong>#Esplac40Anys\u00a0<\/strong>per compartir tots els records que tingueu de l&#8217;esplai.<\/p>\n<p>I recordeu, podeu fer-vos <span style=\"color: #f69d0b;\"><a style=\"color: #f69d0b;\" href=\"https:\/\/www.esplac.cat\/fes-te-socia\/\" target=\"_blank\" rel=\"noopener noreferrer\"><strong>s\u00f2cies<\/strong><\/a><\/span> d&#8217;Esplac a trav\u00e9s de la nostra web.<\/p>\n<p><img decoding=\"async\" class=\"wp-image-37061 aligncenter\" src=\"https:\/\/www.esplac.cat\/wp-content\/uploads\/2021\/09\/Cartell-40e_p.jpg\" alt=\"Cartell 40\u00e8\" width=\"464\" height=\"638\" srcset=\"https:\/\/www.esplac.cat\/wp-content\/uploads\/2021\/09\/Cartell-40e_p-200x275.jpg 200w, https:\/\/www.esplac.cat\/wp-content\/uploads\/2021\/09\/Cartell-40e_p-218x300.jpg 218w, https:\/\/www.esplac.cat\/wp-content\/uploads\/2021\/09\/Cartell-40e_p-400x550.jpg 400w, https:\/\/www.esplac.cat\/wp-content\/uploads\/2021\/09\/Cartell-40e_p-600x825.jpg 600w, https:\/\/www.esplac.cat\/wp-content\/uploads\/2021\/09\/Cartell-40e_p-745x1024.jpg 745w, https:\/\/www.esplac.cat\/wp-content\/uploads\/2021\/09\/Cartell-40e_p-768x1056.jpg 768w, https:\/\/www.esplac.cat\/wp-content\/uploads\/2021\/09\/Cartell-40e_p-800x1100.jpg 800w, https:\/\/www.esplac.cat\/wp-content\/uploads\/2021\/09\/Cartell-40e_p-1117x1536.jpg 1117w, https:\/\/www.esplac.cat\/wp-content\/uploads\/2021\/09\/Cartell-40e_p-1200x1650.jpg 1200w, https:\/\/www.esplac.cat\/wp-content\/uploads\/2021\/09\/Cartell-40e_p-1489x2048.jpg 1489w, https:\/\/www.esplac.cat\/wp-content\/uploads\/2021\/09\/Cartell-40e_p.jpg 1500w\" sizes=\"(max-width: 464px) 100vw, 464px\" \/><\/p>\n","protected":false},"excerpt":{"rendered":"<p>Tal dia com avui, 31 de gener de fa 40 [&hellip;]<\/p>\n","protected":false},"author":3,"featured_media":39032,"comment_status":"closed","ping_status":"closed","sticky":false,"template":"","format":"standard","meta":{"om_disable_all_campaigns":false,"_monsterinsights_skip_tracking":false,"_monsterinsights_sitenote_active":false,"_monsterinsights_sitenote_note":"","_monsterinsights_sitenote_category":0,"_uf_show_specific_survey":0,"_uf_disable_surveys":false,"footnotes":""},"categories":[1111],"tags":[],"class_list":["post-39028","post","type-post","status-publish","format-standard","has-post-thumbnail","hentry","category-activitats-esplac"],"yoast_head":"<!-- This site is optimized with the Yoast SEO plugin v27.5 - https:\/\/yoast.com\/product\/yoast-seo-wordpress\/ -->\n<title>40 anys de l&#039;Assemblea Constituent d&#039;Esplais Catalans - Esplac<\/title>\n<meta name=\"robots\" content=\"index, follow, max-snippet:-1, max-image-preview:large, max-video-preview:-1\" \/>\n<link rel=\"canonical\" href=\"https:\/\/www.esplac.cat\/40-anys-assemblea-constituent-esplais-catalans\/\" \/>\n<meta property=\"og:locale\" content=\"es_ES\" \/>\n<meta property=\"og:type\" content=\"article\" \/>\n<meta property=\"og:title\" content=\"40 anys de l&#039;Assemblea Constituent d&#039;Esplais Catalans - Esplac\" \/>\n<meta property=\"og:description\" content=\"Tal dia com avui, 31 de gener de fa 40 [&hellip;]\" \/>\n<meta property=\"og:url\" content=\"https:\/\/www.esplac.cat\/40-anys-assemblea-constituent-esplais-catalans\/\" \/>\n<meta property=\"og:site_name\" content=\"Esplac\" \/>\n<meta property=\"article:published_time\" content=\"2022-01-31T10:24:15+00:00\" \/>\n<meta property=\"article:modified_time\" content=\"2022-01-31T14:43:35+00:00\" \/>\n<meta property=\"og:image\" content=\"https:\/\/www.esplac.cat\/wp-content\/uploads\/2022\/01\/Portades-Web-1.jpg\" \/>\n\t<meta property=\"og:image:width\" content=\"1697\" \/>\n\t<meta property=\"og:image:height\" content=\"700\" \/>\n\t<meta property=\"og:image:type\" content=\"image\/jpeg\" \/>\n<meta name=\"author\" content=\"Comunicaci\u00f3 Esplac\" \/>\n<meta name=\"twitter:card\" content=\"summary_large_image\" \/>\n<meta name=\"twitter:label1\" content=\"Escrito por\" \/>\n\t<meta name=\"twitter:data1\" content=\"Comunicaci\u00f3 Esplac\" \/>\n\t<meta name=\"twitter:label2\" content=\"Tiempo de lectura\" \/>\n\t<meta name=\"twitter:data2\" content=\"2 minutos\" \/>\n<script type=\"application\/ld+json\" class=\"yoast-schema-graph\">{\"@context\":\"https:\\\/\\\/schema.org\",\"@graph\":[{\"@type\":\"Article\",\"@id\":\"https:\\\/\\\/www.esplac.cat\\\/40-anys-assemblea-constituent-esplais-catalans\\\/#article\",\"isPartOf\":{\"@id\":\"https:\\\/\\\/www.esplac.cat\\\/40-anys-assemblea-constituent-esplais-catalans\\\/\"},\"author\":{\"name\":\"Comunicaci\u00f3 Esplac\",\"@id\":\"https:\\\/\\\/www.esplac.cat\\\/#\\\/schema\\\/person\\\/908383cf240be18b68f8855d0583faca\"},\"headline\":\"40 anys de l&#8217;Assemblea Constituent d&#8217;Esplais Catalans\",\"datePublished\":\"2022-01-31T10:24:15+00:00\",\"dateModified\":\"2022-01-31T14:43:35+00:00\",\"mainEntityOfPage\":{\"@id\":\"https:\\\/\\\/www.esplac.cat\\\/40-anys-assemblea-constituent-esplais-catalans\\\/\"},\"wordCount\":338,\"publisher\":{\"@id\":\"https:\\\/\\\/www.esplac.cat\\\/#organization\"},\"image\":{\"@id\":\"https:\\\/\\\/www.esplac.cat\\\/40-anys-assemblea-constituent-esplais-catalans\\\/#primaryimage\"},\"thumbnailUrl\":\"https:\\\/\\\/www.esplac.cat\\\/wp-content\\\/uploads\\\/2022\\\/01\\\/Portades-Web-1.jpg\",\"articleSection\":[\"Activitats esplac\"],\"inLanguage\":\"es\"},{\"@type\":\"WebPage\",\"@id\":\"https:\\\/\\\/www.esplac.cat\\\/40-anys-assemblea-constituent-esplais-catalans\\\/\",\"url\":\"https:\\\/\\\/www.esplac.cat\\\/40-anys-assemblea-constituent-esplais-catalans\\\/\",\"name\":\"40 anys de l'Assemblea Constituent d'Esplais Catalans - Esplac\",\"isPartOf\":{\"@id\":\"https:\\\/\\\/www.esplac.cat\\\/#website\"},\"primaryImageOfPage\":{\"@id\":\"https:\\\/\\\/www.esplac.cat\\\/40-anys-assemblea-constituent-esplais-catalans\\\/#primaryimage\"},\"image\":{\"@id\":\"https:\\\/\\\/www.esplac.cat\\\/40-anys-assemblea-constituent-esplais-catalans\\\/#primaryimage\"},\"thumbnailUrl\":\"https:\\\/\\\/www.esplac.cat\\\/wp-content\\\/uploads\\\/2022\\\/01\\\/Portades-Web-1.jpg\",\"datePublished\":\"2022-01-31T10:24:15+00:00\",\"dateModified\":\"2022-01-31T14:43:35+00:00\",\"breadcrumb\":{\"@id\":\"https:\\\/\\\/www.esplac.cat\\\/40-anys-assemblea-constituent-esplais-catalans\\\/#breadcrumb\"},\"inLanguage\":\"es\",\"potentialAction\":[{\"@type\":\"ReadAction\",\"target\":[\"https:\\\/\\\/www.esplac.cat\\\/40-anys-assemblea-constituent-esplais-catalans\\\/\"]}]},{\"@type\":\"ImageObject\",\"inLanguage\":\"es\",\"@id\":\"https:\\\/\\\/www.esplac.cat\\\/40-anys-assemblea-constituent-esplais-catalans\\\/#primaryimage\",\"url\":\"https:\\\/\\\/www.esplac.cat\\\/wp-content\\\/uploads\\\/2022\\\/01\\\/Portades-Web-1.jpg\",\"contentUrl\":\"https:\\\/\\\/www.esplac.cat\\\/wp-content\\\/uploads\\\/2022\\\/01\\\/Portades-Web-1.jpg\",\"width\":1697,\"height\":700},{\"@type\":\"BreadcrumbList\",\"@id\":\"https:\\\/\\\/www.esplac.cat\\\/40-anys-assemblea-constituent-esplais-catalans\\\/#breadcrumb\",\"itemListElement\":[{\"@type\":\"ListItem\",\"position\":1,\"name\":\"Inici\",\"item\":\"https:\\\/\\\/www.esplac.cat\\\/es\\\/\"},{\"@type\":\"ListItem\",\"position\":2,\"name\":\"40 anys de l&#8217;Assemblea Constituent d&#8217;Esplais Catalans\"}]},{\"@type\":\"WebSite\",\"@id\":\"https:\\\/\\\/www.esplac.cat\\\/#website\",\"url\":\"https:\\\/\\\/www.esplac.cat\\\/\",\"name\":\"Esplac\",\"description\":\"Esplais Catalans\",\"publisher\":{\"@id\":\"https:\\\/\\\/www.esplac.cat\\\/#organization\"},\"potentialAction\":[{\"@type\":\"SearchAction\",\"target\":{\"@type\":\"EntryPoint\",\"urlTemplate\":\"https:\\\/\\\/www.esplac.cat\\\/?s={search_term_string}\"},\"query-input\":{\"@type\":\"PropertyValueSpecification\",\"valueRequired\":true,\"valueName\":\"search_term_string\"}}],\"inLanguage\":\"es\"},{\"@type\":\"Organization\",\"@id\":\"https:\\\/\\\/www.esplac.cat\\\/#organization\",\"name\":\"Esplac\",\"url\":\"https:\\\/\\\/www.esplac.cat\\\/\",\"logo\":{\"@type\":\"ImageObject\",\"inLanguage\":\"es\",\"@id\":\"https:\\\/\\\/www.esplac.cat\\\/#\\\/schema\\\/logo\\\/image\\\/\",\"url\":\"https:\\\/\\\/www.esplac.cat\\\/wp-content\\\/uploads\\\/2019\\\/08\\\/logox2.png\",\"contentUrl\":\"https:\\\/\\\/www.esplac.cat\\\/wp-content\\\/uploads\\\/2019\\\/08\\\/logox2.png\",\"width\":600,\"height\":295,\"caption\":\"Esplac\"},\"image\":{\"@id\":\"https:\\\/\\\/www.esplac.cat\\\/#\\\/schema\\\/logo\\\/image\\\/\"}},{\"@type\":\"Person\",\"@id\":\"https:\\\/\\\/www.esplac.cat\\\/#\\\/schema\\\/person\\\/908383cf240be18b68f8855d0583faca\",\"name\":\"Comunicaci\u00f3 Esplac\",\"image\":{\"@type\":\"ImageObject\",\"inLanguage\":\"es\",\"@id\":\"https:\\\/\\\/secure.gravatar.com\\\/avatar\\\/7a4cf8feb412a76ea4a740ca02d95b06b2907b5a6c648c2dd0a1082a093c3141?s=96&d=mm&r=g\",\"url\":\"https:\\\/\\\/secure.gravatar.com\\\/avatar\\\/7a4cf8feb412a76ea4a740ca02d95b06b2907b5a6c648c2dd0a1082a093c3141?s=96&d=mm&r=g\",\"contentUrl\":\"https:\\\/\\\/secure.gravatar.com\\\/avatar\\\/7a4cf8feb412a76ea4a740ca02d95b06b2907b5a6c648c2dd0a1082a093c3141?s=96&d=mm&r=g\",\"caption\":\"Comunicaci\u00f3 Esplac\"}}]}<\/script>\n<!-- \/ Yoast SEO plugin. -->","yoast_head_json":{"title":"40 anys de l'Assemblea Constituent d'Esplais Catalans - Esplac","robots":{"index":"index","follow":"follow","max-snippet":"max-snippet:-1","max-image-preview":"max-image-preview:large","max-video-preview":"max-video-preview:-1"},"canonical":"https:\/\/www.esplac.cat\/40-anys-assemblea-constituent-esplais-catalans\/","og_locale":"es_ES","og_type":"article","og_title":"40 anys de l'Assemblea Constituent d'Esplais Catalans - Esplac","og_description":"Tal dia com avui, 31 de gener de fa 40 [&hellip;]","og_url":"https:\/\/www.esplac.cat\/40-anys-assemblea-constituent-esplais-catalans\/","og_site_name":"Esplac","article_published_time":"2022-01-31T10:24:15+00:00","article_modified_time":"2022-01-31T14:43:35+00:00","og_image":[{"width":1697,"height":700,"url":"https:\/\/www.esplac.cat\/wp-content\/uploads\/2022\/01\/Portades-Web-1.jpg","type":"image\/jpeg"}],"author":"Comunicaci\u00f3 Esplac","twitter_card":"summary_large_image","twitter_misc":{"Escrito por":"Comunicaci\u00f3 Esplac","Tiempo de lectura":"2 minutos"},"schema":{"@context":"https:\/\/schema.org","@graph":[{"@type":"Article","@id":"https:\/\/www.esplac.cat\/40-anys-assemblea-constituent-esplais-catalans\/#article","isPartOf":{"@id":"https:\/\/www.esplac.cat\/40-anys-assemblea-constituent-esplais-catalans\/"},"author":{"name":"Comunicaci\u00f3 Esplac","@id":"https:\/\/www.esplac.cat\/#\/schema\/person\/908383cf240be18b68f8855d0583faca"},"headline":"40 anys de l&#8217;Assemblea Constituent d&#8217;Esplais Catalans","datePublished":"2022-01-31T10:24:15+00:00","dateModified":"2022-01-31T14:43:35+00:00","mainEntityOfPage":{"@id":"https:\/\/www.esplac.cat\/40-anys-assemblea-constituent-esplais-catalans\/"},"wordCount":338,"publisher":{"@id":"https:\/\/www.esplac.cat\/#organization"},"image":{"@id":"https:\/\/www.esplac.cat\/40-anys-assemblea-constituent-esplais-catalans\/#primaryimage"},"thumbnailUrl":"https:\/\/www.esplac.cat\/wp-content\/uploads\/2022\/01\/Portades-Web-1.jpg","articleSection":["Activitats esplac"],"inLanguage":"es"},{"@type":"WebPage","@id":"https:\/\/www.esplac.cat\/40-anys-assemblea-constituent-esplais-catalans\/","url":"https:\/\/www.esplac.cat\/40-anys-assemblea-constituent-esplais-catalans\/","name":"40 anys de l'Assemblea Constituent d'Esplais Catalans - Esplac","isPartOf":{"@id":"https:\/\/www.esplac.cat\/#website"},"primaryImageOfPage":{"@id":"https:\/\/www.esplac.cat\/40-anys-assemblea-constituent-esplais-catalans\/#primaryimage"},"image":{"@id":"https:\/\/www.esplac.cat\/40-anys-assemblea-constituent-esplais-catalans\/#primaryimage"},"thumbnailUrl":"https:\/\/www.esplac.cat\/wp-content\/uploads\/2022\/01\/Portades-Web-1.jpg","datePublished":"2022-01-31T10:24:15+00:00","dateModified":"2022-01-31T14:43:35+00:00","breadcrumb":{"@id":"https:\/\/www.esplac.cat\/40-anys-assemblea-constituent-esplais-catalans\/#breadcrumb"},"inLanguage":"es","potentialAction":[{"@type":"ReadAction","target":["https:\/\/www.esplac.cat\/40-anys-assemblea-constituent-esplais-catalans\/"]}]},{"@type":"ImageObject","inLanguage":"es","@id":"https:\/\/www.esplac.cat\/40-anys-assemblea-constituent-esplais-catalans\/#primaryimage","url":"https:\/\/www.esplac.cat\/wp-content\/uploads\/2022\/01\/Portades-Web-1.jpg","contentUrl":"https:\/\/www.esplac.cat\/wp-content\/uploads\/2022\/01\/Portades-Web-1.jpg","width":1697,"height":700},{"@type":"BreadcrumbList","@id":"https:\/\/www.esplac.cat\/40-anys-assemblea-constituent-esplais-catalans\/#breadcrumb","itemListElement":[{"@type":"ListItem","position":1,"name":"Inici","item":"https:\/\/www.esplac.cat\/es\/"},{"@type":"ListItem","position":2,"name":"40 anys de l&#8217;Assemblea Constituent d&#8217;Esplais Catalans"}]},{"@type":"WebSite","@id":"https:\/\/www.esplac.cat\/#website","url":"https:\/\/www.esplac.cat\/","name":"Esplac","description":"Esplais Catalans","publisher":{"@id":"https:\/\/www.esplac.cat\/#organization"},"potentialAction":[{"@type":"SearchAction","target":{"@type":"EntryPoint","urlTemplate":"https:\/\/www.esplac.cat\/?s={search_term_string}"},"query-input":{"@type":"PropertyValueSpecification","valueRequired":true,"valueName":"search_term_string"}}],"inLanguage":"es"},{"@type":"Organization","@id":"https:\/\/www.esplac.cat\/#organization","name":"Esplac","url":"https:\/\/www.esplac.cat\/","logo":{"@type":"ImageObject","inLanguage":"es","@id":"https:\/\/www.esplac.cat\/#\/schema\/logo\/image\/","url":"https:\/\/www.esplac.cat\/wp-content\/uploads\/2019\/08\/logox2.png","contentUrl":"https:\/\/www.esplac.cat\/wp-content\/uploads\/2019\/08\/logox2.png","width":600,"height":295,"caption":"Esplac"},"image":{"@id":"https:\/\/www.esplac.cat\/#\/schema\/logo\/image\/"}},{"@type":"Person","@id":"https:\/\/www.esplac.cat\/#\/schema\/person\/908383cf240be18b68f8855d0583faca","name":"Comunicaci\u00f3 Esplac","image":{"@type":"ImageObject","inLanguage":"es","@id":"https:\/\/secure.gravatar.com\/avatar\/7a4cf8feb412a76ea4a740ca02d95b06b2907b5a6c648c2dd0a1082a093c3141?s=96&d=mm&r=g","url":"https:\/\/secure.gravatar.com\/avatar\/7a4cf8feb412a76ea4a740ca02d95b06b2907b5a6c648c2dd0a1082a093c3141?s=96&d=mm&r=g","contentUrl":"https:\/\/secure.gravatar.com\/avatar\/7a4cf8feb412a76ea4a740ca02d95b06b2907b5a6c648c2dd0a1082a093c3141?s=96&d=mm&r=g","caption":"Comunicaci\u00f3 Esplac"}}]}},"_links":{"self":[{"href":"https:\/\/www.esplac.cat\/es\/wp-json\/wp\/v2\/posts\/39028","targetHints":{"allow":["GET"]}}],"collection":[{"href":"https:\/\/www.esplac.cat\/es\/wp-json\/wp\/v2\/posts"}],"about":[{"href":"https:\/\/www.esplac.cat\/es\/wp-json\/wp\/v2\/types\/post"}],"author":[{"embeddable":true,"href":"https:\/\/www.esplac.cat\/es\/wp-json\/wp\/v2\/users\/3"}],"replies":[{"embeddable":true,"href":"https:\/\/www.esplac.cat\/es\/wp-json\/wp\/v2\/comments?post=39028"}],"version-history":[{"count":0,"href":"https:\/\/www.esplac.cat\/es\/wp-json\/wp\/v2\/posts\/39028\/revisions"}],"wp:featuredmedia":[{"embeddable":true,"href":"https:\/\/www.esplac.cat\/es\/wp-json\/wp\/v2\/media\/39032"}],"wp:attachment":[{"href":"https:\/\/www.esplac.cat\/es\/wp-json\/wp\/v2\/media?parent=39028"}],"wp:term":[{"taxonomy":"category","embeddable":true,"href":"https:\/\/www.esplac.cat\/es\/wp-json\/wp\/v2\/categories?post=39028"},{"taxonomy":"post_tag","embeddable":true,"href":"https:\/\/www.esplac.cat\/es\/wp-json\/wp\/v2\/tags?post=39028"}],"curies":[{"name":"wp","href":"https:\/\/api.w.org\/{rel}","templated":true}]}}