{"id":39062,"date":"2022-02-03T12:52:37","date_gmt":"2022-02-03T10:52:37","guid":{"rendered":"https:\/\/www.esplac.cat\/?p=39062"},"modified":"2022-02-03T13:03:46","modified_gmt":"2022-02-03T11:03:46","slug":"primer-vermut-pedagogic-com-expliquem-els-perques","status":"publish","type":"post","link":"https:\/\/www.esplac.cat\/es\/primer-vermut-pedagogic-com-expliquem-els-perques\/","title":{"rendered":"Primer Vermut Pedag\u00f2gic: Com expliquem els perqu\u00e8s?"},"content":{"rendered":"<h6><strong>Des del Grup de Treball de L\u00ednies Pedag\u00f2giques proposen comen\u00e7ar l\u2019any repensant la tasca educativa que portem a terme als esplais en el Vermut Pedag\u00f2gic.<\/strong><\/h6>\n<p><span style=\"font-weight: 300;\">El proper diumenge, <strong>6 de febrer<\/strong>, debatrem sobre\u00a0<\/span><strong><i>Com expliquem els perqu\u00e8s?<\/i><\/strong><span style=\"font-weight: 300;\">\u00a0en el <\/span><b>primer Vermut Pedag\u00f2gic del curs<\/b><span style=\"font-weight: 300;\">. <\/span><span style=\"font-weight: 300;\">Com respondries a un infant que et pregunta: \u00abmoni, per qu\u00e8 ens hem de llevar tan d&#8217;hora?\u00bb o quan una jove et demana: \u00abmoni, per qu\u00e8 no podem portar el m\u00f2bil a l\u2019excursi\u00f3?\u00bb o quan una fam\u00edlia et comenta: \u00abmoni, per qu\u00e8 feu aquesta activitat?\u00bb per qu\u00e8, per qu\u00e8, per qu\u00e8&#8230;? Ens trobem diumenge d\u2019<\/span><b>11 a 13h a Can Batll\u00f3 (Barcelona) <\/b><span style=\"font-weight: 300;\">per debatre sobre aix\u00f2 i moltes coses m\u00e9s.<\/span><\/p>\n<p><span style=\"color: #000000;\"><strong>Qu\u00e8 \u00e9s el Vermut Pedag\u00f2gic?<\/strong><\/span><\/p>\n<p>Els Vermuts Pedag\u00f2gics volen ser un espai de debat, constructiu i cooperatiu on es puguin tractar temes que tenen implicaci\u00f3 en el dia a dia dels esplais i on es puguin comaprtir recursos, idees i noves preguntes. S\u00f3n una iniciativa que neix del Grup de Trebal del <span style=\"color: #ff9900;\"><a style=\"color: #ff9900;\" href=\"https:\/\/www.esplac.cat\/projectes\/linies-pedagogiques\/\" target=\"_blank\" rel=\"noopener noreferrer\">Projecte L\u00ednies Pedag\u00f2giques<\/a><\/span> amb l&#8217;objectiu de crear un marc de refer\u00e8ncia sobre temes educatius que ajudin a desenvolupar i consolidar un discurs educatiu potent i transformador per l&#8217;entitat.<\/p>\n<p><span style=\"color: #000000;\"><strong>Qui pot venir?<\/strong><\/span><\/p>\n<p>\u00c9s un espai pensat per monis i s\u00f2cies de l&#8217;entitat!\u00a0<strong>Encara sou a temps d\u2019inscriure-us a trav\u00e9s de l\u2019Era!<\/strong><\/p>\n<p><img decoding=\"async\" class=\"aligncenter wp-image-39063 \" src=\"https:\/\/www.esplac.cat\/wp-content\/uploads\/2022\/02\/1.jpg\" alt=\"Vermut pedag\u00f2gic per qu\u00e8\" width=\"398\" height=\"563\" srcset=\"https:\/\/www.esplac.cat\/wp-content\/uploads\/2022\/02\/1-200x283.jpg 200w, https:\/\/www.esplac.cat\/wp-content\/uploads\/2022\/02\/1-212x300.jpg 212w, https:\/\/www.esplac.cat\/wp-content\/uploads\/2022\/02\/1-400x566.jpg 400w, https:\/\/www.esplac.cat\/wp-content\/uploads\/2022\/02\/1-600x849.jpg 600w, https:\/\/www.esplac.cat\/wp-content\/uploads\/2022\/02\/1-724x1024.jpg 724w, https:\/\/www.esplac.cat\/wp-content\/uploads\/2022\/02\/1-768x1086.jpg 768w, https:\/\/www.esplac.cat\/wp-content\/uploads\/2022\/02\/1-800x1132.jpg 800w, https:\/\/www.esplac.cat\/wp-content\/uploads\/2022\/02\/1-1086x1536.jpg 1086w, https:\/\/www.esplac.cat\/wp-content\/uploads\/2022\/02\/1-1200x1698.jpg 1200w, https:\/\/www.esplac.cat\/wp-content\/uploads\/2022\/02\/1-1448x2048.jpg 1448w, https:\/\/www.esplac.cat\/wp-content\/uploads\/2022\/02\/1.jpg 1587w\" sizes=\"(max-width: 398px) 100vw, 398px\" \/><\/p>\n<p>&nbsp;<\/p>\n<p>&nbsp;<\/p>\n","protected":false},"excerpt":{"rendered":"<p>Des del Grup de Treball de L\u00ednies Pedag\u00f2giques proposen comen\u00e7ar [&hellip;]<\/p>\n","protected":false},"author":3,"featured_media":39072,"comment_status":"closed","ping_status":"closed","sticky":false,"template":"","format":"standard","meta":{"om_disable_all_campaigns":false,"_monsterinsights_skip_tracking":false,"_monsterinsights_sitenote_active":false,"_monsterinsights_sitenote_note":"","_monsterinsights_sitenote_category":0,"_uf_show_specific_survey":0,"_uf_disable_surveys":false,"footnotes":""},"categories":[1162],"tags":[],"class_list":["post-39062","post","type-post","status-publish","format-standard","has-post-thumbnail","hentry","category-linies-pedagogiques"],"yoast_head":"<!-- This site is optimized with the Yoast SEO plugin v27.5 - https:\/\/yoast.com\/product\/yoast-seo-wordpress\/ -->\n<title>Primer Vermut Pedag\u00f2gic: Com expliquem els perqu\u00e8s? - Esplac<\/title>\n<meta name=\"description\" content=\"Us proposem comen\u00e7ar l\u2019any repensant la tasca educativa que portem a terme als esplais en el Vermut Pedag\u00f2gic.\" \/>\n<meta name=\"robots\" content=\"index, follow, max-snippet:-1, max-image-preview:large, max-video-preview:-1\" \/>\n<link rel=\"canonical\" href=\"https:\/\/www.esplac.cat\/primer-vermut-pedagogic-com-expliquem-els-perques\/\" \/>\n<meta property=\"og:locale\" content=\"es_ES\" \/>\n<meta property=\"og:type\" content=\"article\" \/>\n<meta property=\"og:title\" content=\"Primer Vermut Pedag\u00f2gic: Com expliquem els perqu\u00e8s? - Esplac\" \/>\n<meta property=\"og:description\" content=\"Us proposem comen\u00e7ar l\u2019any repensant la tasca educativa que portem a terme als esplais en el Vermut Pedag\u00f2gic.\" \/>\n<meta property=\"og:url\" content=\"https:\/\/www.esplac.cat\/primer-vermut-pedagogic-com-expliquem-els-perques\/\" \/>\n<meta property=\"og:site_name\" content=\"Esplac\" \/>\n<meta property=\"article:published_time\" content=\"2022-02-03T10:52:37+00:00\" \/>\n<meta property=\"article:modified_time\" content=\"2022-02-03T11:03:46+00:00\" \/>\n<meta property=\"og:image\" content=\"https:\/\/www.esplac.cat\/wp-content\/uploads\/2022\/02\/vermut.jpg\" \/>\n\t<meta property=\"og:image:width\" content=\"1697\" \/>\n\t<meta property=\"og:image:height\" content=\"700\" \/>\n\t<meta property=\"og:image:type\" content=\"image\/jpeg\" \/>\n<meta name=\"author\" content=\"Comunicaci\u00f3 Esplac\" \/>\n<meta name=\"twitter:card\" content=\"summary_large_image\" \/>\n<meta name=\"twitter:label1\" content=\"Escrito por\" \/>\n\t<meta name=\"twitter:data1\" content=\"Comunicaci\u00f3 Esplac\" \/>\n\t<meta name=\"twitter:label2\" content=\"Tiempo de lectura\" \/>\n\t<meta name=\"twitter:data2\" content=\"1 minuto\" \/>\n<script type=\"application\/ld+json\" class=\"yoast-schema-graph\">{\"@context\":\"https:\\\/\\\/schema.org\",\"@graph\":[{\"@type\":\"Article\",\"@id\":\"https:\\\/\\\/www.esplac.cat\\\/primer-vermut-pedagogic-com-expliquem-els-perques\\\/#article\",\"isPartOf\":{\"@id\":\"https:\\\/\\\/www.esplac.cat\\\/primer-vermut-pedagogic-com-expliquem-els-perques\\\/\"},\"author\":{\"name\":\"Comunicaci\u00f3 Esplac\",\"@id\":\"https:\\\/\\\/www.esplac.cat\\\/#\\\/schema\\\/person\\\/908383cf240be18b68f8855d0583faca\"},\"headline\":\"Primer Vermut Pedag\u00f2gic: Com expliquem els perqu\u00e8s?\",\"datePublished\":\"2022-02-03T10:52:37+00:00\",\"dateModified\":\"2022-02-03T11:03:46+00:00\",\"mainEntityOfPage\":{\"@id\":\"https:\\\/\\\/www.esplac.cat\\\/primer-vermut-pedagogic-com-expliquem-els-perques\\\/\"},\"wordCount\":250,\"publisher\":{\"@id\":\"https:\\\/\\\/www.esplac.cat\\\/#organization\"},\"image\":{\"@id\":\"https:\\\/\\\/www.esplac.cat\\\/primer-vermut-pedagogic-com-expliquem-els-perques\\\/#primaryimage\"},\"thumbnailUrl\":\"https:\\\/\\\/www.esplac.cat\\\/wp-content\\\/uploads\\\/2022\\\/02\\\/vermut.jpg\",\"articleSection\":[\"L\u00ednies pedag\u00f2giques\"],\"inLanguage\":\"es\"},{\"@type\":\"WebPage\",\"@id\":\"https:\\\/\\\/www.esplac.cat\\\/primer-vermut-pedagogic-com-expliquem-els-perques\\\/\",\"url\":\"https:\\\/\\\/www.esplac.cat\\\/primer-vermut-pedagogic-com-expliquem-els-perques\\\/\",\"name\":\"Primer Vermut Pedag\u00f2gic: Com expliquem els perqu\u00e8s? - Esplac\",\"isPartOf\":{\"@id\":\"https:\\\/\\\/www.esplac.cat\\\/#website\"},\"primaryImageOfPage\":{\"@id\":\"https:\\\/\\\/www.esplac.cat\\\/primer-vermut-pedagogic-com-expliquem-els-perques\\\/#primaryimage\"},\"image\":{\"@id\":\"https:\\\/\\\/www.esplac.cat\\\/primer-vermut-pedagogic-com-expliquem-els-perques\\\/#primaryimage\"},\"thumbnailUrl\":\"https:\\\/\\\/www.esplac.cat\\\/wp-content\\\/uploads\\\/2022\\\/02\\\/vermut.jpg\",\"datePublished\":\"2022-02-03T10:52:37+00:00\",\"dateModified\":\"2022-02-03T11:03:46+00:00\",\"description\":\"Us proposem comen\u00e7ar l\u2019any repensant la tasca educativa que portem a terme als esplais en el Vermut Pedag\u00f2gic.\",\"breadcrumb\":{\"@id\":\"https:\\\/\\\/www.esplac.cat\\\/primer-vermut-pedagogic-com-expliquem-els-perques\\\/#breadcrumb\"},\"inLanguage\":\"es\",\"potentialAction\":[{\"@type\":\"ReadAction\",\"target\":[\"https:\\\/\\\/www.esplac.cat\\\/primer-vermut-pedagogic-com-expliquem-els-perques\\\/\"]}]},{\"@type\":\"ImageObject\",\"inLanguage\":\"es\",\"@id\":\"https:\\\/\\\/www.esplac.cat\\\/primer-vermut-pedagogic-com-expliquem-els-perques\\\/#primaryimage\",\"url\":\"https:\\\/\\\/www.esplac.cat\\\/wp-content\\\/uploads\\\/2022\\\/02\\\/vermut.jpg\",\"contentUrl\":\"https:\\\/\\\/www.esplac.cat\\\/wp-content\\\/uploads\\\/2022\\\/02\\\/vermut.jpg\",\"width\":1697,\"height\":700,\"caption\":\"Vermut pedag\u00f2gic\"},{\"@type\":\"BreadcrumbList\",\"@id\":\"https:\\\/\\\/www.esplac.cat\\\/primer-vermut-pedagogic-com-expliquem-els-perques\\\/#breadcrumb\",\"itemListElement\":[{\"@type\":\"ListItem\",\"position\":1,\"name\":\"Inici\",\"item\":\"https:\\\/\\\/www.esplac.cat\\\/es\\\/\"},{\"@type\":\"ListItem\",\"position\":2,\"name\":\"Primer Vermut Pedag\u00f2gic: Com expliquem els perqu\u00e8s?\"}]},{\"@type\":\"WebSite\",\"@id\":\"https:\\\/\\\/www.esplac.cat\\\/#website\",\"url\":\"https:\\\/\\\/www.esplac.cat\\\/\",\"name\":\"Esplac\",\"description\":\"Esplais Catalans\",\"publisher\":{\"@id\":\"https:\\\/\\\/www.esplac.cat\\\/#organization\"},\"potentialAction\":[{\"@type\":\"SearchAction\",\"target\":{\"@type\":\"EntryPoint\",\"urlTemplate\":\"https:\\\/\\\/www.esplac.cat\\\/?s={search_term_string}\"},\"query-input\":{\"@type\":\"PropertyValueSpecification\",\"valueRequired\":true,\"valueName\":\"search_term_string\"}}],\"inLanguage\":\"es\"},{\"@type\":\"Organization\",\"@id\":\"https:\\\/\\\/www.esplac.cat\\\/#organization\",\"name\":\"Esplac\",\"url\":\"https:\\\/\\\/www.esplac.cat\\\/\",\"logo\":{\"@type\":\"ImageObject\",\"inLanguage\":\"es\",\"@id\":\"https:\\\/\\\/www.esplac.cat\\\/#\\\/schema\\\/logo\\\/image\\\/\",\"url\":\"https:\\\/\\\/www.esplac.cat\\\/wp-content\\\/uploads\\\/2019\\\/08\\\/logox2.png\",\"contentUrl\":\"https:\\\/\\\/www.esplac.cat\\\/wp-content\\\/uploads\\\/2019\\\/08\\\/logox2.png\",\"width\":600,\"height\":295,\"caption\":\"Esplac\"},\"image\":{\"@id\":\"https:\\\/\\\/www.esplac.cat\\\/#\\\/schema\\\/logo\\\/image\\\/\"}},{\"@type\":\"Person\",\"@id\":\"https:\\\/\\\/www.esplac.cat\\\/#\\\/schema\\\/person\\\/908383cf240be18b68f8855d0583faca\",\"name\":\"Comunicaci\u00f3 Esplac\",\"image\":{\"@type\":\"ImageObject\",\"inLanguage\":\"es\",\"@id\":\"https:\\\/\\\/secure.gravatar.com\\\/avatar\\\/7a4cf8feb412a76ea4a740ca02d95b06b2907b5a6c648c2dd0a1082a093c3141?s=96&d=mm&r=g\",\"url\":\"https:\\\/\\\/secure.gravatar.com\\\/avatar\\\/7a4cf8feb412a76ea4a740ca02d95b06b2907b5a6c648c2dd0a1082a093c3141?s=96&d=mm&r=g\",\"contentUrl\":\"https:\\\/\\\/secure.gravatar.com\\\/avatar\\\/7a4cf8feb412a76ea4a740ca02d95b06b2907b5a6c648c2dd0a1082a093c3141?s=96&d=mm&r=g\",\"caption\":\"Comunicaci\u00f3 Esplac\"}}]}<\/script>\n<!-- \/ Yoast SEO plugin. -->","yoast_head_json":{"title":"Primer Vermut Pedag\u00f2gic: Com expliquem els perqu\u00e8s? - Esplac","description":"Us proposem comen\u00e7ar l\u2019any repensant la tasca educativa que portem a terme als esplais en el Vermut Pedag\u00f2gic.","robots":{"index":"index","follow":"follow","max-snippet":"max-snippet:-1","max-image-preview":"max-image-preview:large","max-video-preview":"max-video-preview:-1"},"canonical":"https:\/\/www.esplac.cat\/primer-vermut-pedagogic-com-expliquem-els-perques\/","og_locale":"es_ES","og_type":"article","og_title":"Primer Vermut Pedag\u00f2gic: Com expliquem els perqu\u00e8s? - Esplac","og_description":"Us proposem comen\u00e7ar l\u2019any repensant la tasca educativa que portem a terme als esplais en el Vermut Pedag\u00f2gic.","og_url":"https:\/\/www.esplac.cat\/primer-vermut-pedagogic-com-expliquem-els-perques\/","og_site_name":"Esplac","article_published_time":"2022-02-03T10:52:37+00:00","article_modified_time":"2022-02-03T11:03:46+00:00","og_image":[{"width":1697,"height":700,"url":"https:\/\/www.esplac.cat\/wp-content\/uploads\/2022\/02\/vermut.jpg","type":"image\/jpeg"}],"author":"Comunicaci\u00f3 Esplac","twitter_card":"summary_large_image","twitter_misc":{"Escrito por":"Comunicaci\u00f3 Esplac","Tiempo de lectura":"1 minuto"},"schema":{"@context":"https:\/\/schema.org","@graph":[{"@type":"Article","@id":"https:\/\/www.esplac.cat\/primer-vermut-pedagogic-com-expliquem-els-perques\/#article","isPartOf":{"@id":"https:\/\/www.esplac.cat\/primer-vermut-pedagogic-com-expliquem-els-perques\/"},"author":{"name":"Comunicaci\u00f3 Esplac","@id":"https:\/\/www.esplac.cat\/#\/schema\/person\/908383cf240be18b68f8855d0583faca"},"headline":"Primer Vermut Pedag\u00f2gic: Com expliquem els perqu\u00e8s?","datePublished":"2022-02-03T10:52:37+00:00","dateModified":"2022-02-03T11:03:46+00:00","mainEntityOfPage":{"@id":"https:\/\/www.esplac.cat\/primer-vermut-pedagogic-com-expliquem-els-perques\/"},"wordCount":250,"publisher":{"@id":"https:\/\/www.esplac.cat\/#organization"},"image":{"@id":"https:\/\/www.esplac.cat\/primer-vermut-pedagogic-com-expliquem-els-perques\/#primaryimage"},"thumbnailUrl":"https:\/\/www.esplac.cat\/wp-content\/uploads\/2022\/02\/vermut.jpg","articleSection":["L\u00ednies pedag\u00f2giques"],"inLanguage":"es"},{"@type":"WebPage","@id":"https:\/\/www.esplac.cat\/primer-vermut-pedagogic-com-expliquem-els-perques\/","url":"https:\/\/www.esplac.cat\/primer-vermut-pedagogic-com-expliquem-els-perques\/","name":"Primer Vermut Pedag\u00f2gic: Com expliquem els perqu\u00e8s? - Esplac","isPartOf":{"@id":"https:\/\/www.esplac.cat\/#website"},"primaryImageOfPage":{"@id":"https:\/\/www.esplac.cat\/primer-vermut-pedagogic-com-expliquem-els-perques\/#primaryimage"},"image":{"@id":"https:\/\/www.esplac.cat\/primer-vermut-pedagogic-com-expliquem-els-perques\/#primaryimage"},"thumbnailUrl":"https:\/\/www.esplac.cat\/wp-content\/uploads\/2022\/02\/vermut.jpg","datePublished":"2022-02-03T10:52:37+00:00","dateModified":"2022-02-03T11:03:46+00:00","description":"Us proposem comen\u00e7ar l\u2019any repensant la tasca educativa que portem a terme als esplais en el Vermut Pedag\u00f2gic.","breadcrumb":{"@id":"https:\/\/www.esplac.cat\/primer-vermut-pedagogic-com-expliquem-els-perques\/#breadcrumb"},"inLanguage":"es","potentialAction":[{"@type":"ReadAction","target":["https:\/\/www.esplac.cat\/primer-vermut-pedagogic-com-expliquem-els-perques\/"]}]},{"@type":"ImageObject","inLanguage":"es","@id":"https:\/\/www.esplac.cat\/primer-vermut-pedagogic-com-expliquem-els-perques\/#primaryimage","url":"https:\/\/www.esplac.cat\/wp-content\/uploads\/2022\/02\/vermut.jpg","contentUrl":"https:\/\/www.esplac.cat\/wp-content\/uploads\/2022\/02\/vermut.jpg","width":1697,"height":700,"caption":"Vermut pedag\u00f2gic"},{"@type":"BreadcrumbList","@id":"https:\/\/www.esplac.cat\/primer-vermut-pedagogic-com-expliquem-els-perques\/#breadcrumb","itemListElement":[{"@type":"ListItem","position":1,"name":"Inici","item":"https:\/\/www.esplac.cat\/es\/"},{"@type":"ListItem","position":2,"name":"Primer Vermut Pedag\u00f2gic: Com expliquem els perqu\u00e8s?"}]},{"@type":"WebSite","@id":"https:\/\/www.esplac.cat\/#website","url":"https:\/\/www.esplac.cat\/","name":"Esplac","description":"Esplais Catalans","publisher":{"@id":"https:\/\/www.esplac.cat\/#organization"},"potentialAction":[{"@type":"SearchAction","target":{"@type":"EntryPoint","urlTemplate":"https:\/\/www.esplac.cat\/?s={search_term_string}"},"query-input":{"@type":"PropertyValueSpecification","valueRequired":true,"valueName":"search_term_string"}}],"inLanguage":"es"},{"@type":"Organization","@id":"https:\/\/www.esplac.cat\/#organization","name":"Esplac","url":"https:\/\/www.esplac.cat\/","logo":{"@type":"ImageObject","inLanguage":"es","@id":"https:\/\/www.esplac.cat\/#\/schema\/logo\/image\/","url":"https:\/\/www.esplac.cat\/wp-content\/uploads\/2019\/08\/logox2.png","contentUrl":"https:\/\/www.esplac.cat\/wp-content\/uploads\/2019\/08\/logox2.png","width":600,"height":295,"caption":"Esplac"},"image":{"@id":"https:\/\/www.esplac.cat\/#\/schema\/logo\/image\/"}},{"@type":"Person","@id":"https:\/\/www.esplac.cat\/#\/schema\/person\/908383cf240be18b68f8855d0583faca","name":"Comunicaci\u00f3 Esplac","image":{"@type":"ImageObject","inLanguage":"es","@id":"https:\/\/secure.gravatar.com\/avatar\/7a4cf8feb412a76ea4a740ca02d95b06b2907b5a6c648c2dd0a1082a093c3141?s=96&d=mm&r=g","url":"https:\/\/secure.gravatar.com\/avatar\/7a4cf8feb412a76ea4a740ca02d95b06b2907b5a6c648c2dd0a1082a093c3141?s=96&d=mm&r=g","contentUrl":"https:\/\/secure.gravatar.com\/avatar\/7a4cf8feb412a76ea4a740ca02d95b06b2907b5a6c648c2dd0a1082a093c3141?s=96&d=mm&r=g","caption":"Comunicaci\u00f3 Esplac"}}]}},"_links":{"self":[{"href":"https:\/\/www.esplac.cat\/es\/wp-json\/wp\/v2\/posts\/39062","targetHints":{"allow":["GET"]}}],"collection":[{"href":"https:\/\/www.esplac.cat\/es\/wp-json\/wp\/v2\/posts"}],"about":[{"href":"https:\/\/www.esplac.cat\/es\/wp-json\/wp\/v2\/types\/post"}],"author":[{"embeddable":true,"href":"https:\/\/www.esplac.cat\/es\/wp-json\/wp\/v2\/users\/3"}],"replies":[{"embeddable":true,"href":"https:\/\/www.esplac.cat\/es\/wp-json\/wp\/v2\/comments?post=39062"}],"version-history":[{"count":0,"href":"https:\/\/www.esplac.cat\/es\/wp-json\/wp\/v2\/posts\/39062\/revisions"}],"wp:featuredmedia":[{"embeddable":true,"href":"https:\/\/www.esplac.cat\/es\/wp-json\/wp\/v2\/media\/39072"}],"wp:attachment":[{"href":"https:\/\/www.esplac.cat\/es\/wp-json\/wp\/v2\/media?parent=39062"}],"wp:term":[{"taxonomy":"category","embeddable":true,"href":"https:\/\/www.esplac.cat\/es\/wp-json\/wp\/v2\/categories?post=39062"},{"taxonomy":"post_tag","embeddable":true,"href":"https:\/\/www.esplac.cat\/es\/wp-json\/wp\/v2\/tags?post=39062"}],"curies":[{"name":"wp","href":"https:\/\/api.w.org\/{rel}","templated":true}]}}