{"id":39243,"date":"2022-02-17T14:43:54","date_gmt":"2022-02-17T12:43:54","guid":{"rendered":"https:\/\/www.esplac.cat\/?p=39243"},"modified":"2022-05-10T11:00:31","modified_gmt":"2022-05-10T09:00:31","slug":"equip-voluntaris-common-ground","status":"publish","type":"post","link":"https:\/\/www.esplac.cat\/es\/equip-voluntaris-common-ground\/","title":{"rendered":"\u00daltimes places per formar part de l&#8217;equip de voluntaris de la Common Ground"},"content":{"rendered":"<h6><strong>T\u2019agradaria participar en un campament internacional mentre formes part d\u2019un equip internacional? Voldries anar a la Common Ground per\u00f2 el teu esplai no hi va? T\u2019atrau la idea de con\u00e8ixer gent nova d\u2019arreu d\u2019Europa amb interessos similars als teus? Vols marxar dues setmanes de voluntariat amb totes les despeses cobertes?<\/strong><\/h6>\n<p><span style=\"font-weight: 300;\">No t\u2019ho pensis m\u00e9s i forma part de l\u2019equip internacional de voluntaris de la Common Ground, el campament internacional de l\u2019IFM-SEI que es far\u00e0\u00a0del 29 de juliol al dilluns 8 de d\u2019agost de 2022.\u00a0<\/span><\/p>\n<p><b>Per\u00f2 primer de tot\u2026 qu\u00e8 \u00e9s la Common Ground?<\/b><\/p>\n<p><span style=\"font-weight: 400;\">\u00c9s el <\/span><b>campament internacional de la<span style=\"color: #ff9900;\"><a style=\"color: #ff9900;\" href=\"https:\/\/ifm-sei.org\/\" target=\"_blank\" rel=\"noopener noreferrer\"> IFM-SEI<\/a><\/span><\/b><span style=\"font-weight: 400;\">, la federaci\u00f3 mundial de la qual Esplac forma part. S&#8217;organitza cada 4 anys i l&#8217;acull una de les associacions membres. Enguany ser\u00e0 a Anglaterra, organitzada per Woodcraft Folk. Hi participen entre <\/span><b>2.500 i 3.500 infants i joves i monitores<\/b><span style=\"font-weight: 400;\">. En aquest campament s&#8217;hi fan tota mena de tallers<\/span><b>, jocs i activitats de diversitat de tem\u00e0tiques d&#8217;inter\u00e8s pels esplais <\/b><span style=\"font-weight: 400;\">com ho poden ser el feminisme, el medi ambient, la diversitat, les arts, la cooperaci\u00f3, la pau, etc.<\/span><\/p>\n<p><b>Qu\u00e8 implica formar part de l\u2019equip de voluntaris?<\/b><\/p>\n<p><span style=\"font-weight: 300;\">El principal prop\u00f2sit de crear aquest equip internacional \u00e9s donar suport al campament internacional i a tots els grups que hi participaran. Com a persona volunt\u00e0ria formar\u00e0s part d\u2019un equip jove amb persones del Regne Unit i de m\u00e9s de 18 pa\u00efsos. Una oportunitat \u00fanica de crear lla\u00e7os i amistat amb persones de llocs molt diversos!<\/span><\/p>\n<p><span style=\"font-weight: 300;\">Ser\u00e0 un campament a llarga escala amb molts participants, tanmateix des de l\u2019organitzaci\u00f3 es comprometen a posar les persones al centre, \u00e9s a dir, deixaran molt clares les hores de voluntariat i de descans per poder gaudir de l\u2019esdeveniment.<\/span><\/p>\n<p><span style=\"font-weight: 300;\">El voluntariat tindr\u00e0 lloc al camp, per\u00f2 hi haur\u00e0 2 dies previs de formaci\u00f3 a Londres, en una de les seus de Woodcraft Folk. El material d\u2019acampada ser\u00e0 prove\u00eft per l\u2019organitzaci\u00f3.<\/span><\/p>\n<p><b>Quines responsabilitats tindr\u00e9?<\/b><\/p>\n<p><span style=\"font-weight: 300;\">Les funcions principals i la rutina dependran dels interessos, habilitats i coneixements de cada voluntari. S\u2019oferir\u00e0 flexibilitat en l\u2019\u00e0rea de treball qu\u00e8 cadasc\u00fa gaudeixi m\u00e9s. Tamb\u00e9 pot ser una bona oportunitat per desenvolupar habilitats noves. Es podr\u00e0 escollir entre:<\/span><\/p>\n<ul>\n<li style=\"font-weight: 300;\" aria-level=\"1\"><span style=\"font-weight: 300;\">Facilitaci\u00f3 del programa de tallers<\/span><\/li>\n<li style=\"font-weight: 300;\" aria-level=\"1\"><span style=\"font-weight: 300;\">Escenari i so<\/span><\/li>\n<li style=\"font-weight: 300;\" aria-level=\"1\"><span style=\"font-weight: 300;\">Activitats infantils<\/span><\/li>\n<li style=\"font-weight: 300;\" aria-level=\"1\"><span style=\"font-weight: 300;\">Suport a la cafeteria del camp<\/span><\/li>\n<li style=\"font-weight: 300;\" aria-level=\"1\"><span style=\"font-weight: 300;\">Equip de comunicaci\u00f3\/premsa i fotografia<\/span><\/li>\n<li style=\"font-weight: 300;\" aria-level=\"1\"><span style=\"font-weight: 300;\">Suport als voluntaris<\/span><\/li>\n<li style=\"font-weight: 300;\" aria-level=\"1\"><span style=\"font-weight: 300;\">Benestar dels participants i voluntaris<\/span><\/li>\n<\/ul>\n<p><span style=\"font-weight: 300;\">\u00c0rees clau del programa de tallers i on faran falta voluntaris:<\/span><\/p>\n<ul>\n<li><span style=\"font-weight: 300;\">Arts performatives<\/span><\/li>\n<li><span style=\"font-weight: 300;\">Antiracisme i antifeixisme<\/span><\/li>\n<li><span style=\"font-weight: 300;\">Pau i conflicte (especialment persones que parlin castell\u00e0 i angl\u00e8s)<\/span><\/li>\n<li><span style=\"font-weight: 300;\">Cooperaci\u00f3<\/span><\/li>\n<li><span style=\"font-weight: 300;\">Medi ambient i migracions<\/span><\/li>\n<li><span style=\"font-weight: 300;\">Drets LGTBQIA+<\/span><\/li>\n<li><span style=\"font-weight: 300;\">Tallers infantils per a menors de 10 anys<\/span><\/li>\n<li><span style=\"font-weight: 300;\">Comunicaci\u00f3 per a infants<\/span><\/li>\n<li><i><span style=\"font-weight: 300;\">Bushcraft<\/span><\/i><span style=\"font-weight: 300;\"> (confecci\u00f3 d\u2019eines i superviv\u00e8ncia)<\/span><\/li>\n<li style=\"list-style-type: none;\"><\/li>\n<\/ul>\n<p><b>Requisits<\/b><\/p>\n<ul>\n<li style=\"font-weight: 300;\" aria-level=\"1\"><span style=\"font-weight: 300;\">Disponible del 22 de juliol al 10 d\u2019agost<\/span><\/li>\n<li style=\"font-weight: 300;\" aria-level=\"1\"><span style=\"font-weight: 300;\">Experi\u00e8ncia com a monitora\u00a0<\/span><\/li>\n<li style=\"font-weight: 300;\" aria-level=\"1\"><span style=\"font-weight: 300;\">Motivaci\u00f3 pel voluntariat i la transformaci\u00f3 social<\/span><\/li>\n<li style=\"font-weight: 300;\" aria-level=\"1\"><span style=\"font-weight: 300;\">Responsable i amb comprom\u00eds<\/span><\/li>\n<li style=\"font-weight: 300;\" aria-level=\"1\"><span style=\"font-weight: 300;\">Nivell d\u2019angl\u00e8s suficient per defensar-se i seguir capacitaci\u00f3 sobre seguretat al camp i poder donar informaci\u00f3 a la resta de participants<\/span><\/li>\n<li style=\"font-weight: 300;\" aria-level=\"1\"><span style=\"font-weight: 300;\">Amb esperit de cooperaci\u00f3 i treball en equip<\/span><\/li>\n<li style=\"font-weight: 300;\" aria-level=\"1\"><span style=\"font-weight: 300;\">Disposar del certificat negatiu de delictes<\/span><\/li>\n<\/ul>\n<p><b>Qu\u00e8 s\u2019ofereix?*<\/b><\/p>\n<ul>\n<li style=\"font-weight: 300;\" aria-level=\"1\"><span style=\"font-weight: 300;\">Totes les despeses cobertes (vols i transport, allotjament, \u00e0pats\u2026)<\/span><\/li>\n<li style=\"font-weight: 300;\" aria-level=\"1\"><span style=\"font-weight: 300;\">30 hores de voluntariat a la setmana<\/span><\/li>\n<li style=\"font-weight: 300;\" aria-level=\"1\"><span style=\"font-weight: 300;\">Lloc: Kelmarsh Hall and Gardens (UK)<\/span><\/li>\n<li style=\"font-weight: 300;\" aria-level=\"1\"><i><span style=\"font-weight: 300;\">Pocket money<\/span><\/i><span style=\"font-weight: 300;\">: 6\u20ac al dia<\/span><\/li>\n<\/ul>\n<p><span style=\"font-weight: 300;\">*Cal registrar-se a trav\u00e9s del programa European Solidarity Corps (ESC). Si t\u2019interessa et donarem suport des d\u2019Esplac i l\u2019organitzaci\u00f3.<\/span><\/p>\n<p><b>Si t\u2019interessa i vols formar-ne part o t\u2019has quedat amb dubtes i en vols saber m\u00e9s escriu a: internacional@esplac.cat<\/b><\/p>\n<p><span style=\"font-weight: 300;\">Tens temps per fer-ho <strong>fins al 25 de maig<\/strong>!<\/span><\/p>\n","protected":false},"excerpt":{"rendered":"<p>T\u2019agradaria participar en un campament internacional mentre formes part d\u2019un [&hellip;]<\/p>\n","protected":false},"author":3,"featured_media":39258,"comment_status":"closed","ping_status":"closed","sticky":false,"template":"","format":"standard","meta":{"om_disable_all_campaigns":false,"_monsterinsights_skip_tracking":false,"_monsterinsights_sitenote_active":false,"_monsterinsights_sitenote_note":"","_monsterinsights_sitenote_category":0,"_uf_show_specific_survey":0,"_uf_disable_surveys":false,"footnotes":""},"categories":[1112],"tags":[],"class_list":["post-39243","post","type-post","status-publish","format-standard","has-post-thumbnail","hentry","category-esplac-al-mon"],"yoast_head":"<!-- This site is optimized with the Yoast SEO plugin v27.5 - https:\/\/yoast.com\/product\/yoast-seo-wordpress\/ -->\n<title>\u00daltimes places per formar part de l&#039;equip de voluntaris de la Common Ground - Esplac<\/title>\n<meta name=\"description\" content=\"Vols marxar dues setmanes de voluntariat amb totes les despeses cobertes? La Common Ground 2022 busca voluntaris!\" \/>\n<meta name=\"robots\" content=\"index, follow, max-snippet:-1, max-image-preview:large, max-video-preview:-1\" \/>\n<link rel=\"canonical\" href=\"https:\/\/www.esplac.cat\/equip-voluntaris-common-ground\/\" \/>\n<meta property=\"og:locale\" content=\"es_ES\" \/>\n<meta property=\"og:type\" content=\"article\" \/>\n<meta property=\"og:title\" content=\"\u00daltimes places per formar part de l&#039;equip de voluntaris de la Common Ground - Esplac\" \/>\n<meta property=\"og:description\" content=\"Vols marxar dues setmanes de voluntariat amb totes les despeses cobertes? La Common Ground 2022 busca voluntaris!\" \/>\n<meta property=\"og:url\" content=\"https:\/\/www.esplac.cat\/equip-voluntaris-common-ground\/\" \/>\n<meta property=\"og:site_name\" content=\"Esplac\" \/>\n<meta property=\"article:published_time\" content=\"2022-02-17T12:43:54+00:00\" \/>\n<meta property=\"article:modified_time\" content=\"2022-05-10T09:00:31+00:00\" \/>\n<meta property=\"og:image\" content=\"https:\/\/www.esplac.cat\/wp-content\/uploads\/2022\/02\/commonvoluntaris.jpg\" \/>\n\t<meta property=\"og:image:width\" content=\"1697\" \/>\n\t<meta property=\"og:image:height\" content=\"700\" \/>\n\t<meta property=\"og:image:type\" content=\"image\/jpeg\" \/>\n<meta name=\"author\" content=\"Comunicaci\u00f3 Esplac\" \/>\n<meta name=\"twitter:card\" content=\"summary_large_image\" \/>\n<meta name=\"twitter:label1\" content=\"Escrito por\" \/>\n\t<meta name=\"twitter:data1\" content=\"Comunicaci\u00f3 Esplac\" \/>\n\t<meta name=\"twitter:label2\" content=\"Tiempo de lectura\" \/>\n\t<meta name=\"twitter:data2\" content=\"3 minutos\" \/>\n<script type=\"application\/ld+json\" class=\"yoast-schema-graph\">{\"@context\":\"https:\\\/\\\/schema.org\",\"@graph\":[{\"@type\":\"Article\",\"@id\":\"https:\\\/\\\/www.esplac.cat\\\/equip-voluntaris-common-ground\\\/#article\",\"isPartOf\":{\"@id\":\"https:\\\/\\\/www.esplac.cat\\\/equip-voluntaris-common-ground\\\/\"},\"author\":{\"name\":\"Comunicaci\u00f3 Esplac\",\"@id\":\"https:\\\/\\\/www.esplac.cat\\\/#\\\/schema\\\/person\\\/908383cf240be18b68f8855d0583faca\"},\"headline\":\"\u00daltimes places per formar part de l&#8217;equip de voluntaris de la Common Ground\",\"datePublished\":\"2022-02-17T12:43:54+00:00\",\"dateModified\":\"2022-05-10T09:00:31+00:00\",\"mainEntityOfPage\":{\"@id\":\"https:\\\/\\\/www.esplac.cat\\\/equip-voluntaris-common-ground\\\/\"},\"wordCount\":619,\"publisher\":{\"@id\":\"https:\\\/\\\/www.esplac.cat\\\/#organization\"},\"image\":{\"@id\":\"https:\\\/\\\/www.esplac.cat\\\/equip-voluntaris-common-ground\\\/#primaryimage\"},\"thumbnailUrl\":\"https:\\\/\\\/www.esplac.cat\\\/wp-content\\\/uploads\\\/2022\\\/02\\\/commonvoluntaris.jpg\",\"articleSection\":[\"Esplac al m\u00f3n\"],\"inLanguage\":\"es\"},{\"@type\":\"WebPage\",\"@id\":\"https:\\\/\\\/www.esplac.cat\\\/equip-voluntaris-common-ground\\\/\",\"url\":\"https:\\\/\\\/www.esplac.cat\\\/equip-voluntaris-common-ground\\\/\",\"name\":\"\u00daltimes places per formar part de l'equip de voluntaris de la Common Ground - Esplac\",\"isPartOf\":{\"@id\":\"https:\\\/\\\/www.esplac.cat\\\/#website\"},\"primaryImageOfPage\":{\"@id\":\"https:\\\/\\\/www.esplac.cat\\\/equip-voluntaris-common-ground\\\/#primaryimage\"},\"image\":{\"@id\":\"https:\\\/\\\/www.esplac.cat\\\/equip-voluntaris-common-ground\\\/#primaryimage\"},\"thumbnailUrl\":\"https:\\\/\\\/www.esplac.cat\\\/wp-content\\\/uploads\\\/2022\\\/02\\\/commonvoluntaris.jpg\",\"datePublished\":\"2022-02-17T12:43:54+00:00\",\"dateModified\":\"2022-05-10T09:00:31+00:00\",\"description\":\"Vols marxar dues setmanes de voluntariat amb totes les despeses cobertes? La Common Ground 2022 busca voluntaris!\",\"breadcrumb\":{\"@id\":\"https:\\\/\\\/www.esplac.cat\\\/equip-voluntaris-common-ground\\\/#breadcrumb\"},\"inLanguage\":\"es\",\"potentialAction\":[{\"@type\":\"ReadAction\",\"target\":[\"https:\\\/\\\/www.esplac.cat\\\/equip-voluntaris-common-ground\\\/\"]}]},{\"@type\":\"ImageObject\",\"inLanguage\":\"es\",\"@id\":\"https:\\\/\\\/www.esplac.cat\\\/equip-voluntaris-common-ground\\\/#primaryimage\",\"url\":\"https:\\\/\\\/www.esplac.cat\\\/wp-content\\\/uploads\\\/2022\\\/02\\\/commonvoluntaris.jpg\",\"contentUrl\":\"https:\\\/\\\/www.esplac.cat\\\/wp-content\\\/uploads\\\/2022\\\/02\\\/commonvoluntaris.jpg\",\"width\":1697,\"height\":700},{\"@type\":\"BreadcrumbList\",\"@id\":\"https:\\\/\\\/www.esplac.cat\\\/equip-voluntaris-common-ground\\\/#breadcrumb\",\"itemListElement\":[{\"@type\":\"ListItem\",\"position\":1,\"name\":\"Inici\",\"item\":\"https:\\\/\\\/www.esplac.cat\\\/es\\\/\"},{\"@type\":\"ListItem\",\"position\":2,\"name\":\"\u00daltimes places per formar part de l&#8217;equip de voluntaris de la Common Ground\"}]},{\"@type\":\"WebSite\",\"@id\":\"https:\\\/\\\/www.esplac.cat\\\/#website\",\"url\":\"https:\\\/\\\/www.esplac.cat\\\/\",\"name\":\"Esplac\",\"description\":\"Esplais Catalans\",\"publisher\":{\"@id\":\"https:\\\/\\\/www.esplac.cat\\\/#organization\"},\"potentialAction\":[{\"@type\":\"SearchAction\",\"target\":{\"@type\":\"EntryPoint\",\"urlTemplate\":\"https:\\\/\\\/www.esplac.cat\\\/?s={search_term_string}\"},\"query-input\":{\"@type\":\"PropertyValueSpecification\",\"valueRequired\":true,\"valueName\":\"search_term_string\"}}],\"inLanguage\":\"es\"},{\"@type\":\"Organization\",\"@id\":\"https:\\\/\\\/www.esplac.cat\\\/#organization\",\"name\":\"Esplac\",\"url\":\"https:\\\/\\\/www.esplac.cat\\\/\",\"logo\":{\"@type\":\"ImageObject\",\"inLanguage\":\"es\",\"@id\":\"https:\\\/\\\/www.esplac.cat\\\/#\\\/schema\\\/logo\\\/image\\\/\",\"url\":\"https:\\\/\\\/www.esplac.cat\\\/wp-content\\\/uploads\\\/2019\\\/08\\\/logox2.png\",\"contentUrl\":\"https:\\\/\\\/www.esplac.cat\\\/wp-content\\\/uploads\\\/2019\\\/08\\\/logox2.png\",\"width\":600,\"height\":295,\"caption\":\"Esplac\"},\"image\":{\"@id\":\"https:\\\/\\\/www.esplac.cat\\\/#\\\/schema\\\/logo\\\/image\\\/\"}},{\"@type\":\"Person\",\"@id\":\"https:\\\/\\\/www.esplac.cat\\\/#\\\/schema\\\/person\\\/908383cf240be18b68f8855d0583faca\",\"name\":\"Comunicaci\u00f3 Esplac\",\"image\":{\"@type\":\"ImageObject\",\"inLanguage\":\"es\",\"@id\":\"https:\\\/\\\/secure.gravatar.com\\\/avatar\\\/7a4cf8feb412a76ea4a740ca02d95b06b2907b5a6c648c2dd0a1082a093c3141?s=96&d=mm&r=g\",\"url\":\"https:\\\/\\\/secure.gravatar.com\\\/avatar\\\/7a4cf8feb412a76ea4a740ca02d95b06b2907b5a6c648c2dd0a1082a093c3141?s=96&d=mm&r=g\",\"contentUrl\":\"https:\\\/\\\/secure.gravatar.com\\\/avatar\\\/7a4cf8feb412a76ea4a740ca02d95b06b2907b5a6c648c2dd0a1082a093c3141?s=96&d=mm&r=g\",\"caption\":\"Comunicaci\u00f3 Esplac\"}}]}<\/script>\n<!-- \/ Yoast SEO plugin. -->","yoast_head_json":{"title":"\u00daltimes places per formar part de l'equip de voluntaris de la Common Ground - Esplac","description":"Vols marxar dues setmanes de voluntariat amb totes les despeses cobertes? La Common Ground 2022 busca voluntaris!","robots":{"index":"index","follow":"follow","max-snippet":"max-snippet:-1","max-image-preview":"max-image-preview:large","max-video-preview":"max-video-preview:-1"},"canonical":"https:\/\/www.esplac.cat\/equip-voluntaris-common-ground\/","og_locale":"es_ES","og_type":"article","og_title":"\u00daltimes places per formar part de l'equip de voluntaris de la Common Ground - Esplac","og_description":"Vols marxar dues setmanes de voluntariat amb totes les despeses cobertes? La Common Ground 2022 busca voluntaris!","og_url":"https:\/\/www.esplac.cat\/equip-voluntaris-common-ground\/","og_site_name":"Esplac","article_published_time":"2022-02-17T12:43:54+00:00","article_modified_time":"2022-05-10T09:00:31+00:00","og_image":[{"width":1697,"height":700,"url":"https:\/\/www.esplac.cat\/wp-content\/uploads\/2022\/02\/commonvoluntaris.jpg","type":"image\/jpeg"}],"author":"Comunicaci\u00f3 Esplac","twitter_card":"summary_large_image","twitter_misc":{"Escrito por":"Comunicaci\u00f3 Esplac","Tiempo de lectura":"3 minutos"},"schema":{"@context":"https:\/\/schema.org","@graph":[{"@type":"Article","@id":"https:\/\/www.esplac.cat\/equip-voluntaris-common-ground\/#article","isPartOf":{"@id":"https:\/\/www.esplac.cat\/equip-voluntaris-common-ground\/"},"author":{"name":"Comunicaci\u00f3 Esplac","@id":"https:\/\/www.esplac.cat\/#\/schema\/person\/908383cf240be18b68f8855d0583faca"},"headline":"\u00daltimes places per formar part de l&#8217;equip de voluntaris de la Common Ground","datePublished":"2022-02-17T12:43:54+00:00","dateModified":"2022-05-10T09:00:31+00:00","mainEntityOfPage":{"@id":"https:\/\/www.esplac.cat\/equip-voluntaris-common-ground\/"},"wordCount":619,"publisher":{"@id":"https:\/\/www.esplac.cat\/#organization"},"image":{"@id":"https:\/\/www.esplac.cat\/equip-voluntaris-common-ground\/#primaryimage"},"thumbnailUrl":"https:\/\/www.esplac.cat\/wp-content\/uploads\/2022\/02\/commonvoluntaris.jpg","articleSection":["Esplac al m\u00f3n"],"inLanguage":"es"},{"@type":"WebPage","@id":"https:\/\/www.esplac.cat\/equip-voluntaris-common-ground\/","url":"https:\/\/www.esplac.cat\/equip-voluntaris-common-ground\/","name":"\u00daltimes places per formar part de l'equip de voluntaris de la Common Ground - Esplac","isPartOf":{"@id":"https:\/\/www.esplac.cat\/#website"},"primaryImageOfPage":{"@id":"https:\/\/www.esplac.cat\/equip-voluntaris-common-ground\/#primaryimage"},"image":{"@id":"https:\/\/www.esplac.cat\/equip-voluntaris-common-ground\/#primaryimage"},"thumbnailUrl":"https:\/\/www.esplac.cat\/wp-content\/uploads\/2022\/02\/commonvoluntaris.jpg","datePublished":"2022-02-17T12:43:54+00:00","dateModified":"2022-05-10T09:00:31+00:00","description":"Vols marxar dues setmanes de voluntariat amb totes les despeses cobertes? La Common Ground 2022 busca voluntaris!","breadcrumb":{"@id":"https:\/\/www.esplac.cat\/equip-voluntaris-common-ground\/#breadcrumb"},"inLanguage":"es","potentialAction":[{"@type":"ReadAction","target":["https:\/\/www.esplac.cat\/equip-voluntaris-common-ground\/"]}]},{"@type":"ImageObject","inLanguage":"es","@id":"https:\/\/www.esplac.cat\/equip-voluntaris-common-ground\/#primaryimage","url":"https:\/\/www.esplac.cat\/wp-content\/uploads\/2022\/02\/commonvoluntaris.jpg","contentUrl":"https:\/\/www.esplac.cat\/wp-content\/uploads\/2022\/02\/commonvoluntaris.jpg","width":1697,"height":700},{"@type":"BreadcrumbList","@id":"https:\/\/www.esplac.cat\/equip-voluntaris-common-ground\/#breadcrumb","itemListElement":[{"@type":"ListItem","position":1,"name":"Inici","item":"https:\/\/www.esplac.cat\/es\/"},{"@type":"ListItem","position":2,"name":"\u00daltimes places per formar part de l&#8217;equip de voluntaris de la Common Ground"}]},{"@type":"WebSite","@id":"https:\/\/www.esplac.cat\/#website","url":"https:\/\/www.esplac.cat\/","name":"Esplac","description":"Esplais Catalans","publisher":{"@id":"https:\/\/www.esplac.cat\/#organization"},"potentialAction":[{"@type":"SearchAction","target":{"@type":"EntryPoint","urlTemplate":"https:\/\/www.esplac.cat\/?s={search_term_string}"},"query-input":{"@type":"PropertyValueSpecification","valueRequired":true,"valueName":"search_term_string"}}],"inLanguage":"es"},{"@type":"Organization","@id":"https:\/\/www.esplac.cat\/#organization","name":"Esplac","url":"https:\/\/www.esplac.cat\/","logo":{"@type":"ImageObject","inLanguage":"es","@id":"https:\/\/www.esplac.cat\/#\/schema\/logo\/image\/","url":"https:\/\/www.esplac.cat\/wp-content\/uploads\/2019\/08\/logox2.png","contentUrl":"https:\/\/www.esplac.cat\/wp-content\/uploads\/2019\/08\/logox2.png","width":600,"height":295,"caption":"Esplac"},"image":{"@id":"https:\/\/www.esplac.cat\/#\/schema\/logo\/image\/"}},{"@type":"Person","@id":"https:\/\/www.esplac.cat\/#\/schema\/person\/908383cf240be18b68f8855d0583faca","name":"Comunicaci\u00f3 Esplac","image":{"@type":"ImageObject","inLanguage":"es","@id":"https:\/\/secure.gravatar.com\/avatar\/7a4cf8feb412a76ea4a740ca02d95b06b2907b5a6c648c2dd0a1082a093c3141?s=96&d=mm&r=g","url":"https:\/\/secure.gravatar.com\/avatar\/7a4cf8feb412a76ea4a740ca02d95b06b2907b5a6c648c2dd0a1082a093c3141?s=96&d=mm&r=g","contentUrl":"https:\/\/secure.gravatar.com\/avatar\/7a4cf8feb412a76ea4a740ca02d95b06b2907b5a6c648c2dd0a1082a093c3141?s=96&d=mm&r=g","caption":"Comunicaci\u00f3 Esplac"}}]}},"_links":{"self":[{"href":"https:\/\/www.esplac.cat\/es\/wp-json\/wp\/v2\/posts\/39243","targetHints":{"allow":["GET"]}}],"collection":[{"href":"https:\/\/www.esplac.cat\/es\/wp-json\/wp\/v2\/posts"}],"about":[{"href":"https:\/\/www.esplac.cat\/es\/wp-json\/wp\/v2\/types\/post"}],"author":[{"embeddable":true,"href":"https:\/\/www.esplac.cat\/es\/wp-json\/wp\/v2\/users\/3"}],"replies":[{"embeddable":true,"href":"https:\/\/www.esplac.cat\/es\/wp-json\/wp\/v2\/comments?post=39243"}],"version-history":[{"count":0,"href":"https:\/\/www.esplac.cat\/es\/wp-json\/wp\/v2\/posts\/39243\/revisions"}],"wp:featuredmedia":[{"embeddable":true,"href":"https:\/\/www.esplac.cat\/es\/wp-json\/wp\/v2\/media\/39258"}],"wp:attachment":[{"href":"https:\/\/www.esplac.cat\/es\/wp-json\/wp\/v2\/media?parent=39243"}],"wp:term":[{"taxonomy":"category","embeddable":true,"href":"https:\/\/www.esplac.cat\/es\/wp-json\/wp\/v2\/categories?post=39243"},{"taxonomy":"post_tag","embeddable":true,"href":"https:\/\/www.esplac.cat\/es\/wp-json\/wp\/v2\/tags?post=39243"}],"curies":[{"name":"wp","href":"https:\/\/api.w.org\/{rel}","templated":true}]}}