{"id":39316,"date":"2022-02-23T14:36:39","date_gmt":"2022-02-23T12:36:39","guid":{"rendered":"https:\/\/www.esplac.cat\/?p=39316"},"modified":"2022-07-05T10:37:07","modified_gmt":"2022-07-05T08:37:07","slug":"recurs-beques-esplai","status":"publish","type":"post","link":"https:\/\/www.esplac.cat\/es\/recurs-beques-esplai\/","title":{"rendered":"El recurs sobre les beques a l&#8217;esplai ja \u00e9s aqu\u00ed!"},"content":{"rendered":"<div class=\"fusion-fullwidth fullwidth-box fusion-builder-row-1 nonhundred-percent-fullwidth non-hundred-percent-height-scrolling\" style=\"--awb-border-radius-top-left:0px;--awb-border-radius-top-right:0px;--awb-border-radius-bottom-right:0px;--awb-border-radius-bottom-left:0px;--awb-flex-wrap:wrap;\" ><div class=\"fusion-builder-row fusion-row\"><div class=\"fusion-layout-column fusion_builder_column fusion-builder-column-0 fusion_builder_column_1_1 1_1 fusion-one-full fusion-column-first fusion-column-last\" style=\"--awb-bg-size:cover;--awb-margin-bottom:0px;\"><div class=\"fusion-column-wrapper fusion-flex-column-wrapper-legacy\"><div class=\"fusion-text fusion-text-1\"><h6><strong>El projecte d&#8217;Inclusio i Diversitat d&#8217;Esplac ha creat aquest nou recurs sobre les beques a l&#8217;esplai per garantir<b> que tots els infants i joves que vulguin participar-hi ho puguin fer en igualtat d\u2019oportunitats.<\/b><\/strong><\/h6>\n<p><span style=\"font-weight: 300;\">Actualment, vivim un moment extremadament injust: Segons dades de l\u2019<span style=\"color: #ff9900;\"><a style=\"color: #ff9900;\" href=\"https:\/\/www.idescat.cat\/\" target=\"_blank\" rel=\"noopener noreferrer\">Institut d\u2019Estad\u00edstica de Catalunya<\/a><\/span>, l\u2019any 2020 el risc de pobresa afectava un 33,4% de la poblaci\u00f3 catalana de menys de setze anys, 13 punts per sobre de la taxa del conjunt de la poblaci\u00f3. <\/span><\/p>\n<p><span style=\"font-weight: 300;\">Entenem que la participaci\u00f3 \u00e9s un dret. Com a entitats d\u2019educaci\u00f3 en el lleure <\/span><b>tenim la responsabilitat de garantir que tots els infants i joves que vulguin participar-hi, ho puguin fer en igualtat d\u2019oportunitats<\/b><span style=\"font-weight: 300;\">, sense dependre del nivell econ\u00f2mic que el nucli familiar pugui garantir.<\/span><\/p>\n<p><span style=\"font-weight: 300;\">\u00c9s per aix\u00f2 que <\/span>el<b> <span style=\"color: #ff9900;\"><a style=\"color: #ff9900;\" href=\"https:\/\/www.esplac.cat\/projectes\/inclusio-diversitat\/\" target=\"_blank\" rel=\"noopener noreferrer\">projecte d\u2019Inclusi\u00f3 i Diversitat<\/a><\/span><\/b><span style=\"font-weight: 300;\"> es va plantejar la creaci\u00f3 d\u2019un recurs\u00a0 que dot\u00e9s d\u2019eines a les entitats de lleure per tal que els esplais s\u2019acostin cada cop m\u00e9s a l\u2019ideal de ser espais totalment inclusius. Un recurs sobre les beques a l&#8217;esplai per facilitar l\u2019acc\u00e9s a totes aquelles fam\u00edlies que per motius econ\u00f2mics no poden assumir els costos de les activitats d\u2019esplai. En aquest document trobareu doncs, eines per tal d&#8217;obtenir un marc de refer\u00e8ncia amb el qual crear un sistema de beques propi, mitjan\u00e7ant consells, ajuts i preguntes pel debat.<\/span><\/p>\n<p><span style=\"font-weight: 300;\">El document est\u00e0 dividit en tres apartats: bones praxis respecte a la gesti\u00f3 de les <\/span><b>beques internes<\/b><span style=\"font-weight: 300;\">; el mateix per les <\/span><b>beques externes<\/b><span style=\"font-weight: 300;\">; i finalment <\/span><b>consideracions i preguntes per portar a debat<\/b><span style=\"font-weight: 300;\"> a l\u2019assemblea de monitores i monitors, per tal de gestionar les beques des d&#8217;una posici\u00f3 consensuada i que respongui a les necessitats de l\u2019entorn en el qual desenvolupeu la vostra tasca.\u00a0<\/span><\/p>\n<p><span style=\"font-weight: 300;\">Esperem que us sigui de molta utilitat! El podeu trobar al seg\u00fcent enlla\u00e7:<\/span><\/p>\n<\/div><div class=\"fusion-clearfix\"><\/div><\/div><\/div><\/div><\/div>\n<div class=\"fusion-aligncenter\"><a class=\"fusion-button button-flat fusion-button-default-size button-default fusion-button-default button-1 fusion-button-default-span fusion-button-default-type\" target=\"_blank\" rel=\"noopener noreferrer\" href=\"https:\/\/www.esplac.cat\/wp-content\/uploads\/2022\/02\/beques-esplai-recurs.pdf\"><span class=\"fusion-button-text\">Dossier: Les beques a l&#8217;esplai<\/span><\/a><\/div>\n","protected":false},"excerpt":{"rendered":"","protected":false},"author":3,"featured_media":39318,"comment_status":"closed","ping_status":"closed","sticky":false,"template":"","format":"standard","meta":{"om_disable_all_campaigns":false,"_monsterinsights_skip_tracking":false,"_monsterinsights_sitenote_active":false,"_monsterinsights_sitenote_note":"","_monsterinsights_sitenote_category":0,"_uf_show_specific_survey":0,"_uf_disable_surveys":false,"footnotes":""},"categories":[1166,1114],"tags":[],"class_list":["post-39316","post","type-post","status-publish","format-standard","has-post-thumbnail","hentry","category-inclusio-i-diversitat","category-recursos"],"yoast_head":"<!-- This site is optimized with the Yoast SEO plugin v27.4 - https:\/\/yoast.com\/product\/yoast-seo-wordpress\/ -->\n<title>El recurs sobre les beques a l&#039;esplai ja \u00e9s aqu\u00ed! - Esplac<\/title>\n<meta name=\"description\" content=\"El projecte d&#039;Inclusio i Diversitat d&#039;Esplac ha creat aquest nou recurs pecurs sobre les beques a l&#039;esplai i ser m\u00e9s inclusius.\" \/>\n<meta name=\"robots\" content=\"index, follow, max-snippet:-1, max-image-preview:large, max-video-preview:-1\" \/>\n<link rel=\"canonical\" href=\"https:\/\/www.esplac.cat\/es\/recurs-beques-esplai\/\" \/>\n<meta property=\"og:locale\" content=\"es_ES\" \/>\n<meta property=\"og:type\" content=\"article\" \/>\n<meta property=\"og:title\" content=\"El recurs sobre les beques a l&#039;esplai ja \u00e9s aqu\u00ed! - Esplac\" \/>\n<meta property=\"og:description\" content=\"El projecte d&#039;Inclusio i Diversitat d&#039;Esplac ha creat aquest nou recurs pecurs sobre les beques a l&#039;esplai i ser m\u00e9s inclusius.\" \/>\n<meta property=\"og:url\" content=\"https:\/\/www.esplac.cat\/es\/recurs-beques-esplai\/\" \/>\n<meta property=\"og:site_name\" content=\"Esplac\" \/>\n<meta property=\"article:published_time\" content=\"2022-02-23T12:36:39+00:00\" \/>\n<meta property=\"article:modified_time\" content=\"2022-07-05T08:37:07+00:00\" \/>\n<meta property=\"og:image\" content=\"https:\/\/www.esplac.cat\/wp-content\/uploads\/2022\/02\/recurs_beques.jpg\" \/>\n\t<meta property=\"og:image:width\" content=\"1694\" \/>\n\t<meta property=\"og:image:height\" content=\"700\" \/>\n\t<meta property=\"og:image:type\" content=\"image\/jpeg\" \/>\n<meta name=\"author\" content=\"Comunicaci\u00f3 Esplac\" \/>\n<meta name=\"twitter:card\" content=\"summary_large_image\" \/>\n<meta name=\"twitter:label1\" content=\"Escrito por\" \/>\n\t<meta name=\"twitter:data1\" content=\"Comunicaci\u00f3 Esplac\" \/>\n\t<meta name=\"twitter:label2\" content=\"Tiempo de lectura\" \/>\n\t<meta name=\"twitter:data2\" content=\"3 minutos\" \/>\n<script type=\"application\/ld+json\" class=\"yoast-schema-graph\">{\"@context\":\"https:\\\/\\\/schema.org\",\"@graph\":[{\"@type\":\"Article\",\"@id\":\"https:\\\/\\\/www.esplac.cat\\\/es\\\/recurs-beques-esplai\\\/#article\",\"isPartOf\":{\"@id\":\"https:\\\/\\\/www.esplac.cat\\\/es\\\/recurs-beques-esplai\\\/\"},\"author\":{\"name\":\"Comunicaci\u00f3 Esplac\",\"@id\":\"https:\\\/\\\/www.esplac.cat\\\/#\\\/schema\\\/person\\\/908383cf240be18b68f8855d0583faca\"},\"headline\":\"El recurs sobre les beques a l&#8217;esplai ja \u00e9s aqu\u00ed!\",\"datePublished\":\"2022-02-23T12:36:39+00:00\",\"dateModified\":\"2022-07-05T08:37:07+00:00\",\"mainEntityOfPage\":{\"@id\":\"https:\\\/\\\/www.esplac.cat\\\/es\\\/recurs-beques-esplai\\\/\"},\"wordCount\":584,\"publisher\":{\"@id\":\"https:\\\/\\\/www.esplac.cat\\\/#organization\"},\"image\":{\"@id\":\"https:\\\/\\\/www.esplac.cat\\\/es\\\/recurs-beques-esplai\\\/#primaryimage\"},\"thumbnailUrl\":\"https:\\\/\\\/www.esplac.cat\\\/wp-content\\\/uploads\\\/2022\\\/02\\\/recurs_beques.jpg\",\"articleSection\":[\"Inclusi\u00f3 i diversitat\",\"Recursos\"],\"inLanguage\":\"es\"},{\"@type\":\"WebPage\",\"@id\":\"https:\\\/\\\/www.esplac.cat\\\/es\\\/recurs-beques-esplai\\\/\",\"url\":\"https:\\\/\\\/www.esplac.cat\\\/es\\\/recurs-beques-esplai\\\/\",\"name\":\"El recurs sobre les beques a l'esplai ja \u00e9s aqu\u00ed! - Esplac\",\"isPartOf\":{\"@id\":\"https:\\\/\\\/www.esplac.cat\\\/#website\"},\"primaryImageOfPage\":{\"@id\":\"https:\\\/\\\/www.esplac.cat\\\/es\\\/recurs-beques-esplai\\\/#primaryimage\"},\"image\":{\"@id\":\"https:\\\/\\\/www.esplac.cat\\\/es\\\/recurs-beques-esplai\\\/#primaryimage\"},\"thumbnailUrl\":\"https:\\\/\\\/www.esplac.cat\\\/wp-content\\\/uploads\\\/2022\\\/02\\\/recurs_beques.jpg\",\"datePublished\":\"2022-02-23T12:36:39+00:00\",\"dateModified\":\"2022-07-05T08:37:07+00:00\",\"description\":\"El projecte d'Inclusio i Diversitat d'Esplac ha creat aquest nou recurs pecurs sobre les beques a l'esplai i ser m\u00e9s inclusius.\",\"breadcrumb\":{\"@id\":\"https:\\\/\\\/www.esplac.cat\\\/es\\\/recurs-beques-esplai\\\/#breadcrumb\"},\"inLanguage\":\"es\",\"potentialAction\":[{\"@type\":\"ReadAction\",\"target\":[\"https:\\\/\\\/www.esplac.cat\\\/es\\\/recurs-beques-esplai\\\/\"]}]},{\"@type\":\"ImageObject\",\"inLanguage\":\"es\",\"@id\":\"https:\\\/\\\/www.esplac.cat\\\/es\\\/recurs-beques-esplai\\\/#primaryimage\",\"url\":\"https:\\\/\\\/www.esplac.cat\\\/wp-content\\\/uploads\\\/2022\\\/02\\\/recurs_beques.jpg\",\"contentUrl\":\"https:\\\/\\\/www.esplac.cat\\\/wp-content\\\/uploads\\\/2022\\\/02\\\/recurs_beques.jpg\",\"width\":1694,\"height\":700,\"caption\":\"recurs sobre les beques a l'esplai\"},{\"@type\":\"BreadcrumbList\",\"@id\":\"https:\\\/\\\/www.esplac.cat\\\/es\\\/recurs-beques-esplai\\\/#breadcrumb\",\"itemListElement\":[{\"@type\":\"ListItem\",\"position\":1,\"name\":\"Inici\",\"item\":\"https:\\\/\\\/www.esplac.cat\\\/es\\\/\"},{\"@type\":\"ListItem\",\"position\":2,\"name\":\"El recurs sobre les beques a l&#8217;esplai ja \u00e9s aqu\u00ed!\"}]},{\"@type\":\"WebSite\",\"@id\":\"https:\\\/\\\/www.esplac.cat\\\/#website\",\"url\":\"https:\\\/\\\/www.esplac.cat\\\/\",\"name\":\"Esplac\",\"description\":\"Esplais Catalans\",\"publisher\":{\"@id\":\"https:\\\/\\\/www.esplac.cat\\\/#organization\"},\"potentialAction\":[{\"@type\":\"SearchAction\",\"target\":{\"@type\":\"EntryPoint\",\"urlTemplate\":\"https:\\\/\\\/www.esplac.cat\\\/?s={search_term_string}\"},\"query-input\":{\"@type\":\"PropertyValueSpecification\",\"valueRequired\":true,\"valueName\":\"search_term_string\"}}],\"inLanguage\":\"es\"},{\"@type\":\"Organization\",\"@id\":\"https:\\\/\\\/www.esplac.cat\\\/#organization\",\"name\":\"Esplac\",\"url\":\"https:\\\/\\\/www.esplac.cat\\\/\",\"logo\":{\"@type\":\"ImageObject\",\"inLanguage\":\"es\",\"@id\":\"https:\\\/\\\/www.esplac.cat\\\/#\\\/schema\\\/logo\\\/image\\\/\",\"url\":\"https:\\\/\\\/www.esplac.cat\\\/wp-content\\\/uploads\\\/2019\\\/08\\\/logox2.png\",\"contentUrl\":\"https:\\\/\\\/www.esplac.cat\\\/wp-content\\\/uploads\\\/2019\\\/08\\\/logox2.png\",\"width\":600,\"height\":295,\"caption\":\"Esplac\"},\"image\":{\"@id\":\"https:\\\/\\\/www.esplac.cat\\\/#\\\/schema\\\/logo\\\/image\\\/\"}},{\"@type\":\"Person\",\"@id\":\"https:\\\/\\\/www.esplac.cat\\\/#\\\/schema\\\/person\\\/908383cf240be18b68f8855d0583faca\",\"name\":\"Comunicaci\u00f3 Esplac\",\"image\":{\"@type\":\"ImageObject\",\"inLanguage\":\"es\",\"@id\":\"https:\\\/\\\/secure.gravatar.com\\\/avatar\\\/7a4cf8feb412a76ea4a740ca02d95b06b2907b5a6c648c2dd0a1082a093c3141?s=96&d=mm&r=g\",\"url\":\"https:\\\/\\\/secure.gravatar.com\\\/avatar\\\/7a4cf8feb412a76ea4a740ca02d95b06b2907b5a6c648c2dd0a1082a093c3141?s=96&d=mm&r=g\",\"contentUrl\":\"https:\\\/\\\/secure.gravatar.com\\\/avatar\\\/7a4cf8feb412a76ea4a740ca02d95b06b2907b5a6c648c2dd0a1082a093c3141?s=96&d=mm&r=g\",\"caption\":\"Comunicaci\u00f3 Esplac\"}}]}<\/script>\n<!-- \/ Yoast SEO plugin. -->","yoast_head_json":{"title":"El recurs sobre les beques a l'esplai ja \u00e9s aqu\u00ed! - Esplac","description":"El projecte d'Inclusio i Diversitat d'Esplac ha creat aquest nou recurs pecurs sobre les beques a l'esplai i ser m\u00e9s inclusius.","robots":{"index":"index","follow":"follow","max-snippet":"max-snippet:-1","max-image-preview":"max-image-preview:large","max-video-preview":"max-video-preview:-1"},"canonical":"https:\/\/www.esplac.cat\/es\/recurs-beques-esplai\/","og_locale":"es_ES","og_type":"article","og_title":"El recurs sobre les beques a l'esplai ja \u00e9s aqu\u00ed! - Esplac","og_description":"El projecte d'Inclusio i Diversitat d'Esplac ha creat aquest nou recurs pecurs sobre les beques a l'esplai i ser m\u00e9s inclusius.","og_url":"https:\/\/www.esplac.cat\/es\/recurs-beques-esplai\/","og_site_name":"Esplac","article_published_time":"2022-02-23T12:36:39+00:00","article_modified_time":"2022-07-05T08:37:07+00:00","og_image":[{"width":1694,"height":700,"url":"https:\/\/www.esplac.cat\/wp-content\/uploads\/2022\/02\/recurs_beques.jpg","type":"image\/jpeg"}],"author":"Comunicaci\u00f3 Esplac","twitter_card":"summary_large_image","twitter_misc":{"Escrito por":"Comunicaci\u00f3 Esplac","Tiempo de lectura":"3 minutos"},"schema":{"@context":"https:\/\/schema.org","@graph":[{"@type":"Article","@id":"https:\/\/www.esplac.cat\/es\/recurs-beques-esplai\/#article","isPartOf":{"@id":"https:\/\/www.esplac.cat\/es\/recurs-beques-esplai\/"},"author":{"name":"Comunicaci\u00f3 Esplac","@id":"https:\/\/www.esplac.cat\/#\/schema\/person\/908383cf240be18b68f8855d0583faca"},"headline":"El recurs sobre les beques a l&#8217;esplai ja \u00e9s aqu\u00ed!","datePublished":"2022-02-23T12:36:39+00:00","dateModified":"2022-07-05T08:37:07+00:00","mainEntityOfPage":{"@id":"https:\/\/www.esplac.cat\/es\/recurs-beques-esplai\/"},"wordCount":584,"publisher":{"@id":"https:\/\/www.esplac.cat\/#organization"},"image":{"@id":"https:\/\/www.esplac.cat\/es\/recurs-beques-esplai\/#primaryimage"},"thumbnailUrl":"https:\/\/www.esplac.cat\/wp-content\/uploads\/2022\/02\/recurs_beques.jpg","articleSection":["Inclusi\u00f3 i diversitat","Recursos"],"inLanguage":"es"},{"@type":"WebPage","@id":"https:\/\/www.esplac.cat\/es\/recurs-beques-esplai\/","url":"https:\/\/www.esplac.cat\/es\/recurs-beques-esplai\/","name":"El recurs sobre les beques a l'esplai ja \u00e9s aqu\u00ed! - Esplac","isPartOf":{"@id":"https:\/\/www.esplac.cat\/#website"},"primaryImageOfPage":{"@id":"https:\/\/www.esplac.cat\/es\/recurs-beques-esplai\/#primaryimage"},"image":{"@id":"https:\/\/www.esplac.cat\/es\/recurs-beques-esplai\/#primaryimage"},"thumbnailUrl":"https:\/\/www.esplac.cat\/wp-content\/uploads\/2022\/02\/recurs_beques.jpg","datePublished":"2022-02-23T12:36:39+00:00","dateModified":"2022-07-05T08:37:07+00:00","description":"El projecte d'Inclusio i Diversitat d'Esplac ha creat aquest nou recurs pecurs sobre les beques a l'esplai i ser m\u00e9s inclusius.","breadcrumb":{"@id":"https:\/\/www.esplac.cat\/es\/recurs-beques-esplai\/#breadcrumb"},"inLanguage":"es","potentialAction":[{"@type":"ReadAction","target":["https:\/\/www.esplac.cat\/es\/recurs-beques-esplai\/"]}]},{"@type":"ImageObject","inLanguage":"es","@id":"https:\/\/www.esplac.cat\/es\/recurs-beques-esplai\/#primaryimage","url":"https:\/\/www.esplac.cat\/wp-content\/uploads\/2022\/02\/recurs_beques.jpg","contentUrl":"https:\/\/www.esplac.cat\/wp-content\/uploads\/2022\/02\/recurs_beques.jpg","width":1694,"height":700,"caption":"recurs sobre les beques a l'esplai"},{"@type":"BreadcrumbList","@id":"https:\/\/www.esplac.cat\/es\/recurs-beques-esplai\/#breadcrumb","itemListElement":[{"@type":"ListItem","position":1,"name":"Inici","item":"https:\/\/www.esplac.cat\/es\/"},{"@type":"ListItem","position":2,"name":"El recurs sobre les beques a l&#8217;esplai ja \u00e9s aqu\u00ed!"}]},{"@type":"WebSite","@id":"https:\/\/www.esplac.cat\/#website","url":"https:\/\/www.esplac.cat\/","name":"Esplac","description":"Esplais Catalans","publisher":{"@id":"https:\/\/www.esplac.cat\/#organization"},"potentialAction":[{"@type":"SearchAction","target":{"@type":"EntryPoint","urlTemplate":"https:\/\/www.esplac.cat\/?s={search_term_string}"},"query-input":{"@type":"PropertyValueSpecification","valueRequired":true,"valueName":"search_term_string"}}],"inLanguage":"es"},{"@type":"Organization","@id":"https:\/\/www.esplac.cat\/#organization","name":"Esplac","url":"https:\/\/www.esplac.cat\/","logo":{"@type":"ImageObject","inLanguage":"es","@id":"https:\/\/www.esplac.cat\/#\/schema\/logo\/image\/","url":"https:\/\/www.esplac.cat\/wp-content\/uploads\/2019\/08\/logox2.png","contentUrl":"https:\/\/www.esplac.cat\/wp-content\/uploads\/2019\/08\/logox2.png","width":600,"height":295,"caption":"Esplac"},"image":{"@id":"https:\/\/www.esplac.cat\/#\/schema\/logo\/image\/"}},{"@type":"Person","@id":"https:\/\/www.esplac.cat\/#\/schema\/person\/908383cf240be18b68f8855d0583faca","name":"Comunicaci\u00f3 Esplac","image":{"@type":"ImageObject","inLanguage":"es","@id":"https:\/\/secure.gravatar.com\/avatar\/7a4cf8feb412a76ea4a740ca02d95b06b2907b5a6c648c2dd0a1082a093c3141?s=96&d=mm&r=g","url":"https:\/\/secure.gravatar.com\/avatar\/7a4cf8feb412a76ea4a740ca02d95b06b2907b5a6c648c2dd0a1082a093c3141?s=96&d=mm&r=g","contentUrl":"https:\/\/secure.gravatar.com\/avatar\/7a4cf8feb412a76ea4a740ca02d95b06b2907b5a6c648c2dd0a1082a093c3141?s=96&d=mm&r=g","caption":"Comunicaci\u00f3 Esplac"}}]}},"_links":{"self":[{"href":"https:\/\/www.esplac.cat\/es\/wp-json\/wp\/v2\/posts\/39316","targetHints":{"allow":["GET"]}}],"collection":[{"href":"https:\/\/www.esplac.cat\/es\/wp-json\/wp\/v2\/posts"}],"about":[{"href":"https:\/\/www.esplac.cat\/es\/wp-json\/wp\/v2\/types\/post"}],"author":[{"embeddable":true,"href":"https:\/\/www.esplac.cat\/es\/wp-json\/wp\/v2\/users\/3"}],"replies":[{"embeddable":true,"href":"https:\/\/www.esplac.cat\/es\/wp-json\/wp\/v2\/comments?post=39316"}],"version-history":[{"count":0,"href":"https:\/\/www.esplac.cat\/es\/wp-json\/wp\/v2\/posts\/39316\/revisions"}],"wp:featuredmedia":[{"embeddable":true,"href":"https:\/\/www.esplac.cat\/es\/wp-json\/wp\/v2\/media\/39318"}],"wp:attachment":[{"href":"https:\/\/www.esplac.cat\/es\/wp-json\/wp\/v2\/media?parent=39316"}],"wp:term":[{"taxonomy":"category","embeddable":true,"href":"https:\/\/www.esplac.cat\/es\/wp-json\/wp\/v2\/categories?post=39316"},{"taxonomy":"post_tag","embeddable":true,"href":"https:\/\/www.esplac.cat\/es\/wp-json\/wp\/v2\/tags?post=39316"}],"curies":[{"name":"wp","href":"https:\/\/api.w.org\/{rel}","templated":true}]}}