{"id":39325,"date":"2022-02-24T11:19:05","date_gmt":"2022-02-24T09:19:05","guid":{"rendered":"https:\/\/www.esplac.cat\/?p=39325"},"modified":"2023-02-10T11:55:12","modified_gmt":"2023-02-10T09:55:12","slug":"cursos-estiu-marta-mata-2022","status":"publish","type":"post","link":"https:\/\/www.esplac.cat\/es\/cursos-estiu-marta-mata-2022\/","title":{"rendered":"Cursos d&#8217;estiu Marta Mata 2022"},"content":{"rendered":"<div class=\"fusion-fullwidth fullwidth-box fusion-builder-row-1 fusion-flex-container nonhundred-percent-fullwidth non-hundred-percent-height-scrolling\" style=\"--awb-border-radius-top-left:0px;--awb-border-radius-top-right:0px;--awb-border-radius-bottom-right:0px;--awb-border-radius-bottom-left:0px;--awb-flex-wrap:wrap;\" ><div class=\"fusion-builder-row fusion-row fusion-flex-align-items-flex-start fusion-flex-content-wrap\" style=\"max-width:1248px;margin-left: calc(-4% \/ 2 );margin-right: calc(-4% \/ 2 );\"><div class=\"fusion-layout-column fusion_builder_column fusion-builder-column-0 fusion_builder_column_1_1 1_1 fusion-flex-column\" style=\"--awb-bg-size:cover;--awb-width-large:100%;--awb-margin-top-large:0px;--awb-spacing-right-large:1.92%;--awb-margin-bottom-large:0px;--awb-spacing-left-large:1.92%;--awb-width-medium:100%;--awb-spacing-right-medium:1.92%;--awb-spacing-left-medium:1.92%;--awb-width-small:100%;--awb-spacing-right-small:1.92%;--awb-spacing-left-small:1.92%;\"><div class=\"fusion-column-wrapper fusion-flex-justify-content-flex-start fusion-content-layout-column\"><div class=\"fusion-text fusion-text-1\" style=\"--awb-text-transform:none;\"><h6><strong>Els cursos d&#8217;estiu Marta Mata 2022 obren inscripcions a partir del 7 de mar\u00e7 amb nou sistema d&#8217;inscripcions.\u00a0<\/strong><\/h6>\n<p><span style=\"font-weight: 300;\">Els cursos Marta Mata s\u00f3n cursos de monitores (Creixement) i directores (\u00c8xit) de lleure que ofereix l\u2019Escola Lliure el Sol dirigits espec\u00edficament a les monitores i monitors dels esplais d\u2019Esplac. L\u2019Escola Lliure el Sol i Esplac dissenyem conjuntament aquests cursos per tal que el seu temari s\u2019ajusti al nostre ideari i a la realitat dels esplais d\u2019Esplac, per tal de garantir una formaci\u00f3 ajustada a les necessitats espec\u00edfiques.<\/span><\/p>\n<p><span style=\"font-weight: 300;\">Aquest curs implementarem una <\/span><b>nova manera d\u2019inscriure\u2019s als cursos Marta Mata de l\u2019estiu<\/b><span style=\"font-weight: 300;\">, \u00e9s a dir, Creixement (monis) i \u00c8xit (dires) de l\u2019estiu. D\u2019aquesta manera, volem fer que l\u2019acc\u00e9s a aquests cursos sigui m\u00e9s just i equitatiu per tots els esplais i monis d\u2019Esplac.<\/span><\/p>\n<p>El 7 de mar\u00e7 s&#8217;obren inscripcions als cursos d\u2019estiu <span class=\"il\">Marta<\/span> <span class=\"il\">Mata<\/span> i canviem el format de les inscripcions:<\/p>\n<ul>\n<li><strong>7-13 de mar\u00e7:<\/strong> inscripci\u00f3 sense pagament. s&#8217;obre una setmana d\u2019inscripci\u00f3 SENSE PAGAMENT. Totes les persones que durant la setmana del 7 al 13 de mar\u00e7 s\u2019inscriguin se\u2019ls guardar\u00e0 una pla\u00e7a. Si hi ha m\u00e9s persones inscrites que places, es far\u00e0 un sorteig prioritzant persones de sectors i esplais diversos.<\/li>\n<li><span id=\"m_6717091024043895348gmail-docs-internal-guid-c609dfc3-7fff-1165-7fb2-94a2d20ab4f2\"><strong>15-22 de mar\u00e7:<\/strong> pagament.\u00a0<\/span><\/li>\n<\/ul>\n<ol>\n<li style=\"list-style-type: none;\">\n<ul>\n<li>S\u2019informa a les persones de que se\u2019ls ha guardat la pla\u00e7a i se\u2019ls dona una setmana per pagar.<\/li>\n<li>S\u2019obren les inscripcions amb pagament dels cursos on no s\u2019hagin omplert totes les places.<\/li>\n<\/ul>\n<\/li>\n<\/ol>\n<ul>\n<li><strong><span id=\"m_6717091024043895348gmail-docs-internal-guid-c609dfc3-7fff-1165-7fb2-94a2d20ab4f2\">a partir del 23 de mar\u00e7:\u00a0<\/span><\/strong><\/li>\n<\/ul>\n<ul>\n<li style=\"list-style-type: none;\">\n<ul>\n<li>S\u2019alliberen les places de les persones que no hagin pagat durant aquella setmana.<\/li>\n<\/ul>\n<\/li>\n<\/ul>\n<p><span style=\"font-weight: 300;\">Aquest nou sistema d&#8217;inscripcions ens permetr\u00e0 saber <\/span><b>quantes persones es queden fora dels cursos residencials<\/b><span style=\"font-weight: 300;\">, per revisar l\u2019oferta de cursos que oferir, i g<\/span><span style=\"font-weight: 300;\">arantir la <\/span><b>pres\u00e8ncia equitativa de monitores de diversos sectors<\/b><span style=\"font-weight: 300;\"> que vulguin assistir al curs.<\/span><\/p>\n<p>Tot el procediment es realitza a trav\u00e9s de la web de l&#8217;<span style=\"color: #ff9900;\"><a style=\"color: #ff9900;\" href=\"https:\/\/escolaelsol.coop\/\" target=\"_blank\" rel=\"noopener noreferrer\">Escola Lliure El Sol.<\/a><\/span><\/p>\n<p>Podeu veure sempre la informaci\u00f3 actualitzada dels propers cursos Marta Mata a l&#8217;apartat d&#8217;aquest web <span style=\"color: #ff9900;\"><a style=\"color: #ff9900;\" href=\"https:\/\/www.esplac.cat\/formacions\/dires-i-monis\/\" target=\"_blank\" rel=\"noopener noreferrer\">formacions\/dires-i-monis.<\/a> <\/span>Tamb\u00e9, teniu <span style=\"color: #ff9900;\"><a style=\"color: #ff9900;\" href=\"https:\/\/www.esplac.cat\/wp-content\/uploads\/2022\/02\/Funcionament_preinscripcio.pdf\">aquest document<\/a><\/span> amb la informaci\u00f3 m\u00e9s detallada sobre el nou sistema d&#8217;inscripci\u00f3.<\/p>\n<p><a href=\"https:\/\/www.esplac.cat\/wp-content\/uploads\/2022\/03\/Infografia-inscripcions-marta-mata-1.jpg\"><img decoding=\"async\" class=\"aligncenter wp-image-39424\" src=\"https:\/\/www.esplac.cat\/wp-content\/uploads\/2022\/03\/Infografia-inscripcions-marta-mata-1.jpg\" alt=\"\" width=\"521\" height=\"737\" srcset=\"https:\/\/www.esplac.cat\/wp-content\/uploads\/2022\/03\/Infografia-inscripcions-marta-mata-1-200x283.jpg 200w, https:\/\/www.esplac.cat\/wp-content\/uploads\/2022\/03\/Infografia-inscripcions-marta-mata-1-212x300.jpg 212w, https:\/\/www.esplac.cat\/wp-content\/uploads\/2022\/03\/Infografia-inscripcions-marta-mata-1-400x566.jpg 400w, https:\/\/www.esplac.cat\/wp-content\/uploads\/2022\/03\/Infografia-inscripcions-marta-mata-1-600x849.jpg 600w, https:\/\/www.esplac.cat\/wp-content\/uploads\/2022\/03\/Infografia-inscripcions-marta-mata-1-724x1024.jpg 724w, https:\/\/www.esplac.cat\/wp-content\/uploads\/2022\/03\/Infografia-inscripcions-marta-mata-1-768x1086.jpg 768w, https:\/\/www.esplac.cat\/wp-content\/uploads\/2022\/03\/Infografia-inscripcions-marta-mata-1-800x1132.jpg 800w, https:\/\/www.esplac.cat\/wp-content\/uploads\/2022\/03\/Infografia-inscripcions-marta-mata-1-1086x1536.jpg 1086w, https:\/\/www.esplac.cat\/wp-content\/uploads\/2022\/03\/Infografia-inscripcions-marta-mata-1-1200x1697.jpg 1200w, https:\/\/www.esplac.cat\/wp-content\/uploads\/2022\/03\/Infografia-inscripcions-marta-mata-1.jpg 1414w\" sizes=\"(max-width: 521px) 100vw, 521px\" \/><\/a><\/p>\n<\/div><\/div><\/div><\/div><\/div>\n","protected":false},"excerpt":{"rendered":"","protected":false},"author":3,"featured_media":43497,"comment_status":"closed","ping_status":"closed","sticky":false,"template":"","format":"standard","meta":{"om_disable_all_campaigns":false,"_monsterinsights_skip_tracking":false,"_monsterinsights_sitenote_active":false,"_monsterinsights_sitenote_note":"","_monsterinsights_sitenote_category":0,"_uf_show_specific_survey":0,"_uf_disable_surveys":false,"footnotes":""},"categories":[1131],"tags":[],"class_list":["post-39325","post","type-post","status-publish","format-standard","has-post-thumbnail","hentry","category-cursos-formacions"],"yoast_head":"<!-- This site is optimized with the Yoast SEO plugin v27.5 - https:\/\/yoast.com\/product\/yoast-seo-wordpress\/ -->\n<title>Cursos d&#039;estiu Marta Mata 2022 - Esplac<\/title>\n<meta name=\"robots\" content=\"index, follow, max-snippet:-1, max-image-preview:large, max-video-preview:-1\" \/>\n<link rel=\"canonical\" href=\"https:\/\/www.esplac.cat\/cursos-estiu-marta-mata-2022\/\" \/>\n<meta property=\"og:locale\" content=\"es_ES\" \/>\n<meta property=\"og:type\" content=\"article\" \/>\n<meta property=\"og:title\" content=\"Cursos d&#039;estiu Marta Mata 2022 - Esplac\" \/>\n<meta property=\"og:url\" content=\"https:\/\/www.esplac.cat\/cursos-estiu-marta-mata-2022\/\" \/>\n<meta property=\"og:site_name\" content=\"Esplac\" \/>\n<meta property=\"article:published_time\" content=\"2022-02-24T09:19:05+00:00\" \/>\n<meta property=\"article:modified_time\" content=\"2023-02-10T09:55:12+00:00\" \/>\n<meta property=\"og:image\" content=\"https:\/\/www.esplac.cat\/wp-content\/uploads\/2022\/02\/MARTA-MATA-2022.jpg\" \/>\n\t<meta property=\"og:image:width\" content=\"1694\" \/>\n\t<meta property=\"og:image:height\" content=\"700\" \/>\n\t<meta property=\"og:image:type\" content=\"image\/jpeg\" \/>\n<meta name=\"author\" content=\"Comunicaci\u00f3 Esplac\" \/>\n<meta name=\"twitter:card\" content=\"summary_large_image\" \/>\n<meta name=\"twitter:label1\" content=\"Escrito por\" \/>\n\t<meta name=\"twitter:data1\" content=\"Comunicaci\u00f3 Esplac\" \/>\n\t<meta name=\"twitter:label2\" content=\"Tiempo de lectura\" \/>\n\t<meta name=\"twitter:data2\" content=\"3 minutos\" \/>\n<script type=\"application\/ld+json\" class=\"yoast-schema-graph\">{\"@context\":\"https:\\\/\\\/schema.org\",\"@graph\":[{\"@type\":\"Article\",\"@id\":\"https:\\\/\\\/www.esplac.cat\\\/cursos-estiu-marta-mata-2022\\\/#article\",\"isPartOf\":{\"@id\":\"https:\\\/\\\/www.esplac.cat\\\/cursos-estiu-marta-mata-2022\\\/\"},\"author\":{\"name\":\"Comunicaci\u00f3 Esplac\",\"@id\":\"https:\\\/\\\/www.esplac.cat\\\/#\\\/schema\\\/person\\\/908383cf240be18b68f8855d0583faca\"},\"headline\":\"Cursos d&#8217;estiu Marta Mata 2022\",\"datePublished\":\"2022-02-24T09:19:05+00:00\",\"dateModified\":\"2023-02-10T09:55:12+00:00\",\"mainEntityOfPage\":{\"@id\":\"https:\\\/\\\/www.esplac.cat\\\/cursos-estiu-marta-mata-2022\\\/\"},\"wordCount\":624,\"publisher\":{\"@id\":\"https:\\\/\\\/www.esplac.cat\\\/#organization\"},\"image\":{\"@id\":\"https:\\\/\\\/www.esplac.cat\\\/cursos-estiu-marta-mata-2022\\\/#primaryimage\"},\"thumbnailUrl\":\"https:\\\/\\\/www.esplac.cat\\\/wp-content\\\/uploads\\\/2022\\\/02\\\/MARTA-MATA-2022.jpg\",\"articleSection\":[\"Cursos i formacions\"],\"inLanguage\":\"es\"},{\"@type\":\"WebPage\",\"@id\":\"https:\\\/\\\/www.esplac.cat\\\/cursos-estiu-marta-mata-2022\\\/\",\"url\":\"https:\\\/\\\/www.esplac.cat\\\/cursos-estiu-marta-mata-2022\\\/\",\"name\":\"Cursos d'estiu Marta Mata 2022 - Esplac\",\"isPartOf\":{\"@id\":\"https:\\\/\\\/www.esplac.cat\\\/#website\"},\"primaryImageOfPage\":{\"@id\":\"https:\\\/\\\/www.esplac.cat\\\/cursos-estiu-marta-mata-2022\\\/#primaryimage\"},\"image\":{\"@id\":\"https:\\\/\\\/www.esplac.cat\\\/cursos-estiu-marta-mata-2022\\\/#primaryimage\"},\"thumbnailUrl\":\"https:\\\/\\\/www.esplac.cat\\\/wp-content\\\/uploads\\\/2022\\\/02\\\/MARTA-MATA-2022.jpg\",\"datePublished\":\"2022-02-24T09:19:05+00:00\",\"dateModified\":\"2023-02-10T09:55:12+00:00\",\"breadcrumb\":{\"@id\":\"https:\\\/\\\/www.esplac.cat\\\/cursos-estiu-marta-mata-2022\\\/#breadcrumb\"},\"inLanguage\":\"es\",\"potentialAction\":[{\"@type\":\"ReadAction\",\"target\":[\"https:\\\/\\\/www.esplac.cat\\\/cursos-estiu-marta-mata-2022\\\/\"]}]},{\"@type\":\"ImageObject\",\"inLanguage\":\"es\",\"@id\":\"https:\\\/\\\/www.esplac.cat\\\/cursos-estiu-marta-mata-2022\\\/#primaryimage\",\"url\":\"https:\\\/\\\/www.esplac.cat\\\/wp-content\\\/uploads\\\/2022\\\/02\\\/MARTA-MATA-2022.jpg\",\"contentUrl\":\"https:\\\/\\\/www.esplac.cat\\\/wp-content\\\/uploads\\\/2022\\\/02\\\/MARTA-MATA-2022.jpg\",\"width\":1694,\"height\":700},{\"@type\":\"BreadcrumbList\",\"@id\":\"https:\\\/\\\/www.esplac.cat\\\/cursos-estiu-marta-mata-2022\\\/#breadcrumb\",\"itemListElement\":[{\"@type\":\"ListItem\",\"position\":1,\"name\":\"Inici\",\"item\":\"https:\\\/\\\/www.esplac.cat\\\/es\\\/\"},{\"@type\":\"ListItem\",\"position\":2,\"name\":\"Cursos d&#8217;estiu Marta Mata 2022\"}]},{\"@type\":\"WebSite\",\"@id\":\"https:\\\/\\\/www.esplac.cat\\\/#website\",\"url\":\"https:\\\/\\\/www.esplac.cat\\\/\",\"name\":\"Esplac\",\"description\":\"Esplais Catalans\",\"publisher\":{\"@id\":\"https:\\\/\\\/www.esplac.cat\\\/#organization\"},\"potentialAction\":[{\"@type\":\"SearchAction\",\"target\":{\"@type\":\"EntryPoint\",\"urlTemplate\":\"https:\\\/\\\/www.esplac.cat\\\/?s={search_term_string}\"},\"query-input\":{\"@type\":\"PropertyValueSpecification\",\"valueRequired\":true,\"valueName\":\"search_term_string\"}}],\"inLanguage\":\"es\"},{\"@type\":\"Organization\",\"@id\":\"https:\\\/\\\/www.esplac.cat\\\/#organization\",\"name\":\"Esplac\",\"url\":\"https:\\\/\\\/www.esplac.cat\\\/\",\"logo\":{\"@type\":\"ImageObject\",\"inLanguage\":\"es\",\"@id\":\"https:\\\/\\\/www.esplac.cat\\\/#\\\/schema\\\/logo\\\/image\\\/\",\"url\":\"https:\\\/\\\/www.esplac.cat\\\/wp-content\\\/uploads\\\/2019\\\/08\\\/logox2.png\",\"contentUrl\":\"https:\\\/\\\/www.esplac.cat\\\/wp-content\\\/uploads\\\/2019\\\/08\\\/logox2.png\",\"width\":600,\"height\":295,\"caption\":\"Esplac\"},\"image\":{\"@id\":\"https:\\\/\\\/www.esplac.cat\\\/#\\\/schema\\\/logo\\\/image\\\/\"}},{\"@type\":\"Person\",\"@id\":\"https:\\\/\\\/www.esplac.cat\\\/#\\\/schema\\\/person\\\/908383cf240be18b68f8855d0583faca\",\"name\":\"Comunicaci\u00f3 Esplac\",\"image\":{\"@type\":\"ImageObject\",\"inLanguage\":\"es\",\"@id\":\"https:\\\/\\\/secure.gravatar.com\\\/avatar\\\/7a4cf8feb412a76ea4a740ca02d95b06b2907b5a6c648c2dd0a1082a093c3141?s=96&d=mm&r=g\",\"url\":\"https:\\\/\\\/secure.gravatar.com\\\/avatar\\\/7a4cf8feb412a76ea4a740ca02d95b06b2907b5a6c648c2dd0a1082a093c3141?s=96&d=mm&r=g\",\"contentUrl\":\"https:\\\/\\\/secure.gravatar.com\\\/avatar\\\/7a4cf8feb412a76ea4a740ca02d95b06b2907b5a6c648c2dd0a1082a093c3141?s=96&d=mm&r=g\",\"caption\":\"Comunicaci\u00f3 Esplac\"}}]}<\/script>\n<!-- \/ Yoast SEO plugin. -->","yoast_head_json":{"title":"Cursos d'estiu Marta Mata 2022 - Esplac","robots":{"index":"index","follow":"follow","max-snippet":"max-snippet:-1","max-image-preview":"max-image-preview:large","max-video-preview":"max-video-preview:-1"},"canonical":"https:\/\/www.esplac.cat\/cursos-estiu-marta-mata-2022\/","og_locale":"es_ES","og_type":"article","og_title":"Cursos d'estiu Marta Mata 2022 - Esplac","og_url":"https:\/\/www.esplac.cat\/cursos-estiu-marta-mata-2022\/","og_site_name":"Esplac","article_published_time":"2022-02-24T09:19:05+00:00","article_modified_time":"2023-02-10T09:55:12+00:00","og_image":[{"width":1694,"height":700,"url":"https:\/\/www.esplac.cat\/wp-content\/uploads\/2022\/02\/MARTA-MATA-2022.jpg","type":"image\/jpeg"}],"author":"Comunicaci\u00f3 Esplac","twitter_card":"summary_large_image","twitter_misc":{"Escrito por":"Comunicaci\u00f3 Esplac","Tiempo de lectura":"3 minutos"},"schema":{"@context":"https:\/\/schema.org","@graph":[{"@type":"Article","@id":"https:\/\/www.esplac.cat\/cursos-estiu-marta-mata-2022\/#article","isPartOf":{"@id":"https:\/\/www.esplac.cat\/cursos-estiu-marta-mata-2022\/"},"author":{"name":"Comunicaci\u00f3 Esplac","@id":"https:\/\/www.esplac.cat\/#\/schema\/person\/908383cf240be18b68f8855d0583faca"},"headline":"Cursos d&#8217;estiu Marta Mata 2022","datePublished":"2022-02-24T09:19:05+00:00","dateModified":"2023-02-10T09:55:12+00:00","mainEntityOfPage":{"@id":"https:\/\/www.esplac.cat\/cursos-estiu-marta-mata-2022\/"},"wordCount":624,"publisher":{"@id":"https:\/\/www.esplac.cat\/#organization"},"image":{"@id":"https:\/\/www.esplac.cat\/cursos-estiu-marta-mata-2022\/#primaryimage"},"thumbnailUrl":"https:\/\/www.esplac.cat\/wp-content\/uploads\/2022\/02\/MARTA-MATA-2022.jpg","articleSection":["Cursos i formacions"],"inLanguage":"es"},{"@type":"WebPage","@id":"https:\/\/www.esplac.cat\/cursos-estiu-marta-mata-2022\/","url":"https:\/\/www.esplac.cat\/cursos-estiu-marta-mata-2022\/","name":"Cursos d'estiu Marta Mata 2022 - Esplac","isPartOf":{"@id":"https:\/\/www.esplac.cat\/#website"},"primaryImageOfPage":{"@id":"https:\/\/www.esplac.cat\/cursos-estiu-marta-mata-2022\/#primaryimage"},"image":{"@id":"https:\/\/www.esplac.cat\/cursos-estiu-marta-mata-2022\/#primaryimage"},"thumbnailUrl":"https:\/\/www.esplac.cat\/wp-content\/uploads\/2022\/02\/MARTA-MATA-2022.jpg","datePublished":"2022-02-24T09:19:05+00:00","dateModified":"2023-02-10T09:55:12+00:00","breadcrumb":{"@id":"https:\/\/www.esplac.cat\/cursos-estiu-marta-mata-2022\/#breadcrumb"},"inLanguage":"es","potentialAction":[{"@type":"ReadAction","target":["https:\/\/www.esplac.cat\/cursos-estiu-marta-mata-2022\/"]}]},{"@type":"ImageObject","inLanguage":"es","@id":"https:\/\/www.esplac.cat\/cursos-estiu-marta-mata-2022\/#primaryimage","url":"https:\/\/www.esplac.cat\/wp-content\/uploads\/2022\/02\/MARTA-MATA-2022.jpg","contentUrl":"https:\/\/www.esplac.cat\/wp-content\/uploads\/2022\/02\/MARTA-MATA-2022.jpg","width":1694,"height":700},{"@type":"BreadcrumbList","@id":"https:\/\/www.esplac.cat\/cursos-estiu-marta-mata-2022\/#breadcrumb","itemListElement":[{"@type":"ListItem","position":1,"name":"Inici","item":"https:\/\/www.esplac.cat\/es\/"},{"@type":"ListItem","position":2,"name":"Cursos d&#8217;estiu Marta Mata 2022"}]},{"@type":"WebSite","@id":"https:\/\/www.esplac.cat\/#website","url":"https:\/\/www.esplac.cat\/","name":"Esplac","description":"Esplais Catalans","publisher":{"@id":"https:\/\/www.esplac.cat\/#organization"},"potentialAction":[{"@type":"SearchAction","target":{"@type":"EntryPoint","urlTemplate":"https:\/\/www.esplac.cat\/?s={search_term_string}"},"query-input":{"@type":"PropertyValueSpecification","valueRequired":true,"valueName":"search_term_string"}}],"inLanguage":"es"},{"@type":"Organization","@id":"https:\/\/www.esplac.cat\/#organization","name":"Esplac","url":"https:\/\/www.esplac.cat\/","logo":{"@type":"ImageObject","inLanguage":"es","@id":"https:\/\/www.esplac.cat\/#\/schema\/logo\/image\/","url":"https:\/\/www.esplac.cat\/wp-content\/uploads\/2019\/08\/logox2.png","contentUrl":"https:\/\/www.esplac.cat\/wp-content\/uploads\/2019\/08\/logox2.png","width":600,"height":295,"caption":"Esplac"},"image":{"@id":"https:\/\/www.esplac.cat\/#\/schema\/logo\/image\/"}},{"@type":"Person","@id":"https:\/\/www.esplac.cat\/#\/schema\/person\/908383cf240be18b68f8855d0583faca","name":"Comunicaci\u00f3 Esplac","image":{"@type":"ImageObject","inLanguage":"es","@id":"https:\/\/secure.gravatar.com\/avatar\/7a4cf8feb412a76ea4a740ca02d95b06b2907b5a6c648c2dd0a1082a093c3141?s=96&d=mm&r=g","url":"https:\/\/secure.gravatar.com\/avatar\/7a4cf8feb412a76ea4a740ca02d95b06b2907b5a6c648c2dd0a1082a093c3141?s=96&d=mm&r=g","contentUrl":"https:\/\/secure.gravatar.com\/avatar\/7a4cf8feb412a76ea4a740ca02d95b06b2907b5a6c648c2dd0a1082a093c3141?s=96&d=mm&r=g","caption":"Comunicaci\u00f3 Esplac"}}]}},"_links":{"self":[{"href":"https:\/\/www.esplac.cat\/es\/wp-json\/wp\/v2\/posts\/39325","targetHints":{"allow":["GET"]}}],"collection":[{"href":"https:\/\/www.esplac.cat\/es\/wp-json\/wp\/v2\/posts"}],"about":[{"href":"https:\/\/www.esplac.cat\/es\/wp-json\/wp\/v2\/types\/post"}],"author":[{"embeddable":true,"href":"https:\/\/www.esplac.cat\/es\/wp-json\/wp\/v2\/users\/3"}],"replies":[{"embeddable":true,"href":"https:\/\/www.esplac.cat\/es\/wp-json\/wp\/v2\/comments?post=39325"}],"version-history":[{"count":0,"href":"https:\/\/www.esplac.cat\/es\/wp-json\/wp\/v2\/posts\/39325\/revisions"}],"wp:featuredmedia":[{"embeddable":true,"href":"https:\/\/www.esplac.cat\/es\/wp-json\/wp\/v2\/media\/43497"}],"wp:attachment":[{"href":"https:\/\/www.esplac.cat\/es\/wp-json\/wp\/v2\/media?parent=39325"}],"wp:term":[{"taxonomy":"category","embeddable":true,"href":"https:\/\/www.esplac.cat\/es\/wp-json\/wp\/v2\/categories?post=39325"},{"taxonomy":"post_tag","embeddable":true,"href":"https:\/\/www.esplac.cat\/es\/wp-json\/wp\/v2\/tags?post=39325"}],"curies":[{"name":"wp","href":"https:\/\/api.w.org\/{rel}","templated":true}]}}