{"id":39489,"date":"2022-03-09T14:58:09","date_gmt":"2022-03-09T12:58:09","guid":{"rendered":"https:\/\/www.esplac.cat\/?p=39489"},"modified":"2022-03-09T14:58:09","modified_gmt":"2022-03-09T12:58:09","slug":"winter-school-21-22-formacions","status":"publish","type":"post","link":"https:\/\/www.esplac.cat\/es\/winter-school-21-22-formacions\/","title":{"rendered":"Winter School 21-22: \u00abAquelles formacions ens van canviar la manera de contemplar l\u2019educaci\u00f3\u00bb"},"content":{"rendered":"<p>Autoria: Laia, Clara i Marta, monitores d&#8217;esplais d&#8217;Esplac i participants de la Winter School 2021-22.<\/p>\n<hr \/>\n<p><span style=\"font-weight: 400;\">El passat mes de desembre, la Laia, la Clara i la Marta vam agafar un avi\u00f3 amb dest\u00ed Berl\u00edn. Les tres monitores d\u2019Esplac, vam volar fins a Alemanya per participar en la <strong>Winter School 2021-22<\/strong>, que va tenir lloc al <strong>Centre Kurt L\u00f6wenstein<\/strong> (Werftpfuhl).<\/span><\/p>\n<p><span style=\"font-weight: 400;\">En un inici, hav\u00edem de ser un total de 9 monitores d\u2019Esplac les que hav\u00edem d\u2019assistir a la darrera formaci\u00f3 de la Winter School, per\u00f2 l\u2019augment dels casos de la Covid-19, la por a les mesures i al contagi, entre d\u2019altres, van ser la ra\u00f3 per la qual finalment nom\u00e9s tres monitores vam gaudir d\u2019aquesta oportunitat.<\/span><\/p>\n<p><span style=\"font-weight: 400;\">Despr\u00e9s d\u2019unes quantes hores de cam\u00ed (un tren de l\u2019Aeroport a Berl\u00edn, un tren de Berl\u00edn a Werneuchen i finalment un bus de Werneuchen a Werftpfuhl) les monitores d\u2019Esplac vam arribar al Centre on passar\u00edem un total de <strong>vuit dies i set nits<\/strong>, <strong>i on aprendr\u00edem i viur\u00edem experi\u00e8ncies \u00faniques.<\/strong><\/span><\/p>\n<p><span style=\"font-weight: 400;\">La por al contagi, degut l\u2019augment de casos de la Covid-19, era present entre tots nosaltres. Per aquesta ra\u00f3, vam arribar tots els assistents de la Winter School amb una prova negativa de SARS-CoV-2, que ens va permetre estar m\u00e9s tranquils; tot i no deixar de prendre les mesures de prevenci\u00f3 de rentat de mans i mascareta.<\/span><\/p>\n<p><span style=\"font-weight: 400;\">Un cop all\u00e0, ens vam instal\u00b7lar a les nostres habitacions i vam comen\u00e7ar l\u2019aventura que ens esperava aquella setmana. Ens esperava una setmana de formacions sobre l\u2019<strong>Educaci\u00f3 formal i no formal, i joventuts LGTBIQ+.<\/strong><\/span><\/p>\n<p><span style=\"font-weight: 400;\">Despr\u00e9s d\u2019un primer dia de presentacions i jocs de coneixen\u00e7a, l\u2019endem\u00e0 al mat\u00ed ens vam endinsar en la formaci\u00f3 que portar\u00edem a terme els seg\u00fcents dies. A causa de la situaci\u00f3 pand\u00e8mica, nom\u00e9s es van poder realitzar dues formacions, de les quatre previstes, amb m\u00e9s de 20 participants a cadascuna. Les primeres sessions van ser comunes, on vam consensuar unes normes de conviv\u00e8ncia pel llarg de la setmana, vam parlar sobre les nostres associacions i sobre l\u2019adultcentrisme; tema que ens ha anat genial per tractar l\u2019Esplaiada en els nostres centres.<\/span><\/p>\n<p><span style=\"font-weight: 400;\">La formaci\u00f3 de l\u2019educaci\u00f3 formal democr\u00e0tica vam iniciar-la compartint tots i totes <strong>com era l\u2019educaci\u00f3 formal als nostres pa\u00efsos<\/strong>. Aix\u00f2 va ser molt interessant, ja que vam poder veure les similituds i difer\u00e8ncies entre els pa\u00efsos i ens va fer plantejar q\u00fcestions tan b\u00e0siques, per\u00f2 alhora tan complicades, com quin \u00e9s el millor sistema educatiu i els diferents preus que podia rebre aquesta.<\/span><\/p>\n<p><span style=\"font-weight: 400;\">Vam continuar parlant i discutint sobre els <strong>drets fonamentals de la inf\u00e0ncia i els principis democr\u00e0tics<\/strong>, per despr\u00e9s aprendre qu\u00e8 s\u00f3n les escoles democr\u00e0tiques i la difer\u00e8ncia entre tenir \u00f2rgans democr\u00e0tics dins les escoles o ensenyar de manera democr\u00e0tica. Aix\u00f2 ens va fer veure la quantitat de canvis i millores que podem portar a terme tamb\u00e9 en l&#8217;educaci\u00f3 no formal, per fer-la m\u00e9s democr\u00e0tica. Va ser en base aix\u00f2, sobre el que vam decidir fer el treball final de la Winter School, fent un tr\u00edptic sobre les bases de l\u2019educaci\u00f3 democr\u00e0tica i algunes din\u00e0miques que es podrien aplicar en el lleure.<\/span><\/p>\n<p><span style=\"font-weight: 400;\">L\u2019altra formaci\u00f3 tractava sobre <strong>joventuts LGTBIQ+<\/strong>, on vam definir cada una de les sigles, vam parlar de la nostra realitat i vam fer din\u00e0miques que ens van portar a una reflexi\u00f3 sobre els prejudicis i estereotips. Tamb\u00e9 vam parlar de temes com la <strong>interseccionalitat<\/strong>, i vam recalcar la import\u00e0ncia de les lluites fetes de manera interseccional; i de l\u2019educaci\u00f3 sexual, on vam veure que a tots els pa\u00efsos est\u00e0 encara molt enfocada cap a la cisheteronormativitat i queda molt per fer.\u00a0<\/span><\/p>\n<p><span style=\"font-weight: 400;\">Finalment, l\u2019\u00faltima sessi\u00f3 la vam dedicar a explicar la <strong>realitat dels nostres pa\u00efsos sobre els drets de les persones LGTBIQ+<\/strong>, les lleis que tenen cadascun dels pa\u00efsos respecte a les persones amb orientacions sexuals dissidents, persones trans, intersexuals i queer. A la majoria de pa\u00efsos del nord-est d\u2019Europa, les lleis s\u00f3n contr\u00e0ries al pensament d\u2019aquest col\u00b7lectiu i aquestes es troben en una situaci\u00f3 de viol\u00e8ncia i repressi\u00f3. Tot i que aquesta realitat tamb\u00e9 la vivim a Catalunya, el sentiment de rebuig per part de la societat no es viu de manera tan forta i tenim lleis que ens protegeixen m\u00e9s que a altres pa\u00efsos.<\/span><\/p>\n<p><span style=\"font-weight: 400;\">Com a part de la formaci\u00f3, la nit de Cap d&#8217;Any no vam deixar de treballar, i despr\u00e9s de sopar ben d\u2019hora, vam reunir-nos tots per exposar de qu\u00e8 tractava cada associaci\u00f3 que participava. Per la nostra banda, vam explicar que ven\u00edem des d\u2019Esplac, qu\u00e8 eren els esplais, la quantitat d\u2019aquests que hi havia repartits per tot Catalunya, la feina de les monitores, els valors que vol\u00edem transmetre a infants i joves, la missi\u00f3, la visi\u00f3, entre d\u2019altres, i tot aix\u00f2, mentre repart\u00edem carquinyolis!<\/span><\/p>\n<p><img decoding=\"async\" class=\"aligncenter size-full wp-image-39490\" src=\"https:\/\/www.esplac.cat\/wp-content\/uploads\/2022\/03\/unnamed.png\" alt=\"\" width=\"512\" height=\"320\" srcset=\"https:\/\/www.esplac.cat\/wp-content\/uploads\/2022\/03\/unnamed-200x125.png 200w, https:\/\/www.esplac.cat\/wp-content\/uploads\/2022\/03\/unnamed-300x188.png 300w, https:\/\/www.esplac.cat\/wp-content\/uploads\/2022\/03\/unnamed-400x250.png 400w, https:\/\/www.esplac.cat\/wp-content\/uploads\/2022\/03\/unnamed.png 512w\" sizes=\"(max-width: 512px) 100vw, 512px\" \/><\/p>\n<p><span style=\"font-weight: 400;\">L\u2019explicaci\u00f3 de totes les din\u00e0miques que vam portar a terme durant les formacions, podria ser molt i molt extensa<strong>, <\/strong>per\u00f2 creiem que s\u2019ha de viure per saber quines sensacions, coneixements i viv\u00e8ncies t\u2019aporta la formaci\u00f3 que vam realitzar.\u00a0<\/span><\/p>\n<p><span style=\"font-weight: 400;\">El que tenim clar, \u00e9s que les tres <strong>vam marxar del Centre amb una visi\u00f3 molt diferent respecte a l\u2019educaci\u00f3 del nostre pa\u00eds,<\/strong> i aix\u00ed mateix, amb un sac ple de recursos i experi\u00e8ncies per transmetre als nostres esplais. <strong>Aquelles formacions ens van canviar la manera de contemplar l\u2019educaci\u00f3, i tamb\u00e9 la visi\u00f3 del col\u00b7lectiu LGTBIQ+<\/strong>, i van permetre que marx\u00e9ssim amb una major formaci\u00f3 sobre aquelles mat\u00e8ries.\u00a0<\/span><\/p>\n<p><span style=\"font-weight: 400;\">Per\u00f2 no nom\u00e9s estava tot enfocat en aquestes dues formacions, sin\u00f3 que cada dia hi havia aprenentatges diversos. A m\u00e9s de les formacions, vam tenir l\u2019oportunitat de <strong>celebrar el Cap d&#8217;Any totes juntes al centre<\/strong>, coneixent diverses tradicions, m\u00fasica i experi\u00e8ncies, i alhora compartint les nostres. I \u00e9s que ens envoltaven participants, i ja podem dir amics, de pa\u00efsos ben diferents. Hi havia gent d\u2019Eslov\u00e8nia, d&#8217;Hongria, de Turquia, d&#8217;Ucra\u00efna, de Bielor\u00fassia, de Ge\u00f2rgia, del Per\u00fa, de Litu\u00e0nia i del Senegal.<\/span><\/p>\n<p><span style=\"font-weight: 400;\">La diversitat de pa\u00efsos, va fer que pogu\u00e9ssim con\u00e8ixer la situaci\u00f3 pol\u00edtica de tots ells, l&#8217;educaci\u00f3 ben diversa que rebien a cadascun, la repressi\u00f3 a l\u2019associacionisme, a l&#8217;orientaci\u00f3 sexual, a la ideologia, etc. Vam tenir el plaer de rebre una xerrada per part d\u2019una dona bielorussa que va exposar-nos la situaci\u00f3 del pa\u00eds i la repressi\u00f3 que patien tots aquells que no eren afins al r\u00e8gim.<\/span><\/p>\n<p><span style=\"font-weight: 400;\">Amb tot aix\u00f2, podem dir que vam sortir de la Winter School 2021-22 canviades pels lligams fets entre nosaltres i amb totes les altres organitzacions, aix\u00ed com per totes les realitats diverses que vam poder veure i compartir, i que ens van permetre donar gr\u00e0cies de certs drets que nosaltres disposem. Alhora vam marxar amb tristesa, ja que vam con\u00e8ixer molt m\u00e9s sobre viv\u00e8ncies ben injustes en diferents parts del m\u00f3n. <strong>Marx\u00e0vem a casa, amb la idea que calia canviar moltes coses al nostre pa\u00eds, per\u00f2 tamb\u00e9 a molts d\u2019altres.\u00a0<\/strong><\/span><\/p>\n<p><span style=\"font-weight: 400;\">Estem les tres molt agra\u00efdes per haver viscut aquesta oportunitat, per haver pogut gaudir d\u2019aquesta setmana a la Winter School 2021-22. Agra\u00efdes a Esplac per haver-nos ofert una beca que ens permet\u00e9s con\u00e8ixer m\u00f3n, i sobretot, voler un canvi. Tamb\u00e9 agra\u00efdes a l\u2019organitzaci\u00f3, que va intentar en tot moment garantir-nos una adequada formaci\u00f3, i va fer-nos sentir com a casa amb unes fabuloses instal\u00b7lacions. Agra\u00efdes als formadors i formadores que van saber transmetre i entusiasmar-nos amb tots els aprenentatges, fins i tot l\u2019endem\u00e0 de Cap d&#8217;Any, d\u2019una forma propera i din\u00e0mica. I per \u00faltim, agra\u00efdes a totes les amigues i companyes que ens emportem d\u2019aquesta experi\u00e8ncia, ja que totes i cadascuna d\u2019elles, ens van fer reflexionar, pensar, dubtar, i valorar moltes coses.<\/span><\/p>\n<p><span style=\"font-weight: 400;\">Aquest article \u00e9s un crit de qu\u00e8 vam viure, del que cal canviar i tamb\u00e9 un crit a encoratjar-vos a assistir a les properes formacions. S\u00f3n oportunitats formatives, per\u00f2 per sobre de tot, s\u00f3n experi\u00e8ncies personals que fan que puguem dur a terme la nostra tasca com educadors d\u2019una forma m\u00e9s humana.\u00a0<\/span><\/p>\n<p><span style=\"font-weight: 400;\">Teniu el suport i les eines, <span style=\"color: #ff9900;\"><a style=\"color: #ff9900;\" href=\"https:\/\/www.esplac.cat\/internacional\/\" target=\"_blank\" rel=\"noopener noreferrer\">participeu en formacions Internacionals<\/a><\/span>, valen molt i molt la pena!<\/span><\/p>\n","protected":false},"excerpt":{"rendered":"<p>Autoria: Laia, Clara i Marta, monitores d&#8217;esplais d&#8217;Esplac i participants [&hellip;]<\/p>\n","protected":false},"author":3,"featured_media":39493,"comment_status":"closed","ping_status":"closed","sticky":false,"template":"","format":"standard","meta":{"om_disable_all_campaigns":false,"_monsterinsights_skip_tracking":false,"_monsterinsights_sitenote_active":false,"_monsterinsights_sitenote_note":"","_monsterinsights_sitenote_category":0,"_uf_show_specific_survey":0,"_uf_disable_surveys":false,"footnotes":""},"categories":[1168],"tags":[],"class_list":["post-39489","post","type-post","status-publish","format-standard","has-post-thumbnail","hentry","category-creuant_mirades"],"yoast_head":"<!-- This site is optimized with the Yoast SEO plugin v27.5 - https:\/\/yoast.com\/product\/yoast-seo-wordpress\/ -->\n<title>Winter School 21-22: &quot;Aquelles formacions ens van canviar la manera de contemplar l\u2019educaci\u00f3&quot; - Esplac<\/title>\n<meta name=\"robots\" content=\"index, follow, max-snippet:-1, max-image-preview:large, max-video-preview:-1\" \/>\n<link rel=\"canonical\" href=\"https:\/\/www.esplac.cat\/winter-school-21-22-formacions\/\" \/>\n<meta property=\"og:locale\" content=\"es_ES\" \/>\n<meta property=\"og:type\" content=\"article\" \/>\n<meta property=\"og:title\" content=\"Winter School 21-22: &quot;Aquelles formacions ens van canviar la manera de contemplar l\u2019educaci\u00f3&quot; - Esplac\" \/>\n<meta property=\"og:description\" content=\"Autoria: Laia, Clara i Marta, monitores d&#8217;esplais d&#8217;Esplac i participants [&hellip;]\" \/>\n<meta property=\"og:url\" content=\"https:\/\/www.esplac.cat\/winter-school-21-22-formacions\/\" \/>\n<meta property=\"og:site_name\" content=\"Esplac\" \/>\n<meta property=\"article:published_time\" content=\"2022-03-09T12:58:09+00:00\" \/>\n<meta property=\"og:image\" content=\"https:\/\/www.esplac.cat\/wp-content\/uploads\/2022\/03\/creuant_mirades_winter.jpg\" \/>\n\t<meta property=\"og:image:width\" content=\"1694\" \/>\n\t<meta property=\"og:image:height\" content=\"700\" \/>\n\t<meta property=\"og:image:type\" content=\"image\/jpeg\" \/>\n<meta name=\"author\" content=\"Comunicaci\u00f3 Esplac\" \/>\n<meta name=\"twitter:card\" content=\"summary_large_image\" \/>\n<meta name=\"twitter:label1\" content=\"Escrito por\" \/>\n\t<meta name=\"twitter:data1\" content=\"Comunicaci\u00f3 Esplac\" \/>\n\t<meta name=\"twitter:label2\" content=\"Tiempo de lectura\" \/>\n\t<meta name=\"twitter:data2\" content=\"7 minutos\" \/>\n<script type=\"application\/ld+json\" class=\"yoast-schema-graph\">{\"@context\":\"https:\\\/\\\/schema.org\",\"@graph\":[{\"@type\":\"Article\",\"@id\":\"https:\\\/\\\/www.esplac.cat\\\/winter-school-21-22-formacions\\\/#article\",\"isPartOf\":{\"@id\":\"https:\\\/\\\/www.esplac.cat\\\/winter-school-21-22-formacions\\\/\"},\"author\":{\"name\":\"Comunicaci\u00f3 Esplac\",\"@id\":\"https:\\\/\\\/www.esplac.cat\\\/#\\\/schema\\\/person\\\/908383cf240be18b68f8855d0583faca\"},\"headline\":\"Winter School 21-22: \u00abAquelles formacions ens van canviar la manera de contemplar l\u2019educaci\u00f3\u00bb\",\"datePublished\":\"2022-03-09T12:58:09+00:00\",\"mainEntityOfPage\":{\"@id\":\"https:\\\/\\\/www.esplac.cat\\\/winter-school-21-22-formacions\\\/\"},\"wordCount\":1481,\"publisher\":{\"@id\":\"https:\\\/\\\/www.esplac.cat\\\/#organization\"},\"image\":{\"@id\":\"https:\\\/\\\/www.esplac.cat\\\/winter-school-21-22-formacions\\\/#primaryimage\"},\"thumbnailUrl\":\"https:\\\/\\\/www.esplac.cat\\\/wp-content\\\/uploads\\\/2022\\\/03\\\/creuant_mirades_winter.jpg\",\"articleSection\":[\"Creuant mirades\"],\"inLanguage\":\"es\"},{\"@type\":\"WebPage\",\"@id\":\"https:\\\/\\\/www.esplac.cat\\\/winter-school-21-22-formacions\\\/\",\"url\":\"https:\\\/\\\/www.esplac.cat\\\/winter-school-21-22-formacions\\\/\",\"name\":\"Winter School 21-22: \\\"Aquelles formacions ens van canviar la manera de contemplar l\u2019educaci\u00f3\\\" - Esplac\",\"isPartOf\":{\"@id\":\"https:\\\/\\\/www.esplac.cat\\\/#website\"},\"primaryImageOfPage\":{\"@id\":\"https:\\\/\\\/www.esplac.cat\\\/winter-school-21-22-formacions\\\/#primaryimage\"},\"image\":{\"@id\":\"https:\\\/\\\/www.esplac.cat\\\/winter-school-21-22-formacions\\\/#primaryimage\"},\"thumbnailUrl\":\"https:\\\/\\\/www.esplac.cat\\\/wp-content\\\/uploads\\\/2022\\\/03\\\/creuant_mirades_winter.jpg\",\"datePublished\":\"2022-03-09T12:58:09+00:00\",\"breadcrumb\":{\"@id\":\"https:\\\/\\\/www.esplac.cat\\\/winter-school-21-22-formacions\\\/#breadcrumb\"},\"inLanguage\":\"es\",\"potentialAction\":[{\"@type\":\"ReadAction\",\"target\":[\"https:\\\/\\\/www.esplac.cat\\\/winter-school-21-22-formacions\\\/\"]}]},{\"@type\":\"ImageObject\",\"inLanguage\":\"es\",\"@id\":\"https:\\\/\\\/www.esplac.cat\\\/winter-school-21-22-formacions\\\/#primaryimage\",\"url\":\"https:\\\/\\\/www.esplac.cat\\\/wp-content\\\/uploads\\\/2022\\\/03\\\/creuant_mirades_winter.jpg\",\"contentUrl\":\"https:\\\/\\\/www.esplac.cat\\\/wp-content\\\/uploads\\\/2022\\\/03\\\/creuant_mirades_winter.jpg\",\"width\":1694,\"height\":700},{\"@type\":\"BreadcrumbList\",\"@id\":\"https:\\\/\\\/www.esplac.cat\\\/winter-school-21-22-formacions\\\/#breadcrumb\",\"itemListElement\":[{\"@type\":\"ListItem\",\"position\":1,\"name\":\"Inici\",\"item\":\"https:\\\/\\\/www.esplac.cat\\\/es\\\/\"},{\"@type\":\"ListItem\",\"position\":2,\"name\":\"Winter School 21-22: &#8220;Aquelles formacions ens van canviar la manera de contemplar l\u2019educaci\u00f3&#8221;\"}]},{\"@type\":\"WebSite\",\"@id\":\"https:\\\/\\\/www.esplac.cat\\\/#website\",\"url\":\"https:\\\/\\\/www.esplac.cat\\\/\",\"name\":\"Esplac\",\"description\":\"Esplais Catalans\",\"publisher\":{\"@id\":\"https:\\\/\\\/www.esplac.cat\\\/#organization\"},\"potentialAction\":[{\"@type\":\"SearchAction\",\"target\":{\"@type\":\"EntryPoint\",\"urlTemplate\":\"https:\\\/\\\/www.esplac.cat\\\/?s={search_term_string}\"},\"query-input\":{\"@type\":\"PropertyValueSpecification\",\"valueRequired\":true,\"valueName\":\"search_term_string\"}}],\"inLanguage\":\"es\"},{\"@type\":\"Organization\",\"@id\":\"https:\\\/\\\/www.esplac.cat\\\/#organization\",\"name\":\"Esplac\",\"url\":\"https:\\\/\\\/www.esplac.cat\\\/\",\"logo\":{\"@type\":\"ImageObject\",\"inLanguage\":\"es\",\"@id\":\"https:\\\/\\\/www.esplac.cat\\\/#\\\/schema\\\/logo\\\/image\\\/\",\"url\":\"https:\\\/\\\/www.esplac.cat\\\/wp-content\\\/uploads\\\/2019\\\/08\\\/logox2.png\",\"contentUrl\":\"https:\\\/\\\/www.esplac.cat\\\/wp-content\\\/uploads\\\/2019\\\/08\\\/logox2.png\",\"width\":600,\"height\":295,\"caption\":\"Esplac\"},\"image\":{\"@id\":\"https:\\\/\\\/www.esplac.cat\\\/#\\\/schema\\\/logo\\\/image\\\/\"}},{\"@type\":\"Person\",\"@id\":\"https:\\\/\\\/www.esplac.cat\\\/#\\\/schema\\\/person\\\/908383cf240be18b68f8855d0583faca\",\"name\":\"Comunicaci\u00f3 Esplac\",\"image\":{\"@type\":\"ImageObject\",\"inLanguage\":\"es\",\"@id\":\"https:\\\/\\\/secure.gravatar.com\\\/avatar\\\/7a4cf8feb412a76ea4a740ca02d95b06b2907b5a6c648c2dd0a1082a093c3141?s=96&d=mm&r=g\",\"url\":\"https:\\\/\\\/secure.gravatar.com\\\/avatar\\\/7a4cf8feb412a76ea4a740ca02d95b06b2907b5a6c648c2dd0a1082a093c3141?s=96&d=mm&r=g\",\"contentUrl\":\"https:\\\/\\\/secure.gravatar.com\\\/avatar\\\/7a4cf8feb412a76ea4a740ca02d95b06b2907b5a6c648c2dd0a1082a093c3141?s=96&d=mm&r=g\",\"caption\":\"Comunicaci\u00f3 Esplac\"}}]}<\/script>\n<!-- \/ Yoast SEO plugin. -->","yoast_head_json":{"title":"Winter School 21-22: \"Aquelles formacions ens van canviar la manera de contemplar l\u2019educaci\u00f3\" - Esplac","robots":{"index":"index","follow":"follow","max-snippet":"max-snippet:-1","max-image-preview":"max-image-preview:large","max-video-preview":"max-video-preview:-1"},"canonical":"https:\/\/www.esplac.cat\/winter-school-21-22-formacions\/","og_locale":"es_ES","og_type":"article","og_title":"Winter School 21-22: \"Aquelles formacions ens van canviar la manera de contemplar l\u2019educaci\u00f3\" - Esplac","og_description":"Autoria: Laia, Clara i Marta, monitores d&#8217;esplais d&#8217;Esplac i participants [&hellip;]","og_url":"https:\/\/www.esplac.cat\/winter-school-21-22-formacions\/","og_site_name":"Esplac","article_published_time":"2022-03-09T12:58:09+00:00","og_image":[{"width":1694,"height":700,"url":"https:\/\/www.esplac.cat\/wp-content\/uploads\/2022\/03\/creuant_mirades_winter.jpg","type":"image\/jpeg"}],"author":"Comunicaci\u00f3 Esplac","twitter_card":"summary_large_image","twitter_misc":{"Escrito por":"Comunicaci\u00f3 Esplac","Tiempo de lectura":"7 minutos"},"schema":{"@context":"https:\/\/schema.org","@graph":[{"@type":"Article","@id":"https:\/\/www.esplac.cat\/winter-school-21-22-formacions\/#article","isPartOf":{"@id":"https:\/\/www.esplac.cat\/winter-school-21-22-formacions\/"},"author":{"name":"Comunicaci\u00f3 Esplac","@id":"https:\/\/www.esplac.cat\/#\/schema\/person\/908383cf240be18b68f8855d0583faca"},"headline":"Winter School 21-22: \u00abAquelles formacions ens van canviar la manera de contemplar l\u2019educaci\u00f3\u00bb","datePublished":"2022-03-09T12:58:09+00:00","mainEntityOfPage":{"@id":"https:\/\/www.esplac.cat\/winter-school-21-22-formacions\/"},"wordCount":1481,"publisher":{"@id":"https:\/\/www.esplac.cat\/#organization"},"image":{"@id":"https:\/\/www.esplac.cat\/winter-school-21-22-formacions\/#primaryimage"},"thumbnailUrl":"https:\/\/www.esplac.cat\/wp-content\/uploads\/2022\/03\/creuant_mirades_winter.jpg","articleSection":["Creuant mirades"],"inLanguage":"es"},{"@type":"WebPage","@id":"https:\/\/www.esplac.cat\/winter-school-21-22-formacions\/","url":"https:\/\/www.esplac.cat\/winter-school-21-22-formacions\/","name":"Winter School 21-22: \"Aquelles formacions ens van canviar la manera de contemplar l\u2019educaci\u00f3\" - Esplac","isPartOf":{"@id":"https:\/\/www.esplac.cat\/#website"},"primaryImageOfPage":{"@id":"https:\/\/www.esplac.cat\/winter-school-21-22-formacions\/#primaryimage"},"image":{"@id":"https:\/\/www.esplac.cat\/winter-school-21-22-formacions\/#primaryimage"},"thumbnailUrl":"https:\/\/www.esplac.cat\/wp-content\/uploads\/2022\/03\/creuant_mirades_winter.jpg","datePublished":"2022-03-09T12:58:09+00:00","breadcrumb":{"@id":"https:\/\/www.esplac.cat\/winter-school-21-22-formacions\/#breadcrumb"},"inLanguage":"es","potentialAction":[{"@type":"ReadAction","target":["https:\/\/www.esplac.cat\/winter-school-21-22-formacions\/"]}]},{"@type":"ImageObject","inLanguage":"es","@id":"https:\/\/www.esplac.cat\/winter-school-21-22-formacions\/#primaryimage","url":"https:\/\/www.esplac.cat\/wp-content\/uploads\/2022\/03\/creuant_mirades_winter.jpg","contentUrl":"https:\/\/www.esplac.cat\/wp-content\/uploads\/2022\/03\/creuant_mirades_winter.jpg","width":1694,"height":700},{"@type":"BreadcrumbList","@id":"https:\/\/www.esplac.cat\/winter-school-21-22-formacions\/#breadcrumb","itemListElement":[{"@type":"ListItem","position":1,"name":"Inici","item":"https:\/\/www.esplac.cat\/es\/"},{"@type":"ListItem","position":2,"name":"Winter School 21-22: &#8220;Aquelles formacions ens van canviar la manera de contemplar l\u2019educaci\u00f3&#8221;"}]},{"@type":"WebSite","@id":"https:\/\/www.esplac.cat\/#website","url":"https:\/\/www.esplac.cat\/","name":"Esplac","description":"Esplais Catalans","publisher":{"@id":"https:\/\/www.esplac.cat\/#organization"},"potentialAction":[{"@type":"SearchAction","target":{"@type":"EntryPoint","urlTemplate":"https:\/\/www.esplac.cat\/?s={search_term_string}"},"query-input":{"@type":"PropertyValueSpecification","valueRequired":true,"valueName":"search_term_string"}}],"inLanguage":"es"},{"@type":"Organization","@id":"https:\/\/www.esplac.cat\/#organization","name":"Esplac","url":"https:\/\/www.esplac.cat\/","logo":{"@type":"ImageObject","inLanguage":"es","@id":"https:\/\/www.esplac.cat\/#\/schema\/logo\/image\/","url":"https:\/\/www.esplac.cat\/wp-content\/uploads\/2019\/08\/logox2.png","contentUrl":"https:\/\/www.esplac.cat\/wp-content\/uploads\/2019\/08\/logox2.png","width":600,"height":295,"caption":"Esplac"},"image":{"@id":"https:\/\/www.esplac.cat\/#\/schema\/logo\/image\/"}},{"@type":"Person","@id":"https:\/\/www.esplac.cat\/#\/schema\/person\/908383cf240be18b68f8855d0583faca","name":"Comunicaci\u00f3 Esplac","image":{"@type":"ImageObject","inLanguage":"es","@id":"https:\/\/secure.gravatar.com\/avatar\/7a4cf8feb412a76ea4a740ca02d95b06b2907b5a6c648c2dd0a1082a093c3141?s=96&d=mm&r=g","url":"https:\/\/secure.gravatar.com\/avatar\/7a4cf8feb412a76ea4a740ca02d95b06b2907b5a6c648c2dd0a1082a093c3141?s=96&d=mm&r=g","contentUrl":"https:\/\/secure.gravatar.com\/avatar\/7a4cf8feb412a76ea4a740ca02d95b06b2907b5a6c648c2dd0a1082a093c3141?s=96&d=mm&r=g","caption":"Comunicaci\u00f3 Esplac"}}]}},"_links":{"self":[{"href":"https:\/\/www.esplac.cat\/es\/wp-json\/wp\/v2\/posts\/39489","targetHints":{"allow":["GET"]}}],"collection":[{"href":"https:\/\/www.esplac.cat\/es\/wp-json\/wp\/v2\/posts"}],"about":[{"href":"https:\/\/www.esplac.cat\/es\/wp-json\/wp\/v2\/types\/post"}],"author":[{"embeddable":true,"href":"https:\/\/www.esplac.cat\/es\/wp-json\/wp\/v2\/users\/3"}],"replies":[{"embeddable":true,"href":"https:\/\/www.esplac.cat\/es\/wp-json\/wp\/v2\/comments?post=39489"}],"version-history":[{"count":0,"href":"https:\/\/www.esplac.cat\/es\/wp-json\/wp\/v2\/posts\/39489\/revisions"}],"wp:featuredmedia":[{"embeddable":true,"href":"https:\/\/www.esplac.cat\/es\/wp-json\/wp\/v2\/media\/39493"}],"wp:attachment":[{"href":"https:\/\/www.esplac.cat\/es\/wp-json\/wp\/v2\/media?parent=39489"}],"wp:term":[{"taxonomy":"category","embeddable":true,"href":"https:\/\/www.esplac.cat\/es\/wp-json\/wp\/v2\/categories?post=39489"},{"taxonomy":"post_tag","embeddable":true,"href":"https:\/\/www.esplac.cat\/es\/wp-json\/wp\/v2\/tags?post=39489"}],"curies":[{"name":"wp","href":"https:\/\/api.w.org\/{rel}","templated":true}]}}