{"id":39703,"date":"2022-03-24T13:32:43","date_gmt":"2022-03-24T11:32:43","guid":{"rendered":"https:\/\/www.esplac.cat\/?p=39703"},"modified":"2022-03-24T13:32:43","modified_gmt":"2022-03-24T11:32:43","slug":"infants-projecte-internacional-kids-got-rights-retroben-barcelona","status":"publish","type":"post","link":"https:\/\/www.esplac.cat\/es\/infants-projecte-internacional-kids-got-rights-retroben-barcelona\/","title":{"rendered":"Infants del projecte internacional Kids Got Rights es retroben a Barcelona"},"content":{"rendered":"<h6 dir=\"auto\"><strong>Del 10 al 13 de mar\u00e7 el grup d&#8217;Esplac del projecte internacional Kids Got Rights (infants de l&#8217;Esplai Xirusplai) van rebre a Barcelona als infants d&#8217;Anglaterra, It\u00e0lia, Dinamarca, Eslov\u00e8nia, Finl\u00e0ndia i Alemanya per dur a terme el Check-in Meeting.\u00a0<\/strong><\/h6>\n<div dir=\"auto\">Alguns dels infants d&#8217;Esplac que participen en el <strong>projecte Kids Got Rights<\/strong> van rebre a Barcelona, del 10 al 13 de mar\u00e7, a la resta de pa\u00efsos del projecte. Al llarg dels dies van fer diferents jocs i van debatre molt. Van con\u00e8ixer l<span style=\"color: #ff9900;\"><a style=\"color: #ff9900;\" href=\"https:\/\/ifm-sei.org\/\" target=\"_blank\" rel=\"noopener noreferrer\"><span style=\"color: #000000;\">&#8216;<\/span>IFM-SEI<\/a><\/span>, l&#8217;entitat que coordina el projecte, i l&#8217;equip de recerca de la Universitat de Barcelona, que els hi van fer una gimcana perqu\u00e8 seguint unes pistes, a part de veure Barcelona, coneguessin el que havien estat fent els \u00faltims mesos els seus companys de projecte. I per fer cohesi\u00f3 nocturna, de ressop\u00f3 es van intercanviar els menjars t\u00edpics que havien portat de cada pa\u00eds.<\/div>\n<p>Un cop m\u00e9s, la trobada ha sigut un \u00e8xit. Ara, toca carregar les piles per explicar-ho a la resta de companys i per preparar-se pel seg\u00fcent dest\u00ed&#8230; per setmana santa quatre infants m\u00e9s es retrobaran a \u00c0ustria amb els altres grups i en tenen moltes ganes!<\/p>\n<p><strong>Qu\u00e8 \u00e9s el projecte Kids Got Rights?<\/strong><\/p>\n<p>\u00c9s el projecte que reclama els Drets dels Infants en qu\u00e8 els propis participants s\u00f3n\u00a0protagonistes del desenvolupament i implementaci\u00f3 del projecte. Com? Doncs participant en reunions i activitats amb altres infants, formant-se, organitzant tallers i formacions\u2026 Aix\u00ed doncs l\u2019objectiu primordial \u00e9s <strong>posar en pr\u00e0ctica la participaci\u00f3 infantil<\/strong> <strong>per tal de prendre consci\u00e8ncia dels propis drets i fer incid\u00e8ncia al seu entorn.<\/strong><\/p>\n<p>\u00c9s un projecte coordinat per la IFM-SEI i que compta amb la participaci\u00f3 d\u2019Esplac i altres entitats d\u2019educaci\u00f3 no-formal d\u2019Anglaterra, It\u00e0lia, Dinamarca, Esl\u00f2venia, Finl\u00e0ndia i Alemanya. A m\u00e9s a m\u00e9s, tamb\u00e9 hi participa un grup de recerca de la Universitat de Barcelona, que proporciona eines per posar en pr\u00e0ctica la participaci\u00f3 infantil.<\/p>\n","protected":false},"excerpt":{"rendered":"<p>Del 10 al 13 de mar\u00e7 el grup d&#8217;Esplac del [&hellip;]<\/p>\n","protected":false},"author":3,"featured_media":39705,"comment_status":"closed","ping_status":"closed","sticky":false,"template":"","format":"standard","meta":{"om_disable_all_campaigns":false,"_monsterinsights_skip_tracking":false,"_monsterinsights_sitenote_active":false,"_monsterinsights_sitenote_note":"","_monsterinsights_sitenote_category":0,"_uf_show_specific_survey":0,"_uf_disable_surveys":false,"footnotes":""},"categories":[1112],"tags":[],"class_list":["post-39703","post","type-post","status-publish","format-standard","has-post-thumbnail","hentry","category-esplac-al-mon"],"yoast_head":"<!-- This site is optimized with the Yoast SEO plugin v27.5 - https:\/\/yoast.com\/product\/yoast-seo-wordpress\/ -->\n<title>Infants del projecte internacional Kids Got Rights es retroben a Barcelona - Esplac<\/title>\n<meta name=\"description\" content=\"Del 10 al 13 de mar\u00e7 el grup d&#039;Esplac del projecte internacional Kids Got Rights (infants de l&#039;Esplai Xirusplai) van rebre a Barcelona als infants d&#039;Anglaterra, It\u00e0lia, Dinamarca, Eslov\u00e8nia, Finl\u00e0ndia i Alemanya per dur a terme el Cheek-in Merting.\u00a0\" \/>\n<meta name=\"robots\" content=\"index, follow, max-snippet:-1, max-image-preview:large, max-video-preview:-1\" \/>\n<link rel=\"canonical\" href=\"https:\/\/www.esplac.cat\/es\/infants-projecte-internacional-kids-got-rights-retroben-barcelona\/\" \/>\n<meta property=\"og:locale\" content=\"es_ES\" \/>\n<meta property=\"og:type\" content=\"article\" \/>\n<meta property=\"og:title\" content=\"Infants del projecte internacional Kids Got Rights es retroben a Barcelona - Esplac\" \/>\n<meta property=\"og:description\" content=\"Del 10 al 13 de mar\u00e7 el grup d&#039;Esplac del projecte internacional Kids Got Rights (infants de l&#039;Esplai Xirusplai) van rebre a Barcelona als infants d&#039;Anglaterra, It\u00e0lia, Dinamarca, Eslov\u00e8nia, Finl\u00e0ndia i Alemanya per dur a terme el Cheek-in Merting.\u00a0\" \/>\n<meta property=\"og:url\" content=\"https:\/\/www.esplac.cat\/es\/infants-projecte-internacional-kids-got-rights-retroben-barcelona\/\" \/>\n<meta property=\"og:site_name\" content=\"Esplac\" \/>\n<meta property=\"article:published_time\" content=\"2022-03-24T11:32:43+00:00\" \/>\n<meta property=\"og:image\" content=\"https:\/\/www.esplac.cat\/wp-content\/uploads\/2022\/03\/portada_KGR-barcelona.jpg\" \/>\n\t<meta property=\"og:image:width\" content=\"1694\" \/>\n\t<meta property=\"og:image:height\" content=\"700\" \/>\n\t<meta property=\"og:image:type\" content=\"image\/jpeg\" \/>\n<meta name=\"author\" content=\"Comunicaci\u00f3 Esplac\" \/>\n<meta name=\"twitter:card\" content=\"summary_large_image\" \/>\n<meta name=\"twitter:label1\" content=\"Escrito por\" \/>\n\t<meta name=\"twitter:data1\" content=\"Comunicaci\u00f3 Esplac\" \/>\n\t<meta name=\"twitter:label2\" content=\"Tiempo de lectura\" \/>\n\t<meta name=\"twitter:data2\" content=\"2 minutos\" \/>\n<script type=\"application\/ld+json\" class=\"yoast-schema-graph\">{\"@context\":\"https:\\\/\\\/schema.org\",\"@graph\":[{\"@type\":\"Article\",\"@id\":\"https:\\\/\\\/www.esplac.cat\\\/es\\\/infants-projecte-internacional-kids-got-rights-retroben-barcelona\\\/#article\",\"isPartOf\":{\"@id\":\"https:\\\/\\\/www.esplac.cat\\\/es\\\/infants-projecte-internacional-kids-got-rights-retroben-barcelona\\\/\"},\"author\":{\"name\":\"Comunicaci\u00f3 Esplac\",\"@id\":\"https:\\\/\\\/www.esplac.cat\\\/#\\\/schema\\\/person\\\/908383cf240be18b68f8855d0583faca\"},\"headline\":\"Infants del projecte internacional Kids Got Rights es retroben a Barcelona\",\"datePublished\":\"2022-03-24T11:32:43+00:00\",\"mainEntityOfPage\":{\"@id\":\"https:\\\/\\\/www.esplac.cat\\\/es\\\/infants-projecte-internacional-kids-got-rights-retroben-barcelona\\\/\"},\"wordCount\":351,\"publisher\":{\"@id\":\"https:\\\/\\\/www.esplac.cat\\\/#organization\"},\"image\":{\"@id\":\"https:\\\/\\\/www.esplac.cat\\\/es\\\/infants-projecte-internacional-kids-got-rights-retroben-barcelona\\\/#primaryimage\"},\"thumbnailUrl\":\"https:\\\/\\\/www.esplac.cat\\\/wp-content\\\/uploads\\\/2022\\\/03\\\/portada_KGR-barcelona.jpg\",\"articleSection\":[\"Esplac al m\u00f3n\"],\"inLanguage\":\"es\"},{\"@type\":\"WebPage\",\"@id\":\"https:\\\/\\\/www.esplac.cat\\\/es\\\/infants-projecte-internacional-kids-got-rights-retroben-barcelona\\\/\",\"url\":\"https:\\\/\\\/www.esplac.cat\\\/es\\\/infants-projecte-internacional-kids-got-rights-retroben-barcelona\\\/\",\"name\":\"Infants del projecte internacional Kids Got Rights es retroben a Barcelona - Esplac\",\"isPartOf\":{\"@id\":\"https:\\\/\\\/www.esplac.cat\\\/#website\"},\"primaryImageOfPage\":{\"@id\":\"https:\\\/\\\/www.esplac.cat\\\/es\\\/infants-projecte-internacional-kids-got-rights-retroben-barcelona\\\/#primaryimage\"},\"image\":{\"@id\":\"https:\\\/\\\/www.esplac.cat\\\/es\\\/infants-projecte-internacional-kids-got-rights-retroben-barcelona\\\/#primaryimage\"},\"thumbnailUrl\":\"https:\\\/\\\/www.esplac.cat\\\/wp-content\\\/uploads\\\/2022\\\/03\\\/portada_KGR-barcelona.jpg\",\"datePublished\":\"2022-03-24T11:32:43+00:00\",\"description\":\"Del 10 al 13 de mar\u00e7 el grup d'Esplac del projecte internacional Kids Got Rights (infants de l'Esplai Xirusplai) van rebre a Barcelona als infants d'Anglaterra, It\u00e0lia, Dinamarca, Eslov\u00e8nia, Finl\u00e0ndia i Alemanya per dur a terme el Cheek-in Merting.\u00a0\",\"breadcrumb\":{\"@id\":\"https:\\\/\\\/www.esplac.cat\\\/es\\\/infants-projecte-internacional-kids-got-rights-retroben-barcelona\\\/#breadcrumb\"},\"inLanguage\":\"es\",\"potentialAction\":[{\"@type\":\"ReadAction\",\"target\":[\"https:\\\/\\\/www.esplac.cat\\\/es\\\/infants-projecte-internacional-kids-got-rights-retroben-barcelona\\\/\"]}]},{\"@type\":\"ImageObject\",\"inLanguage\":\"es\",\"@id\":\"https:\\\/\\\/www.esplac.cat\\\/es\\\/infants-projecte-internacional-kids-got-rights-retroben-barcelona\\\/#primaryimage\",\"url\":\"https:\\\/\\\/www.esplac.cat\\\/wp-content\\\/uploads\\\/2022\\\/03\\\/portada_KGR-barcelona.jpg\",\"contentUrl\":\"https:\\\/\\\/www.esplac.cat\\\/wp-content\\\/uploads\\\/2022\\\/03\\\/portada_KGR-barcelona.jpg\",\"width\":1694,\"height\":700},{\"@type\":\"BreadcrumbList\",\"@id\":\"https:\\\/\\\/www.esplac.cat\\\/es\\\/infants-projecte-internacional-kids-got-rights-retroben-barcelona\\\/#breadcrumb\",\"itemListElement\":[{\"@type\":\"ListItem\",\"position\":1,\"name\":\"Inici\",\"item\":\"https:\\\/\\\/www.esplac.cat\\\/es\\\/\"},{\"@type\":\"ListItem\",\"position\":2,\"name\":\"Infants del projecte internacional Kids Got Rights es retroben a Barcelona\"}]},{\"@type\":\"WebSite\",\"@id\":\"https:\\\/\\\/www.esplac.cat\\\/#website\",\"url\":\"https:\\\/\\\/www.esplac.cat\\\/\",\"name\":\"Esplac\",\"description\":\"Esplais Catalans\",\"publisher\":{\"@id\":\"https:\\\/\\\/www.esplac.cat\\\/#organization\"},\"potentialAction\":[{\"@type\":\"SearchAction\",\"target\":{\"@type\":\"EntryPoint\",\"urlTemplate\":\"https:\\\/\\\/www.esplac.cat\\\/?s={search_term_string}\"},\"query-input\":{\"@type\":\"PropertyValueSpecification\",\"valueRequired\":true,\"valueName\":\"search_term_string\"}}],\"inLanguage\":\"es\"},{\"@type\":\"Organization\",\"@id\":\"https:\\\/\\\/www.esplac.cat\\\/#organization\",\"name\":\"Esplac\",\"url\":\"https:\\\/\\\/www.esplac.cat\\\/\",\"logo\":{\"@type\":\"ImageObject\",\"inLanguage\":\"es\",\"@id\":\"https:\\\/\\\/www.esplac.cat\\\/#\\\/schema\\\/logo\\\/image\\\/\",\"url\":\"https:\\\/\\\/www.esplac.cat\\\/wp-content\\\/uploads\\\/2019\\\/08\\\/logox2.png\",\"contentUrl\":\"https:\\\/\\\/www.esplac.cat\\\/wp-content\\\/uploads\\\/2019\\\/08\\\/logox2.png\",\"width\":600,\"height\":295,\"caption\":\"Esplac\"},\"image\":{\"@id\":\"https:\\\/\\\/www.esplac.cat\\\/#\\\/schema\\\/logo\\\/image\\\/\"}},{\"@type\":\"Person\",\"@id\":\"https:\\\/\\\/www.esplac.cat\\\/#\\\/schema\\\/person\\\/908383cf240be18b68f8855d0583faca\",\"name\":\"Comunicaci\u00f3 Esplac\",\"image\":{\"@type\":\"ImageObject\",\"inLanguage\":\"es\",\"@id\":\"https:\\\/\\\/secure.gravatar.com\\\/avatar\\\/7a4cf8feb412a76ea4a740ca02d95b06b2907b5a6c648c2dd0a1082a093c3141?s=96&d=mm&r=g\",\"url\":\"https:\\\/\\\/secure.gravatar.com\\\/avatar\\\/7a4cf8feb412a76ea4a740ca02d95b06b2907b5a6c648c2dd0a1082a093c3141?s=96&d=mm&r=g\",\"contentUrl\":\"https:\\\/\\\/secure.gravatar.com\\\/avatar\\\/7a4cf8feb412a76ea4a740ca02d95b06b2907b5a6c648c2dd0a1082a093c3141?s=96&d=mm&r=g\",\"caption\":\"Comunicaci\u00f3 Esplac\"}}]}<\/script>\n<!-- \/ Yoast SEO plugin. -->","yoast_head_json":{"title":"Infants del projecte internacional Kids Got Rights es retroben a Barcelona - Esplac","description":"Del 10 al 13 de mar\u00e7 el grup d'Esplac del projecte internacional Kids Got Rights (infants de l'Esplai Xirusplai) van rebre a Barcelona als infants d'Anglaterra, It\u00e0lia, Dinamarca, Eslov\u00e8nia, Finl\u00e0ndia i Alemanya per dur a terme el Cheek-in Merting.\u00a0","robots":{"index":"index","follow":"follow","max-snippet":"max-snippet:-1","max-image-preview":"max-image-preview:large","max-video-preview":"max-video-preview:-1"},"canonical":"https:\/\/www.esplac.cat\/es\/infants-projecte-internacional-kids-got-rights-retroben-barcelona\/","og_locale":"es_ES","og_type":"article","og_title":"Infants del projecte internacional Kids Got Rights es retroben a Barcelona - Esplac","og_description":"Del 10 al 13 de mar\u00e7 el grup d'Esplac del projecte internacional Kids Got Rights (infants de l'Esplai Xirusplai) van rebre a Barcelona als infants d'Anglaterra, It\u00e0lia, Dinamarca, Eslov\u00e8nia, Finl\u00e0ndia i Alemanya per dur a terme el Cheek-in Merting.\u00a0","og_url":"https:\/\/www.esplac.cat\/es\/infants-projecte-internacional-kids-got-rights-retroben-barcelona\/","og_site_name":"Esplac","article_published_time":"2022-03-24T11:32:43+00:00","og_image":[{"width":1694,"height":700,"url":"https:\/\/www.esplac.cat\/wp-content\/uploads\/2022\/03\/portada_KGR-barcelona.jpg","type":"image\/jpeg"}],"author":"Comunicaci\u00f3 Esplac","twitter_card":"summary_large_image","twitter_misc":{"Escrito por":"Comunicaci\u00f3 Esplac","Tiempo de lectura":"2 minutos"},"schema":{"@context":"https:\/\/schema.org","@graph":[{"@type":"Article","@id":"https:\/\/www.esplac.cat\/es\/infants-projecte-internacional-kids-got-rights-retroben-barcelona\/#article","isPartOf":{"@id":"https:\/\/www.esplac.cat\/es\/infants-projecte-internacional-kids-got-rights-retroben-barcelona\/"},"author":{"name":"Comunicaci\u00f3 Esplac","@id":"https:\/\/www.esplac.cat\/#\/schema\/person\/908383cf240be18b68f8855d0583faca"},"headline":"Infants del projecte internacional Kids Got Rights es retroben a Barcelona","datePublished":"2022-03-24T11:32:43+00:00","mainEntityOfPage":{"@id":"https:\/\/www.esplac.cat\/es\/infants-projecte-internacional-kids-got-rights-retroben-barcelona\/"},"wordCount":351,"publisher":{"@id":"https:\/\/www.esplac.cat\/#organization"},"image":{"@id":"https:\/\/www.esplac.cat\/es\/infants-projecte-internacional-kids-got-rights-retroben-barcelona\/#primaryimage"},"thumbnailUrl":"https:\/\/www.esplac.cat\/wp-content\/uploads\/2022\/03\/portada_KGR-barcelona.jpg","articleSection":["Esplac al m\u00f3n"],"inLanguage":"es"},{"@type":"WebPage","@id":"https:\/\/www.esplac.cat\/es\/infants-projecte-internacional-kids-got-rights-retroben-barcelona\/","url":"https:\/\/www.esplac.cat\/es\/infants-projecte-internacional-kids-got-rights-retroben-barcelona\/","name":"Infants del projecte internacional Kids Got Rights es retroben a Barcelona - Esplac","isPartOf":{"@id":"https:\/\/www.esplac.cat\/#website"},"primaryImageOfPage":{"@id":"https:\/\/www.esplac.cat\/es\/infants-projecte-internacional-kids-got-rights-retroben-barcelona\/#primaryimage"},"image":{"@id":"https:\/\/www.esplac.cat\/es\/infants-projecte-internacional-kids-got-rights-retroben-barcelona\/#primaryimage"},"thumbnailUrl":"https:\/\/www.esplac.cat\/wp-content\/uploads\/2022\/03\/portada_KGR-barcelona.jpg","datePublished":"2022-03-24T11:32:43+00:00","description":"Del 10 al 13 de mar\u00e7 el grup d'Esplac del projecte internacional Kids Got Rights (infants de l'Esplai Xirusplai) van rebre a Barcelona als infants d'Anglaterra, It\u00e0lia, Dinamarca, Eslov\u00e8nia, Finl\u00e0ndia i Alemanya per dur a terme el Cheek-in Merting.\u00a0","breadcrumb":{"@id":"https:\/\/www.esplac.cat\/es\/infants-projecte-internacional-kids-got-rights-retroben-barcelona\/#breadcrumb"},"inLanguage":"es","potentialAction":[{"@type":"ReadAction","target":["https:\/\/www.esplac.cat\/es\/infants-projecte-internacional-kids-got-rights-retroben-barcelona\/"]}]},{"@type":"ImageObject","inLanguage":"es","@id":"https:\/\/www.esplac.cat\/es\/infants-projecte-internacional-kids-got-rights-retroben-barcelona\/#primaryimage","url":"https:\/\/www.esplac.cat\/wp-content\/uploads\/2022\/03\/portada_KGR-barcelona.jpg","contentUrl":"https:\/\/www.esplac.cat\/wp-content\/uploads\/2022\/03\/portada_KGR-barcelona.jpg","width":1694,"height":700},{"@type":"BreadcrumbList","@id":"https:\/\/www.esplac.cat\/es\/infants-projecte-internacional-kids-got-rights-retroben-barcelona\/#breadcrumb","itemListElement":[{"@type":"ListItem","position":1,"name":"Inici","item":"https:\/\/www.esplac.cat\/es\/"},{"@type":"ListItem","position":2,"name":"Infants del projecte internacional Kids Got Rights es retroben a Barcelona"}]},{"@type":"WebSite","@id":"https:\/\/www.esplac.cat\/#website","url":"https:\/\/www.esplac.cat\/","name":"Esplac","description":"Esplais Catalans","publisher":{"@id":"https:\/\/www.esplac.cat\/#organization"},"potentialAction":[{"@type":"SearchAction","target":{"@type":"EntryPoint","urlTemplate":"https:\/\/www.esplac.cat\/?s={search_term_string}"},"query-input":{"@type":"PropertyValueSpecification","valueRequired":true,"valueName":"search_term_string"}}],"inLanguage":"es"},{"@type":"Organization","@id":"https:\/\/www.esplac.cat\/#organization","name":"Esplac","url":"https:\/\/www.esplac.cat\/","logo":{"@type":"ImageObject","inLanguage":"es","@id":"https:\/\/www.esplac.cat\/#\/schema\/logo\/image\/","url":"https:\/\/www.esplac.cat\/wp-content\/uploads\/2019\/08\/logox2.png","contentUrl":"https:\/\/www.esplac.cat\/wp-content\/uploads\/2019\/08\/logox2.png","width":600,"height":295,"caption":"Esplac"},"image":{"@id":"https:\/\/www.esplac.cat\/#\/schema\/logo\/image\/"}},{"@type":"Person","@id":"https:\/\/www.esplac.cat\/#\/schema\/person\/908383cf240be18b68f8855d0583faca","name":"Comunicaci\u00f3 Esplac","image":{"@type":"ImageObject","inLanguage":"es","@id":"https:\/\/secure.gravatar.com\/avatar\/7a4cf8feb412a76ea4a740ca02d95b06b2907b5a6c648c2dd0a1082a093c3141?s=96&d=mm&r=g","url":"https:\/\/secure.gravatar.com\/avatar\/7a4cf8feb412a76ea4a740ca02d95b06b2907b5a6c648c2dd0a1082a093c3141?s=96&d=mm&r=g","contentUrl":"https:\/\/secure.gravatar.com\/avatar\/7a4cf8feb412a76ea4a740ca02d95b06b2907b5a6c648c2dd0a1082a093c3141?s=96&d=mm&r=g","caption":"Comunicaci\u00f3 Esplac"}}]}},"_links":{"self":[{"href":"https:\/\/www.esplac.cat\/es\/wp-json\/wp\/v2\/posts\/39703","targetHints":{"allow":["GET"]}}],"collection":[{"href":"https:\/\/www.esplac.cat\/es\/wp-json\/wp\/v2\/posts"}],"about":[{"href":"https:\/\/www.esplac.cat\/es\/wp-json\/wp\/v2\/types\/post"}],"author":[{"embeddable":true,"href":"https:\/\/www.esplac.cat\/es\/wp-json\/wp\/v2\/users\/3"}],"replies":[{"embeddable":true,"href":"https:\/\/www.esplac.cat\/es\/wp-json\/wp\/v2\/comments?post=39703"}],"version-history":[{"count":0,"href":"https:\/\/www.esplac.cat\/es\/wp-json\/wp\/v2\/posts\/39703\/revisions"}],"wp:featuredmedia":[{"embeddable":true,"href":"https:\/\/www.esplac.cat\/es\/wp-json\/wp\/v2\/media\/39705"}],"wp:attachment":[{"href":"https:\/\/www.esplac.cat\/es\/wp-json\/wp\/v2\/media?parent=39703"}],"wp:term":[{"taxonomy":"category","embeddable":true,"href":"https:\/\/www.esplac.cat\/es\/wp-json\/wp\/v2\/categories?post=39703"},{"taxonomy":"post_tag","embeddable":true,"href":"https:\/\/www.esplac.cat\/es\/wp-json\/wp\/v2\/tags?post=39703"}],"curies":[{"name":"wp","href":"https:\/\/api.w.org\/{rel}","templated":true}]}}