{"id":39877,"date":"2022-04-04T13:11:33","date_gmt":"2022-04-04T11:11:33","guid":{"rendered":"https:\/\/www.esplac.cat\/?p=39877"},"modified":"2022-04-04T17:14:48","modified_gmt":"2022-04-04T15:14:48","slug":"equip-coordinacio-secretaria-tecnica-fan-tancada-font-rubi","status":"publish","type":"post","link":"https:\/\/www.esplac.cat\/es\/equip-coordinacio-secretaria-tecnica-fan-tancada-font-rubi\/","title":{"rendered":"L&#8217;Equip de Coordinaci\u00f3 i la Secretaria T\u00e8cnica fan tancada a Font-rub\u00ed"},"content":{"rendered":"<h6><span style=\"color: #000000;\"><strong>Cap de setmana de doble tancada de l&#8217;Equip de Coordinaci\u00f3 (Equico) i la Secretaria T\u00e8cnica (ST) a Font-rub\u00ed. L&#8217;equip t\u00e8cnic d&#8217;Esplac va realitzar la segona tancada del curs de divendres a dissabte, aquest \u00faltim juntament amb l&#8217;Equico, que va allargar la seva fins diumenge.<\/strong><\/span><\/h6>\n<p><span style=\"color: #000000;\">Font-rub\u00ed ha estat el punt de trobada de dues tancades, la de l&#8217;ST i la de l&#8217;Equico. De l&#8217;1 al 3 d&#8217;abril s&#8217;han fet diverses formacions i din\u00e0miques per tal de enfortir i organitzar la tasca de l&#8217;equip t\u00e8cnic i l&#8217;equip pol\u00edtic d&#8217;Esplac.<\/span><\/p>\n<p><span style=\"color: #000000;\">Divendres 1 d&#8217;abril, l&#8217;ST, formada per 16 t\u00e8cniques, va comen\u00e7ar la seva tancada al Casal Popular La Gueralda de Vilafranca del Pened\u00e8s. Van donar el tret de sortida amb una formaci\u00f3 sobre <strong>Just\u00edcia Global<\/strong> a c\u00e0rrec de la consultoria <a style=\"color: #000000;\" href=\"https:\/\/obliques.cat\/\" target=\"_blank\" rel=\"noopener noreferrer\"><span style=\"color: #ff9900;\">Obliq\u00fces<\/span><\/a> i, tot seguit, van anar cap a la casa de col\u00f2nies Berea, a Font-rub\u00ed. All\u00e0, es van trobar amb l&#8217;Equico per poder fer durant el mat\u00ed de dissabte diverses din\u00e0miques sobre<strong> comunicaci\u00f3 interna<\/strong>, l&#8217;<strong>Esplaiada<\/strong> i sobre el nou <span style=\"color: #ff9900;\"><a style=\"color: #ff9900;\" href=\"https:\/\/www.esplac.cat\/projectes\/protocol-violencia-abus\/\" target=\"_blank\" rel=\"noopener noreferrer\"><strong>Protocol contra agressions discriminat\u00f2ries d&#8217;Esplais Catalans<\/strong>,<\/a><span style=\"color: #000000;\"> aprovat a la passada Assemblea General Ordin\u00e0ria.<\/span><\/span><\/span><\/p>\n<p><span style=\"color: #000000;\">L&#8217;Equico es va quedar un dia m\u00e9s per fer altres formacions i debats. Van formar-se en<strong> eines tecno\u00e8tiques<\/strong>, van tractar el <strong>rols i din\u00e0miques de l&#8217;equip<\/strong>, van parlar sobre el<strong> tancament econ\u00f2mic del 2021<\/strong> i el <strong>format de les<\/strong> <strong>Assemblees Generals Extraordin\u00e0ries dels Sectors<\/strong> i van fer <strong>seguiment a l&#8217;Esplaiada<\/strong> del 6, 7 i 8 de maig a Sant Cugat del Vall\u00e8s.<\/span><\/p>\n<p><img decoding=\"async\" class=\"aligncenter wp-image-39884 \" src=\"https:\/\/www.esplac.cat\/wp-content\/uploads\/2022\/04\/photo5933644130452354557.jpg\" alt=\"\" width=\"515\" height=\"387\" srcset=\"https:\/\/www.esplac.cat\/wp-content\/uploads\/2022\/04\/photo5933644130452354557-200x150.jpg 200w, https:\/\/www.esplac.cat\/wp-content\/uploads\/2022\/04\/photo5933644130452354557-300x225.jpg 300w, https:\/\/www.esplac.cat\/wp-content\/uploads\/2022\/04\/photo5933644130452354557-400x300.jpg 400w, https:\/\/www.esplac.cat\/wp-content\/uploads\/2022\/04\/photo5933644130452354557-600x450.jpg 600w, https:\/\/www.esplac.cat\/wp-content\/uploads\/2022\/04\/photo5933644130452354557-768x576.jpg 768w, https:\/\/www.esplac.cat\/wp-content\/uploads\/2022\/04\/photo5933644130452354557-800x600.jpg 800w, https:\/\/www.esplac.cat\/wp-content\/uploads\/2022\/04\/photo5933644130452354557-1024x768.jpg 1024w, https:\/\/www.esplac.cat\/wp-content\/uploads\/2022\/04\/photo5933644130452354557-1200x900.jpg 1200w, https:\/\/www.esplac.cat\/wp-content\/uploads\/2022\/04\/photo5933644130452354557.jpg 1280w\" sizes=\"(max-width: 515px) 100vw, 515px\" \/><\/p>\n<p><img decoding=\"async\" class=\"aligncenter wp-image-39887\" src=\"https:\/\/www.esplac.cat\/wp-content\/uploads\/2022\/04\/photo5933644130452354570.jpg\" alt=\"\" width=\"514\" height=\"385\" srcset=\"https:\/\/www.esplac.cat\/wp-content\/uploads\/2022\/04\/photo5933644130452354570-200x150.jpg 200w, https:\/\/www.esplac.cat\/wp-content\/uploads\/2022\/04\/photo5933644130452354570-300x225.jpg 300w, https:\/\/www.esplac.cat\/wp-content\/uploads\/2022\/04\/photo5933644130452354570-400x300.jpg 400w, https:\/\/www.esplac.cat\/wp-content\/uploads\/2022\/04\/photo5933644130452354570-600x450.jpg 600w, https:\/\/www.esplac.cat\/wp-content\/uploads\/2022\/04\/photo5933644130452354570-768x576.jpg 768w, https:\/\/www.esplac.cat\/wp-content\/uploads\/2022\/04\/photo5933644130452354570-800x600.jpg 800w, https:\/\/www.esplac.cat\/wp-content\/uploads\/2022\/04\/photo5933644130452354570-1024x768.jpg 1024w, https:\/\/www.esplac.cat\/wp-content\/uploads\/2022\/04\/photo5933644130452354570-1200x900.jpg 1200w, https:\/\/www.esplac.cat\/wp-content\/uploads\/2022\/04\/photo5933644130452354570.jpg 1280w\" sizes=\"(max-width: 514px) 100vw, 514px\" \/><\/p>\n<h4 data-fontsize=\"17\" data-lineheight=\"22\"><\/h4>\n","protected":false},"excerpt":{"rendered":"<p>Cap de setmana de doble tancada de l&#8217;Equip de Coordinaci\u00f3 [&hellip;]<\/p>\n","protected":false},"author":3,"featured_media":39878,"comment_status":"closed","ping_status":"closed","sticky":false,"template":"","format":"standard","meta":{"om_disable_all_campaigns":false,"_monsterinsights_skip_tracking":false,"_monsterinsights_sitenote_active":false,"_monsterinsights_sitenote_note":"","_monsterinsights_sitenote_category":0,"_uf_show_specific_survey":0,"_uf_disable_surveys":false,"footnotes":""},"categories":[1339,1116],"tags":[],"class_list":["post-39877","post","type-post","status-publish","format-standard","has-post-thumbnail","hentry","category-equip-de-coordinacio","category-secretaria-esplac"],"yoast_head":"<!-- This site is optimized with the Yoast SEO plugin v27.4 - https:\/\/yoast.com\/product\/yoast-seo-wordpress\/ -->\n<title>L&#039;Equip de Coordinaci\u00f3 i la Secretaria T\u00e8cnica fan tancada a Font-rub\u00ed - Esplac<\/title>\n<meta name=\"robots\" content=\"index, follow, max-snippet:-1, max-image-preview:large, max-video-preview:-1\" \/>\n<link rel=\"canonical\" href=\"https:\/\/www.esplac.cat\/es\/equip-coordinacio-secretaria-tecnica-fan-tancada-font-rubi\/\" \/>\n<meta property=\"og:locale\" content=\"es_ES\" \/>\n<meta property=\"og:type\" content=\"article\" \/>\n<meta property=\"og:title\" content=\"L&#039;Equip de Coordinaci\u00f3 i la Secretaria T\u00e8cnica fan tancada a Font-rub\u00ed - Esplac\" \/>\n<meta property=\"og:description\" content=\"Cap de setmana de doble tancada de l&#8217;Equip de Coordinaci\u00f3 [&hellip;]\" \/>\n<meta property=\"og:url\" content=\"https:\/\/www.esplac.cat\/es\/equip-coordinacio-secretaria-tecnica-fan-tancada-font-rubi\/\" \/>\n<meta property=\"og:site_name\" content=\"Esplac\" \/>\n<meta property=\"article:published_time\" content=\"2022-04-04T11:11:33+00:00\" \/>\n<meta property=\"article:modified_time\" content=\"2022-04-04T15:14:48+00:00\" \/>\n<meta property=\"og:image\" content=\"https:\/\/www.esplac.cat\/wp-content\/uploads\/2022\/04\/tancada_st_equico.jpg\" \/>\n\t<meta property=\"og:image:width\" content=\"1694\" \/>\n\t<meta property=\"og:image:height\" content=\"700\" \/>\n\t<meta property=\"og:image:type\" content=\"image\/jpeg\" \/>\n<meta name=\"author\" content=\"Comunicaci\u00f3 Esplac\" \/>\n<meta name=\"twitter:card\" content=\"summary_large_image\" \/>\n<meta name=\"twitter:image\" content=\"https:\/\/www.esplac.cat\/wp-content\/uploads\/2022\/04\/tancada_st_equico.jpg\" \/>\n<meta name=\"twitter:label1\" content=\"Escrito por\" \/>\n\t<meta name=\"twitter:data1\" content=\"Comunicaci\u00f3 Esplac\" \/>\n\t<meta name=\"twitter:label2\" content=\"Tiempo de lectura\" \/>\n\t<meta name=\"twitter:data2\" content=\"1 minuto\" \/>\n<script type=\"application\/ld+json\" class=\"yoast-schema-graph\">{\"@context\":\"https:\\\/\\\/schema.org\",\"@graph\":[{\"@type\":\"Article\",\"@id\":\"https:\\\/\\\/www.esplac.cat\\\/es\\\/equip-coordinacio-secretaria-tecnica-fan-tancada-font-rubi\\\/#article\",\"isPartOf\":{\"@id\":\"https:\\\/\\\/www.esplac.cat\\\/es\\\/equip-coordinacio-secretaria-tecnica-fan-tancada-font-rubi\\\/\"},\"author\":{\"name\":\"Comunicaci\u00f3 Esplac\",\"@id\":\"https:\\\/\\\/www.esplac.cat\\\/#\\\/schema\\\/person\\\/908383cf240be18b68f8855d0583faca\"},\"headline\":\"L&#8217;Equip de Coordinaci\u00f3 i la Secretaria T\u00e8cnica fan tancada a Font-rub\u00ed\",\"datePublished\":\"2022-04-04T11:11:33+00:00\",\"dateModified\":\"2022-04-04T15:14:48+00:00\",\"mainEntityOfPage\":{\"@id\":\"https:\\\/\\\/www.esplac.cat\\\/es\\\/equip-coordinacio-secretaria-tecnica-fan-tancada-font-rubi\\\/\"},\"wordCount\":286,\"publisher\":{\"@id\":\"https:\\\/\\\/www.esplac.cat\\\/#organization\"},\"image\":{\"@id\":\"https:\\\/\\\/www.esplac.cat\\\/es\\\/equip-coordinacio-secretaria-tecnica-fan-tancada-font-rubi\\\/#primaryimage\"},\"thumbnailUrl\":\"https:\\\/\\\/www.esplac.cat\\\/wp-content\\\/uploads\\\/2022\\\/04\\\/tancada_st_equico.jpg\",\"articleSection\":[\"Equip de Coordinaci\u00f3\",\"Secretaria T\u00e8cnica\"],\"inLanguage\":\"es\"},{\"@type\":\"WebPage\",\"@id\":\"https:\\\/\\\/www.esplac.cat\\\/es\\\/equip-coordinacio-secretaria-tecnica-fan-tancada-font-rubi\\\/\",\"url\":\"https:\\\/\\\/www.esplac.cat\\\/es\\\/equip-coordinacio-secretaria-tecnica-fan-tancada-font-rubi\\\/\",\"name\":\"L'Equip de Coordinaci\u00f3 i la Secretaria T\u00e8cnica fan tancada a Font-rub\u00ed - Esplac\",\"isPartOf\":{\"@id\":\"https:\\\/\\\/www.esplac.cat\\\/#website\"},\"primaryImageOfPage\":{\"@id\":\"https:\\\/\\\/www.esplac.cat\\\/es\\\/equip-coordinacio-secretaria-tecnica-fan-tancada-font-rubi\\\/#primaryimage\"},\"image\":{\"@id\":\"https:\\\/\\\/www.esplac.cat\\\/es\\\/equip-coordinacio-secretaria-tecnica-fan-tancada-font-rubi\\\/#primaryimage\"},\"thumbnailUrl\":\"https:\\\/\\\/www.esplac.cat\\\/wp-content\\\/uploads\\\/2022\\\/04\\\/tancada_st_equico.jpg\",\"datePublished\":\"2022-04-04T11:11:33+00:00\",\"dateModified\":\"2022-04-04T15:14:48+00:00\",\"breadcrumb\":{\"@id\":\"https:\\\/\\\/www.esplac.cat\\\/es\\\/equip-coordinacio-secretaria-tecnica-fan-tancada-font-rubi\\\/#breadcrumb\"},\"inLanguage\":\"es\",\"potentialAction\":[{\"@type\":\"ReadAction\",\"target\":[\"https:\\\/\\\/www.esplac.cat\\\/es\\\/equip-coordinacio-secretaria-tecnica-fan-tancada-font-rubi\\\/\"]}]},{\"@type\":\"ImageObject\",\"inLanguage\":\"es\",\"@id\":\"https:\\\/\\\/www.esplac.cat\\\/es\\\/equip-coordinacio-secretaria-tecnica-fan-tancada-font-rubi\\\/#primaryimage\",\"url\":\"https:\\\/\\\/www.esplac.cat\\\/wp-content\\\/uploads\\\/2022\\\/04\\\/tancada_st_equico.jpg\",\"contentUrl\":\"https:\\\/\\\/www.esplac.cat\\\/wp-content\\\/uploads\\\/2022\\\/04\\\/tancada_st_equico.jpg\",\"width\":1694,\"height\":700},{\"@type\":\"BreadcrumbList\",\"@id\":\"https:\\\/\\\/www.esplac.cat\\\/es\\\/equip-coordinacio-secretaria-tecnica-fan-tancada-font-rubi\\\/#breadcrumb\",\"itemListElement\":[{\"@type\":\"ListItem\",\"position\":1,\"name\":\"Inici\",\"item\":\"https:\\\/\\\/www.esplac.cat\\\/es\\\/\"},{\"@type\":\"ListItem\",\"position\":2,\"name\":\"L&#8217;Equip de Coordinaci\u00f3 i la Secretaria T\u00e8cnica fan tancada a Font-rub\u00ed\"}]},{\"@type\":\"WebSite\",\"@id\":\"https:\\\/\\\/www.esplac.cat\\\/#website\",\"url\":\"https:\\\/\\\/www.esplac.cat\\\/\",\"name\":\"Esplac\",\"description\":\"Esplais Catalans\",\"publisher\":{\"@id\":\"https:\\\/\\\/www.esplac.cat\\\/#organization\"},\"potentialAction\":[{\"@type\":\"SearchAction\",\"target\":{\"@type\":\"EntryPoint\",\"urlTemplate\":\"https:\\\/\\\/www.esplac.cat\\\/?s={search_term_string}\"},\"query-input\":{\"@type\":\"PropertyValueSpecification\",\"valueRequired\":true,\"valueName\":\"search_term_string\"}}],\"inLanguage\":\"es\"},{\"@type\":\"Organization\",\"@id\":\"https:\\\/\\\/www.esplac.cat\\\/#organization\",\"name\":\"Esplac\",\"url\":\"https:\\\/\\\/www.esplac.cat\\\/\",\"logo\":{\"@type\":\"ImageObject\",\"inLanguage\":\"es\",\"@id\":\"https:\\\/\\\/www.esplac.cat\\\/#\\\/schema\\\/logo\\\/image\\\/\",\"url\":\"https:\\\/\\\/www.esplac.cat\\\/wp-content\\\/uploads\\\/2019\\\/08\\\/logox2.png\",\"contentUrl\":\"https:\\\/\\\/www.esplac.cat\\\/wp-content\\\/uploads\\\/2019\\\/08\\\/logox2.png\",\"width\":600,\"height\":295,\"caption\":\"Esplac\"},\"image\":{\"@id\":\"https:\\\/\\\/www.esplac.cat\\\/#\\\/schema\\\/logo\\\/image\\\/\"}},{\"@type\":\"Person\",\"@id\":\"https:\\\/\\\/www.esplac.cat\\\/#\\\/schema\\\/person\\\/908383cf240be18b68f8855d0583faca\",\"name\":\"Comunicaci\u00f3 Esplac\",\"image\":{\"@type\":\"ImageObject\",\"inLanguage\":\"es\",\"@id\":\"https:\\\/\\\/secure.gravatar.com\\\/avatar\\\/7a4cf8feb412a76ea4a740ca02d95b06b2907b5a6c648c2dd0a1082a093c3141?s=96&d=mm&r=g\",\"url\":\"https:\\\/\\\/secure.gravatar.com\\\/avatar\\\/7a4cf8feb412a76ea4a740ca02d95b06b2907b5a6c648c2dd0a1082a093c3141?s=96&d=mm&r=g\",\"contentUrl\":\"https:\\\/\\\/secure.gravatar.com\\\/avatar\\\/7a4cf8feb412a76ea4a740ca02d95b06b2907b5a6c648c2dd0a1082a093c3141?s=96&d=mm&r=g\",\"caption\":\"Comunicaci\u00f3 Esplac\"}}]}<\/script>\n<!-- \/ Yoast SEO plugin. -->","yoast_head_json":{"title":"L'Equip de Coordinaci\u00f3 i la Secretaria T\u00e8cnica fan tancada a Font-rub\u00ed - Esplac","robots":{"index":"index","follow":"follow","max-snippet":"max-snippet:-1","max-image-preview":"max-image-preview:large","max-video-preview":"max-video-preview:-1"},"canonical":"https:\/\/www.esplac.cat\/es\/equip-coordinacio-secretaria-tecnica-fan-tancada-font-rubi\/","og_locale":"es_ES","og_type":"article","og_title":"L'Equip de Coordinaci\u00f3 i la Secretaria T\u00e8cnica fan tancada a Font-rub\u00ed - Esplac","og_description":"Cap de setmana de doble tancada de l&#8217;Equip de Coordinaci\u00f3 [&hellip;]","og_url":"https:\/\/www.esplac.cat\/es\/equip-coordinacio-secretaria-tecnica-fan-tancada-font-rubi\/","og_site_name":"Esplac","article_published_time":"2022-04-04T11:11:33+00:00","article_modified_time":"2022-04-04T15:14:48+00:00","og_image":[{"width":1694,"height":700,"url":"https:\/\/www.esplac.cat\/wp-content\/uploads\/2022\/04\/tancada_st_equico.jpg","type":"image\/jpeg"}],"author":"Comunicaci\u00f3 Esplac","twitter_card":"summary_large_image","twitter_image":"https:\/\/www.esplac.cat\/wp-content\/uploads\/2022\/04\/tancada_st_equico.jpg","twitter_misc":{"Escrito por":"Comunicaci\u00f3 Esplac","Tiempo de lectura":"1 minuto"},"schema":{"@context":"https:\/\/schema.org","@graph":[{"@type":"Article","@id":"https:\/\/www.esplac.cat\/es\/equip-coordinacio-secretaria-tecnica-fan-tancada-font-rubi\/#article","isPartOf":{"@id":"https:\/\/www.esplac.cat\/es\/equip-coordinacio-secretaria-tecnica-fan-tancada-font-rubi\/"},"author":{"name":"Comunicaci\u00f3 Esplac","@id":"https:\/\/www.esplac.cat\/#\/schema\/person\/908383cf240be18b68f8855d0583faca"},"headline":"L&#8217;Equip de Coordinaci\u00f3 i la Secretaria T\u00e8cnica fan tancada a Font-rub\u00ed","datePublished":"2022-04-04T11:11:33+00:00","dateModified":"2022-04-04T15:14:48+00:00","mainEntityOfPage":{"@id":"https:\/\/www.esplac.cat\/es\/equip-coordinacio-secretaria-tecnica-fan-tancada-font-rubi\/"},"wordCount":286,"publisher":{"@id":"https:\/\/www.esplac.cat\/#organization"},"image":{"@id":"https:\/\/www.esplac.cat\/es\/equip-coordinacio-secretaria-tecnica-fan-tancada-font-rubi\/#primaryimage"},"thumbnailUrl":"https:\/\/www.esplac.cat\/wp-content\/uploads\/2022\/04\/tancada_st_equico.jpg","articleSection":["Equip de Coordinaci\u00f3","Secretaria T\u00e8cnica"],"inLanguage":"es"},{"@type":"WebPage","@id":"https:\/\/www.esplac.cat\/es\/equip-coordinacio-secretaria-tecnica-fan-tancada-font-rubi\/","url":"https:\/\/www.esplac.cat\/es\/equip-coordinacio-secretaria-tecnica-fan-tancada-font-rubi\/","name":"L'Equip de Coordinaci\u00f3 i la Secretaria T\u00e8cnica fan tancada a Font-rub\u00ed - Esplac","isPartOf":{"@id":"https:\/\/www.esplac.cat\/#website"},"primaryImageOfPage":{"@id":"https:\/\/www.esplac.cat\/es\/equip-coordinacio-secretaria-tecnica-fan-tancada-font-rubi\/#primaryimage"},"image":{"@id":"https:\/\/www.esplac.cat\/es\/equip-coordinacio-secretaria-tecnica-fan-tancada-font-rubi\/#primaryimage"},"thumbnailUrl":"https:\/\/www.esplac.cat\/wp-content\/uploads\/2022\/04\/tancada_st_equico.jpg","datePublished":"2022-04-04T11:11:33+00:00","dateModified":"2022-04-04T15:14:48+00:00","breadcrumb":{"@id":"https:\/\/www.esplac.cat\/es\/equip-coordinacio-secretaria-tecnica-fan-tancada-font-rubi\/#breadcrumb"},"inLanguage":"es","potentialAction":[{"@type":"ReadAction","target":["https:\/\/www.esplac.cat\/es\/equip-coordinacio-secretaria-tecnica-fan-tancada-font-rubi\/"]}]},{"@type":"ImageObject","inLanguage":"es","@id":"https:\/\/www.esplac.cat\/es\/equip-coordinacio-secretaria-tecnica-fan-tancada-font-rubi\/#primaryimage","url":"https:\/\/www.esplac.cat\/wp-content\/uploads\/2022\/04\/tancada_st_equico.jpg","contentUrl":"https:\/\/www.esplac.cat\/wp-content\/uploads\/2022\/04\/tancada_st_equico.jpg","width":1694,"height":700},{"@type":"BreadcrumbList","@id":"https:\/\/www.esplac.cat\/es\/equip-coordinacio-secretaria-tecnica-fan-tancada-font-rubi\/#breadcrumb","itemListElement":[{"@type":"ListItem","position":1,"name":"Inici","item":"https:\/\/www.esplac.cat\/es\/"},{"@type":"ListItem","position":2,"name":"L&#8217;Equip de Coordinaci\u00f3 i la Secretaria T\u00e8cnica fan tancada a Font-rub\u00ed"}]},{"@type":"WebSite","@id":"https:\/\/www.esplac.cat\/#website","url":"https:\/\/www.esplac.cat\/","name":"Esplac","description":"Esplais Catalans","publisher":{"@id":"https:\/\/www.esplac.cat\/#organization"},"potentialAction":[{"@type":"SearchAction","target":{"@type":"EntryPoint","urlTemplate":"https:\/\/www.esplac.cat\/?s={search_term_string}"},"query-input":{"@type":"PropertyValueSpecification","valueRequired":true,"valueName":"search_term_string"}}],"inLanguage":"es"},{"@type":"Organization","@id":"https:\/\/www.esplac.cat\/#organization","name":"Esplac","url":"https:\/\/www.esplac.cat\/","logo":{"@type":"ImageObject","inLanguage":"es","@id":"https:\/\/www.esplac.cat\/#\/schema\/logo\/image\/","url":"https:\/\/www.esplac.cat\/wp-content\/uploads\/2019\/08\/logox2.png","contentUrl":"https:\/\/www.esplac.cat\/wp-content\/uploads\/2019\/08\/logox2.png","width":600,"height":295,"caption":"Esplac"},"image":{"@id":"https:\/\/www.esplac.cat\/#\/schema\/logo\/image\/"}},{"@type":"Person","@id":"https:\/\/www.esplac.cat\/#\/schema\/person\/908383cf240be18b68f8855d0583faca","name":"Comunicaci\u00f3 Esplac","image":{"@type":"ImageObject","inLanguage":"es","@id":"https:\/\/secure.gravatar.com\/avatar\/7a4cf8feb412a76ea4a740ca02d95b06b2907b5a6c648c2dd0a1082a093c3141?s=96&d=mm&r=g","url":"https:\/\/secure.gravatar.com\/avatar\/7a4cf8feb412a76ea4a740ca02d95b06b2907b5a6c648c2dd0a1082a093c3141?s=96&d=mm&r=g","contentUrl":"https:\/\/secure.gravatar.com\/avatar\/7a4cf8feb412a76ea4a740ca02d95b06b2907b5a6c648c2dd0a1082a093c3141?s=96&d=mm&r=g","caption":"Comunicaci\u00f3 Esplac"}}]}},"_links":{"self":[{"href":"https:\/\/www.esplac.cat\/es\/wp-json\/wp\/v2\/posts\/39877","targetHints":{"allow":["GET"]}}],"collection":[{"href":"https:\/\/www.esplac.cat\/es\/wp-json\/wp\/v2\/posts"}],"about":[{"href":"https:\/\/www.esplac.cat\/es\/wp-json\/wp\/v2\/types\/post"}],"author":[{"embeddable":true,"href":"https:\/\/www.esplac.cat\/es\/wp-json\/wp\/v2\/users\/3"}],"replies":[{"embeddable":true,"href":"https:\/\/www.esplac.cat\/es\/wp-json\/wp\/v2\/comments?post=39877"}],"version-history":[{"count":0,"href":"https:\/\/www.esplac.cat\/es\/wp-json\/wp\/v2\/posts\/39877\/revisions"}],"wp:featuredmedia":[{"embeddable":true,"href":"https:\/\/www.esplac.cat\/es\/wp-json\/wp\/v2\/media\/39878"}],"wp:attachment":[{"href":"https:\/\/www.esplac.cat\/es\/wp-json\/wp\/v2\/media?parent=39877"}],"wp:term":[{"taxonomy":"category","embeddable":true,"href":"https:\/\/www.esplac.cat\/es\/wp-json\/wp\/v2\/categories?post=39877"},{"taxonomy":"post_tag","embeddable":true,"href":"https:\/\/www.esplac.cat\/es\/wp-json\/wp\/v2\/tags?post=39877"}],"curies":[{"name":"wp","href":"https:\/\/api.w.org\/{rel}","templated":true}]}}