{"id":40221,"date":"2022-04-26T09:39:39","date_gmt":"2022-04-26T07:39:39","guid":{"rendered":"https:\/\/www.esplac.cat\/?p=40221"},"modified":"2022-04-26T09:45:26","modified_gmt":"2022-04-26T07:45:26","slug":"26a-dia-visibilitat-lesbica","status":"publish","type":"post","link":"https:\/\/www.esplac.cat\/es\/26a-dia-visibilitat-lesbica\/","title":{"rendered":"26A: Dia de la Visibilitat L\u00e8sbica"},"content":{"rendered":"<p><span style=\"font-weight: 400;\">El dia de la Visibilitat L\u00e8sbica neix de la necessitat de donar un focus d\u2019atenci\u00f3 a totes les persones lesbianes que viuen la seva experi\u00e8ncia afectivo-sexual des de la invisibilitzaci\u00f3 i en la dissid\u00e8ncia sota les regnes del cisheteropatriarcat.<\/span><\/p>\n<p><span style=\"font-weight: 400;\">En els darrers anys, i precisament en els que el lesbianisme ha comen\u00e7at a estar relativament m\u00e9s acceptat, s\u2019ha relacionat directa o indirectament el concepte de lesbiana com la dona que se sent atreta \u00fanica i exclusivament cap a altres dones. Aquest discurs per\u00f2, no engloba el gran ventall de persones que se senten identificades amb aquesta identitat. Alhora, al ser tan generalitzat, cont\u00e9 una problem\u00e0tica m\u00e9s, i \u00e9s que molt sovint t\u00e9 connotacions transf\u00f2biques, al no incloure les dones trans ni a les persones no-bin\u00e0ries. Tampoc es pot deixar de banda com l\u2019imaginari del terme lesbiana molt sovint inclou \u00fanicament el perfil de dones cis, blanques, benestants, neurot\u00edpiques i en general cont\u00e9 un discurs capacitista. Ens trobem amb el fet\u00a0 que la mateixa paraula realment engloba moltes m\u00e9s realitats i significats que els que estem tan acostumades a veure a la m\u00e8dia. <\/span><b>Lesbiana com a identitat pol\u00edtica.<\/b><span style=\"font-weight: 400;\"> Lesbiana com a persona femenina que construeix relacions afectivo-sexuals amb altres persones femenines. Lesbiana com a la persona que fuig de les relacions cisheteronormatives imposades del sistema.\u00a0<\/span><\/p>\n<p><span style=\"font-weight: 400;\">Un dels motius pels quals la idea limitada del que significa ser lesbiana es veu refor\u00e7ada \u00e9s per la <\/span><b>manca de varietat de referents l\u00e8sbics que existeixen o que tenim a l\u2019abast.<\/b><span style=\"font-weight: 400;\"> Des del cinema fins a les s\u00e8ries de televisi\u00f3 hem rebut els personatges homosexuals, i a les lesbianes en concret, des d\u2019un rol majorit\u00e0riament secundari. La seva aparici\u00f3 acostumava a anar lligada de la burla, estereotips o simplement servia per refor\u00e7ar o complir la quota de diversitat de la pel\u00b7l\u00edcula. En el cas de referents en els quals la o les protagonistes siguin persones lesbianes, per\u00f2, ens trobem amb nombrosos casos d\u2019hipersexualitzaci\u00f3 en les seves relacions, majorit\u00e0riament des del punt de vista de l\u2019home cisheterosexual. Les hist\u00f2ries que parlen sobre aquesta part del col\u00b7lectiu no estan escrites per gent del propi col\u00b7lectiu, per tant pr\u00e0cticament sempre s\u2019acaba caient en t\u00f2pics o mostrant una \u201crealitat\u201d que no representa a les persones que la viuen. Per \u00faltim,\u00a0 tamb\u00e9 \u00e9s necess\u00e0ria l\u2019aparici\u00f3 de hist\u00f2ries amb un final feli\u00e7. I \u00e9s que sembla que l\u2019\u00fanica perspectiva de vida que existeixi per a les persones del col\u00b7lectiu sigui una vida plena d\u2019exclusi\u00f3 social, patiment i que acabi probablement amb una mort prematura.<\/span><\/p>\n<p><span style=\"font-weight: 400;\">Un altre fet a remarcar \u00e9s la<\/span><b> imposici\u00f3 d\u2019un model de relaci\u00f3 heterosexual dins la pr\u00f2pia dissid\u00e8ncia.<\/b><span style=\"font-weight: 400;\"> De com el fet de ser lesbiana \u00fanicament podr\u00e0 ser m\u00ednimament acceptat a nivell social si es construeix assimilant-se a les relacions generalitzades de la heteronorma. De fet, aix\u00f2 s\u2019aconsegueix en moltes ocasions, on les relacions l\u00e8sbiques acaben socialitzant entorn les din\u00e0miques de poder, els papers marcats per a cada membre de la parella, des de l\u2019amor rom\u00e0ntic i mon\u00f2gam&#8230;\u00a0 En una societat en la que les relacions cisheterosexuals s\u00f3n considerades com a norma i per tant model a seguir, no \u00e9s d\u2019estranyar que en la dissid\u00e8ncia s\u2019hi acabi reproduint.<\/span><\/p>\n<p><span style=\"font-weight: 400;\">Per aix\u00f2 volem reivindicar la paraula i les identitats que s\u2019aixopluguen sota el seu paraig\u00fces, obrint el ventall del que s\u2019ha acceptat socialment, cap a la realitat dissident que viuen moltes persones. Acceptar l&#8217;exist\u00e8ncia de relacions que surtin del sistema imposat i que es construeixin des d\u2019un <\/span><b>nou model, des de les cures, el respecte i deconstruint les relacions de poder.\u00a0<\/b><\/p>\n<p><span style=\"font-weight: 400;\">\u00c9s per aix\u00f2 que Esplais Catalans ens comprometem a:<\/span><\/p>\n<ul>\n<li style=\"font-weight: 400;\" aria-level=\"1\"><span style=\"font-weight: 400;\">Generar espais per donar import\u00e0ncia als pronoms i aix\u00ed no assumir la identitat de les persones que formen part d\u2019Esplac.\u00a0<\/span><\/li>\n<li style=\"font-weight: 400;\" aria-level=\"1\"><span style=\"font-weight: 400;\">Oferir i proposar din\u00e0miques i formacions sobre g\u00e8nere i sexualitat, que tinguin en compte les diverses identitats.\u00a0<\/span><\/li>\n<li style=\"font-weight: 400;\" aria-level=\"1\"><span style=\"font-weight: 400;\">Promoure que dins dels eixos d\u2019animaci\u00f3 o en moments de creaci\u00f3 de personatges en activitats, no es\u00a0 presentin relacions \u00fanicament heterosexuals i normatives. Entenent que els eixos d\u2019animaci\u00f3 molt sovint serveixen als infants com a un mirall de la realitat.<\/span><\/li>\n<li style=\"font-weight: 400;\" aria-level=\"1\"><span style=\"font-weight: 400;\">Normalitzar i parlar, tot donant veu a les persones del col\u00b7lectiu GSDD, sobre l\u2019exist\u00e8ncia de m\u00e9s d\u2019una manera de viure la teva identitat, orientaci\u00f3 sexual, etc.\u00a0<\/span><\/li>\n<li style=\"font-weight: 400;\" aria-level=\"1\"><span style=\"font-weight: 400;\">No tolerar actituds lgtbif\u00f2biques de cap tipus.<\/span><\/li>\n<li style=\"font-weight: 400;\" aria-level=\"1\"><span style=\"font-weight: 400;\">Ser conscients de l\u2019\u00fas que fem del llenguatge i de les connotacions que pot dur darrere.\u00a0<\/span><\/li>\n<li style=\"font-weight: 400;\" aria-level=\"1\"><span style=\"font-weight: 400;\">Seguir treballant perqu\u00e8 Esplac incorpori al seu discurs la perspectiva del col\u00b7lectiu GSDD, aconsegueixi un discurs interseccional i es posicioni p\u00fablica i pol\u00edticament.<\/span><\/li>\n<li style=\"font-weight: 400;\" aria-level=\"1\"><span style=\"font-weight: 400;\">Acompanyar els esplais en el proc\u00e9s d\u2019incorporar la perspectiva GSDD i oferir eines i recursos que ho facilitin.<\/span><\/li>\n<\/ul>\n<p>En el seg\u00fcent enlla\u00e7 trobareu el <span style=\"color: #ff9900;\"><a style=\"color: #ff9900;\" href=\"https:\/\/www.esplac.cat\/wp-content\/uploads\/2022\/04\/26A_Dia-de-la-visibilitat-lesbica.pdf\" target=\"_blank\" rel=\"noopener noreferrer\">posicionament en format PDF.<\/a><\/span><\/p>\n","protected":false},"excerpt":{"rendered":"<p>El dia de la Visibilitat L\u00e8sbica neix de la necessitat [&hellip;]<\/p>\n","protected":false},"author":3,"featured_media":40227,"comment_status":"closed","ping_status":"closed","sticky":false,"template":"","format":"standard","meta":{"om_disable_all_campaigns":false,"_monsterinsights_skip_tracking":false,"_monsterinsights_sitenote_active":false,"_monsterinsights_sitenote_note":"","_monsterinsights_sitenote_category":0,"_uf_show_specific_survey":0,"_uf_disable_surveys":false,"footnotes":""},"categories":[1160],"tags":[],"class_list":["post-40221","post","type-post","status-publish","format-standard","has-post-thumbnail","hentry","category-comissio-gsdd"],"yoast_head":"<!-- This site is optimized with the Yoast SEO plugin v27.5 - https:\/\/yoast.com\/product\/yoast-seo-wordpress\/ -->\n<title>26A: Dia de la Visibilitat L\u00e8sbica - Esplac<\/title>\n<meta name=\"robots\" content=\"index, follow, max-snippet:-1, max-image-preview:large, max-video-preview:-1\" \/>\n<link rel=\"canonical\" href=\"https:\/\/www.esplac.cat\/26a-dia-visibilitat-lesbica\/\" \/>\n<meta property=\"og:locale\" content=\"es_ES\" \/>\n<meta property=\"og:type\" content=\"article\" \/>\n<meta property=\"og:title\" content=\"26A: Dia de la Visibilitat L\u00e8sbica - Esplac\" \/>\n<meta property=\"og:description\" content=\"El dia de la Visibilitat L\u00e8sbica neix de la necessitat [&hellip;]\" \/>\n<meta property=\"og:url\" content=\"https:\/\/www.esplac.cat\/26a-dia-visibilitat-lesbica\/\" \/>\n<meta property=\"og:site_name\" content=\"Esplac\" \/>\n<meta property=\"article:published_time\" content=\"2022-04-26T07:39:39+00:00\" \/>\n<meta property=\"article:modified_time\" content=\"2022-04-26T07:45:26+00:00\" \/>\n<meta property=\"og:image\" content=\"https:\/\/www.esplac.cat\/wp-content\/uploads\/2022\/04\/26A_portada.jpg\" \/>\n\t<meta property=\"og:image:width\" content=\"1697\" \/>\n\t<meta property=\"og:image:height\" content=\"700\" \/>\n\t<meta property=\"og:image:type\" content=\"image\/jpeg\" \/>\n<meta name=\"author\" content=\"Comunicaci\u00f3 Esplac\" \/>\n<meta name=\"twitter:card\" content=\"summary_large_image\" \/>\n<meta name=\"twitter:label1\" content=\"Escrito por\" \/>\n\t<meta name=\"twitter:data1\" content=\"Comunicaci\u00f3 Esplac\" \/>\n\t<meta name=\"twitter:label2\" content=\"Tiempo de lectura\" \/>\n\t<meta name=\"twitter:data2\" content=\"4 minutos\" \/>\n<script type=\"application\/ld+json\" class=\"yoast-schema-graph\">{\"@context\":\"https:\\\/\\\/schema.org\",\"@graph\":[{\"@type\":\"Article\",\"@id\":\"https:\\\/\\\/www.esplac.cat\\\/26a-dia-visibilitat-lesbica\\\/#article\",\"isPartOf\":{\"@id\":\"https:\\\/\\\/www.esplac.cat\\\/26a-dia-visibilitat-lesbica\\\/\"},\"author\":{\"name\":\"Comunicaci\u00f3 Esplac\",\"@id\":\"https:\\\/\\\/www.esplac.cat\\\/#\\\/schema\\\/person\\\/908383cf240be18b68f8855d0583faca\"},\"headline\":\"26A: Dia de la Visibilitat L\u00e8sbica\",\"datePublished\":\"2022-04-26T07:39:39+00:00\",\"dateModified\":\"2022-04-26T07:45:26+00:00\",\"mainEntityOfPage\":{\"@id\":\"https:\\\/\\\/www.esplac.cat\\\/26a-dia-visibilitat-lesbica\\\/\"},\"wordCount\":853,\"publisher\":{\"@id\":\"https:\\\/\\\/www.esplac.cat\\\/#organization\"},\"image\":{\"@id\":\"https:\\\/\\\/www.esplac.cat\\\/26a-dia-visibilitat-lesbica\\\/#primaryimage\"},\"thumbnailUrl\":\"https:\\\/\\\/www.esplac.cat\\\/wp-content\\\/uploads\\\/2022\\\/04\\\/26A_portada.jpg\",\"articleSection\":[\"Comissi\u00f3 GSDD\"],\"inLanguage\":\"es\"},{\"@type\":\"WebPage\",\"@id\":\"https:\\\/\\\/www.esplac.cat\\\/26a-dia-visibilitat-lesbica\\\/\",\"url\":\"https:\\\/\\\/www.esplac.cat\\\/26a-dia-visibilitat-lesbica\\\/\",\"name\":\"26A: Dia de la Visibilitat L\u00e8sbica - Esplac\",\"isPartOf\":{\"@id\":\"https:\\\/\\\/www.esplac.cat\\\/#website\"},\"primaryImageOfPage\":{\"@id\":\"https:\\\/\\\/www.esplac.cat\\\/26a-dia-visibilitat-lesbica\\\/#primaryimage\"},\"image\":{\"@id\":\"https:\\\/\\\/www.esplac.cat\\\/26a-dia-visibilitat-lesbica\\\/#primaryimage\"},\"thumbnailUrl\":\"https:\\\/\\\/www.esplac.cat\\\/wp-content\\\/uploads\\\/2022\\\/04\\\/26A_portada.jpg\",\"datePublished\":\"2022-04-26T07:39:39+00:00\",\"dateModified\":\"2022-04-26T07:45:26+00:00\",\"breadcrumb\":{\"@id\":\"https:\\\/\\\/www.esplac.cat\\\/26a-dia-visibilitat-lesbica\\\/#breadcrumb\"},\"inLanguage\":\"es\",\"potentialAction\":[{\"@type\":\"ReadAction\",\"target\":[\"https:\\\/\\\/www.esplac.cat\\\/26a-dia-visibilitat-lesbica\\\/\"]}]},{\"@type\":\"ImageObject\",\"inLanguage\":\"es\",\"@id\":\"https:\\\/\\\/www.esplac.cat\\\/26a-dia-visibilitat-lesbica\\\/#primaryimage\",\"url\":\"https:\\\/\\\/www.esplac.cat\\\/wp-content\\\/uploads\\\/2022\\\/04\\\/26A_portada.jpg\",\"contentUrl\":\"https:\\\/\\\/www.esplac.cat\\\/wp-content\\\/uploads\\\/2022\\\/04\\\/26A_portada.jpg\",\"width\":1697,\"height\":700},{\"@type\":\"BreadcrumbList\",\"@id\":\"https:\\\/\\\/www.esplac.cat\\\/26a-dia-visibilitat-lesbica\\\/#breadcrumb\",\"itemListElement\":[{\"@type\":\"ListItem\",\"position\":1,\"name\":\"Inici\",\"item\":\"https:\\\/\\\/www.esplac.cat\\\/es\\\/\"},{\"@type\":\"ListItem\",\"position\":2,\"name\":\"26A: Dia de la Visibilitat L\u00e8sbica\"}]},{\"@type\":\"WebSite\",\"@id\":\"https:\\\/\\\/www.esplac.cat\\\/#website\",\"url\":\"https:\\\/\\\/www.esplac.cat\\\/\",\"name\":\"Esplac\",\"description\":\"Esplais Catalans\",\"publisher\":{\"@id\":\"https:\\\/\\\/www.esplac.cat\\\/#organization\"},\"potentialAction\":[{\"@type\":\"SearchAction\",\"target\":{\"@type\":\"EntryPoint\",\"urlTemplate\":\"https:\\\/\\\/www.esplac.cat\\\/?s={search_term_string}\"},\"query-input\":{\"@type\":\"PropertyValueSpecification\",\"valueRequired\":true,\"valueName\":\"search_term_string\"}}],\"inLanguage\":\"es\"},{\"@type\":\"Organization\",\"@id\":\"https:\\\/\\\/www.esplac.cat\\\/#organization\",\"name\":\"Esplac\",\"url\":\"https:\\\/\\\/www.esplac.cat\\\/\",\"logo\":{\"@type\":\"ImageObject\",\"inLanguage\":\"es\",\"@id\":\"https:\\\/\\\/www.esplac.cat\\\/#\\\/schema\\\/logo\\\/image\\\/\",\"url\":\"https:\\\/\\\/www.esplac.cat\\\/wp-content\\\/uploads\\\/2019\\\/08\\\/logox2.png\",\"contentUrl\":\"https:\\\/\\\/www.esplac.cat\\\/wp-content\\\/uploads\\\/2019\\\/08\\\/logox2.png\",\"width\":600,\"height\":295,\"caption\":\"Esplac\"},\"image\":{\"@id\":\"https:\\\/\\\/www.esplac.cat\\\/#\\\/schema\\\/logo\\\/image\\\/\"}},{\"@type\":\"Person\",\"@id\":\"https:\\\/\\\/www.esplac.cat\\\/#\\\/schema\\\/person\\\/908383cf240be18b68f8855d0583faca\",\"name\":\"Comunicaci\u00f3 Esplac\",\"image\":{\"@type\":\"ImageObject\",\"inLanguage\":\"es\",\"@id\":\"https:\\\/\\\/secure.gravatar.com\\\/avatar\\\/7a4cf8feb412a76ea4a740ca02d95b06b2907b5a6c648c2dd0a1082a093c3141?s=96&d=mm&r=g\",\"url\":\"https:\\\/\\\/secure.gravatar.com\\\/avatar\\\/7a4cf8feb412a76ea4a740ca02d95b06b2907b5a6c648c2dd0a1082a093c3141?s=96&d=mm&r=g\",\"contentUrl\":\"https:\\\/\\\/secure.gravatar.com\\\/avatar\\\/7a4cf8feb412a76ea4a740ca02d95b06b2907b5a6c648c2dd0a1082a093c3141?s=96&d=mm&r=g\",\"caption\":\"Comunicaci\u00f3 Esplac\"}}]}<\/script>\n<!-- \/ Yoast SEO plugin. -->","yoast_head_json":{"title":"26A: Dia de la Visibilitat L\u00e8sbica - Esplac","robots":{"index":"index","follow":"follow","max-snippet":"max-snippet:-1","max-image-preview":"max-image-preview:large","max-video-preview":"max-video-preview:-1"},"canonical":"https:\/\/www.esplac.cat\/26a-dia-visibilitat-lesbica\/","og_locale":"es_ES","og_type":"article","og_title":"26A: Dia de la Visibilitat L\u00e8sbica - Esplac","og_description":"El dia de la Visibilitat L\u00e8sbica neix de la necessitat [&hellip;]","og_url":"https:\/\/www.esplac.cat\/26a-dia-visibilitat-lesbica\/","og_site_name":"Esplac","article_published_time":"2022-04-26T07:39:39+00:00","article_modified_time":"2022-04-26T07:45:26+00:00","og_image":[{"width":1697,"height":700,"url":"https:\/\/www.esplac.cat\/wp-content\/uploads\/2022\/04\/26A_portada.jpg","type":"image\/jpeg"}],"author":"Comunicaci\u00f3 Esplac","twitter_card":"summary_large_image","twitter_misc":{"Escrito por":"Comunicaci\u00f3 Esplac","Tiempo de lectura":"4 minutos"},"schema":{"@context":"https:\/\/schema.org","@graph":[{"@type":"Article","@id":"https:\/\/www.esplac.cat\/26a-dia-visibilitat-lesbica\/#article","isPartOf":{"@id":"https:\/\/www.esplac.cat\/26a-dia-visibilitat-lesbica\/"},"author":{"name":"Comunicaci\u00f3 Esplac","@id":"https:\/\/www.esplac.cat\/#\/schema\/person\/908383cf240be18b68f8855d0583faca"},"headline":"26A: Dia de la Visibilitat L\u00e8sbica","datePublished":"2022-04-26T07:39:39+00:00","dateModified":"2022-04-26T07:45:26+00:00","mainEntityOfPage":{"@id":"https:\/\/www.esplac.cat\/26a-dia-visibilitat-lesbica\/"},"wordCount":853,"publisher":{"@id":"https:\/\/www.esplac.cat\/#organization"},"image":{"@id":"https:\/\/www.esplac.cat\/26a-dia-visibilitat-lesbica\/#primaryimage"},"thumbnailUrl":"https:\/\/www.esplac.cat\/wp-content\/uploads\/2022\/04\/26A_portada.jpg","articleSection":["Comissi\u00f3 GSDD"],"inLanguage":"es"},{"@type":"WebPage","@id":"https:\/\/www.esplac.cat\/26a-dia-visibilitat-lesbica\/","url":"https:\/\/www.esplac.cat\/26a-dia-visibilitat-lesbica\/","name":"26A: Dia de la Visibilitat L\u00e8sbica - Esplac","isPartOf":{"@id":"https:\/\/www.esplac.cat\/#website"},"primaryImageOfPage":{"@id":"https:\/\/www.esplac.cat\/26a-dia-visibilitat-lesbica\/#primaryimage"},"image":{"@id":"https:\/\/www.esplac.cat\/26a-dia-visibilitat-lesbica\/#primaryimage"},"thumbnailUrl":"https:\/\/www.esplac.cat\/wp-content\/uploads\/2022\/04\/26A_portada.jpg","datePublished":"2022-04-26T07:39:39+00:00","dateModified":"2022-04-26T07:45:26+00:00","breadcrumb":{"@id":"https:\/\/www.esplac.cat\/26a-dia-visibilitat-lesbica\/#breadcrumb"},"inLanguage":"es","potentialAction":[{"@type":"ReadAction","target":["https:\/\/www.esplac.cat\/26a-dia-visibilitat-lesbica\/"]}]},{"@type":"ImageObject","inLanguage":"es","@id":"https:\/\/www.esplac.cat\/26a-dia-visibilitat-lesbica\/#primaryimage","url":"https:\/\/www.esplac.cat\/wp-content\/uploads\/2022\/04\/26A_portada.jpg","contentUrl":"https:\/\/www.esplac.cat\/wp-content\/uploads\/2022\/04\/26A_portada.jpg","width":1697,"height":700},{"@type":"BreadcrumbList","@id":"https:\/\/www.esplac.cat\/26a-dia-visibilitat-lesbica\/#breadcrumb","itemListElement":[{"@type":"ListItem","position":1,"name":"Inici","item":"https:\/\/www.esplac.cat\/es\/"},{"@type":"ListItem","position":2,"name":"26A: Dia de la Visibilitat L\u00e8sbica"}]},{"@type":"WebSite","@id":"https:\/\/www.esplac.cat\/#website","url":"https:\/\/www.esplac.cat\/","name":"Esplac","description":"Esplais Catalans","publisher":{"@id":"https:\/\/www.esplac.cat\/#organization"},"potentialAction":[{"@type":"SearchAction","target":{"@type":"EntryPoint","urlTemplate":"https:\/\/www.esplac.cat\/?s={search_term_string}"},"query-input":{"@type":"PropertyValueSpecification","valueRequired":true,"valueName":"search_term_string"}}],"inLanguage":"es"},{"@type":"Organization","@id":"https:\/\/www.esplac.cat\/#organization","name":"Esplac","url":"https:\/\/www.esplac.cat\/","logo":{"@type":"ImageObject","inLanguage":"es","@id":"https:\/\/www.esplac.cat\/#\/schema\/logo\/image\/","url":"https:\/\/www.esplac.cat\/wp-content\/uploads\/2019\/08\/logox2.png","contentUrl":"https:\/\/www.esplac.cat\/wp-content\/uploads\/2019\/08\/logox2.png","width":600,"height":295,"caption":"Esplac"},"image":{"@id":"https:\/\/www.esplac.cat\/#\/schema\/logo\/image\/"}},{"@type":"Person","@id":"https:\/\/www.esplac.cat\/#\/schema\/person\/908383cf240be18b68f8855d0583faca","name":"Comunicaci\u00f3 Esplac","image":{"@type":"ImageObject","inLanguage":"es","@id":"https:\/\/secure.gravatar.com\/avatar\/7a4cf8feb412a76ea4a740ca02d95b06b2907b5a6c648c2dd0a1082a093c3141?s=96&d=mm&r=g","url":"https:\/\/secure.gravatar.com\/avatar\/7a4cf8feb412a76ea4a740ca02d95b06b2907b5a6c648c2dd0a1082a093c3141?s=96&d=mm&r=g","contentUrl":"https:\/\/secure.gravatar.com\/avatar\/7a4cf8feb412a76ea4a740ca02d95b06b2907b5a6c648c2dd0a1082a093c3141?s=96&d=mm&r=g","caption":"Comunicaci\u00f3 Esplac"}}]}},"_links":{"self":[{"href":"https:\/\/www.esplac.cat\/es\/wp-json\/wp\/v2\/posts\/40221","targetHints":{"allow":["GET"]}}],"collection":[{"href":"https:\/\/www.esplac.cat\/es\/wp-json\/wp\/v2\/posts"}],"about":[{"href":"https:\/\/www.esplac.cat\/es\/wp-json\/wp\/v2\/types\/post"}],"author":[{"embeddable":true,"href":"https:\/\/www.esplac.cat\/es\/wp-json\/wp\/v2\/users\/3"}],"replies":[{"embeddable":true,"href":"https:\/\/www.esplac.cat\/es\/wp-json\/wp\/v2\/comments?post=40221"}],"version-history":[{"count":0,"href":"https:\/\/www.esplac.cat\/es\/wp-json\/wp\/v2\/posts\/40221\/revisions"}],"wp:featuredmedia":[{"embeddable":true,"href":"https:\/\/www.esplac.cat\/es\/wp-json\/wp\/v2\/media\/40227"}],"wp:attachment":[{"href":"https:\/\/www.esplac.cat\/es\/wp-json\/wp\/v2\/media?parent=40221"}],"wp:term":[{"taxonomy":"category","embeddable":true,"href":"https:\/\/www.esplac.cat\/es\/wp-json\/wp\/v2\/categories?post=40221"},{"taxonomy":"post_tag","embeddable":true,"href":"https:\/\/www.esplac.cat\/es\/wp-json\/wp\/v2\/tags?post=40221"}],"curies":[{"name":"wp","href":"https:\/\/api.w.org\/{rel}","templated":true}]}}