{"id":40284,"date":"2022-04-29T11:21:39","date_gmt":"2022-04-29T09:21:39","guid":{"rendered":"https:\/\/www.esplac.cat\/?p=40284"},"modified":"2022-05-10T12:39:49","modified_gmt":"2022-05-10T10:39:49","slug":"educacio-vivencial-aprenentatge-a-traves-de-lexperiencia-o-la-transmissio","status":"publish","type":"post","link":"https:\/\/www.esplac.cat\/es\/educacio-vivencial-aprenentatge-a-traves-de-lexperiencia-o-la-transmissio\/","title":{"rendered":"Educaci\u00f3 Vivencial: Aprenentatge a trav\u00e9s de l\u2019experi\u00e8ncia o la transmissi\u00f3?"},"content":{"rendered":"<div class=\"fusion-fullwidth fullwidth-box fusion-builder-row-1 nonhundred-percent-fullwidth non-hundred-percent-height-scrolling\" style=\"--awb-border-radius-top-left:0px;--awb-border-radius-top-right:0px;--awb-border-radius-bottom-right:0px;--awb-border-radius-bottom-left:0px;--awb-flex-wrap:wrap;\" ><div class=\"fusion-builder-row fusion-row\"><div class=\"fusion-layout-column fusion_builder_column fusion-builder-column-0 fusion_builder_column_1_1 1_1 fusion-one-full fusion-column-first fusion-column-last\" style=\"--awb-bg-size:cover;--awb-margin-bottom:0px;\"><div class=\"fusion-column-wrapper fusion-flex-column-wrapper-legacy\"><div class=\"fusion-text fusion-text-1\"><h6><b>Des del Grup de Treball de L\u00ednies Pedag\u00f2giques proposem seguir repensant la tasca educativa que portem a terme als esplais amb el Segon Vermut Pedag\u00f2gic!<\/b><\/h6>\n<p><span style=\"font-weight: 300;\">Despr\u00e9s de l\u2019\u00e8xit del primer Vermut del curs, on vam poder debatre sobre com expliquem els perqu\u00e8s a l\u2019esplai, venim a presentar el <\/span><b>Segon Vermut Pedag\u00f2gic<\/b><span style=\"font-weight: 300;\">. Aquest tindr\u00e0 lloc el proper diumenge, <\/span><b>15 de maig,<\/b><span style=\"font-weight: 300;\"> sota el t\u00edtol de<\/span><b> \u201cEducaci\u00f3 Vivencial: Aprenentatge a trav\u00e9s de l\u2019experi\u00e8ncia o la transmissi\u00f3?\u201d.<\/b><span style=\"font-weight: 300;\"> Aquests vermuts volen ser un espai de debat, constructiu i cooperatiu, on compartir recursos, idees i noves preguntes per replantejar i cr\u00e9ixer en la nostra tasca. En aquesta segona edici\u00f3, gaudirem tambe de la pres\u00e8ncia d\u2019una persona externa, formada en pedagogia, que dinamitzar\u00e0 i ens acompanyar\u00e0 una part de l\u2019activitat. Posteriorment, hi haur\u00e0 un espai per reflexionar sobre com desenvolupem la nostra tasca al dia a dia dels esplais i un vermut per tancar.<\/span><\/p>\n<p><span style=\"font-weight: 300;\">T\u2019has plantejat mai de quina manera eduques? Planifiques les din\u00e0miques pensant en qu\u00e8 vols transmetre com a moni o et deixes guiar per les necessitats dels infants? Tot el que aprenen els infants ha de venir de la seva pr\u00f2pia experi\u00e8ncia? Com arriben a all\u00f2 que no viuen en primera persona? Quines avantatges i desavantatges existeixen quan aprenem des de l\u2019experi\u00e8ncia? Qu\u00e8 entenem per experi\u00e8ncia? Ens trobem <\/span><b>diumenge 15 de maig, de 10 a 13 h, <\/b><b>al Mas Fonollar (Santa Coloma de Gramenet) <\/b><span style=\"font-weight: 300;\">per compartir experi\u00e8ncies i debatre sobre aix\u00f2 i moltes coses m\u00e9s.<\/span><\/p>\n<p><span style=\"font-weight: 300;\">Us podeu inscriure ja a trav\u00e9s de l\u2019Era!<\/span><\/p>\n<p>\u00a0<\/p>\n<p><img decoding=\"async\" class=\"aligncenter wp-image-40390 \" src=\"https:\/\/www.esplac.cat\/wp-content\/uploads\/2022\/05\/VERMUTS-PEDAGO\u0300GICS-1.jpg\" alt=\"\" width=\"532\" height=\"753\" srcset=\"https:\/\/www.esplac.cat\/wp-content\/uploads\/2022\/05\/VERMUTS-PEDAGO\u0300GICS-1-200x283.jpg 200w, https:\/\/www.esplac.cat\/wp-content\/uploads\/2022\/05\/VERMUTS-PEDAGO\u0300GICS-1-212x300.jpg 212w, https:\/\/www.esplac.cat\/wp-content\/uploads\/2022\/05\/VERMUTS-PEDAGO\u0300GICS-1-400x566.jpg 400w, https:\/\/www.esplac.cat\/wp-content\/uploads\/2022\/05\/VERMUTS-PEDAGO\u0300GICS-1-600x849.jpg 600w, https:\/\/www.esplac.cat\/wp-content\/uploads\/2022\/05\/VERMUTS-PEDAGO\u0300GICS-1-724x1024.jpg 724w, https:\/\/www.esplac.cat\/wp-content\/uploads\/2022\/05\/VERMUTS-PEDAGO\u0300GICS-1-768x1086.jpg 768w, https:\/\/www.esplac.cat\/wp-content\/uploads\/2022\/05\/VERMUTS-PEDAGO\u0300GICS-1-800x1132.jpg 800w, https:\/\/www.esplac.cat\/wp-content\/uploads\/2022\/05\/VERMUTS-PEDAGO\u0300GICS-1-1086x1536.jpg 1086w, https:\/\/www.esplac.cat\/wp-content\/uploads\/2022\/05\/VERMUTS-PEDAGO\u0300GICS-1-1200x1698.jpg 1200w, https:\/\/www.esplac.cat\/wp-content\/uploads\/2022\/05\/VERMUTS-PEDAGO\u0300GICS-1-1448x2048.jpg 1448w, https:\/\/www.esplac.cat\/wp-content\/uploads\/2022\/05\/VERMUTS-PEDAGO\u0300GICS-1.jpg 1587w\" sizes=\"(max-width: 532px) 100vw, 532px\" \/><\/p>\n<p>\u00a0<\/p>\n<p><a href=\"https:\/\/www.esplac.cat\/wp-content\/uploads\/2022\/04\/2-2.jpg\"><img decoding=\"async\" class=\"wp-image-40289 aligncenter\" src=\"https:\/\/www.esplac.cat\/wp-content\/uploads\/2022\/04\/2-2.jpg\" alt=\"\" width=\"509\" height=\"720\" srcset=\"https:\/\/www.esplac.cat\/wp-content\/uploads\/2022\/04\/2-2-200x283.jpg 200w, https:\/\/www.esplac.cat\/wp-content\/uploads\/2022\/04\/2-2-212x300.jpg 212w, https:\/\/www.esplac.cat\/wp-content\/uploads\/2022\/04\/2-2-400x566.jpg 400w, https:\/\/www.esplac.cat\/wp-content\/uploads\/2022\/04\/2-2-600x849.jpg 600w, https:\/\/www.esplac.cat\/wp-content\/uploads\/2022\/04\/2-2-724x1024.jpg 724w, https:\/\/www.esplac.cat\/wp-content\/uploads\/2022\/04\/2-2-768x1086.jpg 768w, https:\/\/www.esplac.cat\/wp-content\/uploads\/2022\/04\/2-2-800x1132.jpg 800w, https:\/\/www.esplac.cat\/wp-content\/uploads\/2022\/04\/2-2-1086x1536.jpg 1086w, https:\/\/www.esplac.cat\/wp-content\/uploads\/2022\/04\/2-2-1200x1698.jpg 1200w, https:\/\/www.esplac.cat\/wp-content\/uploads\/2022\/04\/2-2-1448x2048.jpg 1448w, https:\/\/www.esplac.cat\/wp-content\/uploads\/2022\/04\/2-2.jpg 1587w\" sizes=\"(max-width: 509px) 100vw, 509px\" \/><\/a><\/p>\n<\/div><div class=\"fusion-clearfix\"><\/div><\/div><\/div><\/div><\/div>\n","protected":false},"excerpt":{"rendered":"","protected":false},"author":3,"featured_media":40296,"comment_status":"closed","ping_status":"closed","sticky":false,"template":"","format":"standard","meta":{"om_disable_all_campaigns":false,"_monsterinsights_skip_tracking":false,"_monsterinsights_sitenote_active":false,"_monsterinsights_sitenote_note":"","_monsterinsights_sitenote_category":0,"_uf_show_specific_survey":0,"_uf_disable_surveys":false,"footnotes":""},"categories":[1111,1162],"tags":[],"class_list":["post-40284","post","type-post","status-publish","format-standard","has-post-thumbnail","hentry","category-activitats-esplac","category-linies-pedagogiques"],"yoast_head":"<!-- This site is optimized with the Yoast SEO plugin v27.5 - https:\/\/yoast.com\/product\/yoast-seo-wordpress\/ -->\n<title>Educaci\u00f3 Vivencial: Aprenentatge a trav\u00e9s de l\u2019experi\u00e8ncia o la transmissi\u00f3? - Esplac<\/title>\n<meta name=\"robots\" content=\"index, follow, max-snippet:-1, max-image-preview:large, max-video-preview:-1\" \/>\n<link rel=\"canonical\" href=\"https:\/\/www.esplac.cat\/educacio-vivencial-aprenentatge-a-traves-de-lexperiencia-o-la-transmissio\/\" \/>\n<meta property=\"og:locale\" content=\"es_ES\" \/>\n<meta property=\"og:type\" content=\"article\" \/>\n<meta property=\"og:title\" content=\"Educaci\u00f3 Vivencial: Aprenentatge a trav\u00e9s de l\u2019experi\u00e8ncia o la transmissi\u00f3? - Esplac\" \/>\n<meta property=\"og:url\" content=\"https:\/\/www.esplac.cat\/educacio-vivencial-aprenentatge-a-traves-de-lexperiencia-o-la-transmissio\/\" \/>\n<meta property=\"og:site_name\" content=\"Esplac\" \/>\n<meta property=\"article:published_time\" content=\"2022-04-29T09:21:39+00:00\" \/>\n<meta property=\"article:modified_time\" content=\"2022-05-10T10:39:49+00:00\" \/>\n<meta property=\"og:image\" content=\"https:\/\/www.esplac.cat\/wp-content\/uploads\/2022\/04\/vermutp_2.jpg\" \/>\n\t<meta property=\"og:image:width\" content=\"1694\" \/>\n\t<meta property=\"og:image:height\" content=\"700\" \/>\n\t<meta property=\"og:image:type\" content=\"image\/jpeg\" \/>\n<meta name=\"author\" content=\"Comunicaci\u00f3 Esplac\" \/>\n<meta name=\"twitter:card\" content=\"summary_large_image\" \/>\n<meta name=\"twitter:label1\" content=\"Escrito por\" \/>\n\t<meta name=\"twitter:data1\" content=\"Comunicaci\u00f3 Esplac\" \/>\n\t<meta name=\"twitter:label2\" content=\"Tiempo de lectura\" \/>\n\t<meta name=\"twitter:data2\" content=\"2 minutos\" \/>\n<script type=\"application\/ld+json\" class=\"yoast-schema-graph\">{\"@context\":\"https:\\\/\\\/schema.org\",\"@graph\":[{\"@type\":\"Article\",\"@id\":\"https:\\\/\\\/www.esplac.cat\\\/educacio-vivencial-aprenentatge-a-traves-de-lexperiencia-o-la-transmissio\\\/#article\",\"isPartOf\":{\"@id\":\"https:\\\/\\\/www.esplac.cat\\\/educacio-vivencial-aprenentatge-a-traves-de-lexperiencia-o-la-transmissio\\\/\"},\"author\":{\"name\":\"Comunicaci\u00f3 Esplac\",\"@id\":\"https:\\\/\\\/www.esplac.cat\\\/#\\\/schema\\\/person\\\/908383cf240be18b68f8855d0583faca\"},\"headline\":\"Educaci\u00f3 Vivencial: Aprenentatge a trav\u00e9s de l\u2019experi\u00e8ncia o la transmissi\u00f3?\",\"datePublished\":\"2022-04-29T09:21:39+00:00\",\"dateModified\":\"2022-05-10T10:39:49+00:00\",\"mainEntityOfPage\":{\"@id\":\"https:\\\/\\\/www.esplac.cat\\\/educacio-vivencial-aprenentatge-a-traves-de-lexperiencia-o-la-transmissio\\\/\"},\"wordCount\":447,\"publisher\":{\"@id\":\"https:\\\/\\\/www.esplac.cat\\\/#organization\"},\"image\":{\"@id\":\"https:\\\/\\\/www.esplac.cat\\\/educacio-vivencial-aprenentatge-a-traves-de-lexperiencia-o-la-transmissio\\\/#primaryimage\"},\"thumbnailUrl\":\"https:\\\/\\\/www.esplac.cat\\\/wp-content\\\/uploads\\\/2022\\\/04\\\/vermutp_2.jpg\",\"articleSection\":[\"Activitats esplac\",\"L\u00ednies pedag\u00f2giques\"],\"inLanguage\":\"es\"},{\"@type\":\"WebPage\",\"@id\":\"https:\\\/\\\/www.esplac.cat\\\/educacio-vivencial-aprenentatge-a-traves-de-lexperiencia-o-la-transmissio\\\/\",\"url\":\"https:\\\/\\\/www.esplac.cat\\\/educacio-vivencial-aprenentatge-a-traves-de-lexperiencia-o-la-transmissio\\\/\",\"name\":\"Educaci\u00f3 Vivencial: Aprenentatge a trav\u00e9s de l\u2019experi\u00e8ncia o la transmissi\u00f3? - Esplac\",\"isPartOf\":{\"@id\":\"https:\\\/\\\/www.esplac.cat\\\/#website\"},\"primaryImageOfPage\":{\"@id\":\"https:\\\/\\\/www.esplac.cat\\\/educacio-vivencial-aprenentatge-a-traves-de-lexperiencia-o-la-transmissio\\\/#primaryimage\"},\"image\":{\"@id\":\"https:\\\/\\\/www.esplac.cat\\\/educacio-vivencial-aprenentatge-a-traves-de-lexperiencia-o-la-transmissio\\\/#primaryimage\"},\"thumbnailUrl\":\"https:\\\/\\\/www.esplac.cat\\\/wp-content\\\/uploads\\\/2022\\\/04\\\/vermutp_2.jpg\",\"datePublished\":\"2022-04-29T09:21:39+00:00\",\"dateModified\":\"2022-05-10T10:39:49+00:00\",\"breadcrumb\":{\"@id\":\"https:\\\/\\\/www.esplac.cat\\\/educacio-vivencial-aprenentatge-a-traves-de-lexperiencia-o-la-transmissio\\\/#breadcrumb\"},\"inLanguage\":\"es\",\"potentialAction\":[{\"@type\":\"ReadAction\",\"target\":[\"https:\\\/\\\/www.esplac.cat\\\/educacio-vivencial-aprenentatge-a-traves-de-lexperiencia-o-la-transmissio\\\/\"]}]},{\"@type\":\"ImageObject\",\"inLanguage\":\"es\",\"@id\":\"https:\\\/\\\/www.esplac.cat\\\/educacio-vivencial-aprenentatge-a-traves-de-lexperiencia-o-la-transmissio\\\/#primaryimage\",\"url\":\"https:\\\/\\\/www.esplac.cat\\\/wp-content\\\/uploads\\\/2022\\\/04\\\/vermutp_2.jpg\",\"contentUrl\":\"https:\\\/\\\/www.esplac.cat\\\/wp-content\\\/uploads\\\/2022\\\/04\\\/vermutp_2.jpg\",\"width\":1694,\"height\":700},{\"@type\":\"BreadcrumbList\",\"@id\":\"https:\\\/\\\/www.esplac.cat\\\/educacio-vivencial-aprenentatge-a-traves-de-lexperiencia-o-la-transmissio\\\/#breadcrumb\",\"itemListElement\":[{\"@type\":\"ListItem\",\"position\":1,\"name\":\"Inici\",\"item\":\"https:\\\/\\\/www.esplac.cat\\\/es\\\/\"},{\"@type\":\"ListItem\",\"position\":2,\"name\":\"Educaci\u00f3 Vivencial: Aprenentatge a trav\u00e9s de l\u2019experi\u00e8ncia o la transmissi\u00f3?\"}]},{\"@type\":\"WebSite\",\"@id\":\"https:\\\/\\\/www.esplac.cat\\\/#website\",\"url\":\"https:\\\/\\\/www.esplac.cat\\\/\",\"name\":\"Esplac\",\"description\":\"Esplais Catalans\",\"publisher\":{\"@id\":\"https:\\\/\\\/www.esplac.cat\\\/#organization\"},\"potentialAction\":[{\"@type\":\"SearchAction\",\"target\":{\"@type\":\"EntryPoint\",\"urlTemplate\":\"https:\\\/\\\/www.esplac.cat\\\/?s={search_term_string}\"},\"query-input\":{\"@type\":\"PropertyValueSpecification\",\"valueRequired\":true,\"valueName\":\"search_term_string\"}}],\"inLanguage\":\"es\"},{\"@type\":\"Organization\",\"@id\":\"https:\\\/\\\/www.esplac.cat\\\/#organization\",\"name\":\"Esplac\",\"url\":\"https:\\\/\\\/www.esplac.cat\\\/\",\"logo\":{\"@type\":\"ImageObject\",\"inLanguage\":\"es\",\"@id\":\"https:\\\/\\\/www.esplac.cat\\\/#\\\/schema\\\/logo\\\/image\\\/\",\"url\":\"https:\\\/\\\/www.esplac.cat\\\/wp-content\\\/uploads\\\/2019\\\/08\\\/logox2.png\",\"contentUrl\":\"https:\\\/\\\/www.esplac.cat\\\/wp-content\\\/uploads\\\/2019\\\/08\\\/logox2.png\",\"width\":600,\"height\":295,\"caption\":\"Esplac\"},\"image\":{\"@id\":\"https:\\\/\\\/www.esplac.cat\\\/#\\\/schema\\\/logo\\\/image\\\/\"}},{\"@type\":\"Person\",\"@id\":\"https:\\\/\\\/www.esplac.cat\\\/#\\\/schema\\\/person\\\/908383cf240be18b68f8855d0583faca\",\"name\":\"Comunicaci\u00f3 Esplac\",\"image\":{\"@type\":\"ImageObject\",\"inLanguage\":\"es\",\"@id\":\"https:\\\/\\\/secure.gravatar.com\\\/avatar\\\/7a4cf8feb412a76ea4a740ca02d95b06b2907b5a6c648c2dd0a1082a093c3141?s=96&d=mm&r=g\",\"url\":\"https:\\\/\\\/secure.gravatar.com\\\/avatar\\\/7a4cf8feb412a76ea4a740ca02d95b06b2907b5a6c648c2dd0a1082a093c3141?s=96&d=mm&r=g\",\"contentUrl\":\"https:\\\/\\\/secure.gravatar.com\\\/avatar\\\/7a4cf8feb412a76ea4a740ca02d95b06b2907b5a6c648c2dd0a1082a093c3141?s=96&d=mm&r=g\",\"caption\":\"Comunicaci\u00f3 Esplac\"}}]}<\/script>\n<!-- \/ Yoast SEO plugin. -->","yoast_head_json":{"title":"Educaci\u00f3 Vivencial: Aprenentatge a trav\u00e9s de l\u2019experi\u00e8ncia o la transmissi\u00f3? - Esplac","robots":{"index":"index","follow":"follow","max-snippet":"max-snippet:-1","max-image-preview":"max-image-preview:large","max-video-preview":"max-video-preview:-1"},"canonical":"https:\/\/www.esplac.cat\/educacio-vivencial-aprenentatge-a-traves-de-lexperiencia-o-la-transmissio\/","og_locale":"es_ES","og_type":"article","og_title":"Educaci\u00f3 Vivencial: Aprenentatge a trav\u00e9s de l\u2019experi\u00e8ncia o la transmissi\u00f3? - Esplac","og_url":"https:\/\/www.esplac.cat\/educacio-vivencial-aprenentatge-a-traves-de-lexperiencia-o-la-transmissio\/","og_site_name":"Esplac","article_published_time":"2022-04-29T09:21:39+00:00","article_modified_time":"2022-05-10T10:39:49+00:00","og_image":[{"width":1694,"height":700,"url":"https:\/\/www.esplac.cat\/wp-content\/uploads\/2022\/04\/vermutp_2.jpg","type":"image\/jpeg"}],"author":"Comunicaci\u00f3 Esplac","twitter_card":"summary_large_image","twitter_misc":{"Escrito por":"Comunicaci\u00f3 Esplac","Tiempo de lectura":"2 minutos"},"schema":{"@context":"https:\/\/schema.org","@graph":[{"@type":"Article","@id":"https:\/\/www.esplac.cat\/educacio-vivencial-aprenentatge-a-traves-de-lexperiencia-o-la-transmissio\/#article","isPartOf":{"@id":"https:\/\/www.esplac.cat\/educacio-vivencial-aprenentatge-a-traves-de-lexperiencia-o-la-transmissio\/"},"author":{"name":"Comunicaci\u00f3 Esplac","@id":"https:\/\/www.esplac.cat\/#\/schema\/person\/908383cf240be18b68f8855d0583faca"},"headline":"Educaci\u00f3 Vivencial: Aprenentatge a trav\u00e9s de l\u2019experi\u00e8ncia o la transmissi\u00f3?","datePublished":"2022-04-29T09:21:39+00:00","dateModified":"2022-05-10T10:39:49+00:00","mainEntityOfPage":{"@id":"https:\/\/www.esplac.cat\/educacio-vivencial-aprenentatge-a-traves-de-lexperiencia-o-la-transmissio\/"},"wordCount":447,"publisher":{"@id":"https:\/\/www.esplac.cat\/#organization"},"image":{"@id":"https:\/\/www.esplac.cat\/educacio-vivencial-aprenentatge-a-traves-de-lexperiencia-o-la-transmissio\/#primaryimage"},"thumbnailUrl":"https:\/\/www.esplac.cat\/wp-content\/uploads\/2022\/04\/vermutp_2.jpg","articleSection":["Activitats esplac","L\u00ednies pedag\u00f2giques"],"inLanguage":"es"},{"@type":"WebPage","@id":"https:\/\/www.esplac.cat\/educacio-vivencial-aprenentatge-a-traves-de-lexperiencia-o-la-transmissio\/","url":"https:\/\/www.esplac.cat\/educacio-vivencial-aprenentatge-a-traves-de-lexperiencia-o-la-transmissio\/","name":"Educaci\u00f3 Vivencial: Aprenentatge a trav\u00e9s de l\u2019experi\u00e8ncia o la transmissi\u00f3? - Esplac","isPartOf":{"@id":"https:\/\/www.esplac.cat\/#website"},"primaryImageOfPage":{"@id":"https:\/\/www.esplac.cat\/educacio-vivencial-aprenentatge-a-traves-de-lexperiencia-o-la-transmissio\/#primaryimage"},"image":{"@id":"https:\/\/www.esplac.cat\/educacio-vivencial-aprenentatge-a-traves-de-lexperiencia-o-la-transmissio\/#primaryimage"},"thumbnailUrl":"https:\/\/www.esplac.cat\/wp-content\/uploads\/2022\/04\/vermutp_2.jpg","datePublished":"2022-04-29T09:21:39+00:00","dateModified":"2022-05-10T10:39:49+00:00","breadcrumb":{"@id":"https:\/\/www.esplac.cat\/educacio-vivencial-aprenentatge-a-traves-de-lexperiencia-o-la-transmissio\/#breadcrumb"},"inLanguage":"es","potentialAction":[{"@type":"ReadAction","target":["https:\/\/www.esplac.cat\/educacio-vivencial-aprenentatge-a-traves-de-lexperiencia-o-la-transmissio\/"]}]},{"@type":"ImageObject","inLanguage":"es","@id":"https:\/\/www.esplac.cat\/educacio-vivencial-aprenentatge-a-traves-de-lexperiencia-o-la-transmissio\/#primaryimage","url":"https:\/\/www.esplac.cat\/wp-content\/uploads\/2022\/04\/vermutp_2.jpg","contentUrl":"https:\/\/www.esplac.cat\/wp-content\/uploads\/2022\/04\/vermutp_2.jpg","width":1694,"height":700},{"@type":"BreadcrumbList","@id":"https:\/\/www.esplac.cat\/educacio-vivencial-aprenentatge-a-traves-de-lexperiencia-o-la-transmissio\/#breadcrumb","itemListElement":[{"@type":"ListItem","position":1,"name":"Inici","item":"https:\/\/www.esplac.cat\/es\/"},{"@type":"ListItem","position":2,"name":"Educaci\u00f3 Vivencial: Aprenentatge a trav\u00e9s de l\u2019experi\u00e8ncia o la transmissi\u00f3?"}]},{"@type":"WebSite","@id":"https:\/\/www.esplac.cat\/#website","url":"https:\/\/www.esplac.cat\/","name":"Esplac","description":"Esplais Catalans","publisher":{"@id":"https:\/\/www.esplac.cat\/#organization"},"potentialAction":[{"@type":"SearchAction","target":{"@type":"EntryPoint","urlTemplate":"https:\/\/www.esplac.cat\/?s={search_term_string}"},"query-input":{"@type":"PropertyValueSpecification","valueRequired":true,"valueName":"search_term_string"}}],"inLanguage":"es"},{"@type":"Organization","@id":"https:\/\/www.esplac.cat\/#organization","name":"Esplac","url":"https:\/\/www.esplac.cat\/","logo":{"@type":"ImageObject","inLanguage":"es","@id":"https:\/\/www.esplac.cat\/#\/schema\/logo\/image\/","url":"https:\/\/www.esplac.cat\/wp-content\/uploads\/2019\/08\/logox2.png","contentUrl":"https:\/\/www.esplac.cat\/wp-content\/uploads\/2019\/08\/logox2.png","width":600,"height":295,"caption":"Esplac"},"image":{"@id":"https:\/\/www.esplac.cat\/#\/schema\/logo\/image\/"}},{"@type":"Person","@id":"https:\/\/www.esplac.cat\/#\/schema\/person\/908383cf240be18b68f8855d0583faca","name":"Comunicaci\u00f3 Esplac","image":{"@type":"ImageObject","inLanguage":"es","@id":"https:\/\/secure.gravatar.com\/avatar\/7a4cf8feb412a76ea4a740ca02d95b06b2907b5a6c648c2dd0a1082a093c3141?s=96&d=mm&r=g","url":"https:\/\/secure.gravatar.com\/avatar\/7a4cf8feb412a76ea4a740ca02d95b06b2907b5a6c648c2dd0a1082a093c3141?s=96&d=mm&r=g","contentUrl":"https:\/\/secure.gravatar.com\/avatar\/7a4cf8feb412a76ea4a740ca02d95b06b2907b5a6c648c2dd0a1082a093c3141?s=96&d=mm&r=g","caption":"Comunicaci\u00f3 Esplac"}}]}},"_links":{"self":[{"href":"https:\/\/www.esplac.cat\/es\/wp-json\/wp\/v2\/posts\/40284","targetHints":{"allow":["GET"]}}],"collection":[{"href":"https:\/\/www.esplac.cat\/es\/wp-json\/wp\/v2\/posts"}],"about":[{"href":"https:\/\/www.esplac.cat\/es\/wp-json\/wp\/v2\/types\/post"}],"author":[{"embeddable":true,"href":"https:\/\/www.esplac.cat\/es\/wp-json\/wp\/v2\/users\/3"}],"replies":[{"embeddable":true,"href":"https:\/\/www.esplac.cat\/es\/wp-json\/wp\/v2\/comments?post=40284"}],"version-history":[{"count":0,"href":"https:\/\/www.esplac.cat\/es\/wp-json\/wp\/v2\/posts\/40284\/revisions"}],"wp:featuredmedia":[{"embeddable":true,"href":"https:\/\/www.esplac.cat\/es\/wp-json\/wp\/v2\/media\/40296"}],"wp:attachment":[{"href":"https:\/\/www.esplac.cat\/es\/wp-json\/wp\/v2\/media?parent=40284"}],"wp:term":[{"taxonomy":"category","embeddable":true,"href":"https:\/\/www.esplac.cat\/es\/wp-json\/wp\/v2\/categories?post=40284"},{"taxonomy":"post_tag","embeddable":true,"href":"https:\/\/www.esplac.cat\/es\/wp-json\/wp\/v2\/tags?post=40284"}],"curies":[{"name":"wp","href":"https:\/\/api.w.org\/{rel}","templated":true}]}}