{"id":40332,"date":"2022-05-10T11:41:51","date_gmt":"2022-05-10T09:41:51","guid":{"rendered":"https:\/\/www.esplac.cat\/?p=40332"},"modified":"2022-05-10T11:44:13","modified_gmt":"2022-05-10T09:44:13","slug":"lesplaiada-es-posiciona-amb-record-de-participacio-3-000-persones-reivindiquen-la-veu-dels-infants","status":"publish","type":"post","link":"https:\/\/www.esplac.cat\/es\/lesplaiada-es-posiciona-amb-record-de-participacio-3-000-persones-reivindiquen-la-veu-dels-infants\/","title":{"rendered":"L\u2019Esplaiada es posiciona amb r\u00e8cord de participaci\u00f3: 3.000 persones reivindiquen la veu dels infants"},"content":{"rendered":"<h6 dir=\"ltr\"><strong>L\u2019acte reivindicatiu ha posat el focus en la veu dels infants i la fugida de les pr\u00e0ctiques adultoc\u00e8ntriques vigents a la societat<\/strong><\/h6>\n<h6 dir=\"ltr\"><strong>3.000 infants i joves s\u2019han reunit aquest cap de setmana a Sant Cugat per reivindicar la tasca dels esplais i celebrar l\u2019Esplaiada 2022<\/strong><\/h6>\n<p dir=\"ltr\">Aquest cap de setmana s\u2019ha celebrat l\u2019Esplaiada a Sant Cugat del Vall\u00e8s, on han participat m\u00e9s de 3.000 infants, joves i monis, en el marc del 40\u00e8 aniversari d\u2019Esplais Catalans. El macroesdeveniment ha culminat amb la celebraci\u00f3 d\u2019un acte unitari reivindicatiu on infants i joves dels esplais han llegit un <a href=\"https:\/\/docs.google.com\/document\/u\/0\/d\/1S1S6XOGPdS1Yb10wC1aVmVpOsWOXSEN7SDdsYK2crGA\/edit\" target=\"_blank\" rel=\"noopener noreferrer\" data-saferedirecturl=\"https:\/\/www.google.com\/url?q=https:\/\/docs.google.com\/document\/u\/0\/d\/1S1S6XOGPdS1Yb10wC1aVmVpOsWOXSEN7SDdsYK2crGA\/edit&amp;source=gmail&amp;ust=1652254138234000&amp;usg=AOvVaw2dJFRpe-J0fz2oov0H0_gn\"><span style=\"color: #f69d0b;\">manifest<\/span><\/a> i el concert d\u2019Ambauka.<\/p>\n<p dir=\"ltr\">L\u2019Esplaiada ha estat el primer acte multitudinari despr\u00e9s de la pand\u00e8mia on 60 esplais associats a Esplac han fet activitats i din\u00e0miques relacionades amb la tem\u00e0tica i el lema de l\u2019esdeveniment \u201cLa veu d\u2019un infant \u00e9s m\u00e9s gran que un elefant\u201d. La Trobada General ha perm\u00e8s teixir vincles i visibilitzar la tasca educativa dels esplais laics i progressistes, reivindicant la visi\u00f3 dels infants i joves com a ciutadans actius de ple dret amb capacitat de decisi\u00f3 sobre all\u00f2 que els afecta, fent autocr\u00edtica del model adultocentrista vigent a la societat.<\/p>\n<p dir=\"ltr\">La ciutat de Sant Cugat es va omplir d\u2019infants, joves i monis que van dur a terme activitats i din\u00e0miques d\u2019esplai a diversos parcs, places i que es van instal\u00b7lar a 14 equipaments p\u00fablics de la ciutat. L\u2019Esplaiada ha comptat amb el suport de l&#8217;administraci\u00f3 local i la coordinaci\u00f3 d\u2019aquesta amb Esplais Catalans.<\/p>\n<p dir=\"ltr\">El passat diumenge 8 de maig, a l\u2019acte unitari i reivindicatiu obert a la ciutadania, infants i joves dels esplais van fer\u00a0 la lectura d\u2019un manifest que reclamant que \u201cestem farts que les persones adultes no ens deixin prendre decisions sobre la nostra pr\u00f2pia vida o que ens obliguin a fer el que elles ens diuen\u201d i van\u00a0 afirmar que durant la pand\u00e8mia \u201cen molts moments se\u2019ns va culpar a nosaltres de l\u2019augment de contagis i tot aix\u00f2 va ser nom\u00e9s perqu\u00e8 consideraven que les nostres necessitats no eren tan importants com les seves!\u201d<\/p>\n<p dir=\"ltr\">L\u2019Esplaiada va finalitzar al parc de Ramon Barnils amb el concert d\u2019<a href=\"https:\/\/ambauka.cat\/\" target=\"_blank\" rel=\"noopener noreferrer\" data-saferedirecturl=\"https:\/\/www.google.com\/url?q=https:\/\/ambauka.cat\/&amp;source=gmail&amp;ust=1652254138234000&amp;usg=AOvVaw19HNXo1AtZukt4Ozj6mFXU\"><span style=\"color: #f69d0b;\">Ambauka<\/span><\/a>, on van sonar can\u00e7ons com <a href=\"https:\/\/www.youtube.com\/watch?v=UrPzdYWtI08\" target=\"_blank\" rel=\"noopener noreferrer\" data-saferedirecturl=\"https:\/\/www.google.com\/url?q=https:\/\/www.youtube.com\/watch?v%3DUrPzdYWtI08&amp;source=gmail&amp;ust=1652254138234000&amp;usg=AOvVaw0AfwCAnd_GCkLQwAAlBfpW\"><span style=\"color: #f69d0b;\">Tinc esplai!<\/span><\/a> i <a href=\"https:\/\/www.youtube.com\/watch?v=jmjf3oXEKDE\" target=\"_blank\" rel=\"noopener noreferrer\" data-saferedirecturl=\"https:\/\/www.google.com\/url?q=https:\/\/www.youtube.com\/watch?v%3Djmjf3oXEKDE&amp;source=gmail&amp;ust=1652254138234000&amp;usg=AOvVaw2TC4xRZt6V8Xt6lMqq_VMA\"><span style=\"color: #f69d0b;\">l\u2019Energia de l\u2019esplai<\/span><\/a>, posant el punt final a l\u2019efem\u00e8ride amb un espai l\u00fadic-festiu per totes les persones que hi van participar.<\/p>\n<p dir=\"ltr\">Durant tot l\u2019acte van assistir tamb\u00e9 algunes personalitats pol\u00edtiques, com el president de la Generalitat de Catalunya, Pere Aragon\u00e8s i Garcia, i l\u2019alcaldessa de Sant Cugat, Mireia Ingla i Mas a qui els infants d\u2019un grup d\u2019esplai van poder exposar les seves necessitats i demandes.<\/p>\n<p dir=\"ltr\">Des de l\u2019Equip de Coordinaci\u00f3 de l\u2019entitat s\u2019ha valorat l\u2019Esplaiada com un espai de creaci\u00f3 de sentiment de pertinen\u00e7a per a l\u2019associaci\u00f3, suposant un abans i un despr\u00e9s pels esplais de Catalunya. A m\u00e9s, Olga Castells de Paz, referent del projecte Inf\u00e0ncia i Esplaiada ha confirmat que \u201cmarxem de l\u2019Esplaiada emocionades i molt orgulloses de la gran participaci\u00f3 i implicaci\u00f3 de totes les parts que han estat presents, des de l\u2019equip d\u2019organitzaci\u00f3, les dirigents, les t\u00e8cniques i tots els esplais que ho han fet possible.\u201d<\/p>\n<p dir=\"ltr\"><strong>Material comunicatiu de l\u2019Esplaiada<\/strong><\/p>\n<ul>\n<li dir=\"ltr\">\n<p dir=\"ltr\" role=\"presentation\">Descarrega <span style=\"color: #f69d0b;\"><a style=\"color: #f69d0b;\" href=\"https:\/\/we.tl\/t-6VtMU0E2x5\" target=\"_blank\" rel=\"noopener noreferrer\" data-saferedirecturl=\"https:\/\/www.google.com\/url?q=https:\/\/we.tl\/t-6VtMU0E2x5&amp;source=gmail&amp;ust=1652254138234000&amp;usg=AOvVaw3aItYxcIYdjNQH0hxNJuVU\">aqu\u00ed<\/a> <\/span>el material comunicatiu de l\u2019Esplaiada 2022 (fotografies i v\u00eddeos) &#8211; autoria Esplais Catalans<\/p>\n<\/li>\n<li dir=\"ltr\">\n<p dir=\"ltr\" role=\"presentation\">Descarrega <a href=\"https:\/\/flic.kr\/s\/aHBqjzNDkj\" target=\"_blank\" rel=\"noopener noreferrer\" data-saferedirecturl=\"https:\/\/www.google.com\/url?q=https:\/\/flic.kr\/s\/aHBqjzNDkj&amp;source=gmail&amp;ust=1652254138234000&amp;usg=AOvVaw3ZEGGM8uovOpbMbbp_0AgH\"><span style=\"color: #f69d0b;\">aqu\u00ed<\/span><\/a> fotografies de l&#8217;arribada a l\u2019Esplaiada (fotografies i v\u00eddeos) &#8211; autoria Ajuntament de Sant Cugat<\/p>\n<\/li>\n<\/ul>\n<p>&nbsp;<\/p>\n\n\t\t<style type=\"text\/css\">\n\t\t\t#gallery-1 {\n\t\t\t\tmargin: auto;\n\t\t\t}\n\t\t\t#gallery-1 .gallery-item {\n\t\t\t\tfloat: left;\n\t\t\t\tmargin-top: 10px;\n\t\t\t\ttext-align: center;\n\t\t\t\twidth: 33%;\n\t\t\t}\n\t\t\t#gallery-1 img {\n\t\t\t\tborder: 2px solid #cfcfcf;\n\t\t\t}\n\t\t\t#gallery-1 .gallery-caption {\n\t\t\t\tmargin-left: 0;\n\t\t\t}\n\t\t\t\/* see gallery_shortcode() in wp-includes\/media.php *\/\n\t\t<\/style>\n\t\t<div id='gallery-1' class='gallery galleryid-40332 gallery-columns-3 gallery-size-medium'><dl class='gallery-item'>\n\t\t\t<dt class='gallery-icon landscape'>\n\t\t\t\t<a data-rel=\"iLightbox[postimages]\" data-title=\"photo_2022-05-07_15-55-55\" data-caption=\"\" href='https:\/\/www.esplac.cat\/es\/photo_2022-05-07_15-55-55-2\/'><img decoding=\"async\" width=\"300\" height=\"200\" src=\"https:\/\/www.esplac.cat\/wp-content\/uploads\/2022\/05\/photo_2022-05-07_15-55-55-300x200.jpg\" class=\"attachment-medium size-medium\" alt=\"\" srcset=\"https:\/\/www.esplac.cat\/wp-content\/uploads\/2022\/05\/photo_2022-05-07_15-55-55-200x133.jpg 200w, https:\/\/www.esplac.cat\/wp-content\/uploads\/2022\/05\/photo_2022-05-07_15-55-55-300x200.jpg 300w, https:\/\/www.esplac.cat\/wp-content\/uploads\/2022\/05\/photo_2022-05-07_15-55-55-400x267.jpg 400w, https:\/\/www.esplac.cat\/wp-content\/uploads\/2022\/05\/photo_2022-05-07_15-55-55-600x400.jpg 600w, https:\/\/www.esplac.cat\/wp-content\/uploads\/2022\/05\/photo_2022-05-07_15-55-55-768x512.jpg 768w, https:\/\/www.esplac.cat\/wp-content\/uploads\/2022\/05\/photo_2022-05-07_15-55-55-800x533.jpg 800w, https:\/\/www.esplac.cat\/wp-content\/uploads\/2022\/05\/photo_2022-05-07_15-55-55-1024x682.jpg 1024w, https:\/\/www.esplac.cat\/wp-content\/uploads\/2022\/05\/photo_2022-05-07_15-55-55-1200x800.jpg 1200w, https:\/\/www.esplac.cat\/wp-content\/uploads\/2022\/05\/photo_2022-05-07_15-55-55.jpg 1280w\" sizes=\"(max-width: 300px) 100vw, 300px\" \/><\/a>\n\t\t\t<\/dt><\/dl><dl class='gallery-item'>\n\t\t\t<dt class='gallery-icon landscape'>\n\t\t\t\t<a data-rel=\"iLightbox[postimages]\" data-title=\"photo_2022-05-07_15-55-18\" data-caption=\"\" href='https:\/\/www.esplac.cat\/es\/photo_2022-05-07_15-55-18-2\/'><img decoding=\"async\" width=\"300\" height=\"200\" src=\"https:\/\/www.esplac.cat\/wp-content\/uploads\/2022\/05\/photo_2022-05-07_15-55-18-300x200.jpg\" class=\"attachment-medium size-medium\" alt=\"\" srcset=\"https:\/\/www.esplac.cat\/wp-content\/uploads\/2022\/05\/photo_2022-05-07_15-55-18-200x133.jpg 200w, https:\/\/www.esplac.cat\/wp-content\/uploads\/2022\/05\/photo_2022-05-07_15-55-18-300x200.jpg 300w, https:\/\/www.esplac.cat\/wp-content\/uploads\/2022\/05\/photo_2022-05-07_15-55-18-400x267.jpg 400w, https:\/\/www.esplac.cat\/wp-content\/uploads\/2022\/05\/photo_2022-05-07_15-55-18-600x400.jpg 600w, https:\/\/www.esplac.cat\/wp-content\/uploads\/2022\/05\/photo_2022-05-07_15-55-18-768x512.jpg 768w, https:\/\/www.esplac.cat\/wp-content\/uploads\/2022\/05\/photo_2022-05-07_15-55-18-800x533.jpg 800w, https:\/\/www.esplac.cat\/wp-content\/uploads\/2022\/05\/photo_2022-05-07_15-55-18-1024x682.jpg 1024w, https:\/\/www.esplac.cat\/wp-content\/uploads\/2022\/05\/photo_2022-05-07_15-55-18-1200x800.jpg 1200w, https:\/\/www.esplac.cat\/wp-content\/uploads\/2022\/05\/photo_2022-05-07_15-55-18.jpg 1280w\" sizes=\"(max-width: 300px) 100vw, 300px\" \/><\/a>\n\t\t\t<\/dt><\/dl><dl class='gallery-item'>\n\t\t\t<dt class='gallery-icon landscape'>\n\t\t\t\t<a data-rel=\"iLightbox[postimages]\" data-title=\"photo_2022-05-07_15-50-45\" data-caption=\"\" href='https:\/\/www.esplac.cat\/es\/photo_2022-05-07_15-50-45-2\/'><img decoding=\"async\" width=\"300\" height=\"200\" src=\"https:\/\/www.esplac.cat\/wp-content\/uploads\/2022\/05\/photo_2022-05-07_15-50-45-300x200.jpg\" class=\"attachment-medium size-medium\" alt=\"\" srcset=\"https:\/\/www.esplac.cat\/wp-content\/uploads\/2022\/05\/photo_2022-05-07_15-50-45-200x133.jpg 200w, https:\/\/www.esplac.cat\/wp-content\/uploads\/2022\/05\/photo_2022-05-07_15-50-45-300x200.jpg 300w, https:\/\/www.esplac.cat\/wp-content\/uploads\/2022\/05\/photo_2022-05-07_15-50-45-400x267.jpg 400w, https:\/\/www.esplac.cat\/wp-content\/uploads\/2022\/05\/photo_2022-05-07_15-50-45-600x400.jpg 600w, https:\/\/www.esplac.cat\/wp-content\/uploads\/2022\/05\/photo_2022-05-07_15-50-45-768x512.jpg 768w, https:\/\/www.esplac.cat\/wp-content\/uploads\/2022\/05\/photo_2022-05-07_15-50-45-800x533.jpg 800w, https:\/\/www.esplac.cat\/wp-content\/uploads\/2022\/05\/photo_2022-05-07_15-50-45-1024x682.jpg 1024w, https:\/\/www.esplac.cat\/wp-content\/uploads\/2022\/05\/photo_2022-05-07_15-50-45-1200x800.jpg 1200w, https:\/\/www.esplac.cat\/wp-content\/uploads\/2022\/05\/photo_2022-05-07_15-50-45.jpg 1280w\" sizes=\"(max-width: 300px) 100vw, 300px\" \/><\/a>\n\t\t\t<\/dt><\/dl><br style=\"clear: both\" \/><dl class='gallery-item'>\n\t\t\t<dt class='gallery-icon landscape'>\n\t\t\t\t<a data-rel=\"iLightbox[postimages]\" data-title=\"photo_2022-05-07_15-56-45\" data-caption=\"\" href='https:\/\/www.esplac.cat\/es\/photo_2022-05-07_15-56-45-2\/'><img decoding=\"async\" width=\"300\" height=\"200\" src=\"https:\/\/www.esplac.cat\/wp-content\/uploads\/2022\/05\/photo_2022-05-07_15-56-45-300x200.jpg\" class=\"attachment-medium size-medium\" alt=\"\" srcset=\"https:\/\/www.esplac.cat\/wp-content\/uploads\/2022\/05\/photo_2022-05-07_15-56-45-200x133.jpg 200w, https:\/\/www.esplac.cat\/wp-content\/uploads\/2022\/05\/photo_2022-05-07_15-56-45-300x200.jpg 300w, https:\/\/www.esplac.cat\/wp-content\/uploads\/2022\/05\/photo_2022-05-07_15-56-45-400x266.jpg 400w, https:\/\/www.esplac.cat\/wp-content\/uploads\/2022\/05\/photo_2022-05-07_15-56-45-600x399.jpg 600w, https:\/\/www.esplac.cat\/wp-content\/uploads\/2022\/05\/photo_2022-05-07_15-56-45-768x511.jpg 768w, https:\/\/www.esplac.cat\/wp-content\/uploads\/2022\/05\/photo_2022-05-07_15-56-45-800x533.jpg 800w, https:\/\/www.esplac.cat\/wp-content\/uploads\/2022\/05\/photo_2022-05-07_15-56-45-1024x682.jpg 1024w, https:\/\/www.esplac.cat\/wp-content\/uploads\/2022\/05\/photo_2022-05-07_15-56-45-1200x799.jpg 1200w, https:\/\/www.esplac.cat\/wp-content\/uploads\/2022\/05\/photo_2022-05-07_15-56-45.jpg 1280w\" sizes=\"(max-width: 300px) 100vw, 300px\" \/><\/a>\n\t\t\t<\/dt><\/dl><dl class='gallery-item'>\n\t\t\t<dt class='gallery-icon landscape'>\n\t\t\t\t<a data-rel=\"iLightbox[postimages]\" data-title=\"photo_2022-05-07_15-50-51\" data-caption=\"\" href='https:\/\/www.esplac.cat\/es\/photo_2022-05-07_15-50-51-2\/'><img decoding=\"async\" width=\"300\" height=\"200\" src=\"https:\/\/www.esplac.cat\/wp-content\/uploads\/2022\/05\/photo_2022-05-07_15-50-51-300x200.jpg\" class=\"attachment-medium size-medium\" alt=\"\" srcset=\"https:\/\/www.esplac.cat\/wp-content\/uploads\/2022\/05\/photo_2022-05-07_15-50-51-200x133.jpg 200w, https:\/\/www.esplac.cat\/wp-content\/uploads\/2022\/05\/photo_2022-05-07_15-50-51-300x200.jpg 300w, https:\/\/www.esplac.cat\/wp-content\/uploads\/2022\/05\/photo_2022-05-07_15-50-51-400x267.jpg 400w, https:\/\/www.esplac.cat\/wp-content\/uploads\/2022\/05\/photo_2022-05-07_15-50-51-600x400.jpg 600w, https:\/\/www.esplac.cat\/wp-content\/uploads\/2022\/05\/photo_2022-05-07_15-50-51-768x512.jpg 768w, https:\/\/www.esplac.cat\/wp-content\/uploads\/2022\/05\/photo_2022-05-07_15-50-51-800x533.jpg 800w, https:\/\/www.esplac.cat\/wp-content\/uploads\/2022\/05\/photo_2022-05-07_15-50-51-1024x682.jpg 1024w, https:\/\/www.esplac.cat\/wp-content\/uploads\/2022\/05\/photo_2022-05-07_15-50-51-1200x800.jpg 1200w, https:\/\/www.esplac.cat\/wp-content\/uploads\/2022\/05\/photo_2022-05-07_15-50-51.jpg 1280w\" sizes=\"(max-width: 300px) 100vw, 300px\" \/><\/a>\n\t\t\t<\/dt><\/dl><dl class='gallery-item'>\n\t\t\t<dt class='gallery-icon landscape'>\n\t\t\t\t<a data-rel=\"iLightbox[postimages]\" data-title=\"photo_2022-05-07_15-51-44\" data-caption=\"\" href='https:\/\/www.esplac.cat\/es\/photo_2022-05-07_15-51-44-2\/'><img decoding=\"async\" width=\"300\" height=\"169\" src=\"https:\/\/www.esplac.cat\/wp-content\/uploads\/2022\/05\/photo_2022-05-07_15-51-44-300x169.jpg\" class=\"attachment-medium size-medium\" alt=\"\" srcset=\"https:\/\/www.esplac.cat\/wp-content\/uploads\/2022\/05\/photo_2022-05-07_15-51-44-200x112.jpg 200w, https:\/\/www.esplac.cat\/wp-content\/uploads\/2022\/05\/photo_2022-05-07_15-51-44-300x169.jpg 300w, https:\/\/www.esplac.cat\/wp-content\/uploads\/2022\/05\/photo_2022-05-07_15-51-44-400x225.jpg 400w, https:\/\/www.esplac.cat\/wp-content\/uploads\/2022\/05\/photo_2022-05-07_15-51-44-600x337.jpg 600w, https:\/\/www.esplac.cat\/wp-content\/uploads\/2022\/05\/photo_2022-05-07_15-51-44-768x431.jpg 768w, https:\/\/www.esplac.cat\/wp-content\/uploads\/2022\/05\/photo_2022-05-07_15-51-44-800x449.jpg 800w, https:\/\/www.esplac.cat\/wp-content\/uploads\/2022\/05\/photo_2022-05-07_15-51-44-1024x575.jpg 1024w, https:\/\/www.esplac.cat\/wp-content\/uploads\/2022\/05\/photo_2022-05-07_15-51-44-1200x674.jpg 1200w, https:\/\/www.esplac.cat\/wp-content\/uploads\/2022\/05\/photo_2022-05-07_15-51-44.jpg 1280w\" sizes=\"(max-width: 300px) 100vw, 300px\" \/><\/a>\n\t\t\t<\/dt><\/dl><br style=\"clear: both\" \/><dl class='gallery-item'>\n\t\t\t<dt class='gallery-icon landscape'>\n\t\t\t\t<a data-rel=\"iLightbox[postimages]\" data-title=\"photo_2022-05-07_15-45-32\" data-caption=\"\" href='https:\/\/www.esplac.cat\/es\/photo_2022-05-07_15-45-32-2\/'><img decoding=\"async\" width=\"300\" height=\"200\" src=\"https:\/\/www.esplac.cat\/wp-content\/uploads\/2022\/05\/photo_2022-05-07_15-45-32-300x200.jpg\" class=\"attachment-medium size-medium\" alt=\"\" srcset=\"https:\/\/www.esplac.cat\/wp-content\/uploads\/2022\/05\/photo_2022-05-07_15-45-32-200x133.jpg 200w, https:\/\/www.esplac.cat\/wp-content\/uploads\/2022\/05\/photo_2022-05-07_15-45-32-300x200.jpg 300w, https:\/\/www.esplac.cat\/wp-content\/uploads\/2022\/05\/photo_2022-05-07_15-45-32-400x267.jpg 400w, https:\/\/www.esplac.cat\/wp-content\/uploads\/2022\/05\/photo_2022-05-07_15-45-32-600x400.jpg 600w, https:\/\/www.esplac.cat\/wp-content\/uploads\/2022\/05\/photo_2022-05-07_15-45-32-768x512.jpg 768w, https:\/\/www.esplac.cat\/wp-content\/uploads\/2022\/05\/photo_2022-05-07_15-45-32-800x533.jpg 800w, https:\/\/www.esplac.cat\/wp-content\/uploads\/2022\/05\/photo_2022-05-07_15-45-32-1024x682.jpg 1024w, https:\/\/www.esplac.cat\/wp-content\/uploads\/2022\/05\/photo_2022-05-07_15-45-32-1200x800.jpg 1200w, https:\/\/www.esplac.cat\/wp-content\/uploads\/2022\/05\/photo_2022-05-07_15-45-32.jpg 1280w\" sizes=\"(max-width: 300px) 100vw, 300px\" \/><\/a>\n\t\t\t<\/dt><\/dl><dl class='gallery-item'>\n\t\t\t<dt class='gallery-icon landscape'>\n\t\t\t\t<a data-rel=\"iLightbox[postimages]\" data-title=\"photo_2022-05-08_10-24-22\" data-caption=\"\" href='https:\/\/www.esplac.cat\/es\/photo_2022-05-08_10-24-22-2\/'><img decoding=\"async\" width=\"300\" height=\"169\" src=\"https:\/\/www.esplac.cat\/wp-content\/uploads\/2022\/05\/photo_2022-05-08_10-24-22-300x169.jpg\" class=\"attachment-medium size-medium\" alt=\"\" srcset=\"https:\/\/www.esplac.cat\/wp-content\/uploads\/2022\/05\/photo_2022-05-08_10-24-22-200x112.jpg 200w, https:\/\/www.esplac.cat\/wp-content\/uploads\/2022\/05\/photo_2022-05-08_10-24-22-300x169.jpg 300w, https:\/\/www.esplac.cat\/wp-content\/uploads\/2022\/05\/photo_2022-05-08_10-24-22-400x225.jpg 400w, https:\/\/www.esplac.cat\/wp-content\/uploads\/2022\/05\/photo_2022-05-08_10-24-22-600x337.jpg 600w, https:\/\/www.esplac.cat\/wp-content\/uploads\/2022\/05\/photo_2022-05-08_10-24-22-768x431.jpg 768w, https:\/\/www.esplac.cat\/wp-content\/uploads\/2022\/05\/photo_2022-05-08_10-24-22-800x449.jpg 800w, https:\/\/www.esplac.cat\/wp-content\/uploads\/2022\/05\/photo_2022-05-08_10-24-22-1024x575.jpg 1024w, https:\/\/www.esplac.cat\/wp-content\/uploads\/2022\/05\/photo_2022-05-08_10-24-22-1200x674.jpg 1200w, https:\/\/www.esplac.cat\/wp-content\/uploads\/2022\/05\/photo_2022-05-08_10-24-22.jpg 1280w\" sizes=\"(max-width: 300px) 100vw, 300px\" \/><\/a>\n\t\t\t<\/dt><\/dl><dl class='gallery-item'>\n\t\t\t<dt class='gallery-icon landscape'>\n\t\t\t\t<a data-rel=\"iLightbox[postimages]\" data-title=\"photo_2022-05-07_15-57-34\" data-caption=\"\" href='https:\/\/www.esplac.cat\/es\/photo_2022-05-07_15-57-34-2\/'><img decoding=\"async\" width=\"300\" height=\"200\" src=\"https:\/\/www.esplac.cat\/wp-content\/uploads\/2022\/05\/photo_2022-05-07_15-57-34-300x200.jpg\" class=\"attachment-medium size-medium\" alt=\"\" srcset=\"https:\/\/www.esplac.cat\/wp-content\/uploads\/2022\/05\/photo_2022-05-07_15-57-34-200x133.jpg 200w, https:\/\/www.esplac.cat\/wp-content\/uploads\/2022\/05\/photo_2022-05-07_15-57-34-300x200.jpg 300w, https:\/\/www.esplac.cat\/wp-content\/uploads\/2022\/05\/photo_2022-05-07_15-57-34-400x266.jpg 400w, https:\/\/www.esplac.cat\/wp-content\/uploads\/2022\/05\/photo_2022-05-07_15-57-34-600x399.jpg 600w, https:\/\/www.esplac.cat\/wp-content\/uploads\/2022\/05\/photo_2022-05-07_15-57-34-768x511.jpg 768w, https:\/\/www.esplac.cat\/wp-content\/uploads\/2022\/05\/photo_2022-05-07_15-57-34-800x533.jpg 800w, https:\/\/www.esplac.cat\/wp-content\/uploads\/2022\/05\/photo_2022-05-07_15-57-34-1024x682.jpg 1024w, https:\/\/www.esplac.cat\/wp-content\/uploads\/2022\/05\/photo_2022-05-07_15-57-34-1200x799.jpg 1200w, https:\/\/www.esplac.cat\/wp-content\/uploads\/2022\/05\/photo_2022-05-07_15-57-34.jpg 1280w\" sizes=\"(max-width: 300px) 100vw, 300px\" \/><\/a>\n\t\t\t<\/dt><\/dl><br style=\"clear: both\" \/><dl class='gallery-item'>\n\t\t\t<dt class='gallery-icon landscape'>\n\t\t\t\t<a data-rel=\"iLightbox[postimages]\" data-title=\"photo_2022-05-07_15-44-59\" data-caption=\"\" href='https:\/\/www.esplac.cat\/es\/photo_2022-05-07_15-44-59-2\/'><img decoding=\"async\" width=\"300\" height=\"200\" src=\"https:\/\/www.esplac.cat\/wp-content\/uploads\/2022\/05\/photo_2022-05-07_15-44-59-300x200.jpg\" class=\"attachment-medium size-medium\" alt=\"\" srcset=\"https:\/\/www.esplac.cat\/wp-content\/uploads\/2022\/05\/photo_2022-05-07_15-44-59-200x133.jpg 200w, https:\/\/www.esplac.cat\/wp-content\/uploads\/2022\/05\/photo_2022-05-07_15-44-59-300x200.jpg 300w, https:\/\/www.esplac.cat\/wp-content\/uploads\/2022\/05\/photo_2022-05-07_15-44-59-400x267.jpg 400w, https:\/\/www.esplac.cat\/wp-content\/uploads\/2022\/05\/photo_2022-05-07_15-44-59-600x400.jpg 600w, https:\/\/www.esplac.cat\/wp-content\/uploads\/2022\/05\/photo_2022-05-07_15-44-59-768x512.jpg 768w, https:\/\/www.esplac.cat\/wp-content\/uploads\/2022\/05\/photo_2022-05-07_15-44-59-800x533.jpg 800w, https:\/\/www.esplac.cat\/wp-content\/uploads\/2022\/05\/photo_2022-05-07_15-44-59-1024x682.jpg 1024w, https:\/\/www.esplac.cat\/wp-content\/uploads\/2022\/05\/photo_2022-05-07_15-44-59-1200x800.jpg 1200w, https:\/\/www.esplac.cat\/wp-content\/uploads\/2022\/05\/photo_2022-05-07_15-44-59.jpg 1280w\" sizes=\"(max-width: 300px) 100vw, 300px\" \/><\/a>\n\t\t\t<\/dt><\/dl>\n\t\t\t<br style='clear: both' \/>\n\t\t<\/div>\n\n","protected":false},"excerpt":{"rendered":"<p>L\u2019acte reivindicatiu ha posat el focus en la veu dels [&hellip;]<\/p>\n","protected":false},"author":3,"featured_media":40334,"comment_status":"closed","ping_status":"closed","sticky":false,"template":"","format":"standard","meta":{"om_disable_all_campaigns":false,"_monsterinsights_skip_tracking":false,"_monsterinsights_sitenote_active":false,"_monsterinsights_sitenote_note":"","_monsterinsights_sitenote_category":0,"_uf_show_specific_survey":0,"_uf_disable_surveys":false,"footnotes":""},"categories":[1136],"tags":[],"class_list":["post-40332","post","type-post","status-publish","format-standard","has-post-thumbnail","hentry","category-esplaiada"],"yoast_head":"<!-- This site is optimized with the Yoast SEO plugin v27.4 - https:\/\/yoast.com\/product\/yoast-seo-wordpress\/ -->\n<title>L\u2019Esplaiada es posiciona amb r\u00e8cord de participaci\u00f3: 3.000 persones reivindiquen la veu dels infants<\/title>\n<meta name=\"description\" content=\"Aquest cap de setmana s&#039;ha celebrat l&#039;Esplaiada que ha comptat amb r\u00e8cord de participaci\u00f3 i ha reivindicat la tasca educativa dels esplais.\" \/>\n<meta name=\"robots\" content=\"index, follow, max-snippet:-1, max-image-preview:large, max-video-preview:-1\" \/>\n<link rel=\"canonical\" href=\"https:\/\/www.esplac.cat\/lesplaiada-es-posiciona-amb-record-de-participacio-3-000-persones-reivindiquen-la-veu-dels-infants\/\" \/>\n<meta property=\"og:locale\" content=\"es_ES\" \/>\n<meta property=\"og:type\" content=\"article\" \/>\n<meta property=\"og:title\" content=\"L\u2019Esplaiada es posiciona amb r\u00e8cord de participaci\u00f3: 3.000 persones reivindiquen la veu dels infants\" \/>\n<meta property=\"og:description\" content=\"Aquest cap de setmana s&#039;ha celebrat l&#039;Esplaiada que ha comptat amb r\u00e8cord de participaci\u00f3 i ha reivindicat la tasca educativa dels esplais.\" \/>\n<meta property=\"og:url\" content=\"https:\/\/www.esplac.cat\/lesplaiada-es-posiciona-amb-record-de-participacio-3-000-persones-reivindiquen-la-veu-dels-infants\/\" \/>\n<meta property=\"og:site_name\" content=\"Esplac\" \/>\n<meta property=\"article:published_time\" content=\"2022-05-10T09:41:51+00:00\" \/>\n<meta property=\"article:modified_time\" content=\"2022-05-10T09:44:13+00:00\" \/>\n<meta property=\"og:image\" content=\"https:\/\/www.esplac.cat\/wp-content\/uploads\/2022\/05\/IMG_7135.jpeg\" \/>\n\t<meta property=\"og:image:width\" content=\"2048\" \/>\n\t<meta property=\"og:image:height\" content=\"781\" \/>\n\t<meta property=\"og:image:type\" content=\"image\/jpeg\" \/>\n<meta name=\"author\" content=\"Comunicaci\u00f3 Esplac\" \/>\n<meta name=\"twitter:card\" content=\"summary_large_image\" \/>\n<meta name=\"twitter:label1\" content=\"Escrito por\" \/>\n\t<meta name=\"twitter:data1\" content=\"Comunicaci\u00f3 Esplac\" \/>\n\t<meta name=\"twitter:label2\" content=\"Tiempo de lectura\" \/>\n\t<meta name=\"twitter:data2\" content=\"3 minutos\" \/>\n<script type=\"application\/ld+json\" class=\"yoast-schema-graph\">{\"@context\":\"https:\\\/\\\/schema.org\",\"@graph\":[{\"@type\":\"Article\",\"@id\":\"https:\\\/\\\/www.esplac.cat\\\/lesplaiada-es-posiciona-amb-record-de-participacio-3-000-persones-reivindiquen-la-veu-dels-infants\\\/#article\",\"isPartOf\":{\"@id\":\"https:\\\/\\\/www.esplac.cat\\\/lesplaiada-es-posiciona-amb-record-de-participacio-3-000-persones-reivindiquen-la-veu-dels-infants\\\/\"},\"author\":{\"name\":\"Comunicaci\u00f3 Esplac\",\"@id\":\"https:\\\/\\\/www.esplac.cat\\\/#\\\/schema\\\/person\\\/908383cf240be18b68f8855d0583faca\"},\"headline\":\"L\u2019Esplaiada es posiciona amb r\u00e8cord de participaci\u00f3: 3.000 persones reivindiquen la veu dels infants\",\"datePublished\":\"2022-05-10T09:41:51+00:00\",\"dateModified\":\"2022-05-10T09:44:13+00:00\",\"mainEntityOfPage\":{\"@id\":\"https:\\\/\\\/www.esplac.cat\\\/lesplaiada-es-posiciona-amb-record-de-participacio-3-000-persones-reivindiquen-la-veu-dels-infants\\\/\"},\"wordCount\":625,\"publisher\":{\"@id\":\"https:\\\/\\\/www.esplac.cat\\\/#organization\"},\"image\":{\"@id\":\"https:\\\/\\\/www.esplac.cat\\\/lesplaiada-es-posiciona-amb-record-de-participacio-3-000-persones-reivindiquen-la-veu-dels-infants\\\/#primaryimage\"},\"thumbnailUrl\":\"https:\\\/\\\/www.esplac.cat\\\/wp-content\\\/uploads\\\/2022\\\/05\\\/IMG_7135.jpeg\",\"articleSection\":[\"Esplaiada\"],\"inLanguage\":\"es\"},{\"@type\":\"WebPage\",\"@id\":\"https:\\\/\\\/www.esplac.cat\\\/lesplaiada-es-posiciona-amb-record-de-participacio-3-000-persones-reivindiquen-la-veu-dels-infants\\\/\",\"url\":\"https:\\\/\\\/www.esplac.cat\\\/lesplaiada-es-posiciona-amb-record-de-participacio-3-000-persones-reivindiquen-la-veu-dels-infants\\\/\",\"name\":\"L\u2019Esplaiada es posiciona amb r\u00e8cord de participaci\u00f3: 3.000 persones reivindiquen la veu dels infants\",\"isPartOf\":{\"@id\":\"https:\\\/\\\/www.esplac.cat\\\/#website\"},\"primaryImageOfPage\":{\"@id\":\"https:\\\/\\\/www.esplac.cat\\\/lesplaiada-es-posiciona-amb-record-de-participacio-3-000-persones-reivindiquen-la-veu-dels-infants\\\/#primaryimage\"},\"image\":{\"@id\":\"https:\\\/\\\/www.esplac.cat\\\/lesplaiada-es-posiciona-amb-record-de-participacio-3-000-persones-reivindiquen-la-veu-dels-infants\\\/#primaryimage\"},\"thumbnailUrl\":\"https:\\\/\\\/www.esplac.cat\\\/wp-content\\\/uploads\\\/2022\\\/05\\\/IMG_7135.jpeg\",\"datePublished\":\"2022-05-10T09:41:51+00:00\",\"dateModified\":\"2022-05-10T09:44:13+00:00\",\"description\":\"Aquest cap de setmana s'ha celebrat l'Esplaiada que ha comptat amb r\u00e8cord de participaci\u00f3 i ha reivindicat la tasca educativa dels esplais.\",\"breadcrumb\":{\"@id\":\"https:\\\/\\\/www.esplac.cat\\\/lesplaiada-es-posiciona-amb-record-de-participacio-3-000-persones-reivindiquen-la-veu-dels-infants\\\/#breadcrumb\"},\"inLanguage\":\"es\",\"potentialAction\":[{\"@type\":\"ReadAction\",\"target\":[\"https:\\\/\\\/www.esplac.cat\\\/lesplaiada-es-posiciona-amb-record-de-participacio-3-000-persones-reivindiquen-la-veu-dels-infants\\\/\"]}]},{\"@type\":\"ImageObject\",\"inLanguage\":\"es\",\"@id\":\"https:\\\/\\\/www.esplac.cat\\\/lesplaiada-es-posiciona-amb-record-de-participacio-3-000-persones-reivindiquen-la-veu-dels-infants\\\/#primaryimage\",\"url\":\"https:\\\/\\\/www.esplac.cat\\\/wp-content\\\/uploads\\\/2022\\\/05\\\/IMG_7135.jpeg\",\"contentUrl\":\"https:\\\/\\\/www.esplac.cat\\\/wp-content\\\/uploads\\\/2022\\\/05\\\/IMG_7135.jpeg\",\"width\":2048,\"height\":781,\"caption\":\"Esplaiada 2022\"},{\"@type\":\"BreadcrumbList\",\"@id\":\"https:\\\/\\\/www.esplac.cat\\\/lesplaiada-es-posiciona-amb-record-de-participacio-3-000-persones-reivindiquen-la-veu-dels-infants\\\/#breadcrumb\",\"itemListElement\":[{\"@type\":\"ListItem\",\"position\":1,\"name\":\"Inici\",\"item\":\"https:\\\/\\\/www.esplac.cat\\\/es\\\/\"},{\"@type\":\"ListItem\",\"position\":2,\"name\":\"L\u2019Esplaiada es posiciona amb r\u00e8cord de participaci\u00f3: 3.000 persones reivindiquen la veu dels infants\"}]},{\"@type\":\"WebSite\",\"@id\":\"https:\\\/\\\/www.esplac.cat\\\/#website\",\"url\":\"https:\\\/\\\/www.esplac.cat\\\/\",\"name\":\"Esplac\",\"description\":\"Esplais Catalans\",\"publisher\":{\"@id\":\"https:\\\/\\\/www.esplac.cat\\\/#organization\"},\"potentialAction\":[{\"@type\":\"SearchAction\",\"target\":{\"@type\":\"EntryPoint\",\"urlTemplate\":\"https:\\\/\\\/www.esplac.cat\\\/?s={search_term_string}\"},\"query-input\":{\"@type\":\"PropertyValueSpecification\",\"valueRequired\":true,\"valueName\":\"search_term_string\"}}],\"inLanguage\":\"es\"},{\"@type\":\"Organization\",\"@id\":\"https:\\\/\\\/www.esplac.cat\\\/#organization\",\"name\":\"Esplac\",\"url\":\"https:\\\/\\\/www.esplac.cat\\\/\",\"logo\":{\"@type\":\"ImageObject\",\"inLanguage\":\"es\",\"@id\":\"https:\\\/\\\/www.esplac.cat\\\/#\\\/schema\\\/logo\\\/image\\\/\",\"url\":\"https:\\\/\\\/www.esplac.cat\\\/wp-content\\\/uploads\\\/2019\\\/08\\\/logox2.png\",\"contentUrl\":\"https:\\\/\\\/www.esplac.cat\\\/wp-content\\\/uploads\\\/2019\\\/08\\\/logox2.png\",\"width\":600,\"height\":295,\"caption\":\"Esplac\"},\"image\":{\"@id\":\"https:\\\/\\\/www.esplac.cat\\\/#\\\/schema\\\/logo\\\/image\\\/\"}},{\"@type\":\"Person\",\"@id\":\"https:\\\/\\\/www.esplac.cat\\\/#\\\/schema\\\/person\\\/908383cf240be18b68f8855d0583faca\",\"name\":\"Comunicaci\u00f3 Esplac\",\"image\":{\"@type\":\"ImageObject\",\"inLanguage\":\"es\",\"@id\":\"https:\\\/\\\/secure.gravatar.com\\\/avatar\\\/7a4cf8feb412a76ea4a740ca02d95b06b2907b5a6c648c2dd0a1082a093c3141?s=96&d=mm&r=g\",\"url\":\"https:\\\/\\\/secure.gravatar.com\\\/avatar\\\/7a4cf8feb412a76ea4a740ca02d95b06b2907b5a6c648c2dd0a1082a093c3141?s=96&d=mm&r=g\",\"contentUrl\":\"https:\\\/\\\/secure.gravatar.com\\\/avatar\\\/7a4cf8feb412a76ea4a740ca02d95b06b2907b5a6c648c2dd0a1082a093c3141?s=96&d=mm&r=g\",\"caption\":\"Comunicaci\u00f3 Esplac\"}}]}<\/script>\n<!-- \/ Yoast SEO plugin. -->","yoast_head_json":{"title":"L\u2019Esplaiada es posiciona amb r\u00e8cord de participaci\u00f3: 3.000 persones reivindiquen la veu dels infants","description":"Aquest cap de setmana s'ha celebrat l'Esplaiada que ha comptat amb r\u00e8cord de participaci\u00f3 i ha reivindicat la tasca educativa dels esplais.","robots":{"index":"index","follow":"follow","max-snippet":"max-snippet:-1","max-image-preview":"max-image-preview:large","max-video-preview":"max-video-preview:-1"},"canonical":"https:\/\/www.esplac.cat\/lesplaiada-es-posiciona-amb-record-de-participacio-3-000-persones-reivindiquen-la-veu-dels-infants\/","og_locale":"es_ES","og_type":"article","og_title":"L\u2019Esplaiada es posiciona amb r\u00e8cord de participaci\u00f3: 3.000 persones reivindiquen la veu dels infants","og_description":"Aquest cap de setmana s'ha celebrat l'Esplaiada que ha comptat amb r\u00e8cord de participaci\u00f3 i ha reivindicat la tasca educativa dels esplais.","og_url":"https:\/\/www.esplac.cat\/lesplaiada-es-posiciona-amb-record-de-participacio-3-000-persones-reivindiquen-la-veu-dels-infants\/","og_site_name":"Esplac","article_published_time":"2022-05-10T09:41:51+00:00","article_modified_time":"2022-05-10T09:44:13+00:00","og_image":[{"width":2048,"height":781,"url":"https:\/\/www.esplac.cat\/wp-content\/uploads\/2022\/05\/IMG_7135.jpeg","type":"image\/jpeg"}],"author":"Comunicaci\u00f3 Esplac","twitter_card":"summary_large_image","twitter_misc":{"Escrito por":"Comunicaci\u00f3 Esplac","Tiempo de lectura":"3 minutos"},"schema":{"@context":"https:\/\/schema.org","@graph":[{"@type":"Article","@id":"https:\/\/www.esplac.cat\/lesplaiada-es-posiciona-amb-record-de-participacio-3-000-persones-reivindiquen-la-veu-dels-infants\/#article","isPartOf":{"@id":"https:\/\/www.esplac.cat\/lesplaiada-es-posiciona-amb-record-de-participacio-3-000-persones-reivindiquen-la-veu-dels-infants\/"},"author":{"name":"Comunicaci\u00f3 Esplac","@id":"https:\/\/www.esplac.cat\/#\/schema\/person\/908383cf240be18b68f8855d0583faca"},"headline":"L\u2019Esplaiada es posiciona amb r\u00e8cord de participaci\u00f3: 3.000 persones reivindiquen la veu dels infants","datePublished":"2022-05-10T09:41:51+00:00","dateModified":"2022-05-10T09:44:13+00:00","mainEntityOfPage":{"@id":"https:\/\/www.esplac.cat\/lesplaiada-es-posiciona-amb-record-de-participacio-3-000-persones-reivindiquen-la-veu-dels-infants\/"},"wordCount":625,"publisher":{"@id":"https:\/\/www.esplac.cat\/#organization"},"image":{"@id":"https:\/\/www.esplac.cat\/lesplaiada-es-posiciona-amb-record-de-participacio-3-000-persones-reivindiquen-la-veu-dels-infants\/#primaryimage"},"thumbnailUrl":"https:\/\/www.esplac.cat\/wp-content\/uploads\/2022\/05\/IMG_7135.jpeg","articleSection":["Esplaiada"],"inLanguage":"es"},{"@type":"WebPage","@id":"https:\/\/www.esplac.cat\/lesplaiada-es-posiciona-amb-record-de-participacio-3-000-persones-reivindiquen-la-veu-dels-infants\/","url":"https:\/\/www.esplac.cat\/lesplaiada-es-posiciona-amb-record-de-participacio-3-000-persones-reivindiquen-la-veu-dels-infants\/","name":"L\u2019Esplaiada es posiciona amb r\u00e8cord de participaci\u00f3: 3.000 persones reivindiquen la veu dels infants","isPartOf":{"@id":"https:\/\/www.esplac.cat\/#website"},"primaryImageOfPage":{"@id":"https:\/\/www.esplac.cat\/lesplaiada-es-posiciona-amb-record-de-participacio-3-000-persones-reivindiquen-la-veu-dels-infants\/#primaryimage"},"image":{"@id":"https:\/\/www.esplac.cat\/lesplaiada-es-posiciona-amb-record-de-participacio-3-000-persones-reivindiquen-la-veu-dels-infants\/#primaryimage"},"thumbnailUrl":"https:\/\/www.esplac.cat\/wp-content\/uploads\/2022\/05\/IMG_7135.jpeg","datePublished":"2022-05-10T09:41:51+00:00","dateModified":"2022-05-10T09:44:13+00:00","description":"Aquest cap de setmana s'ha celebrat l'Esplaiada que ha comptat amb r\u00e8cord de participaci\u00f3 i ha reivindicat la tasca educativa dels esplais.","breadcrumb":{"@id":"https:\/\/www.esplac.cat\/lesplaiada-es-posiciona-amb-record-de-participacio-3-000-persones-reivindiquen-la-veu-dels-infants\/#breadcrumb"},"inLanguage":"es","potentialAction":[{"@type":"ReadAction","target":["https:\/\/www.esplac.cat\/lesplaiada-es-posiciona-amb-record-de-participacio-3-000-persones-reivindiquen-la-veu-dels-infants\/"]}]},{"@type":"ImageObject","inLanguage":"es","@id":"https:\/\/www.esplac.cat\/lesplaiada-es-posiciona-amb-record-de-participacio-3-000-persones-reivindiquen-la-veu-dels-infants\/#primaryimage","url":"https:\/\/www.esplac.cat\/wp-content\/uploads\/2022\/05\/IMG_7135.jpeg","contentUrl":"https:\/\/www.esplac.cat\/wp-content\/uploads\/2022\/05\/IMG_7135.jpeg","width":2048,"height":781,"caption":"Esplaiada 2022"},{"@type":"BreadcrumbList","@id":"https:\/\/www.esplac.cat\/lesplaiada-es-posiciona-amb-record-de-participacio-3-000-persones-reivindiquen-la-veu-dels-infants\/#breadcrumb","itemListElement":[{"@type":"ListItem","position":1,"name":"Inici","item":"https:\/\/www.esplac.cat\/es\/"},{"@type":"ListItem","position":2,"name":"L\u2019Esplaiada es posiciona amb r\u00e8cord de participaci\u00f3: 3.000 persones reivindiquen la veu dels infants"}]},{"@type":"WebSite","@id":"https:\/\/www.esplac.cat\/#website","url":"https:\/\/www.esplac.cat\/","name":"Esplac","description":"Esplais Catalans","publisher":{"@id":"https:\/\/www.esplac.cat\/#organization"},"potentialAction":[{"@type":"SearchAction","target":{"@type":"EntryPoint","urlTemplate":"https:\/\/www.esplac.cat\/?s={search_term_string}"},"query-input":{"@type":"PropertyValueSpecification","valueRequired":true,"valueName":"search_term_string"}}],"inLanguage":"es"},{"@type":"Organization","@id":"https:\/\/www.esplac.cat\/#organization","name":"Esplac","url":"https:\/\/www.esplac.cat\/","logo":{"@type":"ImageObject","inLanguage":"es","@id":"https:\/\/www.esplac.cat\/#\/schema\/logo\/image\/","url":"https:\/\/www.esplac.cat\/wp-content\/uploads\/2019\/08\/logox2.png","contentUrl":"https:\/\/www.esplac.cat\/wp-content\/uploads\/2019\/08\/logox2.png","width":600,"height":295,"caption":"Esplac"},"image":{"@id":"https:\/\/www.esplac.cat\/#\/schema\/logo\/image\/"}},{"@type":"Person","@id":"https:\/\/www.esplac.cat\/#\/schema\/person\/908383cf240be18b68f8855d0583faca","name":"Comunicaci\u00f3 Esplac","image":{"@type":"ImageObject","inLanguage":"es","@id":"https:\/\/secure.gravatar.com\/avatar\/7a4cf8feb412a76ea4a740ca02d95b06b2907b5a6c648c2dd0a1082a093c3141?s=96&d=mm&r=g","url":"https:\/\/secure.gravatar.com\/avatar\/7a4cf8feb412a76ea4a740ca02d95b06b2907b5a6c648c2dd0a1082a093c3141?s=96&d=mm&r=g","contentUrl":"https:\/\/secure.gravatar.com\/avatar\/7a4cf8feb412a76ea4a740ca02d95b06b2907b5a6c648c2dd0a1082a093c3141?s=96&d=mm&r=g","caption":"Comunicaci\u00f3 Esplac"}}]}},"_links":{"self":[{"href":"https:\/\/www.esplac.cat\/es\/wp-json\/wp\/v2\/posts\/40332","targetHints":{"allow":["GET"]}}],"collection":[{"href":"https:\/\/www.esplac.cat\/es\/wp-json\/wp\/v2\/posts"}],"about":[{"href":"https:\/\/www.esplac.cat\/es\/wp-json\/wp\/v2\/types\/post"}],"author":[{"embeddable":true,"href":"https:\/\/www.esplac.cat\/es\/wp-json\/wp\/v2\/users\/3"}],"replies":[{"embeddable":true,"href":"https:\/\/www.esplac.cat\/es\/wp-json\/wp\/v2\/comments?post=40332"}],"version-history":[{"count":0,"href":"https:\/\/www.esplac.cat\/es\/wp-json\/wp\/v2\/posts\/40332\/revisions"}],"wp:featuredmedia":[{"embeddable":true,"href":"https:\/\/www.esplac.cat\/es\/wp-json\/wp\/v2\/media\/40334"}],"wp:attachment":[{"href":"https:\/\/www.esplac.cat\/es\/wp-json\/wp\/v2\/media?parent=40332"}],"wp:term":[{"taxonomy":"category","embeddable":true,"href":"https:\/\/www.esplac.cat\/es\/wp-json\/wp\/v2\/categories?post=40332"},{"taxonomy":"post_tag","embeddable":true,"href":"https:\/\/www.esplac.cat\/es\/wp-json\/wp\/v2\/tags?post=40332"}],"curies":[{"name":"wp","href":"https:\/\/api.w.org\/{rel}","templated":true}]}}