{"id":40521,"date":"2022-05-24T13:35:31","date_gmt":"2022-05-24T11:35:31","guid":{"rendered":"https:\/\/www.esplac.cat\/?p=40521"},"modified":"2022-05-24T13:45:56","modified_gmt":"2022-05-24T11:45:56","slug":"sentit-figura-referent-educacio-vivencial","status":"publish","type":"post","link":"https:\/\/www.esplac.cat\/es\/sentit-figura-referent-educacio-vivencial\/","title":{"rendered":"T\u00e9 sentit la figura de la referent en l\u2019educaci\u00f3 vivencial?"},"content":{"rendered":"<h6><strong>A l\u2019esplai fem educaci\u00f3 vivencial? Educar des de l\u2019experi\u00e8ncia o la transmissi\u00f3? El segon Vermut Pedag\u00f2gic d\u2019Esplac ha tancat el curs a Mas Fonollar, Santa Coloma de Gramenet, en el que s\u2019ha convertit en un espai de reflexi\u00f3 i debat on monitores i monitors de diferents esplais han pogut compartir visions sobre la manera en qu\u00e8 eduquem a les nostres entitats.<\/strong><\/h6>\n<p><span style=\"font-weight: 300;\">El passat 15 de maig, sota el t\u00edtol <b>\u201cEducaci\u00f3 Vivencial: Aprenentatge a trav\u00e9s de l\u2019experi\u00e8ncia o la transmissi\u00f3?\u201d <\/b> va tenir lloc el segon Vermut Pedag\u00f2gic d&#8217;Esplac, un un espai de debat, constructiu i cooperatiu, on compartir recursos, idees i noves preguntes per replantejar i cr\u00e9ixer en la nostra tasca.<br \/>\n<\/span><\/p>\n<p><span style=\"font-weight: 300;\">Sens dubte, l\u2019educaci\u00f3 vivencial, l\u2019aprendre fent, \u00e9s una de les metodologies clau dels esplais, per\u00f2 n\u2019\u00e9s la \u00fanica? \u00c9s la correcta? L\u2019aprenentatge per transmissi\u00f3 t\u00e9 cabuda en el m\u00f3n del lleure? Sovint parlem de<\/span><b> la figura de la referent<\/b><span style=\"font-weight: 300;\">, una manera d\u2019educar (de transmetre valors i coneixements) a trav\u00e9s d\u2019una persona que prenem com a refer\u00e8ncia, en aquest cas, les monitores i els monitors. Aix\u00f2 pot entrar en contradicci\u00f3 amb la nostra aposta per un aprenentatge vivencial, en el qual els infants escullen el seu propi cam\u00ed en el proc\u00e9s educatiu, en el qual les monis som responsables de crear les condicions en qu\u00e8 l\u2019aprenentatge sigui possible (a trav\u00e9s de jocs, din\u00e0miques, centres d\u2019inter\u00e8s, etc.).\u00a0<\/span><\/p>\n<p><span style=\"font-weight: 300;\">No obstant, <strong>apostem per la complementarietat<\/strong> que t\u00e9 l\u2019educaci\u00f3 a trav\u00e9s de les viv\u00e8ncies, de l\u2019experi\u00e8ncia, <strong>amb la transmissi\u00f3 de valors, actituds i coneixements en base els nostres idearis<\/strong> que fem com a monitores i monitors. A difer\u00e8ncia de l\u2019educaci\u00f3 formal, des de l\u2019esplai marquem una meta comuna a la qual cada infant escull el cam\u00ed per arribar-hi, a partir del pensament cr\u00edtic.<\/span><\/p>\n<p><span style=\"font-weight: 300;\">La segona edici\u00f3 del Vermut Pedag\u00f2gic ha tancat fent un bon balan\u00e7 d\u2019aquest nou espai de reflexi\u00f3 i debat, amb la mirada cap a principis de curs per reprendre aquest format d\u2019activitat.<\/span><\/p>\n\n\t\t<style type=\"text\/css\">\n\t\t\t#gallery-1 {\n\t\t\t\tmargin: auto;\n\t\t\t}\n\t\t\t#gallery-1 .gallery-item {\n\t\t\t\tfloat: left;\n\t\t\t\tmargin-top: 10px;\n\t\t\t\ttext-align: center;\n\t\t\t\twidth: 50%;\n\t\t\t}\n\t\t\t#gallery-1 img {\n\t\t\t\tborder: 2px solid #cfcfcf;\n\t\t\t}\n\t\t\t#gallery-1 .gallery-caption {\n\t\t\t\tmargin-left: 0;\n\t\t\t}\n\t\t\t\/* see gallery_shortcode() in wp-includes\/media.php *\/\n\t\t<\/style>\n\t\t<div id='gallery-1' class='gallery galleryid-40521 gallery-columns-2 gallery-size-medium'><dl class='gallery-item'>\n\t\t\t<dt class='gallery-icon portrait'>\n\t\t\t\t<a data-rel=\"iLightbox[postimages]\" data-title=\"WhatsApp Image 2022-05-15 at 15.52.34\" data-caption=\"\" href='https:\/\/www.esplac.cat\/wp-content\/uploads\/2022\/05\/WhatsApp-Image-2022-05-15-at-15.52.34.jpeg'><img decoding=\"async\" width=\"225\" height=\"300\" src=\"https:\/\/www.esplac.cat\/wp-content\/uploads\/2022\/05\/WhatsApp-Image-2022-05-15-at-15.52.34-225x300.jpeg\" class=\"attachment-medium size-medium\" alt=\"\" srcset=\"https:\/\/www.esplac.cat\/wp-content\/uploads\/2022\/05\/WhatsApp-Image-2022-05-15-at-15.52.34-200x267.jpeg 200w, https:\/\/www.esplac.cat\/wp-content\/uploads\/2022\/05\/WhatsApp-Image-2022-05-15-at-15.52.34-225x300.jpeg 225w, https:\/\/www.esplac.cat\/wp-content\/uploads\/2022\/05\/WhatsApp-Image-2022-05-15-at-15.52.34-400x533.jpeg 400w, https:\/\/www.esplac.cat\/wp-content\/uploads\/2022\/05\/WhatsApp-Image-2022-05-15-at-15.52.34-600x800.jpeg 600w, https:\/\/www.esplac.cat\/wp-content\/uploads\/2022\/05\/WhatsApp-Image-2022-05-15-at-15.52.34-768x1024.jpeg 768w, https:\/\/www.esplac.cat\/wp-content\/uploads\/2022\/05\/WhatsApp-Image-2022-05-15-at-15.52.34-800x1067.jpeg 800w, https:\/\/www.esplac.cat\/wp-content\/uploads\/2022\/05\/WhatsApp-Image-2022-05-15-at-15.52.34-1152x1536.jpeg 1152w, https:\/\/www.esplac.cat\/wp-content\/uploads\/2022\/05\/WhatsApp-Image-2022-05-15-at-15.52.34.jpeg 1200w\" sizes=\"(max-width: 225px) 100vw, 225px\" \/><\/a>\n\t\t\t<\/dt><\/dl><dl class='gallery-item'>\n\t\t\t<dt class='gallery-icon portrait'>\n\t\t\t\t<a data-rel=\"iLightbox[postimages]\" data-title=\"WhatsApp Image 2022-05-15 at 15.52.30\" data-caption=\"\" href='https:\/\/www.esplac.cat\/wp-content\/uploads\/2022\/05\/WhatsApp-Image-2022-05-15-at-15.52.30.jpeg'><img decoding=\"async\" width=\"225\" height=\"300\" src=\"https:\/\/www.esplac.cat\/wp-content\/uploads\/2022\/05\/WhatsApp-Image-2022-05-15-at-15.52.30-225x300.jpeg\" class=\"attachment-medium size-medium\" alt=\"\" srcset=\"https:\/\/www.esplac.cat\/wp-content\/uploads\/2022\/05\/WhatsApp-Image-2022-05-15-at-15.52.30-200x267.jpeg 200w, https:\/\/www.esplac.cat\/wp-content\/uploads\/2022\/05\/WhatsApp-Image-2022-05-15-at-15.52.30-225x300.jpeg 225w, https:\/\/www.esplac.cat\/wp-content\/uploads\/2022\/05\/WhatsApp-Image-2022-05-15-at-15.52.30-400x533.jpeg 400w, https:\/\/www.esplac.cat\/wp-content\/uploads\/2022\/05\/WhatsApp-Image-2022-05-15-at-15.52.30-600x800.jpeg 600w, https:\/\/www.esplac.cat\/wp-content\/uploads\/2022\/05\/WhatsApp-Image-2022-05-15-at-15.52.30-768x1024.jpeg 768w, https:\/\/www.esplac.cat\/wp-content\/uploads\/2022\/05\/WhatsApp-Image-2022-05-15-at-15.52.30-800x1067.jpeg 800w, https:\/\/www.esplac.cat\/wp-content\/uploads\/2022\/05\/WhatsApp-Image-2022-05-15-at-15.52.30-1152x1536.jpeg 1152w, https:\/\/www.esplac.cat\/wp-content\/uploads\/2022\/05\/WhatsApp-Image-2022-05-15-at-15.52.30.jpeg 1200w\" sizes=\"(max-width: 225px) 100vw, 225px\" \/><\/a>\n\t\t\t<\/dt><\/dl><br style=\"clear: both\" \/>\n\t\t<\/div>\n\n","protected":false},"excerpt":{"rendered":"<p>A l\u2019esplai fem educaci\u00f3 vivencial? Educar des de l\u2019experi\u00e8ncia o [&hellip;]<\/p>\n","protected":false},"author":3,"featured_media":40533,"comment_status":"closed","ping_status":"closed","sticky":false,"template":"","format":"standard","meta":{"om_disable_all_campaigns":false,"_monsterinsights_skip_tracking":false,"_monsterinsights_sitenote_active":false,"_monsterinsights_sitenote_note":"","_monsterinsights_sitenote_category":0,"_uf_show_specific_survey":0,"_uf_disable_surveys":false,"footnotes":""},"categories":[1162],"tags":[],"class_list":["post-40521","post","type-post","status-publish","format-standard","has-post-thumbnail","hentry","category-linies-pedagogiques"],"yoast_head":"<!-- This site is optimized with the Yoast SEO plugin v27.5 - https:\/\/yoast.com\/product\/yoast-seo-wordpress\/ -->\n<title>T\u00e9 sentit la figura de la referent en l\u2019educaci\u00f3 vivencial? - Esplac<\/title>\n<meta name=\"robots\" content=\"index, follow, max-snippet:-1, max-image-preview:large, max-video-preview:-1\" \/>\n<link rel=\"canonical\" href=\"https:\/\/www.esplac.cat\/sentit-figura-referent-educacio-vivencial\/\" \/>\n<meta property=\"og:locale\" content=\"es_ES\" \/>\n<meta property=\"og:type\" content=\"article\" \/>\n<meta property=\"og:title\" content=\"T\u00e9 sentit la figura de la referent en l\u2019educaci\u00f3 vivencial? - Esplac\" \/>\n<meta property=\"og:description\" content=\"A l\u2019esplai fem educaci\u00f3 vivencial? Educar des de l\u2019experi\u00e8ncia o [&hellip;]\" \/>\n<meta property=\"og:url\" content=\"https:\/\/www.esplac.cat\/sentit-figura-referent-educacio-vivencial\/\" \/>\n<meta property=\"og:site_name\" content=\"Esplac\" \/>\n<meta property=\"article:published_time\" content=\"2022-05-24T11:35:31+00:00\" \/>\n<meta property=\"article:modified_time\" content=\"2022-05-24T11:45:56+00:00\" \/>\n<meta property=\"og:image\" content=\"https:\/\/www.esplac.cat\/wp-content\/uploads\/2022\/05\/vermut2.jpg\" \/>\n\t<meta property=\"og:image:width\" content=\"1697\" \/>\n\t<meta property=\"og:image:height\" content=\"700\" \/>\n\t<meta property=\"og:image:type\" content=\"image\/jpeg\" \/>\n<meta name=\"author\" content=\"Comunicaci\u00f3 Esplac\" \/>\n<meta name=\"twitter:card\" content=\"summary_large_image\" \/>\n<meta name=\"twitter:label1\" content=\"Escrito por\" \/>\n\t<meta name=\"twitter:data1\" content=\"Comunicaci\u00f3 Esplac\" \/>\n\t<meta name=\"twitter:label2\" content=\"Tiempo de lectura\" \/>\n\t<meta name=\"twitter:data2\" content=\"2 minutos\" \/>\n<script type=\"application\/ld+json\" class=\"yoast-schema-graph\">{\"@context\":\"https:\\\/\\\/schema.org\",\"@graph\":[{\"@type\":\"Article\",\"@id\":\"https:\\\/\\\/www.esplac.cat\\\/sentit-figura-referent-educacio-vivencial\\\/#article\",\"isPartOf\":{\"@id\":\"https:\\\/\\\/www.esplac.cat\\\/sentit-figura-referent-educacio-vivencial\\\/\"},\"author\":{\"name\":\"Comunicaci\u00f3 Esplac\",\"@id\":\"https:\\\/\\\/www.esplac.cat\\\/#\\\/schema\\\/person\\\/908383cf240be18b68f8855d0583faca\"},\"headline\":\"T\u00e9 sentit la figura de la referent en l\u2019educaci\u00f3 vivencial?\",\"datePublished\":\"2022-05-24T11:35:31+00:00\",\"dateModified\":\"2022-05-24T11:45:56+00:00\",\"mainEntityOfPage\":{\"@id\":\"https:\\\/\\\/www.esplac.cat\\\/sentit-figura-referent-educacio-vivencial\\\/\"},\"wordCount\":377,\"publisher\":{\"@id\":\"https:\\\/\\\/www.esplac.cat\\\/#organization\"},\"image\":{\"@id\":\"https:\\\/\\\/www.esplac.cat\\\/sentit-figura-referent-educacio-vivencial\\\/#primaryimage\"},\"thumbnailUrl\":\"https:\\\/\\\/www.esplac.cat\\\/wp-content\\\/uploads\\\/2022\\\/05\\\/vermut2.jpg\",\"articleSection\":[\"L\u00ednies pedag\u00f2giques\"],\"inLanguage\":\"es\"},{\"@type\":\"WebPage\",\"@id\":\"https:\\\/\\\/www.esplac.cat\\\/sentit-figura-referent-educacio-vivencial\\\/\",\"url\":\"https:\\\/\\\/www.esplac.cat\\\/sentit-figura-referent-educacio-vivencial\\\/\",\"name\":\"T\u00e9 sentit la figura de la referent en l\u2019educaci\u00f3 vivencial? - Esplac\",\"isPartOf\":{\"@id\":\"https:\\\/\\\/www.esplac.cat\\\/#website\"},\"primaryImageOfPage\":{\"@id\":\"https:\\\/\\\/www.esplac.cat\\\/sentit-figura-referent-educacio-vivencial\\\/#primaryimage\"},\"image\":{\"@id\":\"https:\\\/\\\/www.esplac.cat\\\/sentit-figura-referent-educacio-vivencial\\\/#primaryimage\"},\"thumbnailUrl\":\"https:\\\/\\\/www.esplac.cat\\\/wp-content\\\/uploads\\\/2022\\\/05\\\/vermut2.jpg\",\"datePublished\":\"2022-05-24T11:35:31+00:00\",\"dateModified\":\"2022-05-24T11:45:56+00:00\",\"breadcrumb\":{\"@id\":\"https:\\\/\\\/www.esplac.cat\\\/sentit-figura-referent-educacio-vivencial\\\/#breadcrumb\"},\"inLanguage\":\"es\",\"potentialAction\":[{\"@type\":\"ReadAction\",\"target\":[\"https:\\\/\\\/www.esplac.cat\\\/sentit-figura-referent-educacio-vivencial\\\/\"]}]},{\"@type\":\"ImageObject\",\"inLanguage\":\"es\",\"@id\":\"https:\\\/\\\/www.esplac.cat\\\/sentit-figura-referent-educacio-vivencial\\\/#primaryimage\",\"url\":\"https:\\\/\\\/www.esplac.cat\\\/wp-content\\\/uploads\\\/2022\\\/05\\\/vermut2.jpg\",\"contentUrl\":\"https:\\\/\\\/www.esplac.cat\\\/wp-content\\\/uploads\\\/2022\\\/05\\\/vermut2.jpg\",\"width\":1697,\"height\":700},{\"@type\":\"BreadcrumbList\",\"@id\":\"https:\\\/\\\/www.esplac.cat\\\/sentit-figura-referent-educacio-vivencial\\\/#breadcrumb\",\"itemListElement\":[{\"@type\":\"ListItem\",\"position\":1,\"name\":\"Inici\",\"item\":\"https:\\\/\\\/www.esplac.cat\\\/es\\\/\"},{\"@type\":\"ListItem\",\"position\":2,\"name\":\"T\u00e9 sentit la figura de la referent en l\u2019educaci\u00f3 vivencial?\"}]},{\"@type\":\"WebSite\",\"@id\":\"https:\\\/\\\/www.esplac.cat\\\/#website\",\"url\":\"https:\\\/\\\/www.esplac.cat\\\/\",\"name\":\"Esplac\",\"description\":\"Esplais Catalans\",\"publisher\":{\"@id\":\"https:\\\/\\\/www.esplac.cat\\\/#organization\"},\"potentialAction\":[{\"@type\":\"SearchAction\",\"target\":{\"@type\":\"EntryPoint\",\"urlTemplate\":\"https:\\\/\\\/www.esplac.cat\\\/?s={search_term_string}\"},\"query-input\":{\"@type\":\"PropertyValueSpecification\",\"valueRequired\":true,\"valueName\":\"search_term_string\"}}],\"inLanguage\":\"es\"},{\"@type\":\"Organization\",\"@id\":\"https:\\\/\\\/www.esplac.cat\\\/#organization\",\"name\":\"Esplac\",\"url\":\"https:\\\/\\\/www.esplac.cat\\\/\",\"logo\":{\"@type\":\"ImageObject\",\"inLanguage\":\"es\",\"@id\":\"https:\\\/\\\/www.esplac.cat\\\/#\\\/schema\\\/logo\\\/image\\\/\",\"url\":\"https:\\\/\\\/www.esplac.cat\\\/wp-content\\\/uploads\\\/2019\\\/08\\\/logox2.png\",\"contentUrl\":\"https:\\\/\\\/www.esplac.cat\\\/wp-content\\\/uploads\\\/2019\\\/08\\\/logox2.png\",\"width\":600,\"height\":295,\"caption\":\"Esplac\"},\"image\":{\"@id\":\"https:\\\/\\\/www.esplac.cat\\\/#\\\/schema\\\/logo\\\/image\\\/\"}},{\"@type\":\"Person\",\"@id\":\"https:\\\/\\\/www.esplac.cat\\\/#\\\/schema\\\/person\\\/908383cf240be18b68f8855d0583faca\",\"name\":\"Comunicaci\u00f3 Esplac\",\"image\":{\"@type\":\"ImageObject\",\"inLanguage\":\"es\",\"@id\":\"https:\\\/\\\/secure.gravatar.com\\\/avatar\\\/7a4cf8feb412a76ea4a740ca02d95b06b2907b5a6c648c2dd0a1082a093c3141?s=96&d=mm&r=g\",\"url\":\"https:\\\/\\\/secure.gravatar.com\\\/avatar\\\/7a4cf8feb412a76ea4a740ca02d95b06b2907b5a6c648c2dd0a1082a093c3141?s=96&d=mm&r=g\",\"contentUrl\":\"https:\\\/\\\/secure.gravatar.com\\\/avatar\\\/7a4cf8feb412a76ea4a740ca02d95b06b2907b5a6c648c2dd0a1082a093c3141?s=96&d=mm&r=g\",\"caption\":\"Comunicaci\u00f3 Esplac\"}}]}<\/script>\n<!-- \/ Yoast SEO plugin. -->","yoast_head_json":{"title":"T\u00e9 sentit la figura de la referent en l\u2019educaci\u00f3 vivencial? - Esplac","robots":{"index":"index","follow":"follow","max-snippet":"max-snippet:-1","max-image-preview":"max-image-preview:large","max-video-preview":"max-video-preview:-1"},"canonical":"https:\/\/www.esplac.cat\/sentit-figura-referent-educacio-vivencial\/","og_locale":"es_ES","og_type":"article","og_title":"T\u00e9 sentit la figura de la referent en l\u2019educaci\u00f3 vivencial? - Esplac","og_description":"A l\u2019esplai fem educaci\u00f3 vivencial? Educar des de l\u2019experi\u00e8ncia o [&hellip;]","og_url":"https:\/\/www.esplac.cat\/sentit-figura-referent-educacio-vivencial\/","og_site_name":"Esplac","article_published_time":"2022-05-24T11:35:31+00:00","article_modified_time":"2022-05-24T11:45:56+00:00","og_image":[{"width":1697,"height":700,"url":"https:\/\/www.esplac.cat\/wp-content\/uploads\/2022\/05\/vermut2.jpg","type":"image\/jpeg"}],"author":"Comunicaci\u00f3 Esplac","twitter_card":"summary_large_image","twitter_misc":{"Escrito por":"Comunicaci\u00f3 Esplac","Tiempo de lectura":"2 minutos"},"schema":{"@context":"https:\/\/schema.org","@graph":[{"@type":"Article","@id":"https:\/\/www.esplac.cat\/sentit-figura-referent-educacio-vivencial\/#article","isPartOf":{"@id":"https:\/\/www.esplac.cat\/sentit-figura-referent-educacio-vivencial\/"},"author":{"name":"Comunicaci\u00f3 Esplac","@id":"https:\/\/www.esplac.cat\/#\/schema\/person\/908383cf240be18b68f8855d0583faca"},"headline":"T\u00e9 sentit la figura de la referent en l\u2019educaci\u00f3 vivencial?","datePublished":"2022-05-24T11:35:31+00:00","dateModified":"2022-05-24T11:45:56+00:00","mainEntityOfPage":{"@id":"https:\/\/www.esplac.cat\/sentit-figura-referent-educacio-vivencial\/"},"wordCount":377,"publisher":{"@id":"https:\/\/www.esplac.cat\/#organization"},"image":{"@id":"https:\/\/www.esplac.cat\/sentit-figura-referent-educacio-vivencial\/#primaryimage"},"thumbnailUrl":"https:\/\/www.esplac.cat\/wp-content\/uploads\/2022\/05\/vermut2.jpg","articleSection":["L\u00ednies pedag\u00f2giques"],"inLanguage":"es"},{"@type":"WebPage","@id":"https:\/\/www.esplac.cat\/sentit-figura-referent-educacio-vivencial\/","url":"https:\/\/www.esplac.cat\/sentit-figura-referent-educacio-vivencial\/","name":"T\u00e9 sentit la figura de la referent en l\u2019educaci\u00f3 vivencial? - Esplac","isPartOf":{"@id":"https:\/\/www.esplac.cat\/#website"},"primaryImageOfPage":{"@id":"https:\/\/www.esplac.cat\/sentit-figura-referent-educacio-vivencial\/#primaryimage"},"image":{"@id":"https:\/\/www.esplac.cat\/sentit-figura-referent-educacio-vivencial\/#primaryimage"},"thumbnailUrl":"https:\/\/www.esplac.cat\/wp-content\/uploads\/2022\/05\/vermut2.jpg","datePublished":"2022-05-24T11:35:31+00:00","dateModified":"2022-05-24T11:45:56+00:00","breadcrumb":{"@id":"https:\/\/www.esplac.cat\/sentit-figura-referent-educacio-vivencial\/#breadcrumb"},"inLanguage":"es","potentialAction":[{"@type":"ReadAction","target":["https:\/\/www.esplac.cat\/sentit-figura-referent-educacio-vivencial\/"]}]},{"@type":"ImageObject","inLanguage":"es","@id":"https:\/\/www.esplac.cat\/sentit-figura-referent-educacio-vivencial\/#primaryimage","url":"https:\/\/www.esplac.cat\/wp-content\/uploads\/2022\/05\/vermut2.jpg","contentUrl":"https:\/\/www.esplac.cat\/wp-content\/uploads\/2022\/05\/vermut2.jpg","width":1697,"height":700},{"@type":"BreadcrumbList","@id":"https:\/\/www.esplac.cat\/sentit-figura-referent-educacio-vivencial\/#breadcrumb","itemListElement":[{"@type":"ListItem","position":1,"name":"Inici","item":"https:\/\/www.esplac.cat\/es\/"},{"@type":"ListItem","position":2,"name":"T\u00e9 sentit la figura de la referent en l\u2019educaci\u00f3 vivencial?"}]},{"@type":"WebSite","@id":"https:\/\/www.esplac.cat\/#website","url":"https:\/\/www.esplac.cat\/","name":"Esplac","description":"Esplais Catalans","publisher":{"@id":"https:\/\/www.esplac.cat\/#organization"},"potentialAction":[{"@type":"SearchAction","target":{"@type":"EntryPoint","urlTemplate":"https:\/\/www.esplac.cat\/?s={search_term_string}"},"query-input":{"@type":"PropertyValueSpecification","valueRequired":true,"valueName":"search_term_string"}}],"inLanguage":"es"},{"@type":"Organization","@id":"https:\/\/www.esplac.cat\/#organization","name":"Esplac","url":"https:\/\/www.esplac.cat\/","logo":{"@type":"ImageObject","inLanguage":"es","@id":"https:\/\/www.esplac.cat\/#\/schema\/logo\/image\/","url":"https:\/\/www.esplac.cat\/wp-content\/uploads\/2019\/08\/logox2.png","contentUrl":"https:\/\/www.esplac.cat\/wp-content\/uploads\/2019\/08\/logox2.png","width":600,"height":295,"caption":"Esplac"},"image":{"@id":"https:\/\/www.esplac.cat\/#\/schema\/logo\/image\/"}},{"@type":"Person","@id":"https:\/\/www.esplac.cat\/#\/schema\/person\/908383cf240be18b68f8855d0583faca","name":"Comunicaci\u00f3 Esplac","image":{"@type":"ImageObject","inLanguage":"es","@id":"https:\/\/secure.gravatar.com\/avatar\/7a4cf8feb412a76ea4a740ca02d95b06b2907b5a6c648c2dd0a1082a093c3141?s=96&d=mm&r=g","url":"https:\/\/secure.gravatar.com\/avatar\/7a4cf8feb412a76ea4a740ca02d95b06b2907b5a6c648c2dd0a1082a093c3141?s=96&d=mm&r=g","contentUrl":"https:\/\/secure.gravatar.com\/avatar\/7a4cf8feb412a76ea4a740ca02d95b06b2907b5a6c648c2dd0a1082a093c3141?s=96&d=mm&r=g","caption":"Comunicaci\u00f3 Esplac"}}]}},"_links":{"self":[{"href":"https:\/\/www.esplac.cat\/es\/wp-json\/wp\/v2\/posts\/40521","targetHints":{"allow":["GET"]}}],"collection":[{"href":"https:\/\/www.esplac.cat\/es\/wp-json\/wp\/v2\/posts"}],"about":[{"href":"https:\/\/www.esplac.cat\/es\/wp-json\/wp\/v2\/types\/post"}],"author":[{"embeddable":true,"href":"https:\/\/www.esplac.cat\/es\/wp-json\/wp\/v2\/users\/3"}],"replies":[{"embeddable":true,"href":"https:\/\/www.esplac.cat\/es\/wp-json\/wp\/v2\/comments?post=40521"}],"version-history":[{"count":0,"href":"https:\/\/www.esplac.cat\/es\/wp-json\/wp\/v2\/posts\/40521\/revisions"}],"wp:featuredmedia":[{"embeddable":true,"href":"https:\/\/www.esplac.cat\/es\/wp-json\/wp\/v2\/media\/40533"}],"wp:attachment":[{"href":"https:\/\/www.esplac.cat\/es\/wp-json\/wp\/v2\/media?parent=40521"}],"wp:term":[{"taxonomy":"category","embeddable":true,"href":"https:\/\/www.esplac.cat\/es\/wp-json\/wp\/v2\/categories?post=40521"},{"taxonomy":"post_tag","embeddable":true,"href":"https:\/\/www.esplac.cat\/es\/wp-json\/wp\/v2\/tags?post=40521"}],"curies":[{"name":"wp","href":"https:\/\/api.w.org\/{rel}","templated":true}]}}