{"id":40669,"date":"2022-06-03T11:42:59","date_gmt":"2022-06-03T09:42:59","guid":{"rendered":"https:\/\/www.esplac.cat\/?p=40669"},"modified":"2022-06-03T12:19:23","modified_gmt":"2022-06-03T10:19:23","slug":"tgs-tj-baix-besos-cap-setmana-cohesio-sector","status":"publish","type":"post","link":"https:\/\/www.esplac.cat\/es\/tgs-tj-baix-besos-cap-setmana-cohesio-sector\/","title":{"rendered":"La TGS i TJ del Baix Bes\u00f2s, un cap de setmana de cohesi\u00f3 al sector!"},"content":{"rendered":"<h6><strong>Despr\u00e9s de dos anys afectats per la pand\u00e8mia, el <a href=\"https:\/\/www.esplac.cat\/sectors-geografics\/baix-besos\/\" target=\"_blank\" rel=\"noopener noreferrer\">Sector Baix Bes\u00f2s<\/a> va poder celebrar una meravellosa Trobada General de Sector i Trobada de Joves plena d&#8217;energia i bons records.<\/strong><\/h6>\n<p>Els esplais de Santa Coloma de Gramenet i Badalona es van reunir el passat cap de setmana (28-29 de maig) per a celebrar la Trobada General de Sector (TGS) i la Trobada de Joves (TJ). L&#8217;esplai Puigcastellar, juntament amb el Diplodocus i el Xirusplai, van poder gaudir de dos dies plens d&#8217;energia, festa i molta cohesi\u00f3. La TGS i TJ va comptar <strong>amb una participaci\u00f3 gaireb\u00e9 150\u00a0infants i joves.<\/strong><\/p>\n<p>La trobada es va realitzar a l&#8217;escola Torre Balldovina situada a <strong>Santa Coloma de\u00a0<\/strong><b>Gramenet<\/b>. Les monitores ja feia mesos que ho preparaven amb moltes ganes, despr\u00e9s d&#8217;haver-la ajornat al mar\u00e7 per problemes t\u00e8cnics. Monis i EGS conclouen que no podria haver sortit millor!<\/p>\n<p>Cares pintades, guerra d&#8217;aigua, joc de nit&#8230; entre d&#8217;altres! L&#8217;energia de l&#8217;esplai es va respirar durant tot el cap de setmana entre aquelles quatre parets. Qu\u00e8 \u00e9s el lleure, sin\u00f3 compartir experi\u00e8ncies, maneres de funcionar, an\u00e8cdotes, jocs i molt d&#8217;aprenentatge?<\/p>\n\n\t\t<style type=\"text\/css\">\n\t\t\t#gallery-1 {\n\t\t\t\tmargin: auto;\n\t\t\t}\n\t\t\t#gallery-1 .gallery-item {\n\t\t\t\tfloat: left;\n\t\t\t\tmargin-top: 10px;\n\t\t\t\ttext-align: center;\n\t\t\t\twidth: 33%;\n\t\t\t}\n\t\t\t#gallery-1 img {\n\t\t\t\tborder: 2px solid #cfcfcf;\n\t\t\t}\n\t\t\t#gallery-1 .gallery-caption {\n\t\t\t\tmargin-left: 0;\n\t\t\t}\n\t\t\t\/* see gallery_shortcode() in wp-includes\/media.php *\/\n\t\t<\/style>\n\t\t<div id='gallery-1' class='gallery galleryid-40669 gallery-columns-3 gallery-size-medium'><dl class='gallery-item'>\n\t\t\t<dt class='gallery-icon landscape'>\n\t\t\t\t<a data-rel=\"iLightbox[postimages]\" data-title=\"WhatsApp Image 2022-06-03 at 09.34.52\" data-caption=\"\" href='https:\/\/www.esplac.cat\/wp-content\/uploads\/2022\/06\/WhatsApp-Image-2022-06-03-at-09.34.52.jpeg'><img decoding=\"async\" width=\"300\" height=\"225\" src=\"https:\/\/www.esplac.cat\/wp-content\/uploads\/2022\/06\/WhatsApp-Image-2022-06-03-at-09.34.52-300x225.jpeg\" class=\"attachment-medium size-medium\" alt=\"\" srcset=\"https:\/\/www.esplac.cat\/wp-content\/uploads\/2022\/06\/WhatsApp-Image-2022-06-03-at-09.34.52-200x150.jpeg 200w, https:\/\/www.esplac.cat\/wp-content\/uploads\/2022\/06\/WhatsApp-Image-2022-06-03-at-09.34.52-300x225.jpeg 300w, https:\/\/www.esplac.cat\/wp-content\/uploads\/2022\/06\/WhatsApp-Image-2022-06-03-at-09.34.52-400x300.jpeg 400w, https:\/\/www.esplac.cat\/wp-content\/uploads\/2022\/06\/WhatsApp-Image-2022-06-03-at-09.34.52-600x450.jpeg 600w, https:\/\/www.esplac.cat\/wp-content\/uploads\/2022\/06\/WhatsApp-Image-2022-06-03-at-09.34.52-768x576.jpeg 768w, https:\/\/www.esplac.cat\/wp-content\/uploads\/2022\/06\/WhatsApp-Image-2022-06-03-at-09.34.52-800x600.jpeg 800w, https:\/\/www.esplac.cat\/wp-content\/uploads\/2022\/06\/WhatsApp-Image-2022-06-03-at-09.34.52-1024x768.jpeg 1024w, https:\/\/www.esplac.cat\/wp-content\/uploads\/2022\/06\/WhatsApp-Image-2022-06-03-at-09.34.52-1200x900.jpeg 1200w, https:\/\/www.esplac.cat\/wp-content\/uploads\/2022\/06\/WhatsApp-Image-2022-06-03-at-09.34.52-1536x1152.jpeg 1536w\" sizes=\"(max-width: 300px) 100vw, 300px\" \/><\/a>\n\t\t\t<\/dt><\/dl><dl class='gallery-item'>\n\t\t\t<dt class='gallery-icon landscape'>\n\t\t\t\t<a data-rel=\"iLightbox[postimages]\" data-title=\"WhatsApp Image 2022-06-03 at 09.34.51\" data-caption=\"\" href='https:\/\/www.esplac.cat\/wp-content\/uploads\/2022\/06\/WhatsApp-Image-2022-06-03-at-09.34.51.jpeg'><img decoding=\"async\" width=\"300\" height=\"225\" src=\"https:\/\/www.esplac.cat\/wp-content\/uploads\/2022\/06\/WhatsApp-Image-2022-06-03-at-09.34.51-300x225.jpeg\" class=\"attachment-medium size-medium\" alt=\"\" srcset=\"https:\/\/www.esplac.cat\/wp-content\/uploads\/2022\/06\/WhatsApp-Image-2022-06-03-at-09.34.51-200x150.jpeg 200w, https:\/\/www.esplac.cat\/wp-content\/uploads\/2022\/06\/WhatsApp-Image-2022-06-03-at-09.34.51-300x225.jpeg 300w, https:\/\/www.esplac.cat\/wp-content\/uploads\/2022\/06\/WhatsApp-Image-2022-06-03-at-09.34.51-400x300.jpeg 400w, https:\/\/www.esplac.cat\/wp-content\/uploads\/2022\/06\/WhatsApp-Image-2022-06-03-at-09.34.51-600x450.jpeg 600w, https:\/\/www.esplac.cat\/wp-content\/uploads\/2022\/06\/WhatsApp-Image-2022-06-03-at-09.34.51-768x576.jpeg 768w, https:\/\/www.esplac.cat\/wp-content\/uploads\/2022\/06\/WhatsApp-Image-2022-06-03-at-09.34.51-800x600.jpeg 800w, https:\/\/www.esplac.cat\/wp-content\/uploads\/2022\/06\/WhatsApp-Image-2022-06-03-at-09.34.51-1024x768.jpeg 1024w, https:\/\/www.esplac.cat\/wp-content\/uploads\/2022\/06\/WhatsApp-Image-2022-06-03-at-09.34.51-1200x900.jpeg 1200w, https:\/\/www.esplac.cat\/wp-content\/uploads\/2022\/06\/WhatsApp-Image-2022-06-03-at-09.34.51-1536x1152.jpeg 1536w\" sizes=\"(max-width: 300px) 100vw, 300px\" \/><\/a>\n\t\t\t<\/dt><\/dl><dl class='gallery-item'>\n\t\t\t<dt class='gallery-icon landscape'>\n\t\t\t\t<a data-rel=\"iLightbox[postimages]\" data-title=\"WhatsApp Image 2022-06-03 at 09.34.50\" data-caption=\"\" href='https:\/\/www.esplac.cat\/wp-content\/uploads\/2022\/06\/WhatsApp-Image-2022-06-03-at-09.34.50.jpeg'><img decoding=\"async\" width=\"300\" height=\"225\" src=\"https:\/\/www.esplac.cat\/wp-content\/uploads\/2022\/06\/WhatsApp-Image-2022-06-03-at-09.34.50-300x225.jpeg\" class=\"attachment-medium size-medium\" alt=\"\" srcset=\"https:\/\/www.esplac.cat\/wp-content\/uploads\/2022\/06\/WhatsApp-Image-2022-06-03-at-09.34.50-200x150.jpeg 200w, https:\/\/www.esplac.cat\/wp-content\/uploads\/2022\/06\/WhatsApp-Image-2022-06-03-at-09.34.50-300x225.jpeg 300w, https:\/\/www.esplac.cat\/wp-content\/uploads\/2022\/06\/WhatsApp-Image-2022-06-03-at-09.34.50-400x300.jpeg 400w, https:\/\/www.esplac.cat\/wp-content\/uploads\/2022\/06\/WhatsApp-Image-2022-06-03-at-09.34.50-600x450.jpeg 600w, https:\/\/www.esplac.cat\/wp-content\/uploads\/2022\/06\/WhatsApp-Image-2022-06-03-at-09.34.50-768x576.jpeg 768w, https:\/\/www.esplac.cat\/wp-content\/uploads\/2022\/06\/WhatsApp-Image-2022-06-03-at-09.34.50-800x600.jpeg 800w, https:\/\/www.esplac.cat\/wp-content\/uploads\/2022\/06\/WhatsApp-Image-2022-06-03-at-09.34.50-1024x768.jpeg 1024w, https:\/\/www.esplac.cat\/wp-content\/uploads\/2022\/06\/WhatsApp-Image-2022-06-03-at-09.34.50-1200x900.jpeg 1200w, https:\/\/www.esplac.cat\/wp-content\/uploads\/2022\/06\/WhatsApp-Image-2022-06-03-at-09.34.50-1536x1152.jpeg 1536w\" sizes=\"(max-width: 300px) 100vw, 300px\" \/><\/a>\n\t\t\t<\/dt><\/dl><br style=\"clear: both\" \/><dl class='gallery-item'>\n\t\t\t<dt class='gallery-icon landscape'>\n\t\t\t\t<a data-rel=\"iLightbox[postimages]\" data-title=\"WhatsApp Image 2022-06-03 at 09.34.12\" data-caption=\"\" href='https:\/\/www.esplac.cat\/wp-content\/uploads\/2022\/06\/WhatsApp-Image-2022-06-03-at-09.34.12.jpeg'><img decoding=\"async\" width=\"300\" height=\"225\" src=\"https:\/\/www.esplac.cat\/wp-content\/uploads\/2022\/06\/WhatsApp-Image-2022-06-03-at-09.34.12-300x225.jpeg\" class=\"attachment-medium size-medium\" alt=\"\" srcset=\"https:\/\/www.esplac.cat\/wp-content\/uploads\/2022\/06\/WhatsApp-Image-2022-06-03-at-09.34.12-200x150.jpeg 200w, https:\/\/www.esplac.cat\/wp-content\/uploads\/2022\/06\/WhatsApp-Image-2022-06-03-at-09.34.12-300x225.jpeg 300w, https:\/\/www.esplac.cat\/wp-content\/uploads\/2022\/06\/WhatsApp-Image-2022-06-03-at-09.34.12-400x300.jpeg 400w, https:\/\/www.esplac.cat\/wp-content\/uploads\/2022\/06\/WhatsApp-Image-2022-06-03-at-09.34.12-600x450.jpeg 600w, https:\/\/www.esplac.cat\/wp-content\/uploads\/2022\/06\/WhatsApp-Image-2022-06-03-at-09.34.12-768x576.jpeg 768w, https:\/\/www.esplac.cat\/wp-content\/uploads\/2022\/06\/WhatsApp-Image-2022-06-03-at-09.34.12-800x600.jpeg 800w, https:\/\/www.esplac.cat\/wp-content\/uploads\/2022\/06\/WhatsApp-Image-2022-06-03-at-09.34.12-1024x768.jpeg 1024w, https:\/\/www.esplac.cat\/wp-content\/uploads\/2022\/06\/WhatsApp-Image-2022-06-03-at-09.34.12-1200x900.jpeg 1200w, https:\/\/www.esplac.cat\/wp-content\/uploads\/2022\/06\/WhatsApp-Image-2022-06-03-at-09.34.12-1536x1152.jpeg 1536w\" sizes=\"(max-width: 300px) 100vw, 300px\" \/><\/a>\n\t\t\t<\/dt><\/dl><dl class='gallery-item'>\n\t\t\t<dt class='gallery-icon landscape'>\n\t\t\t\t<a data-rel=\"iLightbox[postimages]\" data-title=\"WhatsApp Image 2022-06-03 at 09.34.03\" data-caption=\"\" href='https:\/\/www.esplac.cat\/wp-content\/uploads\/2022\/06\/WhatsApp-Image-2022-06-03-at-09.34.03.jpeg'><img decoding=\"async\" width=\"300\" height=\"225\" src=\"https:\/\/www.esplac.cat\/wp-content\/uploads\/2022\/06\/WhatsApp-Image-2022-06-03-at-09.34.03-300x225.jpeg\" class=\"attachment-medium size-medium\" alt=\"\" srcset=\"https:\/\/www.esplac.cat\/wp-content\/uploads\/2022\/06\/WhatsApp-Image-2022-06-03-at-09.34.03-200x150.jpeg 200w, https:\/\/www.esplac.cat\/wp-content\/uploads\/2022\/06\/WhatsApp-Image-2022-06-03-at-09.34.03-300x225.jpeg 300w, https:\/\/www.esplac.cat\/wp-content\/uploads\/2022\/06\/WhatsApp-Image-2022-06-03-at-09.34.03-400x300.jpeg 400w, https:\/\/www.esplac.cat\/wp-content\/uploads\/2022\/06\/WhatsApp-Image-2022-06-03-at-09.34.03-600x450.jpeg 600w, https:\/\/www.esplac.cat\/wp-content\/uploads\/2022\/06\/WhatsApp-Image-2022-06-03-at-09.34.03-768x576.jpeg 768w, https:\/\/www.esplac.cat\/wp-content\/uploads\/2022\/06\/WhatsApp-Image-2022-06-03-at-09.34.03-800x600.jpeg 800w, https:\/\/www.esplac.cat\/wp-content\/uploads\/2022\/06\/WhatsApp-Image-2022-06-03-at-09.34.03-1024x768.jpeg 1024w, https:\/\/www.esplac.cat\/wp-content\/uploads\/2022\/06\/WhatsApp-Image-2022-06-03-at-09.34.03-1200x900.jpeg 1200w, https:\/\/www.esplac.cat\/wp-content\/uploads\/2022\/06\/WhatsApp-Image-2022-06-03-at-09.34.03-1536x1152.jpeg 1536w\" sizes=\"(max-width: 300px) 100vw, 300px\" \/><\/a>\n\t\t\t<\/dt><\/dl><dl class='gallery-item'>\n\t\t\t<dt class='gallery-icon landscape'>\n\t\t\t\t<a data-rel=\"iLightbox[postimages]\" data-title=\"WhatsApp Image 2022-06-03 at 09.34.01\" data-caption=\"\" href='https:\/\/www.esplac.cat\/wp-content\/uploads\/2022\/06\/WhatsApp-Image-2022-06-03-at-09.34.01.jpeg'><img decoding=\"async\" width=\"300\" height=\"225\" src=\"https:\/\/www.esplac.cat\/wp-content\/uploads\/2022\/06\/WhatsApp-Image-2022-06-03-at-09.34.01-300x225.jpeg\" class=\"attachment-medium size-medium\" alt=\"\" srcset=\"https:\/\/www.esplac.cat\/wp-content\/uploads\/2022\/06\/WhatsApp-Image-2022-06-03-at-09.34.01-200x150.jpeg 200w, https:\/\/www.esplac.cat\/wp-content\/uploads\/2022\/06\/WhatsApp-Image-2022-06-03-at-09.34.01-300x225.jpeg 300w, https:\/\/www.esplac.cat\/wp-content\/uploads\/2022\/06\/WhatsApp-Image-2022-06-03-at-09.34.01-400x300.jpeg 400w, https:\/\/www.esplac.cat\/wp-content\/uploads\/2022\/06\/WhatsApp-Image-2022-06-03-at-09.34.01-600x450.jpeg 600w, https:\/\/www.esplac.cat\/wp-content\/uploads\/2022\/06\/WhatsApp-Image-2022-06-03-at-09.34.01-768x576.jpeg 768w, https:\/\/www.esplac.cat\/wp-content\/uploads\/2022\/06\/WhatsApp-Image-2022-06-03-at-09.34.01-800x600.jpeg 800w, https:\/\/www.esplac.cat\/wp-content\/uploads\/2022\/06\/WhatsApp-Image-2022-06-03-at-09.34.01-1024x768.jpeg 1024w, https:\/\/www.esplac.cat\/wp-content\/uploads\/2022\/06\/WhatsApp-Image-2022-06-03-at-09.34.01-1200x900.jpeg 1200w, https:\/\/www.esplac.cat\/wp-content\/uploads\/2022\/06\/WhatsApp-Image-2022-06-03-at-09.34.01-1536x1152.jpeg 1536w\" sizes=\"(max-width: 300px) 100vw, 300px\" \/><\/a>\n\t\t\t<\/dt><\/dl><br style=\"clear: both\" \/><dl class='gallery-item'>\n\t\t\t<dt class='gallery-icon landscape'>\n\t\t\t\t<a data-rel=\"iLightbox[postimages]\" data-title=\"WhatsApp Image 2022-06-03 at 09.33.56\" data-caption=\"\" href='https:\/\/www.esplac.cat\/wp-content\/uploads\/2022\/06\/WhatsApp-Image-2022-06-03-at-09.33.56.jpeg'><img decoding=\"async\" width=\"300\" height=\"225\" src=\"https:\/\/www.esplac.cat\/wp-content\/uploads\/2022\/06\/WhatsApp-Image-2022-06-03-at-09.33.56-300x225.jpeg\" class=\"attachment-medium size-medium\" alt=\"\" srcset=\"https:\/\/www.esplac.cat\/wp-content\/uploads\/2022\/06\/WhatsApp-Image-2022-06-03-at-09.33.56-200x150.jpeg 200w, https:\/\/www.esplac.cat\/wp-content\/uploads\/2022\/06\/WhatsApp-Image-2022-06-03-at-09.33.56-300x225.jpeg 300w, https:\/\/www.esplac.cat\/wp-content\/uploads\/2022\/06\/WhatsApp-Image-2022-06-03-at-09.33.56-400x300.jpeg 400w, https:\/\/www.esplac.cat\/wp-content\/uploads\/2022\/06\/WhatsApp-Image-2022-06-03-at-09.33.56-600x450.jpeg 600w, https:\/\/www.esplac.cat\/wp-content\/uploads\/2022\/06\/WhatsApp-Image-2022-06-03-at-09.33.56-768x576.jpeg 768w, https:\/\/www.esplac.cat\/wp-content\/uploads\/2022\/06\/WhatsApp-Image-2022-06-03-at-09.33.56-800x600.jpeg 800w, https:\/\/www.esplac.cat\/wp-content\/uploads\/2022\/06\/WhatsApp-Image-2022-06-03-at-09.33.56-1024x768.jpeg 1024w, https:\/\/www.esplac.cat\/wp-content\/uploads\/2022\/06\/WhatsApp-Image-2022-06-03-at-09.33.56-1200x900.jpeg 1200w, https:\/\/www.esplac.cat\/wp-content\/uploads\/2022\/06\/WhatsApp-Image-2022-06-03-at-09.33.56-1536x1152.jpeg 1536w\" sizes=\"(max-width: 300px) 100vw, 300px\" \/><\/a>\n\t\t\t<\/dt><\/dl><dl class='gallery-item'>\n\t\t\t<dt class='gallery-icon landscape'>\n\t\t\t\t<a data-rel=\"iLightbox[postimages]\" data-title=\"WhatsApp Image 2022-06-03 at 09.33.55\" data-caption=\"\" href='https:\/\/www.esplac.cat\/wp-content\/uploads\/2022\/06\/WhatsApp-Image-2022-06-03-at-09.33.55.jpeg'><img decoding=\"async\" width=\"300\" height=\"225\" src=\"https:\/\/www.esplac.cat\/wp-content\/uploads\/2022\/06\/WhatsApp-Image-2022-06-03-at-09.33.55-300x225.jpeg\" class=\"attachment-medium size-medium\" alt=\"\" srcset=\"https:\/\/www.esplac.cat\/wp-content\/uploads\/2022\/06\/WhatsApp-Image-2022-06-03-at-09.33.55-200x150.jpeg 200w, https:\/\/www.esplac.cat\/wp-content\/uploads\/2022\/06\/WhatsApp-Image-2022-06-03-at-09.33.55-300x225.jpeg 300w, https:\/\/www.esplac.cat\/wp-content\/uploads\/2022\/06\/WhatsApp-Image-2022-06-03-at-09.33.55-400x300.jpeg 400w, https:\/\/www.esplac.cat\/wp-content\/uploads\/2022\/06\/WhatsApp-Image-2022-06-03-at-09.33.55-600x450.jpeg 600w, https:\/\/www.esplac.cat\/wp-content\/uploads\/2022\/06\/WhatsApp-Image-2022-06-03-at-09.33.55-768x576.jpeg 768w, https:\/\/www.esplac.cat\/wp-content\/uploads\/2022\/06\/WhatsApp-Image-2022-06-03-at-09.33.55-800x600.jpeg 800w, https:\/\/www.esplac.cat\/wp-content\/uploads\/2022\/06\/WhatsApp-Image-2022-06-03-at-09.33.55-1024x768.jpeg 1024w, https:\/\/www.esplac.cat\/wp-content\/uploads\/2022\/06\/WhatsApp-Image-2022-06-03-at-09.33.55-1200x900.jpeg 1200w, https:\/\/www.esplac.cat\/wp-content\/uploads\/2022\/06\/WhatsApp-Image-2022-06-03-at-09.33.55-1536x1152.jpeg 1536w\" sizes=\"(max-width: 300px) 100vw, 300px\" \/><\/a>\n\t\t\t<\/dt><\/dl><dl class='gallery-item'>\n\t\t\t<dt class='gallery-icon landscape'>\n\t\t\t\t<a data-rel=\"iLightbox[postimages]\" data-title=\"WhatsApp Image 2022-06-03 at 09.33.02\" data-caption=\"\" href='https:\/\/www.esplac.cat\/wp-content\/uploads\/2022\/06\/WhatsApp-Image-2022-06-03-at-09.33.02.jpeg'><img decoding=\"async\" width=\"300\" height=\"225\" src=\"https:\/\/www.esplac.cat\/wp-content\/uploads\/2022\/06\/WhatsApp-Image-2022-06-03-at-09.33.02-300x225.jpeg\" class=\"attachment-medium size-medium\" alt=\"\" srcset=\"https:\/\/www.esplac.cat\/wp-content\/uploads\/2022\/06\/WhatsApp-Image-2022-06-03-at-09.33.02-200x150.jpeg 200w, https:\/\/www.esplac.cat\/wp-content\/uploads\/2022\/06\/WhatsApp-Image-2022-06-03-at-09.33.02-300x225.jpeg 300w, https:\/\/www.esplac.cat\/wp-content\/uploads\/2022\/06\/WhatsApp-Image-2022-06-03-at-09.33.02-400x300.jpeg 400w, https:\/\/www.esplac.cat\/wp-content\/uploads\/2022\/06\/WhatsApp-Image-2022-06-03-at-09.33.02-600x450.jpeg 600w, https:\/\/www.esplac.cat\/wp-content\/uploads\/2022\/06\/WhatsApp-Image-2022-06-03-at-09.33.02-768x576.jpeg 768w, https:\/\/www.esplac.cat\/wp-content\/uploads\/2022\/06\/WhatsApp-Image-2022-06-03-at-09.33.02-800x600.jpeg 800w, https:\/\/www.esplac.cat\/wp-content\/uploads\/2022\/06\/WhatsApp-Image-2022-06-03-at-09.33.02.jpeg 1024w\" sizes=\"(max-width: 300px) 100vw, 300px\" \/><\/a>\n\t\t\t<\/dt><\/dl><br style=\"clear: both\" \/><dl class='gallery-item'>\n\t\t\t<dt class='gallery-icon landscape'>\n\t\t\t\t<a data-rel=\"iLightbox[postimages]\" data-title=\"WhatsApp Image 2022-06-03 at 09.32.56\" data-caption=\"\" href='https:\/\/www.esplac.cat\/wp-content\/uploads\/2022\/06\/WhatsApp-Image-2022-06-03-at-09.32.56.jpeg'><img decoding=\"async\" width=\"300\" height=\"225\" src=\"https:\/\/www.esplac.cat\/wp-content\/uploads\/2022\/06\/WhatsApp-Image-2022-06-03-at-09.32.56-300x225.jpeg\" class=\"attachment-medium size-medium\" alt=\"\" srcset=\"https:\/\/www.esplac.cat\/wp-content\/uploads\/2022\/06\/WhatsApp-Image-2022-06-03-at-09.32.56-200x150.jpeg 200w, https:\/\/www.esplac.cat\/wp-content\/uploads\/2022\/06\/WhatsApp-Image-2022-06-03-at-09.32.56-300x225.jpeg 300w, https:\/\/www.esplac.cat\/wp-content\/uploads\/2022\/06\/WhatsApp-Image-2022-06-03-at-09.32.56-400x300.jpeg 400w, https:\/\/www.esplac.cat\/wp-content\/uploads\/2022\/06\/WhatsApp-Image-2022-06-03-at-09.32.56-600x450.jpeg 600w, https:\/\/www.esplac.cat\/wp-content\/uploads\/2022\/06\/WhatsApp-Image-2022-06-03-at-09.32.56-768x576.jpeg 768w, https:\/\/www.esplac.cat\/wp-content\/uploads\/2022\/06\/WhatsApp-Image-2022-06-03-at-09.32.56-800x600.jpeg 800w, https:\/\/www.esplac.cat\/wp-content\/uploads\/2022\/06\/WhatsApp-Image-2022-06-03-at-09.32.56.jpeg 1024w\" sizes=\"(max-width: 300px) 100vw, 300px\" \/><\/a>\n\t\t\t<\/dt><\/dl><dl class='gallery-item'>\n\t\t\t<dt class='gallery-icon landscape'>\n\t\t\t\t<a data-rel=\"iLightbox[postimages]\" data-title=\"WhatsApp Image 2022-06-03 at 09.32.40\" data-caption=\"\" href='https:\/\/www.esplac.cat\/wp-content\/uploads\/2022\/06\/WhatsApp-Image-2022-06-03-at-09.32.40.jpeg'><img decoding=\"async\" width=\"300\" height=\"225\" src=\"https:\/\/www.esplac.cat\/wp-content\/uploads\/2022\/06\/WhatsApp-Image-2022-06-03-at-09.32.40-300x225.jpeg\" class=\"attachment-medium size-medium\" alt=\"\" srcset=\"https:\/\/www.esplac.cat\/wp-content\/uploads\/2022\/06\/WhatsApp-Image-2022-06-03-at-09.32.40-200x150.jpeg 200w, https:\/\/www.esplac.cat\/wp-content\/uploads\/2022\/06\/WhatsApp-Image-2022-06-03-at-09.32.40-300x225.jpeg 300w, https:\/\/www.esplac.cat\/wp-content\/uploads\/2022\/06\/WhatsApp-Image-2022-06-03-at-09.32.40-400x300.jpeg 400w, https:\/\/www.esplac.cat\/wp-content\/uploads\/2022\/06\/WhatsApp-Image-2022-06-03-at-09.32.40-600x450.jpeg 600w, https:\/\/www.esplac.cat\/wp-content\/uploads\/2022\/06\/WhatsApp-Image-2022-06-03-at-09.32.40-768x576.jpeg 768w, https:\/\/www.esplac.cat\/wp-content\/uploads\/2022\/06\/WhatsApp-Image-2022-06-03-at-09.32.40-800x600.jpeg 800w, https:\/\/www.esplac.cat\/wp-content\/uploads\/2022\/06\/WhatsApp-Image-2022-06-03-at-09.32.40-1024x768.jpeg 1024w, https:\/\/www.esplac.cat\/wp-content\/uploads\/2022\/06\/WhatsApp-Image-2022-06-03-at-09.32.40-1200x901.jpeg 1200w, https:\/\/www.esplac.cat\/wp-content\/uploads\/2022\/06\/WhatsApp-Image-2022-06-03-at-09.32.40-1536x1153.jpeg 1536w, https:\/\/www.esplac.cat\/wp-content\/uploads\/2022\/06\/WhatsApp-Image-2022-06-03-at-09.32.40.jpeg 1599w\" sizes=\"(max-width: 300px) 100vw, 300px\" \/><\/a>\n\t\t\t<\/dt><\/dl><dl class='gallery-item'>\n\t\t\t<dt class='gallery-icon landscape'>\n\t\t\t\t<a data-rel=\"iLightbox[postimages]\" data-title=\"WhatsApp Image 2022-06-03 at 09.33.57\" data-caption=\"\" href='https:\/\/www.esplac.cat\/wp-content\/uploads\/2022\/06\/WhatsApp-Image-2022-06-03-at-09.33.57.jpeg'><img decoding=\"async\" width=\"300\" height=\"225\" src=\"https:\/\/www.esplac.cat\/wp-content\/uploads\/2022\/06\/WhatsApp-Image-2022-06-03-at-09.33.57-300x225.jpeg\" class=\"attachment-medium size-medium\" alt=\"\" srcset=\"https:\/\/www.esplac.cat\/wp-content\/uploads\/2022\/06\/WhatsApp-Image-2022-06-03-at-09.33.57-200x150.jpeg 200w, https:\/\/www.esplac.cat\/wp-content\/uploads\/2022\/06\/WhatsApp-Image-2022-06-03-at-09.33.57-300x225.jpeg 300w, https:\/\/www.esplac.cat\/wp-content\/uploads\/2022\/06\/WhatsApp-Image-2022-06-03-at-09.33.57-400x300.jpeg 400w, https:\/\/www.esplac.cat\/wp-content\/uploads\/2022\/06\/WhatsApp-Image-2022-06-03-at-09.33.57-600x450.jpeg 600w, https:\/\/www.esplac.cat\/wp-content\/uploads\/2022\/06\/WhatsApp-Image-2022-06-03-at-09.33.57-768x576.jpeg 768w, https:\/\/www.esplac.cat\/wp-content\/uploads\/2022\/06\/WhatsApp-Image-2022-06-03-at-09.33.57-800x600.jpeg 800w, https:\/\/www.esplac.cat\/wp-content\/uploads\/2022\/06\/WhatsApp-Image-2022-06-03-at-09.33.57-1024x768.jpeg 1024w, https:\/\/www.esplac.cat\/wp-content\/uploads\/2022\/06\/WhatsApp-Image-2022-06-03-at-09.33.57-1200x900.jpeg 1200w, https:\/\/www.esplac.cat\/wp-content\/uploads\/2022\/06\/WhatsApp-Image-2022-06-03-at-09.33.57-1536x1152.jpeg 1536w\" sizes=\"(max-width: 300px) 100vw, 300px\" \/><\/a>\n\t\t\t<\/dt><\/dl><br style=\"clear: both\" \/><dl class='gallery-item'>\n\t\t\t<dt class='gallery-icon portrait'>\n\t\t\t\t<a data-rel=\"iLightbox[postimages]\" data-title=\"WhatsApp Image 2022-06-03 at 09.32.57\" data-caption=\"\" href='https:\/\/www.esplac.cat\/wp-content\/uploads\/2022\/06\/WhatsApp-Image-2022-06-03-at-09.32.57.jpeg'><img decoding=\"async\" width=\"225\" height=\"300\" src=\"https:\/\/www.esplac.cat\/wp-content\/uploads\/2022\/06\/WhatsApp-Image-2022-06-03-at-09.32.57-225x300.jpeg\" class=\"attachment-medium size-medium\" alt=\"\" srcset=\"https:\/\/www.esplac.cat\/wp-content\/uploads\/2022\/06\/WhatsApp-Image-2022-06-03-at-09.32.57-200x267.jpeg 200w, https:\/\/www.esplac.cat\/wp-content\/uploads\/2022\/06\/WhatsApp-Image-2022-06-03-at-09.32.57-225x300.jpeg 225w, https:\/\/www.esplac.cat\/wp-content\/uploads\/2022\/06\/WhatsApp-Image-2022-06-03-at-09.32.57-400x533.jpeg 400w, https:\/\/www.esplac.cat\/wp-content\/uploads\/2022\/06\/WhatsApp-Image-2022-06-03-at-09.32.57-600x800.jpeg 600w, https:\/\/www.esplac.cat\/wp-content\/uploads\/2022\/06\/WhatsApp-Image-2022-06-03-at-09.32.57.jpeg 768w\" sizes=\"(max-width: 225px) 100vw, 225px\" \/><\/a>\n\t\t\t<\/dt><\/dl><dl class='gallery-item'>\n\t\t\t<dt class='gallery-icon portrait'>\n\t\t\t\t<a data-rel=\"iLightbox[postimages]\" data-title=\"WhatsApp Image 2022-06-03 at 09.33.37\" data-caption=\"\" href='https:\/\/www.esplac.cat\/wp-content\/uploads\/2022\/06\/WhatsApp-Image-2022-06-03-at-09.33.37.jpeg'><img decoding=\"async\" width=\"225\" height=\"300\" src=\"https:\/\/www.esplac.cat\/wp-content\/uploads\/2022\/06\/WhatsApp-Image-2022-06-03-at-09.33.37-225x300.jpeg\" class=\"attachment-medium size-medium\" alt=\"\" srcset=\"https:\/\/www.esplac.cat\/wp-content\/uploads\/2022\/06\/WhatsApp-Image-2022-06-03-at-09.33.37-200x267.jpeg 200w, https:\/\/www.esplac.cat\/wp-content\/uploads\/2022\/06\/WhatsApp-Image-2022-06-03-at-09.33.37-225x300.jpeg 225w, https:\/\/www.esplac.cat\/wp-content\/uploads\/2022\/06\/WhatsApp-Image-2022-06-03-at-09.33.37-400x533.jpeg 400w, https:\/\/www.esplac.cat\/wp-content\/uploads\/2022\/06\/WhatsApp-Image-2022-06-03-at-09.33.37-600x800.jpeg 600w, https:\/\/www.esplac.cat\/wp-content\/uploads\/2022\/06\/WhatsApp-Image-2022-06-03-at-09.33.37-768x1024.jpeg 768w, https:\/\/www.esplac.cat\/wp-content\/uploads\/2022\/06\/WhatsApp-Image-2022-06-03-at-09.33.37-800x1067.jpeg 800w, https:\/\/www.esplac.cat\/wp-content\/uploads\/2022\/06\/WhatsApp-Image-2022-06-03-at-09.33.37-1152x1536.jpeg 1152w, https:\/\/www.esplac.cat\/wp-content\/uploads\/2022\/06\/WhatsApp-Image-2022-06-03-at-09.33.37.jpeg 1200w\" sizes=\"(max-width: 225px) 100vw, 225px\" \/><\/a>\n\t\t\t<\/dt><\/dl><dl class='gallery-item'>\n\t\t\t<dt class='gallery-icon portrait'>\n\t\t\t\t<a data-rel=\"iLightbox[postimages]\" data-title=\"WhatsApp Image 2022-06-03 at 09.32.44\" data-caption=\"\" href='https:\/\/www.esplac.cat\/wp-content\/uploads\/2022\/06\/WhatsApp-Image-2022-06-03-at-09.32.44.jpeg'><img decoding=\"async\" width=\"225\" height=\"300\" src=\"https:\/\/www.esplac.cat\/wp-content\/uploads\/2022\/06\/WhatsApp-Image-2022-06-03-at-09.32.44-225x300.jpeg\" class=\"attachment-medium size-medium\" alt=\"\" srcset=\"https:\/\/www.esplac.cat\/wp-content\/uploads\/2022\/06\/WhatsApp-Image-2022-06-03-at-09.32.44-200x267.jpeg 200w, https:\/\/www.esplac.cat\/wp-content\/uploads\/2022\/06\/WhatsApp-Image-2022-06-03-at-09.32.44-225x300.jpeg 225w, https:\/\/www.esplac.cat\/wp-content\/uploads\/2022\/06\/WhatsApp-Image-2022-06-03-at-09.32.44-400x533.jpeg 400w, https:\/\/www.esplac.cat\/wp-content\/uploads\/2022\/06\/WhatsApp-Image-2022-06-03-at-09.32.44-600x800.jpeg 600w, https:\/\/www.esplac.cat\/wp-content\/uploads\/2022\/06\/WhatsApp-Image-2022-06-03-at-09.32.44-768x1023.jpeg 768w, https:\/\/www.esplac.cat\/wp-content\/uploads\/2022\/06\/WhatsApp-Image-2022-06-03-at-09.32.44-800x1066.jpeg 800w, https:\/\/www.esplac.cat\/wp-content\/uploads\/2022\/06\/WhatsApp-Image-2022-06-03-at-09.32.44-1153x1536.jpeg 1153w, https:\/\/www.esplac.cat\/wp-content\/uploads\/2022\/06\/WhatsApp-Image-2022-06-03-at-09.32.44.jpeg 1200w\" sizes=\"(max-width: 225px) 100vw, 225px\" \/><\/a>\n\t\t\t<\/dt><\/dl><br style=\"clear: both\" \/>\n\t\t<\/div>\n\n","protected":false},"excerpt":{"rendered":"<p>Despr\u00e9s de dos anys afectats per la pand\u00e8mia, el Sector [&hellip;]<\/p>\n","protected":false},"author":3,"featured_media":40718,"comment_status":"closed","ping_status":"closed","sticky":false,"template":"","format":"standard","meta":{"om_disable_all_campaigns":false,"_monsterinsights_skip_tracking":false,"_monsterinsights_sitenote_active":false,"_monsterinsights_sitenote_note":"","_monsterinsights_sitenote_category":0,"_uf_show_specific_survey":0,"_uf_disable_surveys":false,"footnotes":""},"categories":[1132],"tags":[],"class_list":["post-40669","post","type-post","status-publish","format-standard","has-post-thumbnail","hentry","category-baix-besos"],"yoast_head":"<!-- This site is optimized with the Yoast SEO plugin v27.4 - https:\/\/yoast.com\/product\/yoast-seo-wordpress\/ -->\n<title>La TGS i TJ del Sector Baix Besos a Santa Coloma de Gramenet - Esplac<\/title>\n<meta name=\"description\" content=\"Despr\u00e9s de dos anys afectats per la pand\u00e8mia, el Sector Baix Bes\u00f2s va poder celebrar una meravellosa TGS i TJ plena d&#039;energia i bons records.\" \/>\n<meta name=\"robots\" content=\"index, follow, max-snippet:-1, max-image-preview:large, max-video-preview:-1\" \/>\n<link rel=\"canonical\" href=\"https:\/\/www.esplac.cat\/tgs-tj-baix-besos-cap-setmana-cohesio-sector\/\" \/>\n<meta property=\"og:locale\" content=\"es_ES\" \/>\n<meta property=\"og:type\" content=\"article\" \/>\n<meta property=\"og:title\" content=\"La TGS i TJ del Sector Baix Besos a Santa Coloma de Gramenet - Esplac\" \/>\n<meta property=\"og:description\" content=\"Despr\u00e9s de dos anys afectats per la pand\u00e8mia, el Sector Baix Bes\u00f2s va poder celebrar una meravellosa TGS i TJ plena d&#039;energia i bons records.\" \/>\n<meta property=\"og:url\" content=\"https:\/\/www.esplac.cat\/tgs-tj-baix-besos-cap-setmana-cohesio-sector\/\" \/>\n<meta property=\"og:site_name\" content=\"Esplac\" \/>\n<meta property=\"article:published_time\" content=\"2022-06-03T09:42:59+00:00\" \/>\n<meta property=\"article:modified_time\" content=\"2022-06-03T10:19:23+00:00\" \/>\n<meta property=\"og:image\" content=\"https:\/\/www.esplac.cat\/wp-content\/uploads\/2022\/06\/portada_tjsBB.jpg\" \/>\n\t<meta property=\"og:image:width\" content=\"1697\" \/>\n\t<meta property=\"og:image:height\" content=\"700\" \/>\n\t<meta property=\"og:image:type\" content=\"image\/jpeg\" \/>\n<meta name=\"author\" content=\"Comunicaci\u00f3 Esplac\" \/>\n<meta name=\"twitter:card\" content=\"summary_large_image\" \/>\n<meta name=\"twitter:label1\" content=\"Escrito por\" \/>\n\t<meta name=\"twitter:data1\" content=\"Comunicaci\u00f3 Esplac\" \/>\n\t<meta name=\"twitter:label2\" content=\"Tiempo de lectura\" \/>\n\t<meta name=\"twitter:data2\" content=\"1 minuto\" \/>\n<script type=\"application\/ld+json\" class=\"yoast-schema-graph\">{\"@context\":\"https:\\\/\\\/schema.org\",\"@graph\":[{\"@type\":\"Article\",\"@id\":\"https:\\\/\\\/www.esplac.cat\\\/tgs-tj-baix-besos-cap-setmana-cohesio-sector\\\/#article\",\"isPartOf\":{\"@id\":\"https:\\\/\\\/www.esplac.cat\\\/tgs-tj-baix-besos-cap-setmana-cohesio-sector\\\/\"},\"author\":{\"name\":\"Comunicaci\u00f3 Esplac\",\"@id\":\"https:\\\/\\\/www.esplac.cat\\\/#\\\/schema\\\/person\\\/908383cf240be18b68f8855d0583faca\"},\"headline\":\"La TGS i TJ del Baix Bes\u00f2s, un cap de setmana de cohesi\u00f3 al sector!\",\"datePublished\":\"2022-06-03T09:42:59+00:00\",\"dateModified\":\"2022-06-03T10:19:23+00:00\",\"mainEntityOfPage\":{\"@id\":\"https:\\\/\\\/www.esplac.cat\\\/tgs-tj-baix-besos-cap-setmana-cohesio-sector\\\/\"},\"wordCount\":222,\"publisher\":{\"@id\":\"https:\\\/\\\/www.esplac.cat\\\/#organization\"},\"image\":{\"@id\":\"https:\\\/\\\/www.esplac.cat\\\/tgs-tj-baix-besos-cap-setmana-cohesio-sector\\\/#primaryimage\"},\"thumbnailUrl\":\"https:\\\/\\\/www.esplac.cat\\\/wp-content\\\/uploads\\\/2022\\\/06\\\/portada_tjsBB.jpg\",\"articleSection\":[\"Sector Baix Bes\u00f2s\"],\"inLanguage\":\"es\"},{\"@type\":\"WebPage\",\"@id\":\"https:\\\/\\\/www.esplac.cat\\\/tgs-tj-baix-besos-cap-setmana-cohesio-sector\\\/\",\"url\":\"https:\\\/\\\/www.esplac.cat\\\/tgs-tj-baix-besos-cap-setmana-cohesio-sector\\\/\",\"name\":\"La TGS i TJ del Sector Baix Besos a Santa Coloma de Gramenet - Esplac\",\"isPartOf\":{\"@id\":\"https:\\\/\\\/www.esplac.cat\\\/#website\"},\"primaryImageOfPage\":{\"@id\":\"https:\\\/\\\/www.esplac.cat\\\/tgs-tj-baix-besos-cap-setmana-cohesio-sector\\\/#primaryimage\"},\"image\":{\"@id\":\"https:\\\/\\\/www.esplac.cat\\\/tgs-tj-baix-besos-cap-setmana-cohesio-sector\\\/#primaryimage\"},\"thumbnailUrl\":\"https:\\\/\\\/www.esplac.cat\\\/wp-content\\\/uploads\\\/2022\\\/06\\\/portada_tjsBB.jpg\",\"datePublished\":\"2022-06-03T09:42:59+00:00\",\"dateModified\":\"2022-06-03T10:19:23+00:00\",\"description\":\"Despr\u00e9s de dos anys afectats per la pand\u00e8mia, el Sector Baix Bes\u00f2s va poder celebrar una meravellosa TGS i TJ plena d'energia i bons records.\",\"breadcrumb\":{\"@id\":\"https:\\\/\\\/www.esplac.cat\\\/tgs-tj-baix-besos-cap-setmana-cohesio-sector\\\/#breadcrumb\"},\"inLanguage\":\"es\",\"potentialAction\":[{\"@type\":\"ReadAction\",\"target\":[\"https:\\\/\\\/www.esplac.cat\\\/tgs-tj-baix-besos-cap-setmana-cohesio-sector\\\/\"]}]},{\"@type\":\"ImageObject\",\"inLanguage\":\"es\",\"@id\":\"https:\\\/\\\/www.esplac.cat\\\/tgs-tj-baix-besos-cap-setmana-cohesio-sector\\\/#primaryimage\",\"url\":\"https:\\\/\\\/www.esplac.cat\\\/wp-content\\\/uploads\\\/2022\\\/06\\\/portada_tjsBB.jpg\",\"contentUrl\":\"https:\\\/\\\/www.esplac.cat\\\/wp-content\\\/uploads\\\/2022\\\/06\\\/portada_tjsBB.jpg\",\"width\":1697,\"height\":700,\"caption\":\"TGS i TJ\"},{\"@type\":\"BreadcrumbList\",\"@id\":\"https:\\\/\\\/www.esplac.cat\\\/tgs-tj-baix-besos-cap-setmana-cohesio-sector\\\/#breadcrumb\",\"itemListElement\":[{\"@type\":\"ListItem\",\"position\":1,\"name\":\"Inici\",\"item\":\"https:\\\/\\\/www.esplac.cat\\\/es\\\/\"},{\"@type\":\"ListItem\",\"position\":2,\"name\":\"La TGS i TJ del Baix Bes\u00f2s, un cap de setmana de cohesi\u00f3 al sector!\"}]},{\"@type\":\"WebSite\",\"@id\":\"https:\\\/\\\/www.esplac.cat\\\/#website\",\"url\":\"https:\\\/\\\/www.esplac.cat\\\/\",\"name\":\"Esplac\",\"description\":\"Esplais Catalans\",\"publisher\":{\"@id\":\"https:\\\/\\\/www.esplac.cat\\\/#organization\"},\"potentialAction\":[{\"@type\":\"SearchAction\",\"target\":{\"@type\":\"EntryPoint\",\"urlTemplate\":\"https:\\\/\\\/www.esplac.cat\\\/?s={search_term_string}\"},\"query-input\":{\"@type\":\"PropertyValueSpecification\",\"valueRequired\":true,\"valueName\":\"search_term_string\"}}],\"inLanguage\":\"es\"},{\"@type\":\"Organization\",\"@id\":\"https:\\\/\\\/www.esplac.cat\\\/#organization\",\"name\":\"Esplac\",\"url\":\"https:\\\/\\\/www.esplac.cat\\\/\",\"logo\":{\"@type\":\"ImageObject\",\"inLanguage\":\"es\",\"@id\":\"https:\\\/\\\/www.esplac.cat\\\/#\\\/schema\\\/logo\\\/image\\\/\",\"url\":\"https:\\\/\\\/www.esplac.cat\\\/wp-content\\\/uploads\\\/2019\\\/08\\\/logox2.png\",\"contentUrl\":\"https:\\\/\\\/www.esplac.cat\\\/wp-content\\\/uploads\\\/2019\\\/08\\\/logox2.png\",\"width\":600,\"height\":295,\"caption\":\"Esplac\"},\"image\":{\"@id\":\"https:\\\/\\\/www.esplac.cat\\\/#\\\/schema\\\/logo\\\/image\\\/\"}},{\"@type\":\"Person\",\"@id\":\"https:\\\/\\\/www.esplac.cat\\\/#\\\/schema\\\/person\\\/908383cf240be18b68f8855d0583faca\",\"name\":\"Comunicaci\u00f3 Esplac\",\"image\":{\"@type\":\"ImageObject\",\"inLanguage\":\"es\",\"@id\":\"https:\\\/\\\/secure.gravatar.com\\\/avatar\\\/7a4cf8feb412a76ea4a740ca02d95b06b2907b5a6c648c2dd0a1082a093c3141?s=96&d=mm&r=g\",\"url\":\"https:\\\/\\\/secure.gravatar.com\\\/avatar\\\/7a4cf8feb412a76ea4a740ca02d95b06b2907b5a6c648c2dd0a1082a093c3141?s=96&d=mm&r=g\",\"contentUrl\":\"https:\\\/\\\/secure.gravatar.com\\\/avatar\\\/7a4cf8feb412a76ea4a740ca02d95b06b2907b5a6c648c2dd0a1082a093c3141?s=96&d=mm&r=g\",\"caption\":\"Comunicaci\u00f3 Esplac\"}}]}<\/script>\n<!-- \/ Yoast SEO plugin. -->","yoast_head_json":{"title":"La TGS i TJ del Sector Baix Besos a Santa Coloma de Gramenet - Esplac","description":"Despr\u00e9s de dos anys afectats per la pand\u00e8mia, el Sector Baix Bes\u00f2s va poder celebrar una meravellosa TGS i TJ plena d'energia i bons records.","robots":{"index":"index","follow":"follow","max-snippet":"max-snippet:-1","max-image-preview":"max-image-preview:large","max-video-preview":"max-video-preview:-1"},"canonical":"https:\/\/www.esplac.cat\/tgs-tj-baix-besos-cap-setmana-cohesio-sector\/","og_locale":"es_ES","og_type":"article","og_title":"La TGS i TJ del Sector Baix Besos a Santa Coloma de Gramenet - Esplac","og_description":"Despr\u00e9s de dos anys afectats per la pand\u00e8mia, el Sector Baix Bes\u00f2s va poder celebrar una meravellosa TGS i TJ plena d'energia i bons records.","og_url":"https:\/\/www.esplac.cat\/tgs-tj-baix-besos-cap-setmana-cohesio-sector\/","og_site_name":"Esplac","article_published_time":"2022-06-03T09:42:59+00:00","article_modified_time":"2022-06-03T10:19:23+00:00","og_image":[{"width":1697,"height":700,"url":"https:\/\/www.esplac.cat\/wp-content\/uploads\/2022\/06\/portada_tjsBB.jpg","type":"image\/jpeg"}],"author":"Comunicaci\u00f3 Esplac","twitter_card":"summary_large_image","twitter_misc":{"Escrito por":"Comunicaci\u00f3 Esplac","Tiempo de lectura":"1 minuto"},"schema":{"@context":"https:\/\/schema.org","@graph":[{"@type":"Article","@id":"https:\/\/www.esplac.cat\/tgs-tj-baix-besos-cap-setmana-cohesio-sector\/#article","isPartOf":{"@id":"https:\/\/www.esplac.cat\/tgs-tj-baix-besos-cap-setmana-cohesio-sector\/"},"author":{"name":"Comunicaci\u00f3 Esplac","@id":"https:\/\/www.esplac.cat\/#\/schema\/person\/908383cf240be18b68f8855d0583faca"},"headline":"La TGS i TJ del Baix Bes\u00f2s, un cap de setmana de cohesi\u00f3 al sector!","datePublished":"2022-06-03T09:42:59+00:00","dateModified":"2022-06-03T10:19:23+00:00","mainEntityOfPage":{"@id":"https:\/\/www.esplac.cat\/tgs-tj-baix-besos-cap-setmana-cohesio-sector\/"},"wordCount":222,"publisher":{"@id":"https:\/\/www.esplac.cat\/#organization"},"image":{"@id":"https:\/\/www.esplac.cat\/tgs-tj-baix-besos-cap-setmana-cohesio-sector\/#primaryimage"},"thumbnailUrl":"https:\/\/www.esplac.cat\/wp-content\/uploads\/2022\/06\/portada_tjsBB.jpg","articleSection":["Sector Baix Bes\u00f2s"],"inLanguage":"es"},{"@type":"WebPage","@id":"https:\/\/www.esplac.cat\/tgs-tj-baix-besos-cap-setmana-cohesio-sector\/","url":"https:\/\/www.esplac.cat\/tgs-tj-baix-besos-cap-setmana-cohesio-sector\/","name":"La TGS i TJ del Sector Baix Besos a Santa Coloma de Gramenet - Esplac","isPartOf":{"@id":"https:\/\/www.esplac.cat\/#website"},"primaryImageOfPage":{"@id":"https:\/\/www.esplac.cat\/tgs-tj-baix-besos-cap-setmana-cohesio-sector\/#primaryimage"},"image":{"@id":"https:\/\/www.esplac.cat\/tgs-tj-baix-besos-cap-setmana-cohesio-sector\/#primaryimage"},"thumbnailUrl":"https:\/\/www.esplac.cat\/wp-content\/uploads\/2022\/06\/portada_tjsBB.jpg","datePublished":"2022-06-03T09:42:59+00:00","dateModified":"2022-06-03T10:19:23+00:00","description":"Despr\u00e9s de dos anys afectats per la pand\u00e8mia, el Sector Baix Bes\u00f2s va poder celebrar una meravellosa TGS i TJ plena d'energia i bons records.","breadcrumb":{"@id":"https:\/\/www.esplac.cat\/tgs-tj-baix-besos-cap-setmana-cohesio-sector\/#breadcrumb"},"inLanguage":"es","potentialAction":[{"@type":"ReadAction","target":["https:\/\/www.esplac.cat\/tgs-tj-baix-besos-cap-setmana-cohesio-sector\/"]}]},{"@type":"ImageObject","inLanguage":"es","@id":"https:\/\/www.esplac.cat\/tgs-tj-baix-besos-cap-setmana-cohesio-sector\/#primaryimage","url":"https:\/\/www.esplac.cat\/wp-content\/uploads\/2022\/06\/portada_tjsBB.jpg","contentUrl":"https:\/\/www.esplac.cat\/wp-content\/uploads\/2022\/06\/portada_tjsBB.jpg","width":1697,"height":700,"caption":"TGS i TJ"},{"@type":"BreadcrumbList","@id":"https:\/\/www.esplac.cat\/tgs-tj-baix-besos-cap-setmana-cohesio-sector\/#breadcrumb","itemListElement":[{"@type":"ListItem","position":1,"name":"Inici","item":"https:\/\/www.esplac.cat\/es\/"},{"@type":"ListItem","position":2,"name":"La TGS i TJ del Baix Bes\u00f2s, un cap de setmana de cohesi\u00f3 al sector!"}]},{"@type":"WebSite","@id":"https:\/\/www.esplac.cat\/#website","url":"https:\/\/www.esplac.cat\/","name":"Esplac","description":"Esplais Catalans","publisher":{"@id":"https:\/\/www.esplac.cat\/#organization"},"potentialAction":[{"@type":"SearchAction","target":{"@type":"EntryPoint","urlTemplate":"https:\/\/www.esplac.cat\/?s={search_term_string}"},"query-input":{"@type":"PropertyValueSpecification","valueRequired":true,"valueName":"search_term_string"}}],"inLanguage":"es"},{"@type":"Organization","@id":"https:\/\/www.esplac.cat\/#organization","name":"Esplac","url":"https:\/\/www.esplac.cat\/","logo":{"@type":"ImageObject","inLanguage":"es","@id":"https:\/\/www.esplac.cat\/#\/schema\/logo\/image\/","url":"https:\/\/www.esplac.cat\/wp-content\/uploads\/2019\/08\/logox2.png","contentUrl":"https:\/\/www.esplac.cat\/wp-content\/uploads\/2019\/08\/logox2.png","width":600,"height":295,"caption":"Esplac"},"image":{"@id":"https:\/\/www.esplac.cat\/#\/schema\/logo\/image\/"}},{"@type":"Person","@id":"https:\/\/www.esplac.cat\/#\/schema\/person\/908383cf240be18b68f8855d0583faca","name":"Comunicaci\u00f3 Esplac","image":{"@type":"ImageObject","inLanguage":"es","@id":"https:\/\/secure.gravatar.com\/avatar\/7a4cf8feb412a76ea4a740ca02d95b06b2907b5a6c648c2dd0a1082a093c3141?s=96&d=mm&r=g","url":"https:\/\/secure.gravatar.com\/avatar\/7a4cf8feb412a76ea4a740ca02d95b06b2907b5a6c648c2dd0a1082a093c3141?s=96&d=mm&r=g","contentUrl":"https:\/\/secure.gravatar.com\/avatar\/7a4cf8feb412a76ea4a740ca02d95b06b2907b5a6c648c2dd0a1082a093c3141?s=96&d=mm&r=g","caption":"Comunicaci\u00f3 Esplac"}}]}},"_links":{"self":[{"href":"https:\/\/www.esplac.cat\/es\/wp-json\/wp\/v2\/posts\/40669","targetHints":{"allow":["GET"]}}],"collection":[{"href":"https:\/\/www.esplac.cat\/es\/wp-json\/wp\/v2\/posts"}],"about":[{"href":"https:\/\/www.esplac.cat\/es\/wp-json\/wp\/v2\/types\/post"}],"author":[{"embeddable":true,"href":"https:\/\/www.esplac.cat\/es\/wp-json\/wp\/v2\/users\/3"}],"replies":[{"embeddable":true,"href":"https:\/\/www.esplac.cat\/es\/wp-json\/wp\/v2\/comments?post=40669"}],"version-history":[{"count":0,"href":"https:\/\/www.esplac.cat\/es\/wp-json\/wp\/v2\/posts\/40669\/revisions"}],"wp:featuredmedia":[{"embeddable":true,"href":"https:\/\/www.esplac.cat\/es\/wp-json\/wp\/v2\/media\/40718"}],"wp:attachment":[{"href":"https:\/\/www.esplac.cat\/es\/wp-json\/wp\/v2\/media?parent=40669"}],"wp:term":[{"taxonomy":"category","embeddable":true,"href":"https:\/\/www.esplac.cat\/es\/wp-json\/wp\/v2\/categories?post=40669"},{"taxonomy":"post_tag","embeddable":true,"href":"https:\/\/www.esplac.cat\/es\/wp-json\/wp\/v2\/tags?post=40669"}],"curies":[{"name":"wp","href":"https:\/\/api.w.org\/{rel}","templated":true}]}}