{"id":40772,"date":"2022-06-13T13:17:17","date_gmt":"2022-06-13T11:17:17","guid":{"rendered":"https:\/\/www.esplac.cat\/?p=40772"},"modified":"2023-04-11T13:52:29","modified_gmt":"2023-04-11T11:52:29","slug":"primera-trobada-socies-esplais-catalans","status":"publish","type":"post","link":"https:\/\/www.esplac.cat\/es\/primera-trobada-socies-esplais-catalans\/","title":{"rendered":"Primera Trobada de S\u00f2cies d&#8217;Esplais Catalans"},"content":{"rendered":"<h6><strong>Diumenge 12 de juny, <\/strong><strong>en el marc del 40\u00e8 aniversari, <\/strong><strong>va tenir lloc la Primera Trobada de S\u00f2cies d&#8217;Esplais Catalans. Una jornada de cohesi\u00f3 a Cal Mata (Saifores) que tamb\u00e9 va servir per reflexionar sobre el paper de les persones s\u00f2cies a l&#8217;entitat.<\/strong><\/h6>\n<p>Saifores va acollir el passat 12 de juny a algunes de les persones s\u00f2cies d&#8217;Esplac que van poder gaudir de la Trobada de S\u00f2cies, la primera de l&#8217;entitat. Una jornada que s&#8217;emmarca dins de la <a style=\"color: #ff9900;\" href=\"https:\/\/www.esplac.cat\/40-anys-esplac\/\" target=\"_blank\" rel=\"noopener noreferrer\">celebraci\u00f3 del 40\u00e8 aniversari <\/a>i que s&#8217;hi suma a les altres activitats que s&#8217;han anat realitzant al llarg del curs com la presentaci\u00f3 del conte il\u00b7lustrat, l\u2019Esplaiada, la pujada de cims\u2026<\/p>\n<p>La trobada va donar el tret de sortida amb un<strong>\u00a0vermut i din\u00e0mica<\/strong> <strong>sobre el paper de les persones s\u00f2cies a l&#8217;entitat<\/strong>: quin paper tenen les s\u00f2cies actualment i quin haurien de tenir? qu\u00e8 els hi aporta ser s\u00f2cies i qu\u00e8 poden fer per l&#8217;entitat? Seguidament va tocar refrescar-se una mica a la piscina, dinar, fer un concurs de postres i acabar d&#8217;arrodonir la trobada amb un Bingo Musical. A m\u00e9s, les s\u00f2cies que hi van poder assistir, es van emportar el nou carnet de s\u00f2cia!<\/p>\n<p>Podeu veure les fotografies de la trobada <a style=\"color: #ff9900;\" href=\"https:\/\/flic.kr\/s\/aHBqjzU6TX\" target=\"_blank\" rel=\"noopener noreferrer\">en aquest \u00e0lbum.<\/a><\/p>\n<h6><strong>Seguim celebrant els 40 anys d&#8217;Esplac<\/strong><\/h6>\n<p>Recordeu que una de les accions transversals de tot el curs s\u00f3n les <strong>pujades a cims amb la bandera d&#8217;Esplac<\/strong>. Monis, exmonis, s\u00f2cies, dirigents, ex dirigents\u2026 animeu-vos a organitzar pujades per celebrar el 40\u00e8, ompliu <a style=\"color: #ff9900;\" href=\"https:\/\/docs.google.com\/forms\/d\/e\/1FAIpQLSecXz3WP2otFAEK39Krjdf4Q0aUDPHyCfLVL_N-5ZdVBS9MyA\/viewform?usp=send_form\" target=\"_blank\" rel=\"noopener noreferrer\">aquest formulari<\/a>\u00a0per venir a buscar la bandera i recordeu fer-vos una foto per penjar-la a les xarxes socials, etiquetant @esplaiscatalans, o enviar-nos-la.<\/p>\n<p>&nbsp;<\/p>\n","protected":false},"excerpt":{"rendered":"<p>Diumenge 12 de juny, en el marc del 40\u00e8 aniversari, [&hellip;]<\/p>\n","protected":false},"author":3,"featured_media":40776,"comment_status":"closed","ping_status":"closed","sticky":false,"template":"","format":"standard","meta":{"om_disable_all_campaigns":false,"_monsterinsights_skip_tracking":false,"_monsterinsights_sitenote_active":false,"_monsterinsights_sitenote_note":"","_monsterinsights_sitenote_category":0,"_uf_show_specific_survey":0,"_uf_disable_surveys":false,"footnotes":""},"categories":[1111,1396],"tags":[],"class_list":["post-40772","post","type-post","status-publish","format-standard","has-post-thumbnail","hentry","category-activitats-esplac","category-socies"],"yoast_head":"<!-- This site is optimized with the Yoast SEO plugin v27.5 - https:\/\/yoast.com\/product\/yoast-seo-wordpress\/ -->\n<title>Primera Trobada de S\u00f2cies d&#039;Esplais Catalans - Esplac<\/title>\n<meta name=\"description\" content=\"Diumenge 12 de juny, en el marc del 40\u00e8 aniversari, va tenir lloc la Primera Trobada de S\u00f2cies d&#039;Esplais Catalans. Una jornada de cohesi\u00f3 a Cal Mata (Saifores) que tamb\u00e9 va servir per repensar el paper de les persones s\u00f2cies a l&#039;entitat.\" \/>\n<meta name=\"robots\" content=\"index, follow, max-snippet:-1, max-image-preview:large, max-video-preview:-1\" \/>\n<link rel=\"canonical\" href=\"https:\/\/www.esplac.cat\/primera-trobada-socies-esplais-catalans\/\" \/>\n<meta property=\"og:locale\" content=\"es_ES\" \/>\n<meta property=\"og:type\" content=\"article\" \/>\n<meta property=\"og:title\" content=\"Primera Trobada de S\u00f2cies d&#039;Esplais Catalans - Esplac\" \/>\n<meta property=\"og:description\" content=\"Diumenge 12 de juny, en el marc del 40\u00e8 aniversari, va tenir lloc la Primera Trobada de S\u00f2cies d&#039;Esplais Catalans. Una jornada de cohesi\u00f3 a Cal Mata (Saifores) que tamb\u00e9 va servir per repensar el paper de les persones s\u00f2cies a l&#039;entitat.\" \/>\n<meta property=\"og:url\" content=\"https:\/\/www.esplac.cat\/primera-trobada-socies-esplais-catalans\/\" \/>\n<meta property=\"og:site_name\" content=\"Esplac\" \/>\n<meta property=\"article:published_time\" content=\"2022-06-13T11:17:17+00:00\" \/>\n<meta property=\"article:modified_time\" content=\"2023-04-11T11:52:29+00:00\" \/>\n<meta property=\"og:image\" content=\"https:\/\/www.esplac.cat\/wp-content\/uploads\/2022\/06\/trobada_socies.jpg\" \/>\n\t<meta property=\"og:image:width\" content=\"1697\" \/>\n\t<meta property=\"og:image:height\" content=\"700\" \/>\n\t<meta property=\"og:image:type\" content=\"image\/jpeg\" \/>\n<meta name=\"author\" content=\"Comunicaci\u00f3 Esplac\" \/>\n<meta name=\"twitter:card\" content=\"summary_large_image\" \/>\n<meta name=\"twitter:label1\" content=\"Escrito por\" \/>\n\t<meta name=\"twitter:data1\" content=\"Comunicaci\u00f3 Esplac\" \/>\n\t<meta name=\"twitter:label2\" content=\"Tiempo de lectura\" \/>\n\t<meta name=\"twitter:data2\" content=\"2 minutos\" \/>\n<script type=\"application\/ld+json\" class=\"yoast-schema-graph\">{\"@context\":\"https:\\\/\\\/schema.org\",\"@graph\":[{\"@type\":\"Article\",\"@id\":\"https:\\\/\\\/www.esplac.cat\\\/primera-trobada-socies-esplais-catalans\\\/#article\",\"isPartOf\":{\"@id\":\"https:\\\/\\\/www.esplac.cat\\\/primera-trobada-socies-esplais-catalans\\\/\"},\"author\":{\"name\":\"Comunicaci\u00f3 Esplac\",\"@id\":\"https:\\\/\\\/www.esplac.cat\\\/#\\\/schema\\\/person\\\/908383cf240be18b68f8855d0583faca\"},\"headline\":\"Primera Trobada de S\u00f2cies d&#8217;Esplais Catalans\",\"datePublished\":\"2022-06-13T11:17:17+00:00\",\"dateModified\":\"2023-04-11T11:52:29+00:00\",\"mainEntityOfPage\":{\"@id\":\"https:\\\/\\\/www.esplac.cat\\\/primera-trobada-socies-esplais-catalans\\\/\"},\"wordCount\":299,\"publisher\":{\"@id\":\"https:\\\/\\\/www.esplac.cat\\\/#organization\"},\"image\":{\"@id\":\"https:\\\/\\\/www.esplac.cat\\\/primera-trobada-socies-esplais-catalans\\\/#primaryimage\"},\"thumbnailUrl\":\"https:\\\/\\\/www.esplac.cat\\\/wp-content\\\/uploads\\\/2022\\\/06\\\/trobada_socies.jpg\",\"articleSection\":[\"Activitats esplac\",\"S\u00f2cies\"],\"inLanguage\":\"es\"},{\"@type\":\"WebPage\",\"@id\":\"https:\\\/\\\/www.esplac.cat\\\/primera-trobada-socies-esplais-catalans\\\/\",\"url\":\"https:\\\/\\\/www.esplac.cat\\\/primera-trobada-socies-esplais-catalans\\\/\",\"name\":\"Primera Trobada de S\u00f2cies d'Esplais Catalans - Esplac\",\"isPartOf\":{\"@id\":\"https:\\\/\\\/www.esplac.cat\\\/#website\"},\"primaryImageOfPage\":{\"@id\":\"https:\\\/\\\/www.esplac.cat\\\/primera-trobada-socies-esplais-catalans\\\/#primaryimage\"},\"image\":{\"@id\":\"https:\\\/\\\/www.esplac.cat\\\/primera-trobada-socies-esplais-catalans\\\/#primaryimage\"},\"thumbnailUrl\":\"https:\\\/\\\/www.esplac.cat\\\/wp-content\\\/uploads\\\/2022\\\/06\\\/trobada_socies.jpg\",\"datePublished\":\"2022-06-13T11:17:17+00:00\",\"dateModified\":\"2023-04-11T11:52:29+00:00\",\"description\":\"Diumenge 12 de juny, en el marc del 40\u00e8 aniversari, va tenir lloc la Primera Trobada de S\u00f2cies d'Esplais Catalans. Una jornada de cohesi\u00f3 a Cal Mata (Saifores) que tamb\u00e9 va servir per repensar el paper de les persones s\u00f2cies a l'entitat.\",\"breadcrumb\":{\"@id\":\"https:\\\/\\\/www.esplac.cat\\\/primera-trobada-socies-esplais-catalans\\\/#breadcrumb\"},\"inLanguage\":\"es\",\"potentialAction\":[{\"@type\":\"ReadAction\",\"target\":[\"https:\\\/\\\/www.esplac.cat\\\/primera-trobada-socies-esplais-catalans\\\/\"]}]},{\"@type\":\"ImageObject\",\"inLanguage\":\"es\",\"@id\":\"https:\\\/\\\/www.esplac.cat\\\/primera-trobada-socies-esplais-catalans\\\/#primaryimage\",\"url\":\"https:\\\/\\\/www.esplac.cat\\\/wp-content\\\/uploads\\\/2022\\\/06\\\/trobada_socies.jpg\",\"contentUrl\":\"https:\\\/\\\/www.esplac.cat\\\/wp-content\\\/uploads\\\/2022\\\/06\\\/trobada_socies.jpg\",\"width\":1697,\"height\":700},{\"@type\":\"BreadcrumbList\",\"@id\":\"https:\\\/\\\/www.esplac.cat\\\/primera-trobada-socies-esplais-catalans\\\/#breadcrumb\",\"itemListElement\":[{\"@type\":\"ListItem\",\"position\":1,\"name\":\"Inici\",\"item\":\"https:\\\/\\\/www.esplac.cat\\\/es\\\/\"},{\"@type\":\"ListItem\",\"position\":2,\"name\":\"Primera Trobada de S\u00f2cies d&#8217;Esplais Catalans\"}]},{\"@type\":\"WebSite\",\"@id\":\"https:\\\/\\\/www.esplac.cat\\\/#website\",\"url\":\"https:\\\/\\\/www.esplac.cat\\\/\",\"name\":\"Esplac\",\"description\":\"Esplais Catalans\",\"publisher\":{\"@id\":\"https:\\\/\\\/www.esplac.cat\\\/#organization\"},\"potentialAction\":[{\"@type\":\"SearchAction\",\"target\":{\"@type\":\"EntryPoint\",\"urlTemplate\":\"https:\\\/\\\/www.esplac.cat\\\/?s={search_term_string}\"},\"query-input\":{\"@type\":\"PropertyValueSpecification\",\"valueRequired\":true,\"valueName\":\"search_term_string\"}}],\"inLanguage\":\"es\"},{\"@type\":\"Organization\",\"@id\":\"https:\\\/\\\/www.esplac.cat\\\/#organization\",\"name\":\"Esplac\",\"url\":\"https:\\\/\\\/www.esplac.cat\\\/\",\"logo\":{\"@type\":\"ImageObject\",\"inLanguage\":\"es\",\"@id\":\"https:\\\/\\\/www.esplac.cat\\\/#\\\/schema\\\/logo\\\/image\\\/\",\"url\":\"https:\\\/\\\/www.esplac.cat\\\/wp-content\\\/uploads\\\/2019\\\/08\\\/logox2.png\",\"contentUrl\":\"https:\\\/\\\/www.esplac.cat\\\/wp-content\\\/uploads\\\/2019\\\/08\\\/logox2.png\",\"width\":600,\"height\":295,\"caption\":\"Esplac\"},\"image\":{\"@id\":\"https:\\\/\\\/www.esplac.cat\\\/#\\\/schema\\\/logo\\\/image\\\/\"}},{\"@type\":\"Person\",\"@id\":\"https:\\\/\\\/www.esplac.cat\\\/#\\\/schema\\\/person\\\/908383cf240be18b68f8855d0583faca\",\"name\":\"Comunicaci\u00f3 Esplac\",\"image\":{\"@type\":\"ImageObject\",\"inLanguage\":\"es\",\"@id\":\"https:\\\/\\\/secure.gravatar.com\\\/avatar\\\/7a4cf8feb412a76ea4a740ca02d95b06b2907b5a6c648c2dd0a1082a093c3141?s=96&d=mm&r=g\",\"url\":\"https:\\\/\\\/secure.gravatar.com\\\/avatar\\\/7a4cf8feb412a76ea4a740ca02d95b06b2907b5a6c648c2dd0a1082a093c3141?s=96&d=mm&r=g\",\"contentUrl\":\"https:\\\/\\\/secure.gravatar.com\\\/avatar\\\/7a4cf8feb412a76ea4a740ca02d95b06b2907b5a6c648c2dd0a1082a093c3141?s=96&d=mm&r=g\",\"caption\":\"Comunicaci\u00f3 Esplac\"}}]}<\/script>\n<!-- \/ Yoast SEO plugin. -->","yoast_head_json":{"title":"Primera Trobada de S\u00f2cies d'Esplais Catalans - Esplac","description":"Diumenge 12 de juny, en el marc del 40\u00e8 aniversari, va tenir lloc la Primera Trobada de S\u00f2cies d'Esplais Catalans. Una jornada de cohesi\u00f3 a Cal Mata (Saifores) que tamb\u00e9 va servir per repensar el paper de les persones s\u00f2cies a l'entitat.","robots":{"index":"index","follow":"follow","max-snippet":"max-snippet:-1","max-image-preview":"max-image-preview:large","max-video-preview":"max-video-preview:-1"},"canonical":"https:\/\/www.esplac.cat\/primera-trobada-socies-esplais-catalans\/","og_locale":"es_ES","og_type":"article","og_title":"Primera Trobada de S\u00f2cies d'Esplais Catalans - Esplac","og_description":"Diumenge 12 de juny, en el marc del 40\u00e8 aniversari, va tenir lloc la Primera Trobada de S\u00f2cies d'Esplais Catalans. Una jornada de cohesi\u00f3 a Cal Mata (Saifores) que tamb\u00e9 va servir per repensar el paper de les persones s\u00f2cies a l'entitat.","og_url":"https:\/\/www.esplac.cat\/primera-trobada-socies-esplais-catalans\/","og_site_name":"Esplac","article_published_time":"2022-06-13T11:17:17+00:00","article_modified_time":"2023-04-11T11:52:29+00:00","og_image":[{"width":1697,"height":700,"url":"https:\/\/www.esplac.cat\/wp-content\/uploads\/2022\/06\/trobada_socies.jpg","type":"image\/jpeg"}],"author":"Comunicaci\u00f3 Esplac","twitter_card":"summary_large_image","twitter_misc":{"Escrito por":"Comunicaci\u00f3 Esplac","Tiempo de lectura":"2 minutos"},"schema":{"@context":"https:\/\/schema.org","@graph":[{"@type":"Article","@id":"https:\/\/www.esplac.cat\/primera-trobada-socies-esplais-catalans\/#article","isPartOf":{"@id":"https:\/\/www.esplac.cat\/primera-trobada-socies-esplais-catalans\/"},"author":{"name":"Comunicaci\u00f3 Esplac","@id":"https:\/\/www.esplac.cat\/#\/schema\/person\/908383cf240be18b68f8855d0583faca"},"headline":"Primera Trobada de S\u00f2cies d&#8217;Esplais Catalans","datePublished":"2022-06-13T11:17:17+00:00","dateModified":"2023-04-11T11:52:29+00:00","mainEntityOfPage":{"@id":"https:\/\/www.esplac.cat\/primera-trobada-socies-esplais-catalans\/"},"wordCount":299,"publisher":{"@id":"https:\/\/www.esplac.cat\/#organization"},"image":{"@id":"https:\/\/www.esplac.cat\/primera-trobada-socies-esplais-catalans\/#primaryimage"},"thumbnailUrl":"https:\/\/www.esplac.cat\/wp-content\/uploads\/2022\/06\/trobada_socies.jpg","articleSection":["Activitats esplac","S\u00f2cies"],"inLanguage":"es"},{"@type":"WebPage","@id":"https:\/\/www.esplac.cat\/primera-trobada-socies-esplais-catalans\/","url":"https:\/\/www.esplac.cat\/primera-trobada-socies-esplais-catalans\/","name":"Primera Trobada de S\u00f2cies d'Esplais Catalans - Esplac","isPartOf":{"@id":"https:\/\/www.esplac.cat\/#website"},"primaryImageOfPage":{"@id":"https:\/\/www.esplac.cat\/primera-trobada-socies-esplais-catalans\/#primaryimage"},"image":{"@id":"https:\/\/www.esplac.cat\/primera-trobada-socies-esplais-catalans\/#primaryimage"},"thumbnailUrl":"https:\/\/www.esplac.cat\/wp-content\/uploads\/2022\/06\/trobada_socies.jpg","datePublished":"2022-06-13T11:17:17+00:00","dateModified":"2023-04-11T11:52:29+00:00","description":"Diumenge 12 de juny, en el marc del 40\u00e8 aniversari, va tenir lloc la Primera Trobada de S\u00f2cies d'Esplais Catalans. Una jornada de cohesi\u00f3 a Cal Mata (Saifores) que tamb\u00e9 va servir per repensar el paper de les persones s\u00f2cies a l'entitat.","breadcrumb":{"@id":"https:\/\/www.esplac.cat\/primera-trobada-socies-esplais-catalans\/#breadcrumb"},"inLanguage":"es","potentialAction":[{"@type":"ReadAction","target":["https:\/\/www.esplac.cat\/primera-trobada-socies-esplais-catalans\/"]}]},{"@type":"ImageObject","inLanguage":"es","@id":"https:\/\/www.esplac.cat\/primera-trobada-socies-esplais-catalans\/#primaryimage","url":"https:\/\/www.esplac.cat\/wp-content\/uploads\/2022\/06\/trobada_socies.jpg","contentUrl":"https:\/\/www.esplac.cat\/wp-content\/uploads\/2022\/06\/trobada_socies.jpg","width":1697,"height":700},{"@type":"BreadcrumbList","@id":"https:\/\/www.esplac.cat\/primera-trobada-socies-esplais-catalans\/#breadcrumb","itemListElement":[{"@type":"ListItem","position":1,"name":"Inici","item":"https:\/\/www.esplac.cat\/es\/"},{"@type":"ListItem","position":2,"name":"Primera Trobada de S\u00f2cies d&#8217;Esplais Catalans"}]},{"@type":"WebSite","@id":"https:\/\/www.esplac.cat\/#website","url":"https:\/\/www.esplac.cat\/","name":"Esplac","description":"Esplais Catalans","publisher":{"@id":"https:\/\/www.esplac.cat\/#organization"},"potentialAction":[{"@type":"SearchAction","target":{"@type":"EntryPoint","urlTemplate":"https:\/\/www.esplac.cat\/?s={search_term_string}"},"query-input":{"@type":"PropertyValueSpecification","valueRequired":true,"valueName":"search_term_string"}}],"inLanguage":"es"},{"@type":"Organization","@id":"https:\/\/www.esplac.cat\/#organization","name":"Esplac","url":"https:\/\/www.esplac.cat\/","logo":{"@type":"ImageObject","inLanguage":"es","@id":"https:\/\/www.esplac.cat\/#\/schema\/logo\/image\/","url":"https:\/\/www.esplac.cat\/wp-content\/uploads\/2019\/08\/logox2.png","contentUrl":"https:\/\/www.esplac.cat\/wp-content\/uploads\/2019\/08\/logox2.png","width":600,"height":295,"caption":"Esplac"},"image":{"@id":"https:\/\/www.esplac.cat\/#\/schema\/logo\/image\/"}},{"@type":"Person","@id":"https:\/\/www.esplac.cat\/#\/schema\/person\/908383cf240be18b68f8855d0583faca","name":"Comunicaci\u00f3 Esplac","image":{"@type":"ImageObject","inLanguage":"es","@id":"https:\/\/secure.gravatar.com\/avatar\/7a4cf8feb412a76ea4a740ca02d95b06b2907b5a6c648c2dd0a1082a093c3141?s=96&d=mm&r=g","url":"https:\/\/secure.gravatar.com\/avatar\/7a4cf8feb412a76ea4a740ca02d95b06b2907b5a6c648c2dd0a1082a093c3141?s=96&d=mm&r=g","contentUrl":"https:\/\/secure.gravatar.com\/avatar\/7a4cf8feb412a76ea4a740ca02d95b06b2907b5a6c648c2dd0a1082a093c3141?s=96&d=mm&r=g","caption":"Comunicaci\u00f3 Esplac"}}]}},"_links":{"self":[{"href":"https:\/\/www.esplac.cat\/es\/wp-json\/wp\/v2\/posts\/40772","targetHints":{"allow":["GET"]}}],"collection":[{"href":"https:\/\/www.esplac.cat\/es\/wp-json\/wp\/v2\/posts"}],"about":[{"href":"https:\/\/www.esplac.cat\/es\/wp-json\/wp\/v2\/types\/post"}],"author":[{"embeddable":true,"href":"https:\/\/www.esplac.cat\/es\/wp-json\/wp\/v2\/users\/3"}],"replies":[{"embeddable":true,"href":"https:\/\/www.esplac.cat\/es\/wp-json\/wp\/v2\/comments?post=40772"}],"version-history":[{"count":0,"href":"https:\/\/www.esplac.cat\/es\/wp-json\/wp\/v2\/posts\/40772\/revisions"}],"wp:featuredmedia":[{"embeddable":true,"href":"https:\/\/www.esplac.cat\/es\/wp-json\/wp\/v2\/media\/40776"}],"wp:attachment":[{"href":"https:\/\/www.esplac.cat\/es\/wp-json\/wp\/v2\/media?parent=40772"}],"wp:term":[{"taxonomy":"category","embeddable":true,"href":"https:\/\/www.esplac.cat\/es\/wp-json\/wp\/v2\/categories?post=40772"},{"taxonomy":"post_tag","embeddable":true,"href":"https:\/\/www.esplac.cat\/es\/wp-json\/wp\/v2\/tags?post=40772"}],"curies":[{"name":"wp","href":"https:\/\/api.w.org\/{rel}","templated":true}]}}