{"id":41027,"date":"2022-07-19T10:20:37","date_gmt":"2022-07-19T08:20:37","guid":{"rendered":"https:\/\/www.esplac.cat\/?p=41027"},"modified":"2022-07-19T11:41:01","modified_gmt":"2022-07-19T09:41:01","slug":"com-afecta-el-risc-dincendi-a-les-activitats-destiu-de-lesplai","status":"publish","type":"post","link":"https:\/\/www.esplac.cat\/es\/com-afecta-el-risc-dincendi-a-les-activitats-destiu-de-lesplai\/","title":{"rendered":"Com afecta el risc d\u2019incendi a les activitats d\u2019estiu de l\u2019esplai?"},"content":{"rendered":"<div class=\"fusion-fullwidth fullwidth-box fusion-builder-row-1 nonhundred-percent-fullwidth non-hundred-percent-height-scrolling\" style=\"--awb-border-radius-top-left:0px;--awb-border-radius-top-right:0px;--awb-border-radius-bottom-right:0px;--awb-border-radius-bottom-left:0px;--awb-flex-wrap:wrap;\" ><div class=\"fusion-builder-row fusion-row\"><div class=\"fusion-layout-column fusion_builder_column fusion-builder-column-0 fusion_builder_column_1_1 1_1 fusion-one-full fusion-column-first fusion-column-last\" style=\"--awb-bg-size:cover;--awb-margin-bottom:0px;\"><div class=\"fusion-column-wrapper fusion-flex-column-wrapper-legacy\"><div class=\"fusion-text fusion-text-1\"><blockquote>\n<p><b>\u00daltima actualitzaci\u00f3 19\/07\/2022. Aquesta p\u00e0gina est\u00e0 en constant actualitzaci\u00f3.\u00a0<\/b><\/p>\n<\/blockquote>\n<h6><b>Dijous passat es van decretar un seguit de restriccions a les activitats de lleure d\u2019estiu que estaran vigents fins el divendres 22 a les 00:00h, amb previsi\u00f3 de pr\u00f2rroga.\u00a0<\/b><\/h6>\n<p><span style=\"font-weight: 300;\">El Departament d&#8217;Interior de la Generalitat ha posat en vigor el Pla Alfa, que \u00e9s un procediment operatiu establert pel Cos d&#8217;Agents Rurals que determina el grau de risc d\u2019incendi en diferents zones de Catalunya. El Pla Alfa divideix el territori per nivells: nivell 0 (baix de perill d\u2019incendi forestal), nivell 1 (nivell moderat), nivell 2 (nivell alt) i nivell 3 (nivell extrem de perill d\u2019incendi).\u00a0<\/span><\/p>\n<div class=\"fusion-aligncenter\"><a class=\"fusion-button button-flat fusion-button-default-size button-default fusion-button-default button-1 fusion-button-default-span fusion-button-default-type\" target=\"_blank\" rel=\"noopener noreferrer\" href=\"https:\/\/interior.gencat.cat\/ca\/arees_dactuacio\/agents-rurals\/pla-alfa\/\"><span class=\"fusion-button-text\">Web del Pla Alfa<\/span><\/a><\/div>\n<h4><b>Com afecta als esplais en les nostres col\u00f2nies, campaments i rutes?<\/b><\/h4>\n<ul>\n<li style=\"font-weight: 300;\" aria-level=\"1\"><span style=\"font-weight: 300;\">En primer lloc, queden <\/span><b>SUSPESES LES RUTES<\/b><span style=\"font-weight: 300;\"> a <\/span><b>TOT CATALUNYA<\/b><span style=\"font-weight: 300;\">, sigui quin sigui el nivell de risc d\u2019incendi. <\/span><span style=\"font-weight: 300;\"><br \/>\n<\/span><span style=\"font-weight: 300;\"><br \/>\n<\/span><b>!!!<\/b> <i><span style=\"font-weight: 300;\">Si ten\u00edeu pensat fer una ruta, cal trobar alternatives com campaments o col\u00f2nies a territoris de nivell 2 o inferior. <\/span><\/i><\/li>\n<li style=\"font-weight: 300;\" aria-level=\"1\"><span style=\"font-weight: 300;\">Pel que fa a campaments, queden afectats aquells que estaven previstos a territoris de nivell Alfa 2 i 3. <\/span><b>Els CAMPAMENTS a municipis del Pla Alfa 3 QUEDEN SUSPESOS i els CAMPAMENTS a municipis del Pla Alfa 2 ES MANTENEN, SENSE FER EXCURSIONS<\/b><span style=\"font-weight: 300;\">. <\/span><span style=\"font-weight: 300;\"><br \/>\n<\/span><span style=\"font-weight: 300;\"><br \/>\n<\/span><b>!!!<\/b> <i><span style=\"font-weight: 300;\">Si ten\u00edeu previst fer campaments en un dels territoris de Pla Alfa 3, cal que busqueu alternatives (cases de col\u00f2nies) o canvieu el terreny d\u2019acampada per un que estigui a un territori de nivell 2 o inferior.<\/span><\/i><\/li>\n<\/ul>\n<ul>\n<li style=\"font-weight: 300;\" aria-level=\"1\"><span style=\"font-weight: 300;\">Finalment, les activitats de <\/span><b>COL\u00d2NIES SEGUEIXEN AMB NORMALITAT<\/b><span style=\"font-weight: 300;\">, per\u00f2 <\/span><b>NO ES PERMET FER EXCURSIONS.<\/b><\/li>\n<\/ul>\n<h4><b>Algunes indicacions i recomanacions:<\/b><\/h4>\n<ul>\n<li style=\"font-weight: 300;\" aria-level=\"1\"><span style=\"font-weight: 300;\">Recordeu que si canvieu de terreny o d\u2019activitat d\u2019estiu, cal que canvieu la informaci\u00f3 a l\u2019Era, aix\u00ed com cal que feu una nova notificaci\u00f3 a la Generalitat actualitzant les dades de l\u2019activitat i que informeu a les fam\u00edlies.<\/span><\/li>\n<li style=\"font-weight: 300;\" aria-level=\"1\"><span style=\"font-weight: 300;\">Donada la situaci\u00f3 de risc, eviteu els fogonets i activitats que puguin afectar el territori.<\/span><\/li>\n<li style=\"font-weight: 300;\" aria-level=\"1\"><span style=\"font-weight: 300;\">Refresqueu-vos constantment durant les activitats i no tingueu una llarga exposici\u00f3 al sol. <\/span><\/li>\n<li style=\"font-weight: 300;\" aria-level=\"1\"><span style=\"font-weight: 300;\">Davant de qualsevol emerg\u00e8ncia podeu trucar a Esplais Catalans en horari d\u2019oficina (9-14h): 933 02 61 03 o al tel\u00e8fon d\u2019emerg\u00e8ncia per activitats d\u2019estiu: 667 263 132 <\/span><\/li>\n<\/ul>\n<h4><b>Manteniu-vos al dia de les actualitzacions!\u00a0\u00a0<\/b><\/h4>\n<ul>\n<li style=\"font-weight: 300;\" aria-level=\"1\"><span style=\"font-weight: 300;\">En cas que les restriccions us afectin, la vostra Coordinadora de Projectes de Sector es posar\u00e0 en contacte amb vosaltres per informar-vos-en i rebreu informaci\u00f3 al correu del vostre esplai. <\/span><\/li>\n<li style=\"font-weight: 300;\" aria-level=\"1\"><span style=\"font-weight: 300;\">Us recomanem que consulteu la <\/span><a href=\"https:\/\/interior.gencat.cat\/ca\/arees_dactuacio\/agents-rurals\/pla-alfa\/\"><span style=\"font-weight: 300;\"><strong>web del Pla Alfa<\/strong><\/span><\/a><span style=\"font-weight: 300;\"> di\u00e0riament, on apareixen els municipis que di\u00e0riament estan en situaci\u00f3 de Pla Alfa 3. <\/span><\/li>\n<li style=\"font-weight: 300;\" aria-level=\"1\"><span style=\"font-weight: 300;\">Podeu seguir el <\/span><strong><a href=\"https:\/\/t.me\/esplaiscatalans\">canal de Telegram<\/a><\/strong><span style=\"font-weight: 300;\"> d\u2019Esplais Catalans on us anirem actualitzant totes les informacions.<\/span><\/li>\n<\/ul>\n<\/div><div class=\"fusion-clearfix\"><\/div><\/div><\/div><\/div><\/div>\n","protected":false},"excerpt":{"rendered":"","protected":false},"author":3,"featured_media":41035,"comment_status":"closed","ping_status":"closed","sticky":false,"template":"","format":"standard","meta":{"om_disable_all_campaigns":false,"_monsterinsights_skip_tracking":false,"_monsterinsights_sitenote_active":false,"_monsterinsights_sitenote_note":"","_monsterinsights_sitenote_category":0,"_uf_show_specific_survey":0,"_uf_disable_surveys":false,"footnotes":""},"categories":[1117,1],"tags":[],"class_list":["post-41027","post","type-post","status-publish","format-standard","has-post-thumbnail","hentry","category-activitats-esplais","category-sense-categoria"],"yoast_head":"<!-- This site is optimized with the Yoast SEO plugin v27.4 - https:\/\/yoast.com\/product\/yoast-seo-wordpress\/ -->\n<title>Com afecta el risc d\u2019incendi a les activitats d\u2019estiu de l\u2019esplai? - Esplac<\/title>\n<meta name=\"description\" content=\"T&#039;expliquem com afecta el Pla Alfa a les activitats d&#039;estiu dels esplais i quins s\u00f3n els propers passos a seguir.\" \/>\n<meta name=\"robots\" content=\"index, follow, max-snippet:-1, max-image-preview:large, max-video-preview:-1\" \/>\n<link rel=\"canonical\" href=\"https:\/\/www.esplac.cat\/com-afecta-el-risc-dincendi-a-les-activitats-destiu-de-lesplai\/\" \/>\n<meta property=\"og:locale\" content=\"es_ES\" \/>\n<meta property=\"og:type\" content=\"article\" \/>\n<meta property=\"og:title\" content=\"Com afecta el risc d\u2019incendi a les activitats d\u2019estiu de l\u2019esplai? - Esplac\" \/>\n<meta property=\"og:description\" content=\"T&#039;expliquem com afecta el Pla Alfa a les activitats d&#039;estiu dels esplais i quins s\u00f3n els propers passos a seguir.\" \/>\n<meta property=\"og:url\" content=\"https:\/\/www.esplac.cat\/com-afecta-el-risc-dincendi-a-les-activitats-destiu-de-lesplai\/\" \/>\n<meta property=\"og:site_name\" content=\"Esplac\" \/>\n<meta property=\"article:published_time\" content=\"2022-07-19T08:20:37+00:00\" \/>\n<meta property=\"article:modified_time\" content=\"2022-07-19T09:41:01+00:00\" \/>\n<meta property=\"og:image\" content=\"https:\/\/www.esplac.cat\/wp-content\/uploads\/2022\/07\/Portades-web-6.jpg\" \/>\n\t<meta property=\"og:image:width\" content=\"1694\" \/>\n\t<meta property=\"og:image:height\" content=\"700\" \/>\n\t<meta property=\"og:image:type\" content=\"image\/jpeg\" \/>\n<meta name=\"author\" content=\"Comunicaci\u00f3 Esplac\" \/>\n<meta name=\"twitter:card\" content=\"summary_large_image\" \/>\n<meta name=\"twitter:label1\" content=\"Escrito por\" \/>\n\t<meta name=\"twitter:data1\" content=\"Comunicaci\u00f3 Esplac\" \/>\n\t<meta name=\"twitter:label2\" content=\"Tiempo de lectura\" \/>\n\t<meta name=\"twitter:data2\" content=\"4 minutos\" \/>\n<script type=\"application\/ld+json\" class=\"yoast-schema-graph\">{\"@context\":\"https:\\\/\\\/schema.org\",\"@graph\":[{\"@type\":\"Article\",\"@id\":\"https:\\\/\\\/www.esplac.cat\\\/com-afecta-el-risc-dincendi-a-les-activitats-destiu-de-lesplai\\\/#article\",\"isPartOf\":{\"@id\":\"https:\\\/\\\/www.esplac.cat\\\/com-afecta-el-risc-dincendi-a-les-activitats-destiu-de-lesplai\\\/\"},\"author\":{\"name\":\"Comunicaci\u00f3 Esplac\",\"@id\":\"https:\\\/\\\/www.esplac.cat\\\/#\\\/schema\\\/person\\\/908383cf240be18b68f8855d0583faca\"},\"headline\":\"Com afecta el risc d\u2019incendi a les activitats d\u2019estiu de l\u2019esplai?\",\"datePublished\":\"2022-07-19T08:20:37+00:00\",\"dateModified\":\"2022-07-19T09:41:01+00:00\",\"mainEntityOfPage\":{\"@id\":\"https:\\\/\\\/www.esplac.cat\\\/com-afecta-el-risc-dincendi-a-les-activitats-destiu-de-lesplai\\\/\"},\"wordCount\":725,\"publisher\":{\"@id\":\"https:\\\/\\\/www.esplac.cat\\\/#organization\"},\"image\":{\"@id\":\"https:\\\/\\\/www.esplac.cat\\\/com-afecta-el-risc-dincendi-a-les-activitats-destiu-de-lesplai\\\/#primaryimage\"},\"thumbnailUrl\":\"https:\\\/\\\/www.esplac.cat\\\/wp-content\\\/uploads\\\/2022\\\/07\\\/Portades-web-6.jpg\",\"articleSection\":[\"Activitats esplais\",\"Sense categoria\"],\"inLanguage\":\"es\"},{\"@type\":\"WebPage\",\"@id\":\"https:\\\/\\\/www.esplac.cat\\\/com-afecta-el-risc-dincendi-a-les-activitats-destiu-de-lesplai\\\/\",\"url\":\"https:\\\/\\\/www.esplac.cat\\\/com-afecta-el-risc-dincendi-a-les-activitats-destiu-de-lesplai\\\/\",\"name\":\"Com afecta el risc d\u2019incendi a les activitats d\u2019estiu de l\u2019esplai? - Esplac\",\"isPartOf\":{\"@id\":\"https:\\\/\\\/www.esplac.cat\\\/#website\"},\"primaryImageOfPage\":{\"@id\":\"https:\\\/\\\/www.esplac.cat\\\/com-afecta-el-risc-dincendi-a-les-activitats-destiu-de-lesplai\\\/#primaryimage\"},\"image\":{\"@id\":\"https:\\\/\\\/www.esplac.cat\\\/com-afecta-el-risc-dincendi-a-les-activitats-destiu-de-lesplai\\\/#primaryimage\"},\"thumbnailUrl\":\"https:\\\/\\\/www.esplac.cat\\\/wp-content\\\/uploads\\\/2022\\\/07\\\/Portades-web-6.jpg\",\"datePublished\":\"2022-07-19T08:20:37+00:00\",\"dateModified\":\"2022-07-19T09:41:01+00:00\",\"description\":\"T'expliquem com afecta el Pla Alfa a les activitats d'estiu dels esplais i quins s\u00f3n els propers passos a seguir.\",\"breadcrumb\":{\"@id\":\"https:\\\/\\\/www.esplac.cat\\\/com-afecta-el-risc-dincendi-a-les-activitats-destiu-de-lesplai\\\/#breadcrumb\"},\"inLanguage\":\"es\",\"potentialAction\":[{\"@type\":\"ReadAction\",\"target\":[\"https:\\\/\\\/www.esplac.cat\\\/com-afecta-el-risc-dincendi-a-les-activitats-destiu-de-lesplai\\\/\"]}]},{\"@type\":\"ImageObject\",\"inLanguage\":\"es\",\"@id\":\"https:\\\/\\\/www.esplac.cat\\\/com-afecta-el-risc-dincendi-a-les-activitats-destiu-de-lesplai\\\/#primaryimage\",\"url\":\"https:\\\/\\\/www.esplac.cat\\\/wp-content\\\/uploads\\\/2022\\\/07\\\/Portades-web-6.jpg\",\"contentUrl\":\"https:\\\/\\\/www.esplac.cat\\\/wp-content\\\/uploads\\\/2022\\\/07\\\/Portades-web-6.jpg\",\"width\":1694,\"height\":700},{\"@type\":\"BreadcrumbList\",\"@id\":\"https:\\\/\\\/www.esplac.cat\\\/com-afecta-el-risc-dincendi-a-les-activitats-destiu-de-lesplai\\\/#breadcrumb\",\"itemListElement\":[{\"@type\":\"ListItem\",\"position\":1,\"name\":\"Inici\",\"item\":\"https:\\\/\\\/www.esplac.cat\\\/es\\\/\"},{\"@type\":\"ListItem\",\"position\":2,\"name\":\"Com afecta el risc d\u2019incendi a les activitats d\u2019estiu de l\u2019esplai?\"}]},{\"@type\":\"WebSite\",\"@id\":\"https:\\\/\\\/www.esplac.cat\\\/#website\",\"url\":\"https:\\\/\\\/www.esplac.cat\\\/\",\"name\":\"Esplac\",\"description\":\"Esplais Catalans\",\"publisher\":{\"@id\":\"https:\\\/\\\/www.esplac.cat\\\/#organization\"},\"potentialAction\":[{\"@type\":\"SearchAction\",\"target\":{\"@type\":\"EntryPoint\",\"urlTemplate\":\"https:\\\/\\\/www.esplac.cat\\\/?s={search_term_string}\"},\"query-input\":{\"@type\":\"PropertyValueSpecification\",\"valueRequired\":true,\"valueName\":\"search_term_string\"}}],\"inLanguage\":\"es\"},{\"@type\":\"Organization\",\"@id\":\"https:\\\/\\\/www.esplac.cat\\\/#organization\",\"name\":\"Esplac\",\"url\":\"https:\\\/\\\/www.esplac.cat\\\/\",\"logo\":{\"@type\":\"ImageObject\",\"inLanguage\":\"es\",\"@id\":\"https:\\\/\\\/www.esplac.cat\\\/#\\\/schema\\\/logo\\\/image\\\/\",\"url\":\"https:\\\/\\\/www.esplac.cat\\\/wp-content\\\/uploads\\\/2019\\\/08\\\/logox2.png\",\"contentUrl\":\"https:\\\/\\\/www.esplac.cat\\\/wp-content\\\/uploads\\\/2019\\\/08\\\/logox2.png\",\"width\":600,\"height\":295,\"caption\":\"Esplac\"},\"image\":{\"@id\":\"https:\\\/\\\/www.esplac.cat\\\/#\\\/schema\\\/logo\\\/image\\\/\"}},{\"@type\":\"Person\",\"@id\":\"https:\\\/\\\/www.esplac.cat\\\/#\\\/schema\\\/person\\\/908383cf240be18b68f8855d0583faca\",\"name\":\"Comunicaci\u00f3 Esplac\",\"image\":{\"@type\":\"ImageObject\",\"inLanguage\":\"es\",\"@id\":\"https:\\\/\\\/secure.gravatar.com\\\/avatar\\\/7a4cf8feb412a76ea4a740ca02d95b06b2907b5a6c648c2dd0a1082a093c3141?s=96&d=mm&r=g\",\"url\":\"https:\\\/\\\/secure.gravatar.com\\\/avatar\\\/7a4cf8feb412a76ea4a740ca02d95b06b2907b5a6c648c2dd0a1082a093c3141?s=96&d=mm&r=g\",\"contentUrl\":\"https:\\\/\\\/secure.gravatar.com\\\/avatar\\\/7a4cf8feb412a76ea4a740ca02d95b06b2907b5a6c648c2dd0a1082a093c3141?s=96&d=mm&r=g\",\"caption\":\"Comunicaci\u00f3 Esplac\"}}]}<\/script>\n<!-- \/ Yoast SEO plugin. -->","yoast_head_json":{"title":"Com afecta el risc d\u2019incendi a les activitats d\u2019estiu de l\u2019esplai? - Esplac","description":"T'expliquem com afecta el Pla Alfa a les activitats d'estiu dels esplais i quins s\u00f3n els propers passos a seguir.","robots":{"index":"index","follow":"follow","max-snippet":"max-snippet:-1","max-image-preview":"max-image-preview:large","max-video-preview":"max-video-preview:-1"},"canonical":"https:\/\/www.esplac.cat\/com-afecta-el-risc-dincendi-a-les-activitats-destiu-de-lesplai\/","og_locale":"es_ES","og_type":"article","og_title":"Com afecta el risc d\u2019incendi a les activitats d\u2019estiu de l\u2019esplai? - Esplac","og_description":"T'expliquem com afecta el Pla Alfa a les activitats d'estiu dels esplais i quins s\u00f3n els propers passos a seguir.","og_url":"https:\/\/www.esplac.cat\/com-afecta-el-risc-dincendi-a-les-activitats-destiu-de-lesplai\/","og_site_name":"Esplac","article_published_time":"2022-07-19T08:20:37+00:00","article_modified_time":"2022-07-19T09:41:01+00:00","og_image":[{"width":1694,"height":700,"url":"https:\/\/www.esplac.cat\/wp-content\/uploads\/2022\/07\/Portades-web-6.jpg","type":"image\/jpeg"}],"author":"Comunicaci\u00f3 Esplac","twitter_card":"summary_large_image","twitter_misc":{"Escrito por":"Comunicaci\u00f3 Esplac","Tiempo de lectura":"4 minutos"},"schema":{"@context":"https:\/\/schema.org","@graph":[{"@type":"Article","@id":"https:\/\/www.esplac.cat\/com-afecta-el-risc-dincendi-a-les-activitats-destiu-de-lesplai\/#article","isPartOf":{"@id":"https:\/\/www.esplac.cat\/com-afecta-el-risc-dincendi-a-les-activitats-destiu-de-lesplai\/"},"author":{"name":"Comunicaci\u00f3 Esplac","@id":"https:\/\/www.esplac.cat\/#\/schema\/person\/908383cf240be18b68f8855d0583faca"},"headline":"Com afecta el risc d\u2019incendi a les activitats d\u2019estiu de l\u2019esplai?","datePublished":"2022-07-19T08:20:37+00:00","dateModified":"2022-07-19T09:41:01+00:00","mainEntityOfPage":{"@id":"https:\/\/www.esplac.cat\/com-afecta-el-risc-dincendi-a-les-activitats-destiu-de-lesplai\/"},"wordCount":725,"publisher":{"@id":"https:\/\/www.esplac.cat\/#organization"},"image":{"@id":"https:\/\/www.esplac.cat\/com-afecta-el-risc-dincendi-a-les-activitats-destiu-de-lesplai\/#primaryimage"},"thumbnailUrl":"https:\/\/www.esplac.cat\/wp-content\/uploads\/2022\/07\/Portades-web-6.jpg","articleSection":["Activitats esplais","Sense categoria"],"inLanguage":"es"},{"@type":"WebPage","@id":"https:\/\/www.esplac.cat\/com-afecta-el-risc-dincendi-a-les-activitats-destiu-de-lesplai\/","url":"https:\/\/www.esplac.cat\/com-afecta-el-risc-dincendi-a-les-activitats-destiu-de-lesplai\/","name":"Com afecta el risc d\u2019incendi a les activitats d\u2019estiu de l\u2019esplai? - Esplac","isPartOf":{"@id":"https:\/\/www.esplac.cat\/#website"},"primaryImageOfPage":{"@id":"https:\/\/www.esplac.cat\/com-afecta-el-risc-dincendi-a-les-activitats-destiu-de-lesplai\/#primaryimage"},"image":{"@id":"https:\/\/www.esplac.cat\/com-afecta-el-risc-dincendi-a-les-activitats-destiu-de-lesplai\/#primaryimage"},"thumbnailUrl":"https:\/\/www.esplac.cat\/wp-content\/uploads\/2022\/07\/Portades-web-6.jpg","datePublished":"2022-07-19T08:20:37+00:00","dateModified":"2022-07-19T09:41:01+00:00","description":"T'expliquem com afecta el Pla Alfa a les activitats d'estiu dels esplais i quins s\u00f3n els propers passos a seguir.","breadcrumb":{"@id":"https:\/\/www.esplac.cat\/com-afecta-el-risc-dincendi-a-les-activitats-destiu-de-lesplai\/#breadcrumb"},"inLanguage":"es","potentialAction":[{"@type":"ReadAction","target":["https:\/\/www.esplac.cat\/com-afecta-el-risc-dincendi-a-les-activitats-destiu-de-lesplai\/"]}]},{"@type":"ImageObject","inLanguage":"es","@id":"https:\/\/www.esplac.cat\/com-afecta-el-risc-dincendi-a-les-activitats-destiu-de-lesplai\/#primaryimage","url":"https:\/\/www.esplac.cat\/wp-content\/uploads\/2022\/07\/Portades-web-6.jpg","contentUrl":"https:\/\/www.esplac.cat\/wp-content\/uploads\/2022\/07\/Portades-web-6.jpg","width":1694,"height":700},{"@type":"BreadcrumbList","@id":"https:\/\/www.esplac.cat\/com-afecta-el-risc-dincendi-a-les-activitats-destiu-de-lesplai\/#breadcrumb","itemListElement":[{"@type":"ListItem","position":1,"name":"Inici","item":"https:\/\/www.esplac.cat\/es\/"},{"@type":"ListItem","position":2,"name":"Com afecta el risc d\u2019incendi a les activitats d\u2019estiu de l\u2019esplai?"}]},{"@type":"WebSite","@id":"https:\/\/www.esplac.cat\/#website","url":"https:\/\/www.esplac.cat\/","name":"Esplac","description":"Esplais Catalans","publisher":{"@id":"https:\/\/www.esplac.cat\/#organization"},"potentialAction":[{"@type":"SearchAction","target":{"@type":"EntryPoint","urlTemplate":"https:\/\/www.esplac.cat\/?s={search_term_string}"},"query-input":{"@type":"PropertyValueSpecification","valueRequired":true,"valueName":"search_term_string"}}],"inLanguage":"es"},{"@type":"Organization","@id":"https:\/\/www.esplac.cat\/#organization","name":"Esplac","url":"https:\/\/www.esplac.cat\/","logo":{"@type":"ImageObject","inLanguage":"es","@id":"https:\/\/www.esplac.cat\/#\/schema\/logo\/image\/","url":"https:\/\/www.esplac.cat\/wp-content\/uploads\/2019\/08\/logox2.png","contentUrl":"https:\/\/www.esplac.cat\/wp-content\/uploads\/2019\/08\/logox2.png","width":600,"height":295,"caption":"Esplac"},"image":{"@id":"https:\/\/www.esplac.cat\/#\/schema\/logo\/image\/"}},{"@type":"Person","@id":"https:\/\/www.esplac.cat\/#\/schema\/person\/908383cf240be18b68f8855d0583faca","name":"Comunicaci\u00f3 Esplac","image":{"@type":"ImageObject","inLanguage":"es","@id":"https:\/\/secure.gravatar.com\/avatar\/7a4cf8feb412a76ea4a740ca02d95b06b2907b5a6c648c2dd0a1082a093c3141?s=96&d=mm&r=g","url":"https:\/\/secure.gravatar.com\/avatar\/7a4cf8feb412a76ea4a740ca02d95b06b2907b5a6c648c2dd0a1082a093c3141?s=96&d=mm&r=g","contentUrl":"https:\/\/secure.gravatar.com\/avatar\/7a4cf8feb412a76ea4a740ca02d95b06b2907b5a6c648c2dd0a1082a093c3141?s=96&d=mm&r=g","caption":"Comunicaci\u00f3 Esplac"}}]}},"_links":{"self":[{"href":"https:\/\/www.esplac.cat\/es\/wp-json\/wp\/v2\/posts\/41027","targetHints":{"allow":["GET"]}}],"collection":[{"href":"https:\/\/www.esplac.cat\/es\/wp-json\/wp\/v2\/posts"}],"about":[{"href":"https:\/\/www.esplac.cat\/es\/wp-json\/wp\/v2\/types\/post"}],"author":[{"embeddable":true,"href":"https:\/\/www.esplac.cat\/es\/wp-json\/wp\/v2\/users\/3"}],"replies":[{"embeddable":true,"href":"https:\/\/www.esplac.cat\/es\/wp-json\/wp\/v2\/comments?post=41027"}],"version-history":[{"count":0,"href":"https:\/\/www.esplac.cat\/es\/wp-json\/wp\/v2\/posts\/41027\/revisions"}],"wp:featuredmedia":[{"embeddable":true,"href":"https:\/\/www.esplac.cat\/es\/wp-json\/wp\/v2\/media\/41035"}],"wp:attachment":[{"href":"https:\/\/www.esplac.cat\/es\/wp-json\/wp\/v2\/media?parent=41027"}],"wp:term":[{"taxonomy":"category","embeddable":true,"href":"https:\/\/www.esplac.cat\/es\/wp-json\/wp\/v2\/categories?post=41027"},{"taxonomy":"post_tag","embeddable":true,"href":"https:\/\/www.esplac.cat\/es\/wp-json\/wp\/v2\/tags?post=41027"}],"curies":[{"name":"wp","href":"https:\/\/api.w.org\/{rel}","templated":true}]}}