{"id":41055,"date":"2022-06-16T12:14:19","date_gmt":"2022-06-16T10:14:19","guid":{"rendered":"https:\/\/www.esplac.cat\/?p=41055"},"modified":"2022-07-29T12:51:02","modified_gmt":"2022-07-29T10:51:02","slug":"esplais-catalans-rep-un-guardo-a-la-nit-dels-premis-irla","status":"publish","type":"post","link":"https:\/\/www.esplac.cat\/es\/esplais-catalans-rep-un-guardo-a-la-nit-dels-premis-irla\/","title":{"rendered":"Esplais Catalans rep un guard\u00f3 a la nit dels Premis Irla"},"content":{"rendered":"<section class=\"border-clear parraf clearfix pt-30\">\n<div class=\"container\">\n<div class=\"row justify-content-lg-center\">\n<div class=\"col-lg-12 pb-15\">\n<div class=\"image-box style-2 \">\n<div class=\"overlay-container overlay-visible\">\n<div class=\"overlay-bottom\">\n<div class=\"text padding-actualitat\">\n<h6 class=\"margin-clear text-left mobile-visible negre-negreta titol-destacada border-bottom-negre\"><strong>Esplais Catalans, MCECC i Fundesplai han estat premiats als premis de la Fundaci\u00f3 Josep Irla 2022<\/strong><\/h6>\n<\/div>\n<\/div>\n<\/div>\n<\/div>\n<\/div>\n<\/div>\n<\/div>\n<\/section>\n<section class=\"border-clear parraf clearfix pt-30\">\n<div class=\"container\">\n<div class=\"row justify-content-lg-center\">\n<div class=\"col-lg-12 pb-15\">\n<p>La Fundaci\u00f3 Josep Irla ha premiat el moviment dels esplais amb el Memorial Llu\u00eds Companys, en un any dedicat a la joventut. El premi, que s&#8217;ha entregat de forma conjunta a Esplais Catalans, MCECC i Fundesplai, <strong>reconeix la tasca dels esplais del territori i del jovent voluntari d\u2019arreu del territori<\/strong>, aix\u00ed com\u00a0l\u2019autoorganitzaci\u00f3 i la democr\u00e0cia interna dels esplais.<\/p>\n<p>Carmen Alonso-Villaverde i Pau Casanovas, presidenta i vicepresident d&#8217;Esplac, han <strong>reivindicat un model d&#8217;esplai laic basat en el voluntariat i l&#8217;associacionisme<\/strong>. A m\u00e9s, han aprofitat per evidenciar la invisibilitzaci\u00f3 i les dificultats que pateix l&#8217;associacionisme educatiu:<\/p>\n<blockquote><p>\u00abCalen m\u00e9s recursos p\u00fablics per realitzar la nostra tasca educativa. Continuem creixent i les subvencions estan estancades\u00bb.<\/p><\/blockquote>\n<p>A banda, han posat sobre la taula les l\u00ednies de treball actuals de l&#8217;entitat, exigint\u00a0locals dignes, un marc normatiu propi, m\u00e9s cobertura als mitjans p\u00fablics i el reconeixement de la veu dels infants a l&#8217;hora de crear les pol\u00edtiques p\u00fabliques.<\/p>\n<\/div>\n<blockquote class=\"twitter-tweet\"><p lang=\"ca\" dir=\"ltr\"><a href=\"https:\/\/twitter.com\/hashtag\/NitIrla?src=hash&ref_src=twsrc%5Etfw\">#NitIrla<\/a> | Ahir vam recollir el Premi Irla 2022 que reconeix el moviment dels esplais a Catalunya. <br><br>Continuem reivindicant un model d'esplai basat en el voluntariat i l'associacionisme! \u270a (1\/3) <a href=\"https:\/\/t.co\/g4O7DkLHVq\">pic.twitter.com\/g4O7DkLHVq<\/a><\/p>\u2014 Esplais Catalans (Esplac) (@esplaiscatalans) <a href=\"https:\/\/twitter.com\/esplaiscatalans\/status\/1537341897194278912?ref_src=twsrc%5Etfw\">June 16, 2022<\/a><\/blockquote> <script async src=\"https:\/\/platform.twitter.com\/widgets.js\" charset=\"utf-8\"><\/script>\n<\/div>\n<\/div>\n<\/section>\n","protected":false},"excerpt":{"rendered":"<p>Esplais Catalans, MCECC i Fundesplai han estat premiats als premis [&hellip;]<\/p>\n","protected":false},"author":3,"featured_media":41056,"comment_status":"closed","ping_status":"closed","sticky":false,"template":"","format":"standard","meta":{"om_disable_all_campaigns":false,"_monsterinsights_skip_tracking":false,"_monsterinsights_sitenote_active":false,"_monsterinsights_sitenote_note":"","_monsterinsights_sitenote_category":0,"_uf_show_specific_survey":0,"_uf_disable_surveys":false,"footnotes":""},"categories":[1111],"tags":[],"class_list":["post-41055","post","type-post","status-publish","format-standard","has-post-thumbnail","hentry","category-activitats-esplac"],"yoast_head":"<!-- This site is optimized with the Yoast SEO plugin v27.5 - https:\/\/yoast.com\/product\/yoast-seo-wordpress\/ -->\n<title>Esplais Catalans rep un guard\u00f3 a la nit dels Premis Irla - Esplac<\/title>\n<meta name=\"robots\" content=\"index, follow, max-snippet:-1, max-image-preview:large, max-video-preview:-1\" \/>\n<link rel=\"canonical\" href=\"https:\/\/www.esplac.cat\/esplais-catalans-rep-un-guardo-a-la-nit-dels-premis-irla\/\" \/>\n<meta property=\"og:locale\" content=\"es_ES\" \/>\n<meta property=\"og:type\" content=\"article\" \/>\n<meta property=\"og:title\" content=\"Esplais Catalans rep un guard\u00f3 a la nit dels Premis Irla - Esplac\" \/>\n<meta property=\"og:description\" content=\"Esplais Catalans, MCECC i Fundesplai han estat premiats als premis [&hellip;]\" \/>\n<meta property=\"og:url\" content=\"https:\/\/www.esplac.cat\/esplais-catalans-rep-un-guardo-a-la-nit-dels-premis-irla\/\" \/>\n<meta property=\"og:site_name\" content=\"Esplac\" \/>\n<meta property=\"article:published_time\" content=\"2022-06-16T10:14:19+00:00\" \/>\n<meta property=\"article:modified_time\" content=\"2022-07-29T10:51:02+00:00\" \/>\n<meta property=\"og:image\" content=\"https:\/\/www.esplac.cat\/wp-content\/uploads\/2022\/07\/Portades-web-14.jpg\" \/>\n\t<meta property=\"og:image:width\" content=\"1694\" \/>\n\t<meta property=\"og:image:height\" content=\"700\" \/>\n\t<meta property=\"og:image:type\" content=\"image\/jpeg\" \/>\n<meta name=\"author\" content=\"Comunicaci\u00f3 Esplac\" \/>\n<meta name=\"twitter:card\" content=\"summary_large_image\" \/>\n<meta name=\"twitter:label1\" content=\"Escrito por\" \/>\n\t<meta name=\"twitter:data1\" content=\"Comunicaci\u00f3 Esplac\" \/>\n\t<meta name=\"twitter:label2\" content=\"Tiempo de lectura\" \/>\n\t<meta name=\"twitter:data2\" content=\"2 minutos\" \/>\n<script type=\"application\/ld+json\" class=\"yoast-schema-graph\">{\"@context\":\"https:\\\/\\\/schema.org\",\"@graph\":[{\"@type\":\"Article\",\"@id\":\"https:\\\/\\\/www.esplac.cat\\\/esplais-catalans-rep-un-guardo-a-la-nit-dels-premis-irla\\\/#article\",\"isPartOf\":{\"@id\":\"https:\\\/\\\/www.esplac.cat\\\/esplais-catalans-rep-un-guardo-a-la-nit-dels-premis-irla\\\/\"},\"author\":{\"name\":\"Comunicaci\u00f3 Esplac\",\"@id\":\"https:\\\/\\\/www.esplac.cat\\\/#\\\/schema\\\/person\\\/908383cf240be18b68f8855d0583faca\"},\"headline\":\"Esplais Catalans rep un guard\u00f3 a la nit dels Premis Irla\",\"datePublished\":\"2022-06-16T10:14:19+00:00\",\"dateModified\":\"2022-07-29T10:51:02+00:00\",\"mainEntityOfPage\":{\"@id\":\"https:\\\/\\\/www.esplac.cat\\\/esplais-catalans-rep-un-guardo-a-la-nit-dels-premis-irla\\\/\"},\"wordCount\":323,\"publisher\":{\"@id\":\"https:\\\/\\\/www.esplac.cat\\\/#organization\"},\"image\":{\"@id\":\"https:\\\/\\\/www.esplac.cat\\\/esplais-catalans-rep-un-guardo-a-la-nit-dels-premis-irla\\\/#primaryimage\"},\"thumbnailUrl\":\"https:\\\/\\\/www.esplac.cat\\\/wp-content\\\/uploads\\\/2022\\\/07\\\/Portades-web-14.jpg\",\"articleSection\":[\"Activitats esplac\"],\"inLanguage\":\"es\"},{\"@type\":\"WebPage\",\"@id\":\"https:\\\/\\\/www.esplac.cat\\\/esplais-catalans-rep-un-guardo-a-la-nit-dels-premis-irla\\\/\",\"url\":\"https:\\\/\\\/www.esplac.cat\\\/esplais-catalans-rep-un-guardo-a-la-nit-dels-premis-irla\\\/\",\"name\":\"Esplais Catalans rep un guard\u00f3 a la nit dels Premis Irla - Esplac\",\"isPartOf\":{\"@id\":\"https:\\\/\\\/www.esplac.cat\\\/#website\"},\"primaryImageOfPage\":{\"@id\":\"https:\\\/\\\/www.esplac.cat\\\/esplais-catalans-rep-un-guardo-a-la-nit-dels-premis-irla\\\/#primaryimage\"},\"image\":{\"@id\":\"https:\\\/\\\/www.esplac.cat\\\/esplais-catalans-rep-un-guardo-a-la-nit-dels-premis-irla\\\/#primaryimage\"},\"thumbnailUrl\":\"https:\\\/\\\/www.esplac.cat\\\/wp-content\\\/uploads\\\/2022\\\/07\\\/Portades-web-14.jpg\",\"datePublished\":\"2022-06-16T10:14:19+00:00\",\"dateModified\":\"2022-07-29T10:51:02+00:00\",\"breadcrumb\":{\"@id\":\"https:\\\/\\\/www.esplac.cat\\\/esplais-catalans-rep-un-guardo-a-la-nit-dels-premis-irla\\\/#breadcrumb\"},\"inLanguage\":\"es\",\"potentialAction\":[{\"@type\":\"ReadAction\",\"target\":[\"https:\\\/\\\/www.esplac.cat\\\/esplais-catalans-rep-un-guardo-a-la-nit-dels-premis-irla\\\/\"]}]},{\"@type\":\"ImageObject\",\"inLanguage\":\"es\",\"@id\":\"https:\\\/\\\/www.esplac.cat\\\/esplais-catalans-rep-un-guardo-a-la-nit-dels-premis-irla\\\/#primaryimage\",\"url\":\"https:\\\/\\\/www.esplac.cat\\\/wp-content\\\/uploads\\\/2022\\\/07\\\/Portades-web-14.jpg\",\"contentUrl\":\"https:\\\/\\\/www.esplac.cat\\\/wp-content\\\/uploads\\\/2022\\\/07\\\/Portades-web-14.jpg\",\"width\":1694,\"height\":700,\"caption\":\"Premis Irla\"},{\"@type\":\"BreadcrumbList\",\"@id\":\"https:\\\/\\\/www.esplac.cat\\\/esplais-catalans-rep-un-guardo-a-la-nit-dels-premis-irla\\\/#breadcrumb\",\"itemListElement\":[{\"@type\":\"ListItem\",\"position\":1,\"name\":\"Inici\",\"item\":\"https:\\\/\\\/www.esplac.cat\\\/es\\\/\"},{\"@type\":\"ListItem\",\"position\":2,\"name\":\"Esplais Catalans rep un guard\u00f3 a la nit dels Premis Irla\"}]},{\"@type\":\"WebSite\",\"@id\":\"https:\\\/\\\/www.esplac.cat\\\/#website\",\"url\":\"https:\\\/\\\/www.esplac.cat\\\/\",\"name\":\"Esplac\",\"description\":\"Esplais Catalans\",\"publisher\":{\"@id\":\"https:\\\/\\\/www.esplac.cat\\\/#organization\"},\"potentialAction\":[{\"@type\":\"SearchAction\",\"target\":{\"@type\":\"EntryPoint\",\"urlTemplate\":\"https:\\\/\\\/www.esplac.cat\\\/?s={search_term_string}\"},\"query-input\":{\"@type\":\"PropertyValueSpecification\",\"valueRequired\":true,\"valueName\":\"search_term_string\"}}],\"inLanguage\":\"es\"},{\"@type\":\"Organization\",\"@id\":\"https:\\\/\\\/www.esplac.cat\\\/#organization\",\"name\":\"Esplac\",\"url\":\"https:\\\/\\\/www.esplac.cat\\\/\",\"logo\":{\"@type\":\"ImageObject\",\"inLanguage\":\"es\",\"@id\":\"https:\\\/\\\/www.esplac.cat\\\/#\\\/schema\\\/logo\\\/image\\\/\",\"url\":\"https:\\\/\\\/www.esplac.cat\\\/wp-content\\\/uploads\\\/2019\\\/08\\\/logox2.png\",\"contentUrl\":\"https:\\\/\\\/www.esplac.cat\\\/wp-content\\\/uploads\\\/2019\\\/08\\\/logox2.png\",\"width\":600,\"height\":295,\"caption\":\"Esplac\"},\"image\":{\"@id\":\"https:\\\/\\\/www.esplac.cat\\\/#\\\/schema\\\/logo\\\/image\\\/\"}},{\"@type\":\"Person\",\"@id\":\"https:\\\/\\\/www.esplac.cat\\\/#\\\/schema\\\/person\\\/908383cf240be18b68f8855d0583faca\",\"name\":\"Comunicaci\u00f3 Esplac\",\"image\":{\"@type\":\"ImageObject\",\"inLanguage\":\"es\",\"@id\":\"https:\\\/\\\/secure.gravatar.com\\\/avatar\\\/7a4cf8feb412a76ea4a740ca02d95b06b2907b5a6c648c2dd0a1082a093c3141?s=96&d=mm&r=g\",\"url\":\"https:\\\/\\\/secure.gravatar.com\\\/avatar\\\/7a4cf8feb412a76ea4a740ca02d95b06b2907b5a6c648c2dd0a1082a093c3141?s=96&d=mm&r=g\",\"contentUrl\":\"https:\\\/\\\/secure.gravatar.com\\\/avatar\\\/7a4cf8feb412a76ea4a740ca02d95b06b2907b5a6c648c2dd0a1082a093c3141?s=96&d=mm&r=g\",\"caption\":\"Comunicaci\u00f3 Esplac\"}}]}<\/script>\n<!-- \/ Yoast SEO plugin. -->","yoast_head_json":{"title":"Esplais Catalans rep un guard\u00f3 a la nit dels Premis Irla - Esplac","robots":{"index":"index","follow":"follow","max-snippet":"max-snippet:-1","max-image-preview":"max-image-preview:large","max-video-preview":"max-video-preview:-1"},"canonical":"https:\/\/www.esplac.cat\/esplais-catalans-rep-un-guardo-a-la-nit-dels-premis-irla\/","og_locale":"es_ES","og_type":"article","og_title":"Esplais Catalans rep un guard\u00f3 a la nit dels Premis Irla - Esplac","og_description":"Esplais Catalans, MCECC i Fundesplai han estat premiats als premis [&hellip;]","og_url":"https:\/\/www.esplac.cat\/esplais-catalans-rep-un-guardo-a-la-nit-dels-premis-irla\/","og_site_name":"Esplac","article_published_time":"2022-06-16T10:14:19+00:00","article_modified_time":"2022-07-29T10:51:02+00:00","og_image":[{"width":1694,"height":700,"url":"https:\/\/www.esplac.cat\/wp-content\/uploads\/2022\/07\/Portades-web-14.jpg","type":"image\/jpeg"}],"author":"Comunicaci\u00f3 Esplac","twitter_card":"summary_large_image","twitter_misc":{"Escrito por":"Comunicaci\u00f3 Esplac","Tiempo de lectura":"2 minutos"},"schema":{"@context":"https:\/\/schema.org","@graph":[{"@type":"Article","@id":"https:\/\/www.esplac.cat\/esplais-catalans-rep-un-guardo-a-la-nit-dels-premis-irla\/#article","isPartOf":{"@id":"https:\/\/www.esplac.cat\/esplais-catalans-rep-un-guardo-a-la-nit-dels-premis-irla\/"},"author":{"name":"Comunicaci\u00f3 Esplac","@id":"https:\/\/www.esplac.cat\/#\/schema\/person\/908383cf240be18b68f8855d0583faca"},"headline":"Esplais Catalans rep un guard\u00f3 a la nit dels Premis Irla","datePublished":"2022-06-16T10:14:19+00:00","dateModified":"2022-07-29T10:51:02+00:00","mainEntityOfPage":{"@id":"https:\/\/www.esplac.cat\/esplais-catalans-rep-un-guardo-a-la-nit-dels-premis-irla\/"},"wordCount":323,"publisher":{"@id":"https:\/\/www.esplac.cat\/#organization"},"image":{"@id":"https:\/\/www.esplac.cat\/esplais-catalans-rep-un-guardo-a-la-nit-dels-premis-irla\/#primaryimage"},"thumbnailUrl":"https:\/\/www.esplac.cat\/wp-content\/uploads\/2022\/07\/Portades-web-14.jpg","articleSection":["Activitats esplac"],"inLanguage":"es"},{"@type":"WebPage","@id":"https:\/\/www.esplac.cat\/esplais-catalans-rep-un-guardo-a-la-nit-dels-premis-irla\/","url":"https:\/\/www.esplac.cat\/esplais-catalans-rep-un-guardo-a-la-nit-dels-premis-irla\/","name":"Esplais Catalans rep un guard\u00f3 a la nit dels Premis Irla - Esplac","isPartOf":{"@id":"https:\/\/www.esplac.cat\/#website"},"primaryImageOfPage":{"@id":"https:\/\/www.esplac.cat\/esplais-catalans-rep-un-guardo-a-la-nit-dels-premis-irla\/#primaryimage"},"image":{"@id":"https:\/\/www.esplac.cat\/esplais-catalans-rep-un-guardo-a-la-nit-dels-premis-irla\/#primaryimage"},"thumbnailUrl":"https:\/\/www.esplac.cat\/wp-content\/uploads\/2022\/07\/Portades-web-14.jpg","datePublished":"2022-06-16T10:14:19+00:00","dateModified":"2022-07-29T10:51:02+00:00","breadcrumb":{"@id":"https:\/\/www.esplac.cat\/esplais-catalans-rep-un-guardo-a-la-nit-dels-premis-irla\/#breadcrumb"},"inLanguage":"es","potentialAction":[{"@type":"ReadAction","target":["https:\/\/www.esplac.cat\/esplais-catalans-rep-un-guardo-a-la-nit-dels-premis-irla\/"]}]},{"@type":"ImageObject","inLanguage":"es","@id":"https:\/\/www.esplac.cat\/esplais-catalans-rep-un-guardo-a-la-nit-dels-premis-irla\/#primaryimage","url":"https:\/\/www.esplac.cat\/wp-content\/uploads\/2022\/07\/Portades-web-14.jpg","contentUrl":"https:\/\/www.esplac.cat\/wp-content\/uploads\/2022\/07\/Portades-web-14.jpg","width":1694,"height":700,"caption":"Premis Irla"},{"@type":"BreadcrumbList","@id":"https:\/\/www.esplac.cat\/esplais-catalans-rep-un-guardo-a-la-nit-dels-premis-irla\/#breadcrumb","itemListElement":[{"@type":"ListItem","position":1,"name":"Inici","item":"https:\/\/www.esplac.cat\/es\/"},{"@type":"ListItem","position":2,"name":"Esplais Catalans rep un guard\u00f3 a la nit dels Premis Irla"}]},{"@type":"WebSite","@id":"https:\/\/www.esplac.cat\/#website","url":"https:\/\/www.esplac.cat\/","name":"Esplac","description":"Esplais Catalans","publisher":{"@id":"https:\/\/www.esplac.cat\/#organization"},"potentialAction":[{"@type":"SearchAction","target":{"@type":"EntryPoint","urlTemplate":"https:\/\/www.esplac.cat\/?s={search_term_string}"},"query-input":{"@type":"PropertyValueSpecification","valueRequired":true,"valueName":"search_term_string"}}],"inLanguage":"es"},{"@type":"Organization","@id":"https:\/\/www.esplac.cat\/#organization","name":"Esplac","url":"https:\/\/www.esplac.cat\/","logo":{"@type":"ImageObject","inLanguage":"es","@id":"https:\/\/www.esplac.cat\/#\/schema\/logo\/image\/","url":"https:\/\/www.esplac.cat\/wp-content\/uploads\/2019\/08\/logox2.png","contentUrl":"https:\/\/www.esplac.cat\/wp-content\/uploads\/2019\/08\/logox2.png","width":600,"height":295,"caption":"Esplac"},"image":{"@id":"https:\/\/www.esplac.cat\/#\/schema\/logo\/image\/"}},{"@type":"Person","@id":"https:\/\/www.esplac.cat\/#\/schema\/person\/908383cf240be18b68f8855d0583faca","name":"Comunicaci\u00f3 Esplac","image":{"@type":"ImageObject","inLanguage":"es","@id":"https:\/\/secure.gravatar.com\/avatar\/7a4cf8feb412a76ea4a740ca02d95b06b2907b5a6c648c2dd0a1082a093c3141?s=96&d=mm&r=g","url":"https:\/\/secure.gravatar.com\/avatar\/7a4cf8feb412a76ea4a740ca02d95b06b2907b5a6c648c2dd0a1082a093c3141?s=96&d=mm&r=g","contentUrl":"https:\/\/secure.gravatar.com\/avatar\/7a4cf8feb412a76ea4a740ca02d95b06b2907b5a6c648c2dd0a1082a093c3141?s=96&d=mm&r=g","caption":"Comunicaci\u00f3 Esplac"}}]}},"_links":{"self":[{"href":"https:\/\/www.esplac.cat\/es\/wp-json\/wp\/v2\/posts\/41055","targetHints":{"allow":["GET"]}}],"collection":[{"href":"https:\/\/www.esplac.cat\/es\/wp-json\/wp\/v2\/posts"}],"about":[{"href":"https:\/\/www.esplac.cat\/es\/wp-json\/wp\/v2\/types\/post"}],"author":[{"embeddable":true,"href":"https:\/\/www.esplac.cat\/es\/wp-json\/wp\/v2\/users\/3"}],"replies":[{"embeddable":true,"href":"https:\/\/www.esplac.cat\/es\/wp-json\/wp\/v2\/comments?post=41055"}],"version-history":[{"count":0,"href":"https:\/\/www.esplac.cat\/es\/wp-json\/wp\/v2\/posts\/41055\/revisions"}],"wp:featuredmedia":[{"embeddable":true,"href":"https:\/\/www.esplac.cat\/es\/wp-json\/wp\/v2\/media\/41056"}],"wp:attachment":[{"href":"https:\/\/www.esplac.cat\/es\/wp-json\/wp\/v2\/media?parent=41055"}],"wp:term":[{"taxonomy":"category","embeddable":true,"href":"https:\/\/www.esplac.cat\/es\/wp-json\/wp\/v2\/categories?post=41055"},{"taxonomy":"post_tag","embeddable":true,"href":"https:\/\/www.esplac.cat\/es\/wp-json\/wp\/v2\/tags?post=41055"}],"curies":[{"name":"wp","href":"https:\/\/api.w.org\/{rel}","templated":true}]}}