{"id":41114,"date":"2022-08-30T13:11:02","date_gmt":"2022-08-30T11:11:02","guid":{"rendered":"https:\/\/www.esplac.cat\/?p=41114"},"modified":"2022-09-05T13:49:46","modified_gmt":"2022-09-05T11:49:46","slug":"16-joves-intercanvi-internacional-youth-exchange-saifores","status":"publish","type":"post","link":"https:\/\/www.esplac.cat\/es\/16-joves-intercanvi-internacional-youth-exchange-saifores\/","title":{"rendered":"16 joves han pogut gaudir de l&#8217;intercanvi internacional &#8216;Youth Exchange&#8217; a Saifores"},"content":{"rendered":"<div class=\"fusion-fullwidth fullwidth-box fusion-builder-row-1 nonhundred-percent-fullwidth non-hundred-percent-height-scrolling\" style=\"--awb-border-radius-top-left:0px;--awb-border-radius-top-right:0px;--awb-border-radius-bottom-right:0px;--awb-border-radius-bottom-left:0px;--awb-flex-wrap:wrap;\" ><div class=\"fusion-builder-row fusion-row\"><div class=\"fusion-layout-column fusion_builder_column fusion-builder-column-0 fusion_builder_column_1_1 1_1 fusion-one-full fusion-column-first fusion-column-last\" style=\"--awb-bg-size:cover;--awb-margin-bottom:0px;\"><div class=\"fusion-column-wrapper fusion-flex-column-wrapper-legacy\"><div class=\"fusion-text fusion-text-1\"><h6><strong>Joves de Portugal (Rota Jovem), d&#8217;It\u00e0lia (Arciragazzi), d&#8217;\u00c0ustria (Kinderfreunde &#8211; Rote Falken), d&#8217;Esplac i de l&#8217;Escola Lliure El Sol han estat participant al Youth Exchange 2022 a Saifores.<\/strong><\/h6>\n<p>Del 22 al 30 d&#8217;agost, a Cal Mata (Saifores) ha tingut lloc l&#8217;intercanvi internacional que organitza Esplac, juntament amb l&#8217;Escola Lliure el Sol: el <strong>Youth Exchange<\/strong>. Una activitat internacional, dins el marc <span style=\"text-decoration: underline;\"><a href=\"https:\/\/erasmus-plus.ec.europa.eu\/es\" target=\"_blank\" rel=\"noopener noreferrer\">Erasmus+<\/a><\/span>, en la qual hi participen altres associacions d&#8217;educaci\u00f3 no formal d&#8217;<strong>\u00c0ustria, It\u00e0lia i Portugal<\/strong>. Un total de 16 joves, d&#8217;entre 16 i 29 anys, han pogut aprendre altres formes de fer d&#8217;entitats juvenils, han parlat sobre participaci\u00f3, com implementar projectes transformadors i entendre l&#8217;educaci\u00f3 no formal com una manera de fer pol\u00edtica.<\/p>\n<p>L&#8217;estada a Cal Mata l&#8217;han compartit amb un dels cursos de creixement de l&#8217;Escola Lliure El Sol i Esplac. Tamb\u00e9, van coincidir amb un grup d&#8217;arque\u00f2legs que estan investigant un jaciment \u00edver proper, i el van poder anar a veure.\u00a0 Entre formacions i din\u00e0miques, tamb\u00e9 han gaudit de la platja, d&#8217;una nit de gastronomia intercultural, de la festa major d&#8217;Arbo\u00e7, i fins i tot, han composat la can\u00e7\u00f3 oficial de la trobada!<\/p>\n<p>Si vols participar en una activitat internacional com aquesta, tens totes les oportunitats properes a la <a href=\"https:\/\/www.esplac.cat\/internacional\/\" target=\"_blank\" rel=\"noopener noreferrer\"><span style=\"text-decoration: underline;\">p\u00e0gina de l&#8217;\u00e0rea<\/span><\/a> o tamb\u00e9 pots enviar un correu a internacional@esplac.cat.<\/p>\n\n\t\t<style type=\"text\/css\">\n\t\t\t#gallery-1 {\n\t\t\t\tmargin: auto;\n\t\t\t}\n\t\t\t#gallery-1 .gallery-item {\n\t\t\t\tfloat: left;\n\t\t\t\tmargin-top: 10px;\n\t\t\t\ttext-align: center;\n\t\t\t\twidth: 33%;\n\t\t\t}\n\t\t\t#gallery-1 img {\n\t\t\t\tborder: 2px solid #cfcfcf;\n\t\t\t}\n\t\t\t#gallery-1 .gallery-caption {\n\t\t\t\tmargin-left: 0;\n\t\t\t}\n\t\t\t\/* see gallery_shortcode() in wp-includes\/media.php *\/\n\t\t<\/style>\n\t\t<div id='gallery-1' class='gallery galleryid-41114 gallery-columns-3 gallery-size-large'><dl class='gallery-item'>\n\t\t\t<dt class='gallery-icon landscape'>\n\t\t\t\t<a data-rel=\"iLightbox[postimages]\" data-title=\"WhatsApp Image 2022-08-30 at 09.25.51\" data-caption=\"\" href='https:\/\/www.esplac.cat\/wp-content\/uploads\/2022\/08\/WhatsApp-Image-2022-08-30-at-09.25.51.jpeg'><img decoding=\"async\" width=\"1024\" height=\"768\" src=\"https:\/\/www.esplac.cat\/wp-content\/uploads\/2022\/08\/WhatsApp-Image-2022-08-30-at-09.25.51-1024x768.jpeg\" class=\"attachment-large size-large\" alt=\"\" srcset=\"https:\/\/www.esplac.cat\/wp-content\/uploads\/2022\/08\/WhatsApp-Image-2022-08-30-at-09.25.51-200x150.jpeg 200w, https:\/\/www.esplac.cat\/wp-content\/uploads\/2022\/08\/WhatsApp-Image-2022-08-30-at-09.25.51-300x225.jpeg 300w, https:\/\/www.esplac.cat\/wp-content\/uploads\/2022\/08\/WhatsApp-Image-2022-08-30-at-09.25.51-400x300.jpeg 400w, https:\/\/www.esplac.cat\/wp-content\/uploads\/2022\/08\/WhatsApp-Image-2022-08-30-at-09.25.51-600x450.jpeg 600w, https:\/\/www.esplac.cat\/wp-content\/uploads\/2022\/08\/WhatsApp-Image-2022-08-30-at-09.25.51-768x576.jpeg 768w, https:\/\/www.esplac.cat\/wp-content\/uploads\/2022\/08\/WhatsApp-Image-2022-08-30-at-09.25.51-800x600.jpeg 800w, https:\/\/www.esplac.cat\/wp-content\/uploads\/2022\/08\/WhatsApp-Image-2022-08-30-at-09.25.51-1024x768.jpeg 1024w, https:\/\/www.esplac.cat\/wp-content\/uploads\/2022\/08\/WhatsApp-Image-2022-08-30-at-09.25.51-1200x900.jpeg 1200w, https:\/\/www.esplac.cat\/wp-content\/uploads\/2022\/08\/WhatsApp-Image-2022-08-30-at-09.25.51-1536x1152.jpeg 1536w\" sizes=\"(max-width: 1024px) 100vw, 1024px\" \/><\/a>\n\t\t\t<\/dt><\/dl><dl class='gallery-item'>\n\t\t\t<dt class='gallery-icon landscape'>\n\t\t\t\t<a data-rel=\"iLightbox[postimages]\" data-title=\"WhatsApp Image 2022-08-30 at 09.25.49 (1)\" data-caption=\"\" href='https:\/\/www.esplac.cat\/wp-content\/uploads\/2022\/08\/WhatsApp-Image-2022-08-30-at-09.25.49-1.jpeg'><img decoding=\"async\" width=\"1024\" height=\"768\" src=\"https:\/\/www.esplac.cat\/wp-content\/uploads\/2022\/08\/WhatsApp-Image-2022-08-30-at-09.25.49-1-1024x768.jpeg\" class=\"attachment-large size-large\" alt=\"\" srcset=\"https:\/\/www.esplac.cat\/wp-content\/uploads\/2022\/08\/WhatsApp-Image-2022-08-30-at-09.25.49-1-200x150.jpeg 200w, https:\/\/www.esplac.cat\/wp-content\/uploads\/2022\/08\/WhatsApp-Image-2022-08-30-at-09.25.49-1-300x225.jpeg 300w, https:\/\/www.esplac.cat\/wp-content\/uploads\/2022\/08\/WhatsApp-Image-2022-08-30-at-09.25.49-1-400x300.jpeg 400w, https:\/\/www.esplac.cat\/wp-content\/uploads\/2022\/08\/WhatsApp-Image-2022-08-30-at-09.25.49-1-600x450.jpeg 600w, https:\/\/www.esplac.cat\/wp-content\/uploads\/2022\/08\/WhatsApp-Image-2022-08-30-at-09.25.49-1-768x576.jpeg 768w, https:\/\/www.esplac.cat\/wp-content\/uploads\/2022\/08\/WhatsApp-Image-2022-08-30-at-09.25.49-1-800x600.jpeg 800w, https:\/\/www.esplac.cat\/wp-content\/uploads\/2022\/08\/WhatsApp-Image-2022-08-30-at-09.25.49-1-1024x768.jpeg 1024w, https:\/\/www.esplac.cat\/wp-content\/uploads\/2022\/08\/WhatsApp-Image-2022-08-30-at-09.25.49-1-1200x900.jpeg 1200w, https:\/\/www.esplac.cat\/wp-content\/uploads\/2022\/08\/WhatsApp-Image-2022-08-30-at-09.25.49-1-1536x1152.jpeg 1536w\" sizes=\"(max-width: 1024px) 100vw, 1024px\" \/><\/a>\n\t\t\t<\/dt><\/dl><dl class='gallery-item'>\n\t\t\t<dt class='gallery-icon landscape'>\n\t\t\t\t<a data-rel=\"iLightbox[postimages]\" data-title=\"WhatsApp Image 2022-08-30 at 09.25.52\" data-caption=\"\" href='https:\/\/www.esplac.cat\/wp-content\/uploads\/2022\/08\/WhatsApp-Image-2022-08-30-at-09.25.52-3.jpeg'><img decoding=\"async\" width=\"1024\" height=\"768\" src=\"https:\/\/www.esplac.cat\/wp-content\/uploads\/2022\/08\/WhatsApp-Image-2022-08-30-at-09.25.52-3.jpeg\" class=\"attachment-large size-large\" alt=\"\" srcset=\"https:\/\/www.esplac.cat\/wp-content\/uploads\/2022\/08\/WhatsApp-Image-2022-08-30-at-09.25.52-3-200x150.jpeg 200w, https:\/\/www.esplac.cat\/wp-content\/uploads\/2022\/08\/WhatsApp-Image-2022-08-30-at-09.25.52-3-300x225.jpeg 300w, https:\/\/www.esplac.cat\/wp-content\/uploads\/2022\/08\/WhatsApp-Image-2022-08-30-at-09.25.52-3-400x300.jpeg 400w, https:\/\/www.esplac.cat\/wp-content\/uploads\/2022\/08\/WhatsApp-Image-2022-08-30-at-09.25.52-3-600x450.jpeg 600w, https:\/\/www.esplac.cat\/wp-content\/uploads\/2022\/08\/WhatsApp-Image-2022-08-30-at-09.25.52-3-768x576.jpeg 768w, https:\/\/www.esplac.cat\/wp-content\/uploads\/2022\/08\/WhatsApp-Image-2022-08-30-at-09.25.52-3-800x600.jpeg 800w, https:\/\/www.esplac.cat\/wp-content\/uploads\/2022\/08\/WhatsApp-Image-2022-08-30-at-09.25.52-3.jpeg 1024w\" sizes=\"(max-width: 1024px) 100vw, 1024px\" \/><\/a>\n\t\t\t<\/dt><\/dl><br style=\"clear: both\" \/><dl class='gallery-item'>\n\t\t\t<dt class='gallery-icon portrait'>\n\t\t\t\t<a data-rel=\"iLightbox[postimages]\" data-title=\"WhatsApp Image 2022-08-30 at 09.25.52 (1)\" data-caption=\"\" href='https:\/\/www.esplac.cat\/wp-content\/uploads\/2022\/08\/WhatsApp-Image-2022-08-30-at-09.25.52-1-1.jpeg'><img decoding=\"async\" width=\"768\" height=\"1024\" src=\"https:\/\/www.esplac.cat\/wp-content\/uploads\/2022\/08\/WhatsApp-Image-2022-08-30-at-09.25.52-1-1-768x1024.jpeg\" class=\"attachment-large size-large\" alt=\"\" srcset=\"https:\/\/www.esplac.cat\/wp-content\/uploads\/2022\/08\/WhatsApp-Image-2022-08-30-at-09.25.52-1-1-200x267.jpeg 200w, https:\/\/www.esplac.cat\/wp-content\/uploads\/2022\/08\/WhatsApp-Image-2022-08-30-at-09.25.52-1-1-225x300.jpeg 225w, https:\/\/www.esplac.cat\/wp-content\/uploads\/2022\/08\/WhatsApp-Image-2022-08-30-at-09.25.52-1-1-400x533.jpeg 400w, https:\/\/www.esplac.cat\/wp-content\/uploads\/2022\/08\/WhatsApp-Image-2022-08-30-at-09.25.52-1-1-600x800.jpeg 600w, https:\/\/www.esplac.cat\/wp-content\/uploads\/2022\/08\/WhatsApp-Image-2022-08-30-at-09.25.52-1-1-768x1024.jpeg 768w, https:\/\/www.esplac.cat\/wp-content\/uploads\/2022\/08\/WhatsApp-Image-2022-08-30-at-09.25.52-1-1-800x1067.jpeg 800w, https:\/\/www.esplac.cat\/wp-content\/uploads\/2022\/08\/WhatsApp-Image-2022-08-30-at-09.25.52-1-1-1152x1536.jpeg 1152w, https:\/\/www.esplac.cat\/wp-content\/uploads\/2022\/08\/WhatsApp-Image-2022-08-30-at-09.25.52-1-1-1200x1600.jpeg 1200w, https:\/\/www.esplac.cat\/wp-content\/uploads\/2022\/08\/WhatsApp-Image-2022-08-30-at-09.25.52-1-1.jpeg 1536w\" sizes=\"(max-width: 768px) 100vw, 768px\" \/><\/a>\n\t\t\t<\/dt><\/dl><dl class='gallery-item'>\n\t\t\t<dt class='gallery-icon portrait'>\n\t\t\t\t<a data-rel=\"iLightbox[postimages]\" data-title=\"WhatsApp Image 2022-08-30 at 09.43.01\" data-caption=\"\" href='https:\/\/www.esplac.cat\/wp-content\/uploads\/2022\/08\/WhatsApp-Image-2022-08-30-at-09.43.01.jpeg'><img decoding=\"async\" width=\"765\" height=\"1024\" src=\"https:\/\/www.esplac.cat\/wp-content\/uploads\/2022\/08\/WhatsApp-Image-2022-08-30-at-09.43.01-765x1024.jpeg\" class=\"attachment-large size-large\" alt=\"\" srcset=\"https:\/\/www.esplac.cat\/wp-content\/uploads\/2022\/08\/WhatsApp-Image-2022-08-30-at-09.43.01-200x268.jpeg 200w, https:\/\/www.esplac.cat\/wp-content\/uploads\/2022\/08\/WhatsApp-Image-2022-08-30-at-09.43.01-224x300.jpeg 224w, https:\/\/www.esplac.cat\/wp-content\/uploads\/2022\/08\/WhatsApp-Image-2022-08-30-at-09.43.01-400x535.jpeg 400w, https:\/\/www.esplac.cat\/wp-content\/uploads\/2022\/08\/WhatsApp-Image-2022-08-30-at-09.43.01-600x803.jpeg 600w, https:\/\/www.esplac.cat\/wp-content\/uploads\/2022\/08\/WhatsApp-Image-2022-08-30-at-09.43.01-765x1024.jpeg 765w, https:\/\/www.esplac.cat\/wp-content\/uploads\/2022\/08\/WhatsApp-Image-2022-08-30-at-09.43.01-768x1027.jpeg 768w, https:\/\/www.esplac.cat\/wp-content\/uploads\/2022\/08\/WhatsApp-Image-2022-08-30-at-09.43.01-800x1070.jpeg 800w, https:\/\/www.esplac.cat\/wp-content\/uploads\/2022\/08\/WhatsApp-Image-2022-08-30-at-09.43.01-1148x1536.jpeg 1148w, https:\/\/www.esplac.cat\/wp-content\/uploads\/2022\/08\/WhatsApp-Image-2022-08-30-at-09.43.01.jpeg 1196w\" sizes=\"(max-width: 765px) 100vw, 765px\" \/><\/a>\n\t\t\t<\/dt><\/dl><dl class='gallery-item'>\n\t\t\t<dt class='gallery-icon portrait'>\n\t\t\t\t<a data-rel=\"iLightbox[postimages]\" data-title=\"WhatsApp Image 2022-08-30 at 10.08.40\" data-caption=\"\" href='https:\/\/www.esplac.cat\/wp-content\/uploads\/2022\/08\/WhatsApp-Image-2022-08-30-at-10.08.40.jpeg'><img decoding=\"async\" width=\"768\" height=\"1024\" src=\"https:\/\/www.esplac.cat\/wp-content\/uploads\/2022\/08\/WhatsApp-Image-2022-08-30-at-10.08.40-768x1024.jpeg\" class=\"attachment-large size-large\" alt=\"\" srcset=\"https:\/\/www.esplac.cat\/wp-content\/uploads\/2022\/08\/WhatsApp-Image-2022-08-30-at-10.08.40-200x267.jpeg 200w, https:\/\/www.esplac.cat\/wp-content\/uploads\/2022\/08\/WhatsApp-Image-2022-08-30-at-10.08.40-225x300.jpeg 225w, https:\/\/www.esplac.cat\/wp-content\/uploads\/2022\/08\/WhatsApp-Image-2022-08-30-at-10.08.40-400x534.jpeg 400w, https:\/\/www.esplac.cat\/wp-content\/uploads\/2022\/08\/WhatsApp-Image-2022-08-30-at-10.08.40-600x800.jpeg 600w, https:\/\/www.esplac.cat\/wp-content\/uploads\/2022\/08\/WhatsApp-Image-2022-08-30-at-10.08.40-768x1025.jpeg 768w, https:\/\/www.esplac.cat\/wp-content\/uploads\/2022\/08\/WhatsApp-Image-2022-08-30-at-10.08.40-800x1067.jpeg 800w, https:\/\/www.esplac.cat\/wp-content\/uploads\/2022\/08\/WhatsApp-Image-2022-08-30-at-10.08.40.jpeg 1024w\" sizes=\"(max-width: 768px) 100vw, 768px\" \/><\/a>\n\t\t\t<\/dt><\/dl><br style=\"clear: both\" \/>\n\t\t<\/div>\n\n<\/div><div class=\"fusion-clearfix\"><\/div><\/div><\/div><\/div><\/div>\n","protected":false},"excerpt":{"rendered":"","protected":false},"author":3,"featured_media":41116,"comment_status":"closed","ping_status":"closed","sticky":false,"template":"","format":"standard","meta":{"om_disable_all_campaigns":false,"_monsterinsights_skip_tracking":false,"_monsterinsights_sitenote_active":false,"_monsterinsights_sitenote_note":"","_monsterinsights_sitenote_category":0,"_uf_show_specific_survey":0,"_uf_disable_surveys":false,"footnotes":""},"categories":[1112],"tags":[],"class_list":["post-41114","post","type-post","status-publish","format-standard","has-post-thumbnail","hentry","category-esplac-al-mon"],"yoast_head":"<!-- This site is optimized with the Yoast SEO plugin v27.5 - https:\/\/yoast.com\/product\/yoast-seo-wordpress\/ -->\n<title>16 joves han pogut gaudir de l&#039;intercanvi internacional &#039;Youth Exchange&#039; a Saifores<\/title>\n<meta name=\"description\" content=\"16 participants de Portugal (Rota Jovem), d&#039;It\u00e0lia (Arciragazzi), d&#039;\u00c0ustria (Rote Falken), d&#039;Esplac i de l&#039;Escola Lliure El Sol a la Youth Exchange 2022.\" \/>\n<meta name=\"robots\" content=\"index, follow, max-snippet:-1, max-image-preview:large, max-video-preview:-1\" \/>\n<link rel=\"canonical\" href=\"https:\/\/www.esplac.cat\/16-joves-intercanvi-internacional-youth-exchange-saifores\/\" \/>\n<meta property=\"og:locale\" content=\"es_ES\" \/>\n<meta property=\"og:type\" content=\"article\" \/>\n<meta property=\"og:title\" content=\"16 joves han pogut gaudir de l&#039;intercanvi internacional &#039;Youth Exchange&#039; a Saifores\" \/>\n<meta property=\"og:description\" content=\"16 participants de Portugal (Rota Jovem), d&#039;It\u00e0lia (Arciragazzi), d&#039;\u00c0ustria (Rote Falken), d&#039;Esplac i de l&#039;Escola Lliure El Sol a la Youth Exchange 2022.\" \/>\n<meta property=\"og:url\" content=\"https:\/\/www.esplac.cat\/16-joves-intercanvi-internacional-youth-exchange-saifores\/\" \/>\n<meta property=\"og:site_name\" content=\"Esplac\" \/>\n<meta property=\"article:published_time\" content=\"2022-08-30T11:11:02+00:00\" \/>\n<meta property=\"article:modified_time\" content=\"2022-09-05T11:49:46+00:00\" \/>\n<meta property=\"og:image\" content=\"https:\/\/www.esplac.cat\/wp-content\/uploads\/2022\/08\/portada-exchange.jpeg\" \/>\n\t<meta property=\"og:image:width\" content=\"1694\" \/>\n\t<meta property=\"og:image:height\" content=\"700\" \/>\n\t<meta property=\"og:image:type\" content=\"image\/jpeg\" \/>\n<meta name=\"author\" content=\"Comunicaci\u00f3 Esplac\" \/>\n<meta name=\"twitter:card\" content=\"summary_large_image\" \/>\n<meta name=\"twitter:label1\" content=\"Escrito por\" \/>\n\t<meta name=\"twitter:data1\" content=\"Comunicaci\u00f3 Esplac\" \/>\n\t<meta name=\"twitter:label2\" content=\"Tiempo de lectura\" \/>\n\t<meta name=\"twitter:data2\" content=\"2 minutos\" \/>\n<script type=\"application\/ld+json\" class=\"yoast-schema-graph\">{\"@context\":\"https:\\\/\\\/schema.org\",\"@graph\":[{\"@type\":\"Article\",\"@id\":\"https:\\\/\\\/www.esplac.cat\\\/16-joves-intercanvi-internacional-youth-exchange-saifores\\\/#article\",\"isPartOf\":{\"@id\":\"https:\\\/\\\/www.esplac.cat\\\/16-joves-intercanvi-internacional-youth-exchange-saifores\\\/\"},\"author\":{\"name\":\"Comunicaci\u00f3 Esplac\",\"@id\":\"https:\\\/\\\/www.esplac.cat\\\/#\\\/schema\\\/person\\\/908383cf240be18b68f8855d0583faca\"},\"headline\":\"16 joves han pogut gaudir de l&#8217;intercanvi internacional &#8216;Youth Exchange&#8217; a Saifores\",\"datePublished\":\"2022-08-30T11:11:02+00:00\",\"dateModified\":\"2022-09-05T11:49:46+00:00\",\"mainEntityOfPage\":{\"@id\":\"https:\\\/\\\/www.esplac.cat\\\/16-joves-intercanvi-internacional-youth-exchange-saifores\\\/\"},\"wordCount\":412,\"publisher\":{\"@id\":\"https:\\\/\\\/www.esplac.cat\\\/#organization\"},\"image\":{\"@id\":\"https:\\\/\\\/www.esplac.cat\\\/16-joves-intercanvi-internacional-youth-exchange-saifores\\\/#primaryimage\"},\"thumbnailUrl\":\"https:\\\/\\\/www.esplac.cat\\\/wp-content\\\/uploads\\\/2022\\\/08\\\/portada-exchange.jpeg\",\"articleSection\":[\"Esplac al m\u00f3n\"],\"inLanguage\":\"es\"},{\"@type\":\"WebPage\",\"@id\":\"https:\\\/\\\/www.esplac.cat\\\/16-joves-intercanvi-internacional-youth-exchange-saifores\\\/\",\"url\":\"https:\\\/\\\/www.esplac.cat\\\/16-joves-intercanvi-internacional-youth-exchange-saifores\\\/\",\"name\":\"16 joves han pogut gaudir de l'intercanvi internacional 'Youth Exchange' a Saifores\",\"isPartOf\":{\"@id\":\"https:\\\/\\\/www.esplac.cat\\\/#website\"},\"primaryImageOfPage\":{\"@id\":\"https:\\\/\\\/www.esplac.cat\\\/16-joves-intercanvi-internacional-youth-exchange-saifores\\\/#primaryimage\"},\"image\":{\"@id\":\"https:\\\/\\\/www.esplac.cat\\\/16-joves-intercanvi-internacional-youth-exchange-saifores\\\/#primaryimage\"},\"thumbnailUrl\":\"https:\\\/\\\/www.esplac.cat\\\/wp-content\\\/uploads\\\/2022\\\/08\\\/portada-exchange.jpeg\",\"datePublished\":\"2022-08-30T11:11:02+00:00\",\"dateModified\":\"2022-09-05T11:49:46+00:00\",\"description\":\"16 participants de Portugal (Rota Jovem), d'It\u00e0lia (Arciragazzi), d'\u00c0ustria (Rote Falken), d'Esplac i de l'Escola Lliure El Sol a la Youth Exchange 2022.\",\"breadcrumb\":{\"@id\":\"https:\\\/\\\/www.esplac.cat\\\/16-joves-intercanvi-internacional-youth-exchange-saifores\\\/#breadcrumb\"},\"inLanguage\":\"es\",\"potentialAction\":[{\"@type\":\"ReadAction\",\"target\":[\"https:\\\/\\\/www.esplac.cat\\\/16-joves-intercanvi-internacional-youth-exchange-saifores\\\/\"]}]},{\"@type\":\"ImageObject\",\"inLanguage\":\"es\",\"@id\":\"https:\\\/\\\/www.esplac.cat\\\/16-joves-intercanvi-internacional-youth-exchange-saifores\\\/#primaryimage\",\"url\":\"https:\\\/\\\/www.esplac.cat\\\/wp-content\\\/uploads\\\/2022\\\/08\\\/portada-exchange.jpeg\",\"contentUrl\":\"https:\\\/\\\/www.esplac.cat\\\/wp-content\\\/uploads\\\/2022\\\/08\\\/portada-exchange.jpeg\",\"width\":1694,\"height\":700,\"caption\":\"Youth exchange\"},{\"@type\":\"BreadcrumbList\",\"@id\":\"https:\\\/\\\/www.esplac.cat\\\/16-joves-intercanvi-internacional-youth-exchange-saifores\\\/#breadcrumb\",\"itemListElement\":[{\"@type\":\"ListItem\",\"position\":1,\"name\":\"Inici\",\"item\":\"https:\\\/\\\/www.esplac.cat\\\/es\\\/\"},{\"@type\":\"ListItem\",\"position\":2,\"name\":\"16 joves han pogut gaudir de l&#8217;intercanvi internacional &#8216;Youth Exchange&#8217; a Saifores\"}]},{\"@type\":\"WebSite\",\"@id\":\"https:\\\/\\\/www.esplac.cat\\\/#website\",\"url\":\"https:\\\/\\\/www.esplac.cat\\\/\",\"name\":\"Esplac\",\"description\":\"Esplais Catalans\",\"publisher\":{\"@id\":\"https:\\\/\\\/www.esplac.cat\\\/#organization\"},\"potentialAction\":[{\"@type\":\"SearchAction\",\"target\":{\"@type\":\"EntryPoint\",\"urlTemplate\":\"https:\\\/\\\/www.esplac.cat\\\/?s={search_term_string}\"},\"query-input\":{\"@type\":\"PropertyValueSpecification\",\"valueRequired\":true,\"valueName\":\"search_term_string\"}}],\"inLanguage\":\"es\"},{\"@type\":\"Organization\",\"@id\":\"https:\\\/\\\/www.esplac.cat\\\/#organization\",\"name\":\"Esplac\",\"url\":\"https:\\\/\\\/www.esplac.cat\\\/\",\"logo\":{\"@type\":\"ImageObject\",\"inLanguage\":\"es\",\"@id\":\"https:\\\/\\\/www.esplac.cat\\\/#\\\/schema\\\/logo\\\/image\\\/\",\"url\":\"https:\\\/\\\/www.esplac.cat\\\/wp-content\\\/uploads\\\/2019\\\/08\\\/logox2.png\",\"contentUrl\":\"https:\\\/\\\/www.esplac.cat\\\/wp-content\\\/uploads\\\/2019\\\/08\\\/logox2.png\",\"width\":600,\"height\":295,\"caption\":\"Esplac\"},\"image\":{\"@id\":\"https:\\\/\\\/www.esplac.cat\\\/#\\\/schema\\\/logo\\\/image\\\/\"}},{\"@type\":\"Person\",\"@id\":\"https:\\\/\\\/www.esplac.cat\\\/#\\\/schema\\\/person\\\/908383cf240be18b68f8855d0583faca\",\"name\":\"Comunicaci\u00f3 Esplac\",\"image\":{\"@type\":\"ImageObject\",\"inLanguage\":\"es\",\"@id\":\"https:\\\/\\\/secure.gravatar.com\\\/avatar\\\/7a4cf8feb412a76ea4a740ca02d95b06b2907b5a6c648c2dd0a1082a093c3141?s=96&d=mm&r=g\",\"url\":\"https:\\\/\\\/secure.gravatar.com\\\/avatar\\\/7a4cf8feb412a76ea4a740ca02d95b06b2907b5a6c648c2dd0a1082a093c3141?s=96&d=mm&r=g\",\"contentUrl\":\"https:\\\/\\\/secure.gravatar.com\\\/avatar\\\/7a4cf8feb412a76ea4a740ca02d95b06b2907b5a6c648c2dd0a1082a093c3141?s=96&d=mm&r=g\",\"caption\":\"Comunicaci\u00f3 Esplac\"}}]}<\/script>\n<!-- \/ Yoast SEO plugin. -->","yoast_head_json":{"title":"16 joves han pogut gaudir de l'intercanvi internacional 'Youth Exchange' a Saifores","description":"16 participants de Portugal (Rota Jovem), d'It\u00e0lia (Arciragazzi), d'\u00c0ustria (Rote Falken), d'Esplac i de l'Escola Lliure El Sol a la Youth Exchange 2022.","robots":{"index":"index","follow":"follow","max-snippet":"max-snippet:-1","max-image-preview":"max-image-preview:large","max-video-preview":"max-video-preview:-1"},"canonical":"https:\/\/www.esplac.cat\/16-joves-intercanvi-internacional-youth-exchange-saifores\/","og_locale":"es_ES","og_type":"article","og_title":"16 joves han pogut gaudir de l'intercanvi internacional 'Youth Exchange' a Saifores","og_description":"16 participants de Portugal (Rota Jovem), d'It\u00e0lia (Arciragazzi), d'\u00c0ustria (Rote Falken), d'Esplac i de l'Escola Lliure El Sol a la Youth Exchange 2022.","og_url":"https:\/\/www.esplac.cat\/16-joves-intercanvi-internacional-youth-exchange-saifores\/","og_site_name":"Esplac","article_published_time":"2022-08-30T11:11:02+00:00","article_modified_time":"2022-09-05T11:49:46+00:00","og_image":[{"width":1694,"height":700,"url":"https:\/\/www.esplac.cat\/wp-content\/uploads\/2022\/08\/portada-exchange.jpeg","type":"image\/jpeg"}],"author":"Comunicaci\u00f3 Esplac","twitter_card":"summary_large_image","twitter_misc":{"Escrito por":"Comunicaci\u00f3 Esplac","Tiempo de lectura":"2 minutos"},"schema":{"@context":"https:\/\/schema.org","@graph":[{"@type":"Article","@id":"https:\/\/www.esplac.cat\/16-joves-intercanvi-internacional-youth-exchange-saifores\/#article","isPartOf":{"@id":"https:\/\/www.esplac.cat\/16-joves-intercanvi-internacional-youth-exchange-saifores\/"},"author":{"name":"Comunicaci\u00f3 Esplac","@id":"https:\/\/www.esplac.cat\/#\/schema\/person\/908383cf240be18b68f8855d0583faca"},"headline":"16 joves han pogut gaudir de l&#8217;intercanvi internacional &#8216;Youth Exchange&#8217; a Saifores","datePublished":"2022-08-30T11:11:02+00:00","dateModified":"2022-09-05T11:49:46+00:00","mainEntityOfPage":{"@id":"https:\/\/www.esplac.cat\/16-joves-intercanvi-internacional-youth-exchange-saifores\/"},"wordCount":412,"publisher":{"@id":"https:\/\/www.esplac.cat\/#organization"},"image":{"@id":"https:\/\/www.esplac.cat\/16-joves-intercanvi-internacional-youth-exchange-saifores\/#primaryimage"},"thumbnailUrl":"https:\/\/www.esplac.cat\/wp-content\/uploads\/2022\/08\/portada-exchange.jpeg","articleSection":["Esplac al m\u00f3n"],"inLanguage":"es"},{"@type":"WebPage","@id":"https:\/\/www.esplac.cat\/16-joves-intercanvi-internacional-youth-exchange-saifores\/","url":"https:\/\/www.esplac.cat\/16-joves-intercanvi-internacional-youth-exchange-saifores\/","name":"16 joves han pogut gaudir de l'intercanvi internacional 'Youth Exchange' a Saifores","isPartOf":{"@id":"https:\/\/www.esplac.cat\/#website"},"primaryImageOfPage":{"@id":"https:\/\/www.esplac.cat\/16-joves-intercanvi-internacional-youth-exchange-saifores\/#primaryimage"},"image":{"@id":"https:\/\/www.esplac.cat\/16-joves-intercanvi-internacional-youth-exchange-saifores\/#primaryimage"},"thumbnailUrl":"https:\/\/www.esplac.cat\/wp-content\/uploads\/2022\/08\/portada-exchange.jpeg","datePublished":"2022-08-30T11:11:02+00:00","dateModified":"2022-09-05T11:49:46+00:00","description":"16 participants de Portugal (Rota Jovem), d'It\u00e0lia (Arciragazzi), d'\u00c0ustria (Rote Falken), d'Esplac i de l'Escola Lliure El Sol a la Youth Exchange 2022.","breadcrumb":{"@id":"https:\/\/www.esplac.cat\/16-joves-intercanvi-internacional-youth-exchange-saifores\/#breadcrumb"},"inLanguage":"es","potentialAction":[{"@type":"ReadAction","target":["https:\/\/www.esplac.cat\/16-joves-intercanvi-internacional-youth-exchange-saifores\/"]}]},{"@type":"ImageObject","inLanguage":"es","@id":"https:\/\/www.esplac.cat\/16-joves-intercanvi-internacional-youth-exchange-saifores\/#primaryimage","url":"https:\/\/www.esplac.cat\/wp-content\/uploads\/2022\/08\/portada-exchange.jpeg","contentUrl":"https:\/\/www.esplac.cat\/wp-content\/uploads\/2022\/08\/portada-exchange.jpeg","width":1694,"height":700,"caption":"Youth exchange"},{"@type":"BreadcrumbList","@id":"https:\/\/www.esplac.cat\/16-joves-intercanvi-internacional-youth-exchange-saifores\/#breadcrumb","itemListElement":[{"@type":"ListItem","position":1,"name":"Inici","item":"https:\/\/www.esplac.cat\/es\/"},{"@type":"ListItem","position":2,"name":"16 joves han pogut gaudir de l&#8217;intercanvi internacional &#8216;Youth Exchange&#8217; a Saifores"}]},{"@type":"WebSite","@id":"https:\/\/www.esplac.cat\/#website","url":"https:\/\/www.esplac.cat\/","name":"Esplac","description":"Esplais Catalans","publisher":{"@id":"https:\/\/www.esplac.cat\/#organization"},"potentialAction":[{"@type":"SearchAction","target":{"@type":"EntryPoint","urlTemplate":"https:\/\/www.esplac.cat\/?s={search_term_string}"},"query-input":{"@type":"PropertyValueSpecification","valueRequired":true,"valueName":"search_term_string"}}],"inLanguage":"es"},{"@type":"Organization","@id":"https:\/\/www.esplac.cat\/#organization","name":"Esplac","url":"https:\/\/www.esplac.cat\/","logo":{"@type":"ImageObject","inLanguage":"es","@id":"https:\/\/www.esplac.cat\/#\/schema\/logo\/image\/","url":"https:\/\/www.esplac.cat\/wp-content\/uploads\/2019\/08\/logox2.png","contentUrl":"https:\/\/www.esplac.cat\/wp-content\/uploads\/2019\/08\/logox2.png","width":600,"height":295,"caption":"Esplac"},"image":{"@id":"https:\/\/www.esplac.cat\/#\/schema\/logo\/image\/"}},{"@type":"Person","@id":"https:\/\/www.esplac.cat\/#\/schema\/person\/908383cf240be18b68f8855d0583faca","name":"Comunicaci\u00f3 Esplac","image":{"@type":"ImageObject","inLanguage":"es","@id":"https:\/\/secure.gravatar.com\/avatar\/7a4cf8feb412a76ea4a740ca02d95b06b2907b5a6c648c2dd0a1082a093c3141?s=96&d=mm&r=g","url":"https:\/\/secure.gravatar.com\/avatar\/7a4cf8feb412a76ea4a740ca02d95b06b2907b5a6c648c2dd0a1082a093c3141?s=96&d=mm&r=g","contentUrl":"https:\/\/secure.gravatar.com\/avatar\/7a4cf8feb412a76ea4a740ca02d95b06b2907b5a6c648c2dd0a1082a093c3141?s=96&d=mm&r=g","caption":"Comunicaci\u00f3 Esplac"}}]}},"_links":{"self":[{"href":"https:\/\/www.esplac.cat\/es\/wp-json\/wp\/v2\/posts\/41114","targetHints":{"allow":["GET"]}}],"collection":[{"href":"https:\/\/www.esplac.cat\/es\/wp-json\/wp\/v2\/posts"}],"about":[{"href":"https:\/\/www.esplac.cat\/es\/wp-json\/wp\/v2\/types\/post"}],"author":[{"embeddable":true,"href":"https:\/\/www.esplac.cat\/es\/wp-json\/wp\/v2\/users\/3"}],"replies":[{"embeddable":true,"href":"https:\/\/www.esplac.cat\/es\/wp-json\/wp\/v2\/comments?post=41114"}],"version-history":[{"count":0,"href":"https:\/\/www.esplac.cat\/es\/wp-json\/wp\/v2\/posts\/41114\/revisions"}],"wp:featuredmedia":[{"embeddable":true,"href":"https:\/\/www.esplac.cat\/es\/wp-json\/wp\/v2\/media\/41116"}],"wp:attachment":[{"href":"https:\/\/www.esplac.cat\/es\/wp-json\/wp\/v2\/media?parent=41114"}],"wp:term":[{"taxonomy":"category","embeddable":true,"href":"https:\/\/www.esplac.cat\/es\/wp-json\/wp\/v2\/categories?post=41114"},{"taxonomy":"post_tag","embeddable":true,"href":"https:\/\/www.esplac.cat\/es\/wp-json\/wp\/v2\/tags?post=41114"}],"curies":[{"name":"wp","href":"https:\/\/api.w.org\/{rel}","templated":true}]}}