{"id":4139,"date":"2017-11-29T11:00:40","date_gmt":"2017-11-29T09:00:40","guid":{"rendered":"https:\/\/www.somesplai.cat\/?p=4139"},"modified":"2019-11-28T14:24:18","modified_gmt":"2019-11-28T13:24:18","slug":"round-cuico-bcn","status":"publish","type":"post","link":"https:\/\/www.esplac.cat\/es\/round-cuico-bcn\/","title":{"rendered":"Primer round de un cuico em BCN!"},"content":{"rendered":"<h5>29-novembre-2017<\/h5>\n<p>Autor: <strong>David Miranda Mota<\/strong>, SVE portugu\u00e8s a Barcelona i monitor de l\u2019<a href=\"https:\/\/esplaitorxa.wordpress.com\/\" target=\"_blank\" rel=\"noopener noreferrer\">Esplai Torxa<\/a>.<\/p>\n<hr \/>\n<p><strong>Reci\u00e9n llegado de tierras lusas<\/strong><br \/>\nCansado de una lucha de cinco a\u00f1os con algunos resultados poco permanentes, decid\u00ed conocer diferentes realidades de la educaci\u00f3n no formal infantil y juvenil, y por eso estoy en Esplac haciendo el Servicio de Voluntariado Europeo durante un a\u00f1o.<\/p>\n<p><strong>\u00bfQuien y de d\u00f3nde soy?<\/strong><br \/>\nMe llamo David Mota aka Curti\u00e7o, tengo 26 a\u00f1os y soy un artista visual con ra\u00edces en <a href=\"https:\/\/www.google.es\/maps\/place\/Monte+Gordo,+Portugal\/@37.1854629,-7.4650854,15z\/data=!3m1!4b1!4m5!3m4!1s0xd10188e20f7673b:0x5dba6d445ea96dfa!8m2!3d37.1813658!4d-7.449082?hl=ca\" target=\"_blank\" rel=\"noopener noreferrer\">Monte Gordo<\/a> (Vila Real de Santo Ant\u00f3nio, Algarve), un peque\u00f1o para\u00edso natural al sur de Portugal. Sus habitantes, los cuicos, descienden de una mezcla entre andaluces, catalanes e ind\u00edgenas Tupi Guarani (Venezuela), con un origen sin una data muy bien definida. Ciudad impulsora del turismo en el Algarve (en los a\u00f1os 70), hoy lucha para adaptarse a todo el progreso tur\u00edstico que hubo al lado opuesto del la regi\u00f3n, y a una deuda financiera de las diez mayores del pa\u00eds. Sobrevive de la pesca y del turismo de verano, con poco m\u00e1s 3.300 habitantes, rodeado de reserva natural y con las playas m\u00e1s largas y la temperatura del mar m\u00e1s alta del pa\u00eds. \ud83d\ude42<br \/>\nJusto cerca de la frontera con Ayamonte (Espa\u00f1a), donde la relaci\u00f3n con \u201cnuestros hermanos\u201d no va mucho m\u00e1s all\u00e1 de la compraventa de atollados (ropa de cama y toallas), del botell\u00f3n, del tr\u00e1fico de drogas y de uno que otro evento espor\u00e1dico para justificar la creaci\u00f3n de departamentos pol\u00edticos con funci\u00f3n de conectar las ciudades.<br \/>\nEs un para\u00edso que en general sufre de un desinter\u00e9s muy grande, excepto en verano, cuando nos invaden a gran escala. Pero pasada esa \u00e9poca, volvemos a la monoton\u00eda de una ciudad con una cantidad muy reducida de actividades, conciertos, exposiciones, formaciones, emprendimiento&#8230;, adem\u00e1s de un sentimiento de comunidad que cada vez se diluye m\u00e1s.<br \/>\nLa falta de trabajo, agregada al poco apoyo del dinamismo juvenil, empuja a los j\u00f3venes a <strong>una vida \u201csin color\u201d, de rutina poco progresiva<\/strong>, con alg\u00fan que otro consumo de drogas y sin grandes objetivos, o a marcharse para Lisboa o a otro pa\u00eds buscando un empleo y una vida m\u00e1s \u201crica\u201d y diversa culturalmente. Todo esto obviamente generalizando, porque al mismo tiempo conozco j\u00f3venes muy proactivos y con talentos inigualables, que luchan bastante para un cambio para mejor, aunque la corrupci\u00f3n pol\u00edtica y la influencia de \u00e9lites ralentizan el progreso de la dinamizaci\u00f3n juvenil y de la cultura urbana.<br \/>\nJuntamente con mi Crew Soulution y la asociaci\u00f3n Backup, trabajamos para un despertar cultural infantil y juvenil en nuestro municipio, siendo un gran desafi\u00f3 dado que la poblaci\u00f3n es muy poco participativa y los j\u00f3venes y los ni\u00f1os tampoco est\u00e1n educados ni motivados (mayoritariamente) para una participaci\u00f3n activa en la comunidad, en la cultura local o en voluntariado. Adem\u00e1s, cuando se trata de cultura urbana, se pone otro desafio, pues debe existir alg\u00fan miedo por parte del poder conformista a crear j\u00f3venes cultos, activos, con valores y con alguna rebeld\u00eda propia de la cultura urbana\u2026<br \/>\nPor todas esas razones, sent\u00ed la necesidad de aprender nuevas estrategias de educaci\u00f3n, para en el futuro poder implementarlas, adem\u00e1s de absorber la cultura urbana que proporciona Barcelona y ponerme a prueba saliendo de mi zona de confort.<br \/>\nPor ir\u00f3nico que parezca, yo tambi\u00e9n vot\u00e9 el 1 de octubre, pero en este caso para decidir la presidencia del municipio y de mi ciudad. Y bueno, ahora a esperar la promesa de una \u201ccasa de artes y juventud\u201d que hizo la candidata que gan\u00f3&#8230;!<\/p>\n<p><strong>Llegada a BCN<\/strong><br \/>\nLlegu\u00e9 a Barcelona el d\u00eda 2 de octubre, con un recibimiento muy caluroso por parte de los monis del <a href=\"https:\/\/esplaitorxa.wordpress.com\/\" target=\"_blank\" rel=\"noopener noreferrer\">Esplai Torxa<\/a>.<br \/>\nAl d\u00eda siguiente tuve la oportunidad de vivir en primera persona parte de las manifestaciones de la <strong>expresi\u00f3n de una identidad catalana muy intensa<\/strong> y muy segura de si misma. Se ped\u00eda democracia y dialogo, dado todo lo ocurrido en el 1 octubre. Digamos que llegu\u00e9 en una fase intensa y que tuve una recepci\u00f3n con dosis extra de catalanidad. La verdad, fue muy bueno pasar esta fase aqu\u00ed.<br \/>\nHace poco estuve en una reuni\u00f3n del Sector Barcelona (dos horas en catal\u00e1n, hahaha!) A pesar de un entendimiento intermitente por la lengua, not\u00e9 una organizaci\u00f3n y una responsabilidad mezclada con informalidad (rulando cerveza y pipocas), y los puntos que hay que debatir se van resolviendo a trav\u00e9s de dialogo. Todo eso parte de los j\u00f3venes, sin ning\u00fan tipo de obligaci\u00f3n ni control represivo ni evasivo de ninguna entidad reguladora o pol\u00edtica. Estas reuniones de sector ponen en conexi\u00f3n toda una red de esplais que te hace estar m\u00e1s conectado con todos los barrios de la ciudad, sus j\u00f3venes y sus realidades, lo cual es muy importante y siempre aporta algo al progreso de todos. Infelizmente es algo que no ocurre de forma fluida en mi regi\u00f3n, al rev\u00e9s, all\u00ed hay una competici\u00f3n para nada saludadle\u2026<\/p>\n<p><strong>Esplai Torxa<\/strong><br \/>\nMe recibieron muy bien, enseguida me sent\u00ed superc\u00f3modo y ya me han presentado a los ni\u00f1os, aunque tuve pocas experiencias para sacar grandes conclusiones. Me parece un buen grupo, creativo y activo, y estoy seguro de que se van a crear lazos muy fuertes y vamos a crear actividades que nos marcar\u00e1n a todos.<br \/>\nSe nota un conexi\u00f3n y una comprensi\u00f3n muy fuerte entre los monitores (fruto de varios a\u00f1os de vivencias como ni\u00f1os en el esplai). Son como una familia entre ellos, algo muy importante si el objetivo es transmitir valores como la uni\u00f3n, la empat\u00eda y la comunidad.<br \/>\nA\u00fan estoy en fase de adaptaci\u00f3n y reconocimiento, pero espero conseguir hacer alg\u00fan tipo de actividad m\u00e1s conectada con la cultura urbana, las artes visuales y el v\u00eddeo, aunque ya vi que existe mucha libertad en las propuestas de actividades.<br \/>\nEl sitio donde nos reunimos (<a href=\"https:\/\/www.google.es\/maps\/place\/Casal+d%E2%80%99Entitats+Mas+Guinard%C3%B3\/@41.4185311,2.1747276,15z\/data=!4m5!3m4!1s0x0:0xf99090966960c948!8m2!3d41.4185311!4d2.1747276\" target=\"_blank\" rel=\"noopener noreferrer\">Casal d\u2019Entitats<\/a>) tiene muy buenas condiciones para sesiones te\u00f3ricas y pr\u00e1cticas; cuenta con material variado para usar en las actividades y una vista tremenda de la ciudad desde el barrio del Guinard\u00f3. A\u00fan no conozco muy bien la zona, pero parece ser muy tranquila, un buen sitio para crecer, pues ya no se siente toda la confusi\u00f3n del centro. Tengo pendiente una visita a los b\u00fanquers del Carmel, puesto que me han hablado mucho de este sitio.<\/p>\n<p><strong>Viviendo en el centro<\/strong><br \/>\nAl final encontr\u00e9 una habitaci\u00f3n al lado de las Ramblas, a cinco minutos de <a href=\"https:\/\/www.esplac.cat\/\" target=\"_blank\" rel=\"noopener noreferrer\">Esplac<\/a>. Creo que soy el que vive m\u00e1s cerca, ahahahah! En la sede de Esplac, hay un grupo de trabajo responsable y empe\u00f1ado con plena entre-ayuda y se nota un ambiente de muy buena <em>vibe<\/em>.<br \/>\nFui muy bien recibido, todos muy simp\u00e1ticos y disponibles para ayudar. Es f\u00e1cil integrarse y eso que yo soy mucho de vivir en mi mundo. Me siento fenomenal all\u00ed.<br \/>\nPor lo que he entendido, ellos son los responsables de toda la parte del <em>backstage<\/em> de los esplais, de todo lo que es burocracia, candidaturas, comunicaci\u00f3n, permisos, conexiones internacionales, etc&#8230; Es una tarea fundamental para que todo el movimiento de Esplac funcione. Trabajar all\u00ed me da una mejor visi\u00f3n de toda la estructura, y a\u00fan tengo mucho que aprender mucho de ambas partes, y desenrascar-me (portugu\u00e9s) para ir siempre cumpiendo todas las tareas.<br \/>\nGracias al Esplai Torxa, a la asociaci\u00f3n <a href=\"http:\/\/home.rotajovem.com\/\" target=\"_blank\" rel=\"noopener noreferrer\">Rota Jovem<\/a> y a Esplac por esta oportunidad. \u00a1Dar\u00e9 lo mejor de m\u00ed! \ud83d\ude42<\/p>\n","protected":false},"excerpt":{"rendered":"<p>29-novembre-2017 Autor: David Miranda Mota, SVE portugu\u00e8s a Barcelona i [&hellip;]<\/p>\n","protected":false},"author":3,"featured_media":4189,"comment_status":"closed","ping_status":"closed","sticky":false,"template":"","format":"standard","meta":{"om_disable_all_campaigns":false,"_monsterinsights_skip_tracking":false,"_monsterinsights_sitenote_active":false,"_monsterinsights_sitenote_note":"","_monsterinsights_sitenote_category":0,"_uf_show_specific_survey":0,"_uf_disable_surveys":false,"footnotes":""},"categories":[1168],"tags":[1170,1171,418,187],"class_list":["post-4139","post","type-post","status-publish","format-standard","has-post-thumbnail","hentry","category-creuant_mirades","tag-esplai-torxa","tag-mota_curtico","tag-portugal","tag-sve"],"yoast_head":"<!-- This site is optimized with the Yoast SEO plugin v27.5 - https:\/\/yoast.com\/product\/yoast-seo-wordpress\/ -->\n<title>Primer round de un cuico em BCN! - Esplac<\/title>\n<meta name=\"robots\" content=\"index, follow, max-snippet:-1, max-image-preview:large, max-video-preview:-1\" \/>\n<link rel=\"canonical\" href=\"https:\/\/www.esplac.cat\/es\/round-cuico-bcn\/\" \/>\n<meta property=\"og:locale\" content=\"es_ES\" \/>\n<meta property=\"og:type\" content=\"article\" \/>\n<meta property=\"og:title\" content=\"Primer round de un cuico em BCN! - Esplac\" \/>\n<meta property=\"og:description\" content=\"29-novembre-2017 Autor: David Miranda Mota, SVE portugu\u00e8s a Barcelona i [&hellip;]\" \/>\n<meta property=\"og:url\" content=\"https:\/\/www.esplac.cat\/es\/round-cuico-bcn\/\" \/>\n<meta property=\"og:site_name\" content=\"Esplac\" \/>\n<meta property=\"article:published_time\" content=\"2017-11-29T09:00:40+00:00\" \/>\n<meta property=\"article:modified_time\" content=\"2019-11-28T13:24:18+00:00\" \/>\n<meta property=\"og:image\" content=\"https:\/\/www.esplac.cat\/wp-content\/uploads\/2019\/11\/logo-open.jpg\" \/>\n\t<meta property=\"og:image:width\" content=\"1200\" \/>\n\t<meta property=\"og:image:height\" content=\"630\" \/>\n\t<meta property=\"og:image:type\" content=\"image\/jpeg\" \/>\n<meta name=\"author\" content=\"Comunicaci\u00f3 Esplac\" \/>\n<meta name=\"twitter:card\" content=\"summary_large_image\" \/>\n<meta name=\"twitter:label1\" content=\"Escrito por\" \/>\n\t<meta name=\"twitter:data1\" content=\"Comunicaci\u00f3 Esplac\" \/>\n\t<meta name=\"twitter:label2\" content=\"Tiempo de lectura\" \/>\n\t<meta name=\"twitter:data2\" content=\"7 minutos\" \/>\n<script type=\"application\/ld+json\" class=\"yoast-schema-graph\">{\"@context\":\"https:\\\/\\\/schema.org\",\"@graph\":[{\"@type\":\"Article\",\"@id\":\"https:\\\/\\\/www.esplac.cat\\\/es\\\/round-cuico-bcn\\\/#article\",\"isPartOf\":{\"@id\":\"https:\\\/\\\/www.esplac.cat\\\/es\\\/round-cuico-bcn\\\/\"},\"author\":{\"name\":\"Comunicaci\u00f3 Esplac\",\"@id\":\"https:\\\/\\\/www.esplac.cat\\\/#\\\/schema\\\/person\\\/908383cf240be18b68f8855d0583faca\"},\"headline\":\"Primer round de un cuico em BCN!\",\"datePublished\":\"2017-11-29T09:00:40+00:00\",\"dateModified\":\"2019-11-28T13:24:18+00:00\",\"mainEntityOfPage\":{\"@id\":\"https:\\\/\\\/www.esplac.cat\\\/es\\\/round-cuico-bcn\\\/\"},\"wordCount\":1317,\"publisher\":{\"@id\":\"https:\\\/\\\/www.esplac.cat\\\/#organization\"},\"image\":{\"@id\":\"https:\\\/\\\/www.esplac.cat\\\/es\\\/round-cuico-bcn\\\/#primaryimage\"},\"thumbnailUrl\":\"\",\"keywords\":[\"esplai torxa\",\"Mota_curti\u00e7o\",\"Portugal\",\"sve\"],\"articleSection\":[\"Creuant mirades\"],\"inLanguage\":\"es\"},{\"@type\":\"WebPage\",\"@id\":\"https:\\\/\\\/www.esplac.cat\\\/es\\\/round-cuico-bcn\\\/\",\"url\":\"https:\\\/\\\/www.esplac.cat\\\/es\\\/round-cuico-bcn\\\/\",\"name\":\"Primer round de un cuico em BCN! - Esplac\",\"isPartOf\":{\"@id\":\"https:\\\/\\\/www.esplac.cat\\\/#website\"},\"primaryImageOfPage\":{\"@id\":\"https:\\\/\\\/www.esplac.cat\\\/es\\\/round-cuico-bcn\\\/#primaryimage\"},\"image\":{\"@id\":\"https:\\\/\\\/www.esplac.cat\\\/es\\\/round-cuico-bcn\\\/#primaryimage\"},\"thumbnailUrl\":\"\",\"datePublished\":\"2017-11-29T09:00:40+00:00\",\"dateModified\":\"2019-11-28T13:24:18+00:00\",\"breadcrumb\":{\"@id\":\"https:\\\/\\\/www.esplac.cat\\\/es\\\/round-cuico-bcn\\\/#breadcrumb\"},\"inLanguage\":\"es\",\"potentialAction\":[{\"@type\":\"ReadAction\",\"target\":[\"https:\\\/\\\/www.esplac.cat\\\/es\\\/round-cuico-bcn\\\/\"]}]},{\"@type\":\"ImageObject\",\"inLanguage\":\"es\",\"@id\":\"https:\\\/\\\/www.esplac.cat\\\/es\\\/round-cuico-bcn\\\/#primaryimage\",\"url\":\"\",\"contentUrl\":\"\"},{\"@type\":\"BreadcrumbList\",\"@id\":\"https:\\\/\\\/www.esplac.cat\\\/es\\\/round-cuico-bcn\\\/#breadcrumb\",\"itemListElement\":[{\"@type\":\"ListItem\",\"position\":1,\"name\":\"Inici\",\"item\":\"https:\\\/\\\/www.esplac.cat\\\/es\\\/\"},{\"@type\":\"ListItem\",\"position\":2,\"name\":\"Primer round de un cuico em BCN!\"}]},{\"@type\":\"WebSite\",\"@id\":\"https:\\\/\\\/www.esplac.cat\\\/#website\",\"url\":\"https:\\\/\\\/www.esplac.cat\\\/\",\"name\":\"Esplac\",\"description\":\"Esplais Catalans\",\"publisher\":{\"@id\":\"https:\\\/\\\/www.esplac.cat\\\/#organization\"},\"potentialAction\":[{\"@type\":\"SearchAction\",\"target\":{\"@type\":\"EntryPoint\",\"urlTemplate\":\"https:\\\/\\\/www.esplac.cat\\\/?s={search_term_string}\"},\"query-input\":{\"@type\":\"PropertyValueSpecification\",\"valueRequired\":true,\"valueName\":\"search_term_string\"}}],\"inLanguage\":\"es\"},{\"@type\":\"Organization\",\"@id\":\"https:\\\/\\\/www.esplac.cat\\\/#organization\",\"name\":\"Esplac\",\"url\":\"https:\\\/\\\/www.esplac.cat\\\/\",\"logo\":{\"@type\":\"ImageObject\",\"inLanguage\":\"es\",\"@id\":\"https:\\\/\\\/www.esplac.cat\\\/#\\\/schema\\\/logo\\\/image\\\/\",\"url\":\"https:\\\/\\\/www.esplac.cat\\\/wp-content\\\/uploads\\\/2019\\\/08\\\/logox2.png\",\"contentUrl\":\"https:\\\/\\\/www.esplac.cat\\\/wp-content\\\/uploads\\\/2019\\\/08\\\/logox2.png\",\"width\":600,\"height\":295,\"caption\":\"Esplac\"},\"image\":{\"@id\":\"https:\\\/\\\/www.esplac.cat\\\/#\\\/schema\\\/logo\\\/image\\\/\"}},{\"@type\":\"Person\",\"@id\":\"https:\\\/\\\/www.esplac.cat\\\/#\\\/schema\\\/person\\\/908383cf240be18b68f8855d0583faca\",\"name\":\"Comunicaci\u00f3 Esplac\",\"image\":{\"@type\":\"ImageObject\",\"inLanguage\":\"es\",\"@id\":\"https:\\\/\\\/secure.gravatar.com\\\/avatar\\\/7a4cf8feb412a76ea4a740ca02d95b06b2907b5a6c648c2dd0a1082a093c3141?s=96&d=mm&r=g\",\"url\":\"https:\\\/\\\/secure.gravatar.com\\\/avatar\\\/7a4cf8feb412a76ea4a740ca02d95b06b2907b5a6c648c2dd0a1082a093c3141?s=96&d=mm&r=g\",\"contentUrl\":\"https:\\\/\\\/secure.gravatar.com\\\/avatar\\\/7a4cf8feb412a76ea4a740ca02d95b06b2907b5a6c648c2dd0a1082a093c3141?s=96&d=mm&r=g\",\"caption\":\"Comunicaci\u00f3 Esplac\"}}]}<\/script>\n<!-- \/ Yoast SEO plugin. -->","yoast_head_json":{"title":"Primer round de un cuico em BCN! - Esplac","robots":{"index":"index","follow":"follow","max-snippet":"max-snippet:-1","max-image-preview":"max-image-preview:large","max-video-preview":"max-video-preview:-1"},"canonical":"https:\/\/www.esplac.cat\/es\/round-cuico-bcn\/","og_locale":"es_ES","og_type":"article","og_title":"Primer round de un cuico em BCN! - Esplac","og_description":"29-novembre-2017 Autor: David Miranda Mota, SVE portugu\u00e8s a Barcelona i [&hellip;]","og_url":"https:\/\/www.esplac.cat\/es\/round-cuico-bcn\/","og_site_name":"Esplac","article_published_time":"2017-11-29T09:00:40+00:00","article_modified_time":"2019-11-28T13:24:18+00:00","og_image":[{"width":1200,"height":630,"url":"https:\/\/www.esplac.cat\/wp-content\/uploads\/2019\/11\/logo-open.jpg","type":"image\/jpeg"}],"author":"Comunicaci\u00f3 Esplac","twitter_card":"summary_large_image","twitter_misc":{"Escrito por":"Comunicaci\u00f3 Esplac","Tiempo de lectura":"7 minutos"},"schema":{"@context":"https:\/\/schema.org","@graph":[{"@type":"Article","@id":"https:\/\/www.esplac.cat\/es\/round-cuico-bcn\/#article","isPartOf":{"@id":"https:\/\/www.esplac.cat\/es\/round-cuico-bcn\/"},"author":{"name":"Comunicaci\u00f3 Esplac","@id":"https:\/\/www.esplac.cat\/#\/schema\/person\/908383cf240be18b68f8855d0583faca"},"headline":"Primer round de un cuico em BCN!","datePublished":"2017-11-29T09:00:40+00:00","dateModified":"2019-11-28T13:24:18+00:00","mainEntityOfPage":{"@id":"https:\/\/www.esplac.cat\/es\/round-cuico-bcn\/"},"wordCount":1317,"publisher":{"@id":"https:\/\/www.esplac.cat\/#organization"},"image":{"@id":"https:\/\/www.esplac.cat\/es\/round-cuico-bcn\/#primaryimage"},"thumbnailUrl":"","keywords":["esplai torxa","Mota_curti\u00e7o","Portugal","sve"],"articleSection":["Creuant mirades"],"inLanguage":"es"},{"@type":"WebPage","@id":"https:\/\/www.esplac.cat\/es\/round-cuico-bcn\/","url":"https:\/\/www.esplac.cat\/es\/round-cuico-bcn\/","name":"Primer round de un cuico em BCN! - Esplac","isPartOf":{"@id":"https:\/\/www.esplac.cat\/#website"},"primaryImageOfPage":{"@id":"https:\/\/www.esplac.cat\/es\/round-cuico-bcn\/#primaryimage"},"image":{"@id":"https:\/\/www.esplac.cat\/es\/round-cuico-bcn\/#primaryimage"},"thumbnailUrl":"","datePublished":"2017-11-29T09:00:40+00:00","dateModified":"2019-11-28T13:24:18+00:00","breadcrumb":{"@id":"https:\/\/www.esplac.cat\/es\/round-cuico-bcn\/#breadcrumb"},"inLanguage":"es","potentialAction":[{"@type":"ReadAction","target":["https:\/\/www.esplac.cat\/es\/round-cuico-bcn\/"]}]},{"@type":"ImageObject","inLanguage":"es","@id":"https:\/\/www.esplac.cat\/es\/round-cuico-bcn\/#primaryimage","url":"","contentUrl":""},{"@type":"BreadcrumbList","@id":"https:\/\/www.esplac.cat\/es\/round-cuico-bcn\/#breadcrumb","itemListElement":[{"@type":"ListItem","position":1,"name":"Inici","item":"https:\/\/www.esplac.cat\/es\/"},{"@type":"ListItem","position":2,"name":"Primer round de un cuico em BCN!"}]},{"@type":"WebSite","@id":"https:\/\/www.esplac.cat\/#website","url":"https:\/\/www.esplac.cat\/","name":"Esplac","description":"Esplais Catalans","publisher":{"@id":"https:\/\/www.esplac.cat\/#organization"},"potentialAction":[{"@type":"SearchAction","target":{"@type":"EntryPoint","urlTemplate":"https:\/\/www.esplac.cat\/?s={search_term_string}"},"query-input":{"@type":"PropertyValueSpecification","valueRequired":true,"valueName":"search_term_string"}}],"inLanguage":"es"},{"@type":"Organization","@id":"https:\/\/www.esplac.cat\/#organization","name":"Esplac","url":"https:\/\/www.esplac.cat\/","logo":{"@type":"ImageObject","inLanguage":"es","@id":"https:\/\/www.esplac.cat\/#\/schema\/logo\/image\/","url":"https:\/\/www.esplac.cat\/wp-content\/uploads\/2019\/08\/logox2.png","contentUrl":"https:\/\/www.esplac.cat\/wp-content\/uploads\/2019\/08\/logox2.png","width":600,"height":295,"caption":"Esplac"},"image":{"@id":"https:\/\/www.esplac.cat\/#\/schema\/logo\/image\/"}},{"@type":"Person","@id":"https:\/\/www.esplac.cat\/#\/schema\/person\/908383cf240be18b68f8855d0583faca","name":"Comunicaci\u00f3 Esplac","image":{"@type":"ImageObject","inLanguage":"es","@id":"https:\/\/secure.gravatar.com\/avatar\/7a4cf8feb412a76ea4a740ca02d95b06b2907b5a6c648c2dd0a1082a093c3141?s=96&d=mm&r=g","url":"https:\/\/secure.gravatar.com\/avatar\/7a4cf8feb412a76ea4a740ca02d95b06b2907b5a6c648c2dd0a1082a093c3141?s=96&d=mm&r=g","contentUrl":"https:\/\/secure.gravatar.com\/avatar\/7a4cf8feb412a76ea4a740ca02d95b06b2907b5a6c648c2dd0a1082a093c3141?s=96&d=mm&r=g","caption":"Comunicaci\u00f3 Esplac"}}]}},"_links":{"self":[{"href":"https:\/\/www.esplac.cat\/es\/wp-json\/wp\/v2\/posts\/4139","targetHints":{"allow":["GET"]}}],"collection":[{"href":"https:\/\/www.esplac.cat\/es\/wp-json\/wp\/v2\/posts"}],"about":[{"href":"https:\/\/www.esplac.cat\/es\/wp-json\/wp\/v2\/types\/post"}],"author":[{"embeddable":true,"href":"https:\/\/www.esplac.cat\/es\/wp-json\/wp\/v2\/users\/3"}],"replies":[{"embeddable":true,"href":"https:\/\/www.esplac.cat\/es\/wp-json\/wp\/v2\/comments?post=4139"}],"version-history":[{"count":0,"href":"https:\/\/www.esplac.cat\/es\/wp-json\/wp\/v2\/posts\/4139\/revisions"}],"wp:featuredmedia":[{"embeddable":true,"href":"https:\/\/www.esplac.cat\/es\/wp-json\/"}],"wp:attachment":[{"href":"https:\/\/www.esplac.cat\/es\/wp-json\/wp\/v2\/media?parent=4139"}],"wp:term":[{"taxonomy":"category","embeddable":true,"href":"https:\/\/www.esplac.cat\/es\/wp-json\/wp\/v2\/categories?post=4139"},{"taxonomy":"post_tag","embeddable":true,"href":"https:\/\/www.esplac.cat\/es\/wp-json\/wp\/v2\/tags?post=4139"}],"curies":[{"name":"wp","href":"https:\/\/api.w.org\/{rel}","templated":true}]}}