{"id":41473,"date":"2022-09-21T12:21:33","date_gmt":"2022-09-21T10:21:33","guid":{"rendered":"https:\/\/www.esplac.cat\/?p=41473"},"modified":"2022-09-21T13:43:50","modified_gmt":"2022-09-21T11:43:50","slug":"esplai-ja-heu-demanat-capsula-formativa","status":"publish","type":"post","link":"https:\/\/www.esplac.cat\/es\/esplai-ja-heu-demanat-capsula-formativa\/","title":{"rendered":"Esplais, ja heu demanat la vostra c\u00e0psula formativa?"},"content":{"rendered":"<h6><strong>Els esplais d\u2019Esplac podeu demanar una c\u00e0psula formativa de l\u2019Escola Lliure el Sol cada any de manera gratu\u00efta (subvencionada per Esplac) i poder formar-vos sobre una gran varietat de temes.<\/strong><\/h6>\n<p>Arrriba el nou cat\u00e0leg Marta Mata de l&#8217;Escola Lliure El Sol, el <strong>llistat amb totes les c\u00e0psules formatives pels esplais<\/strong>. Aquestes formacions, amb una duraci\u00f3 de 2 a 8 hores, estan pensades per millorar i enfortir els coneixements dels esplais i els seus equips sobre diferents temes educatius i de gesti\u00f3 i organitzaci\u00f3. <strong>Es poden demanar per esplai<\/strong> (proposta individualitzada) <strong>o per sectors<\/strong>. Una proposta metodol\u00f2gica basada en la participaci\u00f3 activa de les participants del grup, dirigida a la reflexi\u00f3 i interioritzaci\u00f3 dels temes que es tracten, i combinant teoria i pr\u00e0ctica, sempre guiats per l\u2019experi\u00e8ncia de la persona formadora.<\/p>\n<p>Des d&#8217;Esplac es subvenciona una c\u00e0psula per esplai a l&#8217;any, <strong>totalment gratu\u00efta<\/strong>. Encara no heu decidit quina voleu? En el seg\u00fcent enlla\u00e7 trobareu una p\u00e0gina amb tota la oferta formativa:<br \/>\n<div class=\"fusion-aligncenter\"><a class=\"fusion-button button-flat fusion-button-default-size button-default fusion-button-default button-1 fusion-button-default-span fusion-button-default-type\" target=\"_blank\" rel=\"noopener noreferrer\" href=\"https:\/\/www.esplac.cat\/cataleg-formatiu-marta-mata\/\"><span class=\"fusion-button-text\">CAT\u00c0LEG MARTA MATA<\/span><\/a><\/div><\/p>\n<p>Si teniu qualsevol dubte, podeu contactar amb la vostra Coordinadora de Projectes del Sector (CPS).<\/p>\n<p>&nbsp;<\/p>\n","protected":false},"excerpt":{"rendered":"<p>Els esplais d\u2019Esplac podeu demanar una c\u00e0psula formativa de l\u2019Escola [&hellip;]<\/p>\n","protected":false},"author":3,"featured_media":41494,"comment_status":"closed","ping_status":"closed","sticky":false,"template":"","format":"standard","meta":{"om_disable_all_campaigns":false,"_monsterinsights_skip_tracking":false,"_monsterinsights_sitenote_active":false,"_monsterinsights_sitenote_note":"","_monsterinsights_sitenote_category":0,"_uf_show_specific_survey":0,"_uf_disable_surveys":false,"footnotes":""},"categories":[1131],"tags":[],"class_list":["post-41473","post","type-post","status-publish","format-standard","has-post-thumbnail","hentry","category-cursos-formacions"],"yoast_head":"<!-- This site is optimized with the Yoast SEO plugin v27.5 - https:\/\/yoast.com\/product\/yoast-seo-wordpress\/ -->\n<title>Esplais, ja heu demanat la vostra c\u00e0psula formativa? - Esplac<\/title>\n<meta name=\"robots\" content=\"index, follow, max-snippet:-1, max-image-preview:large, max-video-preview:-1\" \/>\n<link rel=\"canonical\" href=\"https:\/\/www.esplac.cat\/esplai-ja-heu-demanat-capsula-formativa\/\" \/>\n<meta property=\"og:locale\" content=\"es_ES\" \/>\n<meta property=\"og:type\" content=\"article\" \/>\n<meta property=\"og:title\" content=\"Esplais, ja heu demanat la vostra c\u00e0psula formativa? - Esplac\" \/>\n<meta property=\"og:description\" content=\"Els esplais d\u2019Esplac podeu demanar una c\u00e0psula formativa de l\u2019Escola [&hellip;]\" \/>\n<meta property=\"og:url\" content=\"https:\/\/www.esplac.cat\/esplai-ja-heu-demanat-capsula-formativa\/\" \/>\n<meta property=\"og:site_name\" content=\"Esplac\" \/>\n<meta property=\"article:published_time\" content=\"2022-09-21T10:21:33+00:00\" \/>\n<meta property=\"article:modified_time\" content=\"2022-09-21T11:43:50+00:00\" \/>\n<meta property=\"og:image\" content=\"https:\/\/www.esplac.cat\/wp-content\/uploads\/2022\/09\/PORTADA_catalegmm.jpg\" \/>\n\t<meta property=\"og:image:width\" content=\"1694\" \/>\n\t<meta property=\"og:image:height\" content=\"700\" \/>\n\t<meta property=\"og:image:type\" content=\"image\/jpeg\" \/>\n<meta name=\"author\" content=\"Comunicaci\u00f3 Esplac\" \/>\n<meta name=\"twitter:card\" content=\"summary_large_image\" \/>\n<meta name=\"twitter:label1\" content=\"Escrito por\" \/>\n\t<meta name=\"twitter:data1\" content=\"Comunicaci\u00f3 Esplac\" \/>\n\t<meta name=\"twitter:label2\" content=\"Tiempo de lectura\" \/>\n\t<meta name=\"twitter:data2\" content=\"1 minuto\" \/>\n<script type=\"application\/ld+json\" class=\"yoast-schema-graph\">{\"@context\":\"https:\\\/\\\/schema.org\",\"@graph\":[{\"@type\":\"Article\",\"@id\":\"https:\\\/\\\/www.esplac.cat\\\/esplai-ja-heu-demanat-capsula-formativa\\\/#article\",\"isPartOf\":{\"@id\":\"https:\\\/\\\/www.esplac.cat\\\/esplai-ja-heu-demanat-capsula-formativa\\\/\"},\"author\":{\"name\":\"Comunicaci\u00f3 Esplac\",\"@id\":\"https:\\\/\\\/www.esplac.cat\\\/#\\\/schema\\\/person\\\/908383cf240be18b68f8855d0583faca\"},\"headline\":\"Esplais, ja heu demanat la vostra c\u00e0psula formativa?\",\"datePublished\":\"2022-09-21T10:21:33+00:00\",\"dateModified\":\"2022-09-21T11:43:50+00:00\",\"mainEntityOfPage\":{\"@id\":\"https:\\\/\\\/www.esplac.cat\\\/esplai-ja-heu-demanat-capsula-formativa\\\/\"},\"wordCount\":288,\"publisher\":{\"@id\":\"https:\\\/\\\/www.esplac.cat\\\/#organization\"},\"image\":{\"@id\":\"https:\\\/\\\/www.esplac.cat\\\/esplai-ja-heu-demanat-capsula-formativa\\\/#primaryimage\"},\"thumbnailUrl\":\"https:\\\/\\\/www.esplac.cat\\\/wp-content\\\/uploads\\\/2022\\\/09\\\/PORTADA_catalegmm.jpg\",\"articleSection\":[\"Cursos i formacions\"],\"inLanguage\":\"es\"},{\"@type\":\"WebPage\",\"@id\":\"https:\\\/\\\/www.esplac.cat\\\/esplai-ja-heu-demanat-capsula-formativa\\\/\",\"url\":\"https:\\\/\\\/www.esplac.cat\\\/esplai-ja-heu-demanat-capsula-formativa\\\/\",\"name\":\"Esplais, ja heu demanat la vostra c\u00e0psula formativa? - Esplac\",\"isPartOf\":{\"@id\":\"https:\\\/\\\/www.esplac.cat\\\/#website\"},\"primaryImageOfPage\":{\"@id\":\"https:\\\/\\\/www.esplac.cat\\\/esplai-ja-heu-demanat-capsula-formativa\\\/#primaryimage\"},\"image\":{\"@id\":\"https:\\\/\\\/www.esplac.cat\\\/esplai-ja-heu-demanat-capsula-formativa\\\/#primaryimage\"},\"thumbnailUrl\":\"https:\\\/\\\/www.esplac.cat\\\/wp-content\\\/uploads\\\/2022\\\/09\\\/PORTADA_catalegmm.jpg\",\"datePublished\":\"2022-09-21T10:21:33+00:00\",\"dateModified\":\"2022-09-21T11:43:50+00:00\",\"breadcrumb\":{\"@id\":\"https:\\\/\\\/www.esplac.cat\\\/esplai-ja-heu-demanat-capsula-formativa\\\/#breadcrumb\"},\"inLanguage\":\"es\",\"potentialAction\":[{\"@type\":\"ReadAction\",\"target\":[\"https:\\\/\\\/www.esplac.cat\\\/esplai-ja-heu-demanat-capsula-formativa\\\/\"]}]},{\"@type\":\"ImageObject\",\"inLanguage\":\"es\",\"@id\":\"https:\\\/\\\/www.esplac.cat\\\/esplai-ja-heu-demanat-capsula-formativa\\\/#primaryimage\",\"url\":\"https:\\\/\\\/www.esplac.cat\\\/wp-content\\\/uploads\\\/2022\\\/09\\\/PORTADA_catalegmm.jpg\",\"contentUrl\":\"https:\\\/\\\/www.esplac.cat\\\/wp-content\\\/uploads\\\/2022\\\/09\\\/PORTADA_catalegmm.jpg\",\"width\":1694,\"height\":700},{\"@type\":\"BreadcrumbList\",\"@id\":\"https:\\\/\\\/www.esplac.cat\\\/esplai-ja-heu-demanat-capsula-formativa\\\/#breadcrumb\",\"itemListElement\":[{\"@type\":\"ListItem\",\"position\":1,\"name\":\"Inici\",\"item\":\"https:\\\/\\\/www.esplac.cat\\\/es\\\/\"},{\"@type\":\"ListItem\",\"position\":2,\"name\":\"Esplais, ja heu demanat la vostra c\u00e0psula formativa?\"}]},{\"@type\":\"WebSite\",\"@id\":\"https:\\\/\\\/www.esplac.cat\\\/#website\",\"url\":\"https:\\\/\\\/www.esplac.cat\\\/\",\"name\":\"Esplac\",\"description\":\"Esplais Catalans\",\"publisher\":{\"@id\":\"https:\\\/\\\/www.esplac.cat\\\/#organization\"},\"potentialAction\":[{\"@type\":\"SearchAction\",\"target\":{\"@type\":\"EntryPoint\",\"urlTemplate\":\"https:\\\/\\\/www.esplac.cat\\\/?s={search_term_string}\"},\"query-input\":{\"@type\":\"PropertyValueSpecification\",\"valueRequired\":true,\"valueName\":\"search_term_string\"}}],\"inLanguage\":\"es\"},{\"@type\":\"Organization\",\"@id\":\"https:\\\/\\\/www.esplac.cat\\\/#organization\",\"name\":\"Esplac\",\"url\":\"https:\\\/\\\/www.esplac.cat\\\/\",\"logo\":{\"@type\":\"ImageObject\",\"inLanguage\":\"es\",\"@id\":\"https:\\\/\\\/www.esplac.cat\\\/#\\\/schema\\\/logo\\\/image\\\/\",\"url\":\"https:\\\/\\\/www.esplac.cat\\\/wp-content\\\/uploads\\\/2019\\\/08\\\/logox2.png\",\"contentUrl\":\"https:\\\/\\\/www.esplac.cat\\\/wp-content\\\/uploads\\\/2019\\\/08\\\/logox2.png\",\"width\":600,\"height\":295,\"caption\":\"Esplac\"},\"image\":{\"@id\":\"https:\\\/\\\/www.esplac.cat\\\/#\\\/schema\\\/logo\\\/image\\\/\"}},{\"@type\":\"Person\",\"@id\":\"https:\\\/\\\/www.esplac.cat\\\/#\\\/schema\\\/person\\\/908383cf240be18b68f8855d0583faca\",\"name\":\"Comunicaci\u00f3 Esplac\",\"image\":{\"@type\":\"ImageObject\",\"inLanguage\":\"es\",\"@id\":\"https:\\\/\\\/secure.gravatar.com\\\/avatar\\\/7a4cf8feb412a76ea4a740ca02d95b06b2907b5a6c648c2dd0a1082a093c3141?s=96&d=mm&r=g\",\"url\":\"https:\\\/\\\/secure.gravatar.com\\\/avatar\\\/7a4cf8feb412a76ea4a740ca02d95b06b2907b5a6c648c2dd0a1082a093c3141?s=96&d=mm&r=g\",\"contentUrl\":\"https:\\\/\\\/secure.gravatar.com\\\/avatar\\\/7a4cf8feb412a76ea4a740ca02d95b06b2907b5a6c648c2dd0a1082a093c3141?s=96&d=mm&r=g\",\"caption\":\"Comunicaci\u00f3 Esplac\"}}]}<\/script>\n<!-- \/ Yoast SEO plugin. -->","yoast_head_json":{"title":"Esplais, ja heu demanat la vostra c\u00e0psula formativa? - Esplac","robots":{"index":"index","follow":"follow","max-snippet":"max-snippet:-1","max-image-preview":"max-image-preview:large","max-video-preview":"max-video-preview:-1"},"canonical":"https:\/\/www.esplac.cat\/esplai-ja-heu-demanat-capsula-formativa\/","og_locale":"es_ES","og_type":"article","og_title":"Esplais, ja heu demanat la vostra c\u00e0psula formativa? - Esplac","og_description":"Els esplais d\u2019Esplac podeu demanar una c\u00e0psula formativa de l\u2019Escola [&hellip;]","og_url":"https:\/\/www.esplac.cat\/esplai-ja-heu-demanat-capsula-formativa\/","og_site_name":"Esplac","article_published_time":"2022-09-21T10:21:33+00:00","article_modified_time":"2022-09-21T11:43:50+00:00","og_image":[{"width":1694,"height":700,"url":"https:\/\/www.esplac.cat\/wp-content\/uploads\/2022\/09\/PORTADA_catalegmm.jpg","type":"image\/jpeg"}],"author":"Comunicaci\u00f3 Esplac","twitter_card":"summary_large_image","twitter_misc":{"Escrito por":"Comunicaci\u00f3 Esplac","Tiempo de lectura":"1 minuto"},"schema":{"@context":"https:\/\/schema.org","@graph":[{"@type":"Article","@id":"https:\/\/www.esplac.cat\/esplai-ja-heu-demanat-capsula-formativa\/#article","isPartOf":{"@id":"https:\/\/www.esplac.cat\/esplai-ja-heu-demanat-capsula-formativa\/"},"author":{"name":"Comunicaci\u00f3 Esplac","@id":"https:\/\/www.esplac.cat\/#\/schema\/person\/908383cf240be18b68f8855d0583faca"},"headline":"Esplais, ja heu demanat la vostra c\u00e0psula formativa?","datePublished":"2022-09-21T10:21:33+00:00","dateModified":"2022-09-21T11:43:50+00:00","mainEntityOfPage":{"@id":"https:\/\/www.esplac.cat\/esplai-ja-heu-demanat-capsula-formativa\/"},"wordCount":288,"publisher":{"@id":"https:\/\/www.esplac.cat\/#organization"},"image":{"@id":"https:\/\/www.esplac.cat\/esplai-ja-heu-demanat-capsula-formativa\/#primaryimage"},"thumbnailUrl":"https:\/\/www.esplac.cat\/wp-content\/uploads\/2022\/09\/PORTADA_catalegmm.jpg","articleSection":["Cursos i formacions"],"inLanguage":"es"},{"@type":"WebPage","@id":"https:\/\/www.esplac.cat\/esplai-ja-heu-demanat-capsula-formativa\/","url":"https:\/\/www.esplac.cat\/esplai-ja-heu-demanat-capsula-formativa\/","name":"Esplais, ja heu demanat la vostra c\u00e0psula formativa? - Esplac","isPartOf":{"@id":"https:\/\/www.esplac.cat\/#website"},"primaryImageOfPage":{"@id":"https:\/\/www.esplac.cat\/esplai-ja-heu-demanat-capsula-formativa\/#primaryimage"},"image":{"@id":"https:\/\/www.esplac.cat\/esplai-ja-heu-demanat-capsula-formativa\/#primaryimage"},"thumbnailUrl":"https:\/\/www.esplac.cat\/wp-content\/uploads\/2022\/09\/PORTADA_catalegmm.jpg","datePublished":"2022-09-21T10:21:33+00:00","dateModified":"2022-09-21T11:43:50+00:00","breadcrumb":{"@id":"https:\/\/www.esplac.cat\/esplai-ja-heu-demanat-capsula-formativa\/#breadcrumb"},"inLanguage":"es","potentialAction":[{"@type":"ReadAction","target":["https:\/\/www.esplac.cat\/esplai-ja-heu-demanat-capsula-formativa\/"]}]},{"@type":"ImageObject","inLanguage":"es","@id":"https:\/\/www.esplac.cat\/esplai-ja-heu-demanat-capsula-formativa\/#primaryimage","url":"https:\/\/www.esplac.cat\/wp-content\/uploads\/2022\/09\/PORTADA_catalegmm.jpg","contentUrl":"https:\/\/www.esplac.cat\/wp-content\/uploads\/2022\/09\/PORTADA_catalegmm.jpg","width":1694,"height":700},{"@type":"BreadcrumbList","@id":"https:\/\/www.esplac.cat\/esplai-ja-heu-demanat-capsula-formativa\/#breadcrumb","itemListElement":[{"@type":"ListItem","position":1,"name":"Inici","item":"https:\/\/www.esplac.cat\/es\/"},{"@type":"ListItem","position":2,"name":"Esplais, ja heu demanat la vostra c\u00e0psula formativa?"}]},{"@type":"WebSite","@id":"https:\/\/www.esplac.cat\/#website","url":"https:\/\/www.esplac.cat\/","name":"Esplac","description":"Esplais Catalans","publisher":{"@id":"https:\/\/www.esplac.cat\/#organization"},"potentialAction":[{"@type":"SearchAction","target":{"@type":"EntryPoint","urlTemplate":"https:\/\/www.esplac.cat\/?s={search_term_string}"},"query-input":{"@type":"PropertyValueSpecification","valueRequired":true,"valueName":"search_term_string"}}],"inLanguage":"es"},{"@type":"Organization","@id":"https:\/\/www.esplac.cat\/#organization","name":"Esplac","url":"https:\/\/www.esplac.cat\/","logo":{"@type":"ImageObject","inLanguage":"es","@id":"https:\/\/www.esplac.cat\/#\/schema\/logo\/image\/","url":"https:\/\/www.esplac.cat\/wp-content\/uploads\/2019\/08\/logox2.png","contentUrl":"https:\/\/www.esplac.cat\/wp-content\/uploads\/2019\/08\/logox2.png","width":600,"height":295,"caption":"Esplac"},"image":{"@id":"https:\/\/www.esplac.cat\/#\/schema\/logo\/image\/"}},{"@type":"Person","@id":"https:\/\/www.esplac.cat\/#\/schema\/person\/908383cf240be18b68f8855d0583faca","name":"Comunicaci\u00f3 Esplac","image":{"@type":"ImageObject","inLanguage":"es","@id":"https:\/\/secure.gravatar.com\/avatar\/7a4cf8feb412a76ea4a740ca02d95b06b2907b5a6c648c2dd0a1082a093c3141?s=96&d=mm&r=g","url":"https:\/\/secure.gravatar.com\/avatar\/7a4cf8feb412a76ea4a740ca02d95b06b2907b5a6c648c2dd0a1082a093c3141?s=96&d=mm&r=g","contentUrl":"https:\/\/secure.gravatar.com\/avatar\/7a4cf8feb412a76ea4a740ca02d95b06b2907b5a6c648c2dd0a1082a093c3141?s=96&d=mm&r=g","caption":"Comunicaci\u00f3 Esplac"}}]}},"_links":{"self":[{"href":"https:\/\/www.esplac.cat\/es\/wp-json\/wp\/v2\/posts\/41473","targetHints":{"allow":["GET"]}}],"collection":[{"href":"https:\/\/www.esplac.cat\/es\/wp-json\/wp\/v2\/posts"}],"about":[{"href":"https:\/\/www.esplac.cat\/es\/wp-json\/wp\/v2\/types\/post"}],"author":[{"embeddable":true,"href":"https:\/\/www.esplac.cat\/es\/wp-json\/wp\/v2\/users\/3"}],"replies":[{"embeddable":true,"href":"https:\/\/www.esplac.cat\/es\/wp-json\/wp\/v2\/comments?post=41473"}],"version-history":[{"count":0,"href":"https:\/\/www.esplac.cat\/es\/wp-json\/wp\/v2\/posts\/41473\/revisions"}],"wp:featuredmedia":[{"embeddable":true,"href":"https:\/\/www.esplac.cat\/es\/wp-json\/wp\/v2\/media\/41494"}],"wp:attachment":[{"href":"https:\/\/www.esplac.cat\/es\/wp-json\/wp\/v2\/media?parent=41473"}],"wp:term":[{"taxonomy":"category","embeddable":true,"href":"https:\/\/www.esplac.cat\/es\/wp-json\/wp\/v2\/categories?post=41473"},{"taxonomy":"post_tag","embeddable":true,"href":"https:\/\/www.esplac.cat\/es\/wp-json\/wp\/v2\/tags?post=41473"}],"curies":[{"name":"wp","href":"https:\/\/api.w.org\/{rel}","templated":true}]}}