{"id":41798,"date":"2022-10-24T10:33:52","date_gmt":"2022-10-24T08:33:52","guid":{"rendered":"https:\/\/www.esplac.cat\/?p=41798"},"modified":"2022-10-24T11:55:13","modified_gmt":"2022-10-24T09:55:13","slug":"sector-girona-creix-benvinguda-nou-curs-ago","status":"publish","type":"post","link":"https:\/\/www.esplac.cat\/es\/sector-girona-creix-benvinguda-nou-curs-ago\/","title":{"rendered":"El Sector\u00a0Girona\u00a0creix i dona la benvinguda al nou curs a l&#8217;AGO"},"content":{"rendered":"<div class=\"fusion-fullwidth fullwidth-box fusion-builder-row-1 nonhundred-percent-fullwidth non-hundred-percent-height-scrolling\" style=\"--awb-border-radius-top-left:0px;--awb-border-radius-top-right:0px;--awb-border-radius-bottom-right:0px;--awb-border-radius-bottom-left:0px;--awb-flex-wrap:wrap;\" ><div class=\"fusion-builder-row fusion-row\"><div class=\"fusion-layout-column fusion_builder_column fusion-builder-column-0 fusion_builder_column_1_1 1_1 fusion-one-full fusion-column-first fusion-column-last\" style=\"--awb-bg-size:cover;--awb-margin-bottom:0px;\"><div class=\"fusion-column-wrapper fusion-flex-column-wrapper-legacy\"><div class=\"fusion-text fusion-text-1\"><h6><strong>El curs passat el Sector\u00a0<span class=\"il\">Girona<\/span> va tenir un curs complicat al ser nom\u00e9s dos esplais, per\u00f2 amb unes membres de l&#8217;Equip General de Sector (EGS) motivades, van seguir endavant en la recerca de nous esplais, en consolidar de nou el sector i seguir <\/strong><strong>amb les trobades de formaci\u00f3 encarades a monis.<\/strong><\/h6>\n<p>Aquest curs comen\u00e7a ben engrescador per al Sector Girona. El passat dissabte 15 d&#8217;octubre els esplais es van trobar al local del Papu Tisores, a Llagostera, per celebrar l&#8217;Assemblea General (AGO) on van donar la benvinguda a l&#8217;esplai Kamono (Vilablareix), el qual torna amb m\u00e9s forces que mai a fer activitat d&#8217;esplai i amb molta motivaci\u00f3 per formar part d&#8217;Esplac. Tamb\u00e9 hi van ser-hi les monitores i monitors de l&#8217;Esplai de Mediny\u00e0, que despr\u00e9s d&#8217;un estiu d&#8217;activitats i contribuir a la Festa Major del seu poble, encaren un nou curs amb la voluntat de trobar relleu al grup de monis i augmentar el nombre d&#8217;infants i joves.<\/p>\n<p>A l&#8217;AGO es va crear el <strong>Pla de Treball per aquest 2022-23<\/strong>, posant \u00e8mfasi en la cohesi\u00f3 del sector i la formaci\u00f3 dels equips, \u00e9s per aix\u00f2 que es recuperaran les reunions pr\u00f2pies del sector i es far\u00e0 una Trobada de Monis de cap de setmana.<\/p>\n<p>Finalment, a l&#8217;AGO tamb\u00e9 es van escollir <strong>noves membres de l&#8217;EGS<\/strong>: l&#8217;\u00c0lex Malag\u00f3n i l&#8217;\u00c0ngela Amat, que se sumaran a l&#8217;Elena Virgili i l&#8217;Eva Grabuleda, que renoven el mandat.<\/p>\n<p>Aix\u00ed doncs, el Sector\u00a0Girona comen\u00e7a amb molt bon peu i ganes de seguir contribuint a Esplac i al territori.<\/p>\n\n\t\t<style type=\"text\/css\">\n\t\t\t#gallery-1 {\n\t\t\t\tmargin: auto;\n\t\t\t}\n\t\t\t#gallery-1 .gallery-item {\n\t\t\t\tfloat: left;\n\t\t\t\tmargin-top: 10px;\n\t\t\t\ttext-align: center;\n\t\t\t\twidth: 50%;\n\t\t\t}\n\t\t\t#gallery-1 img {\n\t\t\t\tborder: 2px solid #cfcfcf;\n\t\t\t}\n\t\t\t#gallery-1 .gallery-caption {\n\t\t\t\tmargin-left: 0;\n\t\t\t}\n\t\t\t\/* see gallery_shortcode() in wp-includes\/media.php *\/\n\t\t<\/style>\n\t\t<div id='gallery-1' class='gallery galleryid-41798 gallery-columns-2 gallery-size-medium'><dl class='gallery-item'>\n\t\t\t<dt class='gallery-icon landscape'>\n\t\t\t\t<a data-rel=\"iLightbox[postimages]\" data-title=\"girona25\" data-caption=\"\" href='https:\/\/www.esplac.cat\/wp-content\/uploads\/2022\/10\/girona25.jpeg'><img decoding=\"async\" width=\"300\" height=\"225\" src=\"https:\/\/www.esplac.cat\/wp-content\/uploads\/2022\/10\/girona25-300x225.jpeg\" class=\"attachment-medium size-medium\" alt=\"\" srcset=\"https:\/\/www.esplac.cat\/wp-content\/uploads\/2022\/10\/girona25-200x150.jpeg 200w, https:\/\/www.esplac.cat\/wp-content\/uploads\/2022\/10\/girona25-300x225.jpeg 300w, https:\/\/www.esplac.cat\/wp-content\/uploads\/2022\/10\/girona25-400x300.jpeg 400w, https:\/\/www.esplac.cat\/wp-content\/uploads\/2022\/10\/girona25-600x450.jpeg 600w, https:\/\/www.esplac.cat\/wp-content\/uploads\/2022\/10\/girona25-768x576.jpeg 768w, https:\/\/www.esplac.cat\/wp-content\/uploads\/2022\/10\/girona25-800x600.jpeg 800w, https:\/\/www.esplac.cat\/wp-content\/uploads\/2022\/10\/girona25-1024x768.jpeg 1024w, https:\/\/www.esplac.cat\/wp-content\/uploads\/2022\/10\/girona25-1200x900.jpeg 1200w, https:\/\/www.esplac.cat\/wp-content\/uploads\/2022\/10\/girona25-1536x1152.jpeg 1536w\" sizes=\"(max-width: 300px) 100vw, 300px\" \/><\/a>\n\t\t\t<\/dt><\/dl><dl class='gallery-item'>\n\t\t\t<dt class='gallery-icon landscape'>\n\t\t\t\t<a data-rel=\"iLightbox[postimages]\" data-title=\"girona24\" data-caption=\"\" href='https:\/\/www.esplac.cat\/wp-content\/uploads\/2022\/10\/girona24.jpeg'><img decoding=\"async\" width=\"300\" height=\"225\" src=\"https:\/\/www.esplac.cat\/wp-content\/uploads\/2022\/10\/girona24-300x225.jpeg\" class=\"attachment-medium size-medium\" alt=\"\" srcset=\"https:\/\/www.esplac.cat\/wp-content\/uploads\/2022\/10\/girona24-200x150.jpeg 200w, https:\/\/www.esplac.cat\/wp-content\/uploads\/2022\/10\/girona24-300x225.jpeg 300w, https:\/\/www.esplac.cat\/wp-content\/uploads\/2022\/10\/girona24-400x300.jpeg 400w, https:\/\/www.esplac.cat\/wp-content\/uploads\/2022\/10\/girona24-600x450.jpeg 600w, https:\/\/www.esplac.cat\/wp-content\/uploads\/2022\/10\/girona24-768x576.jpeg 768w, https:\/\/www.esplac.cat\/wp-content\/uploads\/2022\/10\/girona24-800x600.jpeg 800w, https:\/\/www.esplac.cat\/wp-content\/uploads\/2022\/10\/girona24-1024x768.jpeg 1024w, https:\/\/www.esplac.cat\/wp-content\/uploads\/2022\/10\/girona24-1200x900.jpeg 1200w, https:\/\/www.esplac.cat\/wp-content\/uploads\/2022\/10\/girona24-1536x1152.jpeg 1536w\" sizes=\"(max-width: 300px) 100vw, 300px\" \/><\/a>\n\t\t\t<\/dt><\/dl><br style=\"clear: both\" \/><dl class='gallery-item'>\n\t\t\t<dt class='gallery-icon landscape'>\n\t\t\t\t<a data-rel=\"iLightbox[postimages]\" data-title=\"girona23\" data-caption=\"\" href='https:\/\/www.esplac.cat\/wp-content\/uploads\/2022\/10\/girona23.jpeg'><img decoding=\"async\" width=\"300\" height=\"225\" src=\"https:\/\/www.esplac.cat\/wp-content\/uploads\/2022\/10\/girona23-300x225.jpeg\" class=\"attachment-medium size-medium\" alt=\"\" srcset=\"https:\/\/www.esplac.cat\/wp-content\/uploads\/2022\/10\/girona23-200x150.jpeg 200w, https:\/\/www.esplac.cat\/wp-content\/uploads\/2022\/10\/girona23-300x225.jpeg 300w, https:\/\/www.esplac.cat\/wp-content\/uploads\/2022\/10\/girona23-400x300.jpeg 400w, https:\/\/www.esplac.cat\/wp-content\/uploads\/2022\/10\/girona23-600x451.jpeg 600w, https:\/\/www.esplac.cat\/wp-content\/uploads\/2022\/10\/girona23-768x577.jpeg 768w, https:\/\/www.esplac.cat\/wp-content\/uploads\/2022\/10\/girona23-800x601.jpeg 800w, https:\/\/www.esplac.cat\/wp-content\/uploads\/2022\/10\/girona23-1024x769.jpeg 1024w, https:\/\/www.esplac.cat\/wp-content\/uploads\/2022\/10\/girona23-1200x901.jpeg 1200w, https:\/\/www.esplac.cat\/wp-content\/uploads\/2022\/10\/girona23-1536x1154.jpeg 1536w, https:\/\/www.esplac.cat\/wp-content\/uploads\/2022\/10\/girona23.jpeg 1640w\" sizes=\"(max-width: 300px) 100vw, 300px\" \/><\/a>\n\t\t\t<\/dt><\/dl><dl class='gallery-item'>\n\t\t\t<dt class='gallery-icon landscape'>\n\t\t\t\t<a data-rel=\"iLightbox[postimages]\" data-title=\"girona22\" data-caption=\"\" href='https:\/\/www.esplac.cat\/wp-content\/uploads\/2022\/10\/girona22.jpeg'><img decoding=\"async\" width=\"300\" height=\"225\" src=\"https:\/\/www.esplac.cat\/wp-content\/uploads\/2022\/10\/girona22-300x225.jpeg\" class=\"attachment-medium size-medium\" alt=\"\" srcset=\"https:\/\/www.esplac.cat\/wp-content\/uploads\/2022\/10\/girona22-200x150.jpeg 200w, https:\/\/www.esplac.cat\/wp-content\/uploads\/2022\/10\/girona22-300x225.jpeg 300w, https:\/\/www.esplac.cat\/wp-content\/uploads\/2022\/10\/girona22-400x300.jpeg 400w, https:\/\/www.esplac.cat\/wp-content\/uploads\/2022\/10\/girona22-600x450.jpeg 600w, https:\/\/www.esplac.cat\/wp-content\/uploads\/2022\/10\/girona22-768x576.jpeg 768w, https:\/\/www.esplac.cat\/wp-content\/uploads\/2022\/10\/girona22-800x600.jpeg 800w, https:\/\/www.esplac.cat\/wp-content\/uploads\/2022\/10\/girona22-1024x768.jpeg 1024w, https:\/\/www.esplac.cat\/wp-content\/uploads\/2022\/10\/girona22-1200x900.jpeg 1200w, https:\/\/www.esplac.cat\/wp-content\/uploads\/2022\/10\/girona22-1536x1152.jpeg 1536w\" sizes=\"(max-width: 300px) 100vw, 300px\" \/><\/a>\n\t\t\t<\/dt><\/dl><br style=\"clear: both\" \/>\n\t\t<\/div>\n\n<\/div><div class=\"fusion-clearfix\"><\/div><\/div><\/div><\/div><\/div>\n","protected":false},"excerpt":{"rendered":"","protected":false},"author":3,"featured_media":41799,"comment_status":"closed","ping_status":"closed","sticky":false,"template":"","format":"standard","meta":{"om_disable_all_campaigns":false,"_monsterinsights_skip_tracking":false,"_monsterinsights_sitenote_active":false,"_monsterinsights_sitenote_note":"","_monsterinsights_sitenote_category":0,"_uf_show_specific_survey":0,"_uf_disable_surveys":false,"footnotes":""},"categories":[1130],"tags":[],"class_list":["post-41798","post","type-post","status-publish","format-standard","has-post-thumbnail","hentry","category-sector-girona"],"yoast_head":"<!-- This site is optimized with the Yoast SEO plugin v27.4 - https:\/\/yoast.com\/product\/yoast-seo-wordpress\/ -->\n<title>El Sector\u00a0Girona\u00a0creix i dona la benvinguda al nou curs a l&#039;AGO - Esplac<\/title>\n<meta name=\"robots\" content=\"index, follow, max-snippet:-1, max-image-preview:large, max-video-preview:-1\" \/>\n<link rel=\"canonical\" href=\"https:\/\/www.esplac.cat\/sector-girona-creix-benvinguda-nou-curs-ago\/\" \/>\n<meta property=\"og:locale\" content=\"es_ES\" \/>\n<meta property=\"og:type\" content=\"article\" \/>\n<meta property=\"og:title\" content=\"El Sector\u00a0Girona\u00a0creix i dona la benvinguda al nou curs a l&#039;AGO - Esplac\" \/>\n<meta property=\"og:url\" content=\"https:\/\/www.esplac.cat\/sector-girona-creix-benvinguda-nou-curs-ago\/\" \/>\n<meta property=\"og:site_name\" content=\"Esplac\" \/>\n<meta property=\"article:published_time\" content=\"2022-10-24T08:33:52+00:00\" \/>\n<meta property=\"article:modified_time\" content=\"2022-10-24T09:55:13+00:00\" \/>\n<meta property=\"og:image\" content=\"https:\/\/www.esplac.cat\/wp-content\/uploads\/2022\/10\/portada_ago_girona_22.jpg\" \/>\n\t<meta property=\"og:image:width\" content=\"1694\" \/>\n\t<meta property=\"og:image:height\" content=\"700\" \/>\n\t<meta property=\"og:image:type\" content=\"image\/jpeg\" \/>\n<meta name=\"author\" content=\"Comunicaci\u00f3 Esplac\" \/>\n<meta name=\"twitter:card\" content=\"summary_large_image\" \/>\n<meta name=\"twitter:label1\" content=\"Escrito por\" \/>\n\t<meta name=\"twitter:data1\" content=\"Comunicaci\u00f3 Esplac\" \/>\n\t<meta name=\"twitter:label2\" content=\"Tiempo de lectura\" \/>\n\t<meta name=\"twitter:data2\" content=\"2 minutos\" \/>\n<script type=\"application\/ld+json\" class=\"yoast-schema-graph\">{\"@context\":\"https:\\\/\\\/schema.org\",\"@graph\":[{\"@type\":\"Article\",\"@id\":\"https:\\\/\\\/www.esplac.cat\\\/sector-girona-creix-benvinguda-nou-curs-ago\\\/#article\",\"isPartOf\":{\"@id\":\"https:\\\/\\\/www.esplac.cat\\\/sector-girona-creix-benvinguda-nou-curs-ago\\\/\"},\"author\":{\"name\":\"Comunicaci\u00f3 Esplac\",\"@id\":\"https:\\\/\\\/www.esplac.cat\\\/#\\\/schema\\\/person\\\/908383cf240be18b68f8855d0583faca\"},\"headline\":\"El Sector\u00a0Girona\u00a0creix i dona la benvinguda al nou curs a l&#8217;AGO\",\"datePublished\":\"2022-10-24T08:33:52+00:00\",\"dateModified\":\"2022-10-24T09:55:13+00:00\",\"mainEntityOfPage\":{\"@id\":\"https:\\\/\\\/www.esplac.cat\\\/sector-girona-creix-benvinguda-nou-curs-ago\\\/\"},\"wordCount\":459,\"publisher\":{\"@id\":\"https:\\\/\\\/www.esplac.cat\\\/#organization\"},\"image\":{\"@id\":\"https:\\\/\\\/www.esplac.cat\\\/sector-girona-creix-benvinguda-nou-curs-ago\\\/#primaryimage\"},\"thumbnailUrl\":\"https:\\\/\\\/www.esplac.cat\\\/wp-content\\\/uploads\\\/2022\\\/10\\\/portada_ago_girona_22.jpg\",\"articleSection\":[\"Sector Girona\"],\"inLanguage\":\"es\"},{\"@type\":\"WebPage\",\"@id\":\"https:\\\/\\\/www.esplac.cat\\\/sector-girona-creix-benvinguda-nou-curs-ago\\\/\",\"url\":\"https:\\\/\\\/www.esplac.cat\\\/sector-girona-creix-benvinguda-nou-curs-ago\\\/\",\"name\":\"El Sector\u00a0Girona\u00a0creix i dona la benvinguda al nou curs a l'AGO - Esplac\",\"isPartOf\":{\"@id\":\"https:\\\/\\\/www.esplac.cat\\\/#website\"},\"primaryImageOfPage\":{\"@id\":\"https:\\\/\\\/www.esplac.cat\\\/sector-girona-creix-benvinguda-nou-curs-ago\\\/#primaryimage\"},\"image\":{\"@id\":\"https:\\\/\\\/www.esplac.cat\\\/sector-girona-creix-benvinguda-nou-curs-ago\\\/#primaryimage\"},\"thumbnailUrl\":\"https:\\\/\\\/www.esplac.cat\\\/wp-content\\\/uploads\\\/2022\\\/10\\\/portada_ago_girona_22.jpg\",\"datePublished\":\"2022-10-24T08:33:52+00:00\",\"dateModified\":\"2022-10-24T09:55:13+00:00\",\"breadcrumb\":{\"@id\":\"https:\\\/\\\/www.esplac.cat\\\/sector-girona-creix-benvinguda-nou-curs-ago\\\/#breadcrumb\"},\"inLanguage\":\"es\",\"potentialAction\":[{\"@type\":\"ReadAction\",\"target\":[\"https:\\\/\\\/www.esplac.cat\\\/sector-girona-creix-benvinguda-nou-curs-ago\\\/\"]}]},{\"@type\":\"ImageObject\",\"inLanguage\":\"es\",\"@id\":\"https:\\\/\\\/www.esplac.cat\\\/sector-girona-creix-benvinguda-nou-curs-ago\\\/#primaryimage\",\"url\":\"https:\\\/\\\/www.esplac.cat\\\/wp-content\\\/uploads\\\/2022\\\/10\\\/portada_ago_girona_22.jpg\",\"contentUrl\":\"https:\\\/\\\/www.esplac.cat\\\/wp-content\\\/uploads\\\/2022\\\/10\\\/portada_ago_girona_22.jpg\",\"width\":1694,\"height\":700},{\"@type\":\"BreadcrumbList\",\"@id\":\"https:\\\/\\\/www.esplac.cat\\\/sector-girona-creix-benvinguda-nou-curs-ago\\\/#breadcrumb\",\"itemListElement\":[{\"@type\":\"ListItem\",\"position\":1,\"name\":\"Inici\",\"item\":\"https:\\\/\\\/www.esplac.cat\\\/es\\\/\"},{\"@type\":\"ListItem\",\"position\":2,\"name\":\"El Sector\u00a0Girona\u00a0creix i dona la benvinguda al nou curs a l&#8217;AGO\"}]},{\"@type\":\"WebSite\",\"@id\":\"https:\\\/\\\/www.esplac.cat\\\/#website\",\"url\":\"https:\\\/\\\/www.esplac.cat\\\/\",\"name\":\"Esplac\",\"description\":\"Esplais Catalans\",\"publisher\":{\"@id\":\"https:\\\/\\\/www.esplac.cat\\\/#organization\"},\"potentialAction\":[{\"@type\":\"SearchAction\",\"target\":{\"@type\":\"EntryPoint\",\"urlTemplate\":\"https:\\\/\\\/www.esplac.cat\\\/?s={search_term_string}\"},\"query-input\":{\"@type\":\"PropertyValueSpecification\",\"valueRequired\":true,\"valueName\":\"search_term_string\"}}],\"inLanguage\":\"es\"},{\"@type\":\"Organization\",\"@id\":\"https:\\\/\\\/www.esplac.cat\\\/#organization\",\"name\":\"Esplac\",\"url\":\"https:\\\/\\\/www.esplac.cat\\\/\",\"logo\":{\"@type\":\"ImageObject\",\"inLanguage\":\"es\",\"@id\":\"https:\\\/\\\/www.esplac.cat\\\/#\\\/schema\\\/logo\\\/image\\\/\",\"url\":\"https:\\\/\\\/www.esplac.cat\\\/wp-content\\\/uploads\\\/2019\\\/08\\\/logox2.png\",\"contentUrl\":\"https:\\\/\\\/www.esplac.cat\\\/wp-content\\\/uploads\\\/2019\\\/08\\\/logox2.png\",\"width\":600,\"height\":295,\"caption\":\"Esplac\"},\"image\":{\"@id\":\"https:\\\/\\\/www.esplac.cat\\\/#\\\/schema\\\/logo\\\/image\\\/\"}},{\"@type\":\"Person\",\"@id\":\"https:\\\/\\\/www.esplac.cat\\\/#\\\/schema\\\/person\\\/908383cf240be18b68f8855d0583faca\",\"name\":\"Comunicaci\u00f3 Esplac\",\"image\":{\"@type\":\"ImageObject\",\"inLanguage\":\"es\",\"@id\":\"https:\\\/\\\/secure.gravatar.com\\\/avatar\\\/7a4cf8feb412a76ea4a740ca02d95b06b2907b5a6c648c2dd0a1082a093c3141?s=96&d=mm&r=g\",\"url\":\"https:\\\/\\\/secure.gravatar.com\\\/avatar\\\/7a4cf8feb412a76ea4a740ca02d95b06b2907b5a6c648c2dd0a1082a093c3141?s=96&d=mm&r=g\",\"contentUrl\":\"https:\\\/\\\/secure.gravatar.com\\\/avatar\\\/7a4cf8feb412a76ea4a740ca02d95b06b2907b5a6c648c2dd0a1082a093c3141?s=96&d=mm&r=g\",\"caption\":\"Comunicaci\u00f3 Esplac\"}}]}<\/script>\n<!-- \/ Yoast SEO plugin. -->","yoast_head_json":{"title":"El Sector\u00a0Girona\u00a0creix i dona la benvinguda al nou curs a l'AGO - Esplac","robots":{"index":"index","follow":"follow","max-snippet":"max-snippet:-1","max-image-preview":"max-image-preview:large","max-video-preview":"max-video-preview:-1"},"canonical":"https:\/\/www.esplac.cat\/sector-girona-creix-benvinguda-nou-curs-ago\/","og_locale":"es_ES","og_type":"article","og_title":"El Sector\u00a0Girona\u00a0creix i dona la benvinguda al nou curs a l'AGO - Esplac","og_url":"https:\/\/www.esplac.cat\/sector-girona-creix-benvinguda-nou-curs-ago\/","og_site_name":"Esplac","article_published_time":"2022-10-24T08:33:52+00:00","article_modified_time":"2022-10-24T09:55:13+00:00","og_image":[{"width":1694,"height":700,"url":"https:\/\/www.esplac.cat\/wp-content\/uploads\/2022\/10\/portada_ago_girona_22.jpg","type":"image\/jpeg"}],"author":"Comunicaci\u00f3 Esplac","twitter_card":"summary_large_image","twitter_misc":{"Escrito por":"Comunicaci\u00f3 Esplac","Tiempo de lectura":"2 minutos"},"schema":{"@context":"https:\/\/schema.org","@graph":[{"@type":"Article","@id":"https:\/\/www.esplac.cat\/sector-girona-creix-benvinguda-nou-curs-ago\/#article","isPartOf":{"@id":"https:\/\/www.esplac.cat\/sector-girona-creix-benvinguda-nou-curs-ago\/"},"author":{"name":"Comunicaci\u00f3 Esplac","@id":"https:\/\/www.esplac.cat\/#\/schema\/person\/908383cf240be18b68f8855d0583faca"},"headline":"El Sector\u00a0Girona\u00a0creix i dona la benvinguda al nou curs a l&#8217;AGO","datePublished":"2022-10-24T08:33:52+00:00","dateModified":"2022-10-24T09:55:13+00:00","mainEntityOfPage":{"@id":"https:\/\/www.esplac.cat\/sector-girona-creix-benvinguda-nou-curs-ago\/"},"wordCount":459,"publisher":{"@id":"https:\/\/www.esplac.cat\/#organization"},"image":{"@id":"https:\/\/www.esplac.cat\/sector-girona-creix-benvinguda-nou-curs-ago\/#primaryimage"},"thumbnailUrl":"https:\/\/www.esplac.cat\/wp-content\/uploads\/2022\/10\/portada_ago_girona_22.jpg","articleSection":["Sector Girona"],"inLanguage":"es"},{"@type":"WebPage","@id":"https:\/\/www.esplac.cat\/sector-girona-creix-benvinguda-nou-curs-ago\/","url":"https:\/\/www.esplac.cat\/sector-girona-creix-benvinguda-nou-curs-ago\/","name":"El Sector\u00a0Girona\u00a0creix i dona la benvinguda al nou curs a l'AGO - Esplac","isPartOf":{"@id":"https:\/\/www.esplac.cat\/#website"},"primaryImageOfPage":{"@id":"https:\/\/www.esplac.cat\/sector-girona-creix-benvinguda-nou-curs-ago\/#primaryimage"},"image":{"@id":"https:\/\/www.esplac.cat\/sector-girona-creix-benvinguda-nou-curs-ago\/#primaryimage"},"thumbnailUrl":"https:\/\/www.esplac.cat\/wp-content\/uploads\/2022\/10\/portada_ago_girona_22.jpg","datePublished":"2022-10-24T08:33:52+00:00","dateModified":"2022-10-24T09:55:13+00:00","breadcrumb":{"@id":"https:\/\/www.esplac.cat\/sector-girona-creix-benvinguda-nou-curs-ago\/#breadcrumb"},"inLanguage":"es","potentialAction":[{"@type":"ReadAction","target":["https:\/\/www.esplac.cat\/sector-girona-creix-benvinguda-nou-curs-ago\/"]}]},{"@type":"ImageObject","inLanguage":"es","@id":"https:\/\/www.esplac.cat\/sector-girona-creix-benvinguda-nou-curs-ago\/#primaryimage","url":"https:\/\/www.esplac.cat\/wp-content\/uploads\/2022\/10\/portada_ago_girona_22.jpg","contentUrl":"https:\/\/www.esplac.cat\/wp-content\/uploads\/2022\/10\/portada_ago_girona_22.jpg","width":1694,"height":700},{"@type":"BreadcrumbList","@id":"https:\/\/www.esplac.cat\/sector-girona-creix-benvinguda-nou-curs-ago\/#breadcrumb","itemListElement":[{"@type":"ListItem","position":1,"name":"Inici","item":"https:\/\/www.esplac.cat\/es\/"},{"@type":"ListItem","position":2,"name":"El Sector\u00a0Girona\u00a0creix i dona la benvinguda al nou curs a l&#8217;AGO"}]},{"@type":"WebSite","@id":"https:\/\/www.esplac.cat\/#website","url":"https:\/\/www.esplac.cat\/","name":"Esplac","description":"Esplais Catalans","publisher":{"@id":"https:\/\/www.esplac.cat\/#organization"},"potentialAction":[{"@type":"SearchAction","target":{"@type":"EntryPoint","urlTemplate":"https:\/\/www.esplac.cat\/?s={search_term_string}"},"query-input":{"@type":"PropertyValueSpecification","valueRequired":true,"valueName":"search_term_string"}}],"inLanguage":"es"},{"@type":"Organization","@id":"https:\/\/www.esplac.cat\/#organization","name":"Esplac","url":"https:\/\/www.esplac.cat\/","logo":{"@type":"ImageObject","inLanguage":"es","@id":"https:\/\/www.esplac.cat\/#\/schema\/logo\/image\/","url":"https:\/\/www.esplac.cat\/wp-content\/uploads\/2019\/08\/logox2.png","contentUrl":"https:\/\/www.esplac.cat\/wp-content\/uploads\/2019\/08\/logox2.png","width":600,"height":295,"caption":"Esplac"},"image":{"@id":"https:\/\/www.esplac.cat\/#\/schema\/logo\/image\/"}},{"@type":"Person","@id":"https:\/\/www.esplac.cat\/#\/schema\/person\/908383cf240be18b68f8855d0583faca","name":"Comunicaci\u00f3 Esplac","image":{"@type":"ImageObject","inLanguage":"es","@id":"https:\/\/secure.gravatar.com\/avatar\/7a4cf8feb412a76ea4a740ca02d95b06b2907b5a6c648c2dd0a1082a093c3141?s=96&d=mm&r=g","url":"https:\/\/secure.gravatar.com\/avatar\/7a4cf8feb412a76ea4a740ca02d95b06b2907b5a6c648c2dd0a1082a093c3141?s=96&d=mm&r=g","contentUrl":"https:\/\/secure.gravatar.com\/avatar\/7a4cf8feb412a76ea4a740ca02d95b06b2907b5a6c648c2dd0a1082a093c3141?s=96&d=mm&r=g","caption":"Comunicaci\u00f3 Esplac"}}]}},"_links":{"self":[{"href":"https:\/\/www.esplac.cat\/es\/wp-json\/wp\/v2\/posts\/41798","targetHints":{"allow":["GET"]}}],"collection":[{"href":"https:\/\/www.esplac.cat\/es\/wp-json\/wp\/v2\/posts"}],"about":[{"href":"https:\/\/www.esplac.cat\/es\/wp-json\/wp\/v2\/types\/post"}],"author":[{"embeddable":true,"href":"https:\/\/www.esplac.cat\/es\/wp-json\/wp\/v2\/users\/3"}],"replies":[{"embeddable":true,"href":"https:\/\/www.esplac.cat\/es\/wp-json\/wp\/v2\/comments?post=41798"}],"version-history":[{"count":0,"href":"https:\/\/www.esplac.cat\/es\/wp-json\/wp\/v2\/posts\/41798\/revisions"}],"wp:featuredmedia":[{"embeddable":true,"href":"https:\/\/www.esplac.cat\/es\/wp-json\/wp\/v2\/media\/41799"}],"wp:attachment":[{"href":"https:\/\/www.esplac.cat\/es\/wp-json\/wp\/v2\/media?parent=41798"}],"wp:term":[{"taxonomy":"category","embeddable":true,"href":"https:\/\/www.esplac.cat\/es\/wp-json\/wp\/v2\/categories?post=41798"},{"taxonomy":"post_tag","embeddable":true,"href":"https:\/\/www.esplac.cat\/es\/wp-json\/wp\/v2\/tags?post=41798"}],"curies":[{"name":"wp","href":"https:\/\/api.w.org\/{rel}","templated":true}]}}