{"id":41830,"date":"2022-10-24T14:21:45","date_gmt":"2022-10-24T12:21:45","guid":{"rendered":"https:\/\/www.esplac.cat\/?p=41830"},"modified":"2022-10-24T17:04:29","modified_gmt":"2022-10-24T15:04:29","slug":"esplac-a-la-fesc","status":"publish","type":"post","link":"https:\/\/www.esplac.cat\/es\/esplac-a-la-fesc\/","title":{"rendered":"Esplac a la Fira d&#8217;Economia Solid\u00e0ria de Catalunya (FESC): aportem experi\u00e8ncies sobre la banca \u00e8tica i l&#8217;educaci\u00f3 en el lleure m\u00e9s enll\u00e0 del mercat"},"content":{"rendered":"<h6><strong>El passat 22 i 23 d&#8217;octubre vam participar en la FESC, la Fira d&#8217;Economia Solid\u00e0ria de Catalunya, per parlar sobre educaci\u00f3 transformadora i la nostra experi\u00e8ncia amb les finances \u00e8tiques<\/strong><\/h6>\n<p>La FESC \u00e9s l\u2019esdeveniment anual de Trobada i exposici\u00f3 de l&#8217;Economia Social i Solid\u00e0ria (ESS). Se celebra anualment l\u2019\u00faltim cap de setmana d\u2019octubre al recinte fabril de la Fabra I Coats (Barcelona). Reuneix durant un cap de setmana unes 200 expositores en una mostra d\u2019entitats i projectes d\u2019ESS, a m\u00e9s d\u2019un centenar d\u2019activitats. Un espai on reivindicar que \u00e9s possible fer una <strong>economia per la vida<\/strong>, una economia que resolgui les necessitats socials <strong>posant les persones i el planeta en el centre<\/strong>. Aquesta fira est\u00e0 impulsada per <span style=\"color: #f69d0b;\"><strong><a style=\"color: #f69d0b;\" href=\"https:\/\/xes.cat\/\">La XES (Xarxa d&#8217;Economia Solid\u00e0ria de Catalunya)<\/a>\u00a0<\/strong><span style=\"color: #000000;\">i des d&#8217;Esplac vam participar en dues taules rodones durant el passat dissabte 22 d&#8217;octubre.<\/span><\/span><\/p>\n<div>\n<p>Pel mat\u00ed, vam compartir una <span style=\"color: #ff9900;\"><a style=\"color: #ff9900;\" href=\"https:\/\/fesc.xes.cat\/activitats\/les-associacions-juvenils-apostem-per-les-finances-etiques\/\" target=\"_blank\" rel=\"noopener noreferrer\"><strong>taula d&#8217;experi\u00e8ncies sobre <\/strong><b>la banca \u00e8tica<\/b><\/a> <\/span>amb LaCoordi, Escoltes Catalans i el CRAJ. A m\u00e9s, vam poder presentar conjuntament el recurs \u00abTresoreria Transformadora\u00bb sobre les finances \u00e8tiques en l&#8217;associacionisme juvenil, que es podr\u00e0 consultar properament a les nostra p\u00e0gina web i es far\u00e0 accessible a esplais i caus.<\/p>\n<p>A la tarda, amb l&#8217;Escola Lliure El Sol, L&#8217;Esguard, +Educaci\u00f3, Reflexes i Escoltes Catalans, vam debatre sobre com <strong><span style=\"color: #ff9900;\"><a style=\"color: #ff9900;\" href=\"https:\/\/fesc.xes.cat\/activitats\/mes-enlla-del-mercat-per-una-educacio-en-el-lleure-transformadora\/\" target=\"_blank\" rel=\"noopener noreferrer\">impulsar l&#8217;educaci\u00f3 transformadora no mercantilitzada<\/a><\/span><\/strong>. En un format combinat de taula rodona i de grups de debat, es va abordar la innovaci\u00f3 i la qualitat pedag\u00f2gica per una banda i, per l\u2019altra, els reptes de la inclusi\u00f3 i l\u2019equitat educativa. Tot plegat, per reivindicar l\u2019educaci\u00f3 en el lleure com un agent educatiu clau.<\/p>\n<\/div>\n<p>Podeu consultar tota la informaci\u00f3 sobre les pon\u00e8ncies i xerrades de la FESC a la seva<span style=\"color: #f69d0b;\"><a style=\"color: #f69d0b;\" href=\"https:\/\/fesc.xes.cat\/\"> p\u00e0gina web<\/a><\/span>.<\/p>\n<div>\n<p>&nbsp;<\/p>\n\n\t\t<style type=\"text\/css\">\n\t\t\t#gallery-1 {\n\t\t\t\tmargin: auto;\n\t\t\t}\n\t\t\t#gallery-1 .gallery-item {\n\t\t\t\tfloat: left;\n\t\t\t\tmargin-top: 10px;\n\t\t\t\ttext-align: center;\n\t\t\t\twidth: 33%;\n\t\t\t}\n\t\t\t#gallery-1 img {\n\t\t\t\tborder: 2px solid #cfcfcf;\n\t\t\t}\n\t\t\t#gallery-1 .gallery-caption {\n\t\t\t\tmargin-left: 0;\n\t\t\t}\n\t\t\t\/* see gallery_shortcode() in wp-includes\/media.php *\/\n\t\t<\/style>\n\t\t<div id='gallery-1' class='gallery galleryid-41830 gallery-columns-3 gallery-size-medium'><dl class='gallery-item'>\n\t\t\t<dt class='gallery-icon landscape'>\n\t\t\t\t<a data-rel=\"iLightbox[postimages]\" data-title=\"fesc1\" data-caption=\"\" href='https:\/\/www.esplac.cat\/wp-content\/uploads\/2022\/10\/fesc1.jpeg'><img decoding=\"async\" width=\"300\" height=\"225\" src=\"https:\/\/www.esplac.cat\/wp-content\/uploads\/2022\/10\/fesc1-300x225.jpeg\" class=\"attachment-medium size-medium\" alt=\"\" srcset=\"https:\/\/www.esplac.cat\/wp-content\/uploads\/2022\/10\/fesc1-200x150.jpeg 200w, https:\/\/www.esplac.cat\/wp-content\/uploads\/2022\/10\/fesc1-300x225.jpeg 300w, https:\/\/www.esplac.cat\/wp-content\/uploads\/2022\/10\/fesc1-400x300.jpeg 400w, https:\/\/www.esplac.cat\/wp-content\/uploads\/2022\/10\/fesc1-600x450.jpeg 600w, https:\/\/www.esplac.cat\/wp-content\/uploads\/2022\/10\/fesc1-768x576.jpeg 768w, https:\/\/www.esplac.cat\/wp-content\/uploads\/2022\/10\/fesc1-800x600.jpeg 800w, https:\/\/www.esplac.cat\/wp-content\/uploads\/2022\/10\/fesc1-1024x768.jpeg 1024w, https:\/\/www.esplac.cat\/wp-content\/uploads\/2022\/10\/fesc1-1200x900.jpeg 1200w, https:\/\/www.esplac.cat\/wp-content\/uploads\/2022\/10\/fesc1-1536x1152.jpeg 1536w, https:\/\/www.esplac.cat\/wp-content\/uploads\/2022\/10\/fesc1.jpeg 1600w\" sizes=\"(max-width: 300px) 100vw, 300px\" \/><\/a>\n\t\t\t<\/dt><\/dl><dl class='gallery-item'>\n\t\t\t<dt class='gallery-icon landscape'>\n\t\t\t\t<a data-rel=\"iLightbox[postimages]\" data-title=\"fesc2\" data-caption=\"\" href='https:\/\/www.esplac.cat\/wp-content\/uploads\/2022\/10\/fesc2.jpeg'><img decoding=\"async\" width=\"300\" height=\"169\" src=\"https:\/\/www.esplac.cat\/wp-content\/uploads\/2022\/10\/fesc2-300x169.jpeg\" class=\"attachment-medium size-medium\" alt=\"\" srcset=\"https:\/\/www.esplac.cat\/wp-content\/uploads\/2022\/10\/fesc2-200x113.jpeg 200w, https:\/\/www.esplac.cat\/wp-content\/uploads\/2022\/10\/fesc2-300x169.jpeg 300w, https:\/\/www.esplac.cat\/wp-content\/uploads\/2022\/10\/fesc2-400x225.jpeg 400w, https:\/\/www.esplac.cat\/wp-content\/uploads\/2022\/10\/fesc2-600x338.jpeg 600w, https:\/\/www.esplac.cat\/wp-content\/uploads\/2022\/10\/fesc2-768x432.jpeg 768w, https:\/\/www.esplac.cat\/wp-content\/uploads\/2022\/10\/fesc2-800x450.jpeg 800w, https:\/\/www.esplac.cat\/wp-content\/uploads\/2022\/10\/fesc2-1024x576.jpeg 1024w, https:\/\/www.esplac.cat\/wp-content\/uploads\/2022\/10\/fesc2-1200x675.jpeg 1200w, https:\/\/www.esplac.cat\/wp-content\/uploads\/2022\/10\/fesc2.jpeg 1280w\" sizes=\"(max-width: 300px) 100vw, 300px\" \/><\/a>\n\t\t\t<\/dt><\/dl><dl class='gallery-item'>\n\t\t\t<dt class='gallery-icon portrait'>\n\t\t\t\t<a data-rel=\"iLightbox[postimages]\" data-title=\"fesc3\" data-caption=\"\" href='https:\/\/www.esplac.cat\/wp-content\/uploads\/2022\/10\/fesc3-e1666614050376.jpeg'><img decoding=\"async\" width=\"225\" height=\"300\" src=\"https:\/\/www.esplac.cat\/wp-content\/uploads\/2022\/10\/fesc3-225x300.jpeg\" class=\"attachment-medium size-medium\" alt=\"\" srcset=\"https:\/\/www.esplac.cat\/wp-content\/uploads\/2022\/10\/fesc3-200x267.jpeg 200w, https:\/\/www.esplac.cat\/wp-content\/uploads\/2022\/10\/fesc3-225x300.jpeg 225w, https:\/\/www.esplac.cat\/wp-content\/uploads\/2022\/10\/fesc3-400x533.jpeg 400w, https:\/\/www.esplac.cat\/wp-content\/uploads\/2022\/10\/fesc3-600x800.jpeg 600w, https:\/\/www.esplac.cat\/wp-content\/uploads\/2022\/10\/fesc3-768x1024.jpeg 768w, https:\/\/www.esplac.cat\/wp-content\/uploads\/2022\/10\/fesc3-800x1067.jpeg 800w, https:\/\/www.esplac.cat\/wp-content\/uploads\/2022\/10\/fesc3-1152x1536.jpeg 1152w, https:\/\/www.esplac.cat\/wp-content\/uploads\/2022\/10\/fesc3-1200x1600.jpeg 1200w, https:\/\/www.esplac.cat\/wp-content\/uploads\/2022\/10\/fesc3.jpeg 1500w\" sizes=\"(max-width: 225px) 100vw, 225px\" \/><\/a>\n\t\t\t<\/dt><\/dl><br style=\"clear: both\" \/>\n\t\t<\/div>\n\n<\/div>\n<div>\n\n\t\t<style type=\"text\/css\">\n\t\t\t#gallery-2 {\n\t\t\t\tmargin: auto;\n\t\t\t}\n\t\t\t#gallery-2 .gallery-item {\n\t\t\t\tfloat: left;\n\t\t\t\tmargin-top: 10px;\n\t\t\t\ttext-align: center;\n\t\t\t\twidth: 33%;\n\t\t\t}\n\t\t\t#gallery-2 img {\n\t\t\t\tborder: 2px solid #cfcfcf;\n\t\t\t}\n\t\t\t#gallery-2 .gallery-caption {\n\t\t\t\tmargin-left: 0;\n\t\t\t}\n\t\t\t\/* see gallery_shortcode() in wp-includes\/media.php *\/\n\t\t<\/style>\n\t\t<div id='gallery-2' class='gallery galleryid-41830 gallery-columns-3 gallery-size-medium'><dl class='gallery-item'>\n\t\t\t<dt class='gallery-icon landscape'>\n\t\t\t\t<a data-rel=\"iLightbox[postimages]\" data-title=\"WhatsApp Image 2022-10-24 at 13.36.01\" data-caption=\"Fotografies de l&#039;Escola Lliure El Sol\" href='https:\/\/www.esplac.cat\/wp-content\/uploads\/2022\/10\/WhatsApp-Image-2022-10-24-at-13.36.01.jpeg'><img decoding=\"async\" width=\"300\" height=\"225\" src=\"https:\/\/www.esplac.cat\/wp-content\/uploads\/2022\/10\/WhatsApp-Image-2022-10-24-at-13.36.01-300x225.jpeg\" class=\"attachment-medium size-medium\" alt=\"\" aria-describedby=\"gallery-2-41843\" srcset=\"https:\/\/www.esplac.cat\/wp-content\/uploads\/2022\/10\/WhatsApp-Image-2022-10-24-at-13.36.01-200x150.jpeg 200w, https:\/\/www.esplac.cat\/wp-content\/uploads\/2022\/10\/WhatsApp-Image-2022-10-24-at-13.36.01-300x225.jpeg 300w, https:\/\/www.esplac.cat\/wp-content\/uploads\/2022\/10\/WhatsApp-Image-2022-10-24-at-13.36.01-400x300.jpeg 400w, https:\/\/www.esplac.cat\/wp-content\/uploads\/2022\/10\/WhatsApp-Image-2022-10-24-at-13.36.01-600x450.jpeg 600w, https:\/\/www.esplac.cat\/wp-content\/uploads\/2022\/10\/WhatsApp-Image-2022-10-24-at-13.36.01-768x576.jpeg 768w, https:\/\/www.esplac.cat\/wp-content\/uploads\/2022\/10\/WhatsApp-Image-2022-10-24-at-13.36.01-800x600.jpeg 800w, https:\/\/www.esplac.cat\/wp-content\/uploads\/2022\/10\/WhatsApp-Image-2022-10-24-at-13.36.01-1024x768.jpeg 1024w, https:\/\/www.esplac.cat\/wp-content\/uploads\/2022\/10\/WhatsApp-Image-2022-10-24-at-13.36.01-1200x900.jpeg 1200w, https:\/\/www.esplac.cat\/wp-content\/uploads\/2022\/10\/WhatsApp-Image-2022-10-24-at-13.36.01-1536x1152.jpeg 1536w, https:\/\/www.esplac.cat\/wp-content\/uploads\/2022\/10\/WhatsApp-Image-2022-10-24-at-13.36.01.jpeg 1600w\" sizes=\"(max-width: 300px) 100vw, 300px\" \/><\/a>\n\t\t\t<\/dt>\n\t\t\t\t<dd class='wp-caption-text gallery-caption' id='gallery-2-41843'>\n\t\t\t\tFotografies de l&#8217;Escola Lliure El Sol\n\t\t\t\t<\/dd><\/dl><dl class='gallery-item'>\n\t\t\t<dt class='gallery-icon landscape'>\n\t\t\t\t<a data-rel=\"iLightbox[postimages]\" data-title=\"WhatsApp Image 2022-10-24 at 13.36.00 (1)\" data-caption=\"Fotografies de l&#039;Escola Lliure El Sol\" href='https:\/\/www.esplac.cat\/wp-content\/uploads\/2022\/10\/WhatsApp-Image-2022-10-24-at-13.36.00-1.jpeg'><img decoding=\"async\" width=\"300\" height=\"225\" src=\"https:\/\/www.esplac.cat\/wp-content\/uploads\/2022\/10\/WhatsApp-Image-2022-10-24-at-13.36.00-1-300x225.jpeg\" class=\"attachment-medium size-medium\" alt=\"\" aria-describedby=\"gallery-2-41846\" srcset=\"https:\/\/www.esplac.cat\/wp-content\/uploads\/2022\/10\/WhatsApp-Image-2022-10-24-at-13.36.00-1-200x150.jpeg 200w, https:\/\/www.esplac.cat\/wp-content\/uploads\/2022\/10\/WhatsApp-Image-2022-10-24-at-13.36.00-1-300x225.jpeg 300w, https:\/\/www.esplac.cat\/wp-content\/uploads\/2022\/10\/WhatsApp-Image-2022-10-24-at-13.36.00-1-400x300.jpeg 400w, https:\/\/www.esplac.cat\/wp-content\/uploads\/2022\/10\/WhatsApp-Image-2022-10-24-at-13.36.00-1-600x450.jpeg 600w, https:\/\/www.esplac.cat\/wp-content\/uploads\/2022\/10\/WhatsApp-Image-2022-10-24-at-13.36.00-1-768x576.jpeg 768w, https:\/\/www.esplac.cat\/wp-content\/uploads\/2022\/10\/WhatsApp-Image-2022-10-24-at-13.36.00-1-800x600.jpeg 800w, https:\/\/www.esplac.cat\/wp-content\/uploads\/2022\/10\/WhatsApp-Image-2022-10-24-at-13.36.00-1-1024x768.jpeg 1024w, https:\/\/www.esplac.cat\/wp-content\/uploads\/2022\/10\/WhatsApp-Image-2022-10-24-at-13.36.00-1-1200x900.jpeg 1200w, https:\/\/www.esplac.cat\/wp-content\/uploads\/2022\/10\/WhatsApp-Image-2022-10-24-at-13.36.00-1-1536x1152.jpeg 1536w, https:\/\/www.esplac.cat\/wp-content\/uploads\/2022\/10\/WhatsApp-Image-2022-10-24-at-13.36.00-1.jpeg 1600w\" sizes=\"(max-width: 300px) 100vw, 300px\" \/><\/a>\n\t\t\t<\/dt>\n\t\t\t\t<dd class='wp-caption-text gallery-caption' id='gallery-2-41846'>\n\t\t\t\tFotografies de l&#8217;Escola Lliure El Sol\n\t\t\t\t<\/dd><\/dl><dl class='gallery-item'>\n\t\t\t<dt class='gallery-icon landscape'>\n\t\t\t\t<a data-rel=\"iLightbox[postimages]\" data-title=\"WhatsApp Image 2022-10-24 at 13.36.00\" data-caption=\"Fotografies cedides per l&#039;Escola Lliure El Sol\" href='https:\/\/www.esplac.cat\/wp-content\/uploads\/2022\/10\/WhatsApp-Image-2022-10-24-at-13.36.00.jpeg'><img decoding=\"async\" width=\"300\" height=\"225\" src=\"https:\/\/www.esplac.cat\/wp-content\/uploads\/2022\/10\/WhatsApp-Image-2022-10-24-at-13.36.00-300x225.jpeg\" class=\"attachment-medium size-medium\" alt=\"\" aria-describedby=\"gallery-2-41849\" srcset=\"https:\/\/www.esplac.cat\/wp-content\/uploads\/2022\/10\/WhatsApp-Image-2022-10-24-at-13.36.00-200x150.jpeg 200w, https:\/\/www.esplac.cat\/wp-content\/uploads\/2022\/10\/WhatsApp-Image-2022-10-24-at-13.36.00-300x225.jpeg 300w, https:\/\/www.esplac.cat\/wp-content\/uploads\/2022\/10\/WhatsApp-Image-2022-10-24-at-13.36.00-400x300.jpeg 400w, https:\/\/www.esplac.cat\/wp-content\/uploads\/2022\/10\/WhatsApp-Image-2022-10-24-at-13.36.00-600x450.jpeg 600w, https:\/\/www.esplac.cat\/wp-content\/uploads\/2022\/10\/WhatsApp-Image-2022-10-24-at-13.36.00-768x576.jpeg 768w, https:\/\/www.esplac.cat\/wp-content\/uploads\/2022\/10\/WhatsApp-Image-2022-10-24-at-13.36.00-800x600.jpeg 800w, https:\/\/www.esplac.cat\/wp-content\/uploads\/2022\/10\/WhatsApp-Image-2022-10-24-at-13.36.00-1024x768.jpeg 1024w, https:\/\/www.esplac.cat\/wp-content\/uploads\/2022\/10\/WhatsApp-Image-2022-10-24-at-13.36.00-1200x900.jpeg 1200w, https:\/\/www.esplac.cat\/wp-content\/uploads\/2022\/10\/WhatsApp-Image-2022-10-24-at-13.36.00-1536x1152.jpeg 1536w, https:\/\/www.esplac.cat\/wp-content\/uploads\/2022\/10\/WhatsApp-Image-2022-10-24-at-13.36.00.jpeg 1600w\" sizes=\"(max-width: 300px) 100vw, 300px\" \/><\/a>\n\t\t\t<\/dt>\n\t\t\t\t<dd class='wp-caption-text gallery-caption' id='gallery-2-41849'>\n\t\t\t\tFotografies cedides per l&#8217;Escola Lliure El Sol\n\t\t\t\t<\/dd><\/dl><br style=\"clear: both\" \/>\n\t\t<\/div>\n\n<\/div>\n","protected":false},"excerpt":{"rendered":"<p>El passat 22 i 23 d&#8217;octubre vam participar en la [&hellip;]<\/p>\n","protected":false},"author":3,"featured_media":41831,"comment_status":"closed","ping_status":"closed","sticky":false,"template":"","format":"standard","meta":{"om_disable_all_campaigns":false,"_monsterinsights_skip_tracking":false,"_monsterinsights_sitenote_active":false,"_monsterinsights_sitenote_note":"","_monsterinsights_sitenote_category":0,"_uf_show_specific_survey":0,"_uf_disable_surveys":false,"footnotes":""},"categories":[1111],"tags":[],"class_list":["post-41830","post","type-post","status-publish","format-standard","has-post-thumbnail","hentry","category-activitats-esplac"],"yoast_head":"<!-- This site is optimized with the Yoast SEO plugin v27.5 - https:\/\/yoast.com\/product\/yoast-seo-wordpress\/ -->\n<title>Esplac a la Fira d&#039;Economia Solid\u00e0ria de Catalunya (FESC): aportem experi\u00e8ncies sobre la banca \u00e8tica i l&#039;educaci\u00f3 en el lleure m\u00e9s enll\u00e0 del mercat - Esplac<\/title>\n<meta name=\"description\" content=\"Esplac hem participat a la FESC aportant experi\u00e8ncia a les taules rodones de banca \u00e8tica i educaci\u00f3 transformadora allunyada del mercat\" \/>\n<meta name=\"robots\" content=\"index, follow, max-snippet:-1, max-image-preview:large, max-video-preview:-1\" \/>\n<link rel=\"canonical\" href=\"https:\/\/www.esplac.cat\/esplac-a-la-fesc\/\" \/>\n<meta property=\"og:locale\" content=\"es_ES\" \/>\n<meta property=\"og:type\" content=\"article\" \/>\n<meta property=\"og:title\" content=\"Esplac a la Fira d&#039;Economia Solid\u00e0ria de Catalunya (FESC): aportem experi\u00e8ncies sobre la banca \u00e8tica i l&#039;educaci\u00f3 en el lleure m\u00e9s enll\u00e0 del mercat - Esplac\" \/>\n<meta property=\"og:description\" content=\"Esplac hem participat a la FESC aportant experi\u00e8ncia a les taules rodones de banca \u00e8tica i educaci\u00f3 transformadora allunyada del mercat\" \/>\n<meta property=\"og:url\" content=\"https:\/\/www.esplac.cat\/esplac-a-la-fesc\/\" \/>\n<meta property=\"og:site_name\" content=\"Esplac\" \/>\n<meta property=\"article:published_time\" content=\"2022-10-24T12:21:45+00:00\" \/>\n<meta property=\"article:modified_time\" content=\"2022-10-24T15:04:29+00:00\" \/>\n<meta property=\"og:image\" content=\"https:\/\/www.esplac.cat\/wp-content\/uploads\/2022\/10\/Portades-web-34.jpg\" \/>\n\t<meta property=\"og:image:width\" content=\"1694\" \/>\n\t<meta property=\"og:image:height\" content=\"700\" \/>\n\t<meta property=\"og:image:type\" content=\"image\/jpeg\" \/>\n<meta name=\"author\" content=\"Comunicaci\u00f3 Esplac\" \/>\n<meta name=\"twitter:card\" content=\"summary_large_image\" \/>\n<meta name=\"twitter:label1\" content=\"Escrito por\" \/>\n\t<meta name=\"twitter:data1\" content=\"Comunicaci\u00f3 Esplac\" \/>\n\t<meta name=\"twitter:label2\" content=\"Tiempo de lectura\" \/>\n\t<meta name=\"twitter:data2\" content=\"2 minutos\" \/>\n<script type=\"application\/ld+json\" class=\"yoast-schema-graph\">{\"@context\":\"https:\\\/\\\/schema.org\",\"@graph\":[{\"@type\":\"Article\",\"@id\":\"https:\\\/\\\/www.esplac.cat\\\/esplac-a-la-fesc\\\/#article\",\"isPartOf\":{\"@id\":\"https:\\\/\\\/www.esplac.cat\\\/esplac-a-la-fesc\\\/\"},\"author\":{\"name\":\"Comunicaci\u00f3 Esplac\",\"@id\":\"https:\\\/\\\/www.esplac.cat\\\/#\\\/schema\\\/person\\\/908383cf240be18b68f8855d0583faca\"},\"headline\":\"Esplac a la Fira d&#8217;Economia Solid\u00e0ria de Catalunya (FESC): aportem experi\u00e8ncies sobre la banca \u00e8tica i l&#8217;educaci\u00f3 en el lleure m\u00e9s enll\u00e0 del mercat\",\"datePublished\":\"2022-10-24T12:21:45+00:00\",\"dateModified\":\"2022-10-24T15:04:29+00:00\",\"mainEntityOfPage\":{\"@id\":\"https:\\\/\\\/www.esplac.cat\\\/esplac-a-la-fesc\\\/\"},\"wordCount\":351,\"publisher\":{\"@id\":\"https:\\\/\\\/www.esplac.cat\\\/#organization\"},\"image\":{\"@id\":\"https:\\\/\\\/www.esplac.cat\\\/esplac-a-la-fesc\\\/#primaryimage\"},\"thumbnailUrl\":\"https:\\\/\\\/www.esplac.cat\\\/wp-content\\\/uploads\\\/2022\\\/10\\\/Portades-web-34.jpg\",\"articleSection\":[\"Activitats esplac\"],\"inLanguage\":\"es\"},{\"@type\":\"WebPage\",\"@id\":\"https:\\\/\\\/www.esplac.cat\\\/esplac-a-la-fesc\\\/\",\"url\":\"https:\\\/\\\/www.esplac.cat\\\/esplac-a-la-fesc\\\/\",\"name\":\"Esplac a la Fira d'Economia Solid\u00e0ria de Catalunya (FESC): aportem experi\u00e8ncies sobre la banca \u00e8tica i l'educaci\u00f3 en el lleure m\u00e9s enll\u00e0 del mercat - Esplac\",\"isPartOf\":{\"@id\":\"https:\\\/\\\/www.esplac.cat\\\/#website\"},\"primaryImageOfPage\":{\"@id\":\"https:\\\/\\\/www.esplac.cat\\\/esplac-a-la-fesc\\\/#primaryimage\"},\"image\":{\"@id\":\"https:\\\/\\\/www.esplac.cat\\\/esplac-a-la-fesc\\\/#primaryimage\"},\"thumbnailUrl\":\"https:\\\/\\\/www.esplac.cat\\\/wp-content\\\/uploads\\\/2022\\\/10\\\/Portades-web-34.jpg\",\"datePublished\":\"2022-10-24T12:21:45+00:00\",\"dateModified\":\"2022-10-24T15:04:29+00:00\",\"description\":\"Esplac hem participat a la FESC aportant experi\u00e8ncia a les taules rodones de banca \u00e8tica i educaci\u00f3 transformadora allunyada del mercat\",\"breadcrumb\":{\"@id\":\"https:\\\/\\\/www.esplac.cat\\\/esplac-a-la-fesc\\\/#breadcrumb\"},\"inLanguage\":\"es\",\"potentialAction\":[{\"@type\":\"ReadAction\",\"target\":[\"https:\\\/\\\/www.esplac.cat\\\/esplac-a-la-fesc\\\/\"]}]},{\"@type\":\"ImageObject\",\"inLanguage\":\"es\",\"@id\":\"https:\\\/\\\/www.esplac.cat\\\/esplac-a-la-fesc\\\/#primaryimage\",\"url\":\"https:\\\/\\\/www.esplac.cat\\\/wp-content\\\/uploads\\\/2022\\\/10\\\/Portades-web-34.jpg\",\"contentUrl\":\"https:\\\/\\\/www.esplac.cat\\\/wp-content\\\/uploads\\\/2022\\\/10\\\/Portades-web-34.jpg\",\"width\":1694,\"height\":700},{\"@type\":\"BreadcrumbList\",\"@id\":\"https:\\\/\\\/www.esplac.cat\\\/esplac-a-la-fesc\\\/#breadcrumb\",\"itemListElement\":[{\"@type\":\"ListItem\",\"position\":1,\"name\":\"Inici\",\"item\":\"https:\\\/\\\/www.esplac.cat\\\/es\\\/\"},{\"@type\":\"ListItem\",\"position\":2,\"name\":\"Esplac a la Fira d&#8217;Economia Solid\u00e0ria de Catalunya (FESC): aportem experi\u00e8ncies sobre la banca \u00e8tica i l&#8217;educaci\u00f3 en el lleure m\u00e9s enll\u00e0 del mercat\"}]},{\"@type\":\"WebSite\",\"@id\":\"https:\\\/\\\/www.esplac.cat\\\/#website\",\"url\":\"https:\\\/\\\/www.esplac.cat\\\/\",\"name\":\"Esplac\",\"description\":\"Esplais Catalans\",\"publisher\":{\"@id\":\"https:\\\/\\\/www.esplac.cat\\\/#organization\"},\"potentialAction\":[{\"@type\":\"SearchAction\",\"target\":{\"@type\":\"EntryPoint\",\"urlTemplate\":\"https:\\\/\\\/www.esplac.cat\\\/?s={search_term_string}\"},\"query-input\":{\"@type\":\"PropertyValueSpecification\",\"valueRequired\":true,\"valueName\":\"search_term_string\"}}],\"inLanguage\":\"es\"},{\"@type\":\"Organization\",\"@id\":\"https:\\\/\\\/www.esplac.cat\\\/#organization\",\"name\":\"Esplac\",\"url\":\"https:\\\/\\\/www.esplac.cat\\\/\",\"logo\":{\"@type\":\"ImageObject\",\"inLanguage\":\"es\",\"@id\":\"https:\\\/\\\/www.esplac.cat\\\/#\\\/schema\\\/logo\\\/image\\\/\",\"url\":\"https:\\\/\\\/www.esplac.cat\\\/wp-content\\\/uploads\\\/2019\\\/08\\\/logox2.png\",\"contentUrl\":\"https:\\\/\\\/www.esplac.cat\\\/wp-content\\\/uploads\\\/2019\\\/08\\\/logox2.png\",\"width\":600,\"height\":295,\"caption\":\"Esplac\"},\"image\":{\"@id\":\"https:\\\/\\\/www.esplac.cat\\\/#\\\/schema\\\/logo\\\/image\\\/\"}},{\"@type\":\"Person\",\"@id\":\"https:\\\/\\\/www.esplac.cat\\\/#\\\/schema\\\/person\\\/908383cf240be18b68f8855d0583faca\",\"name\":\"Comunicaci\u00f3 Esplac\",\"image\":{\"@type\":\"ImageObject\",\"inLanguage\":\"es\",\"@id\":\"https:\\\/\\\/secure.gravatar.com\\\/avatar\\\/7a4cf8feb412a76ea4a740ca02d95b06b2907b5a6c648c2dd0a1082a093c3141?s=96&d=mm&r=g\",\"url\":\"https:\\\/\\\/secure.gravatar.com\\\/avatar\\\/7a4cf8feb412a76ea4a740ca02d95b06b2907b5a6c648c2dd0a1082a093c3141?s=96&d=mm&r=g\",\"contentUrl\":\"https:\\\/\\\/secure.gravatar.com\\\/avatar\\\/7a4cf8feb412a76ea4a740ca02d95b06b2907b5a6c648c2dd0a1082a093c3141?s=96&d=mm&r=g\",\"caption\":\"Comunicaci\u00f3 Esplac\"}}]}<\/script>\n<!-- \/ Yoast SEO plugin. -->","yoast_head_json":{"title":"Esplac a la Fira d'Economia Solid\u00e0ria de Catalunya (FESC): aportem experi\u00e8ncies sobre la banca \u00e8tica i l'educaci\u00f3 en el lleure m\u00e9s enll\u00e0 del mercat - Esplac","description":"Esplac hem participat a la FESC aportant experi\u00e8ncia a les taules rodones de banca \u00e8tica i educaci\u00f3 transformadora allunyada del mercat","robots":{"index":"index","follow":"follow","max-snippet":"max-snippet:-1","max-image-preview":"max-image-preview:large","max-video-preview":"max-video-preview:-1"},"canonical":"https:\/\/www.esplac.cat\/esplac-a-la-fesc\/","og_locale":"es_ES","og_type":"article","og_title":"Esplac a la Fira d'Economia Solid\u00e0ria de Catalunya (FESC): aportem experi\u00e8ncies sobre la banca \u00e8tica i l'educaci\u00f3 en el lleure m\u00e9s enll\u00e0 del mercat - Esplac","og_description":"Esplac hem participat a la FESC aportant experi\u00e8ncia a les taules rodones de banca \u00e8tica i educaci\u00f3 transformadora allunyada del mercat","og_url":"https:\/\/www.esplac.cat\/esplac-a-la-fesc\/","og_site_name":"Esplac","article_published_time":"2022-10-24T12:21:45+00:00","article_modified_time":"2022-10-24T15:04:29+00:00","og_image":[{"width":1694,"height":700,"url":"https:\/\/www.esplac.cat\/wp-content\/uploads\/2022\/10\/Portades-web-34.jpg","type":"image\/jpeg"}],"author":"Comunicaci\u00f3 Esplac","twitter_card":"summary_large_image","twitter_misc":{"Escrito por":"Comunicaci\u00f3 Esplac","Tiempo de lectura":"2 minutos"},"schema":{"@context":"https:\/\/schema.org","@graph":[{"@type":"Article","@id":"https:\/\/www.esplac.cat\/esplac-a-la-fesc\/#article","isPartOf":{"@id":"https:\/\/www.esplac.cat\/esplac-a-la-fesc\/"},"author":{"name":"Comunicaci\u00f3 Esplac","@id":"https:\/\/www.esplac.cat\/#\/schema\/person\/908383cf240be18b68f8855d0583faca"},"headline":"Esplac a la Fira d&#8217;Economia Solid\u00e0ria de Catalunya (FESC): aportem experi\u00e8ncies sobre la banca \u00e8tica i l&#8217;educaci\u00f3 en el lleure m\u00e9s enll\u00e0 del mercat","datePublished":"2022-10-24T12:21:45+00:00","dateModified":"2022-10-24T15:04:29+00:00","mainEntityOfPage":{"@id":"https:\/\/www.esplac.cat\/esplac-a-la-fesc\/"},"wordCount":351,"publisher":{"@id":"https:\/\/www.esplac.cat\/#organization"},"image":{"@id":"https:\/\/www.esplac.cat\/esplac-a-la-fesc\/#primaryimage"},"thumbnailUrl":"https:\/\/www.esplac.cat\/wp-content\/uploads\/2022\/10\/Portades-web-34.jpg","articleSection":["Activitats esplac"],"inLanguage":"es"},{"@type":"WebPage","@id":"https:\/\/www.esplac.cat\/esplac-a-la-fesc\/","url":"https:\/\/www.esplac.cat\/esplac-a-la-fesc\/","name":"Esplac a la Fira d'Economia Solid\u00e0ria de Catalunya (FESC): aportem experi\u00e8ncies sobre la banca \u00e8tica i l'educaci\u00f3 en el lleure m\u00e9s enll\u00e0 del mercat - Esplac","isPartOf":{"@id":"https:\/\/www.esplac.cat\/#website"},"primaryImageOfPage":{"@id":"https:\/\/www.esplac.cat\/esplac-a-la-fesc\/#primaryimage"},"image":{"@id":"https:\/\/www.esplac.cat\/esplac-a-la-fesc\/#primaryimage"},"thumbnailUrl":"https:\/\/www.esplac.cat\/wp-content\/uploads\/2022\/10\/Portades-web-34.jpg","datePublished":"2022-10-24T12:21:45+00:00","dateModified":"2022-10-24T15:04:29+00:00","description":"Esplac hem participat a la FESC aportant experi\u00e8ncia a les taules rodones de banca \u00e8tica i educaci\u00f3 transformadora allunyada del mercat","breadcrumb":{"@id":"https:\/\/www.esplac.cat\/esplac-a-la-fesc\/#breadcrumb"},"inLanguage":"es","potentialAction":[{"@type":"ReadAction","target":["https:\/\/www.esplac.cat\/esplac-a-la-fesc\/"]}]},{"@type":"ImageObject","inLanguage":"es","@id":"https:\/\/www.esplac.cat\/esplac-a-la-fesc\/#primaryimage","url":"https:\/\/www.esplac.cat\/wp-content\/uploads\/2022\/10\/Portades-web-34.jpg","contentUrl":"https:\/\/www.esplac.cat\/wp-content\/uploads\/2022\/10\/Portades-web-34.jpg","width":1694,"height":700},{"@type":"BreadcrumbList","@id":"https:\/\/www.esplac.cat\/esplac-a-la-fesc\/#breadcrumb","itemListElement":[{"@type":"ListItem","position":1,"name":"Inici","item":"https:\/\/www.esplac.cat\/es\/"},{"@type":"ListItem","position":2,"name":"Esplac a la Fira d&#8217;Economia Solid\u00e0ria de Catalunya (FESC): aportem experi\u00e8ncies sobre la banca \u00e8tica i l&#8217;educaci\u00f3 en el lleure m\u00e9s enll\u00e0 del mercat"}]},{"@type":"WebSite","@id":"https:\/\/www.esplac.cat\/#website","url":"https:\/\/www.esplac.cat\/","name":"Esplac","description":"Esplais Catalans","publisher":{"@id":"https:\/\/www.esplac.cat\/#organization"},"potentialAction":[{"@type":"SearchAction","target":{"@type":"EntryPoint","urlTemplate":"https:\/\/www.esplac.cat\/?s={search_term_string}"},"query-input":{"@type":"PropertyValueSpecification","valueRequired":true,"valueName":"search_term_string"}}],"inLanguage":"es"},{"@type":"Organization","@id":"https:\/\/www.esplac.cat\/#organization","name":"Esplac","url":"https:\/\/www.esplac.cat\/","logo":{"@type":"ImageObject","inLanguage":"es","@id":"https:\/\/www.esplac.cat\/#\/schema\/logo\/image\/","url":"https:\/\/www.esplac.cat\/wp-content\/uploads\/2019\/08\/logox2.png","contentUrl":"https:\/\/www.esplac.cat\/wp-content\/uploads\/2019\/08\/logox2.png","width":600,"height":295,"caption":"Esplac"},"image":{"@id":"https:\/\/www.esplac.cat\/#\/schema\/logo\/image\/"}},{"@type":"Person","@id":"https:\/\/www.esplac.cat\/#\/schema\/person\/908383cf240be18b68f8855d0583faca","name":"Comunicaci\u00f3 Esplac","image":{"@type":"ImageObject","inLanguage":"es","@id":"https:\/\/secure.gravatar.com\/avatar\/7a4cf8feb412a76ea4a740ca02d95b06b2907b5a6c648c2dd0a1082a093c3141?s=96&d=mm&r=g","url":"https:\/\/secure.gravatar.com\/avatar\/7a4cf8feb412a76ea4a740ca02d95b06b2907b5a6c648c2dd0a1082a093c3141?s=96&d=mm&r=g","contentUrl":"https:\/\/secure.gravatar.com\/avatar\/7a4cf8feb412a76ea4a740ca02d95b06b2907b5a6c648c2dd0a1082a093c3141?s=96&d=mm&r=g","caption":"Comunicaci\u00f3 Esplac"}}]}},"_links":{"self":[{"href":"https:\/\/www.esplac.cat\/es\/wp-json\/wp\/v2\/posts\/41830","targetHints":{"allow":["GET"]}}],"collection":[{"href":"https:\/\/www.esplac.cat\/es\/wp-json\/wp\/v2\/posts"}],"about":[{"href":"https:\/\/www.esplac.cat\/es\/wp-json\/wp\/v2\/types\/post"}],"author":[{"embeddable":true,"href":"https:\/\/www.esplac.cat\/es\/wp-json\/wp\/v2\/users\/3"}],"replies":[{"embeddable":true,"href":"https:\/\/www.esplac.cat\/es\/wp-json\/wp\/v2\/comments?post=41830"}],"version-history":[{"count":0,"href":"https:\/\/www.esplac.cat\/es\/wp-json\/wp\/v2\/posts\/41830\/revisions"}],"wp:featuredmedia":[{"embeddable":true,"href":"https:\/\/www.esplac.cat\/es\/wp-json\/wp\/v2\/media\/41831"}],"wp:attachment":[{"href":"https:\/\/www.esplac.cat\/es\/wp-json\/wp\/v2\/media?parent=41830"}],"wp:term":[{"taxonomy":"category","embeddable":true,"href":"https:\/\/www.esplac.cat\/es\/wp-json\/wp\/v2\/categories?post=41830"},{"taxonomy":"post_tag","embeddable":true,"href":"https:\/\/www.esplac.cat\/es\/wp-json\/wp\/v2\/tags?post=41830"}],"curies":[{"name":"wp","href":"https:\/\/api.w.org\/{rel}","templated":true}]}}