{"id":42004,"date":"2022-11-17T15:03:12","date_gmt":"2022-11-17T13:03:12","guid":{"rendered":"https:\/\/www.esplac.cat\/?p=42004"},"modified":"2022-11-18T16:04:13","modified_gmt":"2022-11-18T14:04:13","slug":"tres-espais-formatius-relacio-emergencia-climatica-solstici-ambiental","status":"publish","type":"post","link":"https:\/\/www.esplac.cat\/es\/tres-espais-formatius-relacio-emergencia-climatica-solstici-ambiental\/","title":{"rendered":"Tres espais formatius en relaci\u00f3 a l\u2019emerg\u00e8ncia clim\u00e0tica al Solstici Ambiental"},"content":{"rendered":"<p><strong>El Solstici Ambiental \u00e9s l\u2019alternativa a les Jornades Ambientals i se celebrar\u00e0 la segona setmana de desembre a Barcelona.<\/strong><\/p>\n<p><span style=\"font-weight: 400;\">\u201cEducar en el catastrofisme. L\u2019esplai com a llavor de transformaci\u00f3 ecosocial\u201d \u00e9s fil conductor del Solstici Ambiental, adaptaci\u00f3 de les Jornades Ambientals. La comissi\u00f3 hem apostat per descentralitzar els tallers i formacions, i ha quedat de la seg\u00fcent manera:\u00a0<\/span><\/p>\n<ul>\n<li style=\"font-weight: 400;\" aria-level=\"1\"><span style=\"font-weight: 400;\"><strong>Dimarts 13 de desembre:<\/strong> Activitat sobre reciclatge alimentari a c\u00e0rrec de la Xarxa d\u2019Aliments de Gr\u00e0cia m\u00e9s participaci\u00f3 posterior a la Xarxa (Al C\/ Quevedo 13-15). De 18:30h a 20:30h<\/span><\/li>\n<li style=\"font-weight: 400;\" aria-level=\"1\"><span style=\"font-weight: 400;\"><strong>Dijous 15 de desembre:<\/strong> Taller sobre els efectes de l\u2019emerg\u00e8ncia clim\u00e0tica a c\u00e0rrec de Mel Educaci\u00f3. (Lloc pendent a confirmar) De 19h a 21h.\u00a0<\/span><\/li>\n<li style=\"font-weight: 400;\" aria-level=\"1\"><span style=\"font-weight: 400;\"><strong>Diumenge 18 de desembre:<\/strong> Formaci\u00f3 titulada \u201cFes anticapitalisme, passa&#8217;t a l&#8217;ESS\u00bb a c\u00e0rrec de l\u2019Escola Lliure El Sol (Lloc pendent a confirmar). De 10:30h a 13:30h.<\/span><\/li>\n<\/ul>\n<p><span style=\"font-weight: 400;\">Obriu agendes i reserveu-vos les dates! Us podeu a inscriure a una, dues o a les tres activitats. Us animem molt a participar-hi, de ben segur que seran espais molt profitosos per incorporar alternatives ecosocials a l\u2019esplai.<\/span><\/p>\n<p><span style=\"font-weight: 400;\">Us podeu inscriure al Solstici Ambiental <strong>a trav\u00e9s de l\u2019Era<\/strong> des del 17 de novembre fins l\u201911 de desembre! I no dubteu a escriure a <\/span><a href=\"mailto:reduintpetjada@esplac.cat\"><span style=\"font-weight: 400;\">reduintpetjada@esplac.cat<\/span><\/a><span style=\"font-weight: 400;\"> per a qualsevol dubte.<\/span><\/p>\n<p><a href=\"https:\/\/www.esplac.cat\/wp-content\/uploads\/2022\/11\/Solstici-ambiental-cartell.jpg\"><img decoding=\"async\" class=\"aligncenter wp-image-42005 \" src=\"https:\/\/www.esplac.cat\/wp-content\/uploads\/2022\/11\/Solstici-ambiental-cartell.jpg\" alt=\"\" width=\"636\" height=\"900\" srcset=\"https:\/\/www.esplac.cat\/wp-content\/uploads\/2022\/11\/Solstici-ambiental-cartell-200x283.jpg 200w, https:\/\/www.esplac.cat\/wp-content\/uploads\/2022\/11\/Solstici-ambiental-cartell-212x300.jpg 212w, https:\/\/www.esplac.cat\/wp-content\/uploads\/2022\/11\/Solstici-ambiental-cartell-400x566.jpg 400w, https:\/\/www.esplac.cat\/wp-content\/uploads\/2022\/11\/Solstici-ambiental-cartell-600x849.jpg 600w, https:\/\/www.esplac.cat\/wp-content\/uploads\/2022\/11\/Solstici-ambiental-cartell-724x1024.jpg 724w, https:\/\/www.esplac.cat\/wp-content\/uploads\/2022\/11\/Solstici-ambiental-cartell-768x1086.jpg 768w, https:\/\/www.esplac.cat\/wp-content\/uploads\/2022\/11\/Solstici-ambiental-cartell-800x1132.jpg 800w, https:\/\/www.esplac.cat\/wp-content\/uploads\/2022\/11\/Solstici-ambiental-cartell-1086x1536.jpg 1086w, https:\/\/www.esplac.cat\/wp-content\/uploads\/2022\/11\/Solstici-ambiental-cartell-1200x1698.jpg 1200w, https:\/\/www.esplac.cat\/wp-content\/uploads\/2022\/11\/Solstici-ambiental-cartell-1448x2048.jpg 1448w, https:\/\/www.esplac.cat\/wp-content\/uploads\/2022\/11\/Solstici-ambiental-cartell.jpg 1587w\" sizes=\"(max-width: 636px) 100vw, 636px\" \/><\/a><\/p>\n","protected":false},"excerpt":{"rendered":"<p>El Solstici Ambiental \u00e9s l\u2019alternativa a les Jornades Ambientals i [&hellip;]<\/p>\n","protected":false},"author":3,"featured_media":42027,"comment_status":"closed","ping_status":"closed","sticky":false,"template":"","format":"standard","meta":{"om_disable_all_campaigns":false,"_monsterinsights_skip_tracking":false,"_monsterinsights_sitenote_active":false,"_monsterinsights_sitenote_note":"","_monsterinsights_sitenote_category":0,"_uf_show_specific_survey":0,"_uf_disable_surveys":false,"footnotes":""},"categories":[1161,1159],"tags":[],"class_list":["post-42004","post","type-post","status-publish","format-standard","has-post-thumbnail","hentry","category-comissio-reduint-petjada","category-jornades-ambientals"],"yoast_head":"<!-- This site is optimized with the Yoast SEO plugin v27.4 - https:\/\/yoast.com\/product\/yoast-seo-wordpress\/ -->\n<title>Tres espais formatius en relaci\u00f3 a l\u2019emerg\u00e8ncia clim\u00e0tica al Solstici Ambiental - Esplac<\/title>\n<meta name=\"robots\" content=\"index, follow, max-snippet:-1, max-image-preview:large, max-video-preview:-1\" \/>\n<link rel=\"canonical\" href=\"https:\/\/www.esplac.cat\/tres-espais-formatius-relacio-emergencia-climatica-solstici-ambiental\/\" \/>\n<meta property=\"og:locale\" content=\"es_ES\" \/>\n<meta property=\"og:type\" content=\"article\" \/>\n<meta property=\"og:title\" content=\"Tres espais formatius en relaci\u00f3 a l\u2019emerg\u00e8ncia clim\u00e0tica al Solstici Ambiental - Esplac\" \/>\n<meta property=\"og:description\" content=\"El Solstici Ambiental \u00e9s l\u2019alternativa a les Jornades Ambientals i [&hellip;]\" \/>\n<meta property=\"og:url\" content=\"https:\/\/www.esplac.cat\/tres-espais-formatius-relacio-emergencia-climatica-solstici-ambiental\/\" \/>\n<meta property=\"og:site_name\" content=\"Esplac\" \/>\n<meta property=\"article:published_time\" content=\"2022-11-17T13:03:12+00:00\" \/>\n<meta property=\"article:modified_time\" content=\"2022-11-18T14:04:13+00:00\" \/>\n<meta property=\"og:image\" content=\"https:\/\/www.esplac.cat\/wp-content\/uploads\/2022\/11\/Portades-Web-35.jpg\" \/>\n\t<meta property=\"og:image:width\" content=\"1697\" \/>\n\t<meta property=\"og:image:height\" content=\"700\" \/>\n\t<meta property=\"og:image:type\" content=\"image\/jpeg\" \/>\n<meta name=\"author\" content=\"Comunicaci\u00f3 Esplac\" \/>\n<meta name=\"twitter:card\" content=\"summary_large_image\" \/>\n<meta name=\"twitter:label1\" content=\"Escrito por\" \/>\n\t<meta name=\"twitter:data1\" content=\"Comunicaci\u00f3 Esplac\" \/>\n\t<meta name=\"twitter:label2\" content=\"Tiempo de lectura\" \/>\n\t<meta name=\"twitter:data2\" content=\"2 minutos\" \/>\n<script type=\"application\/ld+json\" class=\"yoast-schema-graph\">{\"@context\":\"https:\\\/\\\/schema.org\",\"@graph\":[{\"@type\":\"Article\",\"@id\":\"https:\\\/\\\/www.esplac.cat\\\/tres-espais-formatius-relacio-emergencia-climatica-solstici-ambiental\\\/#article\",\"isPartOf\":{\"@id\":\"https:\\\/\\\/www.esplac.cat\\\/tres-espais-formatius-relacio-emergencia-climatica-solstici-ambiental\\\/\"},\"author\":{\"name\":\"Comunicaci\u00f3 Esplac\",\"@id\":\"https:\\\/\\\/www.esplac.cat\\\/#\\\/schema\\\/person\\\/908383cf240be18b68f8855d0583faca\"},\"headline\":\"Tres espais formatius en relaci\u00f3 a l\u2019emerg\u00e8ncia clim\u00e0tica al Solstici Ambiental\",\"datePublished\":\"2022-11-17T13:03:12+00:00\",\"dateModified\":\"2022-11-18T14:04:13+00:00\",\"mainEntityOfPage\":{\"@id\":\"https:\\\/\\\/www.esplac.cat\\\/tres-espais-formatius-relacio-emergencia-climatica-solstici-ambiental\\\/\"},\"wordCount\":235,\"publisher\":{\"@id\":\"https:\\\/\\\/www.esplac.cat\\\/#organization\"},\"image\":{\"@id\":\"https:\\\/\\\/www.esplac.cat\\\/tres-espais-formatius-relacio-emergencia-climatica-solstici-ambiental\\\/#primaryimage\"},\"thumbnailUrl\":\"https:\\\/\\\/www.esplac.cat\\\/wp-content\\\/uploads\\\/2022\\\/11\\\/Portades-Web-35.jpg\",\"articleSection\":[\"Comissi\u00f3 Reduint Petjada\",\"Jornades ambientals\"],\"inLanguage\":\"es\"},{\"@type\":\"WebPage\",\"@id\":\"https:\\\/\\\/www.esplac.cat\\\/tres-espais-formatius-relacio-emergencia-climatica-solstici-ambiental\\\/\",\"url\":\"https:\\\/\\\/www.esplac.cat\\\/tres-espais-formatius-relacio-emergencia-climatica-solstici-ambiental\\\/\",\"name\":\"Tres espais formatius en relaci\u00f3 a l\u2019emerg\u00e8ncia clim\u00e0tica al Solstici Ambiental - Esplac\",\"isPartOf\":{\"@id\":\"https:\\\/\\\/www.esplac.cat\\\/#website\"},\"primaryImageOfPage\":{\"@id\":\"https:\\\/\\\/www.esplac.cat\\\/tres-espais-formatius-relacio-emergencia-climatica-solstici-ambiental\\\/#primaryimage\"},\"image\":{\"@id\":\"https:\\\/\\\/www.esplac.cat\\\/tres-espais-formatius-relacio-emergencia-climatica-solstici-ambiental\\\/#primaryimage\"},\"thumbnailUrl\":\"https:\\\/\\\/www.esplac.cat\\\/wp-content\\\/uploads\\\/2022\\\/11\\\/Portades-Web-35.jpg\",\"datePublished\":\"2022-11-17T13:03:12+00:00\",\"dateModified\":\"2022-11-18T14:04:13+00:00\",\"breadcrumb\":{\"@id\":\"https:\\\/\\\/www.esplac.cat\\\/tres-espais-formatius-relacio-emergencia-climatica-solstici-ambiental\\\/#breadcrumb\"},\"inLanguage\":\"es\",\"potentialAction\":[{\"@type\":\"ReadAction\",\"target\":[\"https:\\\/\\\/www.esplac.cat\\\/tres-espais-formatius-relacio-emergencia-climatica-solstici-ambiental\\\/\"]}]},{\"@type\":\"ImageObject\",\"inLanguage\":\"es\",\"@id\":\"https:\\\/\\\/www.esplac.cat\\\/tres-espais-formatius-relacio-emergencia-climatica-solstici-ambiental\\\/#primaryimage\",\"url\":\"https:\\\/\\\/www.esplac.cat\\\/wp-content\\\/uploads\\\/2022\\\/11\\\/Portades-Web-35.jpg\",\"contentUrl\":\"https:\\\/\\\/www.esplac.cat\\\/wp-content\\\/uploads\\\/2022\\\/11\\\/Portades-Web-35.jpg\",\"width\":1697,\"height\":700},{\"@type\":\"BreadcrumbList\",\"@id\":\"https:\\\/\\\/www.esplac.cat\\\/tres-espais-formatius-relacio-emergencia-climatica-solstici-ambiental\\\/#breadcrumb\",\"itemListElement\":[{\"@type\":\"ListItem\",\"position\":1,\"name\":\"Inici\",\"item\":\"https:\\\/\\\/www.esplac.cat\\\/es\\\/\"},{\"@type\":\"ListItem\",\"position\":2,\"name\":\"Tres espais formatius en relaci\u00f3 a l\u2019emerg\u00e8ncia clim\u00e0tica al Solstici Ambiental\"}]},{\"@type\":\"WebSite\",\"@id\":\"https:\\\/\\\/www.esplac.cat\\\/#website\",\"url\":\"https:\\\/\\\/www.esplac.cat\\\/\",\"name\":\"Esplac\",\"description\":\"Esplais Catalans\",\"publisher\":{\"@id\":\"https:\\\/\\\/www.esplac.cat\\\/#organization\"},\"potentialAction\":[{\"@type\":\"SearchAction\",\"target\":{\"@type\":\"EntryPoint\",\"urlTemplate\":\"https:\\\/\\\/www.esplac.cat\\\/?s={search_term_string}\"},\"query-input\":{\"@type\":\"PropertyValueSpecification\",\"valueRequired\":true,\"valueName\":\"search_term_string\"}}],\"inLanguage\":\"es\"},{\"@type\":\"Organization\",\"@id\":\"https:\\\/\\\/www.esplac.cat\\\/#organization\",\"name\":\"Esplac\",\"url\":\"https:\\\/\\\/www.esplac.cat\\\/\",\"logo\":{\"@type\":\"ImageObject\",\"inLanguage\":\"es\",\"@id\":\"https:\\\/\\\/www.esplac.cat\\\/#\\\/schema\\\/logo\\\/image\\\/\",\"url\":\"https:\\\/\\\/www.esplac.cat\\\/wp-content\\\/uploads\\\/2019\\\/08\\\/logox2.png\",\"contentUrl\":\"https:\\\/\\\/www.esplac.cat\\\/wp-content\\\/uploads\\\/2019\\\/08\\\/logox2.png\",\"width\":600,\"height\":295,\"caption\":\"Esplac\"},\"image\":{\"@id\":\"https:\\\/\\\/www.esplac.cat\\\/#\\\/schema\\\/logo\\\/image\\\/\"}},{\"@type\":\"Person\",\"@id\":\"https:\\\/\\\/www.esplac.cat\\\/#\\\/schema\\\/person\\\/908383cf240be18b68f8855d0583faca\",\"name\":\"Comunicaci\u00f3 Esplac\",\"image\":{\"@type\":\"ImageObject\",\"inLanguage\":\"es\",\"@id\":\"https:\\\/\\\/secure.gravatar.com\\\/avatar\\\/7a4cf8feb412a76ea4a740ca02d95b06b2907b5a6c648c2dd0a1082a093c3141?s=96&d=mm&r=g\",\"url\":\"https:\\\/\\\/secure.gravatar.com\\\/avatar\\\/7a4cf8feb412a76ea4a740ca02d95b06b2907b5a6c648c2dd0a1082a093c3141?s=96&d=mm&r=g\",\"contentUrl\":\"https:\\\/\\\/secure.gravatar.com\\\/avatar\\\/7a4cf8feb412a76ea4a740ca02d95b06b2907b5a6c648c2dd0a1082a093c3141?s=96&d=mm&r=g\",\"caption\":\"Comunicaci\u00f3 Esplac\"}}]}<\/script>\n<!-- \/ Yoast SEO plugin. -->","yoast_head_json":{"title":"Tres espais formatius en relaci\u00f3 a l\u2019emerg\u00e8ncia clim\u00e0tica al Solstici Ambiental - Esplac","robots":{"index":"index","follow":"follow","max-snippet":"max-snippet:-1","max-image-preview":"max-image-preview:large","max-video-preview":"max-video-preview:-1"},"canonical":"https:\/\/www.esplac.cat\/tres-espais-formatius-relacio-emergencia-climatica-solstici-ambiental\/","og_locale":"es_ES","og_type":"article","og_title":"Tres espais formatius en relaci\u00f3 a l\u2019emerg\u00e8ncia clim\u00e0tica al Solstici Ambiental - Esplac","og_description":"El Solstici Ambiental \u00e9s l\u2019alternativa a les Jornades Ambientals i [&hellip;]","og_url":"https:\/\/www.esplac.cat\/tres-espais-formatius-relacio-emergencia-climatica-solstici-ambiental\/","og_site_name":"Esplac","article_published_time":"2022-11-17T13:03:12+00:00","article_modified_time":"2022-11-18T14:04:13+00:00","og_image":[{"width":1697,"height":700,"url":"https:\/\/www.esplac.cat\/wp-content\/uploads\/2022\/11\/Portades-Web-35.jpg","type":"image\/jpeg"}],"author":"Comunicaci\u00f3 Esplac","twitter_card":"summary_large_image","twitter_misc":{"Escrito por":"Comunicaci\u00f3 Esplac","Tiempo de lectura":"2 minutos"},"schema":{"@context":"https:\/\/schema.org","@graph":[{"@type":"Article","@id":"https:\/\/www.esplac.cat\/tres-espais-formatius-relacio-emergencia-climatica-solstici-ambiental\/#article","isPartOf":{"@id":"https:\/\/www.esplac.cat\/tres-espais-formatius-relacio-emergencia-climatica-solstici-ambiental\/"},"author":{"name":"Comunicaci\u00f3 Esplac","@id":"https:\/\/www.esplac.cat\/#\/schema\/person\/908383cf240be18b68f8855d0583faca"},"headline":"Tres espais formatius en relaci\u00f3 a l\u2019emerg\u00e8ncia clim\u00e0tica al Solstici Ambiental","datePublished":"2022-11-17T13:03:12+00:00","dateModified":"2022-11-18T14:04:13+00:00","mainEntityOfPage":{"@id":"https:\/\/www.esplac.cat\/tres-espais-formatius-relacio-emergencia-climatica-solstici-ambiental\/"},"wordCount":235,"publisher":{"@id":"https:\/\/www.esplac.cat\/#organization"},"image":{"@id":"https:\/\/www.esplac.cat\/tres-espais-formatius-relacio-emergencia-climatica-solstici-ambiental\/#primaryimage"},"thumbnailUrl":"https:\/\/www.esplac.cat\/wp-content\/uploads\/2022\/11\/Portades-Web-35.jpg","articleSection":["Comissi\u00f3 Reduint Petjada","Jornades ambientals"],"inLanguage":"es"},{"@type":"WebPage","@id":"https:\/\/www.esplac.cat\/tres-espais-formatius-relacio-emergencia-climatica-solstici-ambiental\/","url":"https:\/\/www.esplac.cat\/tres-espais-formatius-relacio-emergencia-climatica-solstici-ambiental\/","name":"Tres espais formatius en relaci\u00f3 a l\u2019emerg\u00e8ncia clim\u00e0tica al Solstici Ambiental - Esplac","isPartOf":{"@id":"https:\/\/www.esplac.cat\/#website"},"primaryImageOfPage":{"@id":"https:\/\/www.esplac.cat\/tres-espais-formatius-relacio-emergencia-climatica-solstici-ambiental\/#primaryimage"},"image":{"@id":"https:\/\/www.esplac.cat\/tres-espais-formatius-relacio-emergencia-climatica-solstici-ambiental\/#primaryimage"},"thumbnailUrl":"https:\/\/www.esplac.cat\/wp-content\/uploads\/2022\/11\/Portades-Web-35.jpg","datePublished":"2022-11-17T13:03:12+00:00","dateModified":"2022-11-18T14:04:13+00:00","breadcrumb":{"@id":"https:\/\/www.esplac.cat\/tres-espais-formatius-relacio-emergencia-climatica-solstici-ambiental\/#breadcrumb"},"inLanguage":"es","potentialAction":[{"@type":"ReadAction","target":["https:\/\/www.esplac.cat\/tres-espais-formatius-relacio-emergencia-climatica-solstici-ambiental\/"]}]},{"@type":"ImageObject","inLanguage":"es","@id":"https:\/\/www.esplac.cat\/tres-espais-formatius-relacio-emergencia-climatica-solstici-ambiental\/#primaryimage","url":"https:\/\/www.esplac.cat\/wp-content\/uploads\/2022\/11\/Portades-Web-35.jpg","contentUrl":"https:\/\/www.esplac.cat\/wp-content\/uploads\/2022\/11\/Portades-Web-35.jpg","width":1697,"height":700},{"@type":"BreadcrumbList","@id":"https:\/\/www.esplac.cat\/tres-espais-formatius-relacio-emergencia-climatica-solstici-ambiental\/#breadcrumb","itemListElement":[{"@type":"ListItem","position":1,"name":"Inici","item":"https:\/\/www.esplac.cat\/es\/"},{"@type":"ListItem","position":2,"name":"Tres espais formatius en relaci\u00f3 a l\u2019emerg\u00e8ncia clim\u00e0tica al Solstici Ambiental"}]},{"@type":"WebSite","@id":"https:\/\/www.esplac.cat\/#website","url":"https:\/\/www.esplac.cat\/","name":"Esplac","description":"Esplais Catalans","publisher":{"@id":"https:\/\/www.esplac.cat\/#organization"},"potentialAction":[{"@type":"SearchAction","target":{"@type":"EntryPoint","urlTemplate":"https:\/\/www.esplac.cat\/?s={search_term_string}"},"query-input":{"@type":"PropertyValueSpecification","valueRequired":true,"valueName":"search_term_string"}}],"inLanguage":"es"},{"@type":"Organization","@id":"https:\/\/www.esplac.cat\/#organization","name":"Esplac","url":"https:\/\/www.esplac.cat\/","logo":{"@type":"ImageObject","inLanguage":"es","@id":"https:\/\/www.esplac.cat\/#\/schema\/logo\/image\/","url":"https:\/\/www.esplac.cat\/wp-content\/uploads\/2019\/08\/logox2.png","contentUrl":"https:\/\/www.esplac.cat\/wp-content\/uploads\/2019\/08\/logox2.png","width":600,"height":295,"caption":"Esplac"},"image":{"@id":"https:\/\/www.esplac.cat\/#\/schema\/logo\/image\/"}},{"@type":"Person","@id":"https:\/\/www.esplac.cat\/#\/schema\/person\/908383cf240be18b68f8855d0583faca","name":"Comunicaci\u00f3 Esplac","image":{"@type":"ImageObject","inLanguage":"es","@id":"https:\/\/secure.gravatar.com\/avatar\/7a4cf8feb412a76ea4a740ca02d95b06b2907b5a6c648c2dd0a1082a093c3141?s=96&d=mm&r=g","url":"https:\/\/secure.gravatar.com\/avatar\/7a4cf8feb412a76ea4a740ca02d95b06b2907b5a6c648c2dd0a1082a093c3141?s=96&d=mm&r=g","contentUrl":"https:\/\/secure.gravatar.com\/avatar\/7a4cf8feb412a76ea4a740ca02d95b06b2907b5a6c648c2dd0a1082a093c3141?s=96&d=mm&r=g","caption":"Comunicaci\u00f3 Esplac"}}]}},"_links":{"self":[{"href":"https:\/\/www.esplac.cat\/es\/wp-json\/wp\/v2\/posts\/42004","targetHints":{"allow":["GET"]}}],"collection":[{"href":"https:\/\/www.esplac.cat\/es\/wp-json\/wp\/v2\/posts"}],"about":[{"href":"https:\/\/www.esplac.cat\/es\/wp-json\/wp\/v2\/types\/post"}],"author":[{"embeddable":true,"href":"https:\/\/www.esplac.cat\/es\/wp-json\/wp\/v2\/users\/3"}],"replies":[{"embeddable":true,"href":"https:\/\/www.esplac.cat\/es\/wp-json\/wp\/v2\/comments?post=42004"}],"version-history":[{"count":0,"href":"https:\/\/www.esplac.cat\/es\/wp-json\/wp\/v2\/posts\/42004\/revisions"}],"wp:featuredmedia":[{"embeddable":true,"href":"https:\/\/www.esplac.cat\/es\/wp-json\/wp\/v2\/media\/42027"}],"wp:attachment":[{"href":"https:\/\/www.esplac.cat\/es\/wp-json\/wp\/v2\/media?parent=42004"}],"wp:term":[{"taxonomy":"category","embeddable":true,"href":"https:\/\/www.esplac.cat\/es\/wp-json\/wp\/v2\/categories?post=42004"},{"taxonomy":"post_tag","embeddable":true,"href":"https:\/\/www.esplac.cat\/es\/wp-json\/wp\/v2\/tags?post=42004"}],"curies":[{"name":"wp","href":"https:\/\/api.w.org\/{rel}","templated":true}]}}