{"id":42087,"date":"2022-11-21T17:07:50","date_gmt":"2022-11-21T15:07:50","guid":{"rendered":"https:\/\/www.esplac.cat\/?p=42087"},"modified":"2022-11-21T17:08:57","modified_gmt":"2022-11-21T15:08:57","slug":"caps-setmanes-formatius-cursos-marta-mata-acollida-sectors-esplac","status":"publish","type":"post","link":"https:\/\/www.esplac.cat\/es\/caps-setmanes-formatius-cursos-marta-mata-acollida-sectors-esplac\/","title":{"rendered":"Caps de setmanes formatius amb els cursos Marta Mata Acollida als sectors d&#8217;Esplac"},"content":{"rendered":"<div><\/div>\n<h6><strong>Curs Marta Mata Acollida intersectorial del Pened\u00e8s, Garraf i Anoia i del Camp de Tarragona<\/strong><\/h6>\n<div class=\"gmail_default\">La casa de col\u00f2nies La Marinada ha acollit el Curs Marta Mata Acollida intersectorial de PGA i CdT. 24 monitores de primer any dels eslpais Drac M\u00e0gic, Zig-zag, L&#8217;Esclop i La Grapadora van assistir a aquest cap de setmana formatiu, on monitores veteranes dels esplais del sector i EGS s&#8217;encarreguen, amb el suport de l&#8217;Escola Lliure el Sol, de dur a terme formacions que introdueixin a les participants al m\u00f3n de l\u2019educaci\u00f3 en el lleure per a adolescents i joves que formen part d\u2019esplais.<\/div>\n<div class=\"gmail_default\"><\/div>\n<div class=\"gmail_default\">Les participants n&#8217;han sortit contentes! Un cap de setmana de formaci\u00f3, d\u2019intercanvi d\u2019experi\u00e8ncies, de relleu i de cohesi\u00f3 entre els sectors.<\/div>\n<div>\n\n\t\t<style type=\"text\/css\">\n\t\t\t#gallery-1 {\n\t\t\t\tmargin: auto;\n\t\t\t}\n\t\t\t#gallery-1 .gallery-item {\n\t\t\t\tfloat: left;\n\t\t\t\tmargin-top: 10px;\n\t\t\t\ttext-align: center;\n\t\t\t\twidth: 33%;\n\t\t\t}\n\t\t\t#gallery-1 img {\n\t\t\t\tborder: 2px solid #cfcfcf;\n\t\t\t}\n\t\t\t#gallery-1 .gallery-caption {\n\t\t\t\tmargin-left: 0;\n\t\t\t}\n\t\t\t\/* see gallery_shortcode() in wp-includes\/media.php *\/\n\t\t<\/style>\n\t\t<div id='gallery-1' class='gallery galleryid-42087 gallery-columns-3 gallery-size-medium'><dl class='gallery-item'>\n\t\t\t<dt class='gallery-icon landscape'>\n\t\t\t\t<a data-rel=\"iLightbox[postimages]\" data-title=\"WhatsApp Image 2022-11-10 at 11.58.09\" data-caption=\"\" href='https:\/\/www.esplac.cat\/wp-content\/uploads\/2022\/11\/WhatsApp-Image-2022-11-10-at-11.58.09.jpeg'><img decoding=\"async\" width=\"300\" height=\"225\" src=\"https:\/\/www.esplac.cat\/wp-content\/uploads\/2022\/11\/WhatsApp-Image-2022-11-10-at-11.58.09-300x225.jpeg\" class=\"attachment-medium size-medium\" alt=\"\" srcset=\"https:\/\/www.esplac.cat\/wp-content\/uploads\/2022\/11\/WhatsApp-Image-2022-11-10-at-11.58.09-200x150.jpeg 200w, https:\/\/www.esplac.cat\/wp-content\/uploads\/2022\/11\/WhatsApp-Image-2022-11-10-at-11.58.09-300x225.jpeg 300w, https:\/\/www.esplac.cat\/wp-content\/uploads\/2022\/11\/WhatsApp-Image-2022-11-10-at-11.58.09-400x300.jpeg 400w, https:\/\/www.esplac.cat\/wp-content\/uploads\/2022\/11\/WhatsApp-Image-2022-11-10-at-11.58.09-600x450.jpeg 600w, https:\/\/www.esplac.cat\/wp-content\/uploads\/2022\/11\/WhatsApp-Image-2022-11-10-at-11.58.09-768x576.jpeg 768w, https:\/\/www.esplac.cat\/wp-content\/uploads\/2022\/11\/WhatsApp-Image-2022-11-10-at-11.58.09-800x600.jpeg 800w, https:\/\/www.esplac.cat\/wp-content\/uploads\/2022\/11\/WhatsApp-Image-2022-11-10-at-11.58.09-1024x768.jpeg 1024w, https:\/\/www.esplac.cat\/wp-content\/uploads\/2022\/11\/WhatsApp-Image-2022-11-10-at-11.58.09-1200x900.jpeg 1200w, https:\/\/www.esplac.cat\/wp-content\/uploads\/2022\/11\/WhatsApp-Image-2022-11-10-at-11.58.09-1536x1152.jpeg 1536w\" sizes=\"(max-width: 300px) 100vw, 300px\" \/><\/a>\n\t\t\t<\/dt><\/dl><dl class='gallery-item'>\n\t\t\t<dt class='gallery-icon landscape'>\n\t\t\t\t<a data-rel=\"iLightbox[postimages]\" data-title=\"WhatsApp Image 2022-11-10 at 11.58.10\" data-caption=\"\" href='https:\/\/www.esplac.cat\/wp-content\/uploads\/2022\/11\/WhatsApp-Image-2022-11-10-at-11.58.10.jpeg'><img decoding=\"async\" width=\"300\" height=\"225\" src=\"https:\/\/www.esplac.cat\/wp-content\/uploads\/2022\/11\/WhatsApp-Image-2022-11-10-at-11.58.10-300x225.jpeg\" class=\"attachment-medium size-medium\" alt=\"\" srcset=\"https:\/\/www.esplac.cat\/wp-content\/uploads\/2022\/11\/WhatsApp-Image-2022-11-10-at-11.58.10-200x150.jpeg 200w, https:\/\/www.esplac.cat\/wp-content\/uploads\/2022\/11\/WhatsApp-Image-2022-11-10-at-11.58.10-300x225.jpeg 300w, https:\/\/www.esplac.cat\/wp-content\/uploads\/2022\/11\/WhatsApp-Image-2022-11-10-at-11.58.10-400x300.jpeg 400w, https:\/\/www.esplac.cat\/wp-content\/uploads\/2022\/11\/WhatsApp-Image-2022-11-10-at-11.58.10-600x450.jpeg 600w, https:\/\/www.esplac.cat\/wp-content\/uploads\/2022\/11\/WhatsApp-Image-2022-11-10-at-11.58.10-768x576.jpeg 768w, https:\/\/www.esplac.cat\/wp-content\/uploads\/2022\/11\/WhatsApp-Image-2022-11-10-at-11.58.10-800x600.jpeg 800w, https:\/\/www.esplac.cat\/wp-content\/uploads\/2022\/11\/WhatsApp-Image-2022-11-10-at-11.58.10-1024x768.jpeg 1024w, https:\/\/www.esplac.cat\/wp-content\/uploads\/2022\/11\/WhatsApp-Image-2022-11-10-at-11.58.10-1200x900.jpeg 1200w, https:\/\/www.esplac.cat\/wp-content\/uploads\/2022\/11\/WhatsApp-Image-2022-11-10-at-11.58.10-1536x1152.jpeg 1536w\" sizes=\"(max-width: 300px) 100vw, 300px\" \/><\/a>\n\t\t\t<\/dt><\/dl><dl class='gallery-item'>\n\t\t\t<dt class='gallery-icon landscape'>\n\t\t\t\t<a data-rel=\"iLightbox[postimages]\" data-title=\"WhatsApp Image 2022-11-10 at 11.58.08\" data-caption=\"\" href='https:\/\/www.esplac.cat\/wp-content\/uploads\/2022\/11\/WhatsApp-Image-2022-11-10-at-11.58.08.jpeg'><img decoding=\"async\" width=\"300\" height=\"225\" src=\"https:\/\/www.esplac.cat\/wp-content\/uploads\/2022\/11\/WhatsApp-Image-2022-11-10-at-11.58.08-300x225.jpeg\" class=\"attachment-medium size-medium\" alt=\"\" srcset=\"https:\/\/www.esplac.cat\/wp-content\/uploads\/2022\/11\/WhatsApp-Image-2022-11-10-at-11.58.08-200x150.jpeg 200w, https:\/\/www.esplac.cat\/wp-content\/uploads\/2022\/11\/WhatsApp-Image-2022-11-10-at-11.58.08-300x225.jpeg 300w, https:\/\/www.esplac.cat\/wp-content\/uploads\/2022\/11\/WhatsApp-Image-2022-11-10-at-11.58.08-400x300.jpeg 400w, https:\/\/www.esplac.cat\/wp-content\/uploads\/2022\/11\/WhatsApp-Image-2022-11-10-at-11.58.08-600x450.jpeg 600w, https:\/\/www.esplac.cat\/wp-content\/uploads\/2022\/11\/WhatsApp-Image-2022-11-10-at-11.58.08-768x576.jpeg 768w, https:\/\/www.esplac.cat\/wp-content\/uploads\/2022\/11\/WhatsApp-Image-2022-11-10-at-11.58.08-800x600.jpeg 800w, https:\/\/www.esplac.cat\/wp-content\/uploads\/2022\/11\/WhatsApp-Image-2022-11-10-at-11.58.08-1024x768.jpeg 1024w, https:\/\/www.esplac.cat\/wp-content\/uploads\/2022\/11\/WhatsApp-Image-2022-11-10-at-11.58.08-1200x900.jpeg 1200w, https:\/\/www.esplac.cat\/wp-content\/uploads\/2022\/11\/WhatsApp-Image-2022-11-10-at-11.58.08-1536x1152.jpeg 1536w\" sizes=\"(max-width: 300px) 100vw, 300px\" \/><\/a>\n\t\t\t<\/dt><\/dl><br style=\"clear: both\" \/>\n\t\t<\/div>\n\n<\/div>\n<div class=\"gmail_default\"><\/div>\n<div>\n<h6><b>Cap de setmana de formaci\u00f3 al Sector Vall\u00e8s Occidental<\/b><\/h6>\n<\/div>\n<p>Coma-Ruga ha acollit una nova trobada formativa del sector amb un nou format que va agrupar m\u00e9s de 50 joves i monis de primer any dels esplais del sector.<\/p>\n<p>La trobada es va dividir en dos. Per una banda, el <strong>Curs Marta Mata Acollida<\/strong>, organitzat amb l\u2019acompanyament de l\u2019Escola Lliure El Sol, que va reunir una trentena de joves d\u2019entre 14 i 17 anys dels esplais Sarau, Pica-Roca, Bonaire, Gatzara i La Flama; d&#8217;altra banda, una vintena de monitores i monitors de primer any dels esplais La Fera, Farfalla i l\u2019Eixam, que van formar-se en temes de prevenci\u00f3 de l\u2019ab\u00fas sexual infantil, educaci\u00f3 emocional i eines did\u00e0ctiques a trav\u00e9s de <strong>c\u00e0psules formatives.<\/strong><\/p>\n<p>Aquesta trobada formativa va suposar el tret de sortida a les activitats del Sector Vall\u00e8s Occidental, que veuran la llum durant els mesos de febrer i mar\u00e7 de l\u2019any vinent.<\/p>\n<p>&nbsp;<\/p>\n\n\t\t<style type=\"text\/css\">\n\t\t\t#gallery-2 {\n\t\t\t\tmargin: auto;\n\t\t\t}\n\t\t\t#gallery-2 .gallery-item {\n\t\t\t\tfloat: left;\n\t\t\t\tmargin-top: 10px;\n\t\t\t\ttext-align: center;\n\t\t\t\twidth: 33%;\n\t\t\t}\n\t\t\t#gallery-2 img {\n\t\t\t\tborder: 2px solid #cfcfcf;\n\t\t\t}\n\t\t\t#gallery-2 .gallery-caption {\n\t\t\t\tmargin-left: 0;\n\t\t\t}\n\t\t\t\/* see gallery_shortcode() in wp-includes\/media.php *\/\n\t\t<\/style>\n\t\t<div id='gallery-2' class='gallery galleryid-42087 gallery-columns-3 gallery-size-medium'><dl class='gallery-item'>\n\t\t\t<dt class='gallery-icon landscape'>\n\t\t\t\t<a data-rel=\"iLightbox[postimages]\" data-title=\"WhatsApp Image 2022-11-10 at 11.58.07 (1)\" data-caption=\"\" href='https:\/\/www.esplac.cat\/wp-content\/uploads\/2022\/11\/WhatsApp-Image-2022-11-10-at-11.58.07-1.jpeg'><img decoding=\"async\" width=\"300\" height=\"199\" src=\"https:\/\/www.esplac.cat\/wp-content\/uploads\/2022\/11\/WhatsApp-Image-2022-11-10-at-11.58.07-1-300x199.jpeg\" class=\"attachment-medium size-medium\" alt=\"\" srcset=\"https:\/\/www.esplac.cat\/wp-content\/uploads\/2022\/11\/WhatsApp-Image-2022-11-10-at-11.58.07-1-200x133.jpeg 200w, https:\/\/www.esplac.cat\/wp-content\/uploads\/2022\/11\/WhatsApp-Image-2022-11-10-at-11.58.07-1-300x199.jpeg 300w, https:\/\/www.esplac.cat\/wp-content\/uploads\/2022\/11\/WhatsApp-Image-2022-11-10-at-11.58.07-1-400x266.jpeg 400w, https:\/\/www.esplac.cat\/wp-content\/uploads\/2022\/11\/WhatsApp-Image-2022-11-10-at-11.58.07-1-600x398.jpeg 600w, https:\/\/www.esplac.cat\/wp-content\/uploads\/2022\/11\/WhatsApp-Image-2022-11-10-at-11.58.07-1-768x510.jpeg 768w, https:\/\/www.esplac.cat\/wp-content\/uploads\/2022\/11\/WhatsApp-Image-2022-11-10-at-11.58.07-1-800x531.jpeg 800w, https:\/\/www.esplac.cat\/wp-content\/uploads\/2022\/11\/WhatsApp-Image-2022-11-10-at-11.58.07-1-1024x680.jpeg 1024w, https:\/\/www.esplac.cat\/wp-content\/uploads\/2022\/11\/WhatsApp-Image-2022-11-10-at-11.58.07-1-1200x797.jpeg 1200w, https:\/\/www.esplac.cat\/wp-content\/uploads\/2022\/11\/WhatsApp-Image-2022-11-10-at-11.58.07-1-1536x1020.jpeg 1536w\" sizes=\"(max-width: 300px) 100vw, 300px\" \/><\/a>\n\t\t\t<\/dt><\/dl><dl class='gallery-item'>\n\t\t\t<dt class='gallery-icon portrait'>\n\t\t\t\t<a data-rel=\"iLightbox[postimages]\" data-title=\"WhatsApp Image 2022-11-15 at 22.35.17\" data-caption=\"\" href='https:\/\/www.esplac.cat\/wp-content\/uploads\/2022\/11\/WhatsApp-Image-2022-11-15-at-22.35.17.jpeg'><img decoding=\"async\" width=\"225\" height=\"300\" src=\"https:\/\/www.esplac.cat\/wp-content\/uploads\/2022\/11\/WhatsApp-Image-2022-11-15-at-22.35.17-225x300.jpeg\" class=\"attachment-medium size-medium\" alt=\"\" srcset=\"https:\/\/www.esplac.cat\/wp-content\/uploads\/2022\/11\/WhatsApp-Image-2022-11-15-at-22.35.17-200x267.jpeg 200w, https:\/\/www.esplac.cat\/wp-content\/uploads\/2022\/11\/WhatsApp-Image-2022-11-15-at-22.35.17-225x300.jpeg 225w, https:\/\/www.esplac.cat\/wp-content\/uploads\/2022\/11\/WhatsApp-Image-2022-11-15-at-22.35.17-400x533.jpeg 400w, https:\/\/www.esplac.cat\/wp-content\/uploads\/2022\/11\/WhatsApp-Image-2022-11-15-at-22.35.17-600x800.jpeg 600w, https:\/\/www.esplac.cat\/wp-content\/uploads\/2022\/11\/WhatsApp-Image-2022-11-15-at-22.35.17-768x1024.jpeg 768w, https:\/\/www.esplac.cat\/wp-content\/uploads\/2022\/11\/WhatsApp-Image-2022-11-15-at-22.35.17-800x1067.jpeg 800w, https:\/\/www.esplac.cat\/wp-content\/uploads\/2022\/11\/WhatsApp-Image-2022-11-15-at-22.35.17-1152x1536.jpeg 1152w, https:\/\/www.esplac.cat\/wp-content\/uploads\/2022\/11\/WhatsApp-Image-2022-11-15-at-22.35.17-1200x1600.jpeg 1200w, https:\/\/www.esplac.cat\/wp-content\/uploads\/2022\/11\/WhatsApp-Image-2022-11-15-at-22.35.17.jpeg 1512w\" sizes=\"(max-width: 225px) 100vw, 225px\" \/><\/a>\n\t\t\t<\/dt><\/dl><dl class='gallery-item'>\n\t\t\t<dt class='gallery-icon landscape'>\n\t\t\t\t<a data-rel=\"iLightbox[postimages]\" data-title=\"WhatsApp Image 2022-11-15 at 22.35.16\" data-caption=\"\" href='https:\/\/www.esplac.cat\/wp-content\/uploads\/2022\/11\/WhatsApp-Image-2022-11-15-at-22.35.16.jpeg'><img decoding=\"async\" width=\"300\" height=\"225\" src=\"https:\/\/www.esplac.cat\/wp-content\/uploads\/2022\/11\/WhatsApp-Image-2022-11-15-at-22.35.16-300x225.jpeg\" class=\"attachment-medium size-medium\" alt=\"\" srcset=\"https:\/\/www.esplac.cat\/wp-content\/uploads\/2022\/11\/WhatsApp-Image-2022-11-15-at-22.35.16-200x150.jpeg 200w, https:\/\/www.esplac.cat\/wp-content\/uploads\/2022\/11\/WhatsApp-Image-2022-11-15-at-22.35.16-300x225.jpeg 300w, https:\/\/www.esplac.cat\/wp-content\/uploads\/2022\/11\/WhatsApp-Image-2022-11-15-at-22.35.16-400x300.jpeg 400w, https:\/\/www.esplac.cat\/wp-content\/uploads\/2022\/11\/WhatsApp-Image-2022-11-15-at-22.35.16-600x450.jpeg 600w, https:\/\/www.esplac.cat\/wp-content\/uploads\/2022\/11\/WhatsApp-Image-2022-11-15-at-22.35.16-768x576.jpeg 768w, https:\/\/www.esplac.cat\/wp-content\/uploads\/2022\/11\/WhatsApp-Image-2022-11-15-at-22.35.16-800x600.jpeg 800w, https:\/\/www.esplac.cat\/wp-content\/uploads\/2022\/11\/WhatsApp-Image-2022-11-15-at-22.35.16-1024x768.jpeg 1024w, https:\/\/www.esplac.cat\/wp-content\/uploads\/2022\/11\/WhatsApp-Image-2022-11-15-at-22.35.16-1200x900.jpeg 1200w, https:\/\/www.esplac.cat\/wp-content\/uploads\/2022\/11\/WhatsApp-Image-2022-11-15-at-22.35.16-1536x1152.jpeg 1536w\" sizes=\"(max-width: 300px) 100vw, 300px\" \/><\/a>\n\t\t\t<\/dt><\/dl><br style=\"clear: both\" \/>\n\t\t<\/div>\n\n<p>&nbsp;<\/p>\n<p>&nbsp;<\/p>\n","protected":false},"excerpt":{"rendered":"<p>Curs Marta Mata Acollida intersectorial del Pened\u00e8s, Garraf i Anoia [&hellip;]<\/p>\n","protected":false},"author":3,"featured_media":42107,"comment_status":"closed","ping_status":"closed","sticky":false,"template":"","format":"standard","meta":{"om_disable_all_campaigns":false,"_monsterinsights_skip_tracking":false,"_monsterinsights_sitenote_active":false,"_monsterinsights_sitenote_note":"","_monsterinsights_sitenote_category":0,"_uf_show_specific_survey":0,"_uf_disable_surveys":false,"footnotes":""},"categories":[1122,1123,1118],"tags":[],"class_list":["post-42087","post","type-post","status-publish","format-standard","has-post-thumbnail","hentry","category-sector-camp-de-tarragona","category-sector-penedes-garraf-anoia","category-sector-valles-occidental-activitats-sectors"],"yoast_head":"<!-- This site is optimized with the Yoast SEO plugin v27.4 - https:\/\/yoast.com\/product\/yoast-seo-wordpress\/ -->\n<title>Caps de setmanes formatius amb els cursos Marta Mata Acollida als sectors d&#039;Esplac - Esplac<\/title>\n<meta name=\"robots\" content=\"index, follow, max-snippet:-1, max-image-preview:large, max-video-preview:-1\" \/>\n<link rel=\"canonical\" href=\"https:\/\/www.esplac.cat\/caps-setmanes-formatius-cursos-marta-mata-acollida-sectors-esplac\/\" \/>\n<meta property=\"og:locale\" content=\"es_ES\" \/>\n<meta property=\"og:type\" content=\"article\" \/>\n<meta property=\"og:title\" content=\"Caps de setmanes formatius amb els cursos Marta Mata Acollida als sectors d&#039;Esplac - Esplac\" \/>\n<meta property=\"og:description\" content=\"Curs Marta Mata Acollida intersectorial del Pened\u00e8s, Garraf i Anoia [&hellip;]\" \/>\n<meta property=\"og:url\" content=\"https:\/\/www.esplac.cat\/caps-setmanes-formatius-cursos-marta-mata-acollida-sectors-esplac\/\" \/>\n<meta property=\"og:site_name\" content=\"Esplac\" \/>\n<meta property=\"article:published_time\" content=\"2022-11-21T15:07:50+00:00\" \/>\n<meta property=\"article:modified_time\" content=\"2022-11-21T15:08:57+00:00\" \/>\n<meta property=\"og:image\" content=\"https:\/\/www.esplac.cat\/wp-content\/uploads\/2022\/11\/qqqq.jpg\" \/>\n\t<meta property=\"og:image:width\" content=\"1697\" \/>\n\t<meta property=\"og:image:height\" content=\"700\" \/>\n\t<meta property=\"og:image:type\" content=\"image\/jpeg\" \/>\n<meta name=\"author\" content=\"Comunicaci\u00f3 Esplac\" \/>\n<meta name=\"twitter:card\" content=\"summary_large_image\" \/>\n<meta name=\"twitter:label1\" content=\"Escrito por\" \/>\n\t<meta name=\"twitter:data1\" content=\"Comunicaci\u00f3 Esplac\" \/>\n\t<meta name=\"twitter:label2\" content=\"Tiempo de lectura\" \/>\n\t<meta name=\"twitter:data2\" content=\"2 minutos\" \/>\n<script type=\"application\/ld+json\" class=\"yoast-schema-graph\">{\"@context\":\"https:\\\/\\\/schema.org\",\"@graph\":[{\"@type\":\"Article\",\"@id\":\"https:\\\/\\\/www.esplac.cat\\\/caps-setmanes-formatius-cursos-marta-mata-acollida-sectors-esplac\\\/#article\",\"isPartOf\":{\"@id\":\"https:\\\/\\\/www.esplac.cat\\\/caps-setmanes-formatius-cursos-marta-mata-acollida-sectors-esplac\\\/\"},\"author\":{\"name\":\"Comunicaci\u00f3 Esplac\",\"@id\":\"https:\\\/\\\/www.esplac.cat\\\/#\\\/schema\\\/person\\\/908383cf240be18b68f8855d0583faca\"},\"headline\":\"Caps de setmanes formatius amb els cursos Marta Mata Acollida als sectors d&#8217;Esplac\",\"datePublished\":\"2022-11-21T15:07:50+00:00\",\"dateModified\":\"2022-11-21T15:08:57+00:00\",\"mainEntityOfPage\":{\"@id\":\"https:\\\/\\\/www.esplac.cat\\\/caps-setmanes-formatius-cursos-marta-mata-acollida-sectors-esplac\\\/\"},\"wordCount\":323,\"publisher\":{\"@id\":\"https:\\\/\\\/www.esplac.cat\\\/#organization\"},\"image\":{\"@id\":\"https:\\\/\\\/www.esplac.cat\\\/caps-setmanes-formatius-cursos-marta-mata-acollida-sectors-esplac\\\/#primaryimage\"},\"thumbnailUrl\":\"https:\\\/\\\/www.esplac.cat\\\/wp-content\\\/uploads\\\/2022\\\/11\\\/qqqq.jpg\",\"articleSection\":[\"Sector Camp de Tarragona\",\"Sector Pened\u00e8s, Garraf i Anoia\",\"Sector Vall\u00e8s Occidental\"],\"inLanguage\":\"es\"},{\"@type\":\"WebPage\",\"@id\":\"https:\\\/\\\/www.esplac.cat\\\/caps-setmanes-formatius-cursos-marta-mata-acollida-sectors-esplac\\\/\",\"url\":\"https:\\\/\\\/www.esplac.cat\\\/caps-setmanes-formatius-cursos-marta-mata-acollida-sectors-esplac\\\/\",\"name\":\"Caps de setmanes formatius amb els cursos Marta Mata Acollida als sectors d'Esplac - Esplac\",\"isPartOf\":{\"@id\":\"https:\\\/\\\/www.esplac.cat\\\/#website\"},\"primaryImageOfPage\":{\"@id\":\"https:\\\/\\\/www.esplac.cat\\\/caps-setmanes-formatius-cursos-marta-mata-acollida-sectors-esplac\\\/#primaryimage\"},\"image\":{\"@id\":\"https:\\\/\\\/www.esplac.cat\\\/caps-setmanes-formatius-cursos-marta-mata-acollida-sectors-esplac\\\/#primaryimage\"},\"thumbnailUrl\":\"https:\\\/\\\/www.esplac.cat\\\/wp-content\\\/uploads\\\/2022\\\/11\\\/qqqq.jpg\",\"datePublished\":\"2022-11-21T15:07:50+00:00\",\"dateModified\":\"2022-11-21T15:08:57+00:00\",\"breadcrumb\":{\"@id\":\"https:\\\/\\\/www.esplac.cat\\\/caps-setmanes-formatius-cursos-marta-mata-acollida-sectors-esplac\\\/#breadcrumb\"},\"inLanguage\":\"es\",\"potentialAction\":[{\"@type\":\"ReadAction\",\"target\":[\"https:\\\/\\\/www.esplac.cat\\\/caps-setmanes-formatius-cursos-marta-mata-acollida-sectors-esplac\\\/\"]}]},{\"@type\":\"ImageObject\",\"inLanguage\":\"es\",\"@id\":\"https:\\\/\\\/www.esplac.cat\\\/caps-setmanes-formatius-cursos-marta-mata-acollida-sectors-esplac\\\/#primaryimage\",\"url\":\"https:\\\/\\\/www.esplac.cat\\\/wp-content\\\/uploads\\\/2022\\\/11\\\/qqqq.jpg\",\"contentUrl\":\"https:\\\/\\\/www.esplac.cat\\\/wp-content\\\/uploads\\\/2022\\\/11\\\/qqqq.jpg\",\"width\":1697,\"height\":700},{\"@type\":\"BreadcrumbList\",\"@id\":\"https:\\\/\\\/www.esplac.cat\\\/caps-setmanes-formatius-cursos-marta-mata-acollida-sectors-esplac\\\/#breadcrumb\",\"itemListElement\":[{\"@type\":\"ListItem\",\"position\":1,\"name\":\"Inici\",\"item\":\"https:\\\/\\\/www.esplac.cat\\\/es\\\/\"},{\"@type\":\"ListItem\",\"position\":2,\"name\":\"Caps de setmanes formatius amb els cursos Marta Mata Acollida als sectors d&#8217;Esplac\"}]},{\"@type\":\"WebSite\",\"@id\":\"https:\\\/\\\/www.esplac.cat\\\/#website\",\"url\":\"https:\\\/\\\/www.esplac.cat\\\/\",\"name\":\"Esplac\",\"description\":\"Esplais Catalans\",\"publisher\":{\"@id\":\"https:\\\/\\\/www.esplac.cat\\\/#organization\"},\"potentialAction\":[{\"@type\":\"SearchAction\",\"target\":{\"@type\":\"EntryPoint\",\"urlTemplate\":\"https:\\\/\\\/www.esplac.cat\\\/?s={search_term_string}\"},\"query-input\":{\"@type\":\"PropertyValueSpecification\",\"valueRequired\":true,\"valueName\":\"search_term_string\"}}],\"inLanguage\":\"es\"},{\"@type\":\"Organization\",\"@id\":\"https:\\\/\\\/www.esplac.cat\\\/#organization\",\"name\":\"Esplac\",\"url\":\"https:\\\/\\\/www.esplac.cat\\\/\",\"logo\":{\"@type\":\"ImageObject\",\"inLanguage\":\"es\",\"@id\":\"https:\\\/\\\/www.esplac.cat\\\/#\\\/schema\\\/logo\\\/image\\\/\",\"url\":\"https:\\\/\\\/www.esplac.cat\\\/wp-content\\\/uploads\\\/2019\\\/08\\\/logox2.png\",\"contentUrl\":\"https:\\\/\\\/www.esplac.cat\\\/wp-content\\\/uploads\\\/2019\\\/08\\\/logox2.png\",\"width\":600,\"height\":295,\"caption\":\"Esplac\"},\"image\":{\"@id\":\"https:\\\/\\\/www.esplac.cat\\\/#\\\/schema\\\/logo\\\/image\\\/\"}},{\"@type\":\"Person\",\"@id\":\"https:\\\/\\\/www.esplac.cat\\\/#\\\/schema\\\/person\\\/908383cf240be18b68f8855d0583faca\",\"name\":\"Comunicaci\u00f3 Esplac\",\"image\":{\"@type\":\"ImageObject\",\"inLanguage\":\"es\",\"@id\":\"https:\\\/\\\/secure.gravatar.com\\\/avatar\\\/7a4cf8feb412a76ea4a740ca02d95b06b2907b5a6c648c2dd0a1082a093c3141?s=96&d=mm&r=g\",\"url\":\"https:\\\/\\\/secure.gravatar.com\\\/avatar\\\/7a4cf8feb412a76ea4a740ca02d95b06b2907b5a6c648c2dd0a1082a093c3141?s=96&d=mm&r=g\",\"contentUrl\":\"https:\\\/\\\/secure.gravatar.com\\\/avatar\\\/7a4cf8feb412a76ea4a740ca02d95b06b2907b5a6c648c2dd0a1082a093c3141?s=96&d=mm&r=g\",\"caption\":\"Comunicaci\u00f3 Esplac\"}}]}<\/script>\n<!-- \/ Yoast SEO plugin. -->","yoast_head_json":{"title":"Caps de setmanes formatius amb els cursos Marta Mata Acollida als sectors d'Esplac - Esplac","robots":{"index":"index","follow":"follow","max-snippet":"max-snippet:-1","max-image-preview":"max-image-preview:large","max-video-preview":"max-video-preview:-1"},"canonical":"https:\/\/www.esplac.cat\/caps-setmanes-formatius-cursos-marta-mata-acollida-sectors-esplac\/","og_locale":"es_ES","og_type":"article","og_title":"Caps de setmanes formatius amb els cursos Marta Mata Acollida als sectors d'Esplac - Esplac","og_description":"Curs Marta Mata Acollida intersectorial del Pened\u00e8s, Garraf i Anoia [&hellip;]","og_url":"https:\/\/www.esplac.cat\/caps-setmanes-formatius-cursos-marta-mata-acollida-sectors-esplac\/","og_site_name":"Esplac","article_published_time":"2022-11-21T15:07:50+00:00","article_modified_time":"2022-11-21T15:08:57+00:00","og_image":[{"width":1697,"height":700,"url":"https:\/\/www.esplac.cat\/wp-content\/uploads\/2022\/11\/qqqq.jpg","type":"image\/jpeg"}],"author":"Comunicaci\u00f3 Esplac","twitter_card":"summary_large_image","twitter_misc":{"Escrito por":"Comunicaci\u00f3 Esplac","Tiempo de lectura":"2 minutos"},"schema":{"@context":"https:\/\/schema.org","@graph":[{"@type":"Article","@id":"https:\/\/www.esplac.cat\/caps-setmanes-formatius-cursos-marta-mata-acollida-sectors-esplac\/#article","isPartOf":{"@id":"https:\/\/www.esplac.cat\/caps-setmanes-formatius-cursos-marta-mata-acollida-sectors-esplac\/"},"author":{"name":"Comunicaci\u00f3 Esplac","@id":"https:\/\/www.esplac.cat\/#\/schema\/person\/908383cf240be18b68f8855d0583faca"},"headline":"Caps de setmanes formatius amb els cursos Marta Mata Acollida als sectors d&#8217;Esplac","datePublished":"2022-11-21T15:07:50+00:00","dateModified":"2022-11-21T15:08:57+00:00","mainEntityOfPage":{"@id":"https:\/\/www.esplac.cat\/caps-setmanes-formatius-cursos-marta-mata-acollida-sectors-esplac\/"},"wordCount":323,"publisher":{"@id":"https:\/\/www.esplac.cat\/#organization"},"image":{"@id":"https:\/\/www.esplac.cat\/caps-setmanes-formatius-cursos-marta-mata-acollida-sectors-esplac\/#primaryimage"},"thumbnailUrl":"https:\/\/www.esplac.cat\/wp-content\/uploads\/2022\/11\/qqqq.jpg","articleSection":["Sector Camp de Tarragona","Sector Pened\u00e8s, Garraf i Anoia","Sector Vall\u00e8s Occidental"],"inLanguage":"es"},{"@type":"WebPage","@id":"https:\/\/www.esplac.cat\/caps-setmanes-formatius-cursos-marta-mata-acollida-sectors-esplac\/","url":"https:\/\/www.esplac.cat\/caps-setmanes-formatius-cursos-marta-mata-acollida-sectors-esplac\/","name":"Caps de setmanes formatius amb els cursos Marta Mata Acollida als sectors d'Esplac - Esplac","isPartOf":{"@id":"https:\/\/www.esplac.cat\/#website"},"primaryImageOfPage":{"@id":"https:\/\/www.esplac.cat\/caps-setmanes-formatius-cursos-marta-mata-acollida-sectors-esplac\/#primaryimage"},"image":{"@id":"https:\/\/www.esplac.cat\/caps-setmanes-formatius-cursos-marta-mata-acollida-sectors-esplac\/#primaryimage"},"thumbnailUrl":"https:\/\/www.esplac.cat\/wp-content\/uploads\/2022\/11\/qqqq.jpg","datePublished":"2022-11-21T15:07:50+00:00","dateModified":"2022-11-21T15:08:57+00:00","breadcrumb":{"@id":"https:\/\/www.esplac.cat\/caps-setmanes-formatius-cursos-marta-mata-acollida-sectors-esplac\/#breadcrumb"},"inLanguage":"es","potentialAction":[{"@type":"ReadAction","target":["https:\/\/www.esplac.cat\/caps-setmanes-formatius-cursos-marta-mata-acollida-sectors-esplac\/"]}]},{"@type":"ImageObject","inLanguage":"es","@id":"https:\/\/www.esplac.cat\/caps-setmanes-formatius-cursos-marta-mata-acollida-sectors-esplac\/#primaryimage","url":"https:\/\/www.esplac.cat\/wp-content\/uploads\/2022\/11\/qqqq.jpg","contentUrl":"https:\/\/www.esplac.cat\/wp-content\/uploads\/2022\/11\/qqqq.jpg","width":1697,"height":700},{"@type":"BreadcrumbList","@id":"https:\/\/www.esplac.cat\/caps-setmanes-formatius-cursos-marta-mata-acollida-sectors-esplac\/#breadcrumb","itemListElement":[{"@type":"ListItem","position":1,"name":"Inici","item":"https:\/\/www.esplac.cat\/es\/"},{"@type":"ListItem","position":2,"name":"Caps de setmanes formatius amb els cursos Marta Mata Acollida als sectors d&#8217;Esplac"}]},{"@type":"WebSite","@id":"https:\/\/www.esplac.cat\/#website","url":"https:\/\/www.esplac.cat\/","name":"Esplac","description":"Esplais Catalans","publisher":{"@id":"https:\/\/www.esplac.cat\/#organization"},"potentialAction":[{"@type":"SearchAction","target":{"@type":"EntryPoint","urlTemplate":"https:\/\/www.esplac.cat\/?s={search_term_string}"},"query-input":{"@type":"PropertyValueSpecification","valueRequired":true,"valueName":"search_term_string"}}],"inLanguage":"es"},{"@type":"Organization","@id":"https:\/\/www.esplac.cat\/#organization","name":"Esplac","url":"https:\/\/www.esplac.cat\/","logo":{"@type":"ImageObject","inLanguage":"es","@id":"https:\/\/www.esplac.cat\/#\/schema\/logo\/image\/","url":"https:\/\/www.esplac.cat\/wp-content\/uploads\/2019\/08\/logox2.png","contentUrl":"https:\/\/www.esplac.cat\/wp-content\/uploads\/2019\/08\/logox2.png","width":600,"height":295,"caption":"Esplac"},"image":{"@id":"https:\/\/www.esplac.cat\/#\/schema\/logo\/image\/"}},{"@type":"Person","@id":"https:\/\/www.esplac.cat\/#\/schema\/person\/908383cf240be18b68f8855d0583faca","name":"Comunicaci\u00f3 Esplac","image":{"@type":"ImageObject","inLanguage":"es","@id":"https:\/\/secure.gravatar.com\/avatar\/7a4cf8feb412a76ea4a740ca02d95b06b2907b5a6c648c2dd0a1082a093c3141?s=96&d=mm&r=g","url":"https:\/\/secure.gravatar.com\/avatar\/7a4cf8feb412a76ea4a740ca02d95b06b2907b5a6c648c2dd0a1082a093c3141?s=96&d=mm&r=g","contentUrl":"https:\/\/secure.gravatar.com\/avatar\/7a4cf8feb412a76ea4a740ca02d95b06b2907b5a6c648c2dd0a1082a093c3141?s=96&d=mm&r=g","caption":"Comunicaci\u00f3 Esplac"}}]}},"_links":{"self":[{"href":"https:\/\/www.esplac.cat\/es\/wp-json\/wp\/v2\/posts\/42087","targetHints":{"allow":["GET"]}}],"collection":[{"href":"https:\/\/www.esplac.cat\/es\/wp-json\/wp\/v2\/posts"}],"about":[{"href":"https:\/\/www.esplac.cat\/es\/wp-json\/wp\/v2\/types\/post"}],"author":[{"embeddable":true,"href":"https:\/\/www.esplac.cat\/es\/wp-json\/wp\/v2\/users\/3"}],"replies":[{"embeddable":true,"href":"https:\/\/www.esplac.cat\/es\/wp-json\/wp\/v2\/comments?post=42087"}],"version-history":[{"count":0,"href":"https:\/\/www.esplac.cat\/es\/wp-json\/wp\/v2\/posts\/42087\/revisions"}],"wp:featuredmedia":[{"embeddable":true,"href":"https:\/\/www.esplac.cat\/es\/wp-json\/wp\/v2\/media\/42107"}],"wp:attachment":[{"href":"https:\/\/www.esplac.cat\/es\/wp-json\/wp\/v2\/media?parent=42087"}],"wp:term":[{"taxonomy":"category","embeddable":true,"href":"https:\/\/www.esplac.cat\/es\/wp-json\/wp\/v2\/categories?post=42087"},{"taxonomy":"post_tag","embeddable":true,"href":"https:\/\/www.esplac.cat\/es\/wp-json\/wp\/v2\/tags?post=42087"}],"curies":[{"name":"wp","href":"https:\/\/api.w.org\/{rel}","templated":true}]}}